{"id":56901,"date":"2025-07-21T19:13:26","date_gmt":"2025-07-21T17:13:26","guid":{"rendered":"https:\/\/www.apfelpatient.de\/?p=56901"},"modified":"2025-10-14T15:56:44","modified_gmt":"2025-10-14T13:56:44","slug":"ted-lasso-season-4-production-officially-started","status":"publish","type":"post","link":"https:\/\/www.apfelpatient.de\/en\/news\/ted-lasso-staffel-4-produktion-offiziell-gestartet","title":{"rendered":"Ted Lasso Season 4: Production officially starts"},"content":{"rendered":"<p class=\"has-drop-cap\"><strong>Apple TV+ has landed an international success with the series Ted Lasso. Despite an ending that many perceived as a conclusion, the story continues. Apple has confirmed that production on the fourth season has begun. At the same time, a first image was released, offering a glimpse of familiar characters.<\/strong><\/p>\n\n\n\n<p>Ted Lasso has been Apple TV+&#039;s biggest hit in recent years. The series about an American football coach who takes over a British soccer team quickly became the platform&#039;s flagship show. The third season concluded with Ted&#039;s return to the US. Now it&#039;s official: Season 4 is in the works. The first image has just been released.<\/p>\n\n\n\n<h4 class=\"wp-block-heading\" id=\"h-produktion-offiziell-gestartet\">Production officially started<\/h4>\n\n\n\n<p>On July 21, 2025, Apple CEO Tim Cook posted the first image of the fourth season of Ted Lasso on X (formerly Twitter). This included the information that filming had officially begun. The image shows familiar characters from the previous cast. Whether the scene depicted represents the actual beginning of the season is unclear. It&#039;s common practice in series production to film out of chronological order. All that is clear is that some key characters are returning.<\/p>\n\n\n\n<h4 class=\"wp-block-heading\" id=\"h-staffel-4-beginnt-in-den-usa-spielt-aber-wahrscheinlich-wieder-in-london\">Season 4 begins in the US, but is likely to be set in London again<\/h4>\n\n\n\n<p>The end of season 3 showed Ted returning to the USA. The new season will likely pick up there. Filming is currently also taking place in the USA. Nevertheless, London is expected to be a central setting again. Most of the previous action surrounding AFC Richmond took place there.<\/p>\n\n\n\n<figure class=\"wp-block-embed is-type-rich is-provider-twitter wp-block-embed-twitter\"><div class=\"wp-block-embed__wrapper\">\n <div class=\"brlbs-cmpnt-container brlbs-cmpnt-content-blocker brlbs-cmpnt-with-individual-styles\" data-borlabs-cookie-content-blocker-id=\"x-alias-twitter-content-blocker\" data-borlabs-cookie-content=\"PGJsb2NrcXVvdGUgY2xhc3M9InR3aXR0ZXItdHdlZXQiIGRhdGEtd2lkdGg9IjUwMCIgZGF0YS1kbnQ9InRydWUiPjxwIGxhbmc9ImVuIiBkaXI9Imx0ciI+RnJvbSBiaXNjdWl0cyB0byBCQlE6IFRlZCBMYXNzbyBTZWFzb24gNCBraWNrcyBvZmYgcHJvZHVjdGlvbiBpbiBLYW5zYXMgQ2l0eSEg4pq977iPIDxhIGhyZWY9Imh0dHBzOi8vdC5jby9VREtnWHF3NjhkIj5waWMudHdpdHRlci5jb20vVURLZ1hxdzY4ZDwvYT48L3A+Jm1kYXNoOyBUaW0gQ29vayAoQHRpbV9jb29rKSA8YSBocmVmPSJodHRwczovL3R3aXR0ZXIuY29tL3RpbV9jb29rL3N0YXR1cy8xOTQ3MzM3MDIyMjQwMTA4ODIzP3JlZl9zcmM9dHdzcmMlNUV0ZnciPkp1bHkgMjEsIDIwMjU8L2E+PC9ibG9ja3F1b3RlPjxzY3JpcHQgYXN5bmMgc3JjPSJodHRwczovL3BsYXRmb3JtLnR3aXR0ZXIuY29tL3dpZGdldHMuanMiIGNoYXJzZXQ9InV0Zi04Ij48L3NjcmlwdD4=\"><div class=\"brlbs-cmpnt-cb-preset-b brlbs-cmpnt-cb-x\"> <div class=\"brlbs-cmpnt-cb-thumbnail\" style=\"background-image: url('https:\/\/www.apfelpatient.de\/wp-content\/uploads\/borlabs-cookie\/1\/cb-twitter-main.png')\"><\/div> <div class=\"brlbs-cmpnt-cb-main\"> <div class=\"brlbs-cmpnt-cb-content\"> <p class=\"brlbs-cmpnt-cb-description\">You are currently viewing a placeholder content from <strong>X<\/strong>. To access the actual content, click the button below. Please note that doing so will share data with third-party providers.<\/p> <a class=\"brlbs-cmpnt-cb-provider-toggle\" href=\"#\" data-borlabs-cookie-show-provider-information role=\"button\">More Information<\/a> <\/div> <div class=\"brlbs-cmpnt-cb-buttons\"> <a class=\"brlbs-cmpnt-cb-btn\" href=\"#\" data-borlabs-cookie-unblock role=\"button\">Unblock content<\/a> <a class=\"brlbs-cmpnt-cb-btn\" href=\"#\" data-borlabs-cookie-accept-service role=\"button\" style=\"display: inherit\">Accept required service and unblock content<\/a> <\/div> <\/div> <\/div><\/div>\n<\/div><\/figure>\n\n\n\n<h4 class=\"wp-block-heading\" id=\"h-bedeutung-fur-apple-tv\">Significance for Apple TV+<\/h4>\n\n\n\n<p>Ted Lasso remains a key series for Apple TV+. Hardly any other production has garnered as much attention on the platform. Ted Lasso has won multiple awards, including several Emmys. The streaming service currently costs \u20ac9.99 per month. In addition to Ted Lasso, other series such as Severance, The Morning Show, Silo, and Shrinking are also part of the offering.<\/p>\n\n\n\n<h3 class=\"wp-block-heading\" id=\"h-ted-lasso-geht-weiter-produktion-startet-in-den-usa\">Ted Lasso continues \u2013 production starts in the USA<\/h3>\n\n\n\n<p class=\"translation-block\">Production on the fourth season of Ted Lasso has officially begun. The first released image shows that several familiar characters are returning. Filming will initially take place in the US, but part of the plot is expected to be set in London again. A concrete release date for the new episodes has not yet been announced. However, the official confirmation and the released image clearly show that the series will continue. The best products for you: Our <a href=\"https:\/\/www.amazon.de\/shop\/apfelpatientofficial\" target=\"_blank\" rel=\"noreferrer noopener follow\" data-wpel-link=\"exclude\">Amazon Storefront<\/a> offers a wide selection of accessories, including those for HomeKit. (Image: Apple)<\/p>\n\n\n\n<ul class=\"wp-block-list\">\n<li><a href=\"https:\/\/www.apfelpatient.de\/en\/news\/when-will-severance-season-3-be-released-on-apple-tv\">When will Severance Season 3 be released on Apple TV+?<\/a><\/li>\n\n\n\n<li><a href=\"https:\/\/www.apfelpatient.de\/en\/news\/apple-tv-will-crack-the-top-5-streaming-series-in-2025\">Apple TV+ cracks the top 5 streaming series in 2025<\/a><\/li>\n\n\n\n<li><a href=\"https:\/\/www.apfelpatient.de\/en\/rumors\/apple-offers-150-million-for-formula-1-rights\">Apple offers $150 million for Formula 1 rights<\/a><\/li>\n\n\n\n<li><a href=\"https:\/\/www.apfelpatient.de\/en\/news\/apple-tv-officially-confirms-season-7-of-slow-horses\">Apple TV+ officially confirms season 7 of Slow Horses<\/a><\/li>\n\n\n\n<li><a href=\"https:\/\/www.apfelpatient.de\/en\/news\/apple-tv-extends-murderbot-season-2-officially-confirmed\">Apple TV+ renews Murderbot \u2013 Season 2 officially confirmed<\/a><\/li>\n\n\n\n<li><a href=\"https:\/\/www.apfelpatient.de\/en\/generally\/apple-tv-these-are-the-highlights-in-july-2025\">Apple TV+: These are the highlights in July 2025<\/a><\/li>\n\n\n\n<li><a href=\"https:\/\/www.apfelpatient.de\/en\/news\/apple-tv-tim-cook-explains-the-real-goal-of-the-service\">Apple TV+: Tim Cook explains the real goal of the service<\/a><\/li>\n\n\n\n<li><a href=\"https:\/\/www.apfelpatient.de\/en\/generally\/apple-tv-highlights-in-june-2025-whats-coming-now\">Apple TV+ Highlights in June 2025 \u2013 what\u2019s coming now<\/a><\/li>\n\n\n\n<li><a href=\"https:\/\/www.apfelpatient.de\/en\/generally\/why-apple-tv-4k-beats-everyone-when-it-comes-to-data-protection\">Why Apple TV 4K beats everyone when it comes to data protection<\/a><\/li>\n\n\n\n<li><a href=\"https:\/\/www.apfelpatient.de\/en\/news\/ben-stiller-is-planning-spinoffs-in-the-severance-universe\">Ben Stiller is planning spinoffs in the Severance universe<\/a><\/li>\n\n\n\n<li><a href=\"https:\/\/www.apfelpatient.de\/en\/news\/ted-lasso-season-4-starts-filming-in-july\">Ted Lasso: Season 4 starts filming in July<\/a><\/li>\n\n\n\n<li><a href=\"https:\/\/www.apfelpatient.de\/en\/news\/apple-tv-brings-five-part-documentary-about-martin-scorsese\">Apple TV+ brings five-part documentary about Martin Scorsese<\/a><\/li>\n\n\n\n<li><a href=\"https:\/\/www.apfelpatient.de\/en\/generally\/apple-tv-all-series-and-film-highlights-in-may-2025\">Apple TV+: All series and film highlights in May 2025<\/a><\/li>\n\n\n\n<li><a href=\"https:\/\/www.apfelpatient.de\/en\/news\/apple-tv-release-date-for-slow-horses-season-5-is-set\">Apple TV+: Release date for \u201cSlow Horses\u201d Season 5 is set<\/a><\/li>\n\n\n\n<li><a href=\"https:\/\/www.apfelpatient.de\/en\/news\/apple-tv-presents-the-world-of-star-chefs-with-gordon-ramsay\">Apple TV+ shows the world of star chefs with Gordon Ramsay<\/a><\/li>\n\n\n\n<li><a href=\"https:\/\/www.apfelpatient.de\/en\/news\/apple-tv-launch-date-and-content-of-the-morning-show-s4\">Apple TV+: Launch date and content of \u201cThe Morning Show\u201d S4<\/a><\/li>\n<\/ul>\n\n\n\n<h6 class=\"wp-block-heading translation-block\" id=\"h-kennt-ihr-schon-unsere-amazon-storefront-dort-findet-ihr-eine-handverlesene-auswahl-von-diversen-produkten-f-r-euer-iphone-und-co-viel-spa-beim-st-bern\"><em>Have you already visited our Amazon Storefront? There you&#039;ll find a hand-picked selection of various products for your iPhone and other devices \u2013 <span class=\"has-inline-color has-vivid-red-color\"><a href=\"https:\/\/www.amazon.de\/shop\/apfelpatientofficial\" class=\"ek-link\" data-wpel-link=\"exclude\" rel=\"follow noopener\" target=\"_self\"><span style=\"text-decoration: underline\" class=\"ek-underline\">enjoy browsing<\/span><\/a> !<\/span><\/em><\/h6>\n\n\n\n<h6 class=\"wp-block-heading translation-block\" id=\"h-der-beitrag-enthalt-partnerlinks\">This post contains <a data-type=\"URL\" data-id=\"https:\/\/www.apfelpatient.de\/partnerprogramm\" href=\"https:\/\/www.apfelpatient.de\/en\/partner-program\" data-wpel-link=\"internal\" target=\"_self\">affiliate links<\/a>.<\/h6>","protected":false},"excerpt":{"rendered":"<p>Apple TV+ begins production on Ted Lasso Season 4. First details and a new picture give a glimpse into the upcoming season.<\/p>","protected":false},"author":2,"featured_media":56899,"comment_status":"closed","ping_status":"closed","sticky":false,"template":"","format":"standard","meta":{"jnews-multi-image_gallery":[],"jnews_single_post":{"format":"standard","override":[{"template":"2","parallax":"1","fullscreen":"1","layout":"right-sidebar","sidebar":"default-sidebar","second_sidebar":"default-sidebar","sticky_sidebar":"1","share_position":"top","share_float_style":"share-monocrhome","show_featured":"1","show_post_meta":"1","show_post_author":"1","show_post_author_image":"1","show_post_date":"1","post_date_format":"default","post_date_format_custom":"Y\/m\/d","show_post_reading_time":"0","post_reading_time_wpm":"300","post_calculate_word_method":"str_word_count","show_zoom_button":"0","zoom_button_out_step":"2","zoom_button_in_step":"3","show_post_tag":"1","show_prev_next_post":"1","show_popup_post":"1","number_popup_post":"1","show_author_box":"0","show_post_related":"0","show_inline_post_related":"0"}],"image_override":[{"single_post_thumbnail_size":"crop-500","single_post_gallery_size":"crop-500"}],"trending_post_position":"meta","trending_post_label":"Trending","sponsored_post_label":"Sponsored by","disable_ad":"0"},"jnews_primary_category":{"id":"9"},"footnotes":""},"categories":[9],"tags":[34,156,248],"class_list":["post-56901","post","type-post","status-publish","format-standard","has-post-thumbnail","hentry","category-news","tag-apple-dienste","tag-apple-tv","tag-apple-tv-plus"],"yoast_head":"<!-- This site is optimized with the Yoast SEO Premium plugin v27.4 (Yoast SEO v27.4) - https:\/\/yoast.com\/product\/yoast-seo-premium-wordpress\/ -->\n<title>Ted Lasso Staffel 4: Produktion offiziell gestartet Apfelpatient<\/title>\n<meta name=\"description\" content=\"Apple TV+ beginnt mit der Produktion von Ted Lasso Staffel 4. Erste Details und ein neues Bild geben einen Einblick in die kommende Staffel.\" \/>\n<meta name=\"robots\" content=\"index, follow, max-snippet:-1, max-image-preview:large, max-video-preview:-1\" \/>\n<link rel=\"canonical\" href=\"https:\/\/www.apfelpatient.de\/en\/news\/ted-lasso-season-4-production-officially-started\" \/>\n<meta property=\"og:locale\" content=\"en_US\" \/>\n<meta property=\"og:type\" content=\"article\" \/>\n<meta property=\"og:title\" content=\"Ted Lasso Staffel 4: Produktion offiziell gestartet\" \/>\n<meta property=\"og:description\" content=\"Apple TV+ beginnt mit der Produktion von Ted Lasso Staffel 4. Erste Details und ein neues Bild geben einen Einblick in die kommende Staffel.\" \/>\n<meta property=\"og:url\" content=\"https:\/\/www.apfelpatient.de\/en\/news\/ted-lasso-season-4-production-officially-started\" \/>\n<meta property=\"og:site_name\" content=\"Apfelpatient\" \/>\n<meta property=\"article:publisher\" content=\"https:\/\/www.facebook.com\/apfelpatientOfficial\" \/>\n<meta property=\"article:author\" content=\"https:\/\/www.facebook.com\/apfelpatientOfficial\" \/>\n<meta property=\"article:published_time\" content=\"2025-07-21T17:13:26+00:00\" \/>\n<meta property=\"article:modified_time\" content=\"2025-10-14T13:56:44+00:00\" \/>\n<meta property=\"og:image\" content=\"https:\/\/www.apfelpatient.de\/wp-content\/uploads\/2025\/07\/IMG_1126.jpg\" \/>\n\t<meta property=\"og:image:width\" content=\"1600\" \/>\n\t<meta property=\"og:image:height\" content=\"900\" \/>\n\t<meta property=\"og:image:type\" content=\"image\/jpeg\" \/>\n<meta name=\"author\" content=\"Milan\" \/>\n<meta name=\"twitter:card\" content=\"summary_large_image\" \/>\n<meta name=\"twitter:description\" content=\"Apple TV+ beginnt mit der Produktion von Ted Lasso Staffel 4. Erste Details und ein neues Bild geben einen Einblick in die kommende Staffel.\" \/>\n<meta name=\"twitter:label1\" content=\"Written by\" \/>\n\t<meta name=\"twitter:data1\" content=\"Milan\" \/>\n\t<meta name=\"twitter:label2\" content=\"Est. reading time\" \/>\n\t<meta name=\"twitter:data2\" content=\"4 minutes\" \/>\n<script type=\"application\/ld+json\" class=\"yoast-schema-graph\">{\"@context\":\"https:\\\/\\\/schema.org\",\"@graph\":[{\"@type\":\"NewsArticle\",\"@id\":\"https:\\\/\\\/www.apfelpatient.de\\\/news\\\/ted-lasso-staffel-4-produktion-offiziell-gestartet#article\",\"isPartOf\":{\"@id\":\"https:\\\/\\\/www.apfelpatient.de\\\/news\\\/ted-lasso-staffel-4-produktion-offiziell-gestartet\"},\"author\":{\"@type\":\"Organization\",\"@id\":\"https:\\\/\\\/www.apfelpatient.de\\\/en\\\/#organization\",\"name\":\"Apfelpatient\",\"url\":\"https:\\\/\\\/www.apfelpatient.de\\\/en\\\/\"},\"headline\":\"Ted Lasso Staffel 4: Produktion offiziell gestartet\",\"datePublished\":\"2025-07-21T17:13:26+00:00\",\"dateModified\":\"2025-10-14T13:56:44+00:00\",\"mainEntityOfPage\":{\"@id\":\"https:\\\/\\\/www.apfelpatient.de\\\/news\\\/ted-lasso-staffel-4-produktion-offiziell-gestartet\"},\"wordCount\":576,\"publisher\":{\"@type\":\"Organization\",\"@id\":\"https:\\\/\\\/www.apfelpatient.de\\\/en\\\/#organization\",\"name\":\"Apfelpatient\",\"url\":\"https:\\\/\\\/www.apfelpatient.de\\\/en\\\/\"},\"image\":{\"@id\":\"https:\\\/\\\/www.apfelpatient.de\\\/news\\\/ted-lasso-staffel-4-produktion-offiziell-gestartet#primaryimage\"},\"thumbnailUrl\":\"https:\\\/\\\/www.apfelpatient.de\\\/wp-content\\\/uploads\\\/2025\\\/07\\\/IMG_1126.jpg\",\"keywords\":[\"Apple Dienste\",\"Apple TV\",\"Apple TV Plus\"],\"articleSection\":\"News\",\"inLanguage\":\"en-US\",\"copyrightYear\":\"2025\",\"copyrightHolder\":{\"@id\":\"https:\\\/\\\/www.apfelpatient.de\\\/en\\\/#organization\"}},{\"@type\":\"WebPage\",\"@id\":\"https:\\\/\\\/www.apfelpatient.de\\\/news\\\/ted-lasso-staffel-4-produktion-offiziell-gestartet\",\"url\":\"https:\\\/\\\/www.apfelpatient.de\\\/news\\\/ted-lasso-staffel-4-produktion-offiziell-gestartet\",\"name\":\"Ted Lasso Staffel 4: Produktion offiziell gestartet Apfelpatient\",\"isPartOf\":{\"@id\":\"https:\\\/\\\/www.apfelpatient.de\\\/#website\"},\"primaryImageOfPage\":{\"@id\":\"https:\\\/\\\/www.apfelpatient.de\\\/news\\\/ted-lasso-staffel-4-produktion-offiziell-gestartet#primaryimage\"},\"image\":{\"@id\":\"https:\\\/\\\/www.apfelpatient.de\\\/news\\\/ted-lasso-staffel-4-produktion-offiziell-gestartet#primaryimage\"},\"thumbnailUrl\":\"https:\\\/\\\/www.apfelpatient.de\\\/wp-content\\\/uploads\\\/2025\\\/07\\\/IMG_1126.jpg\",\"datePublished\":\"2025-07-21T17:13:26+00:00\",\"dateModified\":\"2025-10-14T13:56:44+00:00\",\"description\":\"Apple TV+ beginnt mit der Produktion von Ted Lasso Staffel 4. Erste Details und ein neues Bild geben einen Einblick in die kommende Staffel.\",\"breadcrumb\":{\"@id\":\"https:\\\/\\\/www.apfelpatient.de\\\/news\\\/ted-lasso-staffel-4-produktion-offiziell-gestartet#breadcrumb\"},\"inLanguage\":\"en-US\",\"potentialAction\":[{\"@type\":\"ReadAction\",\"target\":[\"https:\\\/\\\/www.apfelpatient.de\\\/news\\\/ted-lasso-staffel-4-produktion-offiziell-gestartet\"]}]},{\"@type\":\"ImageObject\",\"inLanguage\":\"en-US\",\"@id\":\"https:\\\/\\\/www.apfelpatient.de\\\/news\\\/ted-lasso-staffel-4-produktion-offiziell-gestartet#primaryimage\",\"url\":\"https:\\\/\\\/www.apfelpatient.de\\\/wp-content\\\/uploads\\\/2025\\\/07\\\/IMG_1126.jpg\",\"contentUrl\":\"https:\\\/\\\/www.apfelpatient.de\\\/wp-content\\\/uploads\\\/2025\\\/07\\\/IMG_1126.jpg\",\"width\":1600,\"height\":900,\"caption\":\"Bild: Apple\"},{\"@type\":\"BreadcrumbList\",\"@id\":\"https:\\\/\\\/www.apfelpatient.de\\\/news\\\/ted-lasso-staffel-4-produktion-offiziell-gestartet#breadcrumb\",\"itemListElement\":[{\"@type\":\"ListItem\",\"position\":1,\"name\":\"Startseite\",\"item\":\"https:\\\/\\\/www.apfelpatient.de\\\/\"},{\"@type\":\"ListItem\",\"position\":2,\"name\":\"Ted Lasso Staffel 4: Produktion offiziell gestartet\"}]},{\"@type\":\"WebSite\",\"@id\":\"https:\\\/\\\/www.apfelpatient.de\\\/#website\",\"url\":\"https:\\\/\\\/www.apfelpatient.de\\\/\",\"name\":\"Apfelpatient\",\"description\":\"Alles rund um Apple!\",\"publisher\":{\"@type\":\"Organization\",\"@id\":\"https:\\\/\\\/www.apfelpatient.de\\\/en\\\/#organization\",\"name\":\"Apfelpatient\",\"url\":\"https:\\\/\\\/www.apfelpatient.de\\\/en\\\/\"},\"alternateName\":\"Apfelpatient\",\"potentialAction\":[{\"@type\":\"SearchAction\",\"target\":{\"@type\":\"EntryPoint\",\"urlTemplate\":\"https:\\\/\\\/www.apfelpatient.de\\\/?s={search_term_string}\"},\"query-input\":{\"@type\":\"PropertyValueSpecification\",\"valueRequired\":true,\"valueName\":\"search_term_string\"}}],\"inLanguage\":\"en-US\"},{\"@type\":[\"Person\",\"Organization\"],\"@id\":\"https:\\\/\\\/www.apfelpatient.de\\\/#\\\/schema\\\/person\\\/7dc56ad6c8e9824b76d2c08d4c140e13\",\"name\":\"Milan\",\"logo\":{\"@id\":\"https:\\\/\\\/www.apfelpatient.de\\\/#\\\/schema\\\/person\\\/image\\\/\"},\"description\":\"Hallo und herzlich willkommen auf meinem Technik-Blog! Als gro\u00dfer Apple-Fan berichte ich hier \u00fcber alles, was mit Apple zu tun hat: von den neuesten News und spannenden Ger\u00fcchten \u00fcber hilfreiche Tipps und Tricks bis hin zu ausf\u00fchrlichen Produkttests. Wenn du genauso technikbegeistert bist wie ich, bist du hier genau richtig!\",\"sameAs\":[\"https:\\\/\\\/www.facebook.com\\\/apfelpatientOfficial\",\"https:\\\/\\\/www.linkedin.com\\\/in\\\/milan-jovicic-42aa0231b\"],\"url\":\"https:\\\/\\\/www.apfelpatient.de\\\/en\\\/author\\\/apfeladmin\"}]}<\/script>\n<!-- \/ Yoast SEO Premium plugin. -->","yoast_head_json":{"title":"Ted Lasso Season 4: Production officially starts Apfelpatient","description":"Apple TV+ begins production on Ted Lasso Season 4. First details and a new picture give a glimpse into the upcoming season.","robots":{"index":"index","follow":"follow","max-snippet":"max-snippet:-1","max-image-preview":"max-image-preview:large","max-video-preview":"max-video-preview:-1"},"canonical":"https:\/\/www.apfelpatient.de\/en\/news\/ted-lasso-season-4-production-officially-started","og_locale":"en_US","og_type":"article","og_title":"Ted Lasso Staffel 4: Produktion offiziell gestartet","og_description":"Apple TV+ beginnt mit der Produktion von Ted Lasso Staffel 4. Erste Details und ein neues Bild geben einen Einblick in die kommende Staffel.","og_url":"https:\/\/www.apfelpatient.de\/en\/news\/ted-lasso-season-4-production-officially-started","og_site_name":"Apfelpatient","article_publisher":"https:\/\/www.facebook.com\/apfelpatientOfficial","article_author":"https:\/\/www.facebook.com\/apfelpatientOfficial","article_published_time":"2025-07-21T17:13:26+00:00","article_modified_time":"2025-10-14T13:56:44+00:00","og_image":[{"width":1600,"height":900,"url":"https:\/\/www.apfelpatient.de\/wp-content\/uploads\/2025\/07\/IMG_1126.jpg","type":"image\/jpeg"}],"author":"Milan","twitter_card":"summary_large_image","twitter_description":"Apple TV+ beginnt mit der Produktion von Ted Lasso Staffel 4. Erste Details und ein neues Bild geben einen Einblick in die kommende Staffel.","twitter_misc":{"Written by":"Milan","Est. reading time":"4 minutes"},"schema":{"@context":"https:\/\/schema.org","@graph":[{"@type":"NewsArticle","@id":"https:\/\/www.apfelpatient.de\/news\/ted-lasso-staffel-4-produktion-offiziell-gestartet#article","isPartOf":{"@id":"https:\/\/www.apfelpatient.de\/news\/ted-lasso-staffel-4-produktion-offiziell-gestartet"},"author":{"@type":"Organization","@id":"https:\/\/www.apfelpatient.de\/en\/#organization","name":"Apfelpatient","url":"https:\/\/www.apfelpatient.de\/en\/"},"headline":"Ted Lasso Staffel 4: Produktion offiziell gestartet","datePublished":"2025-07-21T17:13:26+00:00","dateModified":"2025-10-14T13:56:44+00:00","mainEntityOfPage":{"@id":"https:\/\/www.apfelpatient.de\/news\/ted-lasso-staffel-4-produktion-offiziell-gestartet"},"wordCount":576,"publisher":{"@type":"Organization","@id":"https:\/\/www.apfelpatient.de\/en\/#organization","name":"Apfelpatient","url":"https:\/\/www.apfelpatient.de\/en\/"},"image":{"@id":"https:\/\/www.apfelpatient.de\/news\/ted-lasso-staffel-4-produktion-offiziell-gestartet#primaryimage"},"thumbnailUrl":"https:\/\/www.apfelpatient.de\/wp-content\/uploads\/2025\/07\/IMG_1126.jpg","keywords":["Apple Dienste","Apple TV","Apple TV Plus"],"articleSection":"News","inLanguage":"en-US","copyrightYear":"2025","copyrightHolder":{"@id":"https:\/\/www.apfelpatient.de\/en\/#organization"}},{"@type":"WebPage","@id":"https:\/\/www.apfelpatient.de\/news\/ted-lasso-staffel-4-produktion-offiziell-gestartet","url":"https:\/\/www.apfelpatient.de\/news\/ted-lasso-staffel-4-produktion-offiziell-gestartet","name":"Ted Lasso Season 4: Production officially starts Apfelpatient","isPartOf":{"@id":"https:\/\/www.apfelpatient.de\/#website"},"primaryImageOfPage":{"@id":"https:\/\/www.apfelpatient.de\/news\/ted-lasso-staffel-4-produktion-offiziell-gestartet#primaryimage"},"image":{"@id":"https:\/\/www.apfelpatient.de\/news\/ted-lasso-staffel-4-produktion-offiziell-gestartet#primaryimage"},"thumbnailUrl":"https:\/\/www.apfelpatient.de\/wp-content\/uploads\/2025\/07\/IMG_1126.jpg","datePublished":"2025-07-21T17:13:26+00:00","dateModified":"2025-10-14T13:56:44+00:00","description":"Apple TV+ begins production on Ted Lasso Season 4. First details and a new picture give a glimpse into the upcoming season.","breadcrumb":{"@id":"https:\/\/www.apfelpatient.de\/news\/ted-lasso-staffel-4-produktion-offiziell-gestartet#breadcrumb"},"inLanguage":"en-US","potentialAction":[{"@type":"ReadAction","target":["https:\/\/www.apfelpatient.de\/news\/ted-lasso-staffel-4-produktion-offiziell-gestartet"]}]},{"@type":"ImageObject","inLanguage":"en-US","@id":"https:\/\/www.apfelpatient.de\/news\/ted-lasso-staffel-4-produktion-offiziell-gestartet#primaryimage","url":"https:\/\/www.apfelpatient.de\/wp-content\/uploads\/2025\/07\/IMG_1126.jpg","contentUrl":"https:\/\/www.apfelpatient.de\/wp-content\/uploads\/2025\/07\/IMG_1126.jpg","width":1600,"height":900,"caption":"Bild: Apple"},{"@type":"BreadcrumbList","@id":"https:\/\/www.apfelpatient.de\/news\/ted-lasso-staffel-4-produktion-offiziell-gestartet#breadcrumb","itemListElement":[{"@type":"ListItem","position":1,"name":"Startseite","item":"https:\/\/www.apfelpatient.de\/"},{"@type":"ListItem","position":2,"name":"Ted Lasso Staffel 4: Produktion offiziell gestartet"}]},{"@type":"WebSite","@id":"https:\/\/www.apfelpatient.de\/#website","url":"https:\/\/www.apfelpatient.de\/","name":"apple patient","description":"Everything about Apple!","publisher":{"@type":"Organization","@id":"https:\/\/www.apfelpatient.de\/en\/#organization","name":"Apfelpatient","url":"https:\/\/www.apfelpatient.de\/en\/"},"alternateName":"Apfelpatient","potentialAction":[{"@type":"SearchAction","target":{"@type":"EntryPoint","urlTemplate":"https:\/\/www.apfelpatient.de\/?s={search_term_string}"},"query-input":{"@type":"PropertyValueSpecification","valueRequired":true,"valueName":"search_term_string"}}],"inLanguage":"en-US"},{"@type":["Person","Organization"],"@id":"https:\/\/www.apfelpatient.de\/#\/schema\/person\/7dc56ad6c8e9824b76d2c08d4c140e13","name":"Milan","logo":{"@id":"https:\/\/www.apfelpatient.de\/#\/schema\/person\/image\/"},"description":"Hello and welcome to my technology blog! As a big Apple fan, I report on everything to do with Apple: from the latest news and exciting rumors to helpful tips and tricks and detailed product tests. If you are as enthusiastic about technology as I am, you have come to the right place!","sameAs":["https:\/\/www.facebook.com\/apfelpatientOfficial","https:\/\/www.linkedin.com\/in\/milan-jovicic-42aa0231b"],"url":"https:\/\/www.apfelpatient.de\/en\/author\/apfeladmin"}]}},"_links":{"self":[{"href":"https:\/\/www.apfelpatient.de\/en\/wp-json\/wp\/v2\/posts\/56901","targetHints":{"allow":["GET"]}}],"collection":[{"href":"https:\/\/www.apfelpatient.de\/en\/wp-json\/wp\/v2\/posts"}],"about":[{"href":"https:\/\/www.apfelpatient.de\/en\/wp-json\/wp\/v2\/types\/post"}],"author":[{"embeddable":true,"href":"https:\/\/www.apfelpatient.de\/en\/wp-json\/wp\/v2\/users\/2"}],"replies":[{"embeddable":true,"href":"https:\/\/www.apfelpatient.de\/en\/wp-json\/wp\/v2\/comments?post=56901"}],"version-history":[{"count":0,"href":"https:\/\/www.apfelpatient.de\/en\/wp-json\/wp\/v2\/posts\/56901\/revisions"}],"wp:featuredmedia":[{"embeddable":true,"href":"https:\/\/www.apfelpatient.de\/en\/wp-json\/wp\/v2\/media\/56899"}],"wp:attachment":[{"href":"https:\/\/www.apfelpatient.de\/en\/wp-json\/wp\/v2\/media?parent=56901"}],"wp:term":[{"taxonomy":"category","embeddable":true,"href":"https:\/\/www.apfelpatient.de\/en\/wp-json\/wp\/v2\/categories?post=56901"},{"taxonomy":"post_tag","embeddable":true,"href":"https:\/\/www.apfelpatient.de\/en\/wp-json\/wp\/v2\/tags?post=56901"}],"curies":[{"name":"wp","href":"https:\/\/api.w.org\/{rel}","templated":true}]}}