{"id":56896,"date":"2025-07-21T16:36:36","date_gmt":"2025-07-21T14:36:36","guid":{"rendered":"https:\/\/www.apfelpatient.de\/?p=56896"},"modified":"2025-07-21T16:36:40","modified_gmt":"2025-07-21T14:36:40","slug":"ios-27-apple-prepares-for-the-iphone-fold","status":"publish","type":"post","link":"https:\/\/www.apfelpatient.de\/en\/rumors\/ios-27-apple-bereitet-sich-auf-das-iphone-fold-vor","title":{"rendered":"iOS 27: Apple prepares for the iPhone Fold"},"content":{"rendered":"<p class=\"has-drop-cap\"><strong>iOS 27 is more than just the next annual update. With this version, Apple is setting the course for a new chapter in iPhone development. The focus isn&#039;t on further developing existing devices, but rather on preparing for a completely new format: the first foldable iPhone. The software is being specifically optimized for this new device, which is scheduled to be released by the end of 2026 at the earliest. This changes not only the hardware but also what iOS must be able to do.<\/strong><\/p>\n\n\n\n<p>Apple will soon begin development of iOS 27. According to Bloomberg&#039;s Mark Gurman, the focus will be on features specifically designed for a foldable iPhone. The device hasn&#039;t been officially announced yet, but internal preparations are in full swing. Apple is apparently planning a book-sized model that can be folded open \u2013 similar to devices Samsung has been offering for years. iOS 27 will be the first to support this new hardware class.<\/p>\n\n\n\n<h4 class=\"wp-block-heading\" id=\"h-ios-27-als-softwaregrundlage-fur-das-iphone-fold\">iOS 27 as the software basis for the iPhone Fold<\/h4>\n\n\n\n<p class=\"translation-block\">Gurman <a href=\"https:\/\/www.bloomberg.com\/news\/newsletters\/2025-07-20\/apple-s-2026-foldable-iphone-samsung-comparison-m5-ipad-pro-dual-front-cameras\" target=\"_blank\" rel=\"noreferrer noopener\" data-wpel-link=\"external\">reports<\/a> in his &quot;Power On&quot; newsletter that Apple is specifically prioritizing features with iOS 27 that are tailored to the upcoming foldable device. These include operation, user interface, and transitions that are specifically tailored to the larger internal display and the smaller external display. However, according to the report, traditional iPhones will not be disadvantaged. There are no plans for users of conventional iPhones to miss out on new UI features next year.<\/p>\n\n\n\n<h4 class=\"wp-block-heading\" id=\"h-iphone-fold-was-bisher-bekannt-ist\">iPhone Fold: What is known so far<\/h4>\n\n\n\n<p>The foldable iPhone, which Apple is currently developing internally, is expected to feature a roughly 7.8-inch main display on the inside and a 5.5-inch outer screen. This design is similar to devices like the Galaxy Z Fold, but will likely take a different approach in terms of materials and workmanship. A redesigned hinge made of titanium and stainless steel is intended to provide greater stability and significantly reduce the display crease, which is often critical in foldable devices. The goal is a durable device without the typical weaknesses of earlier foldable models.<\/p>\n\n\n\n<h4 class=\"wp-block-heading\" id=\"h-designentscheidung-buchformat-statt-klapphandy\">Design decision: book format instead of flip phone<\/h4>\n\n\n\n<p>According to Gurman, Apple chose a book-style format because it resonates better in the Chinese market than the folding design used in devices like the Galaxy Z Flip. China apparently plays a central role in the strategy. At the same time, Apple expects there to be demand for a foldable iPhone in the US as well\u2014especially among users who consciously avoid buying Android devices.<\/p>\n\n\n\n<h4 class=\"wp-block-heading\" id=\"h-touch-id-statt-face-id-aus-platzgrunden\">Touch ID instead of Face ID \u2013 for space reasons<\/h4>\n\n\n\n<p>Another detail concerns authentication. To save space in the device, Apple is apparently foregoing Face ID. Instead, it&#039;s using a Touch ID function integrated into the side power button. This solution is already familiar from some iPad models. It saves space and allows for a slimmer casing.<\/p>\n\n\n\n<h4 class=\"wp-block-heading\" id=\"h-kameras-und-preisrahmen\">Cameras and price ranges<\/h4>\n\n\n\n<p>There are also hints about the camera configuration. A dual camera with two 48-megapixel sensors is planned. In terms of price, the foldable iPhone is expected to be the most expensive iPhone model ever. Current estimates place the starting price at around $2,000. This clearly indicates that Apple is targeting a premium segment and early adopters who are willing to invest more for an innovative device.<\/p>\n\n\n\n<h4 class=\"wp-block-heading\" id=\"h-ios-27-mehr-als-ein-foldable-update\">iOS 27: More than a foldable update<\/h4>\n\n\n\n<p>Despite its clear focus on the foldable iPhone, iOS 27 remains a complete operating system for all supported iPhones. Classic models will continue to benefit from new features and improvements. Apple apparently plans to make the foldable features modular, so they only appear on devices that actually need them.<\/p>\n\n\n\n<ul class=\"wp-block-list\">\n<li><a href=\"https:\/\/www.apfelpatient.de\/en\/rumors\/iphone-fold-comes-late-but-with-typical-apple-plan\">iPhone Fold comes late \u2013 but with a typical Apple plan<\/a><\/li>\n<\/ul>\n\n\n\n<h3 class=\"wp-block-heading\" id=\"h-ios-27-ebnet-den-weg-fur-apples-foldable-zukunft\">iOS 27 paves the way for Apple&#039;s foldable future<\/h3>\n\n\n\n<p>iOS 27 marks Apple&#039;s entry into the foldable smartphone market. For the first time, the software is being designed to support a completely new device concept. The foldable iPhone, with a large internal display, a new hinge design, Touch ID in the side button, and high-end camera equipment, is scheduled for release in late 2026. It will be expensive, technically sophisticated, and aimed at a premium segment. At the same time, iOS 27 remains an update for all iPhone users\u2014just with an eye toward the future of the hardware. (Image: Shutterstock \/ ksmax)<\/p>\n\n\n\n<ul class=\"wp-block-list\">\n<li><a href=\"https:\/\/www.apfelpatient.de\/en\/rumors\/ios-26-public-beta-starts-soon-ios-27-already-in-planning\">iOS 26 Public Beta starts soon \u2013 iOS 27 already in the planning stages<\/a><\/li>\n\n\n\n<li><a href=\"https:\/\/www.apfelpatient.de\/en\/rumors\/m5-ipad-pro-rumors-apple-plans-second-camera-module\">M5 iPad Pro rumors: Apple plans second camera module<\/a><\/li>\n\n\n\n<li><a href=\"https:\/\/www.apfelpatient.de\/en\/rumors\/iphone-17-leak-apple-plans-battery-under-3000-mah\">iPhone 17 Leak: Apple plans battery under 3,000 mAh<\/a><\/li>\n<\/ul>\n\n\n\n<h6 class=\"wp-block-heading translation-block\" id=\"h-kennt-ihr-schon-unsere-amazon-storefront-dort-findet-ihr-eine-handverlesene-auswahl-von-diversen-produkten-f-r-euer-iphone-und-co-viel-spa-beim-st-bern\"><em>Have you already visited our Amazon Storefront? There you&#039;ll find a hand-picked selection of various products for your iPhone and other devices \u2013 <span class=\"has-inline-color has-vivid-red-color\"><a href=\"https:\/\/www.amazon.de\/shop\/apfelpatientofficial\" class=\"ek-link\" data-wpel-link=\"exclude\" rel=\"follow noopener\" target=\"_self\"><span style=\"text-decoration: underline\" class=\"ek-underline\">enjoy browsing<\/span><\/a> !<\/span><\/em><\/h6>\n\n\n\n<h6 class=\"wp-block-heading translation-block\" id=\"h-der-beitrag-enthalt-partnerlinks\">This post contains <a data-type=\"URL\" data-id=\"https:\/\/www.apfelpatient.de\/partnerprogramm\" href=\"https:\/\/www.apfelpatient.de\/en\/partner-program\" data-wpel-link=\"internal\" target=\"_self\">affiliate links<\/a>.<\/h6>","protected":false},"excerpt":{"rendered":"<p>Apple is planning the software launch for its first foldable iPhone with iOS 27. Find out all the details about features, design, and market launch now.<\/p>","protected":false},"author":2,"featured_media":56895,"comment_status":"closed","ping_status":"closed","sticky":false,"template":"","format":"standard","meta":{"jnews-multi-image_gallery":[],"jnews_single_post":{"format":"standard","override":[{"template":"2","parallax":"1","fullscreen":"1","layout":"right-sidebar","sidebar":"default-sidebar","second_sidebar":"default-sidebar","sticky_sidebar":"1","share_position":"top","share_float_style":"share-monocrhome","show_featured":"1","show_post_meta":"1","show_post_author":"1","show_post_author_image":"1","show_post_date":"1","post_date_format":"default","post_date_format_custom":"Y\/m\/d","show_post_reading_time":"0","post_reading_time_wpm":"300","post_calculate_word_method":"str_word_count","show_zoom_button":"0","zoom_button_out_step":"2","zoom_button_in_step":"3","show_post_tag":"1","show_prev_next_post":"1","show_popup_post":"1","number_popup_post":"1","show_author_box":"0","show_post_related":"0","show_inline_post_related":"0"}],"image_override":[{"single_post_thumbnail_size":"crop-500","single_post_gallery_size":"crop-500"}],"trending_post_position":"meta","trending_post_label":"Trending","sponsored_post_label":"Sponsored by","disable_ad":"0"},"jnews_primary_category":{"id":"25"},"footnotes":""},"categories":[25],"tags":[3,1226,8,825,824],"class_list":["post-56896","post","type-post","status-publish","format-standard","has-post-thumbnail","hentry","category-rumors","tag-ios","tag-ios-27","tag-iphone","tag-iphone-18","tag-iphone-2026"],"yoast_head":"<!-- This site is optimized with the Yoast SEO Premium plugin v27.4 (Yoast SEO v27.4) - https:\/\/yoast.com\/product\/yoast-seo-premium-wordpress\/ -->\n<title>iOS 27: Apple bereitet sich auf das iPhone Fold vor Apfelpatient<\/title>\n<meta name=\"description\" content=\"Apple plant mit iOS 27 den Software-Start f\u00fcr sein erstes faltbares iPhone. Alle Infos zu Features, Design und Marktstart jetzt erfahren.\" \/>\n<meta name=\"robots\" content=\"index, follow, max-snippet:-1, max-image-preview:large, max-video-preview:-1\" \/>\n<link rel=\"canonical\" href=\"https:\/\/www.apfelpatient.de\/en\/rumors\/ios-27-apple-prepares-for-the-iphone-fold\" \/>\n<meta property=\"og:locale\" content=\"en_US\" \/>\n<meta property=\"og:type\" content=\"article\" \/>\n<meta property=\"og:title\" content=\"iOS 27: Apple bereitet sich auf das iPhone Fold vor\" \/>\n<meta property=\"og:description\" content=\"Apple plant mit iOS 27 den Software-Start f\u00fcr sein erstes faltbares iPhone. Alle Infos zu Features, Design und Marktstart jetzt erfahren.\" \/>\n<meta property=\"og:url\" content=\"https:\/\/www.apfelpatient.de\/en\/rumors\/ios-27-apple-prepares-for-the-iphone-fold\" \/>\n<meta property=\"og:site_name\" content=\"Apfelpatient\" \/>\n<meta property=\"article:publisher\" content=\"https:\/\/www.facebook.com\/apfelpatientOfficial\" \/>\n<meta property=\"article:author\" content=\"https:\/\/www.facebook.com\/apfelpatientOfficial\" \/>\n<meta property=\"article:published_time\" content=\"2025-07-21T14:36:36+00:00\" \/>\n<meta property=\"article:modified_time\" content=\"2025-07-21T14:36:40+00:00\" \/>\n<meta property=\"og:image\" content=\"https:\/\/www.apfelpatient.de\/wp-content\/uploads\/2025\/07\/shutterstock_2370670359.jpg\" \/>\n\t<meta property=\"og:image:width\" content=\"1600\" \/>\n\t<meta property=\"og:image:height\" content=\"1066\" \/>\n\t<meta property=\"og:image:type\" content=\"image\/jpeg\" \/>\n<meta name=\"author\" content=\"Milan\" \/>\n<meta name=\"twitter:card\" content=\"summary_large_image\" \/>\n<meta name=\"twitter:description\" content=\"Apple plant mit iOS 27 den Software-Start f\u00fcr sein erstes faltbares iPhone. Alle Infos zu Features, Design und Marktstart jetzt erfahren.\" \/>\n<meta name=\"twitter:label1\" content=\"Written by\" \/>\n\t<meta name=\"twitter:data1\" content=\"Milan\" \/>\n\t<meta name=\"twitter:label2\" content=\"Est. reading time\" \/>\n\t<meta name=\"twitter:data2\" content=\"5 minutes\" \/>\n<script type=\"application\/ld+json\" class=\"yoast-schema-graph\">{\"@context\":\"https:\\\/\\\/schema.org\",\"@graph\":[{\"@type\":\"NewsArticle\",\"@id\":\"https:\\\/\\\/www.apfelpatient.de\\\/rumors\\\/ios-27-apple-bereitet-sich-auf-das-iphone-fold-vor#article\",\"isPartOf\":{\"@id\":\"https:\\\/\\\/www.apfelpatient.de\\\/rumors\\\/ios-27-apple-bereitet-sich-auf-das-iphone-fold-vor\"},\"author\":{\"@type\":\"Organization\",\"@id\":\"https:\\\/\\\/www.apfelpatient.de\\\/en\\\/#organization\",\"name\":\"Apfelpatient\",\"url\":\"https:\\\/\\\/www.apfelpatient.de\\\/en\\\/\"},\"headline\":\"iOS 27: Apple bereitet sich auf das iPhone Fold vor\",\"datePublished\":\"2025-07-21T14:36:36+00:00\",\"dateModified\":\"2025-07-21T14:36:40+00:00\",\"mainEntityOfPage\":{\"@id\":\"https:\\\/\\\/www.apfelpatient.de\\\/rumors\\\/ios-27-apple-bereitet-sich-auf-das-iphone-fold-vor\"},\"wordCount\":712,\"publisher\":{\"@type\":\"Organization\",\"@id\":\"https:\\\/\\\/www.apfelpatient.de\\\/en\\\/#organization\",\"name\":\"Apfelpatient\",\"url\":\"https:\\\/\\\/www.apfelpatient.de\\\/en\\\/\"},\"image\":{\"@id\":\"https:\\\/\\\/www.apfelpatient.de\\\/rumors\\\/ios-27-apple-bereitet-sich-auf-das-iphone-fold-vor#primaryimage\"},\"thumbnailUrl\":\"https:\\\/\\\/www.apfelpatient.de\\\/wp-content\\\/uploads\\\/2025\\\/07\\\/shutterstock_2370670359.jpg\",\"keywords\":[\"iOS\",\"iOS 27\",\"iPhone\",\"iPhone 18\",\"iPhone 2026\"],\"articleSection\":\"Rumors\",\"inLanguage\":\"en-US\",\"copyrightYear\":\"2025\",\"copyrightHolder\":{\"@id\":\"https:\\\/\\\/www.apfelpatient.de\\\/en\\\/#organization\"}},{\"@type\":\"WebPage\",\"@id\":\"https:\\\/\\\/www.apfelpatient.de\\\/rumors\\\/ios-27-apple-bereitet-sich-auf-das-iphone-fold-vor\",\"url\":\"https:\\\/\\\/www.apfelpatient.de\\\/rumors\\\/ios-27-apple-bereitet-sich-auf-das-iphone-fold-vor\",\"name\":\"iOS 27: Apple bereitet sich auf das iPhone Fold vor Apfelpatient\",\"isPartOf\":{\"@id\":\"https:\\\/\\\/www.apfelpatient.de\\\/#website\"},\"primaryImageOfPage\":{\"@id\":\"https:\\\/\\\/www.apfelpatient.de\\\/rumors\\\/ios-27-apple-bereitet-sich-auf-das-iphone-fold-vor#primaryimage\"},\"image\":{\"@id\":\"https:\\\/\\\/www.apfelpatient.de\\\/rumors\\\/ios-27-apple-bereitet-sich-auf-das-iphone-fold-vor#primaryimage\"},\"thumbnailUrl\":\"https:\\\/\\\/www.apfelpatient.de\\\/wp-content\\\/uploads\\\/2025\\\/07\\\/shutterstock_2370670359.jpg\",\"datePublished\":\"2025-07-21T14:36:36+00:00\",\"dateModified\":\"2025-07-21T14:36:40+00:00\",\"description\":\"Apple plant mit iOS 27 den Software-Start f\u00fcr sein erstes faltbares iPhone. Alle Infos zu Features, Design und Marktstart jetzt erfahren.\",\"breadcrumb\":{\"@id\":\"https:\\\/\\\/www.apfelpatient.de\\\/rumors\\\/ios-27-apple-bereitet-sich-auf-das-iphone-fold-vor#breadcrumb\"},\"inLanguage\":\"en-US\",\"potentialAction\":[{\"@type\":\"ReadAction\",\"target\":[\"https:\\\/\\\/www.apfelpatient.de\\\/rumors\\\/ios-27-apple-bereitet-sich-auf-das-iphone-fold-vor\"]}]},{\"@type\":\"ImageObject\",\"inLanguage\":\"en-US\",\"@id\":\"https:\\\/\\\/www.apfelpatient.de\\\/rumors\\\/ios-27-apple-bereitet-sich-auf-das-iphone-fold-vor#primaryimage\",\"url\":\"https:\\\/\\\/www.apfelpatient.de\\\/wp-content\\\/uploads\\\/2025\\\/07\\\/shutterstock_2370670359.jpg\",\"contentUrl\":\"https:\\\/\\\/www.apfelpatient.de\\\/wp-content\\\/uploads\\\/2025\\\/07\\\/shutterstock_2370670359.jpg\",\"width\":1600,\"height\":1066,\"caption\":\"Bild: Shutterstock \\\/ ksmax\"},{\"@type\":\"BreadcrumbList\",\"@id\":\"https:\\\/\\\/www.apfelpatient.de\\\/rumors\\\/ios-27-apple-bereitet-sich-auf-das-iphone-fold-vor#breadcrumb\",\"itemListElement\":[{\"@type\":\"ListItem\",\"position\":1,\"name\":\"Startseite\",\"item\":\"https:\\\/\\\/www.apfelpatient.de\\\/\"},{\"@type\":\"ListItem\",\"position\":2,\"name\":\"iOS 27: Apple bereitet sich auf das iPhone Fold vor\"}]},{\"@type\":\"WebSite\",\"@id\":\"https:\\\/\\\/www.apfelpatient.de\\\/#website\",\"url\":\"https:\\\/\\\/www.apfelpatient.de\\\/\",\"name\":\"Apfelpatient\",\"description\":\"Alles rund um Apple!\",\"publisher\":{\"@type\":\"Organization\",\"@id\":\"https:\\\/\\\/www.apfelpatient.de\\\/en\\\/#organization\",\"name\":\"Apfelpatient\",\"url\":\"https:\\\/\\\/www.apfelpatient.de\\\/en\\\/\"},\"alternateName\":\"Apfelpatient\",\"potentialAction\":[{\"@type\":\"SearchAction\",\"target\":{\"@type\":\"EntryPoint\",\"urlTemplate\":\"https:\\\/\\\/www.apfelpatient.de\\\/?s={search_term_string}\"},\"query-input\":{\"@type\":\"PropertyValueSpecification\",\"valueRequired\":true,\"valueName\":\"search_term_string\"}}],\"inLanguage\":\"en-US\"},{\"@type\":[\"Person\",\"Organization\"],\"@id\":\"https:\\\/\\\/www.apfelpatient.de\\\/#\\\/schema\\\/person\\\/7dc56ad6c8e9824b76d2c08d4c140e13\",\"name\":\"Milan\",\"logo\":{\"@id\":\"https:\\\/\\\/www.apfelpatient.de\\\/#\\\/schema\\\/person\\\/image\\\/\"},\"description\":\"Hallo und herzlich willkommen auf meinem Technik-Blog! Als gro\u00dfer Apple-Fan berichte ich hier \u00fcber alles, was mit Apple zu tun hat: von den neuesten News und spannenden Ger\u00fcchten \u00fcber hilfreiche Tipps und Tricks bis hin zu ausf\u00fchrlichen Produkttests. Wenn du genauso technikbegeistert bist wie ich, bist du hier genau richtig!\",\"sameAs\":[\"https:\\\/\\\/www.facebook.com\\\/apfelpatientOfficial\",\"https:\\\/\\\/www.linkedin.com\\\/in\\\/milan-jovicic-42aa0231b\"],\"url\":\"https:\\\/\\\/www.apfelpatient.de\\\/en\\\/author\\\/apfeladmin\"}]}<\/script>\n<!-- \/ Yoast SEO Premium plugin. -->","yoast_head_json":{"title":"iOS 27: Apple prepares for the iPhone Fold","description":"Apple is planning the software launch for its first foldable iPhone with iOS 27. Find out all the details about features, design, and market launch now.","robots":{"index":"index","follow":"follow","max-snippet":"max-snippet:-1","max-image-preview":"max-image-preview:large","max-video-preview":"max-video-preview:-1"},"canonical":"https:\/\/www.apfelpatient.de\/en\/rumors\/ios-27-apple-prepares-for-the-iphone-fold","og_locale":"en_US","og_type":"article","og_title":"iOS 27: Apple bereitet sich auf das iPhone Fold vor","og_description":"Apple plant mit iOS 27 den Software-Start f\u00fcr sein erstes faltbares iPhone. Alle Infos zu Features, Design und Marktstart jetzt erfahren.","og_url":"https:\/\/www.apfelpatient.de\/en\/rumors\/ios-27-apple-prepares-for-the-iphone-fold","og_site_name":"Apfelpatient","article_publisher":"https:\/\/www.facebook.com\/apfelpatientOfficial","article_author":"https:\/\/www.facebook.com\/apfelpatientOfficial","article_published_time":"2025-07-21T14:36:36+00:00","article_modified_time":"2025-07-21T14:36:40+00:00","og_image":[{"width":1600,"height":1066,"url":"https:\/\/www.apfelpatient.de\/wp-content\/uploads\/2025\/07\/shutterstock_2370670359.jpg","type":"image\/jpeg"}],"author":"Milan","twitter_card":"summary_large_image","twitter_description":"Apple plant mit iOS 27 den Software-Start f\u00fcr sein erstes faltbares iPhone. Alle Infos zu Features, Design und Marktstart jetzt erfahren.","twitter_misc":{"Written by":"Milan","Est. reading time":"5 minutes"},"schema":{"@context":"https:\/\/schema.org","@graph":[{"@type":"NewsArticle","@id":"https:\/\/www.apfelpatient.de\/rumors\/ios-27-apple-bereitet-sich-auf-das-iphone-fold-vor#article","isPartOf":{"@id":"https:\/\/www.apfelpatient.de\/rumors\/ios-27-apple-bereitet-sich-auf-das-iphone-fold-vor"},"author":{"@type":"Organization","@id":"https:\/\/www.apfelpatient.de\/en\/#organization","name":"Apfelpatient","url":"https:\/\/www.apfelpatient.de\/en\/"},"headline":"iOS 27: Apple bereitet sich auf das iPhone Fold vor","datePublished":"2025-07-21T14:36:36+00:00","dateModified":"2025-07-21T14:36:40+00:00","mainEntityOfPage":{"@id":"https:\/\/www.apfelpatient.de\/rumors\/ios-27-apple-bereitet-sich-auf-das-iphone-fold-vor"},"wordCount":712,"publisher":{"@type":"Organization","@id":"https:\/\/www.apfelpatient.de\/en\/#organization","name":"Apfelpatient","url":"https:\/\/www.apfelpatient.de\/en\/"},"image":{"@id":"https:\/\/www.apfelpatient.de\/rumors\/ios-27-apple-bereitet-sich-auf-das-iphone-fold-vor#primaryimage"},"thumbnailUrl":"https:\/\/www.apfelpatient.de\/wp-content\/uploads\/2025\/07\/shutterstock_2370670359.jpg","keywords":["iOS","iOS 27","iPhone","iPhone 18","iPhone 2026"],"articleSection":"Rumors","inLanguage":"en-US","copyrightYear":"2025","copyrightHolder":{"@id":"https:\/\/www.apfelpatient.de\/en\/#organization"}},{"@type":"WebPage","@id":"https:\/\/www.apfelpatient.de\/rumors\/ios-27-apple-bereitet-sich-auf-das-iphone-fold-vor","url":"https:\/\/www.apfelpatient.de\/rumors\/ios-27-apple-bereitet-sich-auf-das-iphone-fold-vor","name":"iOS 27: Apple prepares for the iPhone Fold","isPartOf":{"@id":"https:\/\/www.apfelpatient.de\/#website"},"primaryImageOfPage":{"@id":"https:\/\/www.apfelpatient.de\/rumors\/ios-27-apple-bereitet-sich-auf-das-iphone-fold-vor#primaryimage"},"image":{"@id":"https:\/\/www.apfelpatient.de\/rumors\/ios-27-apple-bereitet-sich-auf-das-iphone-fold-vor#primaryimage"},"thumbnailUrl":"https:\/\/www.apfelpatient.de\/wp-content\/uploads\/2025\/07\/shutterstock_2370670359.jpg","datePublished":"2025-07-21T14:36:36+00:00","dateModified":"2025-07-21T14:36:40+00:00","description":"Apple is planning the software launch for its first foldable iPhone with iOS 27. Find out all the details about features, design, and market launch now.","breadcrumb":{"@id":"https:\/\/www.apfelpatient.de\/rumors\/ios-27-apple-bereitet-sich-auf-das-iphone-fold-vor#breadcrumb"},"inLanguage":"en-US","potentialAction":[{"@type":"ReadAction","target":["https:\/\/www.apfelpatient.de\/rumors\/ios-27-apple-bereitet-sich-auf-das-iphone-fold-vor"]}]},{"@type":"ImageObject","inLanguage":"en-US","@id":"https:\/\/www.apfelpatient.de\/rumors\/ios-27-apple-bereitet-sich-auf-das-iphone-fold-vor#primaryimage","url":"https:\/\/www.apfelpatient.de\/wp-content\/uploads\/2025\/07\/shutterstock_2370670359.jpg","contentUrl":"https:\/\/www.apfelpatient.de\/wp-content\/uploads\/2025\/07\/shutterstock_2370670359.jpg","width":1600,"height":1066,"caption":"Bild: Shutterstock \/ ksmax"},{"@type":"BreadcrumbList","@id":"https:\/\/www.apfelpatient.de\/rumors\/ios-27-apple-bereitet-sich-auf-das-iphone-fold-vor#breadcrumb","itemListElement":[{"@type":"ListItem","position":1,"name":"Startseite","item":"https:\/\/www.apfelpatient.de\/"},{"@type":"ListItem","position":2,"name":"iOS 27: Apple bereitet sich auf das iPhone Fold vor"}]},{"@type":"WebSite","@id":"https:\/\/www.apfelpatient.de\/#website","url":"https:\/\/www.apfelpatient.de\/","name":"apple patient","description":"Everything about Apple!","publisher":{"@type":"Organization","@id":"https:\/\/www.apfelpatient.de\/en\/#organization","name":"Apfelpatient","url":"https:\/\/www.apfelpatient.de\/en\/"},"alternateName":"Apfelpatient","potentialAction":[{"@type":"SearchAction","target":{"@type":"EntryPoint","urlTemplate":"https:\/\/www.apfelpatient.de\/?s={search_term_string}"},"query-input":{"@type":"PropertyValueSpecification","valueRequired":true,"valueName":"search_term_string"}}],"inLanguage":"en-US"},{"@type":["Person","Organization"],"@id":"https:\/\/www.apfelpatient.de\/#\/schema\/person\/7dc56ad6c8e9824b76d2c08d4c140e13","name":"Milan","logo":{"@id":"https:\/\/www.apfelpatient.de\/#\/schema\/person\/image\/"},"description":"Hello and welcome to my technology blog! As a big Apple fan, I report on everything to do with Apple: from the latest news and exciting rumors to helpful tips and tricks and detailed product tests. If you are as enthusiastic about technology as I am, you have come to the right place!","sameAs":["https:\/\/www.facebook.com\/apfelpatientOfficial","https:\/\/www.linkedin.com\/in\/milan-jovicic-42aa0231b"],"url":"https:\/\/www.apfelpatient.de\/en\/author\/apfeladmin"}]}},"_links":{"self":[{"href":"https:\/\/www.apfelpatient.de\/en\/wp-json\/wp\/v2\/posts\/56896","targetHints":{"allow":["GET"]}}],"collection":[{"href":"https:\/\/www.apfelpatient.de\/en\/wp-json\/wp\/v2\/posts"}],"about":[{"href":"https:\/\/www.apfelpatient.de\/en\/wp-json\/wp\/v2\/types\/post"}],"author":[{"embeddable":true,"href":"https:\/\/www.apfelpatient.de\/en\/wp-json\/wp\/v2\/users\/2"}],"replies":[{"embeddable":true,"href":"https:\/\/www.apfelpatient.de\/en\/wp-json\/wp\/v2\/comments?post=56896"}],"version-history":[{"count":0,"href":"https:\/\/www.apfelpatient.de\/en\/wp-json\/wp\/v2\/posts\/56896\/revisions"}],"wp:featuredmedia":[{"embeddable":true,"href":"https:\/\/www.apfelpatient.de\/en\/wp-json\/wp\/v2\/media\/56895"}],"wp:attachment":[{"href":"https:\/\/www.apfelpatient.de\/en\/wp-json\/wp\/v2\/media?parent=56896"}],"wp:term":[{"taxonomy":"category","embeddable":true,"href":"https:\/\/www.apfelpatient.de\/en\/wp-json\/wp\/v2\/categories?post=56896"},{"taxonomy":"post_tag","embeddable":true,"href":"https:\/\/www.apfelpatient.de\/en\/wp-json\/wp\/v2\/tags?post=56896"}],"curies":[{"name":"wp","href":"https:\/\/api.w.org\/{rel}","templated":true}]}}