{"id":5620,"date":"2019-08-21T20:17:00","date_gmt":"2019-08-21T18:17:00","guid":{"rendered":"https:\/\/www.apfelpatient.de\/?p=5620"},"modified":"2025-02-06T07:46:37","modified_gmt":"2025-02-06T06:46:37","slug":"iphone-2019-case-manufacturer-offers-iphone-11-case-with-apple-pencil-compartment","status":"publish","type":"post","link":"https:\/\/www.apfelpatient.de\/en\/news\/iphone-2019-huellenhersteller-bietet-iphone-11-case-mit-apple-pencil-fach-an","title":{"rendered":"iPhone 2019 \u2013 Case manufacturer offers iPhone 11 case with Apple Pencil compartment"},"content":{"rendered":"<p class=\"p1\"><strong>Es ist mittlerweile Wahnsinn, wie viele Ger\u00fcchte rund um das iPhone 11 im Umlauf sind. Erst k\u00fcrzlich wurde \u00fcber Apple Pencil Support beim iPhone 11 <a href=\"https:\/\/www.apfelpatient.de\/\">spekuliert<\/a> &#8211; schon gibt es eine passende iPhone-H\u00fclle daf\u00fcr.<\/strong><\/p>\n<p class=\"p1\">Kaum wurde das Ger\u00fccht rund um ein iPhone mit Apple Pencil Unterst\u00fctzung laut, schon dachte sich der Hersteller Olixar ein passendes Produkt anbieten zu wollen. Dieser hat nun eine entsprechende iPhone 11 Pro Max H\u00fclle mit Apple Pencil Fach beim britischen Onlineh\u00e4ndler MobileFun gelistet. Das neue iPhone-Case kann f\u00fcr rund 20 Pfund vorbestellt werden &#8211; die Farbauswahl ist dabei auf schwarz, braun und grau begrenzt. Die Beschreibung ist ziemlich kurz gehalten und weist auf das zus\u00e4tzliche Apple Pencil Fach hin, das als besonders &#8222;komfortabel&#8220; beworben wird. So hei\u00dft es in der Beschreibung: &#8222;<em>Diese exquisite schwarze Tasche von Olixar f\u00fcr das iPhone 11 Pro aus hochwertigem Echtleder bietet atemberaubenden Stil und hochwertigen Schutz f\u00fcr Ihr Handy in einem schlanken und eleganten Geh\u00e4use mit dem zus\u00e4tzlichen Komfort einer Apple Pencil H\u00fclle&#8220;<\/em>. Auf den Bildern sind etwas kleinere Apple Pencil zu sehen &#8211; diese sind dabei in den Farben Schwarz, Silber und Gold abgebildet.<\/p>\n<figure id=\"attachment_5625\" aria-describedby=\"caption-attachment-5625\" style=\"width: 1610px\" class=\"wp-caption aligncenter\"><img decoding=\"async\" class=\"size-full wp-image-5625\" src=\"https:\/\/www.apfelpatient.de\/wp-content\/uploads\/2019\/08\/Bildschirmfoto-2019-08-21-um-20.10.41.png\" alt=\"Bild: Olixar \/ mobilfun.co.uk\" width=\"1610\" height=\"976\" \/><figcaption id=\"caption-attachment-5625\" class=\"wp-caption-text\"><a href=\"https:\/\/www.mobilefun.co.uk\/apple\/iphone-11-pro\/cases\" target=\"_blank\" rel=\"noopener noreferrer\">Bild: Olixar \/ mobilfun.co.uk<\/a><\/figcaption><\/figure>\n<p class=\"p1\"><strong>Bekommt das iPhone 11 Apple Pencil Support?<\/strong><\/p>\n<p class=\"p1\"><\/p>\n<p class=\"p1\">Seit einigen Jahren kommt das Ger\u00fccht kurz vor einer iPhone-Pr\u00e4sentation auf, dass das kommende Apple Smartphone mit Apple Pencil Unterst\u00fctzung erscheinen wird &#8211; doch bislang vergeblich. W\u00e4hrend einige Fans dagegen sind, gibt es Stimmen, die f\u00fcr ein solches Feature w\u00e4ren. Doch wie wahrscheinlich ist es in diesem Jahr? Da das Ger\u00fccht lediglich von einem Analysten ohne nachweislicher Erfolgsbilanz in solchen Sachen kommt, sollte dem Ganzen wenig Beachtung geschenkt werden. Nat\u00fcrlich k\u00f6nnte Apple mit einem solchen Feature \u00fcberraschen, doch viele zweifeln daran. <a href=\"https:\/\/www.amazon.de\/gp\/product\/B07PYM8FB8\/ref=as_li_tl?ie=UTF8&amp;camp=1638&amp;creative=6742&amp;creativeASIN=B07PYM8FB8&amp;linkCode=as2&amp;tag=apfelpatient-21&amp;linkId=0cec1e8017c2cb2078ff07f1a24db3df\" target=\"_blank\" rel=\"noopener noreferrer\">Apple AirPods mit kabellosem Ladecase im Sonderangebot auf Amazon<\/a><img decoding=\"async\" style=\"border: none !important; margin: 0px !important;\" src=\"\/\/ir-de.amazon-adsystem.com\/e\/ir?t=apfelpatient-21&amp;l=am2&amp;o=3&amp;a=B07PYM8FB8\" alt=\"\" width=\"1\" height=\"1\" border=\"0\" \/> <em>(Bild: Apple)<\/em><\/p>\n<h5><a href=\"https:\/\/t.me\/apfelpatient_official\"><em><strong>Du willst keine News mehr verpassen? Dann abonniere hier unseren Telegram-Kanal<\/strong><\/em><\/a><\/h5>\n<p class=\"p1\">[poll id=&#8220;14&#8243;]<\/p>\n<p>&nbsp;<\/p>\n","protected":false},"excerpt":{"rendered":"<p>Es ist mittlerweile Wahnsinn, wie viele Ger\u00fcchte rund um das iPhone 11 im Umlauf sind. Erst k\u00fcrzlich wurde \u00fcber Apple Pencil Support beim iPhone 11 spekuliert &#8211; schon gibt es eine passende iPhone-H\u00fclle daf\u00fcr. Kaum wurde das Ger\u00fccht rund um ein iPhone mit Apple Pencil Unterst\u00fctzung laut, schon dachte sich der Hersteller Olixar ein passendes [&hellip;]<\/p>\n","protected":false},"author":2,"featured_media":4659,"comment_status":"open","ping_status":"open","sticky":false,"template":"","format":"standard","meta":{"jnews-multi-image_gallery":[],"jnews_single_post":[],"jnews_primary_category":[],"footnotes":""},"categories":[9],"tags":[8,204,183],"class_list":["post-5620","post","type-post","status-publish","format-standard","has-post-thumbnail","hentry","category-news","tag-iphone","tag-iphone-11","tag-iphone-2019"],"yoast_head":"<!-- This site is optimized with the Yoast SEO Premium plugin v27.5 (Yoast SEO v27.5) - https:\/\/yoast.com\/product\/yoast-seo-premium-wordpress\/ -->\n<title>iPhone 2019 - H\u00fcllenhersteller bietet iPhone 11 Case mit Apple Pencil Fach an Apfelpatient<\/title>\n<meta name=\"description\" content=\"- Es ist mittlerweile Wahnsinn, wie viele Ger\u00fcchte rund um das iPhone 11 im Umlauf sind. Erst k\u00fcrzlich wurde \u00fcber Apple Pencil Support beim iPhone 11 spekuliert - schon gibt es eine passende iPhone-H\u00fclle daf\u00fcr.\" \/>\n<meta name=\"robots\" content=\"index, follow, max-snippet:-1, max-image-preview:large, max-video-preview:-1\" \/>\n<link rel=\"canonical\" href=\"https:\/\/www.apfelpatient.de\/en\/news\/iphone-2019-case-manufacturer-offers-iphone-11-case-with-apple-pencil-compartment\" \/>\n<meta property=\"og:locale\" content=\"en_US\" \/>\n<meta property=\"og:type\" content=\"article\" \/>\n<meta property=\"og:title\" content=\"iPhone 2019 - H\u00fcllenhersteller bietet iPhone 11 Case mit Apple Pencil Fach an\" \/>\n<meta property=\"og:description\" content=\"- Es ist mittlerweile Wahnsinn, wie viele Ger\u00fcchte rund um das iPhone 11 im Umlauf sind. Erst k\u00fcrzlich wurde \u00fcber Apple Pencil Support beim iPhone 11 spekuliert - schon gibt es eine passende iPhone-H\u00fclle daf\u00fcr.\" \/>\n<meta property=\"og:url\" content=\"https:\/\/www.apfelpatient.de\/en\/news\/iphone-2019-case-manufacturer-offers-iphone-11-case-with-apple-pencil-compartment\" \/>\n<meta property=\"og:site_name\" content=\"Apfelpatient\" \/>\n<meta property=\"article:publisher\" content=\"https:\/\/www.facebook.com\/apfelpatientOfficial\" \/>\n<meta property=\"article:author\" content=\"https:\/\/www.facebook.com\/apfelpatientOfficial\" \/>\n<meta property=\"article:published_time\" content=\"2019-08-21T18:17:00+00:00\" \/>\n<meta property=\"article:modified_time\" content=\"2025-02-06T06:46:37+00:00\" \/>\n<meta property=\"og:image\" content=\"https:\/\/www.apfelpatient.de\/wp-content\/uploads\/2019\/06\/apple-highlights-from-wwdc2019-lydia-winters-saxs-persson-06031.jpg\" \/>\n\t<meta property=\"og:image:width\" content=\"1632\" \/>\n\t<meta property=\"og:image:height\" content=\"1088\" \/>\n\t<meta property=\"og:image:type\" content=\"image\/jpeg\" \/>\n<meta name=\"author\" content=\"Milan\" \/>\n<meta name=\"twitter:card\" content=\"summary_large_image\" \/>\n<meta name=\"twitter:label1\" content=\"Written by\" \/>\n\t<meta name=\"twitter:data1\" content=\"Milan\" \/>\n\t<meta name=\"twitter:label2\" content=\"Est. reading time\" \/>\n\t<meta name=\"twitter:data2\" content=\"2 minutes\" \/>\n<script type=\"application\/ld+json\" class=\"yoast-schema-graph\">{\"@context\":\"https:\\\/\\\/schema.org\",\"@graph\":[{\"@type\":\"NewsArticle\",\"@id\":\"https:\\\/\\\/www.apfelpatient.de\\\/news\\\/iphone-2019-huellenhersteller-bietet-iphone-11-case-mit-apple-pencil-fach-an#article\",\"isPartOf\":{\"@id\":\"https:\\\/\\\/www.apfelpatient.de\\\/news\\\/iphone-2019-huellenhersteller-bietet-iphone-11-case-mit-apple-pencil-fach-an\"},\"author\":{\"@type\":\"Organization\",\"@id\":\"https:\\\/\\\/www.apfelpatient.de\\\/en\\\/#organization\",\"name\":\"Apfelpatient\",\"url\":\"https:\\\/\\\/www.apfelpatient.de\\\/en\\\/\"},\"headline\":\"iPhone 2019 &#8211; H\u00fcllenhersteller bietet iPhone 11 Case mit Apple Pencil Fach an\",\"datePublished\":\"2019-08-21T18:17:00+00:00\",\"dateModified\":\"2025-02-06T06:46:37+00:00\",\"mainEntityOfPage\":{\"@id\":\"https:\\\/\\\/www.apfelpatient.de\\\/news\\\/iphone-2019-huellenhersteller-bietet-iphone-11-case-mit-apple-pencil-fach-an\"},\"wordCount\":343,\"commentCount\":0,\"publisher\":{\"@type\":\"Organization\",\"@id\":\"https:\\\/\\\/www.apfelpatient.de\\\/en\\\/#organization\",\"name\":\"Apfelpatient\",\"url\":\"https:\\\/\\\/www.apfelpatient.de\\\/en\\\/\"},\"image\":{\"@id\":\"https:\\\/\\\/www.apfelpatient.de\\\/news\\\/iphone-2019-huellenhersteller-bietet-iphone-11-case-mit-apple-pencil-fach-an#primaryimage\"},\"thumbnailUrl\":\"https:\\\/\\\/www.apfelpatient.de\\\/wp-content\\\/uploads\\\/2019\\\/06\\\/apple-highlights-from-wwdc2019-lydia-winters-saxs-persson-06031.jpg\",\"keywords\":[\"iPhone\",\"iPhone 11\",\"iPhone 2019\"],\"articleSection\":\"News\",\"inLanguage\":\"en-US\",\"potentialAction\":[{\"@type\":\"CommentAction\",\"name\":\"Comment\",\"target\":[\"https:\\\/\\\/www.apfelpatient.de\\\/news\\\/iphone-2019-huellenhersteller-bietet-iphone-11-case-mit-apple-pencil-fach-an#respond\"]}],\"copyrightYear\":\"2019\",\"copyrightHolder\":{\"@id\":\"https:\\\/\\\/www.apfelpatient.de\\\/en\\\/#organization\"}},{\"@type\":\"WebPage\",\"@id\":\"https:\\\/\\\/www.apfelpatient.de\\\/news\\\/iphone-2019-huellenhersteller-bietet-iphone-11-case-mit-apple-pencil-fach-an\",\"url\":\"https:\\\/\\\/www.apfelpatient.de\\\/news\\\/iphone-2019-huellenhersteller-bietet-iphone-11-case-mit-apple-pencil-fach-an\",\"name\":\"iPhone 2019 - H\u00fcllenhersteller bietet iPhone 11 Case mit Apple Pencil Fach an Apfelpatient\",\"isPartOf\":{\"@id\":\"https:\\\/\\\/www.apfelpatient.de\\\/#website\"},\"primaryImageOfPage\":{\"@id\":\"https:\\\/\\\/www.apfelpatient.de\\\/news\\\/iphone-2019-huellenhersteller-bietet-iphone-11-case-mit-apple-pencil-fach-an#primaryimage\"},\"image\":{\"@id\":\"https:\\\/\\\/www.apfelpatient.de\\\/news\\\/iphone-2019-huellenhersteller-bietet-iphone-11-case-mit-apple-pencil-fach-an#primaryimage\"},\"thumbnailUrl\":\"https:\\\/\\\/www.apfelpatient.de\\\/wp-content\\\/uploads\\\/2019\\\/06\\\/apple-highlights-from-wwdc2019-lydia-winters-saxs-persson-06031.jpg\",\"datePublished\":\"2019-08-21T18:17:00+00:00\",\"dateModified\":\"2025-02-06T06:46:37+00:00\",\"description\":\"- Es ist mittlerweile Wahnsinn, wie viele Ger\u00fcchte rund um das iPhone 11 im Umlauf sind. Erst k\u00fcrzlich wurde \u00fcber Apple Pencil Support beim iPhone 11 spekuliert - schon gibt es eine passende iPhone-H\u00fclle daf\u00fcr.\",\"breadcrumb\":{\"@id\":\"https:\\\/\\\/www.apfelpatient.de\\\/news\\\/iphone-2019-huellenhersteller-bietet-iphone-11-case-mit-apple-pencil-fach-an#breadcrumb\"},\"inLanguage\":\"en-US\",\"potentialAction\":[{\"@type\":\"ReadAction\",\"target\":[\"https:\\\/\\\/www.apfelpatient.de\\\/news\\\/iphone-2019-huellenhersteller-bietet-iphone-11-case-mit-apple-pencil-fach-an\"]}]},{\"@type\":\"ImageObject\",\"inLanguage\":\"en-US\",\"@id\":\"https:\\\/\\\/www.apfelpatient.de\\\/news\\\/iphone-2019-huellenhersteller-bietet-iphone-11-case-mit-apple-pencil-fach-an#primaryimage\",\"url\":\"https:\\\/\\\/www.apfelpatient.de\\\/wp-content\\\/uploads\\\/2019\\\/06\\\/apple-highlights-from-wwdc2019-lydia-winters-saxs-persson-06031.jpg\",\"contentUrl\":\"https:\\\/\\\/www.apfelpatient.de\\\/wp-content\\\/uploads\\\/2019\\\/06\\\/apple-highlights-from-wwdc2019-lydia-winters-saxs-persson-06031.jpg\",\"width\":1632,\"height\":1088,\"caption\":\"Bild: Apple\"},{\"@type\":\"BreadcrumbList\",\"@id\":\"https:\\\/\\\/www.apfelpatient.de\\\/news\\\/iphone-2019-huellenhersteller-bietet-iphone-11-case-mit-apple-pencil-fach-an#breadcrumb\",\"itemListElement\":[{\"@type\":\"ListItem\",\"position\":1,\"name\":\"Startseite\",\"item\":\"https:\\\/\\\/www.apfelpatient.de\\\/\"},{\"@type\":\"ListItem\",\"position\":2,\"name\":\"iPhone 2019 &#8211; H\u00fcllenhersteller bietet iPhone 11 Case mit Apple Pencil Fach an\"}]},{\"@type\":\"WebSite\",\"@id\":\"https:\\\/\\\/www.apfelpatient.de\\\/#website\",\"url\":\"https:\\\/\\\/www.apfelpatient.de\\\/\",\"name\":\"Apfelpatient\",\"description\":\"Alles rund um Apple!\",\"publisher\":{\"@type\":\"Organization\",\"@id\":\"https:\\\/\\\/www.apfelpatient.de\\\/en\\\/#organization\",\"name\":\"Apfelpatient\",\"url\":\"https:\\\/\\\/www.apfelpatient.de\\\/en\\\/\"},\"alternateName\":\"Apfelpatient\",\"potentialAction\":[{\"@type\":\"SearchAction\",\"target\":{\"@type\":\"EntryPoint\",\"urlTemplate\":\"https:\\\/\\\/www.apfelpatient.de\\\/?s={search_term_string}\"},\"query-input\":{\"@type\":\"PropertyValueSpecification\",\"valueRequired\":true,\"valueName\":\"search_term_string\"}}],\"inLanguage\":\"en-US\"},{\"@type\":[\"Person\",\"Organization\"],\"@id\":\"https:\\\/\\\/www.apfelpatient.de\\\/#\\\/schema\\\/person\\\/7dc56ad6c8e9824b76d2c08d4c140e13\",\"name\":\"Milan\",\"logo\":{\"@id\":\"https:\\\/\\\/www.apfelpatient.de\\\/#\\\/schema\\\/person\\\/image\\\/\"},\"description\":\"Hallo und herzlich willkommen auf meinem Technik-Blog! Als gro\u00dfer Apple-Fan berichte ich hier \u00fcber alles, was mit Apple zu tun hat: von den neuesten News und spannenden Ger\u00fcchten \u00fcber hilfreiche Tipps und Tricks bis hin zu ausf\u00fchrlichen Produkttests. Wenn du genauso technikbegeistert bist wie ich, bist du hier genau richtig!\",\"sameAs\":[\"https:\\\/\\\/www.facebook.com\\\/apfelpatientOfficial\",\"https:\\\/\\\/www.linkedin.com\\\/in\\\/milan-jovicic-42aa0231b\"],\"url\":\"https:\\\/\\\/www.apfelpatient.de\\\/en\\\/author\\\/apfeladmin\"}]}<\/script>\n<!-- \/ Yoast SEO Premium plugin. -->","yoast_head_json":{"title":"iPhone 2019 - Case manufacturer offers iPhone 11 case with Apple Pencil compartment Apfelpatient","description":"- It&#039;s crazy how many rumors are circulating about the iPhone 11. Just recently there was speculation about Apple Pencil support for the iPhone 11 - and now there&#039;s a matching iPhone case for it.","robots":{"index":"index","follow":"follow","max-snippet":"max-snippet:-1","max-image-preview":"max-image-preview:large","max-video-preview":"max-video-preview:-1"},"canonical":"https:\/\/www.apfelpatient.de\/en\/news\/iphone-2019-case-manufacturer-offers-iphone-11-case-with-apple-pencil-compartment","og_locale":"en_US","og_type":"article","og_title":"iPhone 2019 - H\u00fcllenhersteller bietet iPhone 11 Case mit Apple Pencil Fach an","og_description":"- Es ist mittlerweile Wahnsinn, wie viele Ger\u00fcchte rund um das iPhone 11 im Umlauf sind. Erst k\u00fcrzlich wurde \u00fcber Apple Pencil Support beim iPhone 11 spekuliert - schon gibt es eine passende iPhone-H\u00fclle daf\u00fcr.","og_url":"https:\/\/www.apfelpatient.de\/en\/news\/iphone-2019-case-manufacturer-offers-iphone-11-case-with-apple-pencil-compartment","og_site_name":"Apfelpatient","article_publisher":"https:\/\/www.facebook.com\/apfelpatientOfficial","article_author":"https:\/\/www.facebook.com\/apfelpatientOfficial","article_published_time":"2019-08-21T18:17:00+00:00","article_modified_time":"2025-02-06T06:46:37+00:00","og_image":[{"width":1632,"height":1088,"url":"https:\/\/www.apfelpatient.de\/wp-content\/uploads\/2019\/06\/apple-highlights-from-wwdc2019-lydia-winters-saxs-persson-06031.jpg","type":"image\/jpeg"}],"author":"Milan","twitter_card":"summary_large_image","twitter_misc":{"Written by":"Milan","Est. reading time":"2 minutes"},"schema":{"@context":"https:\/\/schema.org","@graph":[{"@type":"NewsArticle","@id":"https:\/\/www.apfelpatient.de\/news\/iphone-2019-huellenhersteller-bietet-iphone-11-case-mit-apple-pencil-fach-an#article","isPartOf":{"@id":"https:\/\/www.apfelpatient.de\/news\/iphone-2019-huellenhersteller-bietet-iphone-11-case-mit-apple-pencil-fach-an"},"author":{"@type":"Organization","@id":"https:\/\/www.apfelpatient.de\/en\/#organization","name":"Apfelpatient","url":"https:\/\/www.apfelpatient.de\/en\/"},"headline":"iPhone 2019 &#8211; H\u00fcllenhersteller bietet iPhone 11 Case mit Apple Pencil Fach an","datePublished":"2019-08-21T18:17:00+00:00","dateModified":"2025-02-06T06:46:37+00:00","mainEntityOfPage":{"@id":"https:\/\/www.apfelpatient.de\/news\/iphone-2019-huellenhersteller-bietet-iphone-11-case-mit-apple-pencil-fach-an"},"wordCount":343,"commentCount":0,"publisher":{"@type":"Organization","@id":"https:\/\/www.apfelpatient.de\/en\/#organization","name":"Apfelpatient","url":"https:\/\/www.apfelpatient.de\/en\/"},"image":{"@id":"https:\/\/www.apfelpatient.de\/news\/iphone-2019-huellenhersteller-bietet-iphone-11-case-mit-apple-pencil-fach-an#primaryimage"},"thumbnailUrl":"https:\/\/www.apfelpatient.de\/wp-content\/uploads\/2019\/06\/apple-highlights-from-wwdc2019-lydia-winters-saxs-persson-06031.jpg","keywords":["iPhone","iPhone 11","iPhone 2019"],"articleSection":"News","inLanguage":"en-US","potentialAction":[{"@type":"CommentAction","name":"Comment","target":["https:\/\/www.apfelpatient.de\/news\/iphone-2019-huellenhersteller-bietet-iphone-11-case-mit-apple-pencil-fach-an#respond"]}],"copyrightYear":"2019","copyrightHolder":{"@id":"https:\/\/www.apfelpatient.de\/en\/#organization"}},{"@type":"WebPage","@id":"https:\/\/www.apfelpatient.de\/news\/iphone-2019-huellenhersteller-bietet-iphone-11-case-mit-apple-pencil-fach-an","url":"https:\/\/www.apfelpatient.de\/news\/iphone-2019-huellenhersteller-bietet-iphone-11-case-mit-apple-pencil-fach-an","name":"iPhone 2019 - Case manufacturer offers iPhone 11 case with Apple Pencil compartment Apfelpatient","isPartOf":{"@id":"https:\/\/www.apfelpatient.de\/#website"},"primaryImageOfPage":{"@id":"https:\/\/www.apfelpatient.de\/news\/iphone-2019-huellenhersteller-bietet-iphone-11-case-mit-apple-pencil-fach-an#primaryimage"},"image":{"@id":"https:\/\/www.apfelpatient.de\/news\/iphone-2019-huellenhersteller-bietet-iphone-11-case-mit-apple-pencil-fach-an#primaryimage"},"thumbnailUrl":"https:\/\/www.apfelpatient.de\/wp-content\/uploads\/2019\/06\/apple-highlights-from-wwdc2019-lydia-winters-saxs-persson-06031.jpg","datePublished":"2019-08-21T18:17:00+00:00","dateModified":"2025-02-06T06:46:37+00:00","description":"- It&#039;s crazy how many rumors are circulating about the iPhone 11. Just recently there was speculation about Apple Pencil support for the iPhone 11 - and now there&#039;s a matching iPhone case for it.","breadcrumb":{"@id":"https:\/\/www.apfelpatient.de\/news\/iphone-2019-huellenhersteller-bietet-iphone-11-case-mit-apple-pencil-fach-an#breadcrumb"},"inLanguage":"en-US","potentialAction":[{"@type":"ReadAction","target":["https:\/\/www.apfelpatient.de\/news\/iphone-2019-huellenhersteller-bietet-iphone-11-case-mit-apple-pencil-fach-an"]}]},{"@type":"ImageObject","inLanguage":"en-US","@id":"https:\/\/www.apfelpatient.de\/news\/iphone-2019-huellenhersteller-bietet-iphone-11-case-mit-apple-pencil-fach-an#primaryimage","url":"https:\/\/www.apfelpatient.de\/wp-content\/uploads\/2019\/06\/apple-highlights-from-wwdc2019-lydia-winters-saxs-persson-06031.jpg","contentUrl":"https:\/\/www.apfelpatient.de\/wp-content\/uploads\/2019\/06\/apple-highlights-from-wwdc2019-lydia-winters-saxs-persson-06031.jpg","width":1632,"height":1088,"caption":"Bild: Apple"},{"@type":"BreadcrumbList","@id":"https:\/\/www.apfelpatient.de\/news\/iphone-2019-huellenhersteller-bietet-iphone-11-case-mit-apple-pencil-fach-an#breadcrumb","itemListElement":[{"@type":"ListItem","position":1,"name":"Startseite","item":"https:\/\/www.apfelpatient.de\/"},{"@type":"ListItem","position":2,"name":"iPhone 2019 &#8211; H\u00fcllenhersteller bietet iPhone 11 Case mit Apple Pencil Fach an"}]},{"@type":"WebSite","@id":"https:\/\/www.apfelpatient.de\/#website","url":"https:\/\/www.apfelpatient.de\/","name":"apple patient","description":"Everything about Apple!","publisher":{"@type":"Organization","@id":"https:\/\/www.apfelpatient.de\/en\/#organization","name":"Apfelpatient","url":"https:\/\/www.apfelpatient.de\/en\/"},"alternateName":"Apfelpatient","potentialAction":[{"@type":"SearchAction","target":{"@type":"EntryPoint","urlTemplate":"https:\/\/www.apfelpatient.de\/?s={search_term_string}"},"query-input":{"@type":"PropertyValueSpecification","valueRequired":true,"valueName":"search_term_string"}}],"inLanguage":"en-US"},{"@type":["Person","Organization"],"@id":"https:\/\/www.apfelpatient.de\/#\/schema\/person\/7dc56ad6c8e9824b76d2c08d4c140e13","name":"Milan","logo":{"@id":"https:\/\/www.apfelpatient.de\/#\/schema\/person\/image\/"},"description":"Hello and welcome to my technology blog! As a big Apple fan, I report on everything to do with Apple: from the latest news and exciting rumors to helpful tips and tricks and detailed product tests. If you are as enthusiastic about technology as I am, you have come to the right place!","sameAs":["https:\/\/www.facebook.com\/apfelpatientOfficial","https:\/\/www.linkedin.com\/in\/milan-jovicic-42aa0231b"],"url":"https:\/\/www.apfelpatient.de\/en\/author\/apfeladmin"}]}},"_links":{"self":[{"href":"https:\/\/www.apfelpatient.de\/en\/wp-json\/wp\/v2\/posts\/5620","targetHints":{"allow":["GET"]}}],"collection":[{"href":"https:\/\/www.apfelpatient.de\/en\/wp-json\/wp\/v2\/posts"}],"about":[{"href":"https:\/\/www.apfelpatient.de\/en\/wp-json\/wp\/v2\/types\/post"}],"author":[{"embeddable":true,"href":"https:\/\/www.apfelpatient.de\/en\/wp-json\/wp\/v2\/users\/2"}],"replies":[{"embeddable":true,"href":"https:\/\/www.apfelpatient.de\/en\/wp-json\/wp\/v2\/comments?post=5620"}],"version-history":[{"count":0,"href":"https:\/\/www.apfelpatient.de\/en\/wp-json\/wp\/v2\/posts\/5620\/revisions"}],"wp:featuredmedia":[{"embeddable":true,"href":"https:\/\/www.apfelpatient.de\/en\/wp-json\/wp\/v2\/media\/4659"}],"wp:attachment":[{"href":"https:\/\/www.apfelpatient.de\/en\/wp-json\/wp\/v2\/media?parent=5620"}],"wp:term":[{"taxonomy":"category","embeddable":true,"href":"https:\/\/www.apfelpatient.de\/en\/wp-json\/wp\/v2\/categories?post=5620"},{"taxonomy":"post_tag","embeddable":true,"href":"https:\/\/www.apfelpatient.de\/en\/wp-json\/wp\/v2\/tags?post=5620"}],"curies":[{"name":"wp","href":"https:\/\/api.w.org\/{rel}","templated":true}]}}