{"id":55767,"date":"2025-06-13T02:06:38","date_gmt":"2025-06-13T00:06:38","guid":{"rendered":"https:\/\/www.apfelpatient.de\/?p=55767"},"modified":"2025-06-13T02:06:40","modified_gmt":"2025-06-13T00:06:40","slug":"ipads-26-are-ready-for-the-upcoming-188-inch-ipad-fold","status":"publish","type":"post","link":"https:\/\/www.apfelpatient.de\/en\/news\/ipados-26-ist-bereit-fuer-das-kommende-ipad-fold-mit-188-zoll","title":{"rendered":"iPadOS 26 is ready for the upcoming 18.8-inch iPad Fold"},"content":{"rendered":"<p class=\"has-drop-cap\"><strong>If you thought your iPad was already a true productivity miracle, wait until you see what iPadOS 26 has in store for you. Apple is taking a decisive step forward with this update \u2013 with a new window system, more flexibility, and a clear vision for the future: a larger iPad. Everything points to a foldable iPad measuring a gigantic 18.8 inches. And that&#039;s exactly what iPadOS 26 is ready for.<\/strong><\/p>\n\n\n\n<p>Apple doesn&#039;t just talk about evolution\u2014iPadOS 26 is a true revolution. The update brings the most powerful multitasking system yet to your tablet. You can now:<\/p>\n\n\n\n<ul class=\"wp-block-list\">\n<li>Scale apps freely, just like on a Mac.<\/li>\n\n\n\n<li>Move and overlay windows flexibly without constantly switching to full screen mode.<\/li>\n\n\n\n<li>Keep multiple apps open at once without feeling like your screen is bursting at the seams.<\/li>\n<\/ul>\n\n\n\n<p>Especially on a standard iPad, however, you quickly realize that space is limited. Two, maybe three apps next to each other \u2013 and it&#039;s already getting tight. But what if you want more?<\/p>\n\n\n\n<h4 class=\"wp-block-heading\" id=\"h-das-kommende-ipad-fold-genau-darauf-ist-ipados-26-ausgelegt\">The upcoming iPad Fold: This is exactly what iPadOS 26 is designed for<\/h4>\n\n\n\n<p>This is where the vision behind iPadOS 26 comes into play. Apple is planning a foldable iPad with an 18.8-inch display. And it makes perfect sense. Back in 2015, Apple set new standards with the 12.9-inch iPad Pro. Since then, screen size has stagnated \u2013 while the Mac has long since been working with 16-inch laptops or even larger iMacs. An iPad Fold measuring almost 19 inches? That&#039;s no joke, but realistic according to insiders \u2013 and could hit the market in 2026 (or 2028 at the latest). This would make the iPad, for the first time, a true desktop replacement in mobile form. With so much screen space, the new window system of iPadOS 26 really makes sense:<\/p>\n\n\n\n<ul class=\"wp-block-list\">\n<li>Using four, five, or more apps simultaneously? No problem.<\/li>\n\n\n\n<li>Finally space for split view, slide over and free multitasking, without visual chaos.<\/li>\n\n\n\n<li>You can work, surf, write, sketch, and stream \u2013 all at the same time.<\/li>\n<\/ul>\n\n\n\n<p>And best of all: iPadOS 26 runs on all iPads, even the iPad mini. But let&#039;s be honest \u2013 the system only reveals its full potential on a larger display.<\/p>\n\n\n\n<h3 class=\"wp-block-heading\" id=\"h-ipados-26-ist-der-startschuss-fur-das-ipad-der-zukunft\">iPadOS 26 is the starting signal for the iPad of the future<\/h3>\n\n\n\n<p class=\"translation-block\">With iPadOS 26, you don&#039;t just get a better iPad\u2014you get a preview of the future of the iPad. The new operating system is a clear statement: more productivity, more flexibility, more pro-level features. The upcoming 18.8-inch iPad Fold is more than just a rumor. It&#039;s the logical consequence of everything Apple has been preparing. If you&#039;ve always dreamed of using your iPad like a real computer\u2014iPadOS 26 makes it possible. And the large iPad you need is already on its way. The best products for you: Our <a href=\"https:\/\/www.amazon.de\/shop\/apfelpatientofficial\" target=\"_blank\" rel=\"noreferrer noopener follow\" data-wpel-link=\"exclude\">Amazon Storefront<\/a> offers a wide selection of accessories, including those for HomeKit. (Image: Shutterstock \/ Farknot Architect)<\/p>\n\n\n\n<ul class=\"wp-block-list\">\n<li><a href=\"https:\/\/www.apfelpatient.de\/en\/news\/ipads-26-these-features-turn-your-ipad-into-a-mac\">iPadOS 26: These features turn your iPad almost into a Mac<\/a><\/li>\n\n\n\n<li><a href=\"https:\/\/www.apfelpatient.de\/en\/news\/apple-music-gets-dj-feeling-with-automix-feature\">Apple Music gets a DJ feeling with AutoMix feature<\/a><\/li>\n\n\n\n<li><a href=\"https:\/\/www.apfelpatient.de\/en\/news\/ipads-26-apple-explains-the-late-proximity-to-the-mac\">iPadOS 26: Apple explains the late proximity to the Mac<\/a><\/li>\n<\/ul>\n\n\n\n<h6 class=\"wp-block-heading translation-block\" id=\"h-kennt-ihr-schon-unsere-amazon-storefront-dort-findet-ihr-eine-handverlesene-auswahl-von-diversen-produkten-f-r-euer-iphone-und-co-viel-spa-beim-st-bern\"><em>Have you already visited our Amazon Storefront? There you&#039;ll find a hand-picked selection of various products for your iPhone and other devices \u2013 <span class=\"has-inline-color has-vivid-red-color\"><a href=\"https:\/\/www.amazon.de\/shop\/apfelpatientofficial\" class=\"ek-link\" data-wpel-link=\"exclude\" rel=\"follow noopener\" target=\"_self\"><span style=\"text-decoration: underline\" class=\"ek-underline\">enjoy browsing<\/span><\/a> !<\/span><\/em><\/h6>\n\n\n\n<h6 class=\"wp-block-heading translation-block\" id=\"h-der-beitrag-enthalt-partnerlinks\">This post contains <a data-type=\"URL\" data-id=\"https:\/\/www.apfelpatient.de\/partnerprogramm\" href=\"https:\/\/www.apfelpatient.de\/en\/partner-program\" data-wpel-link=\"internal\" target=\"_self\">affiliate links<\/a>.<\/h6>","protected":false},"excerpt":{"rendered":"<p>iPadOS 26 brings the biggest multitasking update yet for your iPad \u2013 perfectly prepared for the upcoming 18.8-inch foldable iPad.<\/p>","protected":false},"author":2,"featured_media":55766,"comment_status":"closed","ping_status":"closed","sticky":false,"template":"","format":"standard","meta":{"jnews-multi-image_gallery":[],"jnews_single_post":{"format":"standard","override":[{"template":"2","parallax":"1","fullscreen":"1","layout":"right-sidebar","sidebar":"default-sidebar","second_sidebar":"default-sidebar","sticky_sidebar":"1","share_position":"top","share_float_style":"share-monocrhome","show_featured":"1","show_post_meta":"1","show_post_author":"1","show_post_author_image":"1","show_post_date":"1","post_date_format":"default","post_date_format_custom":"Y\/m\/d","show_post_category":"1","show_post_reading_time":"0","post_reading_time_wpm":"300","post_calculate_word_method":"str_word_count","show_zoom_button":"0","zoom_button_out_step":"2","zoom_button_in_step":"3","show_post_tag":"1","show_prev_next_post":"1","show_popup_post":"1","number_popup_post":"1","show_author_box":"0","show_post_related":"0","show_inline_post_related":"0"}],"image_override":[{"single_post_thumbnail_size":"crop-500","single_post_gallery_size":"crop-500"}],"trending_post_position":"meta","trending_post_label":"Trending","sponsored_post_label":"Sponsored by","disable_ad":"0"},"jnews_primary_category":{"id":"9"},"footnotes":""},"categories":[9],"tags":[18,33,1220],"class_list":["post-55767","post","type-post","status-publish","format-standard","has-post-thumbnail","hentry","category-news","tag-ipad","tag-ipados","tag-ipados-26"],"yoast_head":"<!-- This site is optimized with the Yoast SEO Premium plugin v27.5 (Yoast SEO v27.5) - https:\/\/yoast.com\/product\/yoast-seo-premium-wordpress\/ -->\n<title>iPadOS 26 ist bereit f\u00fcr das kommende iPad Fold mit 18,8 Zoll Apfelpatient<\/title>\n<meta name=\"description\" content=\"iPadOS 26 bringt das bisher gr\u00f6\u00dfte Multitasking-Update f\u00fcr dein iPad \u2013 perfekt vorbereitet f\u00fcr das kommende faltbare iPad mit 18,8 Zoll.\" \/>\n<meta name=\"robots\" content=\"index, follow, max-snippet:-1, max-image-preview:large, max-video-preview:-1\" \/>\n<link rel=\"canonical\" href=\"https:\/\/www.apfelpatient.de\/en\/news\/ipads-26-are-ready-for-the-upcoming-188-inch-ipad-fold\" \/>\n<meta property=\"og:locale\" content=\"en_US\" \/>\n<meta property=\"og:type\" content=\"article\" \/>\n<meta property=\"og:title\" content=\"iPadOS 26 ist bereit f\u00fcr das kommende iPad Fold mit 18,8 Zoll\" \/>\n<meta property=\"og:description\" content=\"iPadOS 26 bringt das bisher gr\u00f6\u00dfte Multitasking-Update f\u00fcr dein iPad \u2013 perfekt vorbereitet f\u00fcr das kommende faltbare iPad mit 18,8 Zoll.\" \/>\n<meta property=\"og:url\" content=\"https:\/\/www.apfelpatient.de\/en\/news\/ipads-26-are-ready-for-the-upcoming-188-inch-ipad-fold\" \/>\n<meta property=\"og:site_name\" content=\"Apfelpatient\" \/>\n<meta property=\"article:publisher\" content=\"https:\/\/www.facebook.com\/apfelpatientOfficial\" \/>\n<meta property=\"article:author\" content=\"https:\/\/www.facebook.com\/apfelpatientOfficial\" \/>\n<meta property=\"article:published_time\" content=\"2025-06-13T00:06:38+00:00\" \/>\n<meta property=\"article:modified_time\" content=\"2025-06-13T00:06:40+00:00\" \/>\n<meta property=\"og:image\" content=\"https:\/\/www.apfelpatient.de\/wp-content\/uploads\/2025\/06\/shutterstock_1911974416.jpg\" \/>\n\t<meta property=\"og:image:width\" content=\"1600\" \/>\n\t<meta property=\"og:image:height\" content=\"1067\" \/>\n\t<meta property=\"og:image:type\" content=\"image\/jpeg\" \/>\n<meta name=\"author\" content=\"Milan\" \/>\n<meta name=\"twitter:card\" content=\"summary_large_image\" \/>\n<meta name=\"twitter:description\" content=\"iPadOS 26 bringt das bisher gr\u00f6\u00dfte Multitasking-Update f\u00fcr dein iPad \u2013 perfekt vorbereitet f\u00fcr das kommende faltbare iPad mit 18,8 Zoll.\" \/>\n<meta name=\"twitter:label1\" content=\"Written by\" \/>\n\t<meta name=\"twitter:data1\" content=\"Milan\" \/>\n\t<meta name=\"twitter:label2\" content=\"Est. reading time\" \/>\n\t<meta name=\"twitter:data2\" content=\"3 minutes\" \/>\n<script type=\"application\/ld+json\" class=\"yoast-schema-graph\">{\"@context\":\"https:\\\/\\\/schema.org\",\"@graph\":[{\"@type\":\"NewsArticle\",\"@id\":\"https:\\\/\\\/www.apfelpatient.de\\\/news\\\/ipados-26-ist-bereit-fuer-das-kommende-ipad-fold-mit-188-zoll#article\",\"isPartOf\":{\"@id\":\"https:\\\/\\\/www.apfelpatient.de\\\/news\\\/ipados-26-ist-bereit-fuer-das-kommende-ipad-fold-mit-188-zoll\"},\"author\":{\"@type\":\"Organization\",\"@id\":\"https:\\\/\\\/www.apfelpatient.de\\\/en\\\/#organization\",\"name\":\"Apfelpatient\",\"url\":\"https:\\\/\\\/www.apfelpatient.de\\\/en\\\/\"},\"headline\":\"iPadOS 26 ist bereit f\u00fcr das kommende iPad Fold mit 18,8 Zoll\",\"datePublished\":\"2025-06-13T00:06:38+00:00\",\"dateModified\":\"2025-06-13T00:06:40+00:00\",\"mainEntityOfPage\":{\"@id\":\"https:\\\/\\\/www.apfelpatient.de\\\/news\\\/ipados-26-ist-bereit-fuer-das-kommende-ipad-fold-mit-188-zoll\"},\"wordCount\":498,\"publisher\":{\"@type\":\"Organization\",\"@id\":\"https:\\\/\\\/www.apfelpatient.de\\\/en\\\/#organization\",\"name\":\"Apfelpatient\",\"url\":\"https:\\\/\\\/www.apfelpatient.de\\\/en\\\/\"},\"image\":{\"@id\":\"https:\\\/\\\/www.apfelpatient.de\\\/news\\\/ipados-26-ist-bereit-fuer-das-kommende-ipad-fold-mit-188-zoll#primaryimage\"},\"thumbnailUrl\":\"https:\\\/\\\/www.apfelpatient.de\\\/wp-content\\\/uploads\\\/2025\\\/06\\\/shutterstock_1911974416.jpg\",\"keywords\":[\"iPad\",\"iPadOS\",\"iPadOS 26\"],\"articleSection\":\"News\",\"inLanguage\":\"en-US\",\"copyrightYear\":\"2025\",\"copyrightHolder\":{\"@id\":\"https:\\\/\\\/www.apfelpatient.de\\\/en\\\/#organization\"}},{\"@type\":\"WebPage\",\"@id\":\"https:\\\/\\\/www.apfelpatient.de\\\/news\\\/ipados-26-ist-bereit-fuer-das-kommende-ipad-fold-mit-188-zoll\",\"url\":\"https:\\\/\\\/www.apfelpatient.de\\\/news\\\/ipados-26-ist-bereit-fuer-das-kommende-ipad-fold-mit-188-zoll\",\"name\":\"iPadOS 26 ist bereit f\u00fcr das kommende iPad Fold mit 18,8 Zoll Apfelpatient\",\"isPartOf\":{\"@id\":\"https:\\\/\\\/www.apfelpatient.de\\\/#website\"},\"primaryImageOfPage\":{\"@id\":\"https:\\\/\\\/www.apfelpatient.de\\\/news\\\/ipados-26-ist-bereit-fuer-das-kommende-ipad-fold-mit-188-zoll#primaryimage\"},\"image\":{\"@id\":\"https:\\\/\\\/www.apfelpatient.de\\\/news\\\/ipados-26-ist-bereit-fuer-das-kommende-ipad-fold-mit-188-zoll#primaryimage\"},\"thumbnailUrl\":\"https:\\\/\\\/www.apfelpatient.de\\\/wp-content\\\/uploads\\\/2025\\\/06\\\/shutterstock_1911974416.jpg\",\"datePublished\":\"2025-06-13T00:06:38+00:00\",\"dateModified\":\"2025-06-13T00:06:40+00:00\",\"description\":\"iPadOS 26 bringt das bisher gr\u00f6\u00dfte Multitasking-Update f\u00fcr dein iPad \u2013 perfekt vorbereitet f\u00fcr das kommende faltbare iPad mit 18,8 Zoll.\",\"breadcrumb\":{\"@id\":\"https:\\\/\\\/www.apfelpatient.de\\\/news\\\/ipados-26-ist-bereit-fuer-das-kommende-ipad-fold-mit-188-zoll#breadcrumb\"},\"inLanguage\":\"en-US\",\"potentialAction\":[{\"@type\":\"ReadAction\",\"target\":[\"https:\\\/\\\/www.apfelpatient.de\\\/news\\\/ipados-26-ist-bereit-fuer-das-kommende-ipad-fold-mit-188-zoll\"]}]},{\"@type\":\"ImageObject\",\"inLanguage\":\"en-US\",\"@id\":\"https:\\\/\\\/www.apfelpatient.de\\\/news\\\/ipados-26-ist-bereit-fuer-das-kommende-ipad-fold-mit-188-zoll#primaryimage\",\"url\":\"https:\\\/\\\/www.apfelpatient.de\\\/wp-content\\\/uploads\\\/2025\\\/06\\\/shutterstock_1911974416.jpg\",\"contentUrl\":\"https:\\\/\\\/www.apfelpatient.de\\\/wp-content\\\/uploads\\\/2025\\\/06\\\/shutterstock_1911974416.jpg\",\"width\":1600,\"height\":1067,\"caption\":\"Bild: Shutterstock \\\/ Farknot Architect\"},{\"@type\":\"BreadcrumbList\",\"@id\":\"https:\\\/\\\/www.apfelpatient.de\\\/news\\\/ipados-26-ist-bereit-fuer-das-kommende-ipad-fold-mit-188-zoll#breadcrumb\",\"itemListElement\":[{\"@type\":\"ListItem\",\"position\":1,\"name\":\"Startseite\",\"item\":\"https:\\\/\\\/www.apfelpatient.de\\\/\"},{\"@type\":\"ListItem\",\"position\":2,\"name\":\"iPadOS 26 ist bereit f\u00fcr das kommende iPad Fold mit 18,8 Zoll\"}]},{\"@type\":\"WebSite\",\"@id\":\"https:\\\/\\\/www.apfelpatient.de\\\/#website\",\"url\":\"https:\\\/\\\/www.apfelpatient.de\\\/\",\"name\":\"Apfelpatient\",\"description\":\"Alles rund um Apple!\",\"publisher\":{\"@type\":\"Organization\",\"@id\":\"https:\\\/\\\/www.apfelpatient.de\\\/en\\\/#organization\",\"name\":\"Apfelpatient\",\"url\":\"https:\\\/\\\/www.apfelpatient.de\\\/en\\\/\"},\"alternateName\":\"Apfelpatient\",\"potentialAction\":[{\"@type\":\"SearchAction\",\"target\":{\"@type\":\"EntryPoint\",\"urlTemplate\":\"https:\\\/\\\/www.apfelpatient.de\\\/?s={search_term_string}\"},\"query-input\":{\"@type\":\"PropertyValueSpecification\",\"valueRequired\":true,\"valueName\":\"search_term_string\"}}],\"inLanguage\":\"en-US\"},{\"@type\":[\"Person\",\"Organization\"],\"@id\":\"https:\\\/\\\/www.apfelpatient.de\\\/#\\\/schema\\\/person\\\/7dc56ad6c8e9824b76d2c08d4c140e13\",\"name\":\"Milan\",\"logo\":{\"@id\":\"https:\\\/\\\/www.apfelpatient.de\\\/#\\\/schema\\\/person\\\/image\\\/\"},\"description\":\"Hallo und herzlich willkommen auf meinem Technik-Blog! Als gro\u00dfer Apple-Fan berichte ich hier \u00fcber alles, was mit Apple zu tun hat: von den neuesten News und spannenden Ger\u00fcchten \u00fcber hilfreiche Tipps und Tricks bis hin zu ausf\u00fchrlichen Produkttests. Wenn du genauso technikbegeistert bist wie ich, bist du hier genau richtig!\",\"sameAs\":[\"https:\\\/\\\/www.facebook.com\\\/apfelpatientOfficial\",\"https:\\\/\\\/www.linkedin.com\\\/in\\\/milan-jovicic-42aa0231b\"],\"url\":\"https:\\\/\\\/www.apfelpatient.de\\\/en\\\/author\\\/apfeladmin\"}]}<\/script>\n<!-- \/ Yoast SEO Premium plugin. -->","yoast_head_json":{"title":"iPadOS 26 is ready for the upcoming 18.8-inch iPad Fold","description":"iPadOS 26 brings the biggest multitasking update yet for your iPad \u2013 perfectly prepared for the upcoming 18.8-inch foldable iPad.","robots":{"index":"index","follow":"follow","max-snippet":"max-snippet:-1","max-image-preview":"max-image-preview:large","max-video-preview":"max-video-preview:-1"},"canonical":"https:\/\/www.apfelpatient.de\/en\/news\/ipads-26-are-ready-for-the-upcoming-188-inch-ipad-fold","og_locale":"en_US","og_type":"article","og_title":"iPadOS 26 ist bereit f\u00fcr das kommende iPad Fold mit 18,8 Zoll","og_description":"iPadOS 26 bringt das bisher gr\u00f6\u00dfte Multitasking-Update f\u00fcr dein iPad \u2013 perfekt vorbereitet f\u00fcr das kommende faltbare iPad mit 18,8 Zoll.","og_url":"https:\/\/www.apfelpatient.de\/en\/news\/ipads-26-are-ready-for-the-upcoming-188-inch-ipad-fold","og_site_name":"Apfelpatient","article_publisher":"https:\/\/www.facebook.com\/apfelpatientOfficial","article_author":"https:\/\/www.facebook.com\/apfelpatientOfficial","article_published_time":"2025-06-13T00:06:38+00:00","article_modified_time":"2025-06-13T00:06:40+00:00","og_image":[{"width":1600,"height":1067,"url":"https:\/\/www.apfelpatient.de\/wp-content\/uploads\/2025\/06\/shutterstock_1911974416.jpg","type":"image\/jpeg"}],"author":"Milan","twitter_card":"summary_large_image","twitter_description":"iPadOS 26 bringt das bisher gr\u00f6\u00dfte Multitasking-Update f\u00fcr dein iPad \u2013 perfekt vorbereitet f\u00fcr das kommende faltbare iPad mit 18,8 Zoll.","twitter_misc":{"Written by":"Milan","Est. reading time":"3 minutes"},"schema":{"@context":"https:\/\/schema.org","@graph":[{"@type":"NewsArticle","@id":"https:\/\/www.apfelpatient.de\/news\/ipados-26-ist-bereit-fuer-das-kommende-ipad-fold-mit-188-zoll#article","isPartOf":{"@id":"https:\/\/www.apfelpatient.de\/news\/ipados-26-ist-bereit-fuer-das-kommende-ipad-fold-mit-188-zoll"},"author":{"@type":"Organization","@id":"https:\/\/www.apfelpatient.de\/en\/#organization","name":"Apfelpatient","url":"https:\/\/www.apfelpatient.de\/en\/"},"headline":"iPadOS 26 ist bereit f\u00fcr das kommende iPad Fold mit 18,8 Zoll","datePublished":"2025-06-13T00:06:38+00:00","dateModified":"2025-06-13T00:06:40+00:00","mainEntityOfPage":{"@id":"https:\/\/www.apfelpatient.de\/news\/ipados-26-ist-bereit-fuer-das-kommende-ipad-fold-mit-188-zoll"},"wordCount":498,"publisher":{"@type":"Organization","@id":"https:\/\/www.apfelpatient.de\/en\/#organization","name":"Apfelpatient","url":"https:\/\/www.apfelpatient.de\/en\/"},"image":{"@id":"https:\/\/www.apfelpatient.de\/news\/ipados-26-ist-bereit-fuer-das-kommende-ipad-fold-mit-188-zoll#primaryimage"},"thumbnailUrl":"https:\/\/www.apfelpatient.de\/wp-content\/uploads\/2025\/06\/shutterstock_1911974416.jpg","keywords":["iPad","iPadOS","iPadOS 26"],"articleSection":"News","inLanguage":"en-US","copyrightYear":"2025","copyrightHolder":{"@id":"https:\/\/www.apfelpatient.de\/en\/#organization"}},{"@type":"WebPage","@id":"https:\/\/www.apfelpatient.de\/news\/ipados-26-ist-bereit-fuer-das-kommende-ipad-fold-mit-188-zoll","url":"https:\/\/www.apfelpatient.de\/news\/ipados-26-ist-bereit-fuer-das-kommende-ipad-fold-mit-188-zoll","name":"iPadOS 26 is ready for the upcoming 18.8-inch iPad Fold","isPartOf":{"@id":"https:\/\/www.apfelpatient.de\/#website"},"primaryImageOfPage":{"@id":"https:\/\/www.apfelpatient.de\/news\/ipados-26-ist-bereit-fuer-das-kommende-ipad-fold-mit-188-zoll#primaryimage"},"image":{"@id":"https:\/\/www.apfelpatient.de\/news\/ipados-26-ist-bereit-fuer-das-kommende-ipad-fold-mit-188-zoll#primaryimage"},"thumbnailUrl":"https:\/\/www.apfelpatient.de\/wp-content\/uploads\/2025\/06\/shutterstock_1911974416.jpg","datePublished":"2025-06-13T00:06:38+00:00","dateModified":"2025-06-13T00:06:40+00:00","description":"iPadOS 26 brings the biggest multitasking update yet for your iPad \u2013 perfectly prepared for the upcoming 18.8-inch foldable iPad.","breadcrumb":{"@id":"https:\/\/www.apfelpatient.de\/news\/ipados-26-ist-bereit-fuer-das-kommende-ipad-fold-mit-188-zoll#breadcrumb"},"inLanguage":"en-US","potentialAction":[{"@type":"ReadAction","target":["https:\/\/www.apfelpatient.de\/news\/ipados-26-ist-bereit-fuer-das-kommende-ipad-fold-mit-188-zoll"]}]},{"@type":"ImageObject","inLanguage":"en-US","@id":"https:\/\/www.apfelpatient.de\/news\/ipados-26-ist-bereit-fuer-das-kommende-ipad-fold-mit-188-zoll#primaryimage","url":"https:\/\/www.apfelpatient.de\/wp-content\/uploads\/2025\/06\/shutterstock_1911974416.jpg","contentUrl":"https:\/\/www.apfelpatient.de\/wp-content\/uploads\/2025\/06\/shutterstock_1911974416.jpg","width":1600,"height":1067,"caption":"Bild: Shutterstock \/ Farknot Architect"},{"@type":"BreadcrumbList","@id":"https:\/\/www.apfelpatient.de\/news\/ipados-26-ist-bereit-fuer-das-kommende-ipad-fold-mit-188-zoll#breadcrumb","itemListElement":[{"@type":"ListItem","position":1,"name":"Startseite","item":"https:\/\/www.apfelpatient.de\/"},{"@type":"ListItem","position":2,"name":"iPadOS 26 ist bereit f\u00fcr das kommende iPad Fold mit 18,8 Zoll"}]},{"@type":"WebSite","@id":"https:\/\/www.apfelpatient.de\/#website","url":"https:\/\/www.apfelpatient.de\/","name":"apple patient","description":"Everything about Apple!","publisher":{"@type":"Organization","@id":"https:\/\/www.apfelpatient.de\/en\/#organization","name":"Apfelpatient","url":"https:\/\/www.apfelpatient.de\/en\/"},"alternateName":"Apfelpatient","potentialAction":[{"@type":"SearchAction","target":{"@type":"EntryPoint","urlTemplate":"https:\/\/www.apfelpatient.de\/?s={search_term_string}"},"query-input":{"@type":"PropertyValueSpecification","valueRequired":true,"valueName":"search_term_string"}}],"inLanguage":"en-US"},{"@type":["Person","Organization"],"@id":"https:\/\/www.apfelpatient.de\/#\/schema\/person\/7dc56ad6c8e9824b76d2c08d4c140e13","name":"Milan","logo":{"@id":"https:\/\/www.apfelpatient.de\/#\/schema\/person\/image\/"},"description":"Hello and welcome to my technology blog! As a big Apple fan, I report on everything to do with Apple: from the latest news and exciting rumors to helpful tips and tricks and detailed product tests. If you are as enthusiastic about technology as I am, you have come to the right place!","sameAs":["https:\/\/www.facebook.com\/apfelpatientOfficial","https:\/\/www.linkedin.com\/in\/milan-jovicic-42aa0231b"],"url":"https:\/\/www.apfelpatient.de\/en\/author\/apfeladmin"}]}},"_links":{"self":[{"href":"https:\/\/www.apfelpatient.de\/en\/wp-json\/wp\/v2\/posts\/55767","targetHints":{"allow":["GET"]}}],"collection":[{"href":"https:\/\/www.apfelpatient.de\/en\/wp-json\/wp\/v2\/posts"}],"about":[{"href":"https:\/\/www.apfelpatient.de\/en\/wp-json\/wp\/v2\/types\/post"}],"author":[{"embeddable":true,"href":"https:\/\/www.apfelpatient.de\/en\/wp-json\/wp\/v2\/users\/2"}],"replies":[{"embeddable":true,"href":"https:\/\/www.apfelpatient.de\/en\/wp-json\/wp\/v2\/comments?post=55767"}],"version-history":[{"count":0,"href":"https:\/\/www.apfelpatient.de\/en\/wp-json\/wp\/v2\/posts\/55767\/revisions"}],"wp:featuredmedia":[{"embeddable":true,"href":"https:\/\/www.apfelpatient.de\/en\/wp-json\/wp\/v2\/media\/55766"}],"wp:attachment":[{"href":"https:\/\/www.apfelpatient.de\/en\/wp-json\/wp\/v2\/media?parent=55767"}],"wp:term":[{"taxonomy":"category","embeddable":true,"href":"https:\/\/www.apfelpatient.de\/en\/wp-json\/wp\/v2\/categories?post=55767"},{"taxonomy":"post_tag","embeddable":true,"href":"https:\/\/www.apfelpatient.de\/en\/wp-json\/wp\/v2\/tags?post=55767"}],"curies":[{"name":"wp","href":"https:\/\/api.w.org\/{rel}","templated":true}]}}