{"id":55586,"date":"2025-06-09T23:43:45","date_gmt":"2025-06-09T21:43:45","guid":{"rendered":"https:\/\/www.apfelpatient.de\/?p=55586"},"modified":"2025-06-09T23:43:47","modified_gmt":"2025-06-09T21:43:47","slug":"apple-pulls-the-plug-on-macos-27-without-intel-macs","status":"publish","type":"post","link":"https:\/\/www.apfelpatient.de\/en\/news\/apple-zieht-den-stecker-macos-27-ohne-intel-macs","title":{"rendered":"Apple pulls the plug: macOS 27 without Intel Macs"},"content":{"rendered":"<p class=\"has-drop-cap\"><strong>Apple officially announced at WWDC 2025 that macOS 26 &quot;Tahoe&quot; will be the last version to support Intel Macs. Starting next year, with the release of macOS 27, all Macs with Intel processors will be phased out. New macOS versions will then only run on Apple Silicon\u2014that is, devices with M1, M2, or newer chips.<\/strong><\/p>\n\n\n\n<p>Since switching to Apple Silicon in 2020, Apple has gradually reduced support for Intel hardware. The announcement at WWDC now makes it clear that Intel Macs no longer have a future in the Apple ecosystem. macOS 27 is being developed exclusively for Apple Silicon. The separation is now officially complete. For you as an Intel Mac user, this means you should know what&#039;s coming \u2013 and how long your device will still be useful.<\/p>\n\n\n\n<h4 class=\"wp-block-heading\" id=\"h-macos-26-ist-die-letzte-version-mit-intel-support\">macOS 26 is the last version with Intel support<\/h4>\n\n\n\n<p>Apple has confirmed that macOS 26 &quot;Tahoe&quot; will be the last version compatible with certain Intel Macs. Some Intel models already no longer run this version. macOS 27 will end support entirely. This affects, for example, the Intel-based MacBook Air and the Intel-based Mac mini\u2014both of which are already no longer supported by macOS 26. Devices currently running Tahoe will likely be excluded from macOS 27.<\/p>\n\n\n\n<h4 class=\"wp-block-heading\" id=\"h-diese-intel-macs-sind-noch-kompatibel-aber-nicht-mehr-lange\">These Intel Macs are still compatible \u2013 but not for much longer<\/h4>\n\n\n\n<p>The following Intel-based Macs are still compatible with macOS 26:<\/p>\n\n\n\n<ul class=\"wp-block-list\">\n<li>MacBook Pro 16\u201d (2019)<\/li>\n\n\n\n<li>MacBook Pro 13\u201d (2020, Intel version)<\/li>\n\n\n\n<li>iMac (2020, Intel version)<\/li>\n\n\n\n<li>Mac Pro (2019)<\/li>\n<\/ul>\n\n\n\n<p>macOS 27 will no longer support these models. This means that starting in 2026, there will be no feature updates for any Intel Mac.<\/p>\n\n\n\n<h4 class=\"wp-block-heading\" id=\"h-sicherheitsupdates-gibt-es-noch-fur-begrenzte-zeit\">Security updates are still available \u2013 for a limited time<\/h4>\n\n\n\n<p>Even though Apple is ending feature support, that doesn&#039;t mean Intel Macs will immediately become insecure. Apple has announced that security updates will be available for the affected models for another three years. So you&#039;ll still receive critical patches until around 2029. However, new features, designs, or system functions will be excluded starting with macOS 27.<\/p>\n\n\n\n<h4 class=\"wp-block-heading\" id=\"h-apple-silicon-wird-zur-voraussetzung\">Apple Silicon becomes a prerequisite<\/h4>\n\n\n\n<p>By focusing on Apple Silicon, Apple aims to more closely align macOS development with its own hardware. This means better performance, longer battery life, and new technologies and features specifically designed for the M1, M2, and newer chips. What this means for you: If you want to stay up-to-date with macOS, you need an Apple Silicon Mac. The first devices with the M1 chip launched in 2020. These include the MacBook Air M1, the MacBook Pro M1, and the Mac mini M1. More powerful models like the MacBook Pro with M1 Pro and M1 Max followed in 2021. These devices are fully compatible with macOS 27 and later versions.<\/p>\n\n\n\n<ul class=\"wp-block-list\">\n<li><a href=\"https:\/\/www.apfelpatient.de\/en\/news\/macos-26-in-detail-new-design-ai-and-more\">macOS 26 in detail: New design, AI and more<\/a><\/li>\n<\/ul>\n\n\n\n<h3 class=\"wp-block-heading\" id=\"h-intel-macs-am-ende-zeit-fur-den-wechsel\">Intel Macs at the end: time for a change?<\/h3>\n\n\n\n<p class=\"translation-block\">If you&#039;re using an Intel Mac, you should consider how long you plan to keep using it. As long as security updates are available, you can continue using it\u2014but without new features and app compatibility, the user experience will be limited over time. Anyone who works productively with their Mac or wants to use the latest software should plan to upgrade to an Apple Silicon model in the coming months. Apple is drawing a clear line with this step. macOS will be developed exclusively on its own hardware starting in 2026. For Intel users, macOS 26 is the last major update\u2014and the end of an era. The best products for you: Our <a href=\"https:\/\/www.amazon.de\/shop\/apfelpatientofficial\" target=\"_blank\" rel=\"noreferrer noopener follow\" data-wpel-link=\"exclude\">Amazon Storefront<\/a> offers a wide selection of accessories, including accessories for HomeKit. (Image: Apple)<\/p>\n\n\n\n<ul class=\"wp-block-list\">\n<li><a href=\"https:\/\/www.apfelpatient.de\/en\/tips-tricks\/ios-26-co-these-apple-devices-get-updates\">iOS 26 &amp; Co.: These Apple devices will receive updates<\/a><\/li>\n\n\n\n<li><a href=\"https:\/\/www.apfelpatient.de\/en\/news\/ios-26-beta-is-here-apple-brings-a-breath-of-fresh-air-to-the-system\">iOS 26 Beta is here \u2013 Apple brings a breath of fresh air to the system<\/a><\/li>\n<\/ul>\n\n\n\n<h6 class=\"wp-block-heading translation-block\" id=\"h-kennt-ihr-schon-unsere-amazon-storefront-dort-findet-ihr-eine-handverlesene-auswahl-von-diversen-produkten-f-r-euer-iphone-und-co-viel-spa-beim-st-bern\"><em>Have you already visited our Amazon Storefront? There you&#039;ll find a hand-picked selection of various products for your iPhone and other devices \u2013 <span class=\"has-inline-color has-vivid-red-color\"><a href=\"https:\/\/www.amazon.de\/shop\/apfelpatientofficial\" class=\"ek-link\" data-wpel-link=\"exclude\" rel=\"follow noopener\" target=\"_self\"><span style=\"text-decoration: underline\" class=\"ek-underline\">enjoy browsing<\/span><\/a> !<\/span><\/em><\/h6>\n\n\n\n<h6 class=\"wp-block-heading translation-block\" id=\"h-der-beitrag-enthalt-partnerlinks\">This post contains <a data-type=\"URL\" data-id=\"https:\/\/www.apfelpatient.de\/partnerprogramm\" href=\"https:\/\/www.apfelpatient.de\/en\/partner-program\" data-wpel-link=\"internal\" target=\"_self\">affiliate links<\/a>.<\/h6>","protected":false},"excerpt":{"rendered":"<p>Apple is drawing a line under it: macOS 26 is the last version for Intel Macs. Starting in 2026, everything will run exclusively on Apple Silicon.<\/p>","protected":false},"author":2,"featured_media":55538,"comment_status":"closed","ping_status":"closed","sticky":false,"template":"","format":"standard","meta":{"jnews-multi-image_gallery":[],"jnews_single_post":{"format":"standard","override":[{"template":"2","parallax":"1","fullscreen":"1","layout":"right-sidebar","sidebar":"default-sidebar","second_sidebar":"default-sidebar","sticky_sidebar":"1","share_position":"top","share_float_style":"share-monocrhome","show_featured":"1","show_post_meta":"1","show_post_author":"1","show_post_author_image":"1","show_post_date":"1","post_date_format":"default","post_date_format_custom":"Y\/m\/d","show_post_category":"1","show_post_reading_time":"0","post_reading_time_wpm":"300","post_calculate_word_method":"str_word_count","show_zoom_button":"0","zoom_button_out_step":"2","zoom_button_in_step":"3","show_post_tag":"1","show_prev_next_post":"1","show_popup_post":"1","number_popup_post":"1","show_author_box":"0","show_post_related":"0","show_inline_post_related":"0"}],"image_override":[{"single_post_thumbnail_size":"crop-500","single_post_gallery_size":"crop-500"}],"trending_post_position":"meta","trending_post_label":"Trending","sponsored_post_label":"Sponsored by","disable_ad":"0"},"jnews_primary_category":{"id":"9"},"footnotes":""},"categories":[9],"tags":[40,4,1223,1228],"class_list":["post-55586","post","type-post","status-publish","format-standard","has-post-thumbnail","hentry","category-news","tag-mac","tag-macos","tag-macos-26","tag-macos-27"],"yoast_head":"<!-- This site is optimized with the Yoast SEO Premium plugin v27.5 (Yoast SEO v27.5) - https:\/\/yoast.com\/product\/yoast-seo-premium-wordpress\/ -->\n<title>Apple zieht den Stecker: macOS 27 ohne Intel-Macs Apfelpatient<\/title>\n<meta name=\"description\" content=\"Apple zieht den Schlussstrich: macOS 26 ist die letzte Version f\u00fcr Intel-Macs. Ab 2026 l\u00e4uft alles nur noch auf Apple Silicon.\" \/>\n<meta name=\"robots\" content=\"index, follow, max-snippet:-1, max-image-preview:large, max-video-preview:-1\" \/>\n<link rel=\"canonical\" href=\"https:\/\/www.apfelpatient.de\/en\/news\/apple-pulls-the-plug-on-macos-27-without-intel-macs\" \/>\n<meta property=\"og:locale\" content=\"en_US\" \/>\n<meta property=\"og:type\" content=\"article\" \/>\n<meta property=\"og:title\" content=\"Apple zieht den Stecker: macOS 27 ohne Intel-Macs\" \/>\n<meta property=\"og:description\" content=\"Apple zieht den Schlussstrich: macOS 26 ist die letzte Version f\u00fcr Intel-Macs. Ab 2026 l\u00e4uft alles nur noch auf Apple Silicon.\" \/>\n<meta property=\"og:url\" content=\"https:\/\/www.apfelpatient.de\/en\/news\/apple-pulls-the-plug-on-macos-27-without-intel-macs\" \/>\n<meta property=\"og:site_name\" content=\"Apfelpatient\" \/>\n<meta property=\"article:publisher\" content=\"https:\/\/www.facebook.com\/apfelpatientOfficial\" \/>\n<meta property=\"article:author\" content=\"https:\/\/www.facebook.com\/apfelpatientOfficial\" \/>\n<meta property=\"article:published_time\" content=\"2025-06-09T21:43:45+00:00\" \/>\n<meta property=\"article:modified_time\" content=\"2025-06-09T21:43:47+00:00\" \/>\n<meta property=\"og:image\" content=\"https:\/\/www.apfelpatient.de\/wp-content\/uploads\/2025\/06\/Apple-WWDC25-macOS-Tahoe-26-lifestyle-02-250609.jpg\" \/>\n\t<meta property=\"og:image:width\" content=\"1600\" \/>\n\t<meta property=\"og:image:height\" content=\"900\" \/>\n\t<meta property=\"og:image:type\" content=\"image\/jpeg\" \/>\n<meta name=\"author\" content=\"Milan\" \/>\n<meta name=\"twitter:card\" content=\"summary_large_image\" \/>\n<meta name=\"twitter:description\" content=\"Apple zieht den Schlussstrich: macOS 26 ist die letzte Version f\u00fcr Intel-Macs. Ab 2026 l\u00e4uft alles nur noch auf Apple Silicon.\" \/>\n<meta name=\"twitter:label1\" content=\"Written by\" \/>\n\t<meta name=\"twitter:data1\" content=\"Milan\" \/>\n\t<meta name=\"twitter:label2\" content=\"Est. reading time\" \/>\n\t<meta name=\"twitter:data2\" content=\"4 minutes\" \/>\n<script type=\"application\/ld+json\" class=\"yoast-schema-graph\">{\"@context\":\"https:\\\/\\\/schema.org\",\"@graph\":[{\"@type\":\"NewsArticle\",\"@id\":\"https:\\\/\\\/www.apfelpatient.de\\\/news\\\/apple-zieht-den-stecker-macos-27-ohne-intel-macs#article\",\"isPartOf\":{\"@id\":\"https:\\\/\\\/www.apfelpatient.de\\\/news\\\/apple-zieht-den-stecker-macos-27-ohne-intel-macs\"},\"author\":{\"@type\":\"Organization\",\"@id\":\"https:\\\/\\\/www.apfelpatient.de\\\/en\\\/#organization\",\"name\":\"Apfelpatient\",\"url\":\"https:\\\/\\\/www.apfelpatient.de\\\/en\\\/\"},\"headline\":\"Apple zieht den Stecker: macOS 27 ohne Intel-Macs\",\"datePublished\":\"2025-06-09T21:43:45+00:00\",\"dateModified\":\"2025-06-09T21:43:47+00:00\",\"mainEntityOfPage\":{\"@id\":\"https:\\\/\\\/www.apfelpatient.de\\\/news\\\/apple-zieht-den-stecker-macos-27-ohne-intel-macs\"},\"wordCount\":613,\"publisher\":{\"@type\":\"Organization\",\"@id\":\"https:\\\/\\\/www.apfelpatient.de\\\/en\\\/#organization\",\"name\":\"Apfelpatient\",\"url\":\"https:\\\/\\\/www.apfelpatient.de\\\/en\\\/\"},\"image\":{\"@id\":\"https:\\\/\\\/www.apfelpatient.de\\\/news\\\/apple-zieht-den-stecker-macos-27-ohne-intel-macs#primaryimage\"},\"thumbnailUrl\":\"https:\\\/\\\/www.apfelpatient.de\\\/wp-content\\\/uploads\\\/2025\\\/06\\\/Apple-WWDC25-macOS-Tahoe-26-lifestyle-02-250609.jpg\",\"keywords\":[\"Mac\",\"macOS\",\"macOS 26\",\"macOS 27\"],\"articleSection\":\"News\",\"inLanguage\":\"en-US\",\"copyrightYear\":\"2025\",\"copyrightHolder\":{\"@id\":\"https:\\\/\\\/www.apfelpatient.de\\\/en\\\/#organization\"}},{\"@type\":\"WebPage\",\"@id\":\"https:\\\/\\\/www.apfelpatient.de\\\/news\\\/apple-zieht-den-stecker-macos-27-ohne-intel-macs\",\"url\":\"https:\\\/\\\/www.apfelpatient.de\\\/news\\\/apple-zieht-den-stecker-macos-27-ohne-intel-macs\",\"name\":\"Apple zieht den Stecker: macOS 27 ohne Intel-Macs Apfelpatient\",\"isPartOf\":{\"@id\":\"https:\\\/\\\/www.apfelpatient.de\\\/#website\"},\"primaryImageOfPage\":{\"@id\":\"https:\\\/\\\/www.apfelpatient.de\\\/news\\\/apple-zieht-den-stecker-macos-27-ohne-intel-macs#primaryimage\"},\"image\":{\"@id\":\"https:\\\/\\\/www.apfelpatient.de\\\/news\\\/apple-zieht-den-stecker-macos-27-ohne-intel-macs#primaryimage\"},\"thumbnailUrl\":\"https:\\\/\\\/www.apfelpatient.de\\\/wp-content\\\/uploads\\\/2025\\\/06\\\/Apple-WWDC25-macOS-Tahoe-26-lifestyle-02-250609.jpg\",\"datePublished\":\"2025-06-09T21:43:45+00:00\",\"dateModified\":\"2025-06-09T21:43:47+00:00\",\"description\":\"Apple zieht den Schlussstrich: macOS 26 ist die letzte Version f\u00fcr Intel-Macs. Ab 2026 l\u00e4uft alles nur noch auf Apple Silicon.\",\"breadcrumb\":{\"@id\":\"https:\\\/\\\/www.apfelpatient.de\\\/news\\\/apple-zieht-den-stecker-macos-27-ohne-intel-macs#breadcrumb\"},\"inLanguage\":\"en-US\",\"potentialAction\":[{\"@type\":\"ReadAction\",\"target\":[\"https:\\\/\\\/www.apfelpatient.de\\\/news\\\/apple-zieht-den-stecker-macos-27-ohne-intel-macs\"]}]},{\"@type\":\"ImageObject\",\"inLanguage\":\"en-US\",\"@id\":\"https:\\\/\\\/www.apfelpatient.de\\\/news\\\/apple-zieht-den-stecker-macos-27-ohne-intel-macs#primaryimage\",\"url\":\"https:\\\/\\\/www.apfelpatient.de\\\/wp-content\\\/uploads\\\/2025\\\/06\\\/Apple-WWDC25-macOS-Tahoe-26-lifestyle-02-250609.jpg\",\"contentUrl\":\"https:\\\/\\\/www.apfelpatient.de\\\/wp-content\\\/uploads\\\/2025\\\/06\\\/Apple-WWDC25-macOS-Tahoe-26-lifestyle-02-250609.jpg\",\"width\":1600,\"height\":900,\"caption\":\"Bild: Apple\"},{\"@type\":\"BreadcrumbList\",\"@id\":\"https:\\\/\\\/www.apfelpatient.de\\\/news\\\/apple-zieht-den-stecker-macos-27-ohne-intel-macs#breadcrumb\",\"itemListElement\":[{\"@type\":\"ListItem\",\"position\":1,\"name\":\"Startseite\",\"item\":\"https:\\\/\\\/www.apfelpatient.de\\\/\"},{\"@type\":\"ListItem\",\"position\":2,\"name\":\"Apple zieht den Stecker: macOS 27 ohne Intel-Macs\"}]},{\"@type\":\"WebSite\",\"@id\":\"https:\\\/\\\/www.apfelpatient.de\\\/#website\",\"url\":\"https:\\\/\\\/www.apfelpatient.de\\\/\",\"name\":\"Apfelpatient\",\"description\":\"Alles rund um Apple!\",\"publisher\":{\"@type\":\"Organization\",\"@id\":\"https:\\\/\\\/www.apfelpatient.de\\\/en\\\/#organization\",\"name\":\"Apfelpatient\",\"url\":\"https:\\\/\\\/www.apfelpatient.de\\\/en\\\/\"},\"alternateName\":\"Apfelpatient\",\"potentialAction\":[{\"@type\":\"SearchAction\",\"target\":{\"@type\":\"EntryPoint\",\"urlTemplate\":\"https:\\\/\\\/www.apfelpatient.de\\\/?s={search_term_string}\"},\"query-input\":{\"@type\":\"PropertyValueSpecification\",\"valueRequired\":true,\"valueName\":\"search_term_string\"}}],\"inLanguage\":\"en-US\"},{\"@type\":[\"Person\",\"Organization\"],\"@id\":\"https:\\\/\\\/www.apfelpatient.de\\\/#\\\/schema\\\/person\\\/7dc56ad6c8e9824b76d2c08d4c140e13\",\"name\":\"Milan\",\"logo\":{\"@id\":\"https:\\\/\\\/www.apfelpatient.de\\\/#\\\/schema\\\/person\\\/image\\\/\"},\"description\":\"Hallo und herzlich willkommen auf meinem Technik-Blog! Als gro\u00dfer Apple-Fan berichte ich hier \u00fcber alles, was mit Apple zu tun hat: von den neuesten News und spannenden Ger\u00fcchten \u00fcber hilfreiche Tipps und Tricks bis hin zu ausf\u00fchrlichen Produkttests. Wenn du genauso technikbegeistert bist wie ich, bist du hier genau richtig!\",\"sameAs\":[\"https:\\\/\\\/www.facebook.com\\\/apfelpatientOfficial\",\"https:\\\/\\\/www.linkedin.com\\\/in\\\/milan-jovicic-42aa0231b\"],\"url\":\"https:\\\/\\\/www.apfelpatient.de\\\/en\\\/author\\\/apfeladmin\"}]}<\/script>\n<!-- \/ Yoast SEO Premium plugin. -->","yoast_head_json":{"title":"Apple pulls the plug: macOS 27 without Intel Macs Apfelpatient","description":"Apple is drawing a line under it: macOS 26 is the last version for Intel Macs. Starting in 2026, everything will run exclusively on Apple Silicon.","robots":{"index":"index","follow":"follow","max-snippet":"max-snippet:-1","max-image-preview":"max-image-preview:large","max-video-preview":"max-video-preview:-1"},"canonical":"https:\/\/www.apfelpatient.de\/en\/news\/apple-pulls-the-plug-on-macos-27-without-intel-macs","og_locale":"en_US","og_type":"article","og_title":"Apple zieht den Stecker: macOS 27 ohne Intel-Macs","og_description":"Apple zieht den Schlussstrich: macOS 26 ist die letzte Version f\u00fcr Intel-Macs. Ab 2026 l\u00e4uft alles nur noch auf Apple Silicon.","og_url":"https:\/\/www.apfelpatient.de\/en\/news\/apple-pulls-the-plug-on-macos-27-without-intel-macs","og_site_name":"Apfelpatient","article_publisher":"https:\/\/www.facebook.com\/apfelpatientOfficial","article_author":"https:\/\/www.facebook.com\/apfelpatientOfficial","article_published_time":"2025-06-09T21:43:45+00:00","article_modified_time":"2025-06-09T21:43:47+00:00","og_image":[{"width":1600,"height":900,"url":"https:\/\/www.apfelpatient.de\/wp-content\/uploads\/2025\/06\/Apple-WWDC25-macOS-Tahoe-26-lifestyle-02-250609.jpg","type":"image\/jpeg"}],"author":"Milan","twitter_card":"summary_large_image","twitter_description":"Apple zieht den Schlussstrich: macOS 26 ist die letzte Version f\u00fcr Intel-Macs. Ab 2026 l\u00e4uft alles nur noch auf Apple Silicon.","twitter_misc":{"Written by":"Milan","Est. reading time":"4 minutes"},"schema":{"@context":"https:\/\/schema.org","@graph":[{"@type":"NewsArticle","@id":"https:\/\/www.apfelpatient.de\/news\/apple-zieht-den-stecker-macos-27-ohne-intel-macs#article","isPartOf":{"@id":"https:\/\/www.apfelpatient.de\/news\/apple-zieht-den-stecker-macos-27-ohne-intel-macs"},"author":{"@type":"Organization","@id":"https:\/\/www.apfelpatient.de\/en\/#organization","name":"Apfelpatient","url":"https:\/\/www.apfelpatient.de\/en\/"},"headline":"Apple zieht den Stecker: macOS 27 ohne Intel-Macs","datePublished":"2025-06-09T21:43:45+00:00","dateModified":"2025-06-09T21:43:47+00:00","mainEntityOfPage":{"@id":"https:\/\/www.apfelpatient.de\/news\/apple-zieht-den-stecker-macos-27-ohne-intel-macs"},"wordCount":613,"publisher":{"@type":"Organization","@id":"https:\/\/www.apfelpatient.de\/en\/#organization","name":"Apfelpatient","url":"https:\/\/www.apfelpatient.de\/en\/"},"image":{"@id":"https:\/\/www.apfelpatient.de\/news\/apple-zieht-den-stecker-macos-27-ohne-intel-macs#primaryimage"},"thumbnailUrl":"https:\/\/www.apfelpatient.de\/wp-content\/uploads\/2025\/06\/Apple-WWDC25-macOS-Tahoe-26-lifestyle-02-250609.jpg","keywords":["Mac","macOS","macOS 26","macOS 27"],"articleSection":"News","inLanguage":"en-US","copyrightYear":"2025","copyrightHolder":{"@id":"https:\/\/www.apfelpatient.de\/en\/#organization"}},{"@type":"WebPage","@id":"https:\/\/www.apfelpatient.de\/news\/apple-zieht-den-stecker-macos-27-ohne-intel-macs","url":"https:\/\/www.apfelpatient.de\/news\/apple-zieht-den-stecker-macos-27-ohne-intel-macs","name":"Apple pulls the plug: macOS 27 without Intel Macs Apfelpatient","isPartOf":{"@id":"https:\/\/www.apfelpatient.de\/#website"},"primaryImageOfPage":{"@id":"https:\/\/www.apfelpatient.de\/news\/apple-zieht-den-stecker-macos-27-ohne-intel-macs#primaryimage"},"image":{"@id":"https:\/\/www.apfelpatient.de\/news\/apple-zieht-den-stecker-macos-27-ohne-intel-macs#primaryimage"},"thumbnailUrl":"https:\/\/www.apfelpatient.de\/wp-content\/uploads\/2025\/06\/Apple-WWDC25-macOS-Tahoe-26-lifestyle-02-250609.jpg","datePublished":"2025-06-09T21:43:45+00:00","dateModified":"2025-06-09T21:43:47+00:00","description":"Apple is drawing a line under it: macOS 26 is the last version for Intel Macs. Starting in 2026, everything will run exclusively on Apple Silicon.","breadcrumb":{"@id":"https:\/\/www.apfelpatient.de\/news\/apple-zieht-den-stecker-macos-27-ohne-intel-macs#breadcrumb"},"inLanguage":"en-US","potentialAction":[{"@type":"ReadAction","target":["https:\/\/www.apfelpatient.de\/news\/apple-zieht-den-stecker-macos-27-ohne-intel-macs"]}]},{"@type":"ImageObject","inLanguage":"en-US","@id":"https:\/\/www.apfelpatient.de\/news\/apple-zieht-den-stecker-macos-27-ohne-intel-macs#primaryimage","url":"https:\/\/www.apfelpatient.de\/wp-content\/uploads\/2025\/06\/Apple-WWDC25-macOS-Tahoe-26-lifestyle-02-250609.jpg","contentUrl":"https:\/\/www.apfelpatient.de\/wp-content\/uploads\/2025\/06\/Apple-WWDC25-macOS-Tahoe-26-lifestyle-02-250609.jpg","width":1600,"height":900,"caption":"Bild: Apple"},{"@type":"BreadcrumbList","@id":"https:\/\/www.apfelpatient.de\/news\/apple-zieht-den-stecker-macos-27-ohne-intel-macs#breadcrumb","itemListElement":[{"@type":"ListItem","position":1,"name":"Startseite","item":"https:\/\/www.apfelpatient.de\/"},{"@type":"ListItem","position":2,"name":"Apple zieht den Stecker: macOS 27 ohne Intel-Macs"}]},{"@type":"WebSite","@id":"https:\/\/www.apfelpatient.de\/#website","url":"https:\/\/www.apfelpatient.de\/","name":"apple patient","description":"Everything about Apple!","publisher":{"@type":"Organization","@id":"https:\/\/www.apfelpatient.de\/en\/#organization","name":"Apfelpatient","url":"https:\/\/www.apfelpatient.de\/en\/"},"alternateName":"Apfelpatient","potentialAction":[{"@type":"SearchAction","target":{"@type":"EntryPoint","urlTemplate":"https:\/\/www.apfelpatient.de\/?s={search_term_string}"},"query-input":{"@type":"PropertyValueSpecification","valueRequired":true,"valueName":"search_term_string"}}],"inLanguage":"en-US"},{"@type":["Person","Organization"],"@id":"https:\/\/www.apfelpatient.de\/#\/schema\/person\/7dc56ad6c8e9824b76d2c08d4c140e13","name":"Milan","logo":{"@id":"https:\/\/www.apfelpatient.de\/#\/schema\/person\/image\/"},"description":"Hello and welcome to my technology blog! As a big Apple fan, I report on everything to do with Apple: from the latest news and exciting rumors to helpful tips and tricks and detailed product tests. If you are as enthusiastic about technology as I am, you have come to the right place!","sameAs":["https:\/\/www.facebook.com\/apfelpatientOfficial","https:\/\/www.linkedin.com\/in\/milan-jovicic-42aa0231b"],"url":"https:\/\/www.apfelpatient.de\/en\/author\/apfeladmin"}]}},"_links":{"self":[{"href":"https:\/\/www.apfelpatient.de\/en\/wp-json\/wp\/v2\/posts\/55586","targetHints":{"allow":["GET"]}}],"collection":[{"href":"https:\/\/www.apfelpatient.de\/en\/wp-json\/wp\/v2\/posts"}],"about":[{"href":"https:\/\/www.apfelpatient.de\/en\/wp-json\/wp\/v2\/types\/post"}],"author":[{"embeddable":true,"href":"https:\/\/www.apfelpatient.de\/en\/wp-json\/wp\/v2\/users\/2"}],"replies":[{"embeddable":true,"href":"https:\/\/www.apfelpatient.de\/en\/wp-json\/wp\/v2\/comments?post=55586"}],"version-history":[{"count":0,"href":"https:\/\/www.apfelpatient.de\/en\/wp-json\/wp\/v2\/posts\/55586\/revisions"}],"wp:featuredmedia":[{"embeddable":true,"href":"https:\/\/www.apfelpatient.de\/en\/wp-json\/wp\/v2\/media\/55538"}],"wp:attachment":[{"href":"https:\/\/www.apfelpatient.de\/en\/wp-json\/wp\/v2\/media?parent=55586"}],"wp:term":[{"taxonomy":"category","embeddable":true,"href":"https:\/\/www.apfelpatient.de\/en\/wp-json\/wp\/v2\/categories?post=55586"},{"taxonomy":"post_tag","embeddable":true,"href":"https:\/\/www.apfelpatient.de\/en\/wp-json\/wp\/v2\/tags?post=55586"}],"curies":[{"name":"wp","href":"https:\/\/api.w.org\/{rel}","templated":true}]}}