{"id":55446,"date":"2025-06-05T23:41:32","date_gmt":"2025-06-05T21:41:32","guid":{"rendered":"https:\/\/www.apfelpatient.de\/?p=55446"},"modified":"2025-06-05T23:41:34","modified_gmt":"2025-06-05T21:41:34","slug":"visionos-26-what-apple-has-planned-for-the-vision-pro","status":"publish","type":"post","link":"https:\/\/www.apfelpatient.de\/en\/allgemein\/visionos-26-was-apple-fuer-das-vision-pro-geplant-hat","title":{"rendered":"visionOS 26: What Apple has planned for the Vision Pro"},"content":{"rendered":"<p class=\"has-drop-cap\"><strong>Apple&#039;s annual developer conference, WWDC, kicks off on June 9, 2025. In addition to iOS, iPadOS, macOS, watchOS, and tvOS, the new visionOS 26 \u2013 the operating system for the Vision Pro headset \u2013 will also be unveiled there. While visionOS is less widespread than the other platforms, Apple continues to invest in the system and introduces features that should be especially exciting for Vision Pro users.<\/strong><\/p>\n\n\n\n<p>One detail immediately stands out: Apple is abandoning its previous versioning logic. Instead of visionOS 3, visionOS 2 is now followed by visionOS 26. The number represents the year the system will be released\u20142025\u2014and applies to all platforms with versions from fall 2025 to fall 2026. This is intended to make the operating systems more clearly distinguishable from one another. While the really big surprises are likely reserved for iOS and macOS, there are also some interesting new features for visionOS.<\/p>\n\n\n\n<h4 class=\"wp-block-heading\" id=\"h-design-anpassungen-geplant\">Design adjustments planned<\/h4>\n\n\n\n<p>Apple plans to slightly revise the design of visionOS. No major changes have been announced, but minor visual adjustments are coming. These are based on the design language that Apple plans to adopt in iOS and macOS in the future. The exact changes are not yet known. What is clear, however, is that the interface should appear more modern and be more visually connected to other Apple systems.<\/p>\n\n\n\n<h4 class=\"wp-block-heading\" id=\"h-scrollen-mit-den-augen\">Scrolling with your eyes<\/h4>\n\n\n\n<p>One of the most striking innovations is eye scrolling. This allows you to scroll through content using only your eye movements \u2013 an extension of the existing gaze control already used in the Vision Pro. You look at an element and confirm your selection with a gesture. The new eye scrolling makes this control more intuitive and faster. Apple will integrate the feature into its own apps and provide an API so that third-party developers can also integrate the technology.<\/p>\n\n\n\n<h4 class=\"wp-block-heading\" id=\"h-apple-intelligence-auf-der-vision-pro\">Apple Intelligence at Vision Pro<\/h4>\n\n\n\n<p>Apple will unveil additional AI features\u2014also known as Apple Intelligence\u2014at WWDC 2025, primarily for iOS 26. However, it&#039;s highly likely that many of these features will also be integrated into visionOS 26. These include AI-assisted battery management, which could optimize the Vision Pro&#039;s runtime\u2014important, as the headset relies heavily on external batteries. Siri will also become more intelligent. Features already announced at WWDC 2024, such as personalized replies, context-based assistance, and the ability to recognize what&#039;s happening on the screen, are also expected to be included in visionOS. Siri will be able to directly access emails, files, and other content to provide targeted assistance.<\/p>\n\n\n\n<h4 class=\"wp-block-heading\" id=\"h-neue-spiele-app-in-arbeit\">New game app in the works<\/h4>\n\n\n\n<p>Apple is developing a new cross-platform gaming app that will also be available for visionOS 26. The goal is to expand the gaming offerings on the Vision Pro. The app bundles content from the App Store&#039;s games section, Apple Arcade, and Game Center\u2014including achievements, leaderboards, and multiplayer features. This puts the Vision Pro more in the spotlight as a potential platform for immersive gaming.<\/p>\n\n\n\n<h4 class=\"wp-block-heading\" id=\"h-barrierefreiheit-wird-erweitert\">Accessibility is being expanded<\/h4>\n\n\n\n<p>Accessibility is also an important topic. Back in May, Apple announced that visionOS would be adding 26 new features for people with visual impairments or mobility restrictions. This includes a zoom function that allows content to be magnified using the Vision Pro&#039;s main camera. Apple is also introducing &quot;Live Recognition&quot; in VoiceOver \u2013 an AI-powered feature that recognizes objects, describes surroundings, and reads text aloud. A new API will be available for developers to use the main camera in accessible apps \u2013 for example, for visual assistance from others. This is intended for apps like Be My Eyes, among others. And for users with severe mobility restrictions, Apple is introducing support for so-called brain-computer interfaces for the first time. This allows devices to be controlled using brain signals, opening up completely new possibilities \u2013 so the rumors say.<\/p>\n\n\n\n<h3 class=\"wp-block-heading\" id=\"h-visionos-26-keine-revolution-aber-ein-klarer-fortschritt\">visionOS 26: Not a revolution, but a clear step forward<\/h3>\n\n\n\n<p class=\"translation-block\">WWDC 2025 is likely to be an important milestone for visionOS. visionOS 26 doesn&#039;t bring a radical redesign, but it does offer useful and, in some cases, highly advanced features. The update makes the Vision Pro not only more versatile, but also more accessible, intelligent, and better integrated into the Apple universe. Even though the focus of the event will likely remain on iOS, visionOS is worth a look for anyone keeping an eye on Apple&#039;s mixed reality future. The WWDC 2025 keynote begins on Monday, June 9, at 7:00 PM Central European Time. You can watch it live on the Apple website, on YouTube, or in the TV app. If you can&#039;t watch the keynote live, you can get all the important information directly and reliably at <a href=\"https:\/\/www.apfelpatient.de\/en\" data-wpel-link=\"internal\" target=\"_self\">apfelpatient.de<\/a> . Also, follow us on <a href=\"https:\/\/www.facebook.com\/apfelpatientOfficial\" target=\"_blank\" rel=\"noreferrer noopener follow\" data-wpel-link=\"exclude\">Facebook<\/a> , <a href=\"https:\/\/www.instagram.com\/apfelpatient_official\" target=\"_blank\" rel=\"noreferrer noopener follow\" data-wpel-link=\"exclude\">Instagram<\/a> , and <a href=\"https:\/\/www.threads.net\/@apfelpatient_official\" target=\"_blank\" rel=\"noreferrer noopener follow\" data-wpel-link=\"exclude\">Threads<\/a> so you don&#039;t miss anything during and after the event\u2014we&#039;ll keep you up to date wherever you go. (Image: Shutterstock \/ Tada Images)<\/p>\n\n\n\n<ul class=\"wp-block-list\">\n<li><a href=\"https:\/\/www.apfelpatient.de\/en\/news\/apple-teases-a-new-software-design-at-wwdc-2025\">Apple teases a new software design at WWDC 2025<\/a><\/li>\n\n\n\n<li><a href=\"https:\/\/www.apfelpatient.de\/en\/generally\/macos-26-what-to-expect-from-apples-new-mac-update\">macOS 26: What to expect from Apple&#039;s new Mac update<\/a><\/li>\n\n\n\n<li><a href=\"https:\/\/www.apfelpatient.de\/en\/generally\/tvos-26-update-for-apple-tv-4k-these-features-come\">tvOS 26 Update for Apple TV 4K: These features are coming<\/a><\/li>\n\n\n\n<li><a href=\"https:\/\/www.apfelpatient.de\/en\/generally\/ios-26-whats-changing-with-the-new-iphone-update\">iOS 26: What&#039;s changing with the new iPhone update<\/a><\/li>\n\n\n\n<li><a href=\"https:\/\/www.apfelpatient.de\/en\/generally\/watchos-26-what-the-rumors-say-about-the-update\">watchOS 26: What the rumors say about the update<\/a><\/li>\n\n\n\n<li><a href=\"https:\/\/www.apfelpatient.de\/en\/news\/wwdc-2025-homeos-could-be-the-highlight-of-the-keynote\">WWDC 2025: homeOS could be the highlight of the keynote<\/a><\/li>\n<\/ul>\n\n\n\n<h6 class=\"wp-block-heading translation-block\" id=\"h-kennt-ihr-schon-unsere-amazon-storefront-dort-findet-ihr-eine-handverlesene-auswahl-von-diversen-produkten-f-r-euer-iphone-und-co-viel-spa-beim-st-bern\"><em>Have you already visited our Amazon Storefront? There you&#039;ll find a hand-picked selection of various products for your iPhone and other devices \u2013 <span class=\"has-inline-color has-vivid-red-color\"><a href=\"https:\/\/www.amazon.de\/shop\/apfelpatientofficial\" class=\"ek-link\" data-wpel-link=\"exclude\" rel=\"follow noopener\" target=\"_self\"><span style=\"text-decoration: underline\" class=\"ek-underline\">enjoy browsing<\/span><\/a> !<\/span><\/em><\/h6>\n\n\n\n<h6 class=\"wp-block-heading translation-block\" id=\"h-der-beitrag-enthalt-partnerlinks\">This post contains <a data-type=\"URL\" data-id=\"https:\/\/www.apfelpatient.de\/partnerprogramm\" href=\"https:\/\/www.apfelpatient.de\/en\/partner-program\" data-wpel-link=\"internal\" target=\"_self\">affiliate links<\/a>.<\/h6>","protected":false},"excerpt":{"rendered":"<p>What&#039;s in visionOS 26? Apple is focusing on eye tracking, AI, and gaming. Read all the known rumors about the new headset update now.<\/p>","protected":false},"author":2,"featured_media":55445,"comment_status":"closed","ping_status":"closed","sticky":false,"template":"","format":"standard","meta":{"jnews-multi-image_gallery":[],"jnews_single_post":{"format":"standard","override":[{"template":"2","parallax":"1","fullscreen":"1","layout":"right-sidebar","sidebar":"default-sidebar","second_sidebar":"default-sidebar","sticky_sidebar":"1","share_position":"top","share_float_style":"share-monocrhome","show_featured":"1","show_post_meta":"1","show_post_author":"1","show_post_author_image":"1","show_post_date":"1","post_date_format":"default","post_date_format_custom":"Y\/m\/d","show_post_category":"1","show_post_reading_time":"0","post_reading_time_wpm":"300","post_calculate_word_method":"str_word_count","show_zoom_button":"0","zoom_button_out_step":"2","zoom_button_in_step":"3","show_post_tag":"1","show_prev_next_post":"1","show_popup_post":"1","number_popup_post":"1","show_author_box":"0","show_post_related":"0","show_inline_post_related":"0"}],"image_override":[{"single_post_thumbnail_size":"crop-500","single_post_gallery_size":"crop-500"}],"trending_post_position":"meta","trending_post_label":"Trending","sponsored_post_label":"Sponsored by","disable_ad":"0"},"jnews_primary_category":{"id":"2"},"footnotes":""},"categories":[2],"tags":[609,844,1224],"class_list":["post-55446","post","type-post","status-publish","format-standard","has-post-thumbnail","hentry","category-allgemein","tag-apple-vr-ar","tag-visionos","tag-visionos-26"],"yoast_head":"<!-- This site is optimized with the Yoast SEO Premium plugin v27.5 (Yoast SEO v27.5) - https:\/\/yoast.com\/product\/yoast-seo-premium-wordpress\/ -->\n<title>visionOS 26: Was Apple f\u00fcr das Vision Pro geplant hat Apfelpatient<\/title>\n<meta name=\"description\" content=\"Was steckt in visionOS 26? Apple setzt auf Eye-Tracking, KI und Gaming. Jetzt alle bekannten Ger\u00fcchte zum neuen Headset-Update lesen.\" \/>\n<meta name=\"robots\" content=\"index, follow, max-snippet:-1, max-image-preview:large, max-video-preview:-1\" \/>\n<link rel=\"canonical\" href=\"https:\/\/www.apfelpatient.de\/en\/generally\/visionos-26-what-apple-has-planned-for-the-vision-pro\" \/>\n<meta property=\"og:locale\" content=\"en_US\" \/>\n<meta property=\"og:type\" content=\"article\" \/>\n<meta property=\"og:title\" content=\"visionOS 26: Was Apple f\u00fcr das Vision Pro geplant hat\" \/>\n<meta property=\"og:description\" content=\"Was steckt in visionOS 26? Apple setzt auf Eye-Tracking, KI und Gaming. Jetzt alle bekannten Ger\u00fcchte zum neuen Headset-Update lesen.\" \/>\n<meta property=\"og:url\" content=\"https:\/\/www.apfelpatient.de\/en\/generally\/visionos-26-what-apple-has-planned-for-the-vision-pro\" \/>\n<meta property=\"og:site_name\" content=\"Apfelpatient\" \/>\n<meta property=\"article:publisher\" content=\"https:\/\/www.facebook.com\/apfelpatientOfficial\" \/>\n<meta property=\"article:author\" content=\"https:\/\/www.facebook.com\/apfelpatientOfficial\" \/>\n<meta property=\"article:published_time\" content=\"2025-06-05T21:41:32+00:00\" \/>\n<meta property=\"article:modified_time\" content=\"2025-06-05T21:41:34+00:00\" \/>\n<meta property=\"og:image\" content=\"https:\/\/www.apfelpatient.de\/wp-content\/uploads\/2025\/06\/shutterstock_2514618475.jpg\" \/>\n\t<meta property=\"og:image:width\" content=\"1600\" \/>\n\t<meta property=\"og:image:height\" content=\"1067\" \/>\n\t<meta property=\"og:image:type\" content=\"image\/jpeg\" \/>\n<meta name=\"author\" content=\"Milan\" \/>\n<meta name=\"twitter:card\" content=\"summary_large_image\" \/>\n<meta name=\"twitter:description\" content=\"Was steckt in visionOS 26? Apple setzt auf Eye-Tracking, KI und Gaming. Jetzt alle bekannten Ger\u00fcchte zum neuen Headset-Update lesen.\" \/>\n<meta name=\"twitter:label1\" content=\"Written by\" \/>\n\t<meta name=\"twitter:data1\" content=\"Milan\" \/>\n\t<meta name=\"twitter:label2\" content=\"Est. reading time\" \/>\n\t<meta name=\"twitter:data2\" content=\"5 minutes\" \/>\n<script type=\"application\/ld+json\" class=\"yoast-schema-graph\">{\"@context\":\"https:\\\/\\\/schema.org\",\"@graph\":[{\"@type\":\"NewsArticle\",\"@id\":\"https:\\\/\\\/www.apfelpatient.de\\\/allgemein\\\/visionos-26-was-apple-fuer-das-vision-pro-geplant-hat#article\",\"isPartOf\":{\"@id\":\"https:\\\/\\\/www.apfelpatient.de\\\/allgemein\\\/visionos-26-was-apple-fuer-das-vision-pro-geplant-hat\"},\"author\":{\"@type\":\"Organization\",\"@id\":\"https:\\\/\\\/www.apfelpatient.de\\\/en\\\/#organization\",\"name\":\"Apfelpatient\",\"url\":\"https:\\\/\\\/www.apfelpatient.de\\\/en\\\/\"},\"headline\":\"visionOS 26: Was Apple f\u00fcr das Vision Pro geplant hat\",\"datePublished\":\"2025-06-05T21:41:32+00:00\",\"dateModified\":\"2025-06-05T21:41:34+00:00\",\"mainEntityOfPage\":{\"@id\":\"https:\\\/\\\/www.apfelpatient.de\\\/allgemein\\\/visionos-26-was-apple-fuer-das-vision-pro-geplant-hat\"},\"wordCount\":859,\"publisher\":{\"@type\":\"Organization\",\"@id\":\"https:\\\/\\\/www.apfelpatient.de\\\/en\\\/#organization\",\"name\":\"Apfelpatient\",\"url\":\"https:\\\/\\\/www.apfelpatient.de\\\/en\\\/\"},\"image\":{\"@id\":\"https:\\\/\\\/www.apfelpatient.de\\\/allgemein\\\/visionos-26-was-apple-fuer-das-vision-pro-geplant-hat#primaryimage\"},\"thumbnailUrl\":\"https:\\\/\\\/www.apfelpatient.de\\\/wp-content\\\/uploads\\\/2025\\\/06\\\/shutterstock_2514618475.jpg\",\"keywords\":[\"Apple VR\\\/AR\",\"visionOS\",\"visionOS 26\"],\"articleSection\":\"Allgemein\",\"inLanguage\":\"en-US\",\"copyrightYear\":\"2025\",\"copyrightHolder\":{\"@id\":\"https:\\\/\\\/www.apfelpatient.de\\\/en\\\/#organization\"}},{\"@type\":\"WebPage\",\"@id\":\"https:\\\/\\\/www.apfelpatient.de\\\/allgemein\\\/visionos-26-was-apple-fuer-das-vision-pro-geplant-hat\",\"url\":\"https:\\\/\\\/www.apfelpatient.de\\\/allgemein\\\/visionos-26-was-apple-fuer-das-vision-pro-geplant-hat\",\"name\":\"visionOS 26: Was Apple f\u00fcr das Vision Pro geplant hat Apfelpatient\",\"isPartOf\":{\"@id\":\"https:\\\/\\\/www.apfelpatient.de\\\/#website\"},\"primaryImageOfPage\":{\"@id\":\"https:\\\/\\\/www.apfelpatient.de\\\/allgemein\\\/visionos-26-was-apple-fuer-das-vision-pro-geplant-hat#primaryimage\"},\"image\":{\"@id\":\"https:\\\/\\\/www.apfelpatient.de\\\/allgemein\\\/visionos-26-was-apple-fuer-das-vision-pro-geplant-hat#primaryimage\"},\"thumbnailUrl\":\"https:\\\/\\\/www.apfelpatient.de\\\/wp-content\\\/uploads\\\/2025\\\/06\\\/shutterstock_2514618475.jpg\",\"datePublished\":\"2025-06-05T21:41:32+00:00\",\"dateModified\":\"2025-06-05T21:41:34+00:00\",\"description\":\"Was steckt in visionOS 26? Apple setzt auf Eye-Tracking, KI und Gaming. Jetzt alle bekannten Ger\u00fcchte zum neuen Headset-Update lesen.\",\"breadcrumb\":{\"@id\":\"https:\\\/\\\/www.apfelpatient.de\\\/allgemein\\\/visionos-26-was-apple-fuer-das-vision-pro-geplant-hat#breadcrumb\"},\"inLanguage\":\"en-US\",\"potentialAction\":[{\"@type\":\"ReadAction\",\"target\":[\"https:\\\/\\\/www.apfelpatient.de\\\/allgemein\\\/visionos-26-was-apple-fuer-das-vision-pro-geplant-hat\"]}]},{\"@type\":\"ImageObject\",\"inLanguage\":\"en-US\",\"@id\":\"https:\\\/\\\/www.apfelpatient.de\\\/allgemein\\\/visionos-26-was-apple-fuer-das-vision-pro-geplant-hat#primaryimage\",\"url\":\"https:\\\/\\\/www.apfelpatient.de\\\/wp-content\\\/uploads\\\/2025\\\/06\\\/shutterstock_2514618475.jpg\",\"contentUrl\":\"https:\\\/\\\/www.apfelpatient.de\\\/wp-content\\\/uploads\\\/2025\\\/06\\\/shutterstock_2514618475.jpg\",\"width\":1600,\"height\":1067,\"caption\":\"Bild: Shutterstock \\\/ Tada Images\"},{\"@type\":\"BreadcrumbList\",\"@id\":\"https:\\\/\\\/www.apfelpatient.de\\\/allgemein\\\/visionos-26-was-apple-fuer-das-vision-pro-geplant-hat#breadcrumb\",\"itemListElement\":[{\"@type\":\"ListItem\",\"position\":1,\"name\":\"Startseite\",\"item\":\"https:\\\/\\\/www.apfelpatient.de\\\/\"},{\"@type\":\"ListItem\",\"position\":2,\"name\":\"visionOS 26: Was Apple f\u00fcr das Vision Pro geplant hat\"}]},{\"@type\":\"WebSite\",\"@id\":\"https:\\\/\\\/www.apfelpatient.de\\\/#website\",\"url\":\"https:\\\/\\\/www.apfelpatient.de\\\/\",\"name\":\"Apfelpatient\",\"description\":\"Alles rund um Apple!\",\"publisher\":{\"@type\":\"Organization\",\"@id\":\"https:\\\/\\\/www.apfelpatient.de\\\/en\\\/#organization\",\"name\":\"Apfelpatient\",\"url\":\"https:\\\/\\\/www.apfelpatient.de\\\/en\\\/\"},\"alternateName\":\"Apfelpatient\",\"potentialAction\":[{\"@type\":\"SearchAction\",\"target\":{\"@type\":\"EntryPoint\",\"urlTemplate\":\"https:\\\/\\\/www.apfelpatient.de\\\/?s={search_term_string}\"},\"query-input\":{\"@type\":\"PropertyValueSpecification\",\"valueRequired\":true,\"valueName\":\"search_term_string\"}}],\"inLanguage\":\"en-US\"},{\"@type\":[\"Person\",\"Organization\"],\"@id\":\"https:\\\/\\\/www.apfelpatient.de\\\/#\\\/schema\\\/person\\\/7dc56ad6c8e9824b76d2c08d4c140e13\",\"name\":\"Milan\",\"logo\":{\"@id\":\"https:\\\/\\\/www.apfelpatient.de\\\/#\\\/schema\\\/person\\\/image\\\/\"},\"description\":\"Hallo und herzlich willkommen auf meinem Technik-Blog! Als gro\u00dfer Apple-Fan berichte ich hier \u00fcber alles, was mit Apple zu tun hat: von den neuesten News und spannenden Ger\u00fcchten \u00fcber hilfreiche Tipps und Tricks bis hin zu ausf\u00fchrlichen Produkttests. Wenn du genauso technikbegeistert bist wie ich, bist du hier genau richtig!\",\"sameAs\":[\"https:\\\/\\\/www.facebook.com\\\/apfelpatientOfficial\",\"https:\\\/\\\/www.linkedin.com\\\/in\\\/milan-jovicic-42aa0231b\"],\"url\":\"https:\\\/\\\/www.apfelpatient.de\\\/en\\\/author\\\/apfeladmin\"}]}<\/script>\n<!-- \/ Yoast SEO Premium plugin. -->","yoast_head_json":{"title":"visionOS 26: What Apple has planned for the Vision Pro","description":"What&#039;s in visionOS 26? Apple is focusing on eye tracking, AI, and gaming. Read all the known rumors about the new headset update now.","robots":{"index":"index","follow":"follow","max-snippet":"max-snippet:-1","max-image-preview":"max-image-preview:large","max-video-preview":"max-video-preview:-1"},"canonical":"https:\/\/www.apfelpatient.de\/en\/generally\/visionos-26-what-apple-has-planned-for-the-vision-pro","og_locale":"en_US","og_type":"article","og_title":"visionOS 26: Was Apple f\u00fcr das Vision Pro geplant hat","og_description":"Was steckt in visionOS 26? Apple setzt auf Eye-Tracking, KI und Gaming. Jetzt alle bekannten Ger\u00fcchte zum neuen Headset-Update lesen.","og_url":"https:\/\/www.apfelpatient.de\/en\/generally\/visionos-26-what-apple-has-planned-for-the-vision-pro","og_site_name":"Apfelpatient","article_publisher":"https:\/\/www.facebook.com\/apfelpatientOfficial","article_author":"https:\/\/www.facebook.com\/apfelpatientOfficial","article_published_time":"2025-06-05T21:41:32+00:00","article_modified_time":"2025-06-05T21:41:34+00:00","og_image":[{"width":1600,"height":1067,"url":"https:\/\/www.apfelpatient.de\/wp-content\/uploads\/2025\/06\/shutterstock_2514618475.jpg","type":"image\/jpeg"}],"author":"Milan","twitter_card":"summary_large_image","twitter_description":"Was steckt in visionOS 26? Apple setzt auf Eye-Tracking, KI und Gaming. Jetzt alle bekannten Ger\u00fcchte zum neuen Headset-Update lesen.","twitter_misc":{"Written by":"Milan","Est. reading time":"5 minutes"},"schema":{"@context":"https:\/\/schema.org","@graph":[{"@type":"NewsArticle","@id":"https:\/\/www.apfelpatient.de\/allgemein\/visionos-26-was-apple-fuer-das-vision-pro-geplant-hat#article","isPartOf":{"@id":"https:\/\/www.apfelpatient.de\/allgemein\/visionos-26-was-apple-fuer-das-vision-pro-geplant-hat"},"author":{"@type":"Organization","@id":"https:\/\/www.apfelpatient.de\/en\/#organization","name":"Apfelpatient","url":"https:\/\/www.apfelpatient.de\/en\/"},"headline":"visionOS 26: Was Apple f\u00fcr das Vision Pro geplant hat","datePublished":"2025-06-05T21:41:32+00:00","dateModified":"2025-06-05T21:41:34+00:00","mainEntityOfPage":{"@id":"https:\/\/www.apfelpatient.de\/allgemein\/visionos-26-was-apple-fuer-das-vision-pro-geplant-hat"},"wordCount":859,"publisher":{"@type":"Organization","@id":"https:\/\/www.apfelpatient.de\/en\/#organization","name":"Apfelpatient","url":"https:\/\/www.apfelpatient.de\/en\/"},"image":{"@id":"https:\/\/www.apfelpatient.de\/allgemein\/visionos-26-was-apple-fuer-das-vision-pro-geplant-hat#primaryimage"},"thumbnailUrl":"https:\/\/www.apfelpatient.de\/wp-content\/uploads\/2025\/06\/shutterstock_2514618475.jpg","keywords":["Apple VR\/AR","visionOS","visionOS 26"],"articleSection":"Allgemein","inLanguage":"en-US","copyrightYear":"2025","copyrightHolder":{"@id":"https:\/\/www.apfelpatient.de\/en\/#organization"}},{"@type":"WebPage","@id":"https:\/\/www.apfelpatient.de\/allgemein\/visionos-26-was-apple-fuer-das-vision-pro-geplant-hat","url":"https:\/\/www.apfelpatient.de\/allgemein\/visionos-26-was-apple-fuer-das-vision-pro-geplant-hat","name":"visionOS 26: What Apple has planned for the Vision Pro","isPartOf":{"@id":"https:\/\/www.apfelpatient.de\/#website"},"primaryImageOfPage":{"@id":"https:\/\/www.apfelpatient.de\/allgemein\/visionos-26-was-apple-fuer-das-vision-pro-geplant-hat#primaryimage"},"image":{"@id":"https:\/\/www.apfelpatient.de\/allgemein\/visionos-26-was-apple-fuer-das-vision-pro-geplant-hat#primaryimage"},"thumbnailUrl":"https:\/\/www.apfelpatient.de\/wp-content\/uploads\/2025\/06\/shutterstock_2514618475.jpg","datePublished":"2025-06-05T21:41:32+00:00","dateModified":"2025-06-05T21:41:34+00:00","description":"What&#039;s in visionOS 26? Apple is focusing on eye tracking, AI, and gaming. Read all the known rumors about the new headset update now.","breadcrumb":{"@id":"https:\/\/www.apfelpatient.de\/allgemein\/visionos-26-was-apple-fuer-das-vision-pro-geplant-hat#breadcrumb"},"inLanguage":"en-US","potentialAction":[{"@type":"ReadAction","target":["https:\/\/www.apfelpatient.de\/allgemein\/visionos-26-was-apple-fuer-das-vision-pro-geplant-hat"]}]},{"@type":"ImageObject","inLanguage":"en-US","@id":"https:\/\/www.apfelpatient.de\/allgemein\/visionos-26-was-apple-fuer-das-vision-pro-geplant-hat#primaryimage","url":"https:\/\/www.apfelpatient.de\/wp-content\/uploads\/2025\/06\/shutterstock_2514618475.jpg","contentUrl":"https:\/\/www.apfelpatient.de\/wp-content\/uploads\/2025\/06\/shutterstock_2514618475.jpg","width":1600,"height":1067,"caption":"Bild: Shutterstock \/ Tada Images"},{"@type":"BreadcrumbList","@id":"https:\/\/www.apfelpatient.de\/allgemein\/visionos-26-was-apple-fuer-das-vision-pro-geplant-hat#breadcrumb","itemListElement":[{"@type":"ListItem","position":1,"name":"Startseite","item":"https:\/\/www.apfelpatient.de\/"},{"@type":"ListItem","position":2,"name":"visionOS 26: Was Apple f\u00fcr das Vision Pro geplant hat"}]},{"@type":"WebSite","@id":"https:\/\/www.apfelpatient.de\/#website","url":"https:\/\/www.apfelpatient.de\/","name":"apple patient","description":"Everything about Apple!","publisher":{"@type":"Organization","@id":"https:\/\/www.apfelpatient.de\/en\/#organization","name":"Apfelpatient","url":"https:\/\/www.apfelpatient.de\/en\/"},"alternateName":"Apfelpatient","potentialAction":[{"@type":"SearchAction","target":{"@type":"EntryPoint","urlTemplate":"https:\/\/www.apfelpatient.de\/?s={search_term_string}"},"query-input":{"@type":"PropertyValueSpecification","valueRequired":true,"valueName":"search_term_string"}}],"inLanguage":"en-US"},{"@type":["Person","Organization"],"@id":"https:\/\/www.apfelpatient.de\/#\/schema\/person\/7dc56ad6c8e9824b76d2c08d4c140e13","name":"Milan","logo":{"@id":"https:\/\/www.apfelpatient.de\/#\/schema\/person\/image\/"},"description":"Hello and welcome to my technology blog! As a big Apple fan, I report on everything to do with Apple: from the latest news and exciting rumors to helpful tips and tricks and detailed product tests. If you are as enthusiastic about technology as I am, you have come to the right place!","sameAs":["https:\/\/www.facebook.com\/apfelpatientOfficial","https:\/\/www.linkedin.com\/in\/milan-jovicic-42aa0231b"],"url":"https:\/\/www.apfelpatient.de\/en\/author\/apfeladmin"}]}},"_links":{"self":[{"href":"https:\/\/www.apfelpatient.de\/en\/wp-json\/wp\/v2\/posts\/55446","targetHints":{"allow":["GET"]}}],"collection":[{"href":"https:\/\/www.apfelpatient.de\/en\/wp-json\/wp\/v2\/posts"}],"about":[{"href":"https:\/\/www.apfelpatient.de\/en\/wp-json\/wp\/v2\/types\/post"}],"author":[{"embeddable":true,"href":"https:\/\/www.apfelpatient.de\/en\/wp-json\/wp\/v2\/users\/2"}],"replies":[{"embeddable":true,"href":"https:\/\/www.apfelpatient.de\/en\/wp-json\/wp\/v2\/comments?post=55446"}],"version-history":[{"count":0,"href":"https:\/\/www.apfelpatient.de\/en\/wp-json\/wp\/v2\/posts\/55446\/revisions"}],"wp:featuredmedia":[{"embeddable":true,"href":"https:\/\/www.apfelpatient.de\/en\/wp-json\/wp\/v2\/media\/55445"}],"wp:attachment":[{"href":"https:\/\/www.apfelpatient.de\/en\/wp-json\/wp\/v2\/media?parent=55446"}],"wp:term":[{"taxonomy":"category","embeddable":true,"href":"https:\/\/www.apfelpatient.de\/en\/wp-json\/wp\/v2\/categories?post=55446"},{"taxonomy":"post_tag","embeddable":true,"href":"https:\/\/www.apfelpatient.de\/en\/wp-json\/wp\/v2\/tags?post=55446"}],"curies":[{"name":"wp","href":"https:\/\/api.w.org\/{rel}","templated":true}]}}