{"id":55391,"date":"2025-06-04T22:39:39","date_gmt":"2025-06-04T20:39:39","guid":{"rendered":"https:\/\/www.apfelpatient.de\/?p=55391"},"modified":"2025-06-04T22:39:43","modified_gmt":"2025-06-04T20:39:43","slug":"wwdc-2025-what-could-change-with-ios-26-for-airpods","status":"publish","type":"post","link":"https:\/\/www.apfelpatient.de\/en\/rumors\/wwdc-2025-was-sich-bei-den-airpods-mit-ios-26-aendern-koennte","title":{"rendered":"WWDC 2025: What could change with AirPods with iOS 26"},"content":{"rendered":"<p class=\"has-drop-cap\"><strong>Apple is apparently planning several new features for the AirPods, which will be unveiled at WWDC25. These include sleep detection, camera control, and new head gestures. The new features are aimed at both everyday users and professional users. Many of the new features could already be available with iOS 26.<\/strong><\/p>\n\n\n\n<p class=\"translation-block\">The AirPods have long since evolved from classic Bluetooth headphones into smart wearables. With each software update, Apple expands their capabilities. The focus is not only on better sound, but increasingly on smart interaction, automated usage, and everyday usability. WWDC25 is likely to further advance this development, as <a href=\"https:\/\/9to5mac.com\/2025\/06\/04\/exclusive-airpods-ios-26-wwdc-features\/\" target=\"_blank\" rel=\"noreferrer noopener\" data-wpel-link=\"external\">9to5mac<\/a> has now learned.<\/p>\n\n\n\n<h4 class=\"wp-block-heading\" id=\"h-neue-kopfgesten-fur-bessere-kontrolle\">New head gestures for better control<\/h4>\n\n\n\n<p>Apple already introduced head gestures with the AirPods Pro 2 and AirPods 4, allowing you to answer or decline calls and control notifications. Now, Apple is working on additional head gestures that will allow you to adjust the volume while Conversation Awareness is active. Afterward, the AirPods will automatically return to your previous noise control setting. Previously, you had to hold the stem or swipe up to do this. The new gestures are designed to simplify this process.<\/p>\n\n\n\n<h4 class=\"wp-block-heading\" id=\"h-airpods-erkennen-wenn-du-eingeschlafen-bist\">AirPods detect when you&#039;ve fallen asleep<\/h4>\n\n\n\n<p>Many users fall asleep with their AirPods on, whether while listening to music or podcasts. Currently, this often requires a timer, which not every app offers. According to sources, Apple is working on a way for the AirPods to detect when you&#039;ve fallen asleep and then automatically pause playback. Whether this will work with the AirPods alone or whether a connection to the Apple Watch is necessary is still unclear. However, the feature would be a useful addition.<\/p>\n\n\n\n<h4 class=\"wp-block-heading\" id=\"h-kamera-mit-airpods-auslosen\">Trigger camera with AirPods<\/h4>\n\n\n\n<p>Another feature Apple is apparently planning: By tapping the stem of the AirPods, you&#039;ll be able to trigger the camera on your iPhone or iPad. This would allow you to conveniently take selfies or group photos without holding the device. Even though tapping your ear might seem a bit unusual, it could be a practical addition. It&#039;s unclear whether the feature will also work if you&#039;re only holding one AirPod.<\/p>\n\n\n\n<h4 class=\"wp-block-heading\" id=\"h-audio-mix-bringt-studioqualitat-fur-aufnahmen\">Audio Mix brings studio quality to recordings<\/h4>\n\n\n\n<p>Apple apparently wants to bring the Audio Mix, already introduced with the iPhone 16, to the AirPods. This uses machine learning to separate speech from the background. Three options are available: In-Frame, Studio, and Cinematic. The new mode for the AirPods is said to offer studio-quality microphone quality. This could also make them attractive to developers and content creators who have previously relied on lavalier microphones.<\/p>\n\n\n\n<h4 class=\"wp-block-heading\" id=\"h-airpods-in-der-schule-einfacher-verbinden\">Connecting AirPods more easily at school<\/h4>\n\n\n\n<p>In schools, multiple students often share an iPad. Apple is therefore working on a feature that will simplify pairing AirPods with shared iPads. The goal is a smoother connection with fewer manual steps. This improvement could be especially helpful in educational institutions where devices are used by different people on a daily basis.<\/p>\n\n\n\n<ul class=\"wp-block-list\">\n<li><a href=\"https:\/\/www.apfelpatient.de\/en\/news\/report-china-specifically-delays-apple-intelligence\">Report: China deliberately delays Apple Intelligence<\/a><\/li>\n<\/ul>\n\n\n\n<h3 class=\"wp-block-heading\" id=\"h-wwdc25-im-zeichen-der-nutzerfreundlichkeit\">WWDC25 focused on user-friendliness<\/h3>\n\n\n\n<p>Apple is expected to unveil numerous updates to its platforms at WWDC25 on June 9: iOS 26, macOS 26, iPadOS 26, watchOS 26, and more. This year&#039;s focus is expected to be less on artificial intelligence and more on design and long-awaited features. The new AirPods features fit well with this strategy. Even if just a few of them are unveiled, it could be a big step toward a smarter everyday life with AirPods. (Image: Shutterstock \/ TatianaKim)<\/p>\n\n\n\n<ul class=\"wp-block-list\">\n<li><a href=\"https:\/\/www.apfelpatient.de\/en\/rumors\/these-apple-devices-will-probably-no-longer-receive-new-software\">These Apple devices will probably no longer receive new software<\/a><\/li>\n\n\n\n<li><a href=\"https:\/\/www.apfelpatient.de\/en\/rumors\/wwdc-2025-apple-plans-more-than-just-software-innovations\">WWDC 2025: Is Apple planning more than just software innovations?<\/a><\/li>\n\n\n\n<li><a href=\"https:\/\/www.apfelpatient.de\/en\/generally\/wwdc-2025-livestream-of-the-keynote-with-ios-26-and-more\">WWDC 2025: Keynote livestream with iOS 26 and more<\/a><\/li>\n\n\n\n<li><a href=\"https:\/\/www.apfelpatient.de\/en\/generally\/macos-26-what-to-expect-from-apples-new-mac-update\">macOS 26: What to expect from Apple&#039;s new Mac update<\/a><\/li>\n\n\n\n<li><a href=\"https:\/\/www.apfelpatient.de\/en\/rumors\/visionos-26-puts-an-end-to-half-baked-gaming-solutions\">visionOS 26 puts an end to half-baked gaming solutions<\/a><\/li>\n\n\n\n<li><a href=\"https:\/\/www.apfelpatient.de\/en\/news\/apple-design-awards-2025-who-won-this-year\">Apple Design Awards 2025: Who won this year<\/a><\/li>\n\n\n\n<li><a href=\"https:\/\/www.apfelpatient.de\/en\/generally\/ios-26-whats-changing-with-the-new-iphone-update\">iOS 26: What&#039;s changing with the new iPhone update<\/a><\/li>\n\n\n\n<li><a href=\"https:\/\/www.apfelpatient.de\/en\/news\/apple-musics-new-wwdc25-playlist-now-available\">Apple Music: New WWDC25 playlist now available<\/a><\/li>\n<\/ul>\n\n\n\n<h6 class=\"wp-block-heading translation-block\" id=\"h-kennt-ihr-schon-unsere-amazon-storefront-dort-findet-ihr-eine-handverlesene-auswahl-von-diversen-produkten-f-r-euer-iphone-und-co-viel-spa-beim-st-bern\"><em>Have you already visited our Amazon Storefront? There you&#039;ll find a hand-picked selection of various products for your iPhone and other devices \u2013 <span class=\"has-inline-color has-vivid-red-color\"><a href=\"https:\/\/www.amazon.de\/shop\/apfelpatientofficial\" class=\"ek-link\" data-wpel-link=\"exclude\" rel=\"follow noopener\" target=\"_self\"><span style=\"text-decoration: underline\" class=\"ek-underline\">enjoy browsing<\/span><\/a> !<\/span><\/em><\/h6>\n\n\n\n<h6 class=\"wp-block-heading translation-block\" id=\"h-der-beitrag-enthalt-partnerlinks\">This post contains <a data-type=\"URL\" data-id=\"https:\/\/www.apfelpatient.de\/partnerprogramm\" href=\"https:\/\/www.apfelpatient.de\/en\/partner-program\" data-wpel-link=\"internal\" target=\"_self\">affiliate links<\/a>.<\/h6>","protected":false},"excerpt":{"rendered":"<p>New features for the AirPods are expected to be unveiled at WWDC25 \u2013 from studio audio to sleep detection, anything is possible.<\/p>","protected":false},"author":2,"featured_media":55390,"comment_status":"closed","ping_status":"closed","sticky":false,"template":"","format":"standard","meta":{"jnews-multi-image_gallery":[],"jnews_single_post":{"format":"standard","override":[{"template":"2","parallax":"1","fullscreen":"1","layout":"right-sidebar","sidebar":"default-sidebar","second_sidebar":"default-sidebar","sticky_sidebar":"1","share_position":"top","share_float_style":"share-monocrhome","show_featured":"1","show_post_meta":"1","show_post_author":"1","show_post_author_image":"1","show_post_date":"1","post_date_format":"default","post_date_format_custom":"Y\/m\/d","show_post_category":"1","show_post_reading_time":"0","post_reading_time_wpm":"300","post_calculate_word_method":"str_word_count","show_zoom_button":"0","zoom_button_out_step":"2","zoom_button_in_step":"3","show_post_tag":"1","show_prev_next_post":"1","show_popup_post":"1","number_popup_post":"1","show_author_box":"0","show_post_related":"0","show_inline_post_related":"0"}],"image_override":[{"single_post_thumbnail_size":"crop-500","single_post_gallery_size":"crop-500"}],"trending_post_position":"meta","trending_post_label":"Trending","sponsored_post_label":"Sponsored by","disable_ad":"0"},"jnews_primary_category":{"id":"25"},"footnotes":""},"categories":[25],"tags":[28,3,1219,203,1188],"class_list":["post-55391","post","type-post","status-publish","format-standard","has-post-thumbnail","hentry","category-rumors","tag-airpods","tag-ios","tag-ios-26","tag-wwdc","tag-wwdc-2025"],"yoast_head":"<!-- This site is optimized with the Yoast SEO Premium plugin v27.5 (Yoast SEO v27.5) - https:\/\/yoast.com\/product\/yoast-seo-premium-wordpress\/ -->\n<title>WWDC 2025: Was sich bei den AirPods mit iOS 26 \u00e4ndern k\u00f6nnte Apfelpatient<\/title>\n<meta name=\"description\" content=\"Neue Funktionen f\u00fcr die AirPods sollen zur WWDC25 vorgestellt werden \u2013 von Studio-Audio bis Schlaf\u00aderkennung ist vieles m\u00f6glich.\" \/>\n<meta name=\"robots\" content=\"index, follow, max-snippet:-1, max-image-preview:large, max-video-preview:-1\" \/>\n<link rel=\"canonical\" href=\"https:\/\/www.apfelpatient.de\/en\/rumors\/wwdc-2025-what-could-change-with-ios-26-for-airpods\" \/>\n<meta property=\"og:locale\" content=\"en_US\" \/>\n<meta property=\"og:type\" content=\"article\" \/>\n<meta property=\"og:title\" content=\"WWDC 2025: Was sich bei den AirPods mit iOS 26 \u00e4ndern k\u00f6nnte\" \/>\n<meta property=\"og:description\" content=\"Neue Funktionen f\u00fcr die AirPods sollen zur WWDC25 vorgestellt werden \u2013 von Studio-Audio bis Schlaf\u00aderkennung ist vieles m\u00f6glich.\" \/>\n<meta property=\"og:url\" content=\"https:\/\/www.apfelpatient.de\/en\/rumors\/wwdc-2025-what-could-change-with-ios-26-for-airpods\" \/>\n<meta property=\"og:site_name\" content=\"Apfelpatient\" \/>\n<meta property=\"article:publisher\" content=\"https:\/\/www.facebook.com\/apfelpatientOfficial\" \/>\n<meta property=\"article:author\" content=\"https:\/\/www.facebook.com\/apfelpatientOfficial\" \/>\n<meta property=\"article:published_time\" content=\"2025-06-04T20:39:39+00:00\" \/>\n<meta property=\"article:modified_time\" content=\"2025-06-04T20:39:43+00:00\" \/>\n<meta property=\"og:image\" content=\"https:\/\/www.apfelpatient.de\/wp-content\/uploads\/2025\/06\/shutterstock_2360759657.jpg\" \/>\n\t<meta property=\"og:image:width\" content=\"1600\" \/>\n\t<meta property=\"og:image:height\" content=\"1067\" \/>\n\t<meta property=\"og:image:type\" content=\"image\/jpeg\" \/>\n<meta name=\"author\" content=\"Milan\" \/>\n<meta name=\"twitter:card\" content=\"summary_large_image\" \/>\n<meta name=\"twitter:description\" content=\"Neue Funktionen f\u00fcr die AirPods sollen zur WWDC25 vorgestellt werden \u2013 von Studio-Audio bis Schlaf\u00aderkennung ist vieles m\u00f6glich.\" \/>\n<meta name=\"twitter:label1\" content=\"Written by\" \/>\n\t<meta name=\"twitter:data1\" content=\"Milan\" \/>\n\t<meta name=\"twitter:label2\" content=\"Est. reading time\" \/>\n\t<meta name=\"twitter:data2\" content=\"4 minutes\" \/>\n<script type=\"application\/ld+json\" class=\"yoast-schema-graph\">{\"@context\":\"https:\\\/\\\/schema.org\",\"@graph\":[{\"@type\":\"NewsArticle\",\"@id\":\"https:\\\/\\\/www.apfelpatient.de\\\/rumors\\\/wwdc-2025-was-sich-bei-den-airpods-mit-ios-26-aendern-koennte#article\",\"isPartOf\":{\"@id\":\"https:\\\/\\\/www.apfelpatient.de\\\/rumors\\\/wwdc-2025-was-sich-bei-den-airpods-mit-ios-26-aendern-koennte\"},\"author\":{\"@type\":\"Organization\",\"@id\":\"https:\\\/\\\/www.apfelpatient.de\\\/en\\\/#organization\",\"name\":\"Apfelpatient\",\"url\":\"https:\\\/\\\/www.apfelpatient.de\\\/en\\\/\"},\"headline\":\"WWDC 2025: Was sich bei den AirPods mit iOS 26 \u00e4ndern k\u00f6nnte\",\"datePublished\":\"2025-06-04T20:39:39+00:00\",\"dateModified\":\"2025-06-04T20:39:43+00:00\",\"mainEntityOfPage\":{\"@id\":\"https:\\\/\\\/www.apfelpatient.de\\\/rumors\\\/wwdc-2025-was-sich-bei-den-airpods-mit-ios-26-aendern-koennte\"},\"wordCount\":653,\"publisher\":{\"@type\":\"Organization\",\"@id\":\"https:\\\/\\\/www.apfelpatient.de\\\/en\\\/#organization\",\"name\":\"Apfelpatient\",\"url\":\"https:\\\/\\\/www.apfelpatient.de\\\/en\\\/\"},\"image\":{\"@id\":\"https:\\\/\\\/www.apfelpatient.de\\\/rumors\\\/wwdc-2025-was-sich-bei-den-airpods-mit-ios-26-aendern-koennte#primaryimage\"},\"thumbnailUrl\":\"https:\\\/\\\/www.apfelpatient.de\\\/wp-content\\\/uploads\\\/2025\\\/06\\\/shutterstock_2360759657.jpg\",\"keywords\":[\"AirPods\",\"iOS\",\"iOS 26\",\"WWDC\",\"WWDC 2025\"],\"articleSection\":\"Rumors\",\"inLanguage\":\"en-US\",\"copyrightYear\":\"2025\",\"copyrightHolder\":{\"@id\":\"https:\\\/\\\/www.apfelpatient.de\\\/en\\\/#organization\"}},{\"@type\":\"WebPage\",\"@id\":\"https:\\\/\\\/www.apfelpatient.de\\\/rumors\\\/wwdc-2025-was-sich-bei-den-airpods-mit-ios-26-aendern-koennte\",\"url\":\"https:\\\/\\\/www.apfelpatient.de\\\/rumors\\\/wwdc-2025-was-sich-bei-den-airpods-mit-ios-26-aendern-koennte\",\"name\":\"WWDC 2025: Was sich bei den AirPods mit iOS 26 \u00e4ndern k\u00f6nnte Apfelpatient\",\"isPartOf\":{\"@id\":\"https:\\\/\\\/www.apfelpatient.de\\\/#website\"},\"primaryImageOfPage\":{\"@id\":\"https:\\\/\\\/www.apfelpatient.de\\\/rumors\\\/wwdc-2025-was-sich-bei-den-airpods-mit-ios-26-aendern-koennte#primaryimage\"},\"image\":{\"@id\":\"https:\\\/\\\/www.apfelpatient.de\\\/rumors\\\/wwdc-2025-was-sich-bei-den-airpods-mit-ios-26-aendern-koennte#primaryimage\"},\"thumbnailUrl\":\"https:\\\/\\\/www.apfelpatient.de\\\/wp-content\\\/uploads\\\/2025\\\/06\\\/shutterstock_2360759657.jpg\",\"datePublished\":\"2025-06-04T20:39:39+00:00\",\"dateModified\":\"2025-06-04T20:39:43+00:00\",\"description\":\"Neue Funktionen f\u00fcr die AirPods sollen zur WWDC25 vorgestellt werden \u2013 von Studio-Audio bis Schlaf\u00aderkennung ist vieles m\u00f6glich.\",\"breadcrumb\":{\"@id\":\"https:\\\/\\\/www.apfelpatient.de\\\/rumors\\\/wwdc-2025-was-sich-bei-den-airpods-mit-ios-26-aendern-koennte#breadcrumb\"},\"inLanguage\":\"en-US\",\"potentialAction\":[{\"@type\":\"ReadAction\",\"target\":[\"https:\\\/\\\/www.apfelpatient.de\\\/rumors\\\/wwdc-2025-was-sich-bei-den-airpods-mit-ios-26-aendern-koennte\"]}]},{\"@type\":\"ImageObject\",\"inLanguage\":\"en-US\",\"@id\":\"https:\\\/\\\/www.apfelpatient.de\\\/rumors\\\/wwdc-2025-was-sich-bei-den-airpods-mit-ios-26-aendern-koennte#primaryimage\",\"url\":\"https:\\\/\\\/www.apfelpatient.de\\\/wp-content\\\/uploads\\\/2025\\\/06\\\/shutterstock_2360759657.jpg\",\"contentUrl\":\"https:\\\/\\\/www.apfelpatient.de\\\/wp-content\\\/uploads\\\/2025\\\/06\\\/shutterstock_2360759657.jpg\",\"width\":1600,\"height\":1067,\"caption\":\"Bild: Shutterstock \\\/ TatianaKim\"},{\"@type\":\"BreadcrumbList\",\"@id\":\"https:\\\/\\\/www.apfelpatient.de\\\/rumors\\\/wwdc-2025-was-sich-bei-den-airpods-mit-ios-26-aendern-koennte#breadcrumb\",\"itemListElement\":[{\"@type\":\"ListItem\",\"position\":1,\"name\":\"Startseite\",\"item\":\"https:\\\/\\\/www.apfelpatient.de\\\/\"},{\"@type\":\"ListItem\",\"position\":2,\"name\":\"WWDC 2025: Was sich bei den AirPods mit iOS 26 \u00e4ndern k\u00f6nnte\"}]},{\"@type\":\"WebSite\",\"@id\":\"https:\\\/\\\/www.apfelpatient.de\\\/#website\",\"url\":\"https:\\\/\\\/www.apfelpatient.de\\\/\",\"name\":\"Apfelpatient\",\"description\":\"Alles rund um Apple!\",\"publisher\":{\"@type\":\"Organization\",\"@id\":\"https:\\\/\\\/www.apfelpatient.de\\\/en\\\/#organization\",\"name\":\"Apfelpatient\",\"url\":\"https:\\\/\\\/www.apfelpatient.de\\\/en\\\/\"},\"alternateName\":\"Apfelpatient\",\"potentialAction\":[{\"@type\":\"SearchAction\",\"target\":{\"@type\":\"EntryPoint\",\"urlTemplate\":\"https:\\\/\\\/www.apfelpatient.de\\\/?s={search_term_string}\"},\"query-input\":{\"@type\":\"PropertyValueSpecification\",\"valueRequired\":true,\"valueName\":\"search_term_string\"}}],\"inLanguage\":\"en-US\"},{\"@type\":[\"Person\",\"Organization\"],\"@id\":\"https:\\\/\\\/www.apfelpatient.de\\\/#\\\/schema\\\/person\\\/7dc56ad6c8e9824b76d2c08d4c140e13\",\"name\":\"Milan\",\"logo\":{\"@id\":\"https:\\\/\\\/www.apfelpatient.de\\\/#\\\/schema\\\/person\\\/image\\\/\"},\"description\":\"Hallo und herzlich willkommen auf meinem Technik-Blog! Als gro\u00dfer Apple-Fan berichte ich hier \u00fcber alles, was mit Apple zu tun hat: von den neuesten News und spannenden Ger\u00fcchten \u00fcber hilfreiche Tipps und Tricks bis hin zu ausf\u00fchrlichen Produkttests. Wenn du genauso technikbegeistert bist wie ich, bist du hier genau richtig!\",\"sameAs\":[\"https:\\\/\\\/www.facebook.com\\\/apfelpatientOfficial\",\"https:\\\/\\\/www.linkedin.com\\\/in\\\/milan-jovicic-42aa0231b\"],\"url\":\"https:\\\/\\\/www.apfelpatient.de\\\/en\\\/author\\\/apfeladmin\"}]}<\/script>\n<!-- \/ Yoast SEO Premium plugin. -->","yoast_head_json":{"title":"WWDC 2025: What could change with AirPods with iOS 26","description":"New features for the AirPods are expected to be unveiled at WWDC25 \u2013 from studio audio to sleep detection, anything is possible.","robots":{"index":"index","follow":"follow","max-snippet":"max-snippet:-1","max-image-preview":"max-image-preview:large","max-video-preview":"max-video-preview:-1"},"canonical":"https:\/\/www.apfelpatient.de\/en\/rumors\/wwdc-2025-what-could-change-with-ios-26-for-airpods","og_locale":"en_US","og_type":"article","og_title":"WWDC 2025: Was sich bei den AirPods mit iOS 26 \u00e4ndern k\u00f6nnte","og_description":"Neue Funktionen f\u00fcr die AirPods sollen zur WWDC25 vorgestellt werden \u2013 von Studio-Audio bis Schlaf\u00aderkennung ist vieles m\u00f6glich.","og_url":"https:\/\/www.apfelpatient.de\/en\/rumors\/wwdc-2025-what-could-change-with-ios-26-for-airpods","og_site_name":"Apfelpatient","article_publisher":"https:\/\/www.facebook.com\/apfelpatientOfficial","article_author":"https:\/\/www.facebook.com\/apfelpatientOfficial","article_published_time":"2025-06-04T20:39:39+00:00","article_modified_time":"2025-06-04T20:39:43+00:00","og_image":[{"width":1600,"height":1067,"url":"https:\/\/www.apfelpatient.de\/wp-content\/uploads\/2025\/06\/shutterstock_2360759657.jpg","type":"image\/jpeg"}],"author":"Milan","twitter_card":"summary_large_image","twitter_description":"Neue Funktionen f\u00fcr die AirPods sollen zur WWDC25 vorgestellt werden \u2013 von Studio-Audio bis Schlaf\u00aderkennung ist vieles m\u00f6glich.","twitter_misc":{"Written by":"Milan","Est. reading time":"4 minutes"},"schema":{"@context":"https:\/\/schema.org","@graph":[{"@type":"NewsArticle","@id":"https:\/\/www.apfelpatient.de\/rumors\/wwdc-2025-was-sich-bei-den-airpods-mit-ios-26-aendern-koennte#article","isPartOf":{"@id":"https:\/\/www.apfelpatient.de\/rumors\/wwdc-2025-was-sich-bei-den-airpods-mit-ios-26-aendern-koennte"},"author":{"@type":"Organization","@id":"https:\/\/www.apfelpatient.de\/en\/#organization","name":"Apfelpatient","url":"https:\/\/www.apfelpatient.de\/en\/"},"headline":"WWDC 2025: Was sich bei den AirPods mit iOS 26 \u00e4ndern k\u00f6nnte","datePublished":"2025-06-04T20:39:39+00:00","dateModified":"2025-06-04T20:39:43+00:00","mainEntityOfPage":{"@id":"https:\/\/www.apfelpatient.de\/rumors\/wwdc-2025-was-sich-bei-den-airpods-mit-ios-26-aendern-koennte"},"wordCount":653,"publisher":{"@type":"Organization","@id":"https:\/\/www.apfelpatient.de\/en\/#organization","name":"Apfelpatient","url":"https:\/\/www.apfelpatient.de\/en\/"},"image":{"@id":"https:\/\/www.apfelpatient.de\/rumors\/wwdc-2025-was-sich-bei-den-airpods-mit-ios-26-aendern-koennte#primaryimage"},"thumbnailUrl":"https:\/\/www.apfelpatient.de\/wp-content\/uploads\/2025\/06\/shutterstock_2360759657.jpg","keywords":["AirPods","iOS","iOS 26","WWDC","WWDC 2025"],"articleSection":"Rumors","inLanguage":"en-US","copyrightYear":"2025","copyrightHolder":{"@id":"https:\/\/www.apfelpatient.de\/en\/#organization"}},{"@type":"WebPage","@id":"https:\/\/www.apfelpatient.de\/rumors\/wwdc-2025-was-sich-bei-den-airpods-mit-ios-26-aendern-koennte","url":"https:\/\/www.apfelpatient.de\/rumors\/wwdc-2025-was-sich-bei-den-airpods-mit-ios-26-aendern-koennte","name":"WWDC 2025: What could change with AirPods with iOS 26","isPartOf":{"@id":"https:\/\/www.apfelpatient.de\/#website"},"primaryImageOfPage":{"@id":"https:\/\/www.apfelpatient.de\/rumors\/wwdc-2025-was-sich-bei-den-airpods-mit-ios-26-aendern-koennte#primaryimage"},"image":{"@id":"https:\/\/www.apfelpatient.de\/rumors\/wwdc-2025-was-sich-bei-den-airpods-mit-ios-26-aendern-koennte#primaryimage"},"thumbnailUrl":"https:\/\/www.apfelpatient.de\/wp-content\/uploads\/2025\/06\/shutterstock_2360759657.jpg","datePublished":"2025-06-04T20:39:39+00:00","dateModified":"2025-06-04T20:39:43+00:00","description":"New features for the AirPods are expected to be unveiled at WWDC25 \u2013 from studio audio to sleep detection, anything is possible.","breadcrumb":{"@id":"https:\/\/www.apfelpatient.de\/rumors\/wwdc-2025-was-sich-bei-den-airpods-mit-ios-26-aendern-koennte#breadcrumb"},"inLanguage":"en-US","potentialAction":[{"@type":"ReadAction","target":["https:\/\/www.apfelpatient.de\/rumors\/wwdc-2025-was-sich-bei-den-airpods-mit-ios-26-aendern-koennte"]}]},{"@type":"ImageObject","inLanguage":"en-US","@id":"https:\/\/www.apfelpatient.de\/rumors\/wwdc-2025-was-sich-bei-den-airpods-mit-ios-26-aendern-koennte#primaryimage","url":"https:\/\/www.apfelpatient.de\/wp-content\/uploads\/2025\/06\/shutterstock_2360759657.jpg","contentUrl":"https:\/\/www.apfelpatient.de\/wp-content\/uploads\/2025\/06\/shutterstock_2360759657.jpg","width":1600,"height":1067,"caption":"Bild: Shutterstock \/ TatianaKim"},{"@type":"BreadcrumbList","@id":"https:\/\/www.apfelpatient.de\/rumors\/wwdc-2025-was-sich-bei-den-airpods-mit-ios-26-aendern-koennte#breadcrumb","itemListElement":[{"@type":"ListItem","position":1,"name":"Startseite","item":"https:\/\/www.apfelpatient.de\/"},{"@type":"ListItem","position":2,"name":"WWDC 2025: Was sich bei den AirPods mit iOS 26 \u00e4ndern k\u00f6nnte"}]},{"@type":"WebSite","@id":"https:\/\/www.apfelpatient.de\/#website","url":"https:\/\/www.apfelpatient.de\/","name":"apple patient","description":"Everything about Apple!","publisher":{"@type":"Organization","@id":"https:\/\/www.apfelpatient.de\/en\/#organization","name":"Apfelpatient","url":"https:\/\/www.apfelpatient.de\/en\/"},"alternateName":"Apfelpatient","potentialAction":[{"@type":"SearchAction","target":{"@type":"EntryPoint","urlTemplate":"https:\/\/www.apfelpatient.de\/?s={search_term_string}"},"query-input":{"@type":"PropertyValueSpecification","valueRequired":true,"valueName":"search_term_string"}}],"inLanguage":"en-US"},{"@type":["Person","Organization"],"@id":"https:\/\/www.apfelpatient.de\/#\/schema\/person\/7dc56ad6c8e9824b76d2c08d4c140e13","name":"Milan","logo":{"@id":"https:\/\/www.apfelpatient.de\/#\/schema\/person\/image\/"},"description":"Hello and welcome to my technology blog! As a big Apple fan, I report on everything to do with Apple: from the latest news and exciting rumors to helpful tips and tricks and detailed product tests. If you are as enthusiastic about technology as I am, you have come to the right place!","sameAs":["https:\/\/www.facebook.com\/apfelpatientOfficial","https:\/\/www.linkedin.com\/in\/milan-jovicic-42aa0231b"],"url":"https:\/\/www.apfelpatient.de\/en\/author\/apfeladmin"}]}},"_links":{"self":[{"href":"https:\/\/www.apfelpatient.de\/en\/wp-json\/wp\/v2\/posts\/55391","targetHints":{"allow":["GET"]}}],"collection":[{"href":"https:\/\/www.apfelpatient.de\/en\/wp-json\/wp\/v2\/posts"}],"about":[{"href":"https:\/\/www.apfelpatient.de\/en\/wp-json\/wp\/v2\/types\/post"}],"author":[{"embeddable":true,"href":"https:\/\/www.apfelpatient.de\/en\/wp-json\/wp\/v2\/users\/2"}],"replies":[{"embeddable":true,"href":"https:\/\/www.apfelpatient.de\/en\/wp-json\/wp\/v2\/comments?post=55391"}],"version-history":[{"count":0,"href":"https:\/\/www.apfelpatient.de\/en\/wp-json\/wp\/v2\/posts\/55391\/revisions"}],"wp:featuredmedia":[{"embeddable":true,"href":"https:\/\/www.apfelpatient.de\/en\/wp-json\/wp\/v2\/media\/55390"}],"wp:attachment":[{"href":"https:\/\/www.apfelpatient.de\/en\/wp-json\/wp\/v2\/media?parent=55391"}],"wp:term":[{"taxonomy":"category","embeddable":true,"href":"https:\/\/www.apfelpatient.de\/en\/wp-json\/wp\/v2\/categories?post=55391"},{"taxonomy":"post_tag","embeddable":true,"href":"https:\/\/www.apfelpatient.de\/en\/wp-json\/wp\/v2\/tags?post=55391"}],"curies":[{"name":"wp","href":"https:\/\/api.w.org\/{rel}","templated":true}]}}