{"id":55262,"date":"2025-06-01T15:03:18","date_gmt":"2025-06-01T13:03:18","guid":{"rendered":"https:\/\/www.apfelpatient.de\/?p=55262"},"modified":"2025-06-01T15:03:20","modified_gmt":"2025-06-01T13:03:20","slug":"macos-26-is-probably-called-tahoe-new-design-is-coming","status":"publish","type":"post","link":"https:\/\/www.apfelpatient.de\/en\/rumors\/macos-26-heisst-wohl-tahoe-neues-design-steht-bevor","title":{"rendered":"macOS 26 is probably called \u201cTahoe\u201d \u2013 new design is coming"},"content":{"rendered":"<p class=\"has-drop-cap\"><strong>Apple is about to open a new chapter in the Mac operating system with macOS 26. According to a recent report by Bloomberg journalist Mark Gurman, the next version will not only have a new name but also a comprehensive redesign. This marks the biggest visual update since macOS Big Sur. The official unveiling is expected at WWDC.<\/strong><\/p>\n\n\n\n<p>If you use a Mac, the update to macOS 26 will be relevant for you. The upcoming version not only brings new features but also a fresh design\u2014according to Gurman, the third major redesign in the era of Californian codenames. The choice of the new name, macOS Tahoe, suggests that Apple is placing particular emphasis on visual aspects this time around.<\/p>\n\n\n\n<h3 class=\"wp-block-heading\" id=\"h-apple-nennt-macos-26-wohl-tahoe\">Apple probably calls macOS 26 \u201cTahoe\u201d<\/h3>\n\n\n\n<p class=\"translation-block\">macOS 26 is said to be named &quot;Tahoe.&quot; This refers to Lake Tahoe in California, a well-known vacation spot and a popular second home for many Apple employees. Apple has been using geographical names from California for its macOS versions for years. Tahoe was not chosen by chance \u2013 according to <a href=\"https:\/\/www.bloomberg.com\/news\/newsletters\/2025-06-01\/apple-s-wwdc-2025-plan-macos-tahoe-apple-intelligence-ai-ios-26-games-app-mbdlzqpz\" target=\"_blank\" rel=\"noreferrer noopener\" data-wpel-link=\"external\">Gurman,<\/a> the lake, with its clear reflection of the sky and mountains, fits well with Apple&#039;s new design approach. The graphical redesign is intended to capture the calm, reflective aesthetic of the lake. While no specific design elements have been revealed yet, the description suggests that Apple is placing great emphasis on visual harmony and modern UI elements. It will be the first major redesign since macOS Big Sur, released in 2020.<\/p>\n\n\n\n<h4 class=\"wp-block-heading\" id=\"h-ein-neues-namensschema-fur-alle-apple-systeme\">A new naming scheme for all Apple systems<\/h4>\n\n\n\n<p class=\"translation-block\">In addition to the new design, Apple is <a href=\"https:\/\/www.apfelpatient.de\/en\/rumors\/wwdc-2025-apple-skips-ios-19-and-relies-on-ios-26\" data-wpel-link=\"internal\" target=\"_self\">also changing the naming<\/a> of its operating systems. In the future, all platforms \u2013 macOS, iOS, iPadOS, watchOS, tvOS, and visionOS \u2013 will simply use the year instead of their previous version numbers. macOS 16 will become macOS 26 because it is scheduled for release in late 2025. This principle is reminiscent of the naming system for cars, where models are also named after the coming year. Gurman reports that Apple will announce this change at WWDC. iOS 26, iPadOS 26, and all other systems will also be managed under the new scheme. The goal is apparently clearer communication across system versions.<\/p>\n\n\n\n<ul class=\"wp-block-list\">\n<li><a href=\"https:\/\/www.apfelpatient.de\/en\/rumors\/ios-26-instead-of-ios-19-second-source-confirms-the-change\">iOS 26 instead of iOS 19: Second source confirms the change<\/a><\/li>\n<\/ul>\n\n\n\n<h4 class=\"wp-block-heading\" id=\"h-das-dritte-grosse-macos-redesign-unter-kalifornischen-namen\">The third major macOS redesign under a Californian name<\/h4>\n\n\n\n<p>Since switching to Californian place names, Apple has implemented two major visual overhauls: with macOS Yosemite in 2014 and macOS Big Sur in 2020. According to Gurman, macOS 26, codenamed Tahoe, will be the third major redesign in this series. So, it&#039;s not a minor cosmetic update, but a comprehensive modernization of the user interface.<\/p>\n\n\n\n<h4 class=\"wp-block-heading\" id=\"h-wwdc-als-buhne-fur-macos-26\">WWDC as a stage for macOS 26<\/h4>\n\n\n\n<p>The official announcement of macOS 26 is expected next week at WWDC. As usual, Apple will present all new versions of its operating systems there. In addition to the new design, technical innovations and possibly additional AI features could also be shown \u2013 details remain unconfirmed for now.<\/p>\n\n\n\n<ul class=\"wp-block-list\">\n<li><a href=\"https:\/\/www.apfelpatient.de\/en\/generally\/apple-tv-highlights-in-june-2025-whats-coming-now\">Apple TV+ Highlights in June 2025 \u2013 what\u2019s coming now<\/a><\/li>\n<\/ul>\n\n\n\n<h3 class=\"wp-block-heading\" id=\"h-apple-bringt-mit-macos-26-frischen-wind-ins-system\">Apple brings a breath of fresh air to the system with macOS 26<\/h3>\n\n\n\n<p>Apple is preparing a comprehensive redesign of its desktop operating system with macOS 26. The new name &quot;Tahoe&quot; not only reflects the tradition of Californian place names, but also underscores the new visual direction Apple intends to take with the update. At the same time, Apple is introducing a consistent naming system: From now on, all systems will carry the number of their release year. WWDC will reveal exactly what macOS 26 looks like and what new features it will bring. If you use a Mac, this update will be a visible step forward. (Image: Shutterstock \/ Shahid Jamil)<\/p>\n\n\n\n<ul class=\"wp-block-list\">\n<li><a href=\"https:\/\/www.apfelpatient.de\/en\/rumors\/macos-26-apple-discontinues-support-for-these-models\">macOS 26: Apple discontinues support for these models<\/a><\/li>\n\n\n\n<li><a href=\"https:\/\/www.apfelpatient.de\/en\/generally\/apple-puts-the-turbo-on-smart-glasses-with-ai-power\">Apple boosts smart glasses with AI power<\/a><\/li>\n\n\n\n<li><a href=\"https:\/\/www.apfelpatient.de\/en\/generally\/apple-watch-2025-whats-changing-with-the-new-models\">Apple Watch 2025: What&#039;s changing with the new models<\/a><\/li>\n<\/ul>\n\n\n\n<h6 class=\"wp-block-heading translation-block\" id=\"h-kennt-ihr-schon-unsere-amazon-storefront-dort-findet-ihr-eine-handverlesene-auswahl-von-diversen-produkten-f-r-euer-iphone-und-co-viel-spa-beim-st-bern\"><em>Have you already visited our Amazon Storefront? There you&#039;ll find a hand-picked selection of various products for your iPhone and other devices \u2013 <span class=\"has-inline-color has-vivid-red-color\"><a href=\"https:\/\/www.amazon.de\/shop\/apfelpatientofficial\" class=\"ek-link\" data-wpel-link=\"exclude\" rel=\"follow noopener\" target=\"_self\"><span style=\"text-decoration: underline\" class=\"ek-underline\">enjoy browsing<\/span><\/a> !<\/span><\/em><\/h6>\n\n\n\n<h6 class=\"wp-block-heading translation-block\" id=\"h-der-beitrag-enthalt-partnerlinks\">This post contains <a data-type=\"URL\" data-id=\"https:\/\/www.apfelpatient.de\/partnerprogramm\" href=\"https:\/\/www.apfelpatient.de\/en\/partner-program\" data-wpel-link=\"internal\" target=\"_self\">affiliate links<\/a>.<\/h6>","protected":false},"excerpt":{"rendered":"<p>macOS 26 will be called &quot;Tahoe&quot; and will feature a major redesign. Apple is also changing the naming logic for all systems. All the details on WWDC can be found here.<\/p>","protected":false},"author":2,"featured_media":55260,"comment_status":"closed","ping_status":"closed","sticky":false,"template":"","format":"standard","meta":{"jnews-multi-image_gallery":[],"jnews_single_post":{"format":"standard","override":[{"template":"2","parallax":"1","fullscreen":"1","layout":"right-sidebar","sidebar":"default-sidebar","second_sidebar":"default-sidebar","sticky_sidebar":"1","share_position":"top","share_float_style":"share-monocrhome","show_featured":"1","show_post_meta":"1","show_post_author":"1","show_post_author_image":"1","show_post_date":"1","post_date_format":"default","post_date_format_custom":"Y\/m\/d","show_post_category":"1","show_post_reading_time":"0","post_reading_time_wpm":"300","post_calculate_word_method":"str_word_count","show_zoom_button":"0","zoom_button_out_step":"2","zoom_button_in_step":"3","show_post_tag":"1","show_prev_next_post":"1","show_popup_post":"1","number_popup_post":"1","show_author_box":"0","show_post_related":"0","show_inline_post_related":"0"}],"image_override":[{"single_post_thumbnail_size":"crop-500","single_post_gallery_size":"crop-500"}],"trending_post_position":"meta","trending_post_label":"Trending","sponsored_post_label":"Sponsored by","disable_ad":"0"},"jnews_primary_category":{"id":"25"},"footnotes":""},"categories":[25],"tags":[4,1115,1223],"class_list":["post-55262","post","type-post","status-publish","format-standard","has-post-thumbnail","hentry","category-rumors","tag-macos","tag-macos-16","tag-macos-26"],"yoast_head":"<!-- This site is optimized with the Yoast SEO Premium plugin v27.5 (Yoast SEO v27.5) - https:\/\/yoast.com\/product\/yoast-seo-premium-wordpress\/ -->\n<title>macOS 26 hei\u00dft wohl \u201eTahoe\u201c \u2013 neues Design steht bevor Apfelpatient<\/title>\n<meta name=\"description\" content=\"macOS 26 soll \u201eTahoe\u201c hei\u00dfen und bringt ein gro\u00dfes Redesign. Apple \u00e4ndert auch die Namenslogik f\u00fcr alle Systeme. Alle Details zur WWDC hier.\" \/>\n<meta name=\"robots\" content=\"index, follow, max-snippet:-1, max-image-preview:large, max-video-preview:-1\" \/>\n<link rel=\"canonical\" href=\"https:\/\/www.apfelpatient.de\/en\/rumors\/macos-26-is-probably-called-tahoe-new-design-is-coming\" \/>\n<meta property=\"og:locale\" content=\"en_US\" \/>\n<meta property=\"og:type\" content=\"article\" \/>\n<meta property=\"og:title\" content=\"macOS 26 hei\u00dft wohl \u201eTahoe\u201c \u2013 neues Design steht bevor\" \/>\n<meta property=\"og:description\" content=\"macOS 26 soll \u201eTahoe\u201c hei\u00dfen und bringt ein gro\u00dfes Redesign. Apple \u00e4ndert auch die Namenslogik f\u00fcr alle Systeme. Alle Details zur WWDC hier.\" \/>\n<meta property=\"og:url\" content=\"https:\/\/www.apfelpatient.de\/en\/rumors\/macos-26-is-probably-called-tahoe-new-design-is-coming\" \/>\n<meta property=\"og:site_name\" content=\"Apfelpatient\" \/>\n<meta property=\"article:publisher\" content=\"https:\/\/www.facebook.com\/apfelpatientOfficial\" \/>\n<meta property=\"article:author\" content=\"https:\/\/www.facebook.com\/apfelpatientOfficial\" \/>\n<meta property=\"article:published_time\" content=\"2025-06-01T13:03:18+00:00\" \/>\n<meta property=\"article:modified_time\" content=\"2025-06-01T13:03:20+00:00\" \/>\n<meta property=\"og:image\" content=\"https:\/\/www.apfelpatient.de\/wp-content\/uploads\/2025\/06\/shutterstock_1927172249.jpg\" \/>\n\t<meta property=\"og:image:width\" content=\"1600\" \/>\n\t<meta property=\"og:image:height\" content=\"1067\" \/>\n\t<meta property=\"og:image:type\" content=\"image\/jpeg\" \/>\n<meta name=\"author\" content=\"Milan\" \/>\n<meta name=\"twitter:card\" content=\"summary_large_image\" \/>\n<meta name=\"twitter:description\" content=\"macOS 26 soll \u201eTahoe\u201c hei\u00dfen und bringt ein gro\u00dfes Redesign. Apple \u00e4ndert auch die Namenslogik f\u00fcr alle Systeme. Alle Details zur WWDC hier.\" \/>\n<meta name=\"twitter:label1\" content=\"Written by\" \/>\n\t<meta name=\"twitter:data1\" content=\"Milan\" \/>\n\t<meta name=\"twitter:label2\" content=\"Est. reading time\" \/>\n\t<meta name=\"twitter:data2\" content=\"4 minutes\" \/>\n<script type=\"application\/ld+json\" class=\"yoast-schema-graph\">{\"@context\":\"https:\\\/\\\/schema.org\",\"@graph\":[{\"@type\":\"NewsArticle\",\"@id\":\"https:\\\/\\\/www.apfelpatient.de\\\/rumors\\\/macos-26-heisst-wohl-tahoe-neues-design-steht-bevor#article\",\"isPartOf\":{\"@id\":\"https:\\\/\\\/www.apfelpatient.de\\\/rumors\\\/macos-26-heisst-wohl-tahoe-neues-design-steht-bevor\"},\"author\":{\"@type\":\"Organization\",\"@id\":\"https:\\\/\\\/www.apfelpatient.de\\\/en\\\/#organization\",\"name\":\"Apfelpatient\",\"url\":\"https:\\\/\\\/www.apfelpatient.de\\\/en\\\/\"},\"headline\":\"macOS 26 hei\u00dft wohl \u201eTahoe\u201c \u2013 neues Design steht bevor\",\"datePublished\":\"2025-06-01T13:03:18+00:00\",\"dateModified\":\"2025-06-01T13:03:20+00:00\",\"mainEntityOfPage\":{\"@id\":\"https:\\\/\\\/www.apfelpatient.de\\\/rumors\\\/macos-26-heisst-wohl-tahoe-neues-design-steht-bevor\"},\"wordCount\":601,\"publisher\":{\"@type\":\"Organization\",\"@id\":\"https:\\\/\\\/www.apfelpatient.de\\\/en\\\/#organization\",\"name\":\"Apfelpatient\",\"url\":\"https:\\\/\\\/www.apfelpatient.de\\\/en\\\/\"},\"image\":{\"@id\":\"https:\\\/\\\/www.apfelpatient.de\\\/rumors\\\/macos-26-heisst-wohl-tahoe-neues-design-steht-bevor#primaryimage\"},\"thumbnailUrl\":\"https:\\\/\\\/www.apfelpatient.de\\\/wp-content\\\/uploads\\\/2025\\\/06\\\/shutterstock_1927172249.jpg\",\"keywords\":[\"macOS\",\"macOS 16\",\"macOS 26\"],\"articleSection\":\"Rumors\",\"inLanguage\":\"en-US\",\"copyrightYear\":\"2025\",\"copyrightHolder\":{\"@id\":\"https:\\\/\\\/www.apfelpatient.de\\\/en\\\/#organization\"}},{\"@type\":\"WebPage\",\"@id\":\"https:\\\/\\\/www.apfelpatient.de\\\/rumors\\\/macos-26-heisst-wohl-tahoe-neues-design-steht-bevor\",\"url\":\"https:\\\/\\\/www.apfelpatient.de\\\/rumors\\\/macos-26-heisst-wohl-tahoe-neues-design-steht-bevor\",\"name\":\"macOS 26 hei\u00dft wohl \u201eTahoe\u201c \u2013 neues Design steht bevor Apfelpatient\",\"isPartOf\":{\"@id\":\"https:\\\/\\\/www.apfelpatient.de\\\/#website\"},\"primaryImageOfPage\":{\"@id\":\"https:\\\/\\\/www.apfelpatient.de\\\/rumors\\\/macos-26-heisst-wohl-tahoe-neues-design-steht-bevor#primaryimage\"},\"image\":{\"@id\":\"https:\\\/\\\/www.apfelpatient.de\\\/rumors\\\/macos-26-heisst-wohl-tahoe-neues-design-steht-bevor#primaryimage\"},\"thumbnailUrl\":\"https:\\\/\\\/www.apfelpatient.de\\\/wp-content\\\/uploads\\\/2025\\\/06\\\/shutterstock_1927172249.jpg\",\"datePublished\":\"2025-06-01T13:03:18+00:00\",\"dateModified\":\"2025-06-01T13:03:20+00:00\",\"description\":\"macOS 26 soll \u201eTahoe\u201c hei\u00dfen und bringt ein gro\u00dfes Redesign. Apple \u00e4ndert auch die Namenslogik f\u00fcr alle Systeme. Alle Details zur WWDC hier.\",\"breadcrumb\":{\"@id\":\"https:\\\/\\\/www.apfelpatient.de\\\/rumors\\\/macos-26-heisst-wohl-tahoe-neues-design-steht-bevor#breadcrumb\"},\"inLanguage\":\"en-US\",\"potentialAction\":[{\"@type\":\"ReadAction\",\"target\":[\"https:\\\/\\\/www.apfelpatient.de\\\/rumors\\\/macos-26-heisst-wohl-tahoe-neues-design-steht-bevor\"]}]},{\"@type\":\"ImageObject\",\"inLanguage\":\"en-US\",\"@id\":\"https:\\\/\\\/www.apfelpatient.de\\\/rumors\\\/macos-26-heisst-wohl-tahoe-neues-design-steht-bevor#primaryimage\",\"url\":\"https:\\\/\\\/www.apfelpatient.de\\\/wp-content\\\/uploads\\\/2025\\\/06\\\/shutterstock_1927172249.jpg\",\"contentUrl\":\"https:\\\/\\\/www.apfelpatient.de\\\/wp-content\\\/uploads\\\/2025\\\/06\\\/shutterstock_1927172249.jpg\",\"width\":1600,\"height\":1067,\"caption\":\"Bild: Shutterstock \\\/ Shahid Jamil\"},{\"@type\":\"BreadcrumbList\",\"@id\":\"https:\\\/\\\/www.apfelpatient.de\\\/rumors\\\/macos-26-heisst-wohl-tahoe-neues-design-steht-bevor#breadcrumb\",\"itemListElement\":[{\"@type\":\"ListItem\",\"position\":1,\"name\":\"Startseite\",\"item\":\"https:\\\/\\\/www.apfelpatient.de\\\/\"},{\"@type\":\"ListItem\",\"position\":2,\"name\":\"macOS 26 hei\u00dft wohl \u201eTahoe\u201c \u2013 neues Design steht bevor\"}]},{\"@type\":\"WebSite\",\"@id\":\"https:\\\/\\\/www.apfelpatient.de\\\/#website\",\"url\":\"https:\\\/\\\/www.apfelpatient.de\\\/\",\"name\":\"Apfelpatient\",\"description\":\"Alles rund um Apple!\",\"publisher\":{\"@type\":\"Organization\",\"@id\":\"https:\\\/\\\/www.apfelpatient.de\\\/en\\\/#organization\",\"name\":\"Apfelpatient\",\"url\":\"https:\\\/\\\/www.apfelpatient.de\\\/en\\\/\"},\"alternateName\":\"Apfelpatient\",\"potentialAction\":[{\"@type\":\"SearchAction\",\"target\":{\"@type\":\"EntryPoint\",\"urlTemplate\":\"https:\\\/\\\/www.apfelpatient.de\\\/?s={search_term_string}\"},\"query-input\":{\"@type\":\"PropertyValueSpecification\",\"valueRequired\":true,\"valueName\":\"search_term_string\"}}],\"inLanguage\":\"en-US\"},{\"@type\":[\"Person\",\"Organization\"],\"@id\":\"https:\\\/\\\/www.apfelpatient.de\\\/#\\\/schema\\\/person\\\/7dc56ad6c8e9824b76d2c08d4c140e13\",\"name\":\"Milan\",\"logo\":{\"@id\":\"https:\\\/\\\/www.apfelpatient.de\\\/#\\\/schema\\\/person\\\/image\\\/\"},\"description\":\"Hallo und herzlich willkommen auf meinem Technik-Blog! Als gro\u00dfer Apple-Fan berichte ich hier \u00fcber alles, was mit Apple zu tun hat: von den neuesten News und spannenden Ger\u00fcchten \u00fcber hilfreiche Tipps und Tricks bis hin zu ausf\u00fchrlichen Produkttests. Wenn du genauso technikbegeistert bist wie ich, bist du hier genau richtig!\",\"sameAs\":[\"https:\\\/\\\/www.facebook.com\\\/apfelpatientOfficial\",\"https:\\\/\\\/www.linkedin.com\\\/in\\\/milan-jovicic-42aa0231b\"],\"url\":\"https:\\\/\\\/www.apfelpatient.de\\\/en\\\/author\\\/apfeladmin\"}]}<\/script>\n<!-- \/ Yoast SEO Premium plugin. -->","yoast_head_json":{"title":"macOS 26 is probably called \u201cTahoe\u201d \u2013 new design is coming Apfelpatient","description":"macOS 26 will be called &quot;Tahoe&quot; and will feature a major redesign. Apple is also changing the naming logic for all systems. All the details on WWDC can be found here.","robots":{"index":"index","follow":"follow","max-snippet":"max-snippet:-1","max-image-preview":"max-image-preview:large","max-video-preview":"max-video-preview:-1"},"canonical":"https:\/\/www.apfelpatient.de\/en\/rumors\/macos-26-is-probably-called-tahoe-new-design-is-coming","og_locale":"en_US","og_type":"article","og_title":"macOS 26 hei\u00dft wohl \u201eTahoe\u201c \u2013 neues Design steht bevor","og_description":"macOS 26 soll \u201eTahoe\u201c hei\u00dfen und bringt ein gro\u00dfes Redesign. Apple \u00e4ndert auch die Namenslogik f\u00fcr alle Systeme. Alle Details zur WWDC hier.","og_url":"https:\/\/www.apfelpatient.de\/en\/rumors\/macos-26-is-probably-called-tahoe-new-design-is-coming","og_site_name":"Apfelpatient","article_publisher":"https:\/\/www.facebook.com\/apfelpatientOfficial","article_author":"https:\/\/www.facebook.com\/apfelpatientOfficial","article_published_time":"2025-06-01T13:03:18+00:00","article_modified_time":"2025-06-01T13:03:20+00:00","og_image":[{"width":1600,"height":1067,"url":"https:\/\/www.apfelpatient.de\/wp-content\/uploads\/2025\/06\/shutterstock_1927172249.jpg","type":"image\/jpeg"}],"author":"Milan","twitter_card":"summary_large_image","twitter_description":"macOS 26 soll \u201eTahoe\u201c hei\u00dfen und bringt ein gro\u00dfes Redesign. Apple \u00e4ndert auch die Namenslogik f\u00fcr alle Systeme. Alle Details zur WWDC hier.","twitter_misc":{"Written by":"Milan","Est. reading time":"4 minutes"},"schema":{"@context":"https:\/\/schema.org","@graph":[{"@type":"NewsArticle","@id":"https:\/\/www.apfelpatient.de\/rumors\/macos-26-heisst-wohl-tahoe-neues-design-steht-bevor#article","isPartOf":{"@id":"https:\/\/www.apfelpatient.de\/rumors\/macos-26-heisst-wohl-tahoe-neues-design-steht-bevor"},"author":{"@type":"Organization","@id":"https:\/\/www.apfelpatient.de\/en\/#organization","name":"Apfelpatient","url":"https:\/\/www.apfelpatient.de\/en\/"},"headline":"macOS 26 hei\u00dft wohl \u201eTahoe\u201c \u2013 neues Design steht bevor","datePublished":"2025-06-01T13:03:18+00:00","dateModified":"2025-06-01T13:03:20+00:00","mainEntityOfPage":{"@id":"https:\/\/www.apfelpatient.de\/rumors\/macos-26-heisst-wohl-tahoe-neues-design-steht-bevor"},"wordCount":601,"publisher":{"@type":"Organization","@id":"https:\/\/www.apfelpatient.de\/en\/#organization","name":"Apfelpatient","url":"https:\/\/www.apfelpatient.de\/en\/"},"image":{"@id":"https:\/\/www.apfelpatient.de\/rumors\/macos-26-heisst-wohl-tahoe-neues-design-steht-bevor#primaryimage"},"thumbnailUrl":"https:\/\/www.apfelpatient.de\/wp-content\/uploads\/2025\/06\/shutterstock_1927172249.jpg","keywords":["macOS","macOS 16","macOS 26"],"articleSection":"Rumors","inLanguage":"en-US","copyrightYear":"2025","copyrightHolder":{"@id":"https:\/\/www.apfelpatient.de\/en\/#organization"}},{"@type":"WebPage","@id":"https:\/\/www.apfelpatient.de\/rumors\/macos-26-heisst-wohl-tahoe-neues-design-steht-bevor","url":"https:\/\/www.apfelpatient.de\/rumors\/macos-26-heisst-wohl-tahoe-neues-design-steht-bevor","name":"macOS 26 is probably called \u201cTahoe\u201d \u2013 new design is coming Apfelpatient","isPartOf":{"@id":"https:\/\/www.apfelpatient.de\/#website"},"primaryImageOfPage":{"@id":"https:\/\/www.apfelpatient.de\/rumors\/macos-26-heisst-wohl-tahoe-neues-design-steht-bevor#primaryimage"},"image":{"@id":"https:\/\/www.apfelpatient.de\/rumors\/macos-26-heisst-wohl-tahoe-neues-design-steht-bevor#primaryimage"},"thumbnailUrl":"https:\/\/www.apfelpatient.de\/wp-content\/uploads\/2025\/06\/shutterstock_1927172249.jpg","datePublished":"2025-06-01T13:03:18+00:00","dateModified":"2025-06-01T13:03:20+00:00","description":"macOS 26 will be called &quot;Tahoe&quot; and will feature a major redesign. Apple is also changing the naming logic for all systems. All the details on WWDC can be found here.","breadcrumb":{"@id":"https:\/\/www.apfelpatient.de\/rumors\/macos-26-heisst-wohl-tahoe-neues-design-steht-bevor#breadcrumb"},"inLanguage":"en-US","potentialAction":[{"@type":"ReadAction","target":["https:\/\/www.apfelpatient.de\/rumors\/macos-26-heisst-wohl-tahoe-neues-design-steht-bevor"]}]},{"@type":"ImageObject","inLanguage":"en-US","@id":"https:\/\/www.apfelpatient.de\/rumors\/macos-26-heisst-wohl-tahoe-neues-design-steht-bevor#primaryimage","url":"https:\/\/www.apfelpatient.de\/wp-content\/uploads\/2025\/06\/shutterstock_1927172249.jpg","contentUrl":"https:\/\/www.apfelpatient.de\/wp-content\/uploads\/2025\/06\/shutterstock_1927172249.jpg","width":1600,"height":1067,"caption":"Bild: Shutterstock \/ Shahid Jamil"},{"@type":"BreadcrumbList","@id":"https:\/\/www.apfelpatient.de\/rumors\/macos-26-heisst-wohl-tahoe-neues-design-steht-bevor#breadcrumb","itemListElement":[{"@type":"ListItem","position":1,"name":"Startseite","item":"https:\/\/www.apfelpatient.de\/"},{"@type":"ListItem","position":2,"name":"macOS 26 hei\u00dft wohl \u201eTahoe\u201c \u2013 neues Design steht bevor"}]},{"@type":"WebSite","@id":"https:\/\/www.apfelpatient.de\/#website","url":"https:\/\/www.apfelpatient.de\/","name":"apple patient","description":"Everything about Apple!","publisher":{"@type":"Organization","@id":"https:\/\/www.apfelpatient.de\/en\/#organization","name":"Apfelpatient","url":"https:\/\/www.apfelpatient.de\/en\/"},"alternateName":"Apfelpatient","potentialAction":[{"@type":"SearchAction","target":{"@type":"EntryPoint","urlTemplate":"https:\/\/www.apfelpatient.de\/?s={search_term_string}"},"query-input":{"@type":"PropertyValueSpecification","valueRequired":true,"valueName":"search_term_string"}}],"inLanguage":"en-US"},{"@type":["Person","Organization"],"@id":"https:\/\/www.apfelpatient.de\/#\/schema\/person\/7dc56ad6c8e9824b76d2c08d4c140e13","name":"Milan","logo":{"@id":"https:\/\/www.apfelpatient.de\/#\/schema\/person\/image\/"},"description":"Hello and welcome to my technology blog! As a big Apple fan, I report on everything to do with Apple: from the latest news and exciting rumors to helpful tips and tricks and detailed product tests. If you are as enthusiastic about technology as I am, you have come to the right place!","sameAs":["https:\/\/www.facebook.com\/apfelpatientOfficial","https:\/\/www.linkedin.com\/in\/milan-jovicic-42aa0231b"],"url":"https:\/\/www.apfelpatient.de\/en\/author\/apfeladmin"}]}},"_links":{"self":[{"href":"https:\/\/www.apfelpatient.de\/en\/wp-json\/wp\/v2\/posts\/55262","targetHints":{"allow":["GET"]}}],"collection":[{"href":"https:\/\/www.apfelpatient.de\/en\/wp-json\/wp\/v2\/posts"}],"about":[{"href":"https:\/\/www.apfelpatient.de\/en\/wp-json\/wp\/v2\/types\/post"}],"author":[{"embeddable":true,"href":"https:\/\/www.apfelpatient.de\/en\/wp-json\/wp\/v2\/users\/2"}],"replies":[{"embeddable":true,"href":"https:\/\/www.apfelpatient.de\/en\/wp-json\/wp\/v2\/comments?post=55262"}],"version-history":[{"count":0,"href":"https:\/\/www.apfelpatient.de\/en\/wp-json\/wp\/v2\/posts\/55262\/revisions"}],"wp:featuredmedia":[{"embeddable":true,"href":"https:\/\/www.apfelpatient.de\/en\/wp-json\/wp\/v2\/media\/55260"}],"wp:attachment":[{"href":"https:\/\/www.apfelpatient.de\/en\/wp-json\/wp\/v2\/media?parent=55262"}],"wp:term":[{"taxonomy":"category","embeddable":true,"href":"https:\/\/www.apfelpatient.de\/en\/wp-json\/wp\/v2\/categories?post=55262"},{"taxonomy":"post_tag","embeddable":true,"href":"https:\/\/www.apfelpatient.de\/en\/wp-json\/wp\/v2\/tags?post=55262"}],"curies":[{"name":"wp","href":"https:\/\/api.w.org\/{rel}","templated":true}]}}