{"id":5521,"date":"2019-08-13T21:35:40","date_gmt":"2019-08-13T19:35:40","guid":{"rendered":"https:\/\/www.apfelpatient.de\/?p=5521"},"modified":"2019-08-13T21:35:40","modified_gmt":"2019-08-13T19:35:40","slug":"facebook-prepares-dark-mode-for-ios-android","status":"publish","type":"post","link":"https:\/\/www.apfelpatient.de\/en\/news\/facebook-bereitet-dark-mode-fuer-ios-android-vor","title":{"rendered":"Facebook prepares Dark Mode for iOS &amp; Android"},"content":{"rendered":"<p><strong>At the beginning of the year, Facebook confirmed the dark mode for its own application on iPhone and other devices. But nothing of the sort has been introduced to date. While Facebook remains silent on the subject, hints about the development have now been discovered in the code.<\/strong><\/p>\n<p>Dark Mode - also known as dark mode - in Facebook has been requested by fans for a long time. Although the company has confirmed the feature, a specific time frame for its possible release has never been given. There have also been no details about the development so far. Computer science student and hacker Jane Manchun Wong has now written on her blog that she has found evidence of a dark mode in the code of the Facebook app. She made the discovery in the Android version of the application. Wong is known for filtering out unpublished functions in various social media apps and leaking test phases. She recently drew attention to the upcoming &quot;Snooze&quot; function for Twitter - this allows users to temporarily hide notifications.<\/p>\n<p><strong>A chance discovery<\/strong><\/p>\n<p>Their latest discovery - Dark Mode in Facebook - is said to already be in a testing phase. At least that&#039;s what the code suggests - writes Wong. &quot;I came across this unreleased Dark Mode in Facebook&#039;s mobile app for Android when I took a closer look at the code, which suggests that Facebook recently started implementing the long-awaited Dark Mode in their mobile app.<\/p>\n\n<p>Dark mode seems to be in an early stage of development. At the moment, only certain parts of the app have been reworked to support dark mode. For example, when dark text is displayed on a dark background and vice versa,&quot; says Wong. The computer science student emphasizes that it is not possible to predict a timeframe for the release.<\/p>\n<p><strong>Dark Mode in Facebook Messenger \u2013 how it works<\/strong><\/p>\n<p>Dark Mode in Facebook Messenger appeared in April of this year and is very popular. It was added to the app around a month before its official launch and could be activated using a simple trick. Anyone who wants to use dark mode in Facebook Messenger can switch it on or off at any time. Clicking on the profile picture in the top left corner of Messenger takes you to the controls for the function. Facebook promised at the time that the feature would also be included in the web version, but did not give an exact date. <a href=\"https:\/\/www.amazon.de\/gp\/product\/B07PYM8FB8\/ref=as_li_tl?ie=UTF8&amp;camp=1638&amp;creative=6742&amp;creativeASIN=B07PYM8FB8&amp;linkCode=as2&amp;tag=apfelpatient-21&amp;linkId=0cec1e8017c2cb2078ff07f1a24db3df\" target=\"_blank\" rel=\"noopener noreferrer\">Apple AirPods with wireless charging case on special offer on Amazon<\/a><img decoding=\"async\" style=\"border: none !important; margin: 0px !important;\" src=\"\/\/ir-de.amazon-adsystem.com\/e\/ir?t=apfelpatient-21&amp;l=am2&amp;o=3&amp;a=B07PYM8FB8\" alt=\"\" width=\"1\" height=\"1\" border=\"0\" \/> <em>(Photo by bigtunaonline \/ Bigstockphoto)<\/em><\/p>\n<h5><a href=\"https:\/\/t.me\/apfelpatient_official\"><em><strong>Don&#039;t want to miss any more news? Then subscribe to our Telegram channel here<\/strong><\/em><\/a><\/h5>","protected":false},"excerpt":{"rendered":"<p>Anfang des Jahres hat Facebook den Dark Mode f\u00fcr die hauseigene Anwendung auf iPhone und Co. best\u00e4tigt. Doch bis heute wurde nichts dergleichen vorgestellt. W\u00e4hrend Facebook zu diesem Thema schweigt, wurden nun Hinweise zur Entwicklung im Code entdeckt. Der Dark Mode &#8211; auch bekannt als Dunkelmodus &#8211; in Facebook wird schon seit langer Zeit von [&hellip;]<\/p>\n","protected":false},"author":2,"featured_media":5524,"comment_status":"open","ping_status":"open","sticky":false,"template":"","format":"standard","meta":{"jnews-multi-image_gallery":[],"jnews_single_post":[],"jnews_primary_category":[],"footnotes":""},"categories":[9],"tags":[175,142,3,8],"class_list":["post-5521","post","type-post","status-publish","format-standard","has-post-thumbnail","hentry","category-news","tag-dark-mode","tag-facebook","tag-ios","tag-iphone"],"yoast_head":"<!-- This site is optimized with the Yoast SEO Premium plugin v27.5 (Yoast SEO v27.5) - https:\/\/yoast.com\/product\/yoast-seo-premium-wordpress\/ -->\n<title>Facebook bereitet Dark Mode f\u00fcr iOS &amp; Android vor Apfelpatient<\/title>\n<meta name=\"description\" content=\"- Anfang des Jahres hat Facebook den Dark Mode f\u00fcr die hauseigene Anwendung auf iPhone und Co. best\u00e4tigt. Doch bis heute wurde nichts dergleichen vorgestellt. W\u00e4hrend Facebook zu diesem Thema schweigt, wurden nun Hinweise zur Entwicklung im Code entdeckt.\" \/>\n<meta name=\"robots\" content=\"index, follow, max-snippet:-1, max-image-preview:large, max-video-preview:-1\" \/>\n<link rel=\"canonical\" href=\"https:\/\/www.apfelpatient.de\/en\/news\/facebook-prepares-dark-mode-for-ios-android\" \/>\n<meta property=\"og:locale\" content=\"en_US\" \/>\n<meta property=\"og:type\" content=\"article\" \/>\n<meta property=\"og:title\" content=\"Facebook bereitet Dark Mode f\u00fcr iOS &amp; Android vor\" \/>\n<meta property=\"og:description\" content=\"- Anfang des Jahres hat Facebook den Dark Mode f\u00fcr die hauseigene Anwendung auf iPhone und Co. best\u00e4tigt. Doch bis heute wurde nichts dergleichen vorgestellt. W\u00e4hrend Facebook zu diesem Thema schweigt, wurden nun Hinweise zur Entwicklung im Code entdeckt.\" \/>\n<meta property=\"og:url\" content=\"https:\/\/www.apfelpatient.de\/en\/news\/facebook-prepares-dark-mode-for-ios-android\" \/>\n<meta property=\"og:site_name\" content=\"Apfelpatient\" \/>\n<meta property=\"article:publisher\" content=\"https:\/\/www.facebook.com\/apfelpatientOfficial\" \/>\n<meta property=\"article:author\" content=\"https:\/\/www.facebook.com\/apfelpatientOfficial\" \/>\n<meta property=\"article:published_time\" content=\"2019-08-13T19:35:40+00:00\" \/>\n<meta property=\"og:image\" content=\"https:\/\/www.apfelpatient.de\/wp-content\/uploads\/2019\/08\/bigstock-221267017.jpg\" \/>\n\t<meta property=\"og:image:width\" content=\"1600\" \/>\n\t<meta property=\"og:image:height\" content=\"1067\" \/>\n\t<meta property=\"og:image:type\" content=\"image\/jpeg\" \/>\n<meta name=\"author\" content=\"Milan\" \/>\n<meta name=\"twitter:card\" content=\"summary_large_image\" \/>\n<meta name=\"twitter:label1\" content=\"Written by\" \/>\n\t<meta name=\"twitter:data1\" content=\"Milan\" \/>\n\t<meta name=\"twitter:label2\" content=\"Est. reading time\" \/>\n\t<meta name=\"twitter:data2\" content=\"2 minutes\" \/>\n<script type=\"application\/ld+json\" class=\"yoast-schema-graph\">{\"@context\":\"https:\\\/\\\/schema.org\",\"@graph\":[{\"@type\":\"NewsArticle\",\"@id\":\"https:\\\/\\\/www.apfelpatient.de\\\/news\\\/facebook-bereitet-dark-mode-fuer-ios-android-vor#article\",\"isPartOf\":{\"@id\":\"https:\\\/\\\/www.apfelpatient.de\\\/news\\\/facebook-bereitet-dark-mode-fuer-ios-android-vor\"},\"author\":{\"@type\":\"Organization\",\"@id\":\"https:\\\/\\\/www.apfelpatient.de\\\/en\\\/#organization\",\"name\":\"Apfelpatient\",\"url\":\"https:\\\/\\\/www.apfelpatient.de\\\/en\\\/\"},\"headline\":\"Facebook bereitet Dark Mode f\u00fcr iOS &#038; Android vor\",\"datePublished\":\"2019-08-13T19:35:40+00:00\",\"mainEntityOfPage\":{\"@id\":\"https:\\\/\\\/www.apfelpatient.de\\\/news\\\/facebook-bereitet-dark-mode-fuer-ios-android-vor\"},\"wordCount\":435,\"commentCount\":0,\"publisher\":{\"@type\":\"Organization\",\"@id\":\"https:\\\/\\\/www.apfelpatient.de\\\/en\\\/#organization\",\"name\":\"Apfelpatient\",\"url\":\"https:\\\/\\\/www.apfelpatient.de\\\/en\\\/\"},\"image\":{\"@id\":\"https:\\\/\\\/www.apfelpatient.de\\\/news\\\/facebook-bereitet-dark-mode-fuer-ios-android-vor#primaryimage\"},\"thumbnailUrl\":\"https:\\\/\\\/www.apfelpatient.de\\\/wp-content\\\/uploads\\\/2019\\\/08\\\/bigstock-221267017.jpg\",\"keywords\":[\"Dark Mode\",\"Facebook\",\"iOS\",\"iPhone\"],\"articleSection\":\"News\",\"inLanguage\":\"en-US\",\"potentialAction\":[{\"@type\":\"CommentAction\",\"name\":\"Comment\",\"target\":[\"https:\\\/\\\/www.apfelpatient.de\\\/news\\\/facebook-bereitet-dark-mode-fuer-ios-android-vor#respond\"]}],\"copyrightYear\":\"2019\",\"copyrightHolder\":{\"@id\":\"https:\\\/\\\/www.apfelpatient.de\\\/en\\\/#organization\"}},{\"@type\":\"WebPage\",\"@id\":\"https:\\\/\\\/www.apfelpatient.de\\\/news\\\/facebook-bereitet-dark-mode-fuer-ios-android-vor\",\"url\":\"https:\\\/\\\/www.apfelpatient.de\\\/news\\\/facebook-bereitet-dark-mode-fuer-ios-android-vor\",\"name\":\"Facebook bereitet Dark Mode f\u00fcr iOS & Android vor Apfelpatient\",\"isPartOf\":{\"@id\":\"https:\\\/\\\/www.apfelpatient.de\\\/#website\"},\"primaryImageOfPage\":{\"@id\":\"https:\\\/\\\/www.apfelpatient.de\\\/news\\\/facebook-bereitet-dark-mode-fuer-ios-android-vor#primaryimage\"},\"image\":{\"@id\":\"https:\\\/\\\/www.apfelpatient.de\\\/news\\\/facebook-bereitet-dark-mode-fuer-ios-android-vor#primaryimage\"},\"thumbnailUrl\":\"https:\\\/\\\/www.apfelpatient.de\\\/wp-content\\\/uploads\\\/2019\\\/08\\\/bigstock-221267017.jpg\",\"datePublished\":\"2019-08-13T19:35:40+00:00\",\"description\":\"- Anfang des Jahres hat Facebook den Dark Mode f\u00fcr die hauseigene Anwendung auf iPhone und Co. best\u00e4tigt. Doch bis heute wurde nichts dergleichen vorgestellt. W\u00e4hrend Facebook zu diesem Thema schweigt, wurden nun Hinweise zur Entwicklung im Code entdeckt.\",\"breadcrumb\":{\"@id\":\"https:\\\/\\\/www.apfelpatient.de\\\/news\\\/facebook-bereitet-dark-mode-fuer-ios-android-vor#breadcrumb\"},\"inLanguage\":\"en-US\",\"potentialAction\":[{\"@type\":\"ReadAction\",\"target\":[\"https:\\\/\\\/www.apfelpatient.de\\\/news\\\/facebook-bereitet-dark-mode-fuer-ios-android-vor\"]}]},{\"@type\":\"ImageObject\",\"inLanguage\":\"en-US\",\"@id\":\"https:\\\/\\\/www.apfelpatient.de\\\/news\\\/facebook-bereitet-dark-mode-fuer-ios-android-vor#primaryimage\",\"url\":\"https:\\\/\\\/www.apfelpatient.de\\\/wp-content\\\/uploads\\\/2019\\\/08\\\/bigstock-221267017.jpg\",\"contentUrl\":\"https:\\\/\\\/www.apfelpatient.de\\\/wp-content\\\/uploads\\\/2019\\\/08\\\/bigstock-221267017.jpg\",\"width\":1600,\"height\":1067,\"caption\":\"Photo by bigtunaonline \\\/ Bigstockphoto\"},{\"@type\":\"BreadcrumbList\",\"@id\":\"https:\\\/\\\/www.apfelpatient.de\\\/news\\\/facebook-bereitet-dark-mode-fuer-ios-android-vor#breadcrumb\",\"itemListElement\":[{\"@type\":\"ListItem\",\"position\":1,\"name\":\"Startseite\",\"item\":\"https:\\\/\\\/www.apfelpatient.de\\\/\"},{\"@type\":\"ListItem\",\"position\":2,\"name\":\"Facebook bereitet Dark Mode f\u00fcr iOS &#038; Android vor\"}]},{\"@type\":\"WebSite\",\"@id\":\"https:\\\/\\\/www.apfelpatient.de\\\/#website\",\"url\":\"https:\\\/\\\/www.apfelpatient.de\\\/\",\"name\":\"Apfelpatient\",\"description\":\"Alles rund um Apple!\",\"publisher\":{\"@type\":\"Organization\",\"@id\":\"https:\\\/\\\/www.apfelpatient.de\\\/en\\\/#organization\",\"name\":\"Apfelpatient\",\"url\":\"https:\\\/\\\/www.apfelpatient.de\\\/en\\\/\"},\"alternateName\":\"Apfelpatient\",\"potentialAction\":[{\"@type\":\"SearchAction\",\"target\":{\"@type\":\"EntryPoint\",\"urlTemplate\":\"https:\\\/\\\/www.apfelpatient.de\\\/?s={search_term_string}\"},\"query-input\":{\"@type\":\"PropertyValueSpecification\",\"valueRequired\":true,\"valueName\":\"search_term_string\"}}],\"inLanguage\":\"en-US\"},{\"@type\":[\"Person\",\"Organization\"],\"@id\":\"https:\\\/\\\/www.apfelpatient.de\\\/#\\\/schema\\\/person\\\/7dc56ad6c8e9824b76d2c08d4c140e13\",\"name\":\"Milan\",\"logo\":{\"@id\":\"https:\\\/\\\/www.apfelpatient.de\\\/#\\\/schema\\\/person\\\/image\\\/\"},\"description\":\"Hallo und herzlich willkommen auf meinem Technik-Blog! Als gro\u00dfer Apple-Fan berichte ich hier \u00fcber alles, was mit Apple zu tun hat: von den neuesten News und spannenden Ger\u00fcchten \u00fcber hilfreiche Tipps und Tricks bis hin zu ausf\u00fchrlichen Produkttests. Wenn du genauso technikbegeistert bist wie ich, bist du hier genau richtig!\",\"sameAs\":[\"https:\\\/\\\/www.facebook.com\\\/apfelpatientOfficial\",\"https:\\\/\\\/www.linkedin.com\\\/in\\\/milan-jovicic-42aa0231b\"],\"url\":\"https:\\\/\\\/www.apfelpatient.de\\\/en\\\/author\\\/apfeladmin\"}]}<\/script>\n<!-- \/ Yoast SEO Premium plugin. -->","yoast_head_json":{"title":"Facebook prepares Dark Mode for iOS &amp; Android Apfelpatient","description":"- At the beginning of the year, Facebook confirmed the dark mode for its own application on iPhone and other devices. But nothing of the sort has been introduced to date. While Facebook remains silent on the subject, hints about the development have now been discovered in the code.","robots":{"index":"index","follow":"follow","max-snippet":"max-snippet:-1","max-image-preview":"max-image-preview:large","max-video-preview":"max-video-preview:-1"},"canonical":"https:\/\/www.apfelpatient.de\/en\/news\/facebook-prepares-dark-mode-for-ios-android","og_locale":"en_US","og_type":"article","og_title":"Facebook bereitet Dark Mode f\u00fcr iOS & Android vor","og_description":"- Anfang des Jahres hat Facebook den Dark Mode f\u00fcr die hauseigene Anwendung auf iPhone und Co. best\u00e4tigt. Doch bis heute wurde nichts dergleichen vorgestellt. W\u00e4hrend Facebook zu diesem Thema schweigt, wurden nun Hinweise zur Entwicklung im Code entdeckt.","og_url":"https:\/\/www.apfelpatient.de\/en\/news\/facebook-prepares-dark-mode-for-ios-android","og_site_name":"Apfelpatient","article_publisher":"https:\/\/www.facebook.com\/apfelpatientOfficial","article_author":"https:\/\/www.facebook.com\/apfelpatientOfficial","article_published_time":"2019-08-13T19:35:40+00:00","og_image":[{"width":1600,"height":1067,"url":"https:\/\/www.apfelpatient.de\/wp-content\/uploads\/2019\/08\/bigstock-221267017.jpg","type":"image\/jpeg"}],"author":"Milan","twitter_card":"summary_large_image","twitter_misc":{"Written by":"Milan","Est. reading time":"2 minutes"},"schema":{"@context":"https:\/\/schema.org","@graph":[{"@type":"NewsArticle","@id":"https:\/\/www.apfelpatient.de\/news\/facebook-bereitet-dark-mode-fuer-ios-android-vor#article","isPartOf":{"@id":"https:\/\/www.apfelpatient.de\/news\/facebook-bereitet-dark-mode-fuer-ios-android-vor"},"author":{"@type":"Organization","@id":"https:\/\/www.apfelpatient.de\/en\/#organization","name":"Apfelpatient","url":"https:\/\/www.apfelpatient.de\/en\/"},"headline":"Facebook bereitet Dark Mode f\u00fcr iOS &#038; Android vor","datePublished":"2019-08-13T19:35:40+00:00","mainEntityOfPage":{"@id":"https:\/\/www.apfelpatient.de\/news\/facebook-bereitet-dark-mode-fuer-ios-android-vor"},"wordCount":435,"commentCount":0,"publisher":{"@type":"Organization","@id":"https:\/\/www.apfelpatient.de\/en\/#organization","name":"Apfelpatient","url":"https:\/\/www.apfelpatient.de\/en\/"},"image":{"@id":"https:\/\/www.apfelpatient.de\/news\/facebook-bereitet-dark-mode-fuer-ios-android-vor#primaryimage"},"thumbnailUrl":"https:\/\/www.apfelpatient.de\/wp-content\/uploads\/2019\/08\/bigstock-221267017.jpg","keywords":["Dark Mode","Facebook","iOS","iPhone"],"articleSection":"News","inLanguage":"en-US","potentialAction":[{"@type":"CommentAction","name":"Comment","target":["https:\/\/www.apfelpatient.de\/news\/facebook-bereitet-dark-mode-fuer-ios-android-vor#respond"]}],"copyrightYear":"2019","copyrightHolder":{"@id":"https:\/\/www.apfelpatient.de\/en\/#organization"}},{"@type":"WebPage","@id":"https:\/\/www.apfelpatient.de\/news\/facebook-bereitet-dark-mode-fuer-ios-android-vor","url":"https:\/\/www.apfelpatient.de\/news\/facebook-bereitet-dark-mode-fuer-ios-android-vor","name":"Facebook prepares Dark Mode for iOS &amp; Android Apfelpatient","isPartOf":{"@id":"https:\/\/www.apfelpatient.de\/#website"},"primaryImageOfPage":{"@id":"https:\/\/www.apfelpatient.de\/news\/facebook-bereitet-dark-mode-fuer-ios-android-vor#primaryimage"},"image":{"@id":"https:\/\/www.apfelpatient.de\/news\/facebook-bereitet-dark-mode-fuer-ios-android-vor#primaryimage"},"thumbnailUrl":"https:\/\/www.apfelpatient.de\/wp-content\/uploads\/2019\/08\/bigstock-221267017.jpg","datePublished":"2019-08-13T19:35:40+00:00","description":"- At the beginning of the year, Facebook confirmed the dark mode for its own application on iPhone and other devices. But nothing of the sort has been introduced to date. While Facebook remains silent on the subject, hints about the development have now been discovered in the code.","breadcrumb":{"@id":"https:\/\/www.apfelpatient.de\/news\/facebook-bereitet-dark-mode-fuer-ios-android-vor#breadcrumb"},"inLanguage":"en-US","potentialAction":[{"@type":"ReadAction","target":["https:\/\/www.apfelpatient.de\/news\/facebook-bereitet-dark-mode-fuer-ios-android-vor"]}]},{"@type":"ImageObject","inLanguage":"en-US","@id":"https:\/\/www.apfelpatient.de\/news\/facebook-bereitet-dark-mode-fuer-ios-android-vor#primaryimage","url":"https:\/\/www.apfelpatient.de\/wp-content\/uploads\/2019\/08\/bigstock-221267017.jpg","contentUrl":"https:\/\/www.apfelpatient.de\/wp-content\/uploads\/2019\/08\/bigstock-221267017.jpg","width":1600,"height":1067,"caption":"Photo by bigtunaonline \/ Bigstockphoto"},{"@type":"BreadcrumbList","@id":"https:\/\/www.apfelpatient.de\/news\/facebook-bereitet-dark-mode-fuer-ios-android-vor#breadcrumb","itemListElement":[{"@type":"ListItem","position":1,"name":"Startseite","item":"https:\/\/www.apfelpatient.de\/"},{"@type":"ListItem","position":2,"name":"Facebook bereitet Dark Mode f\u00fcr iOS &#038; Android vor"}]},{"@type":"WebSite","@id":"https:\/\/www.apfelpatient.de\/#website","url":"https:\/\/www.apfelpatient.de\/","name":"apple patient","description":"Everything about Apple!","publisher":{"@type":"Organization","@id":"https:\/\/www.apfelpatient.de\/en\/#organization","name":"Apfelpatient","url":"https:\/\/www.apfelpatient.de\/en\/"},"alternateName":"Apfelpatient","potentialAction":[{"@type":"SearchAction","target":{"@type":"EntryPoint","urlTemplate":"https:\/\/www.apfelpatient.de\/?s={search_term_string}"},"query-input":{"@type":"PropertyValueSpecification","valueRequired":true,"valueName":"search_term_string"}}],"inLanguage":"en-US"},{"@type":["Person","Organization"],"@id":"https:\/\/www.apfelpatient.de\/#\/schema\/person\/7dc56ad6c8e9824b76d2c08d4c140e13","name":"Milan","logo":{"@id":"https:\/\/www.apfelpatient.de\/#\/schema\/person\/image\/"},"description":"Hello and welcome to my technology blog! As a big Apple fan, I report on everything to do with Apple: from the latest news and exciting rumors to helpful tips and tricks and detailed product tests. If you are as enthusiastic about technology as I am, you have come to the right place!","sameAs":["https:\/\/www.facebook.com\/apfelpatientOfficial","https:\/\/www.linkedin.com\/in\/milan-jovicic-42aa0231b"],"url":"https:\/\/www.apfelpatient.de\/en\/author\/apfeladmin"}]}},"_links":{"self":[{"href":"https:\/\/www.apfelpatient.de\/en\/wp-json\/wp\/v2\/posts\/5521","targetHints":{"allow":["GET"]}}],"collection":[{"href":"https:\/\/www.apfelpatient.de\/en\/wp-json\/wp\/v2\/posts"}],"about":[{"href":"https:\/\/www.apfelpatient.de\/en\/wp-json\/wp\/v2\/types\/post"}],"author":[{"embeddable":true,"href":"https:\/\/www.apfelpatient.de\/en\/wp-json\/wp\/v2\/users\/2"}],"replies":[{"embeddable":true,"href":"https:\/\/www.apfelpatient.de\/en\/wp-json\/wp\/v2\/comments?post=5521"}],"version-history":[{"count":0,"href":"https:\/\/www.apfelpatient.de\/en\/wp-json\/wp\/v2\/posts\/5521\/revisions"}],"wp:featuredmedia":[{"embeddable":true,"href":"https:\/\/www.apfelpatient.de\/en\/wp-json\/wp\/v2\/media\/5524"}],"wp:attachment":[{"href":"https:\/\/www.apfelpatient.de\/en\/wp-json\/wp\/v2\/media?parent=5521"}],"wp:term":[{"taxonomy":"category","embeddable":true,"href":"https:\/\/www.apfelpatient.de\/en\/wp-json\/wp\/v2\/categories?post=5521"},{"taxonomy":"post_tag","embeddable":true,"href":"https:\/\/www.apfelpatient.de\/en\/wp-json\/wp\/v2\/tags?post=5521"}],"curies":[{"name":"wp","href":"https:\/\/api.w.org\/{rel}","templated":true}]}}