{"id":5515,"date":"2019-08-13T16:17:45","date_gmt":"2019-08-13T14:17:45","guid":{"rendered":"https:\/\/www.apfelpatient.de\/?p=5515"},"modified":"2025-02-06T07:39:05","modified_gmt":"2025-02-06T06:39:05","slug":"iphone-2019-apple-reportedly-plans-early-market-launch","status":"publish","type":"post","link":"https:\/\/www.apfelpatient.de\/en\/rumors\/iphone-2019-apple-plant-angeblich-vorgezogenen-marktstart","title":{"rendered":"iPhone 2019 \u2013 Apple reportedly plans early market launch"},"content":{"rendered":"<p><strong>It should hardly be a secret that Apple is planning to introduce three new iPhone models in September. But when will the iPhone 11 and Co. go on sale? A Wedbush analyst wants to know the answer to this question.<\/strong><\/p>\n<p>Since 2012, Apple has held a major media event every September at which the company presents its latest iPhone series. But there is now a change in the process. In 2017, Apple introduced the iPhone 8, iPhone 8 Plus and iPhone X - although three models were presented, Apple did not put all devices on the shelves at the same time. The iPhone 8 was launched as usual in September, while the iPhone X did not debut worldwide until early November. Apple took a similar approach last year. In 2018, the iPhone XS, iPhone XS Max and iPhone XR were introduced. While the iPhone XS generation was able to launch in September, the iPhone XR had to wait until the end of October.<\/p>\n<p><strong>Early market launch out of necessity?<\/strong><\/p>\n\n<p>According to Wedbusch, this is set to change this year. Apple plans to launch all three iPhone models at the same time \u2013 the analysts claim to have learned this from suppliers. (<a href=\"https:\/\/www.apfelpatient.de\/en\">Apple plans new name extension for iPhone 11<\/a>) In addition, the devices will not be released in the third week of September as previously thought, but will be available from the second week of September. Until now, September 20th was considered a hot candidate. The change is said to be of a strategic nature. According to Wedbush, Apple wants to significantly improve its third quarter figures with an earlier market launch. The company is forecasting sales of around 61 - 64 billion US dollars for this quarter - this is significantly more than last year. It remains to be seen whether Wedbush&#039;s own forecast will be correct. <a href=\"https:\/\/www.amazon.de\/gp\/product\/B07PYM8FB8\/ref=as_li_tl?ie=UTF8&amp;camp=1638&amp;creative=6742&amp;creativeASIN=B07PYM8FB8&amp;linkCode=as2&amp;tag=apfelpatient-21&amp;linkId=0cec1e8017c2cb2078ff07f1a24db3df\" target=\"_blank\" rel=\"noopener noreferrer\">Apple AirPods with wireless charging case on special offer on Amazon<\/a><img decoding=\"async\" style=\"border: none !important; margin: 0px !important;\" src=\"\/\/ir-de.amazon-adsystem.com\/e\/ir?t=apfelpatient-21&amp;l=am2&amp;o=3&amp;a=B07PYM8FB8\" alt=\"\" width=\"1\" height=\"1\" border=\"0\" \/> <em>(Photo by hadrian \/ Bigstockphoto)<\/em><\/p>\n<h5><a href=\"https:\/\/t.me\/apfelpatient_official\"><em><strong>Don&#039;t want to miss any more news? Then subscribe to our Telegram channel here<\/strong><\/em><\/a><\/h5>","protected":false},"excerpt":{"rendered":"<p>Das Apple die Vorstellung von drei neuen iPhone-Modellen im September plant, sollte kaum noch ein Geheimnis sein. Doch wann gehen iPhone 11 und Co. in den Verkauf? Die Antwort auf diese Frage will ein Wedbush-Analyst kennen. Apple veranstaltet seit 2012 jeden September ein gro\u00dfes Medienereignis, bei dem der Konzern seine neueste iPhone-Reihe pr\u00e4sentiert. Doch es [&hellip;]<\/p>\n","protected":false},"author":2,"featured_media":5516,"comment_status":"open","ping_status":"open","sticky":false,"template":"","format":"standard","meta":{"jnews-multi-image_gallery":[],"jnews_single_post":[],"jnews_primary_category":[],"footnotes":""},"categories":[25],"tags":[8,204,183],"class_list":["post-5515","post","type-post","status-publish","format-standard","has-post-thumbnail","hentry","category-rumors","tag-iphone","tag-iphone-11","tag-iphone-2019"],"yoast_head":"<!-- This site is optimized with the Yoast SEO Premium plugin v27.5 (Yoast SEO v27.5) - https:\/\/yoast.com\/product\/yoast-seo-premium-wordpress\/ -->\n<title>iPhone 2019 - Apple plant angeblich vorgezogenen Marktstart Apfelpatient<\/title>\n<meta name=\"description\" content=\"- Das Apple die Vorstellung von drei neuen iPhone-Modellen im September plant, sollte kaum noch ein Geheimnis sein. Doch wann gehen iPhone 11 und Co. in den Verkauf? Die Antwort auf diese Frage will ein Wedbush-Analyst kennen.\" \/>\n<meta name=\"robots\" content=\"index, follow, max-snippet:-1, max-image-preview:large, max-video-preview:-1\" \/>\n<link rel=\"canonical\" href=\"https:\/\/www.apfelpatient.de\/en\/rumors\/iphone-2019-apple-reportedly-plans-early-market-launch\" \/>\n<meta property=\"og:locale\" content=\"en_US\" \/>\n<meta property=\"og:type\" content=\"article\" \/>\n<meta property=\"og:title\" content=\"iPhone 2019 - Apple plant angeblich vorgezogenen Marktstart\" \/>\n<meta property=\"og:description\" content=\"- Das Apple die Vorstellung von drei neuen iPhone-Modellen im September plant, sollte kaum noch ein Geheimnis sein. Doch wann gehen iPhone 11 und Co. in den Verkauf? Die Antwort auf diese Frage will ein Wedbush-Analyst kennen.\" \/>\n<meta property=\"og:url\" content=\"https:\/\/www.apfelpatient.de\/en\/rumors\/iphone-2019-apple-reportedly-plans-early-market-launch\" \/>\n<meta property=\"og:site_name\" content=\"Apfelpatient\" \/>\n<meta property=\"article:publisher\" content=\"https:\/\/www.facebook.com\/apfelpatientOfficial\" \/>\n<meta property=\"article:author\" content=\"https:\/\/www.facebook.com\/apfelpatientOfficial\" \/>\n<meta property=\"article:published_time\" content=\"2019-08-13T14:17:45+00:00\" \/>\n<meta property=\"article:modified_time\" content=\"2025-02-06T06:39:05+00:00\" \/>\n<meta property=\"og:image\" content=\"https:\/\/www.apfelpatient.de\/wp-content\/uploads\/2019\/08\/bigstock-Strasbourg-France-Sep-259939678.jpg\" \/>\n\t<meta property=\"og:image:width\" content=\"1600\" \/>\n\t<meta property=\"og:image:height\" content=\"1200\" \/>\n\t<meta property=\"og:image:type\" content=\"image\/jpeg\" \/>\n<meta name=\"author\" content=\"Milan\" \/>\n<meta name=\"twitter:card\" content=\"summary_large_image\" \/>\n<meta name=\"twitter:label1\" content=\"Written by\" \/>\n\t<meta name=\"twitter:data1\" content=\"Milan\" \/>\n\t<meta name=\"twitter:label2\" content=\"Est. reading time\" \/>\n\t<meta name=\"twitter:data2\" content=\"2 minutes\" \/>\n<script type=\"application\/ld+json\" class=\"yoast-schema-graph\">{\"@context\":\"https:\\\/\\\/schema.org\",\"@graph\":[{\"@type\":\"NewsArticle\",\"@id\":\"https:\\\/\\\/www.apfelpatient.de\\\/rumors\\\/iphone-2019-apple-plant-angeblich-vorgezogenen-marktstart#article\",\"isPartOf\":{\"@id\":\"https:\\\/\\\/www.apfelpatient.de\\\/rumors\\\/iphone-2019-apple-plant-angeblich-vorgezogenen-marktstart\"},\"author\":{\"@type\":\"Organization\",\"@id\":\"https:\\\/\\\/www.apfelpatient.de\\\/en\\\/#organization\",\"name\":\"Apfelpatient\",\"url\":\"https:\\\/\\\/www.apfelpatient.de\\\/en\\\/\"},\"headline\":\"iPhone 2019 &#8211; Apple plant angeblich vorgezogenen Marktstart\",\"datePublished\":\"2019-08-13T14:17:45+00:00\",\"dateModified\":\"2025-02-06T06:39:05+00:00\",\"mainEntityOfPage\":{\"@id\":\"https:\\\/\\\/www.apfelpatient.de\\\/rumors\\\/iphone-2019-apple-plant-angeblich-vorgezogenen-marktstart\"},\"wordCount\":315,\"commentCount\":0,\"publisher\":{\"@type\":\"Organization\",\"@id\":\"https:\\\/\\\/www.apfelpatient.de\\\/en\\\/#organization\",\"name\":\"Apfelpatient\",\"url\":\"https:\\\/\\\/www.apfelpatient.de\\\/en\\\/\"},\"image\":{\"@id\":\"https:\\\/\\\/www.apfelpatient.de\\\/rumors\\\/iphone-2019-apple-plant-angeblich-vorgezogenen-marktstart#primaryimage\"},\"thumbnailUrl\":\"https:\\\/\\\/www.apfelpatient.de\\\/wp-content\\\/uploads\\\/2019\\\/08\\\/bigstock-Strasbourg-France-Sep-259939678.jpg\",\"keywords\":[\"iPhone\",\"iPhone 11\",\"iPhone 2019\"],\"articleSection\":\"Rumors\",\"inLanguage\":\"en-US\",\"potentialAction\":[{\"@type\":\"CommentAction\",\"name\":\"Comment\",\"target\":[\"https:\\\/\\\/www.apfelpatient.de\\\/rumors\\\/iphone-2019-apple-plant-angeblich-vorgezogenen-marktstart#respond\"]}],\"copyrightYear\":\"2019\",\"copyrightHolder\":{\"@id\":\"https:\\\/\\\/www.apfelpatient.de\\\/en\\\/#organization\"}},{\"@type\":\"WebPage\",\"@id\":\"https:\\\/\\\/www.apfelpatient.de\\\/rumors\\\/iphone-2019-apple-plant-angeblich-vorgezogenen-marktstart\",\"url\":\"https:\\\/\\\/www.apfelpatient.de\\\/rumors\\\/iphone-2019-apple-plant-angeblich-vorgezogenen-marktstart\",\"name\":\"iPhone 2019 - Apple plant angeblich vorgezogenen Marktstart Apfelpatient\",\"isPartOf\":{\"@id\":\"https:\\\/\\\/www.apfelpatient.de\\\/#website\"},\"primaryImageOfPage\":{\"@id\":\"https:\\\/\\\/www.apfelpatient.de\\\/rumors\\\/iphone-2019-apple-plant-angeblich-vorgezogenen-marktstart#primaryimage\"},\"image\":{\"@id\":\"https:\\\/\\\/www.apfelpatient.de\\\/rumors\\\/iphone-2019-apple-plant-angeblich-vorgezogenen-marktstart#primaryimage\"},\"thumbnailUrl\":\"https:\\\/\\\/www.apfelpatient.de\\\/wp-content\\\/uploads\\\/2019\\\/08\\\/bigstock-Strasbourg-France-Sep-259939678.jpg\",\"datePublished\":\"2019-08-13T14:17:45+00:00\",\"dateModified\":\"2025-02-06T06:39:05+00:00\",\"description\":\"- Das Apple die Vorstellung von drei neuen iPhone-Modellen im September plant, sollte kaum noch ein Geheimnis sein. Doch wann gehen iPhone 11 und Co. in den Verkauf? Die Antwort auf diese Frage will ein Wedbush-Analyst kennen.\",\"breadcrumb\":{\"@id\":\"https:\\\/\\\/www.apfelpatient.de\\\/rumors\\\/iphone-2019-apple-plant-angeblich-vorgezogenen-marktstart#breadcrumb\"},\"inLanguage\":\"en-US\",\"potentialAction\":[{\"@type\":\"ReadAction\",\"target\":[\"https:\\\/\\\/www.apfelpatient.de\\\/rumors\\\/iphone-2019-apple-plant-angeblich-vorgezogenen-marktstart\"]}]},{\"@type\":\"ImageObject\",\"inLanguage\":\"en-US\",\"@id\":\"https:\\\/\\\/www.apfelpatient.de\\\/rumors\\\/iphone-2019-apple-plant-angeblich-vorgezogenen-marktstart#primaryimage\",\"url\":\"https:\\\/\\\/www.apfelpatient.de\\\/wp-content\\\/uploads\\\/2019\\\/08\\\/bigstock-Strasbourg-France-Sep-259939678.jpg\",\"contentUrl\":\"https:\\\/\\\/www.apfelpatient.de\\\/wp-content\\\/uploads\\\/2019\\\/08\\\/bigstock-Strasbourg-France-Sep-259939678.jpg\",\"width\":1600,\"height\":1200,\"caption\":\"Photo by hadrian \\\/ Bigstockphoto\"},{\"@type\":\"BreadcrumbList\",\"@id\":\"https:\\\/\\\/www.apfelpatient.de\\\/rumors\\\/iphone-2019-apple-plant-angeblich-vorgezogenen-marktstart#breadcrumb\",\"itemListElement\":[{\"@type\":\"ListItem\",\"position\":1,\"name\":\"Startseite\",\"item\":\"https:\\\/\\\/www.apfelpatient.de\\\/\"},{\"@type\":\"ListItem\",\"position\":2,\"name\":\"iPhone 2019 &#8211; Apple plant angeblich vorgezogenen Marktstart\"}]},{\"@type\":\"WebSite\",\"@id\":\"https:\\\/\\\/www.apfelpatient.de\\\/#website\",\"url\":\"https:\\\/\\\/www.apfelpatient.de\\\/\",\"name\":\"Apfelpatient\",\"description\":\"Alles rund um Apple!\",\"publisher\":{\"@type\":\"Organization\",\"@id\":\"https:\\\/\\\/www.apfelpatient.de\\\/en\\\/#organization\",\"name\":\"Apfelpatient\",\"url\":\"https:\\\/\\\/www.apfelpatient.de\\\/en\\\/\"},\"alternateName\":\"Apfelpatient\",\"potentialAction\":[{\"@type\":\"SearchAction\",\"target\":{\"@type\":\"EntryPoint\",\"urlTemplate\":\"https:\\\/\\\/www.apfelpatient.de\\\/?s={search_term_string}\"},\"query-input\":{\"@type\":\"PropertyValueSpecification\",\"valueRequired\":true,\"valueName\":\"search_term_string\"}}],\"inLanguage\":\"en-US\"},{\"@type\":[\"Person\",\"Organization\"],\"@id\":\"https:\\\/\\\/www.apfelpatient.de\\\/#\\\/schema\\\/person\\\/7dc56ad6c8e9824b76d2c08d4c140e13\",\"name\":\"Milan\",\"logo\":{\"@id\":\"https:\\\/\\\/www.apfelpatient.de\\\/#\\\/schema\\\/person\\\/image\\\/\"},\"description\":\"Hallo und herzlich willkommen auf meinem Technik-Blog! Als gro\u00dfer Apple-Fan berichte ich hier \u00fcber alles, was mit Apple zu tun hat: von den neuesten News und spannenden Ger\u00fcchten \u00fcber hilfreiche Tipps und Tricks bis hin zu ausf\u00fchrlichen Produkttests. Wenn du genauso technikbegeistert bist wie ich, bist du hier genau richtig!\",\"sameAs\":[\"https:\\\/\\\/www.facebook.com\\\/apfelpatientOfficial\",\"https:\\\/\\\/www.linkedin.com\\\/in\\\/milan-jovicic-42aa0231b\"],\"url\":\"https:\\\/\\\/www.apfelpatient.de\\\/en\\\/author\\\/apfeladmin\"}]}<\/script>\n<!-- \/ Yoast SEO Premium plugin. -->","yoast_head_json":{"title":"iPhone 2019 - Apple reportedly plans early market launch Apfelpatient","description":"- It should hardly be a secret that Apple is planning to introduce three new iPhone models in September. But when will the iPhone 11 and Co. go on sale? A Wedbush analyst wants to know the answer to this question.","robots":{"index":"index","follow":"follow","max-snippet":"max-snippet:-1","max-image-preview":"max-image-preview:large","max-video-preview":"max-video-preview:-1"},"canonical":"https:\/\/www.apfelpatient.de\/en\/rumors\/iphone-2019-apple-reportedly-plans-early-market-launch","og_locale":"en_US","og_type":"article","og_title":"iPhone 2019 - Apple plant angeblich vorgezogenen Marktstart","og_description":"- Das Apple die Vorstellung von drei neuen iPhone-Modellen im September plant, sollte kaum noch ein Geheimnis sein. Doch wann gehen iPhone 11 und Co. in den Verkauf? Die Antwort auf diese Frage will ein Wedbush-Analyst kennen.","og_url":"https:\/\/www.apfelpatient.de\/en\/rumors\/iphone-2019-apple-reportedly-plans-early-market-launch","og_site_name":"Apfelpatient","article_publisher":"https:\/\/www.facebook.com\/apfelpatientOfficial","article_author":"https:\/\/www.facebook.com\/apfelpatientOfficial","article_published_time":"2019-08-13T14:17:45+00:00","article_modified_time":"2025-02-06T06:39:05+00:00","og_image":[{"width":1600,"height":1200,"url":"https:\/\/www.apfelpatient.de\/wp-content\/uploads\/2019\/08\/bigstock-Strasbourg-France-Sep-259939678.jpg","type":"image\/jpeg"}],"author":"Milan","twitter_card":"summary_large_image","twitter_misc":{"Written by":"Milan","Est. reading time":"2 minutes"},"schema":{"@context":"https:\/\/schema.org","@graph":[{"@type":"NewsArticle","@id":"https:\/\/www.apfelpatient.de\/rumors\/iphone-2019-apple-plant-angeblich-vorgezogenen-marktstart#article","isPartOf":{"@id":"https:\/\/www.apfelpatient.de\/rumors\/iphone-2019-apple-plant-angeblich-vorgezogenen-marktstart"},"author":{"@type":"Organization","@id":"https:\/\/www.apfelpatient.de\/en\/#organization","name":"Apfelpatient","url":"https:\/\/www.apfelpatient.de\/en\/"},"headline":"iPhone 2019 &#8211; Apple plant angeblich vorgezogenen Marktstart","datePublished":"2019-08-13T14:17:45+00:00","dateModified":"2025-02-06T06:39:05+00:00","mainEntityOfPage":{"@id":"https:\/\/www.apfelpatient.de\/rumors\/iphone-2019-apple-plant-angeblich-vorgezogenen-marktstart"},"wordCount":315,"commentCount":0,"publisher":{"@type":"Organization","@id":"https:\/\/www.apfelpatient.de\/en\/#organization","name":"Apfelpatient","url":"https:\/\/www.apfelpatient.de\/en\/"},"image":{"@id":"https:\/\/www.apfelpatient.de\/rumors\/iphone-2019-apple-plant-angeblich-vorgezogenen-marktstart#primaryimage"},"thumbnailUrl":"https:\/\/www.apfelpatient.de\/wp-content\/uploads\/2019\/08\/bigstock-Strasbourg-France-Sep-259939678.jpg","keywords":["iPhone","iPhone 11","iPhone 2019"],"articleSection":"Rumors","inLanguage":"en-US","potentialAction":[{"@type":"CommentAction","name":"Comment","target":["https:\/\/www.apfelpatient.de\/rumors\/iphone-2019-apple-plant-angeblich-vorgezogenen-marktstart#respond"]}],"copyrightYear":"2019","copyrightHolder":{"@id":"https:\/\/www.apfelpatient.de\/en\/#organization"}},{"@type":"WebPage","@id":"https:\/\/www.apfelpatient.de\/rumors\/iphone-2019-apple-plant-angeblich-vorgezogenen-marktstart","url":"https:\/\/www.apfelpatient.de\/rumors\/iphone-2019-apple-plant-angeblich-vorgezogenen-marktstart","name":"iPhone 2019 - Apple reportedly plans early market launch Apfelpatient","isPartOf":{"@id":"https:\/\/www.apfelpatient.de\/#website"},"primaryImageOfPage":{"@id":"https:\/\/www.apfelpatient.de\/rumors\/iphone-2019-apple-plant-angeblich-vorgezogenen-marktstart#primaryimage"},"image":{"@id":"https:\/\/www.apfelpatient.de\/rumors\/iphone-2019-apple-plant-angeblich-vorgezogenen-marktstart#primaryimage"},"thumbnailUrl":"https:\/\/www.apfelpatient.de\/wp-content\/uploads\/2019\/08\/bigstock-Strasbourg-France-Sep-259939678.jpg","datePublished":"2019-08-13T14:17:45+00:00","dateModified":"2025-02-06T06:39:05+00:00","description":"- It should hardly be a secret that Apple is planning to introduce three new iPhone models in September. But when will the iPhone 11 and Co. go on sale? A Wedbush analyst wants to know the answer to this question.","breadcrumb":{"@id":"https:\/\/www.apfelpatient.de\/rumors\/iphone-2019-apple-plant-angeblich-vorgezogenen-marktstart#breadcrumb"},"inLanguage":"en-US","potentialAction":[{"@type":"ReadAction","target":["https:\/\/www.apfelpatient.de\/rumors\/iphone-2019-apple-plant-angeblich-vorgezogenen-marktstart"]}]},{"@type":"ImageObject","inLanguage":"en-US","@id":"https:\/\/www.apfelpatient.de\/rumors\/iphone-2019-apple-plant-angeblich-vorgezogenen-marktstart#primaryimage","url":"https:\/\/www.apfelpatient.de\/wp-content\/uploads\/2019\/08\/bigstock-Strasbourg-France-Sep-259939678.jpg","contentUrl":"https:\/\/www.apfelpatient.de\/wp-content\/uploads\/2019\/08\/bigstock-Strasbourg-France-Sep-259939678.jpg","width":1600,"height":1200,"caption":"Photo by hadrian \/ Bigstockphoto"},{"@type":"BreadcrumbList","@id":"https:\/\/www.apfelpatient.de\/rumors\/iphone-2019-apple-plant-angeblich-vorgezogenen-marktstart#breadcrumb","itemListElement":[{"@type":"ListItem","position":1,"name":"Startseite","item":"https:\/\/www.apfelpatient.de\/"},{"@type":"ListItem","position":2,"name":"iPhone 2019 &#8211; Apple plant angeblich vorgezogenen Marktstart"}]},{"@type":"WebSite","@id":"https:\/\/www.apfelpatient.de\/#website","url":"https:\/\/www.apfelpatient.de\/","name":"apple patient","description":"Everything about Apple!","publisher":{"@type":"Organization","@id":"https:\/\/www.apfelpatient.de\/en\/#organization","name":"Apfelpatient","url":"https:\/\/www.apfelpatient.de\/en\/"},"alternateName":"Apfelpatient","potentialAction":[{"@type":"SearchAction","target":{"@type":"EntryPoint","urlTemplate":"https:\/\/www.apfelpatient.de\/?s={search_term_string}"},"query-input":{"@type":"PropertyValueSpecification","valueRequired":true,"valueName":"search_term_string"}}],"inLanguage":"en-US"},{"@type":["Person","Organization"],"@id":"https:\/\/www.apfelpatient.de\/#\/schema\/person\/7dc56ad6c8e9824b76d2c08d4c140e13","name":"Milan","logo":{"@id":"https:\/\/www.apfelpatient.de\/#\/schema\/person\/image\/"},"description":"Hello and welcome to my technology blog! As a big Apple fan, I report on everything to do with Apple: from the latest news and exciting rumors to helpful tips and tricks and detailed product tests. If you are as enthusiastic about technology as I am, you have come to the right place!","sameAs":["https:\/\/www.facebook.com\/apfelpatientOfficial","https:\/\/www.linkedin.com\/in\/milan-jovicic-42aa0231b"],"url":"https:\/\/www.apfelpatient.de\/en\/author\/apfeladmin"}]}},"_links":{"self":[{"href":"https:\/\/www.apfelpatient.de\/en\/wp-json\/wp\/v2\/posts\/5515","targetHints":{"allow":["GET"]}}],"collection":[{"href":"https:\/\/www.apfelpatient.de\/en\/wp-json\/wp\/v2\/posts"}],"about":[{"href":"https:\/\/www.apfelpatient.de\/en\/wp-json\/wp\/v2\/types\/post"}],"author":[{"embeddable":true,"href":"https:\/\/www.apfelpatient.de\/en\/wp-json\/wp\/v2\/users\/2"}],"replies":[{"embeddable":true,"href":"https:\/\/www.apfelpatient.de\/en\/wp-json\/wp\/v2\/comments?post=5515"}],"version-history":[{"count":0,"href":"https:\/\/www.apfelpatient.de\/en\/wp-json\/wp\/v2\/posts\/5515\/revisions"}],"wp:featuredmedia":[{"embeddable":true,"href":"https:\/\/www.apfelpatient.de\/en\/wp-json\/wp\/v2\/media\/5516"}],"wp:attachment":[{"href":"https:\/\/www.apfelpatient.de\/en\/wp-json\/wp\/v2\/media?parent=5515"}],"wp:term":[{"taxonomy":"category","embeddable":true,"href":"https:\/\/www.apfelpatient.de\/en\/wp-json\/wp\/v2\/categories?post=5515"},{"taxonomy":"post_tag","embeddable":true,"href":"https:\/\/www.apfelpatient.de\/en\/wp-json\/wp\/v2\/tags?post=5515"}],"curies":[{"name":"wp","href":"https:\/\/api.w.org\/{rel}","templated":true}]}}