{"id":5400,"date":"2019-08-04T16:35:06","date_gmt":"2019-08-04T14:35:06","guid":{"rendered":"https:\/\/www.apfelpatient.de\/?p=5400"},"modified":"2025-02-06T07:38:40","modified_gmt":"2025-02-06T06:38:40","slug":"renewed-disruption-facebook-down-again-also-instagram-affected","status":"publish","type":"post","link":"https:\/\/www.apfelpatient.de\/en\/news\/erneute-stoerung-facebook-mal-wieder-down-auch-instagram-betroffen","title":{"rendered":"Another disruption \u2013 Facebook down again \u2013 Instagram also affected"},"content":{"rendered":"<p><strong>The social network Facebook is once again affected by a disruption. Instagram is also struggling with restrictions.<\/strong><\/p>\n<p>The world&#039;s largest social service Facebook has been affected by a disruption since around 3:40 p.m. (<a href=\"https:\/\/allest\u00f6rungen.de\/stoerung\/facebook\" target=\"_blank\" rel=\"noopener noreferrer\">allest\u00f6rungen.de<\/a>) \u2013 according to initial information, this is set to occur worldwide. Instagram also seems to be affected. According to this, users in large parts of the world cannot create posts or write comments. Sharing stories is also not possible. ( Facebook plans to add new names to Instagram and WhatsApp \u2013 read more <a href=\"https:\/\/www.apfelpatient.de\/en\">here<\/a>)<\/p>\n\n<p>However, Instagram does not seem to be so severely affected - while posts can be created, only the popular story function does not seem to want to respond. Some users also report problems with loading the news feed in both applications. What caused the disruption is not yet known. As soon as we have more information on the topic, we will update this article for you. Facebook was founded in 2004 and now has over two billion users worldwide. <a href=\"https:\/\/www.amazon.de\/gp\/product\/B07PYM8FB8\/ref=as_li_tl?ie=UTF8&amp;camp=1638&amp;creative=6742&amp;creativeASIN=B07PYM8FB8&amp;linkCode=as2&amp;tag=apfelpatient-21&amp;linkId=0cec1e8017c2cb2078ff07f1a24db3df\" target=\"_blank\" rel=\"noopener noreferrer\">Apple AirPods with wireless charging case on special offer on Amazon \u2013 only for a limited time<\/a><img decoding=\"async\" style=\"border: none !important; margin: 0px !important;\" src=\"\/\/ir-de.amazon-adsystem.com\/e\/ir?t=apfelpatient-21&amp;l=am2&amp;o=3&amp;a=B07PYM8FB8\" alt=\"\" width=\"1\" height=\"1\" border=\"0\" \/> <em>(Photo by Unsplash)<\/em><\/p>\n<h6><a href=\"https:\/\/t.me\/apfelpatient_official\"><em><strong>Don&#039;t want to miss any more news? Then subscribe to our Telegram channel here<\/strong><\/em><\/a><\/h6>\n<p>&nbsp;<\/p>","protected":false},"excerpt":{"rendered":"<p>Das soziale Netzwerk Facebook ist mal wieder von einer St\u00f6rung betroffen. Auch Instagram hat mit Einschr\u00e4nkungen zu k\u00e4mpfen. Der weltweit gr\u00f6\u00dfte soziale Dienst Facebook ist seit ca. 15.40 Uhr von einer St\u00f6rung betroffen (allest\u00f6rungen.de) &#8211; diese soll ersten Informationen nach weltweit auftreten. Auch Instagram scheint davon betroffen zu sein. Demnach k\u00f6nnen Nutzer in weiten Teilen [&hellip;]<\/p>\n","protected":false},"author":2,"featured_media":5401,"comment_status":"open","ping_status":"open","sticky":false,"template":"","format":"standard","meta":{"jnews-multi-image_gallery":[],"jnews_single_post":[],"jnews_primary_category":[],"footnotes":""},"categories":[9],"tags":[142,143,8,301],"class_list":["post-5400","post","type-post","status-publish","format-standard","has-post-thumbnail","hentry","category-news","tag-facebook","tag-instagram","tag-iphone","tag-stoerung"],"yoast_head":"<!-- This site is optimized with the Yoast SEO Premium plugin v27.5 (Yoast SEO v27.5) - https:\/\/yoast.com\/product\/yoast-seo-premium-wordpress\/ -->\n<title>Erneute St\u00f6rung - Facebook mal wieder down - auch Instagram betroffen Apfelpatient<\/title>\n<meta name=\"description\" content=\"- Das soziale Netzwerk Facebook ist mal wieder von einer St\u00f6rung betroffen. Auch Instagram hat mit Einschr\u00e4nkungen zu k\u00e4mpfen.\" \/>\n<meta name=\"robots\" content=\"index, follow, max-snippet:-1, max-image-preview:large, max-video-preview:-1\" \/>\n<link rel=\"canonical\" href=\"https:\/\/www.apfelpatient.de\/en\/news\/renewed-disruption-facebook-down-again-also-instagram-affected\" \/>\n<meta property=\"og:locale\" content=\"en_US\" \/>\n<meta property=\"og:type\" content=\"article\" \/>\n<meta property=\"og:title\" content=\"Erneute St\u00f6rung - Facebook mal wieder down - auch Instagram betroffen\" \/>\n<meta property=\"og:description\" content=\"- Das soziale Netzwerk Facebook ist mal wieder von einer St\u00f6rung betroffen. Auch Instagram hat mit Einschr\u00e4nkungen zu k\u00e4mpfen.\" \/>\n<meta property=\"og:url\" content=\"https:\/\/www.apfelpatient.de\/en\/news\/renewed-disruption-facebook-down-again-also-instagram-affected\" \/>\n<meta property=\"og:site_name\" content=\"Apfelpatient\" \/>\n<meta property=\"article:publisher\" content=\"https:\/\/www.facebook.com\/apfelpatientOfficial\" \/>\n<meta property=\"article:author\" content=\"https:\/\/www.facebook.com\/apfelpatientOfficial\" \/>\n<meta property=\"article:published_time\" content=\"2019-08-04T14:35:06+00:00\" \/>\n<meta property=\"article:modified_time\" content=\"2025-02-06T06:38:40+00:00\" \/>\n<meta property=\"og:image\" content=\"https:\/\/www.apfelpatient.de\/wp-content\/uploads\/2019\/08\/glen-carrie-ra4vJwxnvAo-unsplash.jpg\" \/>\n\t<meta property=\"og:image:width\" content=\"5472\" \/>\n\t<meta property=\"og:image:height\" content=\"3648\" \/>\n\t<meta property=\"og:image:type\" content=\"image\/jpeg\" \/>\n<meta name=\"author\" content=\"Milan\" \/>\n<meta name=\"twitter:card\" content=\"summary_large_image\" \/>\n<meta name=\"twitter:label1\" content=\"Written by\" \/>\n\t<meta name=\"twitter:data1\" content=\"Milan\" \/>\n\t<meta name=\"twitter:label2\" content=\"Est. reading time\" \/>\n\t<meta name=\"twitter:data2\" content=\"1 minute\" \/>\n<script type=\"application\/ld+json\" class=\"yoast-schema-graph\">{\"@context\":\"https:\\\/\\\/schema.org\",\"@graph\":[{\"@type\":\"NewsArticle\",\"@id\":\"https:\\\/\\\/www.apfelpatient.de\\\/news\\\/erneute-stoerung-facebook-mal-wieder-down-auch-instagram-betroffen#article\",\"isPartOf\":{\"@id\":\"https:\\\/\\\/www.apfelpatient.de\\\/news\\\/erneute-stoerung-facebook-mal-wieder-down-auch-instagram-betroffen\"},\"author\":{\"@type\":\"Organization\",\"@id\":\"https:\\\/\\\/www.apfelpatient.de\\\/en\\\/#organization\",\"name\":\"Apfelpatient\",\"url\":\"https:\\\/\\\/www.apfelpatient.de\\\/en\\\/\"},\"headline\":\"Erneute St\u00f6rung &#8211; Facebook mal wieder down &#8211; auch Instagram betroffen\",\"datePublished\":\"2019-08-04T14:35:06+00:00\",\"dateModified\":\"2025-02-06T06:38:40+00:00\",\"mainEntityOfPage\":{\"@id\":\"https:\\\/\\\/www.apfelpatient.de\\\/news\\\/erneute-stoerung-facebook-mal-wieder-down-auch-instagram-betroffen\"},\"wordCount\":218,\"commentCount\":0,\"publisher\":{\"@type\":\"Organization\",\"@id\":\"https:\\\/\\\/www.apfelpatient.de\\\/en\\\/#organization\",\"name\":\"Apfelpatient\",\"url\":\"https:\\\/\\\/www.apfelpatient.de\\\/en\\\/\"},\"image\":{\"@id\":\"https:\\\/\\\/www.apfelpatient.de\\\/news\\\/erneute-stoerung-facebook-mal-wieder-down-auch-instagram-betroffen#primaryimage\"},\"thumbnailUrl\":\"https:\\\/\\\/www.apfelpatient.de\\\/wp-content\\\/uploads\\\/2019\\\/08\\\/glen-carrie-ra4vJwxnvAo-unsplash.jpg\",\"keywords\":[\"Facebook\",\"Instagram\",\"iPhone\",\"St\u00f6rung\"],\"articleSection\":\"News\",\"inLanguage\":\"en-US\",\"potentialAction\":[{\"@type\":\"CommentAction\",\"name\":\"Comment\",\"target\":[\"https:\\\/\\\/www.apfelpatient.de\\\/news\\\/erneute-stoerung-facebook-mal-wieder-down-auch-instagram-betroffen#respond\"]}],\"copyrightYear\":\"2019\",\"copyrightHolder\":{\"@id\":\"https:\\\/\\\/www.apfelpatient.de\\\/en\\\/#organization\"}},{\"@type\":\"WebPage\",\"@id\":\"https:\\\/\\\/www.apfelpatient.de\\\/news\\\/erneute-stoerung-facebook-mal-wieder-down-auch-instagram-betroffen\",\"url\":\"https:\\\/\\\/www.apfelpatient.de\\\/news\\\/erneute-stoerung-facebook-mal-wieder-down-auch-instagram-betroffen\",\"name\":\"Erneute St\u00f6rung - Facebook mal wieder down - auch Instagram betroffen Apfelpatient\",\"isPartOf\":{\"@id\":\"https:\\\/\\\/www.apfelpatient.de\\\/#website\"},\"primaryImageOfPage\":{\"@id\":\"https:\\\/\\\/www.apfelpatient.de\\\/news\\\/erneute-stoerung-facebook-mal-wieder-down-auch-instagram-betroffen#primaryimage\"},\"image\":{\"@id\":\"https:\\\/\\\/www.apfelpatient.de\\\/news\\\/erneute-stoerung-facebook-mal-wieder-down-auch-instagram-betroffen#primaryimage\"},\"thumbnailUrl\":\"https:\\\/\\\/www.apfelpatient.de\\\/wp-content\\\/uploads\\\/2019\\\/08\\\/glen-carrie-ra4vJwxnvAo-unsplash.jpg\",\"datePublished\":\"2019-08-04T14:35:06+00:00\",\"dateModified\":\"2025-02-06T06:38:40+00:00\",\"description\":\"- Das soziale Netzwerk Facebook ist mal wieder von einer St\u00f6rung betroffen. Auch Instagram hat mit Einschr\u00e4nkungen zu k\u00e4mpfen.\",\"breadcrumb\":{\"@id\":\"https:\\\/\\\/www.apfelpatient.de\\\/news\\\/erneute-stoerung-facebook-mal-wieder-down-auch-instagram-betroffen#breadcrumb\"},\"inLanguage\":\"en-US\",\"potentialAction\":[{\"@type\":\"ReadAction\",\"target\":[\"https:\\\/\\\/www.apfelpatient.de\\\/news\\\/erneute-stoerung-facebook-mal-wieder-down-auch-instagram-betroffen\"]}]},{\"@type\":\"ImageObject\",\"inLanguage\":\"en-US\",\"@id\":\"https:\\\/\\\/www.apfelpatient.de\\\/news\\\/erneute-stoerung-facebook-mal-wieder-down-auch-instagram-betroffen#primaryimage\",\"url\":\"https:\\\/\\\/www.apfelpatient.de\\\/wp-content\\\/uploads\\\/2019\\\/08\\\/glen-carrie-ra4vJwxnvAo-unsplash.jpg\",\"contentUrl\":\"https:\\\/\\\/www.apfelpatient.de\\\/wp-content\\\/uploads\\\/2019\\\/08\\\/glen-carrie-ra4vJwxnvAo-unsplash.jpg\",\"width\":5472,\"height\":3648,\"caption\":\"Photo by Unsplash\"},{\"@type\":\"BreadcrumbList\",\"@id\":\"https:\\\/\\\/www.apfelpatient.de\\\/news\\\/erneute-stoerung-facebook-mal-wieder-down-auch-instagram-betroffen#breadcrumb\",\"itemListElement\":[{\"@type\":\"ListItem\",\"position\":1,\"name\":\"Startseite\",\"item\":\"https:\\\/\\\/www.apfelpatient.de\\\/\"},{\"@type\":\"ListItem\",\"position\":2,\"name\":\"Erneute St\u00f6rung &#8211; Facebook mal wieder down &#8211; auch Instagram betroffen\"}]},{\"@type\":\"WebSite\",\"@id\":\"https:\\\/\\\/www.apfelpatient.de\\\/#website\",\"url\":\"https:\\\/\\\/www.apfelpatient.de\\\/\",\"name\":\"Apfelpatient\",\"description\":\"Alles rund um Apple!\",\"publisher\":{\"@type\":\"Organization\",\"@id\":\"https:\\\/\\\/www.apfelpatient.de\\\/en\\\/#organization\",\"name\":\"Apfelpatient\",\"url\":\"https:\\\/\\\/www.apfelpatient.de\\\/en\\\/\"},\"alternateName\":\"Apfelpatient\",\"potentialAction\":[{\"@type\":\"SearchAction\",\"target\":{\"@type\":\"EntryPoint\",\"urlTemplate\":\"https:\\\/\\\/www.apfelpatient.de\\\/?s={search_term_string}\"},\"query-input\":{\"@type\":\"PropertyValueSpecification\",\"valueRequired\":true,\"valueName\":\"search_term_string\"}}],\"inLanguage\":\"en-US\"},{\"@type\":[\"Person\",\"Organization\"],\"@id\":\"https:\\\/\\\/www.apfelpatient.de\\\/#\\\/schema\\\/person\\\/7dc56ad6c8e9824b76d2c08d4c140e13\",\"name\":\"Milan\",\"logo\":{\"@id\":\"https:\\\/\\\/www.apfelpatient.de\\\/#\\\/schema\\\/person\\\/image\\\/\"},\"description\":\"Hallo und herzlich willkommen auf meinem Technik-Blog! Als gro\u00dfer Apple-Fan berichte ich hier \u00fcber alles, was mit Apple zu tun hat: von den neuesten News und spannenden Ger\u00fcchten \u00fcber hilfreiche Tipps und Tricks bis hin zu ausf\u00fchrlichen Produkttests. Wenn du genauso technikbegeistert bist wie ich, bist du hier genau richtig!\",\"sameAs\":[\"https:\\\/\\\/www.facebook.com\\\/apfelpatientOfficial\",\"https:\\\/\\\/www.linkedin.com\\\/in\\\/milan-jovicic-42aa0231b\"],\"url\":\"https:\\\/\\\/www.apfelpatient.de\\\/en\\\/author\\\/apfeladmin\"}]}<\/script>\n<!-- \/ Yoast SEO Premium plugin. -->","yoast_head_json":{"title":"Another disruption - Facebook down again - Instagram also affected Apfelpatient","description":"- The social network Facebook is once again affected by a disruption. Instagram is also struggling with restrictions.","robots":{"index":"index","follow":"follow","max-snippet":"max-snippet:-1","max-image-preview":"max-image-preview:large","max-video-preview":"max-video-preview:-1"},"canonical":"https:\/\/www.apfelpatient.de\/en\/news\/renewed-disruption-facebook-down-again-also-instagram-affected","og_locale":"en_US","og_type":"article","og_title":"Erneute St\u00f6rung - Facebook mal wieder down - auch Instagram betroffen","og_description":"- Das soziale Netzwerk Facebook ist mal wieder von einer St\u00f6rung betroffen. Auch Instagram hat mit Einschr\u00e4nkungen zu k\u00e4mpfen.","og_url":"https:\/\/www.apfelpatient.de\/en\/news\/renewed-disruption-facebook-down-again-also-instagram-affected","og_site_name":"Apfelpatient","article_publisher":"https:\/\/www.facebook.com\/apfelpatientOfficial","article_author":"https:\/\/www.facebook.com\/apfelpatientOfficial","article_published_time":"2019-08-04T14:35:06+00:00","article_modified_time":"2025-02-06T06:38:40+00:00","og_image":[{"width":5472,"height":3648,"url":"https:\/\/www.apfelpatient.de\/wp-content\/uploads\/2019\/08\/glen-carrie-ra4vJwxnvAo-unsplash.jpg","type":"image\/jpeg"}],"author":"Milan","twitter_card":"summary_large_image","twitter_misc":{"Written by":"Milan","Est. reading time":"1 minute"},"schema":{"@context":"https:\/\/schema.org","@graph":[{"@type":"NewsArticle","@id":"https:\/\/www.apfelpatient.de\/news\/erneute-stoerung-facebook-mal-wieder-down-auch-instagram-betroffen#article","isPartOf":{"@id":"https:\/\/www.apfelpatient.de\/news\/erneute-stoerung-facebook-mal-wieder-down-auch-instagram-betroffen"},"author":{"@type":"Organization","@id":"https:\/\/www.apfelpatient.de\/en\/#organization","name":"Apfelpatient","url":"https:\/\/www.apfelpatient.de\/en\/"},"headline":"Erneute St\u00f6rung &#8211; Facebook mal wieder down &#8211; auch Instagram betroffen","datePublished":"2019-08-04T14:35:06+00:00","dateModified":"2025-02-06T06:38:40+00:00","mainEntityOfPage":{"@id":"https:\/\/www.apfelpatient.de\/news\/erneute-stoerung-facebook-mal-wieder-down-auch-instagram-betroffen"},"wordCount":218,"commentCount":0,"publisher":{"@type":"Organization","@id":"https:\/\/www.apfelpatient.de\/en\/#organization","name":"Apfelpatient","url":"https:\/\/www.apfelpatient.de\/en\/"},"image":{"@id":"https:\/\/www.apfelpatient.de\/news\/erneute-stoerung-facebook-mal-wieder-down-auch-instagram-betroffen#primaryimage"},"thumbnailUrl":"https:\/\/www.apfelpatient.de\/wp-content\/uploads\/2019\/08\/glen-carrie-ra4vJwxnvAo-unsplash.jpg","keywords":["Facebook","Instagram","iPhone","St\u00f6rung"],"articleSection":"News","inLanguage":"en-US","potentialAction":[{"@type":"CommentAction","name":"Comment","target":["https:\/\/www.apfelpatient.de\/news\/erneute-stoerung-facebook-mal-wieder-down-auch-instagram-betroffen#respond"]}],"copyrightYear":"2019","copyrightHolder":{"@id":"https:\/\/www.apfelpatient.de\/en\/#organization"}},{"@type":"WebPage","@id":"https:\/\/www.apfelpatient.de\/news\/erneute-stoerung-facebook-mal-wieder-down-auch-instagram-betroffen","url":"https:\/\/www.apfelpatient.de\/news\/erneute-stoerung-facebook-mal-wieder-down-auch-instagram-betroffen","name":"Another disruption - Facebook down again - Instagram also affected Apfelpatient","isPartOf":{"@id":"https:\/\/www.apfelpatient.de\/#website"},"primaryImageOfPage":{"@id":"https:\/\/www.apfelpatient.de\/news\/erneute-stoerung-facebook-mal-wieder-down-auch-instagram-betroffen#primaryimage"},"image":{"@id":"https:\/\/www.apfelpatient.de\/news\/erneute-stoerung-facebook-mal-wieder-down-auch-instagram-betroffen#primaryimage"},"thumbnailUrl":"https:\/\/www.apfelpatient.de\/wp-content\/uploads\/2019\/08\/glen-carrie-ra4vJwxnvAo-unsplash.jpg","datePublished":"2019-08-04T14:35:06+00:00","dateModified":"2025-02-06T06:38:40+00:00","description":"- The social network Facebook is once again affected by a disruption. Instagram is also struggling with restrictions.","breadcrumb":{"@id":"https:\/\/www.apfelpatient.de\/news\/erneute-stoerung-facebook-mal-wieder-down-auch-instagram-betroffen#breadcrumb"},"inLanguage":"en-US","potentialAction":[{"@type":"ReadAction","target":["https:\/\/www.apfelpatient.de\/news\/erneute-stoerung-facebook-mal-wieder-down-auch-instagram-betroffen"]}]},{"@type":"ImageObject","inLanguage":"en-US","@id":"https:\/\/www.apfelpatient.de\/news\/erneute-stoerung-facebook-mal-wieder-down-auch-instagram-betroffen#primaryimage","url":"https:\/\/www.apfelpatient.de\/wp-content\/uploads\/2019\/08\/glen-carrie-ra4vJwxnvAo-unsplash.jpg","contentUrl":"https:\/\/www.apfelpatient.de\/wp-content\/uploads\/2019\/08\/glen-carrie-ra4vJwxnvAo-unsplash.jpg","width":5472,"height":3648,"caption":"Photo by Unsplash"},{"@type":"BreadcrumbList","@id":"https:\/\/www.apfelpatient.de\/news\/erneute-stoerung-facebook-mal-wieder-down-auch-instagram-betroffen#breadcrumb","itemListElement":[{"@type":"ListItem","position":1,"name":"Startseite","item":"https:\/\/www.apfelpatient.de\/"},{"@type":"ListItem","position":2,"name":"Erneute St\u00f6rung &#8211; Facebook mal wieder down &#8211; auch Instagram betroffen"}]},{"@type":"WebSite","@id":"https:\/\/www.apfelpatient.de\/#website","url":"https:\/\/www.apfelpatient.de\/","name":"apple patient","description":"Everything about Apple!","publisher":{"@type":"Organization","@id":"https:\/\/www.apfelpatient.de\/en\/#organization","name":"Apfelpatient","url":"https:\/\/www.apfelpatient.de\/en\/"},"alternateName":"Apfelpatient","potentialAction":[{"@type":"SearchAction","target":{"@type":"EntryPoint","urlTemplate":"https:\/\/www.apfelpatient.de\/?s={search_term_string}"},"query-input":{"@type":"PropertyValueSpecification","valueRequired":true,"valueName":"search_term_string"}}],"inLanguage":"en-US"},{"@type":["Person","Organization"],"@id":"https:\/\/www.apfelpatient.de\/#\/schema\/person\/7dc56ad6c8e9824b76d2c08d4c140e13","name":"Milan","logo":{"@id":"https:\/\/www.apfelpatient.de\/#\/schema\/person\/image\/"},"description":"Hello and welcome to my technology blog! As a big Apple fan, I report on everything to do with Apple: from the latest news and exciting rumors to helpful tips and tricks and detailed product tests. If you are as enthusiastic about technology as I am, you have come to the right place!","sameAs":["https:\/\/www.facebook.com\/apfelpatientOfficial","https:\/\/www.linkedin.com\/in\/milan-jovicic-42aa0231b"],"url":"https:\/\/www.apfelpatient.de\/en\/author\/apfeladmin"}]}},"_links":{"self":[{"href":"https:\/\/www.apfelpatient.de\/en\/wp-json\/wp\/v2\/posts\/5400","targetHints":{"allow":["GET"]}}],"collection":[{"href":"https:\/\/www.apfelpatient.de\/en\/wp-json\/wp\/v2\/posts"}],"about":[{"href":"https:\/\/www.apfelpatient.de\/en\/wp-json\/wp\/v2\/types\/post"}],"author":[{"embeddable":true,"href":"https:\/\/www.apfelpatient.de\/en\/wp-json\/wp\/v2\/users\/2"}],"replies":[{"embeddable":true,"href":"https:\/\/www.apfelpatient.de\/en\/wp-json\/wp\/v2\/comments?post=5400"}],"version-history":[{"count":0,"href":"https:\/\/www.apfelpatient.de\/en\/wp-json\/wp\/v2\/posts\/5400\/revisions"}],"wp:featuredmedia":[{"embeddable":true,"href":"https:\/\/www.apfelpatient.de\/en\/wp-json\/wp\/v2\/media\/5401"}],"wp:attachment":[{"href":"https:\/\/www.apfelpatient.de\/en\/wp-json\/wp\/v2\/media?parent=5400"}],"wp:term":[{"taxonomy":"category","embeddable":true,"href":"https:\/\/www.apfelpatient.de\/en\/wp-json\/wp\/v2\/categories?post=5400"},{"taxonomy":"post_tag","embeddable":true,"href":"https:\/\/www.apfelpatient.de\/en\/wp-json\/wp\/v2\/tags?post=5400"}],"curies":[{"name":"wp","href":"https:\/\/api.w.org\/{rel}","templated":true}]}}