{"id":5380,"date":"2019-07-31T23:36:10","date_gmt":"2019-07-31T21:36:10","guid":{"rendered":"https:\/\/www.apfelpatient.de\/?p=5380"},"modified":"2025-02-06T07:45:51","modified_gmt":"2025-02-06T06:45:51","slug":"iphone-2019-to-get-apple-pencil-support","status":"publish","type":"post","link":"https:\/\/www.apfelpatient.de\/en\/rumors\/iphone-2019-soll-apple-pencil-unterstuetzung-bekommen","title":{"rendered":"iPhone 2019 to get Apple Pencil support"},"content":{"rendered":"<p><strong>&quot;Who wants a stylus? You have to get em and put em away and you lose them, yuck. Nobody wants a stylus.&quot; Those were the words of the late Apple co-founder Steve Jobs in 2007. About eight years later, Phil Schiller introduced the Apple Pencil.<\/strong><\/p>\n<p>If it had been up to Steve Jobs, there would have been no such thing as a stylus. But in 2015, the Apple Pencil was introduced - it is still very popular today. But it is not going to stop there. Jobs&#039; nightmare is supposedly coming true. The iPhone 11 comes with Apple Pencil support - at least that is what analysts at Citi Research are claiming. They believe that Apple will introduce the iPhone 11 with Apple Pencil functionality. Where the information comes from was not communicated. The bank normally deals with the figures of various companies and does not make forecasts about products or functions - therefore the statement cannot be classified, as Citi has no references in this area.<\/p>\n<p><strong>Patents confirm Apple&#039;s interest<\/strong><\/p>\n\n<p>Rumors about such a feature are by no means new - the iPhone XS series and older generations were also said to have the function. However, Apple has not yet introduced it. Numerous patents, however, confirm Apple&#039;s interest in such a feature. At the moment, Citi Research is the only one making this claim - whether other sources support the forecast remains to be seen. We will find out first hand in September at the latest. You can find out everything we already know about the new iPhone models in our <a href=\"https:\/\/www.apfelpatient.de\/en\">Summary<\/a> \u2013 when the devices are likely to be presented, you can find out in our <a href=\"https:\/\/www.apfelpatient.de\/en\">analysis<\/a> read it. <!-- BEGIN PARTNER PROGRAM - DO NOT CHANGE THE PARAMETERS OF THE HYPERLINK --> <a href=\"http:\/\/partners.webmasterplan.com\/click.aspx?ref=858762&amp;site=16901&amp;type=text&amp;tnb=3&amp;diurl=https%3A%2F%2Fad.doubleclick.net%2Fddm%2Ftrackclk%2FN195005.149763AFFILINET%2FB20981301.218453393%3Bdc_trk_aid%3D417078512%3Bdc_trk_cid%3D99982609%3Bkw%3D%24ref%24%3Bdc_lat%3D%3Bdc_rdid%3D%3Btag_for_child_directed_treatment%3D%3Fhttps%3A%2F%2Ftarife.mediamarkt.de%2F%3Frbtc%3Dmd%7Cili%7Cmetanavigation%7C%7Cb%7C%7C%26rbtc%3Daff%7C%24chgr1name%24%7C%24ref%24%7C%7Cp%7CAffiliate_Deeplink-Generator%7C\" target=\"_blank\" rel=\"noopener noreferrer\">Get cheap contracts in the Media Markt tariff world<\/a><em>(Photo by Unsplash)<\/em><\/p>","protected":false},"excerpt":{"rendered":"<p>&#8222;Who wants a stylus? You have to get em and put em away and you lose them, yuck. Nobody wants a stylus&#8220;. Das waren die Worte des verstorbenen Apple Mitbegr\u00fcnders Steve Jobs im Jahre 2007. Etwa acht Jahre sp\u00e4ter stellte Phil Schiller den Apple Pencil vor. Wenn es nach Steve Jobs gegangen w\u00e4re, w\u00fcrde es [&hellip;]<\/p>\n","protected":false},"author":2,"featured_media":5381,"comment_status":"open","ping_status":"open","sticky":false,"template":"","format":"standard","meta":{"jnews-multi-image_gallery":[],"jnews_single_post":{"subtitle":"","format":"standard","video":"","gallery":"","source_name":"","source_url":"","via_name":"","via_url":"","override_template":"0","override":[{"template":"4","single_blog_custom":"","parallax":"1","fullscreen":"1","layout":"right-sidebar","sidebar":"default-sidebar","second_sidebar":"default-sidebar","sticky_sidebar":"1","share_position":"top","share_float_style":"share-monocrhome","show_share_counter":"0","show_view_counter":"0","show_featured":"1","show_post_meta":"1","show_post_author":"1","show_post_author_image":"1","show_post_date":"1","post_date_format":"default","post_date_format_custom":"Y\/m\/d","show_post_category":"1","show_post_reading_time":"0","post_reading_time_wpm":"300","show_zoom_button":"0","zoom_button_out_step":"2","zoom_button_in_step":"3","show_post_tag":"1","show_prev_next_post":"1","show_popup_post":"1","number_popup_post":"1","show_author_box":"0","show_post_related":"0","show_inline_post_related":"0"}],"override_image_size":"0","image_override":[{"single_post_thumbnail_size":"crop-500","single_post_gallery_size":"crop-500"}],"trending_post":"0","trending_post_position":"meta","trending_post_label":"Trending","sponsored_post":"0","sponsored_post_label":"Sponsored by","sponsored_post_name":"","sponsored_post_url":"","sponsored_post_logo_enable":"0","sponsored_post_logo":"","sponsored_post_desc":"","disable_ad":"0"},"jnews_primary_category":{"id":"","hide":""},"footnotes":""},"categories":[25],"tags":[17,168,8,204,183],"class_list":["post-5380","post","type-post","status-publish","format-standard","has-post-thumbnail","hentry","category-rumors","tag-apple-pencil","tag-apple-pencil-2","tag-iphone","tag-iphone-11","tag-iphone-2019"],"yoast_head":"<!-- This site is optimized with the Yoast SEO Premium plugin v27.5 (Yoast SEO v27.5) - https:\/\/yoast.com\/product\/yoast-seo-premium-wordpress\/ -->\n<title>iPhone 2019 soll Apple Pencil Unterst\u00fctzung bekommen Apfelpatient<\/title>\n<meta name=\"description\" content=\"Rumors - &quot;Who wants a stylus? You have to get em and put em away and you lose them, yuck. Nobody wants a stylus&quot;. Das waren die Worte des verstorbenen Apple Mitbegr\u00fcnders Steve Jobs im Jahre 2007. Etwa acht Jahre sp\u00e4ter stellte Phil Schiller den Apple Pencil vor.\" \/>\n<meta name=\"robots\" content=\"index, follow, max-snippet:-1, max-image-preview:large, max-video-preview:-1\" \/>\n<link rel=\"canonical\" href=\"https:\/\/www.apfelpatient.de\/en\/rumors\/iphone-2019-to-get-apple-pencil-support\" \/>\n<meta property=\"og:locale\" content=\"en_US\" \/>\n<meta property=\"og:type\" content=\"article\" \/>\n<meta property=\"og:title\" content=\"iPhone 2019 soll Apple Pencil Unterst\u00fctzung bekommen\" \/>\n<meta property=\"og:description\" content=\"Rumors - &quot;Who wants a stylus? You have to get em and put em away and you lose them, yuck. Nobody wants a stylus&quot;. Das waren die Worte des verstorbenen Apple Mitbegr\u00fcnders Steve Jobs im Jahre 2007. Etwa acht Jahre sp\u00e4ter stellte Phil Schiller den Apple Pencil vor.\" \/>\n<meta property=\"og:url\" content=\"https:\/\/www.apfelpatient.de\/en\/rumors\/iphone-2019-to-get-apple-pencil-support\" \/>\n<meta property=\"og:site_name\" content=\"Apfelpatient\" \/>\n<meta property=\"article:publisher\" content=\"https:\/\/www.facebook.com\/apfelpatientOfficial\" \/>\n<meta property=\"article:author\" content=\"https:\/\/www.facebook.com\/apfelpatientOfficial\" \/>\n<meta property=\"article:published_time\" content=\"2019-07-31T21:36:10+00:00\" \/>\n<meta property=\"article:modified_time\" content=\"2025-02-06T06:45:51+00:00\" \/>\n<meta property=\"og:image\" content=\"https:\/\/www.apfelpatient.de\/wp-content\/uploads\/2019\/07\/alex-hu-ZRfnKYACsIU-unsplash.jpg\" \/>\n\t<meta property=\"og:image:width\" content=\"4136\" \/>\n\t<meta property=\"og:image:height\" content=\"2758\" \/>\n\t<meta property=\"og:image:type\" content=\"image\/jpeg\" \/>\n<meta name=\"author\" content=\"Milan\" \/>\n<meta name=\"twitter:card\" content=\"summary_large_image\" \/>\n<meta name=\"twitter:label1\" content=\"Written by\" \/>\n\t<meta name=\"twitter:data1\" content=\"Milan\" \/>\n\t<meta name=\"twitter:label2\" content=\"Est. reading time\" \/>\n\t<meta name=\"twitter:data2\" content=\"2 minutes\" \/>\n<script type=\"application\/ld+json\" class=\"yoast-schema-graph\">{\"@context\":\"https:\\\/\\\/schema.org\",\"@graph\":[{\"@type\":\"NewsArticle\",\"@id\":\"https:\\\/\\\/www.apfelpatient.de\\\/rumors\\\/iphone-2019-soll-apple-pencil-unterstuetzung-bekommen#article\",\"isPartOf\":{\"@id\":\"https:\\\/\\\/www.apfelpatient.de\\\/rumors\\\/iphone-2019-soll-apple-pencil-unterstuetzung-bekommen\"},\"author\":{\"@type\":\"Organization\",\"@id\":\"https:\\\/\\\/www.apfelpatient.de\\\/en\\\/#organization\",\"name\":\"Apfelpatient\",\"url\":\"https:\\\/\\\/www.apfelpatient.de\\\/en\\\/\"},\"headline\":\"iPhone 2019 soll Apple Pencil Unterst\u00fctzung bekommen\",\"datePublished\":\"2019-07-31T21:36:10+00:00\",\"dateModified\":\"2025-02-06T06:45:51+00:00\",\"mainEntityOfPage\":{\"@id\":\"https:\\\/\\\/www.apfelpatient.de\\\/rumors\\\/iphone-2019-soll-apple-pencil-unterstuetzung-bekommen\"},\"wordCount\":304,\"commentCount\":0,\"publisher\":{\"@type\":\"Organization\",\"@id\":\"https:\\\/\\\/www.apfelpatient.de\\\/en\\\/#organization\",\"name\":\"Apfelpatient\",\"url\":\"https:\\\/\\\/www.apfelpatient.de\\\/en\\\/\"},\"image\":{\"@id\":\"https:\\\/\\\/www.apfelpatient.de\\\/rumors\\\/iphone-2019-soll-apple-pencil-unterstuetzung-bekommen#primaryimage\"},\"thumbnailUrl\":\"https:\\\/\\\/www.apfelpatient.de\\\/wp-content\\\/uploads\\\/2019\\\/07\\\/alex-hu-ZRfnKYACsIU-unsplash.jpg\",\"keywords\":[\"Apple Pencil\",\"Apple Pencil 2\",\"iPhone\",\"iPhone 11\",\"iPhone 2019\"],\"articleSection\":\"Rumors\",\"inLanguage\":\"en-US\",\"potentialAction\":[{\"@type\":\"CommentAction\",\"name\":\"Comment\",\"target\":[\"https:\\\/\\\/www.apfelpatient.de\\\/rumors\\\/iphone-2019-soll-apple-pencil-unterstuetzung-bekommen#respond\"]}],\"copyrightYear\":\"2019\",\"copyrightHolder\":{\"@id\":\"https:\\\/\\\/www.apfelpatient.de\\\/en\\\/#organization\"}},{\"@type\":\"WebPage\",\"@id\":\"https:\\\/\\\/www.apfelpatient.de\\\/rumors\\\/iphone-2019-soll-apple-pencil-unterstuetzung-bekommen\",\"url\":\"https:\\\/\\\/www.apfelpatient.de\\\/rumors\\\/iphone-2019-soll-apple-pencil-unterstuetzung-bekommen\",\"name\":\"iPhone 2019 soll Apple Pencil Unterst\u00fctzung bekommen Apfelpatient\",\"isPartOf\":{\"@id\":\"https:\\\/\\\/www.apfelpatient.de\\\/#website\"},\"primaryImageOfPage\":{\"@id\":\"https:\\\/\\\/www.apfelpatient.de\\\/rumors\\\/iphone-2019-soll-apple-pencil-unterstuetzung-bekommen#primaryimage\"},\"image\":{\"@id\":\"https:\\\/\\\/www.apfelpatient.de\\\/rumors\\\/iphone-2019-soll-apple-pencil-unterstuetzung-bekommen#primaryimage\"},\"thumbnailUrl\":\"https:\\\/\\\/www.apfelpatient.de\\\/wp-content\\\/uploads\\\/2019\\\/07\\\/alex-hu-ZRfnKYACsIU-unsplash.jpg\",\"datePublished\":\"2019-07-31T21:36:10+00:00\",\"dateModified\":\"2025-02-06T06:45:51+00:00\",\"description\":\"Rumors - \\\"Who wants a stylus? You have to get em and put em away and you lose them, yuck. Nobody wants a stylus\\\". Das waren die Worte des verstorbenen Apple Mitbegr\u00fcnders Steve Jobs im Jahre 2007. Etwa acht Jahre sp\u00e4ter stellte Phil Schiller den Apple Pencil vor.\",\"breadcrumb\":{\"@id\":\"https:\\\/\\\/www.apfelpatient.de\\\/rumors\\\/iphone-2019-soll-apple-pencil-unterstuetzung-bekommen#breadcrumb\"},\"inLanguage\":\"en-US\",\"potentialAction\":[{\"@type\":\"ReadAction\",\"target\":[\"https:\\\/\\\/www.apfelpatient.de\\\/rumors\\\/iphone-2019-soll-apple-pencil-unterstuetzung-bekommen\"]}]},{\"@type\":\"ImageObject\",\"inLanguage\":\"en-US\",\"@id\":\"https:\\\/\\\/www.apfelpatient.de\\\/rumors\\\/iphone-2019-soll-apple-pencil-unterstuetzung-bekommen#primaryimage\",\"url\":\"https:\\\/\\\/www.apfelpatient.de\\\/wp-content\\\/uploads\\\/2019\\\/07\\\/alex-hu-ZRfnKYACsIU-unsplash.jpg\",\"contentUrl\":\"https:\\\/\\\/www.apfelpatient.de\\\/wp-content\\\/uploads\\\/2019\\\/07\\\/alex-hu-ZRfnKYACsIU-unsplash.jpg\",\"width\":4136,\"height\":2758,\"caption\":\"Photo by Unsplash\"},{\"@type\":\"BreadcrumbList\",\"@id\":\"https:\\\/\\\/www.apfelpatient.de\\\/rumors\\\/iphone-2019-soll-apple-pencil-unterstuetzung-bekommen#breadcrumb\",\"itemListElement\":[{\"@type\":\"ListItem\",\"position\":1,\"name\":\"Startseite\",\"item\":\"https:\\\/\\\/www.apfelpatient.de\\\/\"},{\"@type\":\"ListItem\",\"position\":2,\"name\":\"iPhone 2019 soll Apple Pencil Unterst\u00fctzung bekommen\"}]},{\"@type\":\"WebSite\",\"@id\":\"https:\\\/\\\/www.apfelpatient.de\\\/#website\",\"url\":\"https:\\\/\\\/www.apfelpatient.de\\\/\",\"name\":\"Apfelpatient\",\"description\":\"Alles rund um Apple!\",\"publisher\":{\"@type\":\"Organization\",\"@id\":\"https:\\\/\\\/www.apfelpatient.de\\\/en\\\/#organization\",\"name\":\"Apfelpatient\",\"url\":\"https:\\\/\\\/www.apfelpatient.de\\\/en\\\/\"},\"alternateName\":\"Apfelpatient\",\"potentialAction\":[{\"@type\":\"SearchAction\",\"target\":{\"@type\":\"EntryPoint\",\"urlTemplate\":\"https:\\\/\\\/www.apfelpatient.de\\\/?s={search_term_string}\"},\"query-input\":{\"@type\":\"PropertyValueSpecification\",\"valueRequired\":true,\"valueName\":\"search_term_string\"}}],\"inLanguage\":\"en-US\"},{\"@type\":[\"Person\",\"Organization\"],\"@id\":\"https:\\\/\\\/www.apfelpatient.de\\\/#\\\/schema\\\/person\\\/7dc56ad6c8e9824b76d2c08d4c140e13\",\"name\":\"Milan\",\"logo\":{\"@id\":\"https:\\\/\\\/www.apfelpatient.de\\\/#\\\/schema\\\/person\\\/image\\\/\"},\"description\":\"Hallo und herzlich willkommen auf meinem Technik-Blog! Als gro\u00dfer Apple-Fan berichte ich hier \u00fcber alles, was mit Apple zu tun hat: von den neuesten News und spannenden Ger\u00fcchten \u00fcber hilfreiche Tipps und Tricks bis hin zu ausf\u00fchrlichen Produkttests. Wenn du genauso technikbegeistert bist wie ich, bist du hier genau richtig!\",\"sameAs\":[\"https:\\\/\\\/www.facebook.com\\\/apfelpatientOfficial\",\"https:\\\/\\\/www.linkedin.com\\\/in\\\/milan-jovicic-42aa0231b\"],\"url\":\"https:\\\/\\\/www.apfelpatient.de\\\/en\\\/author\\\/apfeladmin\"}]}<\/script>\n<!-- \/ Yoast SEO Premium plugin. -->","yoast_head_json":{"title":"iPhone 2019 to get Apple Pencil support Apfelpatient","description":"Rumors - &quot;Who wants a stylus? You have to get em and put em away and you lose them, yuck. Nobody wants a stylus&quot;. Those were the words of the late Apple co-founder Steve Jobs in 2007. About eight years later, Phil Schiller introduced the Apple Pencil.","robots":{"index":"index","follow":"follow","max-snippet":"max-snippet:-1","max-image-preview":"max-image-preview:large","max-video-preview":"max-video-preview:-1"},"canonical":"https:\/\/www.apfelpatient.de\/en\/rumors\/iphone-2019-to-get-apple-pencil-support","og_locale":"en_US","og_type":"article","og_title":"iPhone 2019 soll Apple Pencil Unterst\u00fctzung bekommen","og_description":"Rumors - \"Who wants a stylus? You have to get em and put em away and you lose them, yuck. Nobody wants a stylus\". Das waren die Worte des verstorbenen Apple Mitbegr\u00fcnders Steve Jobs im Jahre 2007. Etwa acht Jahre sp\u00e4ter stellte Phil Schiller den Apple Pencil vor.","og_url":"https:\/\/www.apfelpatient.de\/en\/rumors\/iphone-2019-to-get-apple-pencil-support","og_site_name":"Apfelpatient","article_publisher":"https:\/\/www.facebook.com\/apfelpatientOfficial","article_author":"https:\/\/www.facebook.com\/apfelpatientOfficial","article_published_time":"2019-07-31T21:36:10+00:00","article_modified_time":"2025-02-06T06:45:51+00:00","og_image":[{"width":4136,"height":2758,"url":"https:\/\/www.apfelpatient.de\/wp-content\/uploads\/2019\/07\/alex-hu-ZRfnKYACsIU-unsplash.jpg","type":"image\/jpeg"}],"author":"Milan","twitter_card":"summary_large_image","twitter_misc":{"Written by":"Milan","Est. reading time":"2 minutes"},"schema":{"@context":"https:\/\/schema.org","@graph":[{"@type":"NewsArticle","@id":"https:\/\/www.apfelpatient.de\/rumors\/iphone-2019-soll-apple-pencil-unterstuetzung-bekommen#article","isPartOf":{"@id":"https:\/\/www.apfelpatient.de\/rumors\/iphone-2019-soll-apple-pencil-unterstuetzung-bekommen"},"author":{"@type":"Organization","@id":"https:\/\/www.apfelpatient.de\/en\/#organization","name":"Apfelpatient","url":"https:\/\/www.apfelpatient.de\/en\/"},"headline":"iPhone 2019 soll Apple Pencil Unterst\u00fctzung bekommen","datePublished":"2019-07-31T21:36:10+00:00","dateModified":"2025-02-06T06:45:51+00:00","mainEntityOfPage":{"@id":"https:\/\/www.apfelpatient.de\/rumors\/iphone-2019-soll-apple-pencil-unterstuetzung-bekommen"},"wordCount":304,"commentCount":0,"publisher":{"@type":"Organization","@id":"https:\/\/www.apfelpatient.de\/en\/#organization","name":"Apfelpatient","url":"https:\/\/www.apfelpatient.de\/en\/"},"image":{"@id":"https:\/\/www.apfelpatient.de\/rumors\/iphone-2019-soll-apple-pencil-unterstuetzung-bekommen#primaryimage"},"thumbnailUrl":"https:\/\/www.apfelpatient.de\/wp-content\/uploads\/2019\/07\/alex-hu-ZRfnKYACsIU-unsplash.jpg","keywords":["Apple Pencil","Apple Pencil 2","iPhone","iPhone 11","iPhone 2019"],"articleSection":"Rumors","inLanguage":"en-US","potentialAction":[{"@type":"CommentAction","name":"Comment","target":["https:\/\/www.apfelpatient.de\/rumors\/iphone-2019-soll-apple-pencil-unterstuetzung-bekommen#respond"]}],"copyrightYear":"2019","copyrightHolder":{"@id":"https:\/\/www.apfelpatient.de\/en\/#organization"}},{"@type":"WebPage","@id":"https:\/\/www.apfelpatient.de\/rumors\/iphone-2019-soll-apple-pencil-unterstuetzung-bekommen","url":"https:\/\/www.apfelpatient.de\/rumors\/iphone-2019-soll-apple-pencil-unterstuetzung-bekommen","name":"iPhone 2019 to get Apple Pencil support Apfelpatient","isPartOf":{"@id":"https:\/\/www.apfelpatient.de\/#website"},"primaryImageOfPage":{"@id":"https:\/\/www.apfelpatient.de\/rumors\/iphone-2019-soll-apple-pencil-unterstuetzung-bekommen#primaryimage"},"image":{"@id":"https:\/\/www.apfelpatient.de\/rumors\/iphone-2019-soll-apple-pencil-unterstuetzung-bekommen#primaryimage"},"thumbnailUrl":"https:\/\/www.apfelpatient.de\/wp-content\/uploads\/2019\/07\/alex-hu-ZRfnKYACsIU-unsplash.jpg","datePublished":"2019-07-31T21:36:10+00:00","dateModified":"2025-02-06T06:45:51+00:00","description":"Rumors - &quot;Who wants a stylus? You have to get em and put em away and you lose them, yuck. Nobody wants a stylus&quot;. Those were the words of the late Apple co-founder Steve Jobs in 2007. About eight years later, Phil Schiller introduced the Apple Pencil.","breadcrumb":{"@id":"https:\/\/www.apfelpatient.de\/rumors\/iphone-2019-soll-apple-pencil-unterstuetzung-bekommen#breadcrumb"},"inLanguage":"en-US","potentialAction":[{"@type":"ReadAction","target":["https:\/\/www.apfelpatient.de\/rumors\/iphone-2019-soll-apple-pencil-unterstuetzung-bekommen"]}]},{"@type":"ImageObject","inLanguage":"en-US","@id":"https:\/\/www.apfelpatient.de\/rumors\/iphone-2019-soll-apple-pencil-unterstuetzung-bekommen#primaryimage","url":"https:\/\/www.apfelpatient.de\/wp-content\/uploads\/2019\/07\/alex-hu-ZRfnKYACsIU-unsplash.jpg","contentUrl":"https:\/\/www.apfelpatient.de\/wp-content\/uploads\/2019\/07\/alex-hu-ZRfnKYACsIU-unsplash.jpg","width":4136,"height":2758,"caption":"Photo by Unsplash"},{"@type":"BreadcrumbList","@id":"https:\/\/www.apfelpatient.de\/rumors\/iphone-2019-soll-apple-pencil-unterstuetzung-bekommen#breadcrumb","itemListElement":[{"@type":"ListItem","position":1,"name":"Startseite","item":"https:\/\/www.apfelpatient.de\/"},{"@type":"ListItem","position":2,"name":"iPhone 2019 soll Apple Pencil Unterst\u00fctzung bekommen"}]},{"@type":"WebSite","@id":"https:\/\/www.apfelpatient.de\/#website","url":"https:\/\/www.apfelpatient.de\/","name":"apple patient","description":"Everything about Apple!","publisher":{"@type":"Organization","@id":"https:\/\/www.apfelpatient.de\/en\/#organization","name":"Apfelpatient","url":"https:\/\/www.apfelpatient.de\/en\/"},"alternateName":"Apfelpatient","potentialAction":[{"@type":"SearchAction","target":{"@type":"EntryPoint","urlTemplate":"https:\/\/www.apfelpatient.de\/?s={search_term_string}"},"query-input":{"@type":"PropertyValueSpecification","valueRequired":true,"valueName":"search_term_string"}}],"inLanguage":"en-US"},{"@type":["Person","Organization"],"@id":"https:\/\/www.apfelpatient.de\/#\/schema\/person\/7dc56ad6c8e9824b76d2c08d4c140e13","name":"Milan","logo":{"@id":"https:\/\/www.apfelpatient.de\/#\/schema\/person\/image\/"},"description":"Hello and welcome to my technology blog! As a big Apple fan, I report on everything to do with Apple: from the latest news and exciting rumors to helpful tips and tricks and detailed product tests. If you are as enthusiastic about technology as I am, you have come to the right place!","sameAs":["https:\/\/www.facebook.com\/apfelpatientOfficial","https:\/\/www.linkedin.com\/in\/milan-jovicic-42aa0231b"],"url":"https:\/\/www.apfelpatient.de\/en\/author\/apfeladmin"}]}},"_links":{"self":[{"href":"https:\/\/www.apfelpatient.de\/en\/wp-json\/wp\/v2\/posts\/5380","targetHints":{"allow":["GET"]}}],"collection":[{"href":"https:\/\/www.apfelpatient.de\/en\/wp-json\/wp\/v2\/posts"}],"about":[{"href":"https:\/\/www.apfelpatient.de\/en\/wp-json\/wp\/v2\/types\/post"}],"author":[{"embeddable":true,"href":"https:\/\/www.apfelpatient.de\/en\/wp-json\/wp\/v2\/users\/2"}],"replies":[{"embeddable":true,"href":"https:\/\/www.apfelpatient.de\/en\/wp-json\/wp\/v2\/comments?post=5380"}],"version-history":[{"count":0,"href":"https:\/\/www.apfelpatient.de\/en\/wp-json\/wp\/v2\/posts\/5380\/revisions"}],"wp:featuredmedia":[{"embeddable":true,"href":"https:\/\/www.apfelpatient.de\/en\/wp-json\/wp\/v2\/media\/5381"}],"wp:attachment":[{"href":"https:\/\/www.apfelpatient.de\/en\/wp-json\/wp\/v2\/media?parent=5380"}],"wp:term":[{"taxonomy":"category","embeddable":true,"href":"https:\/\/www.apfelpatient.de\/en\/wp-json\/wp\/v2\/categories?post=5380"},{"taxonomy":"post_tag","embeddable":true,"href":"https:\/\/www.apfelpatient.de\/en\/wp-json\/wp\/v2\/tags?post=5380"}],"curies":[{"name":"wp","href":"https:\/\/api.w.org\/{rel}","templated":true}]}}