{"id":53787,"date":"2025-04-22T00:34:17","date_gmt":"2025-04-21T22:34:17","guid":{"rendered":"https:\/\/www.apfelpatient.de\/?p=53787"},"modified":"2025-04-22T00:35:07","modified_gmt":"2025-04-21T22:35:07","slug":"iphone-17-pro-leaker-reveals-first-details-on-color-choice","status":"publish","type":"post","link":"https:\/\/www.apfelpatient.de\/en\/rumors\/iphone-17-pro-leaker-nennt-erste-details-zur-farbwahl","title":{"rendered":"iPhone 17 Pro: Leaker reveals first details on color choices"},"content":{"rendered":"<p class=\"has-drop-cap\"><strong>Apple is known for keeping innovations secret until the last minute. Nevertheless, information regularly leaks out \u2013 often from the supply chain, sometimes from industry insiders. This time, it&#039;s about a possible new color option for the iPhone 17 Pro. According to a recent report, Sky Blue could be the new special color for 2025. Read here to find out whether this is true and what&#039;s known so far.<\/strong><\/p>\n\n\n\n<p>The iPhone 17 Pro hasn&#039;t been officially announced yet, but rumors about its features, design, and technical specifications are already circulating. The information about the color scheme is particularly striking: Sky Blue is said to be a serious option for the next iPhone Pro model. Leaker Majin Bu claims to have learned that Apple is already testing corresponding prototypes. Read on to find out what&#039;s true about this story and why it&#039;s remarkable.<\/p>\n\n\n\n<h4 class=\"wp-block-heading\" id=\"h-sky-blue-als-neue-sonderfarbe-fur-das-iphone-17-pro\">Sky Blue as a new special color for the iPhone 17 Pro<\/h4>\n\n\n\n<p>Majin Bu, a leaker who has repeatedly attracted attention in recent months with accurate advance information about Apple products, reports on his website that Apple is working on several color variants for the iPhone 17 Pro. One of them: Sky Blue. This color is said to have performed particularly well in internal tests. According to sources from Apple&#039;s supply chain, the shade looks brighter and more sophisticated on the prototypes than the familiar Sierra Blue from the iPhone 13 Pro. If Apple sticks with this variant, Sky Blue could be presented as an exclusive color for the iPhone 17 Pro launch in September 2025. Apple is known for introducing a special color for the Pro series every year that stands out from the standard colors like black, silver, or titanium. Last year, for example, it was Desert Titanium.<\/p>\n\n\n\n<h4 class=\"wp-block-heading\" id=\"h-verbindung-zum-m4-macbook-air\">Connection to the M4 MacBook Air<\/h4>\n\n\n\n<p>Also interesting is the connection with the M4 MacBook Air. This was introduced in Sky Blue a few weeks ago. It would be the first time Apple has used the same striking color on both a Mac and an iPhone in the same year. Typically, the devices remain color-separated to give each a distinct identity. If Apple does take this step, it could indicate a stronger visual branding strategy\u2014or simply the popularity of the color (via <a href=\"https:\/\/majinbuofficial.com\/the-new-iphone-17-pro-color\/\" target=\"_blank\" rel=\"noreferrer noopener\">MajinBu Official<\/a>).<\/p>\n\n\n\n<h4 class=\"wp-block-heading\" id=\"h-wie-zuverlassig-ist-majin-bu\">How reliable is Majin Bu?<\/h4>\n\n\n\n<p>Majin Bu has provided several accurate leaks in the past, although not every single one was correct. Recently, however, he&#039;s been coming out with more credible information. According to him, his current statements are based on direct sources within Apple&#039;s supply chain. This suggests a certain degree of reliability, but there will naturally be some uncertainty until the official unveiling. It&#039;s also possible that Apple will make changes shortly before launch\u2014that&#039;s not unusual for color variants. So, if Sky Blue doesn&#039;t come out after all, it&#039;s not necessarily because the information was wrong, but because Apple has changed its mind.<\/p>\n\n\n\n<ul class=\"wp-block-list\">\n<li><a href=\"https:\/\/www.apfelpatient.de\/en\/generally\/iphone-17-the-most-important-innovations-at-a-glance\">iPhone 17 \u2013 The most important innovations at a glance<\/a><\/li>\n<\/ul>\n\n\n\n<h3 class=\"wp-block-heading\" id=\"h-iphone-17-pro-apple-testet-noch-sky-blue-aktuell-vorne\">iPhone 17 Pro: Apple is still testing \u2013 Sky Blue is currently ahead<\/h3>\n\n\n\n<p>The iPhone 17 Pro could be the first Pro version to appear in Sky Blue \u2013 matching the also new MacBook Air with the M4 chip. Apple is currently testing various color variants, and Sky Blue is said to be the top choice. Whether it will stick with this remains to be seen over the next few months. The launch is expected in September, as usual. By then, we&#039;ll know which color Apple has chosen this year. If you don&#039;t want to miss any updates, it&#039;s worth checking back regularly. <a href=\"https:\/\/www.apfelpatient.de\/en\" target=\"_blank\" rel=\"noreferrer noopener\">apfelpatient.de<\/a> to keep an eye on. (Image: MajinBuOfficial \/ X)<\/p>\n\n\n\n<ul class=\"wp-block-list\">\n<li><a href=\"https:\/\/www.apfelpatient.de\/en\/generally\/new-era-for-the-iphone-what-apple-plans-for-the-next-few-years\">New era for the iPhone: What Apple plans for the next few years<\/a><\/li>\n\n\n\n<li><a href=\"https:\/\/www.apfelpatient.de\/en\/rumors\/iphone-17-pro-leak-shows-new-camera-bar-design\">iPhone 17 Pro: Leak shows new camera bar design<\/a><\/li>\n\n\n\n<li><a href=\"https:\/\/www.apfelpatient.de\/en\/rumors\/iphone-17-pro-this-is-what-the-new-unibody-design-looks-like\">iPhone 17 Pro: This is what the new unibody design looks like<\/a><\/li>\n<\/ul>\n\n\n\n<h6 class=\"wp-block-heading translation-block\" id=\"h-kennt-ihr-schon-unsere-amazon-storefront-dort-findet-ihr-eine-handverlesene-auswahl-von-diversen-produkten-f-r-euer-iphone-und-co-viel-spa-beim-st-bern\"><em>Have you already visited our Amazon Storefront? There you&#039;ll find a hand-picked selection of various products for your iPhone and other devices \u2013 <span class=\"has-inline-color has-vivid-red-color\"><a href=\"https:\/\/www.amazon.de\/shop\/apfelpatientofficial\" class=\"ek-link\" data-wpel-link=\"exclude\" rel=\"follow noopener\" target=\"_self\"><span style=\"text-decoration: underline\" class=\"ek-underline\">enjoy browsing<\/span><\/a> !<\/span><\/em><\/h6>\n\n\n\n<h6 class=\"wp-block-heading translation-block\" id=\"h-der-beitrag-enthalt-partnerlinks\">This post contains <a data-type=\"URL\" data-id=\"https:\/\/www.apfelpatient.de\/partnerprogramm\" href=\"https:\/\/www.apfelpatient.de\/en\/partner-program\" data-wpel-link=\"internal\" target=\"_self\">affiliate links<\/a>.<\/h6>","protected":false},"excerpt":{"rendered":"<p>Apple is testing colors for the iPhone 17 Pro \u2013 Sky Blue is the winner. You can find all the information about the possible color highlight of 2025 in this article.<\/p>","protected":false},"author":2,"featured_media":53765,"comment_status":"closed","ping_status":"closed","sticky":false,"template":"","format":"standard","meta":{"jnews-multi-image_gallery":[],"jnews_single_post":{"format":"standard","override":[{"template":"2","parallax":"1","fullscreen":"1","layout":"right-sidebar","sidebar":"default-sidebar","second_sidebar":"default-sidebar","sticky_sidebar":"1","share_position":"top","share_float_style":"share-monocrhome","show_featured":"1","show_post_meta":"1","show_post_author":"1","show_post_author_image":"1","show_post_date":"1","post_date_format":"default","post_date_format_custom":"Y\/m\/d","show_post_category":"1","show_post_reading_time":"0","post_reading_time_wpm":"300","post_calculate_word_method":"str_word_count","show_zoom_button":"0","zoom_button_out_step":"2","zoom_button_in_step":"3","show_post_tag":"1","show_prev_next_post":"1","show_popup_post":"1","number_popup_post":"1","show_author_box":"0","show_post_related":"0","show_inline_post_related":"0"}],"image_override":[{"single_post_thumbnail_size":"crop-500","single_post_gallery_size":"crop-500"}],"trending_post_position":"meta","trending_post_label":"Trending","sponsored_post_label":"Sponsored by","disable_ad":"0"},"jnews_primary_category":{"id":"25"},"footnotes":""},"categories":[25],"tags":[8,819,820],"class_list":["post-53787","post","type-post","status-publish","format-standard","has-post-thumbnail","hentry","category-rumors","tag-iphone","tag-iphone-17","tag-iphone-2025"],"yoast_head":"<!-- This site is optimized with the Yoast SEO Premium plugin v27.5 (Yoast SEO v27.5) - https:\/\/yoast.com\/product\/yoast-seo-premium-wordpress\/ -->\n<title>iPhone 17 Pro: Leaker nennt erste Details zur Farbwahl Apfelpatient<\/title>\n<meta name=\"description\" content=\"Apple testet Farben f\u00fcrs iPhone 17 Pro \u2013 Sky Blue liegt vorn. Alle Infos zum m\u00f6glichen Farb-Highlight 2025 findest du in diesem Artikel.\" \/>\n<meta name=\"robots\" content=\"index, follow, max-snippet:-1, max-image-preview:large, max-video-preview:-1\" \/>\n<link rel=\"canonical\" href=\"https:\/\/www.apfelpatient.de\/en\/rumors\/iphone-17-pro-leaker-reveals-first-details-on-color-choice\" \/>\n<meta property=\"og:locale\" content=\"en_US\" \/>\n<meta property=\"og:type\" content=\"article\" \/>\n<meta property=\"og:title\" content=\"iPhone 17 Pro: Leaker nennt erste Details zur Farbwahl\" \/>\n<meta property=\"og:description\" content=\"Apple testet Farben f\u00fcrs iPhone 17 Pro \u2013 Sky Blue liegt vorn. Alle Infos zum m\u00f6glichen Farb-Highlight 2025 findest du in diesem Artikel.\" \/>\n<meta property=\"og:url\" content=\"https:\/\/www.apfelpatient.de\/en\/rumors\/iphone-17-pro-leaker-reveals-first-details-on-color-choice\" \/>\n<meta property=\"og:site_name\" content=\"Apfelpatient\" \/>\n<meta property=\"article:publisher\" content=\"https:\/\/www.facebook.com\/apfelpatientOfficial\" \/>\n<meta property=\"article:author\" content=\"https:\/\/www.facebook.com\/apfelpatientOfficial\" \/>\n<meta property=\"article:published_time\" content=\"2025-04-21T22:34:17+00:00\" \/>\n<meta property=\"article:modified_time\" content=\"2025-04-21T22:35:07+00:00\" \/>\n<meta property=\"og:image\" content=\"https:\/\/www.apfelpatient.de\/wp-content\/uploads\/2025\/04\/iPhone-17-Pro-Case-Leak.jpeg\" \/>\n\t<meta property=\"og:image:width\" content=\"1600\" \/>\n\t<meta property=\"og:image:height\" content=\"1067\" \/>\n\t<meta property=\"og:image:type\" content=\"image\/jpeg\" \/>\n<meta name=\"author\" content=\"Milan\" \/>\n<meta name=\"twitter:card\" content=\"summary_large_image\" \/>\n<meta name=\"twitter:description\" content=\"Apple testet Farben f\u00fcrs iPhone 17 Pro \u2013 Sky Blue liegt vorn. Alle Infos zum m\u00f6glichen Farb-Highlight 2025 findest du in diesem Artikel.\" \/>\n<meta name=\"twitter:label1\" content=\"Written by\" \/>\n\t<meta name=\"twitter:data1\" content=\"Milan\" \/>\n\t<meta name=\"twitter:label2\" content=\"Est. reading time\" \/>\n\t<meta name=\"twitter:data2\" content=\"4 minutes\" \/>\n<script type=\"application\/ld+json\" class=\"yoast-schema-graph\">{\"@context\":\"https:\\\/\\\/schema.org\",\"@graph\":[{\"@type\":\"NewsArticle\",\"@id\":\"https:\\\/\\\/www.apfelpatient.de\\\/rumors\\\/iphone-17-pro-leaker-nennt-erste-details-zur-farbwahl#article\",\"isPartOf\":{\"@id\":\"https:\\\/\\\/www.apfelpatient.de\\\/rumors\\\/iphone-17-pro-leaker-nennt-erste-details-zur-farbwahl\"},\"author\":{\"@type\":\"Organization\",\"@id\":\"https:\\\/\\\/www.apfelpatient.de\\\/en\\\/#organization\",\"name\":\"Apfelpatient\",\"url\":\"https:\\\/\\\/www.apfelpatient.de\\\/en\\\/\"},\"headline\":\"iPhone 17 Pro: Leaker nennt erste Details zur Farbwahl\",\"datePublished\":\"2025-04-21T22:34:17+00:00\",\"dateModified\":\"2025-04-21T22:35:07+00:00\",\"mainEntityOfPage\":{\"@id\":\"https:\\\/\\\/www.apfelpatient.de\\\/rumors\\\/iphone-17-pro-leaker-nennt-erste-details-zur-farbwahl\"},\"wordCount\":625,\"publisher\":{\"@type\":\"Organization\",\"@id\":\"https:\\\/\\\/www.apfelpatient.de\\\/en\\\/#organization\",\"name\":\"Apfelpatient\",\"url\":\"https:\\\/\\\/www.apfelpatient.de\\\/en\\\/\"},\"image\":{\"@id\":\"https:\\\/\\\/www.apfelpatient.de\\\/rumors\\\/iphone-17-pro-leaker-nennt-erste-details-zur-farbwahl#primaryimage\"},\"thumbnailUrl\":\"https:\\\/\\\/www.apfelpatient.de\\\/wp-content\\\/uploads\\\/2025\\\/04\\\/iPhone-17-Pro-Case-Leak.jpeg\",\"keywords\":[\"iPhone\",\"iPhone 17\",\"iPhone 2025\"],\"articleSection\":\"Rumors\",\"inLanguage\":\"en-US\",\"copyrightYear\":\"2025\",\"copyrightHolder\":{\"@id\":\"https:\\\/\\\/www.apfelpatient.de\\\/en\\\/#organization\"}},{\"@type\":\"WebPage\",\"@id\":\"https:\\\/\\\/www.apfelpatient.de\\\/rumors\\\/iphone-17-pro-leaker-nennt-erste-details-zur-farbwahl\",\"url\":\"https:\\\/\\\/www.apfelpatient.de\\\/rumors\\\/iphone-17-pro-leaker-nennt-erste-details-zur-farbwahl\",\"name\":\"iPhone 17 Pro: Leaker nennt erste Details zur Farbwahl Apfelpatient\",\"isPartOf\":{\"@id\":\"https:\\\/\\\/www.apfelpatient.de\\\/#website\"},\"primaryImageOfPage\":{\"@id\":\"https:\\\/\\\/www.apfelpatient.de\\\/rumors\\\/iphone-17-pro-leaker-nennt-erste-details-zur-farbwahl#primaryimage\"},\"image\":{\"@id\":\"https:\\\/\\\/www.apfelpatient.de\\\/rumors\\\/iphone-17-pro-leaker-nennt-erste-details-zur-farbwahl#primaryimage\"},\"thumbnailUrl\":\"https:\\\/\\\/www.apfelpatient.de\\\/wp-content\\\/uploads\\\/2025\\\/04\\\/iPhone-17-Pro-Case-Leak.jpeg\",\"datePublished\":\"2025-04-21T22:34:17+00:00\",\"dateModified\":\"2025-04-21T22:35:07+00:00\",\"description\":\"Apple testet Farben f\u00fcrs iPhone 17 Pro \u2013 Sky Blue liegt vorn. Alle Infos zum m\u00f6glichen Farb-Highlight 2025 findest du in diesem Artikel.\",\"breadcrumb\":{\"@id\":\"https:\\\/\\\/www.apfelpatient.de\\\/rumors\\\/iphone-17-pro-leaker-nennt-erste-details-zur-farbwahl#breadcrumb\"},\"inLanguage\":\"en-US\",\"potentialAction\":[{\"@type\":\"ReadAction\",\"target\":[\"https:\\\/\\\/www.apfelpatient.de\\\/rumors\\\/iphone-17-pro-leaker-nennt-erste-details-zur-farbwahl\"]}]},{\"@type\":\"ImageObject\",\"inLanguage\":\"en-US\",\"@id\":\"https:\\\/\\\/www.apfelpatient.de\\\/rumors\\\/iphone-17-pro-leaker-nennt-erste-details-zur-farbwahl#primaryimage\",\"url\":\"https:\\\/\\\/www.apfelpatient.de\\\/wp-content\\\/uploads\\\/2025\\\/04\\\/iPhone-17-Pro-Case-Leak.jpeg\",\"contentUrl\":\"https:\\\/\\\/www.apfelpatient.de\\\/wp-content\\\/uploads\\\/2025\\\/04\\\/iPhone-17-Pro-Case-Leak.jpeg\",\"width\":1600,\"height\":1067,\"caption\":\"Bild: MajinBuOfficial \\\/ X\"},{\"@type\":\"BreadcrumbList\",\"@id\":\"https:\\\/\\\/www.apfelpatient.de\\\/rumors\\\/iphone-17-pro-leaker-nennt-erste-details-zur-farbwahl#breadcrumb\",\"itemListElement\":[{\"@type\":\"ListItem\",\"position\":1,\"name\":\"Startseite\",\"item\":\"https:\\\/\\\/www.apfelpatient.de\\\/\"},{\"@type\":\"ListItem\",\"position\":2,\"name\":\"iPhone 17 Pro: Leaker nennt erste Details zur Farbwahl\"}]},{\"@type\":\"WebSite\",\"@id\":\"https:\\\/\\\/www.apfelpatient.de\\\/#website\",\"url\":\"https:\\\/\\\/www.apfelpatient.de\\\/\",\"name\":\"Apfelpatient\",\"description\":\"Alles rund um Apple!\",\"publisher\":{\"@type\":\"Organization\",\"@id\":\"https:\\\/\\\/www.apfelpatient.de\\\/en\\\/#organization\",\"name\":\"Apfelpatient\",\"url\":\"https:\\\/\\\/www.apfelpatient.de\\\/en\\\/\"},\"alternateName\":\"Apfelpatient\",\"potentialAction\":[{\"@type\":\"SearchAction\",\"target\":{\"@type\":\"EntryPoint\",\"urlTemplate\":\"https:\\\/\\\/www.apfelpatient.de\\\/?s={search_term_string}\"},\"query-input\":{\"@type\":\"PropertyValueSpecification\",\"valueRequired\":true,\"valueName\":\"search_term_string\"}}],\"inLanguage\":\"en-US\"},{\"@type\":[\"Person\",\"Organization\"],\"@id\":\"https:\\\/\\\/www.apfelpatient.de\\\/#\\\/schema\\\/person\\\/7dc56ad6c8e9824b76d2c08d4c140e13\",\"name\":\"Milan\",\"logo\":{\"@id\":\"https:\\\/\\\/www.apfelpatient.de\\\/#\\\/schema\\\/person\\\/image\\\/\"},\"description\":\"Hallo und herzlich willkommen auf meinem Technik-Blog! Als gro\u00dfer Apple-Fan berichte ich hier \u00fcber alles, was mit Apple zu tun hat: von den neuesten News und spannenden Ger\u00fcchten \u00fcber hilfreiche Tipps und Tricks bis hin zu ausf\u00fchrlichen Produkttests. Wenn du genauso technikbegeistert bist wie ich, bist du hier genau richtig!\",\"sameAs\":[\"https:\\\/\\\/www.facebook.com\\\/apfelpatientOfficial\",\"https:\\\/\\\/www.linkedin.com\\\/in\\\/milan-jovicic-42aa0231b\"],\"url\":\"https:\\\/\\\/www.apfelpatient.de\\\/en\\\/author\\\/apfeladmin\"}]}<\/script>\n<!-- \/ Yoast SEO Premium plugin. -->","yoast_head_json":{"title":"iPhone 17 Pro: Leaker reveals first details on color choices Apfelpatient","description":"Apple is testing colors for the iPhone 17 Pro \u2013 Sky Blue is the winner. You can find all the information about the possible color highlight of 2025 in this article.","robots":{"index":"index","follow":"follow","max-snippet":"max-snippet:-1","max-image-preview":"max-image-preview:large","max-video-preview":"max-video-preview:-1"},"canonical":"https:\/\/www.apfelpatient.de\/en\/rumors\/iphone-17-pro-leaker-reveals-first-details-on-color-choice","og_locale":"en_US","og_type":"article","og_title":"iPhone 17 Pro: Leaker nennt erste Details zur Farbwahl","og_description":"Apple testet Farben f\u00fcrs iPhone 17 Pro \u2013 Sky Blue liegt vorn. Alle Infos zum m\u00f6glichen Farb-Highlight 2025 findest du in diesem Artikel.","og_url":"https:\/\/www.apfelpatient.de\/en\/rumors\/iphone-17-pro-leaker-reveals-first-details-on-color-choice","og_site_name":"Apfelpatient","article_publisher":"https:\/\/www.facebook.com\/apfelpatientOfficial","article_author":"https:\/\/www.facebook.com\/apfelpatientOfficial","article_published_time":"2025-04-21T22:34:17+00:00","article_modified_time":"2025-04-21T22:35:07+00:00","og_image":[{"width":1600,"height":1067,"url":"https:\/\/www.apfelpatient.de\/wp-content\/uploads\/2025\/04\/iPhone-17-Pro-Case-Leak.jpeg","type":"image\/jpeg"}],"author":"Milan","twitter_card":"summary_large_image","twitter_description":"Apple testet Farben f\u00fcrs iPhone 17 Pro \u2013 Sky Blue liegt vorn. Alle Infos zum m\u00f6glichen Farb-Highlight 2025 findest du in diesem Artikel.","twitter_misc":{"Written by":"Milan","Est. reading time":"4 minutes"},"schema":{"@context":"https:\/\/schema.org","@graph":[{"@type":"NewsArticle","@id":"https:\/\/www.apfelpatient.de\/rumors\/iphone-17-pro-leaker-nennt-erste-details-zur-farbwahl#article","isPartOf":{"@id":"https:\/\/www.apfelpatient.de\/rumors\/iphone-17-pro-leaker-nennt-erste-details-zur-farbwahl"},"author":{"@type":"Organization","@id":"https:\/\/www.apfelpatient.de\/en\/#organization","name":"Apfelpatient","url":"https:\/\/www.apfelpatient.de\/en\/"},"headline":"iPhone 17 Pro: Leaker nennt erste Details zur Farbwahl","datePublished":"2025-04-21T22:34:17+00:00","dateModified":"2025-04-21T22:35:07+00:00","mainEntityOfPage":{"@id":"https:\/\/www.apfelpatient.de\/rumors\/iphone-17-pro-leaker-nennt-erste-details-zur-farbwahl"},"wordCount":625,"publisher":{"@type":"Organization","@id":"https:\/\/www.apfelpatient.de\/en\/#organization","name":"Apfelpatient","url":"https:\/\/www.apfelpatient.de\/en\/"},"image":{"@id":"https:\/\/www.apfelpatient.de\/rumors\/iphone-17-pro-leaker-nennt-erste-details-zur-farbwahl#primaryimage"},"thumbnailUrl":"https:\/\/www.apfelpatient.de\/wp-content\/uploads\/2025\/04\/iPhone-17-Pro-Case-Leak.jpeg","keywords":["iPhone","iPhone 17","iPhone 2025"],"articleSection":"Rumors","inLanguage":"en-US","copyrightYear":"2025","copyrightHolder":{"@id":"https:\/\/www.apfelpatient.de\/en\/#organization"}},{"@type":"WebPage","@id":"https:\/\/www.apfelpatient.de\/rumors\/iphone-17-pro-leaker-nennt-erste-details-zur-farbwahl","url":"https:\/\/www.apfelpatient.de\/rumors\/iphone-17-pro-leaker-nennt-erste-details-zur-farbwahl","name":"iPhone 17 Pro: Leaker reveals first details on color choices Apfelpatient","isPartOf":{"@id":"https:\/\/www.apfelpatient.de\/#website"},"primaryImageOfPage":{"@id":"https:\/\/www.apfelpatient.de\/rumors\/iphone-17-pro-leaker-nennt-erste-details-zur-farbwahl#primaryimage"},"image":{"@id":"https:\/\/www.apfelpatient.de\/rumors\/iphone-17-pro-leaker-nennt-erste-details-zur-farbwahl#primaryimage"},"thumbnailUrl":"https:\/\/www.apfelpatient.de\/wp-content\/uploads\/2025\/04\/iPhone-17-Pro-Case-Leak.jpeg","datePublished":"2025-04-21T22:34:17+00:00","dateModified":"2025-04-21T22:35:07+00:00","description":"Apple is testing colors for the iPhone 17 Pro \u2013 Sky Blue is the winner. You can find all the information about the possible color highlight of 2025 in this article.","breadcrumb":{"@id":"https:\/\/www.apfelpatient.de\/rumors\/iphone-17-pro-leaker-nennt-erste-details-zur-farbwahl#breadcrumb"},"inLanguage":"en-US","potentialAction":[{"@type":"ReadAction","target":["https:\/\/www.apfelpatient.de\/rumors\/iphone-17-pro-leaker-nennt-erste-details-zur-farbwahl"]}]},{"@type":"ImageObject","inLanguage":"en-US","@id":"https:\/\/www.apfelpatient.de\/rumors\/iphone-17-pro-leaker-nennt-erste-details-zur-farbwahl#primaryimage","url":"https:\/\/www.apfelpatient.de\/wp-content\/uploads\/2025\/04\/iPhone-17-Pro-Case-Leak.jpeg","contentUrl":"https:\/\/www.apfelpatient.de\/wp-content\/uploads\/2025\/04\/iPhone-17-Pro-Case-Leak.jpeg","width":1600,"height":1067,"caption":"Bild: MajinBuOfficial \/ X"},{"@type":"BreadcrumbList","@id":"https:\/\/www.apfelpatient.de\/rumors\/iphone-17-pro-leaker-nennt-erste-details-zur-farbwahl#breadcrumb","itemListElement":[{"@type":"ListItem","position":1,"name":"Startseite","item":"https:\/\/www.apfelpatient.de\/"},{"@type":"ListItem","position":2,"name":"iPhone 17 Pro: Leaker nennt erste Details zur Farbwahl"}]},{"@type":"WebSite","@id":"https:\/\/www.apfelpatient.de\/#website","url":"https:\/\/www.apfelpatient.de\/","name":"apple patient","description":"Everything about Apple!","publisher":{"@type":"Organization","@id":"https:\/\/www.apfelpatient.de\/en\/#organization","name":"Apfelpatient","url":"https:\/\/www.apfelpatient.de\/en\/"},"alternateName":"Apfelpatient","potentialAction":[{"@type":"SearchAction","target":{"@type":"EntryPoint","urlTemplate":"https:\/\/www.apfelpatient.de\/?s={search_term_string}"},"query-input":{"@type":"PropertyValueSpecification","valueRequired":true,"valueName":"search_term_string"}}],"inLanguage":"en-US"},{"@type":["Person","Organization"],"@id":"https:\/\/www.apfelpatient.de\/#\/schema\/person\/7dc56ad6c8e9824b76d2c08d4c140e13","name":"Milan","logo":{"@id":"https:\/\/www.apfelpatient.de\/#\/schema\/person\/image\/"},"description":"Hello and welcome to my technology blog! As a big Apple fan, I report on everything to do with Apple: from the latest news and exciting rumors to helpful tips and tricks and detailed product tests. If you are as enthusiastic about technology as I am, you have come to the right place!","sameAs":["https:\/\/www.facebook.com\/apfelpatientOfficial","https:\/\/www.linkedin.com\/in\/milan-jovicic-42aa0231b"],"url":"https:\/\/www.apfelpatient.de\/en\/author\/apfeladmin"}]}},"_links":{"self":[{"href":"https:\/\/www.apfelpatient.de\/en\/wp-json\/wp\/v2\/posts\/53787","targetHints":{"allow":["GET"]}}],"collection":[{"href":"https:\/\/www.apfelpatient.de\/en\/wp-json\/wp\/v2\/posts"}],"about":[{"href":"https:\/\/www.apfelpatient.de\/en\/wp-json\/wp\/v2\/types\/post"}],"author":[{"embeddable":true,"href":"https:\/\/www.apfelpatient.de\/en\/wp-json\/wp\/v2\/users\/2"}],"replies":[{"embeddable":true,"href":"https:\/\/www.apfelpatient.de\/en\/wp-json\/wp\/v2\/comments?post=53787"}],"version-history":[{"count":0,"href":"https:\/\/www.apfelpatient.de\/en\/wp-json\/wp\/v2\/posts\/53787\/revisions"}],"wp:featuredmedia":[{"embeddable":true,"href":"https:\/\/www.apfelpatient.de\/en\/wp-json\/wp\/v2\/media\/53765"}],"wp:attachment":[{"href":"https:\/\/www.apfelpatient.de\/en\/wp-json\/wp\/v2\/media?parent=53787"}],"wp:term":[{"taxonomy":"category","embeddable":true,"href":"https:\/\/www.apfelpatient.de\/en\/wp-json\/wp\/v2\/categories?post=53787"},{"taxonomy":"post_tag","embeddable":true,"href":"https:\/\/www.apfelpatient.de\/en\/wp-json\/wp\/v2\/tags?post=53787"}],"curies":[{"name":"wp","href":"https:\/\/api.w.org\/{rel}","templated":true}]}}