{"id":5375,"date":"2019-07-31T00:08:39","date_gmt":"2019-07-30T22:08:39","guid":{"rendered":"https:\/\/www.apfelpatient.de\/?p=5375"},"modified":"2025-02-06T07:38:31","modified_gmt":"2025-02-06T06:38:31","slug":"apple-card-officially-launches-in-august","status":"publish","type":"post","link":"https:\/\/www.apfelpatient.de\/en\/news\/offiziell-apple-card-startet-im-august","title":{"rendered":"Official \u2013 Apple Card launches in August"},"content":{"rendered":"<p><strong>Apple released its figures yesterday evening. <a href=\"https:\/\/www.apfelpatient.de\/en\">third quarter<\/a> During the conference call, Tim Cook confirmed the launch of the Apple Card in August.<\/strong><\/p>\n<p>The Apple Card is currently being tested by several thousand Apple employees - the beta phase is now coming to an end. This was confirmed by Apple CEO Tim Cook. According to this, the new credit card from Cupertino will be launched in August. However, Apple&#039;s boss did not give an exact launch date. According to an earlier Bloomberg report, the card could launch in mid-August. The Apple Card was developed in collaboration with Goldman Sachs and is deeply integrated into Apple Pay and the entire iOS operating system. The card is managed via the Wallet application. In addition to the digital version, users will also receive a physical version of the Apple Card - however, this is not made of plastic but of titanium. The Apple Card can be used either in the classic way or via Apple Pay and can cover all payments within the card limit. Using the new payment method should be completely free for users - a bonus program is also offered.<\/p>\n<p><strong>Clear and flexible<\/strong><\/p>\n\n<p>The best thing about the Apple Card is its clarity. Everything related to Apple&#039;s credit card is handled via the Wallet app. This also uses other Apple apps. If the user wants to know where transaction XY was made, the Apple Card will use Apple Maps to determine the exact location - including the address and name of the respective shop. The available balance is displayed using a ring system - known from the Apple Watch Activity app. In addition, the ring system in question offers other functions. Users who want to pay their bill in installments can do so using a ring provided for this purpose - the interest is of course also displayed. Billing can be customized. For example, automatic debits on a weekly, bi-weekly or monthly basis are available. The Apple Card also has intelligent payment suggestions that can adapt to the user. Apple&#039;s new payment method will initially only be available in the USA when it is launched. It remains to be seen when the Apple Card will be introduced in other countries. <!-- BEGIN PARTNER PROGRAM - DO NOT CHANGE THE PARAMETERS OF THE HYPERLINK --> <a href=\"http:\/\/partners.webmasterplan.com\/click.aspx?ref=858762&amp;site=16901&amp;type=text&amp;tnb=3&amp;diurl=https%3A%2F%2Fad.doubleclick.net%2Fddm%2Ftrackclk%2FN195005.149763AFFILINET%2FB20981301.218453393%3Bdc_trk_aid%3D417078512%3Bdc_trk_cid%3D99982609%3Bkw%3D%24ref%24%3Bdc_lat%3D%3Bdc_rdid%3D%3Btag_for_child_directed_treatment%3D%3Fhttps%3A%2F%2Ftarife.mediamarkt.de%2F%3Frbtc%3Dmd%7Cili%7Cmetanavigation%7C%7Cb%7C%7C%26rbtc%3Daff%7C%24chgr1name%24%7C%24ref%24%7C%7Cp%7CAffiliate_Deeplink-Generator%7C\" target=\"_blank\" rel=\"noopener noreferrer\">Get cheap contracts in the Media Markt tariff world<\/a><em>(Image: Apple)<\/em><\/p>\n<h6><a href=\"https:\/\/t.me\/apfelpatient_official\"><em><strong>Don&#039;t want to miss any more news? Then subscribe to our Telegram channel here<\/strong><\/em><\/a><\/h6>","protected":false},"excerpt":{"rendered":"<p>Apple hat am gestrigen Abend die Zahlen des dritten Quartals ver\u00f6ffentlicht. Im Rahmen des Conference Calls best\u00e4tigte Tim Cook den Start der Apple Card im August. Die Apple Card wird derzeit von mehreren tausend Apple Mitarbeitern getestet &#8211; die Beta-Phase neigt sich nun dem Ende zu. Das hat Apple CEO Tim Cook best\u00e4tigt. Demnach soll [&hellip;]<\/p>\n","protected":false},"author":2,"featured_media":4363,"comment_status":"open","ping_status":"open","sticky":false,"template":"","format":"standard","meta":{"jnews-multi-image_gallery":[],"jnews_single_post":{"subtitle":"","format":"standard","video":"","gallery":"","source_name":"","source_url":"","via_name":"","via_url":"","override_template":"0","override":[{"template":"4","single_blog_custom":"","parallax":"1","fullscreen":"1","layout":"right-sidebar","sidebar":"default-sidebar","second_sidebar":"default-sidebar","sticky_sidebar":"1","share_position":"top","share_float_style":"share-monocrhome","show_share_counter":"0","show_view_counter":"0","show_featured":"1","show_post_meta":"1","show_post_author":"1","show_post_author_image":"1","show_post_date":"1","post_date_format":"default","post_date_format_custom":"Y\/m\/d","show_post_category":"1","show_post_reading_time":"0","post_reading_time_wpm":"300","show_zoom_button":"0","zoom_button_out_step":"2","zoom_button_in_step":"3","show_post_tag":"1","show_prev_next_post":"1","show_popup_post":"1","number_popup_post":"1","show_author_box":"0","show_post_related":"0","show_inline_post_related":"0"}],"override_image_size":"0","image_override":[{"single_post_thumbnail_size":"crop-500","single_post_gallery_size":"crop-500"}],"trending_post":"0","trending_post_position":"meta","trending_post_label":"Trending","sponsored_post":"0","sponsored_post_label":"Sponsored by","sponsored_post_name":"","sponsored_post_url":"","sponsored_post_logo_enable":"0","sponsored_post_logo":"","sponsored_post_desc":"","disable_ad":"0"},"jnews_primary_category":{"id":"","hide":""},"footnotes":""},"categories":[9],"tags":[244,34,35,297,3,281,245],"class_list":["post-5375","post","type-post","status-publish","format-standard","has-post-thumbnail","hentry","category-news","tag-apple-card","tag-apple-dienste","tag-apple-pay","tag-goldman-sachs","tag-ios","tag-ios-12-4","tag-kreditkarte"],"yoast_head":"<!-- This site is optimized with the Yoast SEO Premium plugin v27.5 (Yoast SEO v27.5) - https:\/\/yoast.com\/product\/yoast-seo-premium-wordpress\/ -->\n<title>Offiziell - Apple Card startet im August Apfelpatient<\/title>\n<meta name=\"description\" content=\"News - Apple hat am gestrigen Abend die Zahlen des dritten Quartals ver\u00f6ffentlicht. Im Rahmen des Conference Calls best\u00e4tigte Tim Cook den Start der Apple Card im August.\" \/>\n<meta name=\"robots\" content=\"index, follow, max-snippet:-1, max-image-preview:large, max-video-preview:-1\" \/>\n<link rel=\"canonical\" href=\"https:\/\/www.apfelpatient.de\/en\/news\/apple-card-officially-launches-in-august\" \/>\n<meta property=\"og:locale\" content=\"en_US\" \/>\n<meta property=\"og:type\" content=\"article\" \/>\n<meta property=\"og:title\" content=\"Offiziell - Apple Card startet im August\" \/>\n<meta property=\"og:description\" content=\"News - Apple hat am gestrigen Abend die Zahlen des dritten Quartals ver\u00f6ffentlicht. Im Rahmen des Conference Calls best\u00e4tigte Tim Cook den Start der Apple Card im August.\" \/>\n<meta property=\"og:url\" content=\"https:\/\/www.apfelpatient.de\/en\/news\/apple-card-officially-launches-in-august\" \/>\n<meta property=\"og:site_name\" content=\"Apfelpatient\" \/>\n<meta property=\"article:publisher\" content=\"https:\/\/www.facebook.com\/apfelpatientOfficial\" \/>\n<meta property=\"article:author\" content=\"https:\/\/www.facebook.com\/apfelpatientOfficial\" \/>\n<meta property=\"article:published_time\" content=\"2019-07-30T22:08:39+00:00\" \/>\n<meta property=\"article:modified_time\" content=\"2025-02-06T06:38:31+00:00\" \/>\n<meta property=\"og:image\" content=\"https:\/\/www.apfelpatient.de\/wp-content\/uploads\/2019\/05\/Apple-Card_hand-iPhoneXS-payment_032519.jpg\" \/>\n\t<meta property=\"og:image:width\" content=\"1632\" \/>\n\t<meta property=\"og:image:height\" content=\"918\" \/>\n\t<meta property=\"og:image:type\" content=\"image\/jpeg\" \/>\n<meta name=\"author\" content=\"Milan\" \/>\n<meta name=\"twitter:card\" content=\"summary_large_image\" \/>\n<meta name=\"twitter:label1\" content=\"Written by\" \/>\n\t<meta name=\"twitter:data1\" content=\"Milan\" \/>\n\t<meta name=\"twitter:label2\" content=\"Est. reading time\" \/>\n\t<meta name=\"twitter:data2\" content=\"3 minutes\" \/>\n<script type=\"application\/ld+json\" class=\"yoast-schema-graph\">{\"@context\":\"https:\\\/\\\/schema.org\",\"@graph\":[{\"@type\":\"NewsArticle\",\"@id\":\"https:\\\/\\\/www.apfelpatient.de\\\/news\\\/offiziell-apple-card-startet-im-august#article\",\"isPartOf\":{\"@id\":\"https:\\\/\\\/www.apfelpatient.de\\\/news\\\/offiziell-apple-card-startet-im-august\"},\"author\":{\"@type\":\"Organization\",\"@id\":\"https:\\\/\\\/www.apfelpatient.de\\\/en\\\/#organization\",\"name\":\"Apfelpatient\",\"url\":\"https:\\\/\\\/www.apfelpatient.de\\\/en\\\/\"},\"headline\":\"Offiziell &#8211; Apple Card startet im August\",\"datePublished\":\"2019-07-30T22:08:39+00:00\",\"dateModified\":\"2025-02-06T06:38:31+00:00\",\"mainEntityOfPage\":{\"@id\":\"https:\\\/\\\/www.apfelpatient.de\\\/news\\\/offiziell-apple-card-startet-im-august\"},\"wordCount\":399,\"commentCount\":0,\"publisher\":{\"@type\":\"Organization\",\"@id\":\"https:\\\/\\\/www.apfelpatient.de\\\/en\\\/#organization\",\"name\":\"Apfelpatient\",\"url\":\"https:\\\/\\\/www.apfelpatient.de\\\/en\\\/\"},\"image\":{\"@id\":\"https:\\\/\\\/www.apfelpatient.de\\\/news\\\/offiziell-apple-card-startet-im-august#primaryimage\"},\"thumbnailUrl\":\"https:\\\/\\\/www.apfelpatient.de\\\/wp-content\\\/uploads\\\/2019\\\/05\\\/Apple-Card_hand-iPhoneXS-payment_032519.jpg\",\"keywords\":[\"Apple Card\",\"Apple Dienste\",\"Apple Pay\",\"Goldman Sachs\",\"iOS\",\"iOS 12.4\",\"Kreditkarte\"],\"articleSection\":\"News\",\"inLanguage\":\"en-US\",\"potentialAction\":[{\"@type\":\"CommentAction\",\"name\":\"Comment\",\"target\":[\"https:\\\/\\\/www.apfelpatient.de\\\/news\\\/offiziell-apple-card-startet-im-august#respond\"]}],\"copyrightYear\":\"2019\",\"copyrightHolder\":{\"@id\":\"https:\\\/\\\/www.apfelpatient.de\\\/en\\\/#organization\"}},{\"@type\":\"WebPage\",\"@id\":\"https:\\\/\\\/www.apfelpatient.de\\\/news\\\/offiziell-apple-card-startet-im-august\",\"url\":\"https:\\\/\\\/www.apfelpatient.de\\\/news\\\/offiziell-apple-card-startet-im-august\",\"name\":\"Offiziell - Apple Card startet im August Apfelpatient\",\"isPartOf\":{\"@id\":\"https:\\\/\\\/www.apfelpatient.de\\\/#website\"},\"primaryImageOfPage\":{\"@id\":\"https:\\\/\\\/www.apfelpatient.de\\\/news\\\/offiziell-apple-card-startet-im-august#primaryimage\"},\"image\":{\"@id\":\"https:\\\/\\\/www.apfelpatient.de\\\/news\\\/offiziell-apple-card-startet-im-august#primaryimage\"},\"thumbnailUrl\":\"https:\\\/\\\/www.apfelpatient.de\\\/wp-content\\\/uploads\\\/2019\\\/05\\\/Apple-Card_hand-iPhoneXS-payment_032519.jpg\",\"datePublished\":\"2019-07-30T22:08:39+00:00\",\"dateModified\":\"2025-02-06T06:38:31+00:00\",\"description\":\"News - Apple hat am gestrigen Abend die Zahlen des dritten Quartals ver\u00f6ffentlicht. Im Rahmen des Conference Calls best\u00e4tigte Tim Cook den Start der Apple Card im August.\",\"breadcrumb\":{\"@id\":\"https:\\\/\\\/www.apfelpatient.de\\\/news\\\/offiziell-apple-card-startet-im-august#breadcrumb\"},\"inLanguage\":\"en-US\",\"potentialAction\":[{\"@type\":\"ReadAction\",\"target\":[\"https:\\\/\\\/www.apfelpatient.de\\\/news\\\/offiziell-apple-card-startet-im-august\"]}]},{\"@type\":\"ImageObject\",\"inLanguage\":\"en-US\",\"@id\":\"https:\\\/\\\/www.apfelpatient.de\\\/news\\\/offiziell-apple-card-startet-im-august#primaryimage\",\"url\":\"https:\\\/\\\/www.apfelpatient.de\\\/wp-content\\\/uploads\\\/2019\\\/05\\\/Apple-Card_hand-iPhoneXS-payment_032519.jpg\",\"contentUrl\":\"https:\\\/\\\/www.apfelpatient.de\\\/wp-content\\\/uploads\\\/2019\\\/05\\\/Apple-Card_hand-iPhoneXS-payment_032519.jpg\",\"width\":1632,\"height\":918,\"caption\":\"Bild: Apple\"},{\"@type\":\"BreadcrumbList\",\"@id\":\"https:\\\/\\\/www.apfelpatient.de\\\/news\\\/offiziell-apple-card-startet-im-august#breadcrumb\",\"itemListElement\":[{\"@type\":\"ListItem\",\"position\":1,\"name\":\"Startseite\",\"item\":\"https:\\\/\\\/www.apfelpatient.de\\\/\"},{\"@type\":\"ListItem\",\"position\":2,\"name\":\"Offiziell &#8211; Apple Card startet im August\"}]},{\"@type\":\"WebSite\",\"@id\":\"https:\\\/\\\/www.apfelpatient.de\\\/#website\",\"url\":\"https:\\\/\\\/www.apfelpatient.de\\\/\",\"name\":\"Apfelpatient\",\"description\":\"Alles rund um Apple!\",\"publisher\":{\"@type\":\"Organization\",\"@id\":\"https:\\\/\\\/www.apfelpatient.de\\\/en\\\/#organization\",\"name\":\"Apfelpatient\",\"url\":\"https:\\\/\\\/www.apfelpatient.de\\\/en\\\/\"},\"alternateName\":\"Apfelpatient\",\"potentialAction\":[{\"@type\":\"SearchAction\",\"target\":{\"@type\":\"EntryPoint\",\"urlTemplate\":\"https:\\\/\\\/www.apfelpatient.de\\\/?s={search_term_string}\"},\"query-input\":{\"@type\":\"PropertyValueSpecification\",\"valueRequired\":true,\"valueName\":\"search_term_string\"}}],\"inLanguage\":\"en-US\"},{\"@type\":[\"Person\",\"Organization\"],\"@id\":\"https:\\\/\\\/www.apfelpatient.de\\\/#\\\/schema\\\/person\\\/7dc56ad6c8e9824b76d2c08d4c140e13\",\"name\":\"Milan\",\"logo\":{\"@id\":\"https:\\\/\\\/www.apfelpatient.de\\\/#\\\/schema\\\/person\\\/image\\\/\"},\"description\":\"Hallo und herzlich willkommen auf meinem Technik-Blog! Als gro\u00dfer Apple-Fan berichte ich hier \u00fcber alles, was mit Apple zu tun hat: von den neuesten News und spannenden Ger\u00fcchten \u00fcber hilfreiche Tipps und Tricks bis hin zu ausf\u00fchrlichen Produkttests. Wenn du genauso technikbegeistert bist wie ich, bist du hier genau richtig!\",\"sameAs\":[\"https:\\\/\\\/www.facebook.com\\\/apfelpatientOfficial\",\"https:\\\/\\\/www.linkedin.com\\\/in\\\/milan-jovicic-42aa0231b\"],\"url\":\"https:\\\/\\\/www.apfelpatient.de\\\/en\\\/author\\\/apfeladmin\"}]}<\/script>\n<!-- \/ Yoast SEO Premium plugin. -->","yoast_head_json":{"title":"Official - Apple Card launches in August Apfelpatient","description":"News - Apple released its third quarter figures yesterday evening. During the conference call, Tim Cook confirmed the launch of the Apple Card in August.","robots":{"index":"index","follow":"follow","max-snippet":"max-snippet:-1","max-image-preview":"max-image-preview:large","max-video-preview":"max-video-preview:-1"},"canonical":"https:\/\/www.apfelpatient.de\/en\/news\/apple-card-officially-launches-in-august","og_locale":"en_US","og_type":"article","og_title":"Offiziell - Apple Card startet im August","og_description":"News - Apple hat am gestrigen Abend die Zahlen des dritten Quartals ver\u00f6ffentlicht. Im Rahmen des Conference Calls best\u00e4tigte Tim Cook den Start der Apple Card im August.","og_url":"https:\/\/www.apfelpatient.de\/en\/news\/apple-card-officially-launches-in-august","og_site_name":"Apfelpatient","article_publisher":"https:\/\/www.facebook.com\/apfelpatientOfficial","article_author":"https:\/\/www.facebook.com\/apfelpatientOfficial","article_published_time":"2019-07-30T22:08:39+00:00","article_modified_time":"2025-02-06T06:38:31+00:00","og_image":[{"width":1632,"height":918,"url":"https:\/\/www.apfelpatient.de\/wp-content\/uploads\/2019\/05\/Apple-Card_hand-iPhoneXS-payment_032519.jpg","type":"image\/jpeg"}],"author":"Milan","twitter_card":"summary_large_image","twitter_misc":{"Written by":"Milan","Est. reading time":"3 minutes"},"schema":{"@context":"https:\/\/schema.org","@graph":[{"@type":"NewsArticle","@id":"https:\/\/www.apfelpatient.de\/news\/offiziell-apple-card-startet-im-august#article","isPartOf":{"@id":"https:\/\/www.apfelpatient.de\/news\/offiziell-apple-card-startet-im-august"},"author":{"@type":"Organization","@id":"https:\/\/www.apfelpatient.de\/en\/#organization","name":"Apfelpatient","url":"https:\/\/www.apfelpatient.de\/en\/"},"headline":"Offiziell &#8211; Apple Card startet im August","datePublished":"2019-07-30T22:08:39+00:00","dateModified":"2025-02-06T06:38:31+00:00","mainEntityOfPage":{"@id":"https:\/\/www.apfelpatient.de\/news\/offiziell-apple-card-startet-im-august"},"wordCount":399,"commentCount":0,"publisher":{"@type":"Organization","@id":"https:\/\/www.apfelpatient.de\/en\/#organization","name":"Apfelpatient","url":"https:\/\/www.apfelpatient.de\/en\/"},"image":{"@id":"https:\/\/www.apfelpatient.de\/news\/offiziell-apple-card-startet-im-august#primaryimage"},"thumbnailUrl":"https:\/\/www.apfelpatient.de\/wp-content\/uploads\/2019\/05\/Apple-Card_hand-iPhoneXS-payment_032519.jpg","keywords":["Apple Card","Apple Dienste","Apple Pay","Goldman Sachs","iOS","iOS 12.4","Kreditkarte"],"articleSection":"News","inLanguage":"en-US","potentialAction":[{"@type":"CommentAction","name":"Comment","target":["https:\/\/www.apfelpatient.de\/news\/offiziell-apple-card-startet-im-august#respond"]}],"copyrightYear":"2019","copyrightHolder":{"@id":"https:\/\/www.apfelpatient.de\/en\/#organization"}},{"@type":"WebPage","@id":"https:\/\/www.apfelpatient.de\/news\/offiziell-apple-card-startet-im-august","url":"https:\/\/www.apfelpatient.de\/news\/offiziell-apple-card-startet-im-august","name":"Official - Apple Card launches in August Apfelpatient","isPartOf":{"@id":"https:\/\/www.apfelpatient.de\/#website"},"primaryImageOfPage":{"@id":"https:\/\/www.apfelpatient.de\/news\/offiziell-apple-card-startet-im-august#primaryimage"},"image":{"@id":"https:\/\/www.apfelpatient.de\/news\/offiziell-apple-card-startet-im-august#primaryimage"},"thumbnailUrl":"https:\/\/www.apfelpatient.de\/wp-content\/uploads\/2019\/05\/Apple-Card_hand-iPhoneXS-payment_032519.jpg","datePublished":"2019-07-30T22:08:39+00:00","dateModified":"2025-02-06T06:38:31+00:00","description":"News - Apple released its third quarter figures yesterday evening. During the conference call, Tim Cook confirmed the launch of the Apple Card in August.","breadcrumb":{"@id":"https:\/\/www.apfelpatient.de\/news\/offiziell-apple-card-startet-im-august#breadcrumb"},"inLanguage":"en-US","potentialAction":[{"@type":"ReadAction","target":["https:\/\/www.apfelpatient.de\/news\/offiziell-apple-card-startet-im-august"]}]},{"@type":"ImageObject","inLanguage":"en-US","@id":"https:\/\/www.apfelpatient.de\/news\/offiziell-apple-card-startet-im-august#primaryimage","url":"https:\/\/www.apfelpatient.de\/wp-content\/uploads\/2019\/05\/Apple-Card_hand-iPhoneXS-payment_032519.jpg","contentUrl":"https:\/\/www.apfelpatient.de\/wp-content\/uploads\/2019\/05\/Apple-Card_hand-iPhoneXS-payment_032519.jpg","width":1632,"height":918,"caption":"Bild: Apple"},{"@type":"BreadcrumbList","@id":"https:\/\/www.apfelpatient.de\/news\/offiziell-apple-card-startet-im-august#breadcrumb","itemListElement":[{"@type":"ListItem","position":1,"name":"Startseite","item":"https:\/\/www.apfelpatient.de\/"},{"@type":"ListItem","position":2,"name":"Offiziell &#8211; Apple Card startet im August"}]},{"@type":"WebSite","@id":"https:\/\/www.apfelpatient.de\/#website","url":"https:\/\/www.apfelpatient.de\/","name":"apple patient","description":"Everything about Apple!","publisher":{"@type":"Organization","@id":"https:\/\/www.apfelpatient.de\/en\/#organization","name":"Apfelpatient","url":"https:\/\/www.apfelpatient.de\/en\/"},"alternateName":"Apfelpatient","potentialAction":[{"@type":"SearchAction","target":{"@type":"EntryPoint","urlTemplate":"https:\/\/www.apfelpatient.de\/?s={search_term_string}"},"query-input":{"@type":"PropertyValueSpecification","valueRequired":true,"valueName":"search_term_string"}}],"inLanguage":"en-US"},{"@type":["Person","Organization"],"@id":"https:\/\/www.apfelpatient.de\/#\/schema\/person\/7dc56ad6c8e9824b76d2c08d4c140e13","name":"Milan","logo":{"@id":"https:\/\/www.apfelpatient.de\/#\/schema\/person\/image\/"},"description":"Hello and welcome to my technology blog! As a big Apple fan, I report on everything to do with Apple: from the latest news and exciting rumors to helpful tips and tricks and detailed product tests. If you are as enthusiastic about technology as I am, you have come to the right place!","sameAs":["https:\/\/www.facebook.com\/apfelpatientOfficial","https:\/\/www.linkedin.com\/in\/milan-jovicic-42aa0231b"],"url":"https:\/\/www.apfelpatient.de\/en\/author\/apfeladmin"}]}},"_links":{"self":[{"href":"https:\/\/www.apfelpatient.de\/en\/wp-json\/wp\/v2\/posts\/5375","targetHints":{"allow":["GET"]}}],"collection":[{"href":"https:\/\/www.apfelpatient.de\/en\/wp-json\/wp\/v2\/posts"}],"about":[{"href":"https:\/\/www.apfelpatient.de\/en\/wp-json\/wp\/v2\/types\/post"}],"author":[{"embeddable":true,"href":"https:\/\/www.apfelpatient.de\/en\/wp-json\/wp\/v2\/users\/2"}],"replies":[{"embeddable":true,"href":"https:\/\/www.apfelpatient.de\/en\/wp-json\/wp\/v2\/comments?post=5375"}],"version-history":[{"count":0,"href":"https:\/\/www.apfelpatient.de\/en\/wp-json\/wp\/v2\/posts\/5375\/revisions"}],"wp:featuredmedia":[{"embeddable":true,"href":"https:\/\/www.apfelpatient.de\/en\/wp-json\/wp\/v2\/media\/4363"}],"wp:attachment":[{"href":"https:\/\/www.apfelpatient.de\/en\/wp-json\/wp\/v2\/media?parent=5375"}],"wp:term":[{"taxonomy":"category","embeddable":true,"href":"https:\/\/www.apfelpatient.de\/en\/wp-json\/wp\/v2\/categories?post=5375"},{"taxonomy":"post_tag","embeddable":true,"href":"https:\/\/www.apfelpatient.de\/en\/wp-json\/wp\/v2\/tags?post=5375"}],"curies":[{"name":"wp","href":"https:\/\/api.w.org\/{rel}","templated":true}]}}