{"id":53255,"date":"2025-04-07T15:51:56","date_gmt":"2025-04-07T13:51:56","guid":{"rendered":"https:\/\/www.apfelpatient.de\/?p=53255"},"modified":"2025-04-07T15:52:51","modified_gmt":"2025-04-07T13:52:51","slug":"q2-2025-apple-will-show-its-figures-on-may-1-and-talk-about-tariffs","status":"publish","type":"post","link":"https:\/\/www.apfelpatient.de\/en\/news\/q2-2025-apple-zeigt-am-1-mai-die-zahlen-und-spricht-ueber-zoelle","title":{"rendered":"Q2\/2025: Apple to present figures on May 1 \u2013 and discuss tariffs"},"content":{"rendered":"<p class=\"has-drop-cap\"><strong>Apple has announced that it will present its second fiscal quarter results on May 1, 2025. This refers to the period from January to March, which Apple, as usual, refers to as Q2, since Apple&#039;s fiscal year begins on October 1. While strong sales are traditionally expected in this quarter, primarily due to new iPhones, this time the focus is on a different topic: the potential impact of new global tariffs. These could prove costly for Apple.<\/strong><\/p>\n\n\n\n<p>Apple&#039;s quarterly results usually provide one thing above all: confirmation that its mix of hardware, software, and services continues to deliver. But this time, much remains uncertain. While new products like the iPhone 16e and the MacBook Air M4 certainly had a positive impact on sales, there&#039;s a new, greater uncertainty: global trade conflicts, especially new tariffs, which could hit Apple particularly hard. It&#039;s therefore not only exciting to see how the last three months have gone, but especially how Apple assesses the current situation.<\/p>\n\n\n\n<h4 class=\"wp-block-heading\" id=\"h-stabile-produktpipeline-zum-jahresbeginn\">Stable product pipeline at the beginning of the year<\/h4>\n\n\n\n<p>Apple introduced several new devices in the first quarter of the calendar year (Apple&#039;s Q2), which are likely to have a direct impact on sales figures. The iPhone 16e was launched in February. It is a new variant within the iPhone series, offering solid technology and a mid-range price. This is likely to have ensured stable sales, especially in the US market. The new MacBook Air with the M4 chip followed in March. This model is Apple&#039;s most successful notebook and has been redesigned. Thanks to high demand in education and remote work, it is certain that this model provided strong momentum. The iPad Air was also updated and equipped with the M3 chip \u2013 which also contributed to the increase in sales. Overall, it looks as if the iPhone, Mac, and the services division could deliver strong quarterly results. Compared to previous years, the first calendar quarter has often been solid, and this is likely to be no different in 2025.<\/p>\n\n\n\n<h4 class=\"wp-block-heading\" id=\"h-die-zolle-als-risikofaktor\">Tariffs as a risk factor<\/h4>\n\n\n\n<p>While the product side is stable, another issue is causing unrest: international tariffs, which have come back into focus since last week. This is due to political developments in the US, including possible new trade barriers modeled on previous Trump tariffs.<\/p>\n\n\n\n<ul class=\"wp-block-list\">\n<li>For Apple, this means in concrete terms: If new or higher tariffs are imposed on imported products from China and other production countries, costs will rise significantly. Market observers estimate that Apple would have to increase the price of the iPhone in the US by up to 40 percent to offset the additional costs.<\/li>\n\n\n\n<li>This presents Apple with a classic dilemma: If the higher costs are passed on to customers, demand will fall. If Apple absorbs the costs itself, its margins will suffer \u2013 and with them, its profit growth. Apple has not yet issued an official statement on how it intends to handle this situation. But it is considered very likely that the topic of tariffs will be addressed at its quarterly earnings conference on May 1st.<\/li>\n<\/ul>\n\n\n\n<h4 class=\"wp-block-heading\" id=\"h-pflicht-zur-transparenz\">Duty of transparency<\/h4>\n\n\n\n<p>As a publicly traded company, Apple is required to disclose potential business risks. This is especially relevant in an environment of new tariffs, fluctuating exchange rates, and political uncertainty worldwide. The upcoming quarterly conference call will therefore be used not only to evaluate the past but also to discuss how Apple is preparing for potential new challenges.<\/p>\n\n\n\n<ul class=\"wp-block-list\">\n<li><a href=\"https:\/\/www.apfelpatient.de\/en\/news\/apple-q1-2025-new-records-in-sales-and-services\">Apple Q1\/2025: New records in sales and services<\/a><\/li>\n<\/ul>\n\n\n\n<h3 class=\"wp-block-heading\" id=\"h-wichtiger-als-sonst-apples-ausblick-auf-risiken\">More important than ever: Apple&#039;s outlook on risks<\/h3>\n\n\n\n<p>May 1st will be exciting for many. Not only because it will determine whether Apple had a good quarter\u2014which seems likely given the product releases. But also because the statements regarding the global economic environment are likely to reveal a lot about Apple&#039;s strategic direction. For you as an observer, shareholder, or simply someone interested in technology, Q2 is more than just another interim report. It&#039;s about how flexibly Apple can respond to external risks without massively changing its own product strategy or pricing structure. If you want to know whether Apple will stay on track or needs to reposition itself, it&#039;s worth taking a closer look at this quarterly conference. Time for fresh accessories? Visit&nbsp;<a href=\"https:\/\/www.amazon.de\/shop\/apfelpatientofficial\" target=\"_blank\" rel=\"noreferrer noopener\">our Amazon Storefront<\/a>&nbsp;and discover a wide selection of products from leading manufacturers, including HomeKit! (Photo by Unsplash+ \/ Getty Images)<\/p>\n\n\n\n<ul class=\"wp-block-list\">\n<li><a href=\"https:\/\/www.apfelpatient.de\/en\/news\/apple-plans-countermeasures-due-to-us-tariff-policy\">Apple plans countermeasures against US tariff policy<\/a><\/li>\n\n\n\n<li><a href=\"https:\/\/www.apfelpatient.de\/en\/news\/apple-under-pressure-five-strategies-against-tariffs\">Apple under pressure: Five strategies against tariffs<\/a><\/li>\n\n\n\n<li><a href=\"https:\/\/www.apfelpatient.de\/en\/news\/apple-under-pressure-supply-chain-suffers-from-trump-tariffs\">Apple under pressure: Supply chain suffers from Trump tariffs<\/a><\/li>\n\n\n\n<li><a href=\"https:\/\/www.apfelpatient.de\/en\/news\/apple-must-pay-a-150-million-euro-fine-in-france\">Apple must pay a 150 million euro fine in France<\/a><\/li>\n\n\n\n<li><a href=\"https:\/\/www.apfelpatient.de\/en\/news\/trade-conflict-eu-plans-tariffs-on-apple-and-meta\">Trade conflict: EU plans tariffs on Apple and Meta<\/a><\/li>\n\n\n\n<li><a href=\"https:\/\/www.apfelpatient.de\/en\/rumors\/apple-vs-spacex-satellite-conflict-becomes-political\">Apple vs. SpaceX: Satellite conflict becomes political<\/a><\/li>\n<\/ul>\n\n\n\n<h6 class=\"wp-block-heading translation-block\" id=\"h-kennt-ihr-schon-unsere-amazon-storefront-dort-findet-ihr-eine-handverlesene-auswahl-von-diversen-produkten-f-r-euer-iphone-und-co-viel-spa-beim-st-bern\"><em>Have you already visited our Amazon Storefront? There you&#039;ll find a hand-picked selection of various products for your iPhone and other devices \u2013 <span class=\"has-inline-color has-vivid-red-color\"><a href=\"https:\/\/www.amazon.de\/shop\/apfelpatientofficial\" class=\"ek-link\" data-wpel-link=\"exclude\" rel=\"follow noopener\" target=\"_self\"><span style=\"text-decoration: underline\" class=\"ek-underline\">enjoy browsing<\/span><\/a> !<\/span><\/em><\/h6>\n\n\n\n<h6 class=\"wp-block-heading translation-block\" id=\"h-der-beitrag-enthalt-partnerlinks\">This post contains <a data-type=\"URL\" data-id=\"https:\/\/www.apfelpatient.de\/partnerprogramm\" href=\"https:\/\/www.apfelpatient.de\/en\/partner-program\" data-wpel-link=\"internal\" target=\"_self\">affiliate links<\/a>.<\/h6>","protected":false},"excerpt":{"rendered":"<p>Q2\/2025 at Apple: New products face tariff risks. The figures will be released on May 1st \u2013 including possible clues to future strategy.<\/p>","protected":false},"author":2,"featured_media":53254,"comment_status":"closed","ping_status":"closed","sticky":false,"template":"","format":"standard","meta":{"jnews-multi-image_gallery":[],"jnews_single_post":{"format":"standard","override":[{"template":"2","parallax":"1","fullscreen":"1","layout":"right-sidebar","sidebar":"default-sidebar","second_sidebar":"default-sidebar","sticky_sidebar":"1","share_position":"top","share_float_style":"share-monocrhome","show_featured":"1","show_post_meta":"1","show_post_author":"1","show_post_author_image":"1","show_post_date":"1","post_date_format":"default","post_date_format_custom":"Y\/m\/d","show_post_category":"1","show_post_reading_time":"0","post_reading_time_wpm":"300","post_calculate_word_method":"str_word_count","show_zoom_button":"0","zoom_button_out_step":"2","zoom_button_in_step":"3","show_post_tag":"1","show_prev_next_post":"1","show_popup_post":"1","number_popup_post":"1","show_author_box":"0","show_post_related":"0","show_inline_post_related":"0"}],"image_override":[{"single_post_thumbnail_size":"crop-500","single_post_gallery_size":"crop-500"}],"trending_post_position":"meta","trending_post_label":"Trending","sponsored_post_label":"Sponsored by","disable_ad":"0"},"jnews_primary_category":{"id":"9"},"footnotes":""},"categories":[9],"tags":[61,13],"class_list":["post-53255","post","type-post","status-publish","format-standard","has-post-thumbnail","hentry","category-news","tag-quartalszahlen","tag-techpatient"],"yoast_head":"<!-- This site is optimized with the Yoast SEO Premium plugin v27.5 (Yoast SEO v27.5) - https:\/\/yoast.com\/product\/yoast-seo-premium-wordpress\/ -->\n<title>Q2\/2025: Apple zeigt am 1. Mai die Zahlen \u2013 und spricht \u00fcber Z\u00f6lle Apfelpatient<\/title>\n<meta name=\"description\" content=\"Q2\/2025 bei Apple: Neue Produkte treffen auf Zollrisiken. Am 1. Mai gibt\u2019s die Zahlen \u2013 inklusive m\u00f6glicher Hinweise zur k\u00fcnftigen Strategie.\" \/>\n<meta name=\"robots\" content=\"index, follow, max-snippet:-1, max-image-preview:large, max-video-preview:-1\" \/>\n<link rel=\"canonical\" href=\"https:\/\/www.apfelpatient.de\/en\/news\/q2-2025-apple-will-show-its-figures-on-may-1-and-talk-about-tariffs\" \/>\n<meta property=\"og:locale\" content=\"en_US\" \/>\n<meta property=\"og:type\" content=\"article\" \/>\n<meta property=\"og:title\" content=\"Q2\/2025: Apple zeigt am 1. Mai die Zahlen \u2013 und spricht \u00fcber Z\u00f6lle\" \/>\n<meta property=\"og:description\" content=\"Q2\/2025 bei Apple: Neue Produkte treffen auf Zollrisiken. Am 1. Mai gibt\u2019s die Zahlen \u2013 inklusive m\u00f6glicher Hinweise zur k\u00fcnftigen Strategie.\" \/>\n<meta property=\"og:url\" content=\"https:\/\/www.apfelpatient.de\/en\/news\/q2-2025-apple-will-show-its-figures-on-may-1-and-talk-about-tariffs\" \/>\n<meta property=\"og:site_name\" content=\"Apfelpatient\" \/>\n<meta property=\"article:publisher\" content=\"https:\/\/www.facebook.com\/apfelpatientOfficial\" \/>\n<meta property=\"article:author\" content=\"https:\/\/www.facebook.com\/apfelpatientOfficial\" \/>\n<meta property=\"article:published_time\" content=\"2025-04-07T13:51:56+00:00\" \/>\n<meta property=\"article:modified_time\" content=\"2025-04-07T13:52:51+00:00\" \/>\n<meta property=\"og:image\" content=\"https:\/\/www.apfelpatient.de\/wp-content\/uploads\/2025\/04\/getty-images-wNGzUFg1MY8-unsplash.jpg\" \/>\n\t<meta property=\"og:image:width\" content=\"1600\" \/>\n\t<meta property=\"og:image:height\" content=\"1068\" \/>\n\t<meta property=\"og:image:type\" content=\"image\/jpeg\" \/>\n<meta name=\"author\" content=\"Milan\" \/>\n<meta name=\"twitter:card\" content=\"summary_large_image\" \/>\n<meta name=\"twitter:description\" content=\"Q2\/2025 bei Apple: Neue Produkte treffen auf Zollrisiken. Am 1. Mai gibt\u2019s die Zahlen \u2013 inklusive m\u00f6glicher Hinweise zur k\u00fcnftigen Strategie.\" \/>\n<meta name=\"twitter:label1\" content=\"Written by\" \/>\n\t<meta name=\"twitter:data1\" content=\"Milan\" \/>\n\t<meta name=\"twitter:label2\" content=\"Est. reading time\" \/>\n\t<meta name=\"twitter:data2\" content=\"5 minutes\" \/>\n<script type=\"application\/ld+json\" class=\"yoast-schema-graph\">{\"@context\":\"https:\\\/\\\/schema.org\",\"@graph\":[{\"@type\":\"NewsArticle\",\"@id\":\"https:\\\/\\\/www.apfelpatient.de\\\/news\\\/q2-2025-apple-zeigt-am-1-mai-die-zahlen-und-spricht-ueber-zoelle#article\",\"isPartOf\":{\"@id\":\"https:\\\/\\\/www.apfelpatient.de\\\/news\\\/q2-2025-apple-zeigt-am-1-mai-die-zahlen-und-spricht-ueber-zoelle\"},\"author\":{\"@type\":\"Organization\",\"@id\":\"https:\\\/\\\/www.apfelpatient.de\\\/en\\\/#organization\",\"name\":\"Apfelpatient\",\"url\":\"https:\\\/\\\/www.apfelpatient.de\\\/en\\\/\"},\"headline\":\"Q2\\\/2025: Apple zeigt am 1. Mai die Zahlen \u2013 und spricht \u00fcber Z\u00f6lle\",\"datePublished\":\"2025-04-07T13:51:56+00:00\",\"dateModified\":\"2025-04-07T13:52:51+00:00\",\"mainEntityOfPage\":{\"@id\":\"https:\\\/\\\/www.apfelpatient.de\\\/news\\\/q2-2025-apple-zeigt-am-1-mai-die-zahlen-und-spricht-ueber-zoelle\"},\"wordCount\":789,\"publisher\":{\"@type\":\"Organization\",\"@id\":\"https:\\\/\\\/www.apfelpatient.de\\\/en\\\/#organization\",\"name\":\"Apfelpatient\",\"url\":\"https:\\\/\\\/www.apfelpatient.de\\\/en\\\/\"},\"image\":{\"@id\":\"https:\\\/\\\/www.apfelpatient.de\\\/news\\\/q2-2025-apple-zeigt-am-1-mai-die-zahlen-und-spricht-ueber-zoelle#primaryimage\"},\"thumbnailUrl\":\"https:\\\/\\\/www.apfelpatient.de\\\/wp-content\\\/uploads\\\/2025\\\/04\\\/getty-images-wNGzUFg1MY8-unsplash.jpg\",\"keywords\":[\"Quartalszahlen\",\"TechPatient\"],\"articleSection\":\"News\",\"inLanguage\":\"en-US\",\"copyrightYear\":\"2025\",\"copyrightHolder\":{\"@id\":\"https:\\\/\\\/www.apfelpatient.de\\\/en\\\/#organization\"}},{\"@type\":\"WebPage\",\"@id\":\"https:\\\/\\\/www.apfelpatient.de\\\/news\\\/q2-2025-apple-zeigt-am-1-mai-die-zahlen-und-spricht-ueber-zoelle\",\"url\":\"https:\\\/\\\/www.apfelpatient.de\\\/news\\\/q2-2025-apple-zeigt-am-1-mai-die-zahlen-und-spricht-ueber-zoelle\",\"name\":\"Q2\\\/2025: Apple zeigt am 1. Mai die Zahlen \u2013 und spricht \u00fcber Z\u00f6lle Apfelpatient\",\"isPartOf\":{\"@id\":\"https:\\\/\\\/www.apfelpatient.de\\\/#website\"},\"primaryImageOfPage\":{\"@id\":\"https:\\\/\\\/www.apfelpatient.de\\\/news\\\/q2-2025-apple-zeigt-am-1-mai-die-zahlen-und-spricht-ueber-zoelle#primaryimage\"},\"image\":{\"@id\":\"https:\\\/\\\/www.apfelpatient.de\\\/news\\\/q2-2025-apple-zeigt-am-1-mai-die-zahlen-und-spricht-ueber-zoelle#primaryimage\"},\"thumbnailUrl\":\"https:\\\/\\\/www.apfelpatient.de\\\/wp-content\\\/uploads\\\/2025\\\/04\\\/getty-images-wNGzUFg1MY8-unsplash.jpg\",\"datePublished\":\"2025-04-07T13:51:56+00:00\",\"dateModified\":\"2025-04-07T13:52:51+00:00\",\"description\":\"Q2\\\/2025 bei Apple: Neue Produkte treffen auf Zollrisiken. Am 1. Mai gibt\u2019s die Zahlen \u2013 inklusive m\u00f6glicher Hinweise zur k\u00fcnftigen Strategie.\",\"breadcrumb\":{\"@id\":\"https:\\\/\\\/www.apfelpatient.de\\\/news\\\/q2-2025-apple-zeigt-am-1-mai-die-zahlen-und-spricht-ueber-zoelle#breadcrumb\"},\"inLanguage\":\"en-US\",\"potentialAction\":[{\"@type\":\"ReadAction\",\"target\":[\"https:\\\/\\\/www.apfelpatient.de\\\/news\\\/q2-2025-apple-zeigt-am-1-mai-die-zahlen-und-spricht-ueber-zoelle\"]}]},{\"@type\":\"ImageObject\",\"inLanguage\":\"en-US\",\"@id\":\"https:\\\/\\\/www.apfelpatient.de\\\/news\\\/q2-2025-apple-zeigt-am-1-mai-die-zahlen-und-spricht-ueber-zoelle#primaryimage\",\"url\":\"https:\\\/\\\/www.apfelpatient.de\\\/wp-content\\\/uploads\\\/2025\\\/04\\\/getty-images-wNGzUFg1MY8-unsplash.jpg\",\"contentUrl\":\"https:\\\/\\\/www.apfelpatient.de\\\/wp-content\\\/uploads\\\/2025\\\/04\\\/getty-images-wNGzUFg1MY8-unsplash.jpg\",\"width\":1600,\"height\":1068,\"caption\":\"Photo by Unsplash+ \\\/ Getty Images\"},{\"@type\":\"BreadcrumbList\",\"@id\":\"https:\\\/\\\/www.apfelpatient.de\\\/news\\\/q2-2025-apple-zeigt-am-1-mai-die-zahlen-und-spricht-ueber-zoelle#breadcrumb\",\"itemListElement\":[{\"@type\":\"ListItem\",\"position\":1,\"name\":\"Startseite\",\"item\":\"https:\\\/\\\/www.apfelpatient.de\\\/\"},{\"@type\":\"ListItem\",\"position\":2,\"name\":\"Q2\\\/2025: Apple zeigt am 1. Mai die Zahlen \u2013 und spricht \u00fcber Z\u00f6lle\"}]},{\"@type\":\"WebSite\",\"@id\":\"https:\\\/\\\/www.apfelpatient.de\\\/#website\",\"url\":\"https:\\\/\\\/www.apfelpatient.de\\\/\",\"name\":\"Apfelpatient\",\"description\":\"Alles rund um Apple!\",\"publisher\":{\"@type\":\"Organization\",\"@id\":\"https:\\\/\\\/www.apfelpatient.de\\\/en\\\/#organization\",\"name\":\"Apfelpatient\",\"url\":\"https:\\\/\\\/www.apfelpatient.de\\\/en\\\/\"},\"alternateName\":\"Apfelpatient\",\"potentialAction\":[{\"@type\":\"SearchAction\",\"target\":{\"@type\":\"EntryPoint\",\"urlTemplate\":\"https:\\\/\\\/www.apfelpatient.de\\\/?s={search_term_string}\"},\"query-input\":{\"@type\":\"PropertyValueSpecification\",\"valueRequired\":true,\"valueName\":\"search_term_string\"}}],\"inLanguage\":\"en-US\"},{\"@type\":[\"Person\",\"Organization\"],\"@id\":\"https:\\\/\\\/www.apfelpatient.de\\\/#\\\/schema\\\/person\\\/7dc56ad6c8e9824b76d2c08d4c140e13\",\"name\":\"Milan\",\"logo\":{\"@id\":\"https:\\\/\\\/www.apfelpatient.de\\\/#\\\/schema\\\/person\\\/image\\\/\"},\"description\":\"Hallo und herzlich willkommen auf meinem Technik-Blog! Als gro\u00dfer Apple-Fan berichte ich hier \u00fcber alles, was mit Apple zu tun hat: von den neuesten News und spannenden Ger\u00fcchten \u00fcber hilfreiche Tipps und Tricks bis hin zu ausf\u00fchrlichen Produkttests. Wenn du genauso technikbegeistert bist wie ich, bist du hier genau richtig!\",\"sameAs\":[\"https:\\\/\\\/www.facebook.com\\\/apfelpatientOfficial\",\"https:\\\/\\\/www.linkedin.com\\\/in\\\/milan-jovicic-42aa0231b\"],\"url\":\"https:\\\/\\\/www.apfelpatient.de\\\/en\\\/author\\\/apfeladmin\"}]}<\/script>\n<!-- \/ Yoast SEO Premium plugin. -->","yoast_head_json":{"title":"Q2\/2025: Apple to present its figures on May 1 \u2013 and discuss tariffs","description":"Q2\/2025 at Apple: New products face tariff risks. The figures will be released on May 1st \u2013 including possible clues to future strategy.","robots":{"index":"index","follow":"follow","max-snippet":"max-snippet:-1","max-image-preview":"max-image-preview:large","max-video-preview":"max-video-preview:-1"},"canonical":"https:\/\/www.apfelpatient.de\/en\/news\/q2-2025-apple-will-show-its-figures-on-may-1-and-talk-about-tariffs","og_locale":"en_US","og_type":"article","og_title":"Q2\/2025: Apple zeigt am 1. Mai die Zahlen \u2013 und spricht \u00fcber Z\u00f6lle","og_description":"Q2\/2025 bei Apple: Neue Produkte treffen auf Zollrisiken. Am 1. Mai gibt\u2019s die Zahlen \u2013 inklusive m\u00f6glicher Hinweise zur k\u00fcnftigen Strategie.","og_url":"https:\/\/www.apfelpatient.de\/en\/news\/q2-2025-apple-will-show-its-figures-on-may-1-and-talk-about-tariffs","og_site_name":"Apfelpatient","article_publisher":"https:\/\/www.facebook.com\/apfelpatientOfficial","article_author":"https:\/\/www.facebook.com\/apfelpatientOfficial","article_published_time":"2025-04-07T13:51:56+00:00","article_modified_time":"2025-04-07T13:52:51+00:00","og_image":[{"width":1600,"height":1068,"url":"https:\/\/www.apfelpatient.de\/wp-content\/uploads\/2025\/04\/getty-images-wNGzUFg1MY8-unsplash.jpg","type":"image\/jpeg"}],"author":"Milan","twitter_card":"summary_large_image","twitter_description":"Q2\/2025 bei Apple: Neue Produkte treffen auf Zollrisiken. Am 1. Mai gibt\u2019s die Zahlen \u2013 inklusive m\u00f6glicher Hinweise zur k\u00fcnftigen Strategie.","twitter_misc":{"Written by":"Milan","Est. reading time":"5 minutes"},"schema":{"@context":"https:\/\/schema.org","@graph":[{"@type":"NewsArticle","@id":"https:\/\/www.apfelpatient.de\/news\/q2-2025-apple-zeigt-am-1-mai-die-zahlen-und-spricht-ueber-zoelle#article","isPartOf":{"@id":"https:\/\/www.apfelpatient.de\/news\/q2-2025-apple-zeigt-am-1-mai-die-zahlen-und-spricht-ueber-zoelle"},"author":{"@type":"Organization","@id":"https:\/\/www.apfelpatient.de\/en\/#organization","name":"Apfelpatient","url":"https:\/\/www.apfelpatient.de\/en\/"},"headline":"Q2\/2025: Apple zeigt am 1. Mai die Zahlen \u2013 und spricht \u00fcber Z\u00f6lle","datePublished":"2025-04-07T13:51:56+00:00","dateModified":"2025-04-07T13:52:51+00:00","mainEntityOfPage":{"@id":"https:\/\/www.apfelpatient.de\/news\/q2-2025-apple-zeigt-am-1-mai-die-zahlen-und-spricht-ueber-zoelle"},"wordCount":789,"publisher":{"@type":"Organization","@id":"https:\/\/www.apfelpatient.de\/en\/#organization","name":"Apfelpatient","url":"https:\/\/www.apfelpatient.de\/en\/"},"image":{"@id":"https:\/\/www.apfelpatient.de\/news\/q2-2025-apple-zeigt-am-1-mai-die-zahlen-und-spricht-ueber-zoelle#primaryimage"},"thumbnailUrl":"https:\/\/www.apfelpatient.de\/wp-content\/uploads\/2025\/04\/getty-images-wNGzUFg1MY8-unsplash.jpg","keywords":["Quartalszahlen","TechPatient"],"articleSection":"News","inLanguage":"en-US","copyrightYear":"2025","copyrightHolder":{"@id":"https:\/\/www.apfelpatient.de\/en\/#organization"}},{"@type":"WebPage","@id":"https:\/\/www.apfelpatient.de\/news\/q2-2025-apple-zeigt-am-1-mai-die-zahlen-und-spricht-ueber-zoelle","url":"https:\/\/www.apfelpatient.de\/news\/q2-2025-apple-zeigt-am-1-mai-die-zahlen-und-spricht-ueber-zoelle","name":"Q2\/2025: Apple to present its figures on May 1 \u2013 and discuss tariffs","isPartOf":{"@id":"https:\/\/www.apfelpatient.de\/#website"},"primaryImageOfPage":{"@id":"https:\/\/www.apfelpatient.de\/news\/q2-2025-apple-zeigt-am-1-mai-die-zahlen-und-spricht-ueber-zoelle#primaryimage"},"image":{"@id":"https:\/\/www.apfelpatient.de\/news\/q2-2025-apple-zeigt-am-1-mai-die-zahlen-und-spricht-ueber-zoelle#primaryimage"},"thumbnailUrl":"https:\/\/www.apfelpatient.de\/wp-content\/uploads\/2025\/04\/getty-images-wNGzUFg1MY8-unsplash.jpg","datePublished":"2025-04-07T13:51:56+00:00","dateModified":"2025-04-07T13:52:51+00:00","description":"Q2\/2025 at Apple: New products face tariff risks. The figures will be released on May 1st \u2013 including possible clues to future strategy.","breadcrumb":{"@id":"https:\/\/www.apfelpatient.de\/news\/q2-2025-apple-zeigt-am-1-mai-die-zahlen-und-spricht-ueber-zoelle#breadcrumb"},"inLanguage":"en-US","potentialAction":[{"@type":"ReadAction","target":["https:\/\/www.apfelpatient.de\/news\/q2-2025-apple-zeigt-am-1-mai-die-zahlen-und-spricht-ueber-zoelle"]}]},{"@type":"ImageObject","inLanguage":"en-US","@id":"https:\/\/www.apfelpatient.de\/news\/q2-2025-apple-zeigt-am-1-mai-die-zahlen-und-spricht-ueber-zoelle#primaryimage","url":"https:\/\/www.apfelpatient.de\/wp-content\/uploads\/2025\/04\/getty-images-wNGzUFg1MY8-unsplash.jpg","contentUrl":"https:\/\/www.apfelpatient.de\/wp-content\/uploads\/2025\/04\/getty-images-wNGzUFg1MY8-unsplash.jpg","width":1600,"height":1068,"caption":"Photo by Unsplash+ \/ Getty Images"},{"@type":"BreadcrumbList","@id":"https:\/\/www.apfelpatient.de\/news\/q2-2025-apple-zeigt-am-1-mai-die-zahlen-und-spricht-ueber-zoelle#breadcrumb","itemListElement":[{"@type":"ListItem","position":1,"name":"Startseite","item":"https:\/\/www.apfelpatient.de\/"},{"@type":"ListItem","position":2,"name":"Q2\/2025: Apple zeigt am 1. Mai die Zahlen \u2013 und spricht \u00fcber Z\u00f6lle"}]},{"@type":"WebSite","@id":"https:\/\/www.apfelpatient.de\/#website","url":"https:\/\/www.apfelpatient.de\/","name":"apple patient","description":"Everything about Apple!","publisher":{"@type":"Organization","@id":"https:\/\/www.apfelpatient.de\/en\/#organization","name":"Apfelpatient","url":"https:\/\/www.apfelpatient.de\/en\/"},"alternateName":"Apfelpatient","potentialAction":[{"@type":"SearchAction","target":{"@type":"EntryPoint","urlTemplate":"https:\/\/www.apfelpatient.de\/?s={search_term_string}"},"query-input":{"@type":"PropertyValueSpecification","valueRequired":true,"valueName":"search_term_string"}}],"inLanguage":"en-US"},{"@type":["Person","Organization"],"@id":"https:\/\/www.apfelpatient.de\/#\/schema\/person\/7dc56ad6c8e9824b76d2c08d4c140e13","name":"Milan","logo":{"@id":"https:\/\/www.apfelpatient.de\/#\/schema\/person\/image\/"},"description":"Hello and welcome to my technology blog! As a big Apple fan, I report on everything to do with Apple: from the latest news and exciting rumors to helpful tips and tricks and detailed product tests. If you are as enthusiastic about technology as I am, you have come to the right place!","sameAs":["https:\/\/www.facebook.com\/apfelpatientOfficial","https:\/\/www.linkedin.com\/in\/milan-jovicic-42aa0231b"],"url":"https:\/\/www.apfelpatient.de\/en\/author\/apfeladmin"}]}},"_links":{"self":[{"href":"https:\/\/www.apfelpatient.de\/en\/wp-json\/wp\/v2\/posts\/53255","targetHints":{"allow":["GET"]}}],"collection":[{"href":"https:\/\/www.apfelpatient.de\/en\/wp-json\/wp\/v2\/posts"}],"about":[{"href":"https:\/\/www.apfelpatient.de\/en\/wp-json\/wp\/v2\/types\/post"}],"author":[{"embeddable":true,"href":"https:\/\/www.apfelpatient.de\/en\/wp-json\/wp\/v2\/users\/2"}],"replies":[{"embeddable":true,"href":"https:\/\/www.apfelpatient.de\/en\/wp-json\/wp\/v2\/comments?post=53255"}],"version-history":[{"count":0,"href":"https:\/\/www.apfelpatient.de\/en\/wp-json\/wp\/v2\/posts\/53255\/revisions"}],"wp:featuredmedia":[{"embeddable":true,"href":"https:\/\/www.apfelpatient.de\/en\/wp-json\/wp\/v2\/media\/53254"}],"wp:attachment":[{"href":"https:\/\/www.apfelpatient.de\/en\/wp-json\/wp\/v2\/media?parent=53255"}],"wp:term":[{"taxonomy":"category","embeddable":true,"href":"https:\/\/www.apfelpatient.de\/en\/wp-json\/wp\/v2\/categories?post=53255"},{"taxonomy":"post_tag","embeddable":true,"href":"https:\/\/www.apfelpatient.de\/en\/wp-json\/wp\/v2\/tags?post=53255"}],"curies":[{"name":"wp","href":"https:\/\/api.w.org\/{rel}","templated":true}]}}