{"id":53242,"date":"2025-04-06T16:54:28","date_gmt":"2025-04-06T14:54:28","guid":{"rendered":"https:\/\/www.apfelpatient.de\/?p=53242"},"modified":"2025-04-06T16:54:53","modified_gmt":"2025-04-06T14:54:53","slug":"apple-plans-countermeasures-due-to-us-tariff-policy","status":"publish","type":"post","link":"https:\/\/www.apfelpatient.de\/en\/news\/apple-plant-gegenmassnahmen-wegen-us-zollpolitik","title":{"rendered":"Apple plans countermeasures against US tariff policy"},"content":{"rendered":"<p class=\"has-drop-cap\"><strong>Apple is facing a major challenge. The US government is planning to impose high import tariffs on goods from numerous countries \u2013 and this could prove costly for Apple. Because the company&#039;s products are manufactured almost exclusively abroad, Apple is particularly affected. A report by Bloomberg reporter Mark Gurman shows how the company could try to mitigate the impact.<\/strong><\/p>\n\n\n\n<p>Last week, the Trump administration announced a far-reaching tariff plan. It affects imports from almost all countries outside the US \u2013 sometimes with drastic surcharges. This poses a real problem for Apple, as a large portion of its production takes place in China, India, and Vietnam. Apple shares reacted immediately, falling by around ten percent. Gurman has compiled several approaches Apple could use to minimize the impact of these tariffs. These include supply chains, pricing, and political contacts.<\/p>\n\n\n\n<h4 class=\"wp-block-heading\" id=\"h-was-die-neuen-zolle-bedeuten\">What the new tariffs mean<\/h4>\n\n\n\n<p>The planned tariffs are scheduled to take effect on Wednesday, April 9. They include the following surcharges:<\/p>\n\n\n\n<ul class=\"wp-block-list\">\n<li>China: 54 percent<\/li>\n\n\n\n<li>India: 26 percent<\/li>\n\n\n\n<li>Vietnam: 46 percent<\/li>\n<\/ul>\n\n\n\n<p>Other countries are also affected, some with even higher tariffs. For a company like Apple, which relies heavily on international production, this means enormous additional costs.<\/p>\n\n\n\n<p>For example, since the iPhone X in 2017, the starting price of the more expensive iPhone models has been $999 in the US. Apple hasn&#039;t changed that so far. Many other devices have also seen little price change in recent years. The new tariffs could change that.<\/p>\n\n\n\n<h4 class=\"wp-block-heading\" id=\"h-was-apple-tun-will-um-gegenzusteuern\">What Apple wants to do to counteract this<\/h4>\n\n\n\n<p>Apple is apparently not sitting idly by. According to Gurman, there are a number of measures that are either already underway or planned.<\/p>\n\n\n\n<ul class=\"wp-block-list\">\n<li>First, Apple is putting pressure on suppliers and manufacturers to offer lower prices. The goal is to offset increased import costs with lower manufacturing costs.<\/li>\n\n\n\n<li>Second, Apple might be willing to cover some of the additional costs itself. The company&#039;s average profit margin is around 45 percent. This theoretically provides some buffer to absorb higher costs in the short term without immediately raising prices.<\/li>\n\n\n\n<li>Third, short-term price adjustments cannot be ruled out. For example, Apple could slightly increase the price of certain models or selectively reduce discounts to cushion losses. According to Gurman, the company is currently in &quot;valuation mode.&quot;<\/li>\n\n\n\n<li>Fourth, Apple plans to further diversify its supply chain. Specifically, this means moving away from China and toward other production countries. India and Vietnam are potential candidates, but they are also affected by tariffs \u2013 albeit somewhat less severely. According to current estimates, manufacturing in the US is not under discussion.<\/li>\n<\/ul>\n\n\n\n<h4 class=\"wp-block-heading\" id=\"h-lagerbestande-als-kurzfristiger-puffer\">Inventories as a short-term buffer<\/h4>\n\n\n\n<p>Another point: Apple has massively increased its inventory in the US in recent months. Products already in the country are not affected by the new tariffs. This allows Apple to sell devices at current prices for a while longer \u2013 possibly until the next iPhone launch in September. The downside to this tactic: If Apple does raise prices later, it could be more noticeable \u2013 especially if new devices are introduced at the same time. Gurman notes that Apple doesn&#039;t want to give the impression that price increases are the most important innovation in the next product generation (via <a href=\"https:\/\/www.bloomberg.com\/news\/newsletters\/2025-04-06\/will-apple-raise-iphone-prices-in-the-us-after-trump-tariffs-iphone-17-details?cmpid=BBD040625_POWERON&amp;utm_medium=email&amp;utm_source=newsletter&amp;utm_term=250406&amp;utm_campaign=poweron\" target=\"_blank\" rel=\"noreferrer noopener\">Bloomberg<\/a>).<\/p>\n\n\n\n<h4 class=\"wp-block-heading\" id=\"h-verhandlungen-im-hintergrund\">Negotiations in the background<\/h4>\n\n\n\n<p>Tim Cook has actively advocated for exemptions in the past \u2013 and not without success. Apple could attempt to use political means to obtain special regulations this time as well. This hasn&#039;t been officially confirmed, but it&#039;s not ruled out either.<\/p>\n\n\n\n<ul class=\"wp-block-list\">\n<li><a href=\"https:\/\/www.apfelpatient.de\/en\/news\/apple-benefits-from-us-chip-deal-between-tsmc-and-intel\">Apple benefits from US chip deal between TSMC &amp; Intel<\/a><\/li>\n<\/ul>\n\n\n\n<h3 class=\"wp-block-heading\" id=\"h-wie-apple-auf-die-zollkrise-reagiert\">How Apple is responding to the tariff crisis<\/h3>\n\n\n\n<p>Apple is under pressure. The new US tariffs pose a real risk to the company&#039;s pricing structure and margins. At the same time, however, the company has also demonstrated that it has prepared several strategies to minimize the impact. These include negotiations with suppliers, temporary pricing strategies, supply chain diversification, and the targeted buildup of inventory in the US. What this means for you as a buyer: In the short term, prices are likely to remain stable, at least for products already in the country. How the situation develops in the medium term depends on how successful Apple is with its measures \u2013 and whether political negotiations might still bring about a turnaround. (Photo by Unsplash \/ Artem Horovenko)<\/p>\n\n\n\n<ul class=\"wp-block-list\">\n<li><a href=\"https:\/\/www.apfelpatient.de\/en\/news\/apple-under-pressure-five-strategies-against-tariffs\">Apple under pressure: Five strategies against tariffs<\/a><\/li>\n\n\n\n<li><a href=\"https:\/\/www.apfelpatient.de\/en\/news\/apple-under-pressure-supply-chain-suffers-from-trump-tariffs\">Apple under pressure: Supply chain suffers from Trump tariffs<\/a><\/li>\n\n\n\n<li><a href=\"https:\/\/www.apfelpatient.de\/en\/news\/apple-must-pay-a-150-million-euro-fine-in-france\">Apple must pay a 150 million euro fine in France<\/a><\/li>\n\n\n\n<li><a href=\"https:\/\/www.apfelpatient.de\/en\/news\/trade-conflict-eu-plans-tariffs-on-apple-and-meta\">Trade conflict: EU plans tariffs on Apple and Meta<\/a><\/li>\n\n\n\n<li><a href=\"https:\/\/www.apfelpatient.de\/en\/rumors\/apple-vs-spacex-satellite-conflict-becomes-political\">Apple vs. SpaceX: Satellite conflict becomes political<\/a><\/li>\n<\/ul>\n\n\n\n<h6 class=\"wp-block-heading translation-block\" id=\"h-kennt-ihr-schon-unsere-amazon-storefront-dort-findet-ihr-eine-handverlesene-auswahl-von-diversen-produkten-f-r-euer-iphone-und-co-viel-spa-beim-st-bern\"><em>Have you already visited our Amazon Storefront? There you&#039;ll find a hand-picked selection of various products for your iPhone and other devices \u2013 <span class=\"has-inline-color has-vivid-red-color\"><a href=\"https:\/\/www.amazon.de\/shop\/apfelpatientofficial\" class=\"ek-link\" data-wpel-link=\"exclude\" rel=\"follow noopener\" target=\"_self\"><span style=\"text-decoration: underline\" class=\"ek-underline\">enjoy browsing<\/span><\/a> !<\/span><\/em><\/h6>\n\n\n\n<h6 class=\"wp-block-heading translation-block\" id=\"h-der-beitrag-enthalt-partnerlinks\">This post contains <a data-type=\"URL\" data-id=\"https:\/\/www.apfelpatient.de\/partnerprogramm\" href=\"https:\/\/www.apfelpatient.de\/en\/partner-program\" data-wpel-link=\"internal\" target=\"_self\">affiliate links<\/a>.<\/h6>","protected":false},"excerpt":{"rendered":"<p>US tariff policy is putting Apple under pressure. Find out what measures the company is planning and whether prices will rise in this report.<\/p>","protected":false},"author":2,"featured_media":53241,"comment_status":"closed","ping_status":"closed","sticky":false,"template":"","format":"standard","meta":{"jnews-multi-image_gallery":[],"jnews_single_post":{"format":"standard","override":[{"template":"2","parallax":"1","fullscreen":"1","layout":"right-sidebar","sidebar":"default-sidebar","second_sidebar":"default-sidebar","sticky_sidebar":"1","share_position":"top","share_float_style":"share-monocrhome","show_featured":"1","show_post_meta":"1","show_post_author":"1","show_post_author_image":"1","show_post_date":"1","post_date_format":"default","post_date_format_custom":"Y\/m\/d","show_post_category":"1","show_post_reading_time":"0","post_reading_time_wpm":"300","post_calculate_word_method":"str_word_count","show_zoom_button":"0","zoom_button_out_step":"2","zoom_button_in_step":"3","show_post_tag":"1","show_prev_next_post":"1","show_popup_post":"1","number_popup_post":"1","show_author_box":"0","show_post_related":"0","show_inline_post_related":"0"}],"image_override":[{"single_post_thumbnail_size":"crop-500","single_post_gallery_size":"crop-500"}],"trending_post_position":"meta","trending_post_label":"Trending","sponsored_post_label":"Sponsored by","disable_ad":"0"},"jnews_primary_category":{"id":"9"},"footnotes":""},"categories":[9],"tags":[13],"class_list":["post-53242","post","type-post","status-publish","format-standard","has-post-thumbnail","hentry","category-news","tag-techpatient"],"yoast_head":"<!-- This site is optimized with the Yoast SEO Premium plugin v27.5 (Yoast SEO v27.5) - https:\/\/yoast.com\/product\/yoast-seo-premium-wordpress\/ -->\n<title>Apple plant Gegenma\u00dfnahmen wegen US-Zollpolitik Apfelpatient<\/title>\n<meta name=\"description\" content=\"Die US-Zollpolitik bringt Apple in Bedr\u00e4ngnis. Welche Ma\u00dfnahmen das Unternehmen plant und ob Preise steigen, erf\u00e4hrst du in diesem Bericht.\" \/>\n<meta name=\"robots\" content=\"index, follow, max-snippet:-1, max-image-preview:large, max-video-preview:-1\" \/>\n<link rel=\"canonical\" href=\"https:\/\/www.apfelpatient.de\/en\/news\/apple-plans-countermeasures-due-to-us-tariff-policy\" \/>\n<meta property=\"og:locale\" content=\"en_US\" \/>\n<meta property=\"og:type\" content=\"article\" \/>\n<meta property=\"og:title\" content=\"Apple plant Gegenma\u00dfnahmen wegen US-Zollpolitik\" \/>\n<meta property=\"og:description\" content=\"Die US-Zollpolitik bringt Apple in Bedr\u00e4ngnis. Welche Ma\u00dfnahmen das Unternehmen plant und ob Preise steigen, erf\u00e4hrst du in diesem Bericht.\" \/>\n<meta property=\"og:url\" content=\"https:\/\/www.apfelpatient.de\/en\/news\/apple-plans-countermeasures-due-to-us-tariff-policy\" \/>\n<meta property=\"og:site_name\" content=\"Apfelpatient\" \/>\n<meta property=\"article:publisher\" content=\"https:\/\/www.facebook.com\/apfelpatientOfficial\" \/>\n<meta property=\"article:author\" content=\"https:\/\/www.facebook.com\/apfelpatientOfficial\" \/>\n<meta property=\"article:published_time\" content=\"2025-04-06T14:54:28+00:00\" \/>\n<meta property=\"article:modified_time\" content=\"2025-04-06T14:54:53+00:00\" \/>\n<meta property=\"og:image\" content=\"https:\/\/www.apfelpatient.de\/wp-content\/uploads\/2025\/04\/artem-horovenko-JOGyHOXgMEo-unsplash.jpg\" \/>\n\t<meta property=\"og:image:width\" content=\"1600\" \/>\n\t<meta property=\"og:image:height\" content=\"900\" \/>\n\t<meta property=\"og:image:type\" content=\"image\/jpeg\" \/>\n<meta name=\"author\" content=\"Milan\" \/>\n<meta name=\"twitter:card\" content=\"summary_large_image\" \/>\n<meta name=\"twitter:description\" content=\"Die US-Zollpolitik bringt Apple in Bedr\u00e4ngnis. Welche Ma\u00dfnahmen das Unternehmen plant und ob Preise steigen, erf\u00e4hrst du in diesem Bericht.\" \/>\n<meta name=\"twitter:label1\" content=\"Written by\" \/>\n\t<meta name=\"twitter:data1\" content=\"Milan\" \/>\n\t<meta name=\"twitter:label2\" content=\"Est. reading time\" \/>\n\t<meta name=\"twitter:data2\" content=\"5 minutes\" \/>\n<script type=\"application\/ld+json\" class=\"yoast-schema-graph\">{\"@context\":\"https:\\\/\\\/schema.org\",\"@graph\":[{\"@type\":\"NewsArticle\",\"@id\":\"https:\\\/\\\/www.apfelpatient.de\\\/news\\\/apple-plant-gegenmassnahmen-wegen-us-zollpolitik#article\",\"isPartOf\":{\"@id\":\"https:\\\/\\\/www.apfelpatient.de\\\/news\\\/apple-plant-gegenmassnahmen-wegen-us-zollpolitik\"},\"author\":{\"@type\":\"Organization\",\"@id\":\"https:\\\/\\\/www.apfelpatient.de\\\/en\\\/#organization\",\"name\":\"Apfelpatient\",\"url\":\"https:\\\/\\\/www.apfelpatient.de\\\/en\\\/\"},\"headline\":\"Apple plant Gegenma\u00dfnahmen wegen US-Zollpolitik\",\"datePublished\":\"2025-04-06T14:54:28+00:00\",\"dateModified\":\"2025-04-06T14:54:53+00:00\",\"mainEntityOfPage\":{\"@id\":\"https:\\\/\\\/www.apfelpatient.de\\\/news\\\/apple-plant-gegenmassnahmen-wegen-us-zollpolitik\"},\"wordCount\":776,\"publisher\":{\"@type\":\"Organization\",\"@id\":\"https:\\\/\\\/www.apfelpatient.de\\\/en\\\/#organization\",\"name\":\"Apfelpatient\",\"url\":\"https:\\\/\\\/www.apfelpatient.de\\\/en\\\/\"},\"image\":{\"@id\":\"https:\\\/\\\/www.apfelpatient.de\\\/news\\\/apple-plant-gegenmassnahmen-wegen-us-zollpolitik#primaryimage\"},\"thumbnailUrl\":\"https:\\\/\\\/www.apfelpatient.de\\\/wp-content\\\/uploads\\\/2025\\\/04\\\/artem-horovenko-JOGyHOXgMEo-unsplash.jpg\",\"keywords\":[\"TechPatient\"],\"articleSection\":\"News\",\"inLanguage\":\"en-US\",\"copyrightYear\":\"2025\",\"copyrightHolder\":{\"@id\":\"https:\\\/\\\/www.apfelpatient.de\\\/en\\\/#organization\"}},{\"@type\":\"WebPage\",\"@id\":\"https:\\\/\\\/www.apfelpatient.de\\\/news\\\/apple-plant-gegenmassnahmen-wegen-us-zollpolitik\",\"url\":\"https:\\\/\\\/www.apfelpatient.de\\\/news\\\/apple-plant-gegenmassnahmen-wegen-us-zollpolitik\",\"name\":\"Apple plant Gegenma\u00dfnahmen wegen US-Zollpolitik Apfelpatient\",\"isPartOf\":{\"@id\":\"https:\\\/\\\/www.apfelpatient.de\\\/#website\"},\"primaryImageOfPage\":{\"@id\":\"https:\\\/\\\/www.apfelpatient.de\\\/news\\\/apple-plant-gegenmassnahmen-wegen-us-zollpolitik#primaryimage\"},\"image\":{\"@id\":\"https:\\\/\\\/www.apfelpatient.de\\\/news\\\/apple-plant-gegenmassnahmen-wegen-us-zollpolitik#primaryimage\"},\"thumbnailUrl\":\"https:\\\/\\\/www.apfelpatient.de\\\/wp-content\\\/uploads\\\/2025\\\/04\\\/artem-horovenko-JOGyHOXgMEo-unsplash.jpg\",\"datePublished\":\"2025-04-06T14:54:28+00:00\",\"dateModified\":\"2025-04-06T14:54:53+00:00\",\"description\":\"Die US-Zollpolitik bringt Apple in Bedr\u00e4ngnis. Welche Ma\u00dfnahmen das Unternehmen plant und ob Preise steigen, erf\u00e4hrst du in diesem Bericht.\",\"breadcrumb\":{\"@id\":\"https:\\\/\\\/www.apfelpatient.de\\\/news\\\/apple-plant-gegenmassnahmen-wegen-us-zollpolitik#breadcrumb\"},\"inLanguage\":\"en-US\",\"potentialAction\":[{\"@type\":\"ReadAction\",\"target\":[\"https:\\\/\\\/www.apfelpatient.de\\\/news\\\/apple-plant-gegenmassnahmen-wegen-us-zollpolitik\"]}]},{\"@type\":\"ImageObject\",\"inLanguage\":\"en-US\",\"@id\":\"https:\\\/\\\/www.apfelpatient.de\\\/news\\\/apple-plant-gegenmassnahmen-wegen-us-zollpolitik#primaryimage\",\"url\":\"https:\\\/\\\/www.apfelpatient.de\\\/wp-content\\\/uploads\\\/2025\\\/04\\\/artem-horovenko-JOGyHOXgMEo-unsplash.jpg\",\"contentUrl\":\"https:\\\/\\\/www.apfelpatient.de\\\/wp-content\\\/uploads\\\/2025\\\/04\\\/artem-horovenko-JOGyHOXgMEo-unsplash.jpg\",\"width\":1600,\"height\":900,\"caption\":\"Photo by Unsplash \\\/ Artem Horovenko\"},{\"@type\":\"BreadcrumbList\",\"@id\":\"https:\\\/\\\/www.apfelpatient.de\\\/news\\\/apple-plant-gegenmassnahmen-wegen-us-zollpolitik#breadcrumb\",\"itemListElement\":[{\"@type\":\"ListItem\",\"position\":1,\"name\":\"Startseite\",\"item\":\"https:\\\/\\\/www.apfelpatient.de\\\/\"},{\"@type\":\"ListItem\",\"position\":2,\"name\":\"Apple plant Gegenma\u00dfnahmen wegen US-Zollpolitik\"}]},{\"@type\":\"WebSite\",\"@id\":\"https:\\\/\\\/www.apfelpatient.de\\\/#website\",\"url\":\"https:\\\/\\\/www.apfelpatient.de\\\/\",\"name\":\"Apfelpatient\",\"description\":\"Alles rund um Apple!\",\"publisher\":{\"@type\":\"Organization\",\"@id\":\"https:\\\/\\\/www.apfelpatient.de\\\/en\\\/#organization\",\"name\":\"Apfelpatient\",\"url\":\"https:\\\/\\\/www.apfelpatient.de\\\/en\\\/\"},\"alternateName\":\"Apfelpatient\",\"potentialAction\":[{\"@type\":\"SearchAction\",\"target\":{\"@type\":\"EntryPoint\",\"urlTemplate\":\"https:\\\/\\\/www.apfelpatient.de\\\/?s={search_term_string}\"},\"query-input\":{\"@type\":\"PropertyValueSpecification\",\"valueRequired\":true,\"valueName\":\"search_term_string\"}}],\"inLanguage\":\"en-US\"},{\"@type\":[\"Person\",\"Organization\"],\"@id\":\"https:\\\/\\\/www.apfelpatient.de\\\/#\\\/schema\\\/person\\\/7dc56ad6c8e9824b76d2c08d4c140e13\",\"name\":\"Milan\",\"logo\":{\"@id\":\"https:\\\/\\\/www.apfelpatient.de\\\/#\\\/schema\\\/person\\\/image\\\/\"},\"description\":\"Hallo und herzlich willkommen auf meinem Technik-Blog! Als gro\u00dfer Apple-Fan berichte ich hier \u00fcber alles, was mit Apple zu tun hat: von den neuesten News und spannenden Ger\u00fcchten \u00fcber hilfreiche Tipps und Tricks bis hin zu ausf\u00fchrlichen Produkttests. Wenn du genauso technikbegeistert bist wie ich, bist du hier genau richtig!\",\"sameAs\":[\"https:\\\/\\\/www.facebook.com\\\/apfelpatientOfficial\",\"https:\\\/\\\/www.linkedin.com\\\/in\\\/milan-jovicic-42aa0231b\"],\"url\":\"https:\\\/\\\/www.apfelpatient.de\\\/en\\\/author\\\/apfeladmin\"}]}<\/script>\n<!-- \/ Yoast SEO Premium plugin. -->","yoast_head_json":{"title":"Apple plans countermeasures due to US tariff policy","description":"US tariff policy is putting Apple under pressure. Find out what measures the company is planning and whether prices will rise in this report.","robots":{"index":"index","follow":"follow","max-snippet":"max-snippet:-1","max-image-preview":"max-image-preview:large","max-video-preview":"max-video-preview:-1"},"canonical":"https:\/\/www.apfelpatient.de\/en\/news\/apple-plans-countermeasures-due-to-us-tariff-policy","og_locale":"en_US","og_type":"article","og_title":"Apple plant Gegenma\u00dfnahmen wegen US-Zollpolitik","og_description":"Die US-Zollpolitik bringt Apple in Bedr\u00e4ngnis. Welche Ma\u00dfnahmen das Unternehmen plant und ob Preise steigen, erf\u00e4hrst du in diesem Bericht.","og_url":"https:\/\/www.apfelpatient.de\/en\/news\/apple-plans-countermeasures-due-to-us-tariff-policy","og_site_name":"Apfelpatient","article_publisher":"https:\/\/www.facebook.com\/apfelpatientOfficial","article_author":"https:\/\/www.facebook.com\/apfelpatientOfficial","article_published_time":"2025-04-06T14:54:28+00:00","article_modified_time":"2025-04-06T14:54:53+00:00","og_image":[{"width":1600,"height":900,"url":"https:\/\/www.apfelpatient.de\/wp-content\/uploads\/2025\/04\/artem-horovenko-JOGyHOXgMEo-unsplash.jpg","type":"image\/jpeg"}],"author":"Milan","twitter_card":"summary_large_image","twitter_description":"Die US-Zollpolitik bringt Apple in Bedr\u00e4ngnis. Welche Ma\u00dfnahmen das Unternehmen plant und ob Preise steigen, erf\u00e4hrst du in diesem Bericht.","twitter_misc":{"Written by":"Milan","Est. reading time":"5 minutes"},"schema":{"@context":"https:\/\/schema.org","@graph":[{"@type":"NewsArticle","@id":"https:\/\/www.apfelpatient.de\/news\/apple-plant-gegenmassnahmen-wegen-us-zollpolitik#article","isPartOf":{"@id":"https:\/\/www.apfelpatient.de\/news\/apple-plant-gegenmassnahmen-wegen-us-zollpolitik"},"author":{"@type":"Organization","@id":"https:\/\/www.apfelpatient.de\/en\/#organization","name":"Apfelpatient","url":"https:\/\/www.apfelpatient.de\/en\/"},"headline":"Apple plant Gegenma\u00dfnahmen wegen US-Zollpolitik","datePublished":"2025-04-06T14:54:28+00:00","dateModified":"2025-04-06T14:54:53+00:00","mainEntityOfPage":{"@id":"https:\/\/www.apfelpatient.de\/news\/apple-plant-gegenmassnahmen-wegen-us-zollpolitik"},"wordCount":776,"publisher":{"@type":"Organization","@id":"https:\/\/www.apfelpatient.de\/en\/#organization","name":"Apfelpatient","url":"https:\/\/www.apfelpatient.de\/en\/"},"image":{"@id":"https:\/\/www.apfelpatient.de\/news\/apple-plant-gegenmassnahmen-wegen-us-zollpolitik#primaryimage"},"thumbnailUrl":"https:\/\/www.apfelpatient.de\/wp-content\/uploads\/2025\/04\/artem-horovenko-JOGyHOXgMEo-unsplash.jpg","keywords":["TechPatient"],"articleSection":"News","inLanguage":"en-US","copyrightYear":"2025","copyrightHolder":{"@id":"https:\/\/www.apfelpatient.de\/en\/#organization"}},{"@type":"WebPage","@id":"https:\/\/www.apfelpatient.de\/news\/apple-plant-gegenmassnahmen-wegen-us-zollpolitik","url":"https:\/\/www.apfelpatient.de\/news\/apple-plant-gegenmassnahmen-wegen-us-zollpolitik","name":"Apple plans countermeasures due to US tariff policy","isPartOf":{"@id":"https:\/\/www.apfelpatient.de\/#website"},"primaryImageOfPage":{"@id":"https:\/\/www.apfelpatient.de\/news\/apple-plant-gegenmassnahmen-wegen-us-zollpolitik#primaryimage"},"image":{"@id":"https:\/\/www.apfelpatient.de\/news\/apple-plant-gegenmassnahmen-wegen-us-zollpolitik#primaryimage"},"thumbnailUrl":"https:\/\/www.apfelpatient.de\/wp-content\/uploads\/2025\/04\/artem-horovenko-JOGyHOXgMEo-unsplash.jpg","datePublished":"2025-04-06T14:54:28+00:00","dateModified":"2025-04-06T14:54:53+00:00","description":"US tariff policy is putting Apple under pressure. Find out what measures the company is planning and whether prices will rise in this report.","breadcrumb":{"@id":"https:\/\/www.apfelpatient.de\/news\/apple-plant-gegenmassnahmen-wegen-us-zollpolitik#breadcrumb"},"inLanguage":"en-US","potentialAction":[{"@type":"ReadAction","target":["https:\/\/www.apfelpatient.de\/news\/apple-plant-gegenmassnahmen-wegen-us-zollpolitik"]}]},{"@type":"ImageObject","inLanguage":"en-US","@id":"https:\/\/www.apfelpatient.de\/news\/apple-plant-gegenmassnahmen-wegen-us-zollpolitik#primaryimage","url":"https:\/\/www.apfelpatient.de\/wp-content\/uploads\/2025\/04\/artem-horovenko-JOGyHOXgMEo-unsplash.jpg","contentUrl":"https:\/\/www.apfelpatient.de\/wp-content\/uploads\/2025\/04\/artem-horovenko-JOGyHOXgMEo-unsplash.jpg","width":1600,"height":900,"caption":"Photo by Unsplash \/ Artem Horovenko"},{"@type":"BreadcrumbList","@id":"https:\/\/www.apfelpatient.de\/news\/apple-plant-gegenmassnahmen-wegen-us-zollpolitik#breadcrumb","itemListElement":[{"@type":"ListItem","position":1,"name":"Startseite","item":"https:\/\/www.apfelpatient.de\/"},{"@type":"ListItem","position":2,"name":"Apple plant Gegenma\u00dfnahmen wegen US-Zollpolitik"}]},{"@type":"WebSite","@id":"https:\/\/www.apfelpatient.de\/#website","url":"https:\/\/www.apfelpatient.de\/","name":"apple patient","description":"Everything about Apple!","publisher":{"@type":"Organization","@id":"https:\/\/www.apfelpatient.de\/en\/#organization","name":"Apfelpatient","url":"https:\/\/www.apfelpatient.de\/en\/"},"alternateName":"Apfelpatient","potentialAction":[{"@type":"SearchAction","target":{"@type":"EntryPoint","urlTemplate":"https:\/\/www.apfelpatient.de\/?s={search_term_string}"},"query-input":{"@type":"PropertyValueSpecification","valueRequired":true,"valueName":"search_term_string"}}],"inLanguage":"en-US"},{"@type":["Person","Organization"],"@id":"https:\/\/www.apfelpatient.de\/#\/schema\/person\/7dc56ad6c8e9824b76d2c08d4c140e13","name":"Milan","logo":{"@id":"https:\/\/www.apfelpatient.de\/#\/schema\/person\/image\/"},"description":"Hello and welcome to my technology blog! As a big Apple fan, I report on everything to do with Apple: from the latest news and exciting rumors to helpful tips and tricks and detailed product tests. If you are as enthusiastic about technology as I am, you have come to the right place!","sameAs":["https:\/\/www.facebook.com\/apfelpatientOfficial","https:\/\/www.linkedin.com\/in\/milan-jovicic-42aa0231b"],"url":"https:\/\/www.apfelpatient.de\/en\/author\/apfeladmin"}]}},"_links":{"self":[{"href":"https:\/\/www.apfelpatient.de\/en\/wp-json\/wp\/v2\/posts\/53242","targetHints":{"allow":["GET"]}}],"collection":[{"href":"https:\/\/www.apfelpatient.de\/en\/wp-json\/wp\/v2\/posts"}],"about":[{"href":"https:\/\/www.apfelpatient.de\/en\/wp-json\/wp\/v2\/types\/post"}],"author":[{"embeddable":true,"href":"https:\/\/www.apfelpatient.de\/en\/wp-json\/wp\/v2\/users\/2"}],"replies":[{"embeddable":true,"href":"https:\/\/www.apfelpatient.de\/en\/wp-json\/wp\/v2\/comments?post=53242"}],"version-history":[{"count":0,"href":"https:\/\/www.apfelpatient.de\/en\/wp-json\/wp\/v2\/posts\/53242\/revisions"}],"wp:featuredmedia":[{"embeddable":true,"href":"https:\/\/www.apfelpatient.de\/en\/wp-json\/wp\/v2\/media\/53241"}],"wp:attachment":[{"href":"https:\/\/www.apfelpatient.de\/en\/wp-json\/wp\/v2\/media?parent=53242"}],"wp:term":[{"taxonomy":"category","embeddable":true,"href":"https:\/\/www.apfelpatient.de\/en\/wp-json\/wp\/v2\/categories?post=53242"},{"taxonomy":"post_tag","embeddable":true,"href":"https:\/\/www.apfelpatient.de\/en\/wp-json\/wp\/v2\/tags?post=53242"}],"curies":[{"name":"wp","href":"https:\/\/api.w.org\/{rel}","templated":true}]}}