{"id":53150,"date":"2025-04-01T17:19:53","date_gmt":"2025-04-01T15:19:53","guid":{"rendered":"https:\/\/www.apfelpatient.de\/?p=53150"},"modified":"2025-10-14T15:59:48","modified_gmt":"2025-10-14T13:59:48","slug":"apple-tv-these-are-the-series-highlights-in-april-2025","status":"publish","type":"post","link":"https:\/\/www.apfelpatient.de\/en\/allgemein\/apple-tv-das-sind-die-serien-highlights-im-april-2025","title":{"rendered":"Apple TV+: These are the series highlights in April 2025"},"content":{"rendered":"<p class=\"has-drop-cap\"><strong>Apple TV+ remains on course for success in April. Those looking for challenging series, unusual comedies, or high-quality family entertainment will find plenty to enjoy this month. New releases and sequels cover a variety of genres \u2013 from drama and surrealism to environmentally conscious children&#039;s series.<\/strong><\/p>\n\n\n\n<p>The streaming service Apple TV+ continues to focus on quality over quantity. With familiar faces, fresh ideas, and strong productions, the offerings will be meaningfully expanded in April. This month&#039;s highlights include a new drama series starring Jon Hamm, a surreal family comedy with David Oyelowo, sequels to popular children&#039;s series, and a French historical series. Those who already subscribe to Apple TV+ can look forward to a diverse week. If you&#039;re still considering it, here are some good reasons to get started.<\/p>\n\n\n\n<h4 class=\"wp-block-heading\" id=\"h-your-friends-amp-neighbors-start-11-april\">Your Friends &amp; Neighbors \u2013 Starts: April 11th<\/h4>\n\n\n\n<figure class=\"wp-block-image size-large\"><img decoding=\"async\" width=\"1024\" height=\"683\" src=\"https:\/\/www.apfelpatient.de\/wp-content\/uploads\/2024\/12\/Your_Friends_Neighbors_Photo_010101-1024x683.jpg\" alt=\"Your Friends &amp; Neighbors\" class=\"wp-image-48633\" srcset=\"https:\/\/www.apfelpatient.de\/wp-content\/uploads\/2024\/12\/Your_Friends_Neighbors_Photo_010101-1024x683.jpg 1024w, https:\/\/www.apfelpatient.de\/wp-content\/uploads\/2024\/12\/Your_Friends_Neighbors_Photo_010101-300x200.jpg 300w, https:\/\/www.apfelpatient.de\/wp-content\/uploads\/2024\/12\/Your_Friends_Neighbors_Photo_010101-768x512.jpg 768w, https:\/\/www.apfelpatient.de\/wp-content\/uploads\/2024\/12\/Your_Friends_Neighbors_Photo_010101-1536x1024.jpg 1536w, https:\/\/www.apfelpatient.de\/wp-content\/uploads\/2024\/12\/Your_Friends_Neighbors_Photo_010101-750x500.jpg 750w, https:\/\/www.apfelpatient.de\/wp-content\/uploads\/2024\/12\/Your_Friends_Neighbors_Photo_010101-1140x760.jpg 1140w, https:\/\/www.apfelpatient.de\/wp-content\/uploads\/2024\/12\/Your_Friends_Neighbors_Photo_010101.jpg 1600w\" sizes=\"(max-width: 1024px) 100vw, 1024px\" \/><figcaption class=\"wp-element-caption\">Image: Apple<\/figcaption><\/figure>\n\n\n\n<p>In this new drama series, Jon Hamm plays a hedge fund manager who has fallen from grace \u2013 both professionally and personally. After a divorce and the loss of his social status, he begins robbing the homes of his wealthy neighbors in the fictional Westmont Village. What initially appears to be a desperate attempt to regain control of his life quickly turns dangerous. Dark secrets, affairs, and intrigue lurk behind the clean-cut facades of suburbia. The series boasts high-quality production, a strong cast, and has already been confirmed for a second season before its official premiere.<\/p>\n\n\n\n<h4 class=\"wp-block-heading\" id=\"h-government-cheese-start-16-april\">Government Cheese \u2013 Launch: April 16th<\/h4>\n\n\n\n<figure class=\"wp-block-image size-large\"><img decoding=\"async\" width=\"1024\" height=\"683\" src=\"https:\/\/www.apfelpatient.de\/wp-content\/uploads\/2024\/12\/Government_Cheese_Photo_011001-1024x683.jpg\" alt=\"Government Cheese\" class=\"wp-image-48634\" srcset=\"https:\/\/www.apfelpatient.de\/wp-content\/uploads\/2024\/12\/Government_Cheese_Photo_011001-1024x683.jpg 1024w, https:\/\/www.apfelpatient.de\/wp-content\/uploads\/2024\/12\/Government_Cheese_Photo_011001-300x200.jpg 300w, https:\/\/www.apfelpatient.de\/wp-content\/uploads\/2024\/12\/Government_Cheese_Photo_011001-768x512.jpg 768w, https:\/\/www.apfelpatient.de\/wp-content\/uploads\/2024\/12\/Government_Cheese_Photo_011001-1536x1024.jpg 1536w, https:\/\/www.apfelpatient.de\/wp-content\/uploads\/2024\/12\/Government_Cheese_Photo_011001-750x500.jpg 750w, https:\/\/www.apfelpatient.de\/wp-content\/uploads\/2024\/12\/Government_Cheese_Photo_011001-1140x760.jpg 1140w, https:\/\/www.apfelpatient.de\/wp-content\/uploads\/2024\/12\/Government_Cheese_Photo_011001.jpg 1600w\" sizes=\"(max-width: 1024px) 100vw, 1024px\" \/><figcaption class=\"wp-element-caption\">Image: Apple<\/figcaption><\/figure>\n\n\n\n<p>This comedy series is anything but ordinary. Set in 1969 in the San Fernando Valley, Government Cheese revolves around the Chambers family. Hampton Chambers, played by David Oyelowo, returns home after years in prison. But his family has changed. His wife, Astoria, and their two sons, Einstein and Harrison, have built their own, somewhat chaotic lives during his absence. Hampton&#039;s return shakes things up. The series combines surrealism with social commentary and humor \u2013 setting it apart from other comedy formats.<\/p>\n\n\n\n<h4 class=\"wp-block-heading\" id=\"h-jane-staffel-3-start-18-april\">Jane \u2013 Season 3 \u2013 Start: April 18<\/h4>\n\n\n\n<figure class=\"wp-block-image size-large\"><img decoding=\"async\" width=\"1024\" height=\"508\" src=\"https:\/\/www.apfelpatient.de\/wp-content\/uploads\/2025\/03\/Jane_Photo_020505-1024x508.jpg\" alt=\"\" class=\"wp-image-52800\" srcset=\"https:\/\/www.apfelpatient.de\/wp-content\/uploads\/2025\/03\/Jane_Photo_020505-1024x508.jpg 1024w, https:\/\/www.apfelpatient.de\/wp-content\/uploads\/2025\/03\/Jane_Photo_020505-300x149.jpg 300w, https:\/\/www.apfelpatient.de\/wp-content\/uploads\/2025\/03\/Jane_Photo_020505-768x381.jpg 768w, https:\/\/www.apfelpatient.de\/wp-content\/uploads\/2025\/03\/Jane_Photo_020505-1536x762.jpg 1536w, https:\/\/www.apfelpatient.de\/wp-content\/uploads\/2025\/03\/Jane_Photo_020505-18x9.jpg 18w, https:\/\/www.apfelpatient.de\/wp-content\/uploads\/2025\/03\/Jane_Photo_020505-360x180.jpg 360w, https:\/\/www.apfelpatient.de\/wp-content\/uploads\/2025\/03\/Jane_Photo_020505-750x372.jpg 750w, https:\/\/www.apfelpatient.de\/wp-content\/uploads\/2025\/03\/Jane_Photo_020505-1140x566.jpg 1140w, https:\/\/www.apfelpatient.de\/wp-content\/uploads\/2025\/03\/Jane_Photo_020505.jpg 1600w\" sizes=\"(max-width: 1024px) 100vw, 1024px\" \/><figcaption class=\"wp-element-caption\">Image: Apple<\/figcaption><\/figure>\n\n\n\n<p>Jane is back \u2013 and on the road again to protect endangered species. The series is aimed at children and families and follows nine-year-old Jane, who embarks on an adventure with the help of her imagination and her friends. She is accompanied by the chimpanzee Greybeard and her friend David. The series is based on the ideas of renowned behavioral scientist Jane Goodall and conveys environmental awareness in a child-friendly way. The conservation of nature remains the focus of season 3.<\/p>\n\n\n\n<h4 class=\"wp-block-heading\" id=\"h-wondla-staffel-2-start-25-april\">WondLa \u2013 Season 2 \u2013 Start: April 25<\/h4>\n\n\n\n<figure class=\"wp-block-image size-large\"><img decoding=\"async\" width=\"1024\" height=\"576\" src=\"https:\/\/www.apfelpatient.de\/wp-content\/uploads\/2025\/03\/WondLa_Photo_010701-1024x576.jpg\" alt=\"\" class=\"wp-image-53148\" srcset=\"https:\/\/www.apfelpatient.de\/wp-content\/uploads\/2025\/03\/WondLa_Photo_010701-1024x576.jpg 1024w, https:\/\/www.apfelpatient.de\/wp-content\/uploads\/2025\/03\/WondLa_Photo_010701-300x169.jpg 300w, https:\/\/www.apfelpatient.de\/wp-content\/uploads\/2025\/03\/WondLa_Photo_010701-768x432.jpg 768w, https:\/\/www.apfelpatient.de\/wp-content\/uploads\/2025\/03\/WondLa_Photo_010701-1536x864.jpg 1536w, https:\/\/www.apfelpatient.de\/wp-content\/uploads\/2025\/03\/WondLa_Photo_010701-18x10.jpg 18w, https:\/\/www.apfelpatient.de\/wp-content\/uploads\/2025\/03\/WondLa_Photo_010701-750x422.jpg 750w, https:\/\/www.apfelpatient.de\/wp-content\/uploads\/2025\/03\/WondLa_Photo_010701-1140x641.jpg 1140w, https:\/\/www.apfelpatient.de\/wp-content\/uploads\/2025\/03\/WondLa_Photo_010701.jpg 1600w\" sizes=\"(max-width: 1024px) 100vw, 1024px\" \/><figcaption class=\"wp-element-caption\">Image: Apple<\/figcaption><\/figure>\n\n\n\n<p>In the second season of WondLa, Eva&#039;s journey continues. After escaping from the underground bunker, she continues to explore the new world on the surface \u2013 a planet no longer called Earth, but Orbona. The environment is filled with extraterrestrial life. Returning are the giant water bear Otto, with whom Eva can communicate telepathically, the headstrong alien Rovender, and the robot Muthr, who raised her. WondLa remains a mix of science fiction, adventure, and coming-of-age in its second season.<\/p>\n\n\n\n<h4 class=\"wp-block-heading\" id=\"h-careme-start-30-april\">Car\u00eame \u2013 Start: April 30<\/h4>\n\n\n\n<figure class=\"wp-block-image size-large\"><img decoding=\"async\" width=\"1024\" height=\"681\" src=\"https:\/\/www.apfelpatient.de\/wp-content\/uploads\/2025\/03\/Careme_Photo_010601-1024x681.jpg\" alt=\"\" class=\"wp-image-52801\" srcset=\"https:\/\/www.apfelpatient.de\/wp-content\/uploads\/2025\/03\/Careme_Photo_010601-1024x681.jpg 1024w, https:\/\/www.apfelpatient.de\/wp-content\/uploads\/2025\/03\/Careme_Photo_010601-300x200.jpg 300w, https:\/\/www.apfelpatient.de\/wp-content\/uploads\/2025\/03\/Careme_Photo_010601-768x511.jpg 768w, https:\/\/www.apfelpatient.de\/wp-content\/uploads\/2025\/03\/Careme_Photo_010601-1536x1021.jpg 1536w, https:\/\/www.apfelpatient.de\/wp-content\/uploads\/2025\/03\/Careme_Photo_010601-18x12.jpg 18w, https:\/\/www.apfelpatient.de\/wp-content\/uploads\/2025\/03\/Careme_Photo_010601-750x499.jpg 750w, https:\/\/www.apfelpatient.de\/wp-content\/uploads\/2025\/03\/Careme_Photo_010601-1140x758.jpg 1140w, https:\/\/www.apfelpatient.de\/wp-content\/uploads\/2025\/03\/Careme_Photo_010601.jpg 1600w\" sizes=\"(max-width: 1024px) 100vw, 1024px\" \/><figcaption class=\"wp-element-caption\">Image: Apple<\/figcaption><\/figure>\n\n\n\n<p>Apple TV+ is launching Car\u00eame, a French historical drama. It centers on Antonin Car\u00eame, considered the world&#039;s first celebrity chef. He grows up in poverty and, thanks to his talent, rises to the highest levels of European renown. But his rise does not go unnoticed \u2013 politicians try to harness him for political gain. Car\u00eame must decide whether to pursue his dream or sacrifice everything: his love, his values, perhaps even his life. The series depicts life in Europe during the Napoleonic era, combining culinary delights with power games and intrigue.<\/p>\n\n\n\n<h4 class=\"wp-block-heading\" id=\"h-apple-tv-abo-preis-und-verfugbarkeit\">Apple TV+ subscription: price and availability<\/h4>\n\n\n\n<p>Apple TV+ costs \u20ac9.99 per month. You can access the service via the Apple TV app on iPhone, iPad, Mac, Vision Pro, Android devices, smart TVs, and other platforms. In addition to the April releases, you&#039;ll also find well-known series like Ted Lasso, Severance, The Morning Show, Silo, and Shrinking. New customers often get a free trial, which is worth it for a first look.<\/p>\n\n\n\n<ul class=\"wp-block-list\">\n<li><a href=\"https:\/\/www.apfelpatient.de\/en\/generally\/apple-tv-these-are-the-highlights-in-spring-2025\">Apple TV+: These are the highlights for spring 2025<\/a><\/li>\n<\/ul>\n\n\n\n<h3 class=\"wp-block-heading\" id=\"h-apple-tv-uberzeugt-im-april-auf-ganzer-linie\">Apple TV+ impresses across the board in April<\/h3>\n\n\n\n<p class=\"translation-block\">In April, Apple TV+ once again demonstrates why the service is one of the best streaming platforms when it comes to quality and originality. From dark dramas to offbeat comedies to strong children&#039;s and youth series \u2013 the offerings are diverse and of a high standard. If you haven&#039;t tried Apple TV+ yet, April could be just the right time. The best accessories in one place: Our <a href=\"https:\/\/www.amazon.de\/shop\/apfelpatientofficial\" target=\"_blank\" rel=\"noreferrer noopener follow\" data-wpel-link=\"exclude\">Amazon Storefront<\/a> offers you top products, including for your HomeKit! (Photo by Vladimka \/ Bigstockphoto)<\/p>\n\n\n\n<ul class=\"wp-block-list\">\n<li><a href=\"https:\/\/www.apfelpatient.de\/en\/news\/severance-season-3-confirmed-apple-tv-continues-series\">Severance Season 3 Confirmed: Apple TV+ Continues Series<\/a><\/li>\n\n\n\n<li><a href=\"https:\/\/www.apfelpatient.de\/en\/news\/ted-lasso-season-4-confirms-all-information-about-the-sequel\">Ted Lasso Season 4 confirmed: All information about the sequel<\/a><\/li>\n\n\n\n<li><a href=\"https:\/\/www.apfelpatient.de\/en\/rumors\/apple-tv-makes-losses-but-apple-remains-relaxed\">Apple TV+ makes losses \u2013 but Apple remains relaxed<\/a><\/li>\n\n\n\n<li><a href=\"https:\/\/www.apfelpatient.de\/en\/news\/metallica-on-apple-vision-pro-a-concert-like-never-before\">Metallica on Apple Vision Pro \u2013 A concert like never before<\/a><\/li>\n\n\n\n<li><a href=\"https:\/\/www.apfelpatient.de\/en\/news\/severance-breaks-records-most-successful-series-on-apple-tv\">Severance breaks records: Most successful series on Apple TV+<\/a><\/li>\n\n\n\n<li><a href=\"https:\/\/www.apfelpatient.de\/en\/generally\/apple-tv-in-march-2025-all-new-series-films-at-a-glance\">Apple TV+ in March 2025: All new series &amp; films at a glance<\/a><\/li>\n<\/ul>\n\n\n\n<h6 class=\"wp-block-heading translation-block\" id=\"h-kennt-ihr-schon-unsere-amazon-storefront-dort-findet-ihr-eine-handverlesene-auswahl-von-diversen-produkten-f-r-euer-iphone-und-co-viel-spa-beim-st-bern\"><em>Have you already visited our Amazon Storefront? There you&#039;ll find a hand-picked selection of various products for your iPhone and other devices \u2013 <span class=\"has-inline-color has-vivid-red-color\"><a href=\"https:\/\/www.amazon.de\/shop\/apfelpatientofficial\" class=\"ek-link\" data-wpel-link=\"exclude\" rel=\"follow noopener\" target=\"_self\"><span style=\"text-decoration: underline\" class=\"ek-underline\">enjoy browsing<\/span><\/a> !<\/span><\/em><\/h6>\n\n\n\n<h6 class=\"wp-block-heading translation-block\" id=\"h-der-beitrag-enthalt-partnerlinks\">This post contains <a data-type=\"URL\" data-id=\"https:\/\/www.apfelpatient.de\/partnerprogramm\" href=\"https:\/\/www.apfelpatient.de\/en\/partner-program\" data-wpel-link=\"internal\" target=\"_self\">affiliate links<\/a>.<\/h6>","protected":false},"excerpt":{"rendered":"<p>Apple TV+ kicks off April with strong series: new dramas, quirky comedies, children&#039;s formats and a French historical drama included. <\/p>","protected":false},"author":2,"featured_media":53149,"comment_status":"closed","ping_status":"closed","sticky":false,"template":"","format":"standard","meta":{"jnews-multi-image_gallery":[],"jnews_single_post":{"format":"standard","override":[{"template":"2","parallax":"1","fullscreen":"1","layout":"right-sidebar","sidebar":"default-sidebar","second_sidebar":"default-sidebar","sticky_sidebar":"1","share_position":"top","share_float_style":"share-monocrhome","show_featured":"1","show_post_meta":"1","show_post_author":"1","show_post_author_image":"1","show_post_date":"1","post_date_format":"default","post_date_format_custom":"Y\/m\/d","show_post_category":"1","show_post_reading_time":"0","post_reading_time_wpm":"300","post_calculate_word_method":"str_word_count","show_zoom_button":"0","zoom_button_out_step":"2","zoom_button_in_step":"3","show_post_tag":"1","show_prev_next_post":"1","show_popup_post":"1","number_popup_post":"1","show_author_box":"0","show_post_related":"0","show_inline_post_related":"0"}],"image_override":[{"single_post_thumbnail_size":"crop-500","single_post_gallery_size":"crop-500"}],"trending_post_position":"meta","trending_post_label":"Trending","sponsored_post_label":"Sponsored by","disable_ad":"0"},"jnews_primary_category":{"id":"2"},"footnotes":""},"categories":[2],"tags":[34,156,248],"class_list":["post-53150","post","type-post","status-publish","format-standard","has-post-thumbnail","hentry","category-allgemein","tag-apple-dienste","tag-apple-tv","tag-apple-tv-plus"],"yoast_head":"<!-- This site is optimized with the Yoast SEO Premium plugin v27.5 (Yoast SEO v27.5) - https:\/\/yoast.com\/product\/yoast-seo-premium-wordpress\/ -->\n<title>Apple TV+: Das sind die Serien-Highlights im April 2025 Apfelpatient<\/title>\n<meta name=\"description\" content=\"Apple TV+ startet mit starken Serien in den April: neue Dramen, schr\u00e4ge Comedy, Kinderformate &amp; ein franz\u00f6sisches Historiendrama inklusive.\" \/>\n<meta name=\"robots\" content=\"index, follow, max-snippet:-1, max-image-preview:large, max-video-preview:-1\" \/>\n<link rel=\"canonical\" href=\"https:\/\/www.apfelpatient.de\/en\/generally\/apple-tv-these-are-the-series-highlights-in-april-2025\" \/>\n<meta property=\"og:locale\" content=\"en_US\" \/>\n<meta property=\"og:type\" content=\"article\" \/>\n<meta property=\"og:title\" content=\"Apple TV+: Das sind die Serien-Highlights im April 2025\" \/>\n<meta property=\"og:description\" content=\"Apple TV+ startet mit starken Serien in den April: neue Dramen, schr\u00e4ge Comedy, Kinderformate &amp; ein franz\u00f6sisches Historiendrama inklusive.\" \/>\n<meta property=\"og:url\" content=\"https:\/\/www.apfelpatient.de\/en\/generally\/apple-tv-these-are-the-series-highlights-in-april-2025\" \/>\n<meta property=\"og:site_name\" content=\"Apfelpatient\" \/>\n<meta property=\"article:publisher\" content=\"https:\/\/www.facebook.com\/apfelpatientOfficial\" \/>\n<meta property=\"article:author\" content=\"https:\/\/www.facebook.com\/apfelpatientOfficial\" \/>\n<meta property=\"article:published_time\" content=\"2025-04-01T15:19:53+00:00\" \/>\n<meta property=\"article:modified_time\" content=\"2025-10-14T13:59:48+00:00\" \/>\n<meta property=\"og:image\" content=\"https:\/\/www.apfelpatient.de\/wp-content\/uploads\/2025\/03\/bigstock-Close-Up-Mans-Hand-Holding-A-M-401980730.jpg\" \/>\n\t<meta property=\"og:image:width\" content=\"1600\" \/>\n\t<meta property=\"og:image:height\" content=\"1067\" \/>\n\t<meta property=\"og:image:type\" content=\"image\/jpeg\" \/>\n<meta name=\"author\" content=\"Milan\" \/>\n<meta name=\"twitter:card\" content=\"summary_large_image\" \/>\n<meta name=\"twitter:description\" content=\"Apple TV+ startet mit starken Serien in den April: neue Dramen, schr\u00e4ge Comedy, Kinderformate &amp; ein franz\u00f6sisches Historiendrama inklusive.\" \/>\n<meta name=\"twitter:label1\" content=\"Written by\" \/>\n\t<meta name=\"twitter:data1\" content=\"Milan\" \/>\n\t<meta name=\"twitter:label2\" content=\"Est. reading time\" \/>\n\t<meta name=\"twitter:data2\" content=\"17 minutes\" \/>\n<script type=\"application\/ld+json\" class=\"yoast-schema-graph\">{\"@context\":\"https:\\\/\\\/schema.org\",\"@graph\":[{\"@type\":\"NewsArticle\",\"@id\":\"https:\\\/\\\/www.apfelpatient.de\\\/allgemein\\\/apple-tv-das-sind-die-serien-highlights-im-april-2025#article\",\"isPartOf\":{\"@id\":\"https:\\\/\\\/www.apfelpatient.de\\\/allgemein\\\/apple-tv-das-sind-die-serien-highlights-im-april-2025\"},\"author\":{\"@type\":\"Organization\",\"@id\":\"https:\\\/\\\/www.apfelpatient.de\\\/en\\\/#organization\",\"name\":\"Apfelpatient\",\"url\":\"https:\\\/\\\/www.apfelpatient.de\\\/en\\\/\"},\"headline\":\"Apple TV+: Das sind die Serien-Highlights im April 2025\",\"datePublished\":\"2025-04-01T15:19:53+00:00\",\"dateModified\":\"2025-10-14T13:59:48+00:00\",\"mainEntityOfPage\":{\"@id\":\"https:\\\/\\\/www.apfelpatient.de\\\/allgemein\\\/apple-tv-das-sind-die-serien-highlights-im-april-2025\"},\"wordCount\":838,\"publisher\":{\"@type\":\"Organization\",\"@id\":\"https:\\\/\\\/www.apfelpatient.de\\\/en\\\/#organization\",\"name\":\"Apfelpatient\",\"url\":\"https:\\\/\\\/www.apfelpatient.de\\\/en\\\/\"},\"image\":{\"@id\":\"https:\\\/\\\/www.apfelpatient.de\\\/allgemein\\\/apple-tv-das-sind-die-serien-highlights-im-april-2025#primaryimage\"},\"thumbnailUrl\":\"https:\\\/\\\/www.apfelpatient.de\\\/wp-content\\\/uploads\\\/2025\\\/03\\\/bigstock-Close-Up-Mans-Hand-Holding-A-M-401980730.jpg\",\"keywords\":[\"Apple Dienste\",\"Apple TV\",\"Apple TV Plus\"],\"articleSection\":\"Allgemein\",\"inLanguage\":\"en-US\",\"copyrightYear\":\"2025\",\"copyrightHolder\":{\"@id\":\"https:\\\/\\\/www.apfelpatient.de\\\/en\\\/#organization\"}},{\"@type\":\"WebPage\",\"@id\":\"https:\\\/\\\/www.apfelpatient.de\\\/allgemein\\\/apple-tv-das-sind-die-serien-highlights-im-april-2025\",\"url\":\"https:\\\/\\\/www.apfelpatient.de\\\/allgemein\\\/apple-tv-das-sind-die-serien-highlights-im-april-2025\",\"name\":\"Apple TV+: Das sind die Serien-Highlights im April 2025 Apfelpatient\",\"isPartOf\":{\"@id\":\"https:\\\/\\\/www.apfelpatient.de\\\/#website\"},\"primaryImageOfPage\":{\"@id\":\"https:\\\/\\\/www.apfelpatient.de\\\/allgemein\\\/apple-tv-das-sind-die-serien-highlights-im-april-2025#primaryimage\"},\"image\":{\"@id\":\"https:\\\/\\\/www.apfelpatient.de\\\/allgemein\\\/apple-tv-das-sind-die-serien-highlights-im-april-2025#primaryimage\"},\"thumbnailUrl\":\"https:\\\/\\\/www.apfelpatient.de\\\/wp-content\\\/uploads\\\/2025\\\/03\\\/bigstock-Close-Up-Mans-Hand-Holding-A-M-401980730.jpg\",\"datePublished\":\"2025-04-01T15:19:53+00:00\",\"dateModified\":\"2025-10-14T13:59:48+00:00\",\"description\":\"Apple TV+ startet mit starken Serien in den April: neue Dramen, schr\u00e4ge Comedy, Kinderformate & ein franz\u00f6sisches Historiendrama inklusive.\",\"breadcrumb\":{\"@id\":\"https:\\\/\\\/www.apfelpatient.de\\\/allgemein\\\/apple-tv-das-sind-die-serien-highlights-im-april-2025#breadcrumb\"},\"inLanguage\":\"en-US\",\"potentialAction\":[{\"@type\":\"ReadAction\",\"target\":[\"https:\\\/\\\/www.apfelpatient.de\\\/allgemein\\\/apple-tv-das-sind-die-serien-highlights-im-april-2025\"]}]},{\"@type\":\"ImageObject\",\"inLanguage\":\"en-US\",\"@id\":\"https:\\\/\\\/www.apfelpatient.de\\\/allgemein\\\/apple-tv-das-sind-die-serien-highlights-im-april-2025#primaryimage\",\"url\":\"https:\\\/\\\/www.apfelpatient.de\\\/wp-content\\\/uploads\\\/2025\\\/03\\\/bigstock-Close-Up-Mans-Hand-Holding-A-M-401980730.jpg\",\"contentUrl\":\"https:\\\/\\\/www.apfelpatient.de\\\/wp-content\\\/uploads\\\/2025\\\/03\\\/bigstock-Close-Up-Mans-Hand-Holding-A-M-401980730.jpg\",\"width\":1600,\"height\":1067,\"caption\":\"Photo by Vladimka \\\/ Bigstockphoto\"},{\"@type\":\"BreadcrumbList\",\"@id\":\"https:\\\/\\\/www.apfelpatient.de\\\/allgemein\\\/apple-tv-das-sind-die-serien-highlights-im-april-2025#breadcrumb\",\"itemListElement\":[{\"@type\":\"ListItem\",\"position\":1,\"name\":\"Startseite\",\"item\":\"https:\\\/\\\/www.apfelpatient.de\\\/\"},{\"@type\":\"ListItem\",\"position\":2,\"name\":\"Apple TV+: Das sind die Serien-Highlights im April 2025\"}]},{\"@type\":\"WebSite\",\"@id\":\"https:\\\/\\\/www.apfelpatient.de\\\/#website\",\"url\":\"https:\\\/\\\/www.apfelpatient.de\\\/\",\"name\":\"Apfelpatient\",\"description\":\"Alles rund um Apple!\",\"publisher\":{\"@type\":\"Organization\",\"@id\":\"https:\\\/\\\/www.apfelpatient.de\\\/en\\\/#organization\",\"name\":\"Apfelpatient\",\"url\":\"https:\\\/\\\/www.apfelpatient.de\\\/en\\\/\"},\"alternateName\":\"Apfelpatient\",\"potentialAction\":[{\"@type\":\"SearchAction\",\"target\":{\"@type\":\"EntryPoint\",\"urlTemplate\":\"https:\\\/\\\/www.apfelpatient.de\\\/?s={search_term_string}\"},\"query-input\":{\"@type\":\"PropertyValueSpecification\",\"valueRequired\":true,\"valueName\":\"search_term_string\"}}],\"inLanguage\":\"en-US\"},{\"@type\":[\"Person\",\"Organization\"],\"@id\":\"https:\\\/\\\/www.apfelpatient.de\\\/#\\\/schema\\\/person\\\/7dc56ad6c8e9824b76d2c08d4c140e13\",\"name\":\"Milan\",\"logo\":{\"@id\":\"https:\\\/\\\/www.apfelpatient.de\\\/#\\\/schema\\\/person\\\/image\\\/\"},\"description\":\"Hallo und herzlich willkommen auf meinem Technik-Blog! Als gro\u00dfer Apple-Fan berichte ich hier \u00fcber alles, was mit Apple zu tun hat: von den neuesten News und spannenden Ger\u00fcchten \u00fcber hilfreiche Tipps und Tricks bis hin zu ausf\u00fchrlichen Produkttests. Wenn du genauso technikbegeistert bist wie ich, bist du hier genau richtig!\",\"sameAs\":[\"https:\\\/\\\/www.facebook.com\\\/apfelpatientOfficial\",\"https:\\\/\\\/www.linkedin.com\\\/in\\\/milan-jovicic-42aa0231b\"],\"url\":\"https:\\\/\\\/www.apfelpatient.de\\\/en\\\/author\\\/apfeladmin\"}]}<\/script>\n<!-- \/ Yoast SEO Premium plugin. -->","yoast_head_json":{"title":"Apple TV+: These are the series highlights in April 2025 Apfelpatient","description":"Apple TV+ starts April with strong series: new dramas, quirky comedies, children&#039;s formats &amp; a French historical drama included.","robots":{"index":"index","follow":"follow","max-snippet":"max-snippet:-1","max-image-preview":"max-image-preview:large","max-video-preview":"max-video-preview:-1"},"canonical":"https:\/\/www.apfelpatient.de\/en\/generally\/apple-tv-these-are-the-series-highlights-in-april-2025","og_locale":"en_US","og_type":"article","og_title":"Apple TV+: Das sind die Serien-Highlights im April 2025","og_description":"Apple TV+ startet mit starken Serien in den April: neue Dramen, schr\u00e4ge Comedy, Kinderformate & ein franz\u00f6sisches Historiendrama inklusive.","og_url":"https:\/\/www.apfelpatient.de\/en\/generally\/apple-tv-these-are-the-series-highlights-in-april-2025","og_site_name":"Apfelpatient","article_publisher":"https:\/\/www.facebook.com\/apfelpatientOfficial","article_author":"https:\/\/www.facebook.com\/apfelpatientOfficial","article_published_time":"2025-04-01T15:19:53+00:00","article_modified_time":"2025-10-14T13:59:48+00:00","og_image":[{"width":1600,"height":1067,"url":"https:\/\/www.apfelpatient.de\/wp-content\/uploads\/2025\/03\/bigstock-Close-Up-Mans-Hand-Holding-A-M-401980730.jpg","type":"image\/jpeg"}],"author":"Milan","twitter_card":"summary_large_image","twitter_description":"Apple TV+ startet mit starken Serien in den April: neue Dramen, schr\u00e4ge Comedy, Kinderformate & ein franz\u00f6sisches Historiendrama inklusive.","twitter_misc":{"Written by":"Milan","Est. reading time":"17 minutes"},"schema":{"@context":"https:\/\/schema.org","@graph":[{"@type":"NewsArticle","@id":"https:\/\/www.apfelpatient.de\/allgemein\/apple-tv-das-sind-die-serien-highlights-im-april-2025#article","isPartOf":{"@id":"https:\/\/www.apfelpatient.de\/allgemein\/apple-tv-das-sind-die-serien-highlights-im-april-2025"},"author":{"@type":"Organization","@id":"https:\/\/www.apfelpatient.de\/en\/#organization","name":"Apfelpatient","url":"https:\/\/www.apfelpatient.de\/en\/"},"headline":"Apple TV+: Das sind die Serien-Highlights im April 2025","datePublished":"2025-04-01T15:19:53+00:00","dateModified":"2025-10-14T13:59:48+00:00","mainEntityOfPage":{"@id":"https:\/\/www.apfelpatient.de\/allgemein\/apple-tv-das-sind-die-serien-highlights-im-april-2025"},"wordCount":838,"publisher":{"@type":"Organization","@id":"https:\/\/www.apfelpatient.de\/en\/#organization","name":"Apfelpatient","url":"https:\/\/www.apfelpatient.de\/en\/"},"image":{"@id":"https:\/\/www.apfelpatient.de\/allgemein\/apple-tv-das-sind-die-serien-highlights-im-april-2025#primaryimage"},"thumbnailUrl":"https:\/\/www.apfelpatient.de\/wp-content\/uploads\/2025\/03\/bigstock-Close-Up-Mans-Hand-Holding-A-M-401980730.jpg","keywords":["Apple Dienste","Apple TV","Apple TV Plus"],"articleSection":"Allgemein","inLanguage":"en-US","copyrightYear":"2025","copyrightHolder":{"@id":"https:\/\/www.apfelpatient.de\/en\/#organization"}},{"@type":"WebPage","@id":"https:\/\/www.apfelpatient.de\/allgemein\/apple-tv-das-sind-die-serien-highlights-im-april-2025","url":"https:\/\/www.apfelpatient.de\/allgemein\/apple-tv-das-sind-die-serien-highlights-im-april-2025","name":"Apple TV+: These are the series highlights in April 2025 Apfelpatient","isPartOf":{"@id":"https:\/\/www.apfelpatient.de\/#website"},"primaryImageOfPage":{"@id":"https:\/\/www.apfelpatient.de\/allgemein\/apple-tv-das-sind-die-serien-highlights-im-april-2025#primaryimage"},"image":{"@id":"https:\/\/www.apfelpatient.de\/allgemein\/apple-tv-das-sind-die-serien-highlights-im-april-2025#primaryimage"},"thumbnailUrl":"https:\/\/www.apfelpatient.de\/wp-content\/uploads\/2025\/03\/bigstock-Close-Up-Mans-Hand-Holding-A-M-401980730.jpg","datePublished":"2025-04-01T15:19:53+00:00","dateModified":"2025-10-14T13:59:48+00:00","description":"Apple TV+ starts April with strong series: new dramas, quirky comedies, children&#039;s formats &amp; a French historical drama included.","breadcrumb":{"@id":"https:\/\/www.apfelpatient.de\/allgemein\/apple-tv-das-sind-die-serien-highlights-im-april-2025#breadcrumb"},"inLanguage":"en-US","potentialAction":[{"@type":"ReadAction","target":["https:\/\/www.apfelpatient.de\/allgemein\/apple-tv-das-sind-die-serien-highlights-im-april-2025"]}]},{"@type":"ImageObject","inLanguage":"en-US","@id":"https:\/\/www.apfelpatient.de\/allgemein\/apple-tv-das-sind-die-serien-highlights-im-april-2025#primaryimage","url":"https:\/\/www.apfelpatient.de\/wp-content\/uploads\/2025\/03\/bigstock-Close-Up-Mans-Hand-Holding-A-M-401980730.jpg","contentUrl":"https:\/\/www.apfelpatient.de\/wp-content\/uploads\/2025\/03\/bigstock-Close-Up-Mans-Hand-Holding-A-M-401980730.jpg","width":1600,"height":1067,"caption":"Photo by Vladimka \/ Bigstockphoto"},{"@type":"BreadcrumbList","@id":"https:\/\/www.apfelpatient.de\/allgemein\/apple-tv-das-sind-die-serien-highlights-im-april-2025#breadcrumb","itemListElement":[{"@type":"ListItem","position":1,"name":"Startseite","item":"https:\/\/www.apfelpatient.de\/"},{"@type":"ListItem","position":2,"name":"Apple TV+: Das sind die Serien-Highlights im April 2025"}]},{"@type":"WebSite","@id":"https:\/\/www.apfelpatient.de\/#website","url":"https:\/\/www.apfelpatient.de\/","name":"apple patient","description":"Everything about Apple!","publisher":{"@type":"Organization","@id":"https:\/\/www.apfelpatient.de\/en\/#organization","name":"Apfelpatient","url":"https:\/\/www.apfelpatient.de\/en\/"},"alternateName":"Apfelpatient","potentialAction":[{"@type":"SearchAction","target":{"@type":"EntryPoint","urlTemplate":"https:\/\/www.apfelpatient.de\/?s={search_term_string}"},"query-input":{"@type":"PropertyValueSpecification","valueRequired":true,"valueName":"search_term_string"}}],"inLanguage":"en-US"},{"@type":["Person","Organization"],"@id":"https:\/\/www.apfelpatient.de\/#\/schema\/person\/7dc56ad6c8e9824b76d2c08d4c140e13","name":"Milan","logo":{"@id":"https:\/\/www.apfelpatient.de\/#\/schema\/person\/image\/"},"description":"Hello and welcome to my technology blog! As a big Apple fan, I report on everything to do with Apple: from the latest news and exciting rumors to helpful tips and tricks and detailed product tests. If you are as enthusiastic about technology as I am, you have come to the right place!","sameAs":["https:\/\/www.facebook.com\/apfelpatientOfficial","https:\/\/www.linkedin.com\/in\/milan-jovicic-42aa0231b"],"url":"https:\/\/www.apfelpatient.de\/en\/author\/apfeladmin"}]}},"_links":{"self":[{"href":"https:\/\/www.apfelpatient.de\/en\/wp-json\/wp\/v2\/posts\/53150","targetHints":{"allow":["GET"]}}],"collection":[{"href":"https:\/\/www.apfelpatient.de\/en\/wp-json\/wp\/v2\/posts"}],"about":[{"href":"https:\/\/www.apfelpatient.de\/en\/wp-json\/wp\/v2\/types\/post"}],"author":[{"embeddable":true,"href":"https:\/\/www.apfelpatient.de\/en\/wp-json\/wp\/v2\/users\/2"}],"replies":[{"embeddable":true,"href":"https:\/\/www.apfelpatient.de\/en\/wp-json\/wp\/v2\/comments?post=53150"}],"version-history":[{"count":0,"href":"https:\/\/www.apfelpatient.de\/en\/wp-json\/wp\/v2\/posts\/53150\/revisions"}],"wp:featuredmedia":[{"embeddable":true,"href":"https:\/\/www.apfelpatient.de\/en\/wp-json\/wp\/v2\/media\/53149"}],"wp:attachment":[{"href":"https:\/\/www.apfelpatient.de\/en\/wp-json\/wp\/v2\/media?parent=53150"}],"wp:term":[{"taxonomy":"category","embeddable":true,"href":"https:\/\/www.apfelpatient.de\/en\/wp-json\/wp\/v2\/categories?post=53150"},{"taxonomy":"post_tag","embeddable":true,"href":"https:\/\/www.apfelpatient.de\/en\/wp-json\/wp\/v2\/tags?post=53150"}],"curies":[{"name":"wp","href":"https:\/\/api.w.org\/{rel}","templated":true}]}}