{"id":5315,"date":"2019-07-26T01:32:33","date_gmt":"2019-07-25T23:32:33","guid":{"rendered":"https:\/\/www.apfelpatient.de\/?p=5315"},"modified":"2022-10-08T21:03:32","modified_gmt":"2022-10-08T19:03:32","slug":"apple-takes-over-intels-modem-business","status":"publish","type":"post","link":"https:\/\/www.apfelpatient.de\/en\/news\/apple-uebernimmt-intels-modem-geschaeft","title":{"rendered":"Apple takes over Intel&#039;s modem business"},"content":{"rendered":"<p class=\"has-drop-cap\"><strong>Apple confirmed the acquisition of Intel\u2019s modem division in a press release.<\/strong><\/p>\n\n\n\n<p>Apple is taking over most of Intel&#039;s modem division for around one billion US dollars - the deal should be completed in the fourth quarter of 2019, as approval from the regulatory authorities is required - both companies confirmed this yesterday evening. By purchasing the modem division, Apple will gain around 17,000 patents for wireless technologies and around 2,200 employees. The agreement states that Apple will take over the majority of Intel&#039;s smartphone modem business for one billion US dollars. However, Intel will retain the opportunity to develop modems for PCs and autonomous vehicles. Johny Srouji, Senior Vice President of Hardware Technologies, announced Apple&#039;s enthusiasm for Intel&#039;s &quot;excellent engineers&quot; in the press release. It says:<\/p>\n\n\n\n<blockquote class=\"wp-block-quote is-layout-flow wp-block-quote-is-layout-flow\"><p>We have worked with Intel for many years and know that this team shares Apple&#039;s passion for developing technologies that give our users the best experiences in the world. Apple is excited to have so many excellent engineers join our growing mobile technologies group and knows they will thrive in Apple&#039;s creative and dynamic environment. Together with our significant acquisition of innovative IP, they will help accelerate our development for future products and enable Apple to further differentiate itself,&quot; said Srouji.<\/p><\/blockquote>\n\n\n\n<p>The takeover was announced earlier this week in a report in the Wall Street Journal - but official confirmation was expected next week. The negotiations are said to have lasted for over a year. According to rumors, Apple is still planning to develop its own modem - in order to become more independent. Intel&#039;s engineers and patents should be a great help in this. However, it remains unknown when we can expect the first market-ready Apple modem. (Photo by Unsplash)<\/p>\n\n\n\n<h6 class=\"wp-block-heading translation-block\" id=\"h-kennt-ihr-schon-unsere-amazon-storefront-dort-findet-ihr-eine-handverlesene-auswahl-von-diversen-produkten-f-r-euer-iphone-und-co-viel-spa-beim-st-bern\"><em>Have you already visited our Amazon Storefront? There you&#039;ll find a hand-picked selection of various products for your iPhone and other devices \u2013 <span class=\"has-inline-color has-vivid-red-color\"><a href=\"https:\/\/www.amazon.de\/shop\/apfelpatientofficial\" class=\"ek-link\" data-wpel-link=\"exclude\" rel=\"follow noopener\" target=\"_self\"><span style=\"text-decoration: underline\" class=\"ek-underline\">enjoy browsing<\/span><\/a> !<\/span><\/em><\/h6>\n\n\n\n<h6 class=\"wp-block-heading translation-block\" id=\"h-der-beitrag-enthalt-partnerlinks\">This post contains <a data-type=\"URL\" data-id=\"https:\/\/www.apfelpatient.de\/partnerprogramm\" href=\"https:\/\/www.apfelpatient.de\/en\/partner-program\" data-wpel-link=\"internal\" target=\"_self\">affiliate links<\/a>.<\/h6>","protected":false},"excerpt":{"rendered":"<p>Apple hat im Zuge einer Pressemitteilung die \u00dcbernahme der Modemsparte von Intel best\u00e4tigt. Apple \u00fcbernimmt den gr\u00f6\u00dften Teil von Intels Modemsparte f\u00fcr rund eine Milliarde US-Dollar &#8211; der Deal sollte dabei im vierten Quartal 2019 abgeschlossen werden, da eine Zustimmung der Aufsichtsbeh\u00f6rden notwendig ist &#8211; das best\u00e4tigten beide Konzerne am gestrigen Abend. Apple gewinnt durch [&hellip;]<\/p>\n","protected":false},"author":2,"featured_media":2679,"comment_status":"open","ping_status":"open","sticky":false,"template":"","format":"standard","meta":{"jnews-multi-image_gallery":[],"jnews_single_post":{"subtitle":"","format":"standard","video":"","gallery":"","source_name":"","source_url":"","via_name":"","via_url":"","override":[{"single_blog_custom":"","sidebar":"","second_sidebar":"","share_position":"","share_float_style":"","post_date_format":"","post_date_format_custom":"","post_reading_time_wpm":"","zoom_button_out_step":"1","zoom_button_in_step":"1","number_popup_post":"1"}],"image_override":[{"single_post_thumbnail_size":"","single_post_gallery_size":""}],"trending_post_position":"","trending_post_label":"","sponsored_post_label":"","sponsored_post_name":"","sponsored_post_url":"","sponsored_post_logo":"","sponsored_post_desc":""},"jnews_primary_category":{"id":""},"footnotes":""},"categories":[9],"tags":[131,8,13],"class_list":["post-5315","post","type-post","status-publish","format-standard","has-post-thumbnail","hentry","category-news","tag-intel","tag-iphone","tag-techpatient"],"yoast_head":"<!-- This site is optimized with the Yoast SEO Premium plugin v27.5 (Yoast SEO v27.5) - https:\/\/yoast.com\/product\/yoast-seo-premium-wordpress\/ -->\n<title>Apple \u00fcbernimmt Intels Modem-Gesch\u00e4ft Apfelpatient<\/title>\n<meta name=\"description\" content=\"- Apple hat im Zuge einer Pressemitteilung die \u00dcbernahme der Modemsparte von Intel best\u00e4tigt.\" \/>\n<meta name=\"robots\" content=\"index, follow, max-snippet:-1, max-image-preview:large, max-video-preview:-1\" \/>\n<link rel=\"canonical\" href=\"https:\/\/www.apfelpatient.de\/en\/news\/apple-takes-over-intels-modem-business\" \/>\n<meta property=\"og:locale\" content=\"en_US\" \/>\n<meta property=\"og:type\" content=\"article\" \/>\n<meta property=\"og:title\" content=\"Apple \u00fcbernimmt Intels Modem-Gesch\u00e4ft\" \/>\n<meta property=\"og:description\" content=\"- Apple hat im Zuge einer Pressemitteilung die \u00dcbernahme der Modemsparte von Intel best\u00e4tigt.\" \/>\n<meta property=\"og:url\" content=\"https:\/\/www.apfelpatient.de\/en\/news\/apple-takes-over-intels-modem-business\" \/>\n<meta property=\"og:site_name\" content=\"Apfelpatient\" \/>\n<meta property=\"article:publisher\" content=\"https:\/\/www.facebook.com\/apfelpatientOfficial\" \/>\n<meta property=\"article:author\" content=\"https:\/\/www.facebook.com\/apfelpatientOfficial\" \/>\n<meta property=\"article:published_time\" content=\"2019-07-25T23:32:33+00:00\" \/>\n<meta property=\"article:modified_time\" content=\"2022-10-08T19:03:32+00:00\" \/>\n<meta property=\"og:image\" content=\"https:\/\/www.apfelpatient.de\/wp-content\/uploads\/2018\/11\/frankie-valentine-654171-unsplash.jpg\" \/>\n\t<meta property=\"og:image:width\" content=\"4096\" \/>\n\t<meta property=\"og:image:height\" content=\"3324\" \/>\n\t<meta property=\"og:image:type\" content=\"image\/jpeg\" \/>\n<meta name=\"author\" content=\"Milan\" \/>\n<meta name=\"twitter:card\" content=\"summary_large_image\" \/>\n<meta name=\"twitter:label1\" content=\"Written by\" \/>\n\t<meta name=\"twitter:data1\" content=\"Milan\" \/>\n\t<meta name=\"twitter:label2\" content=\"Est. reading time\" \/>\n\t<meta name=\"twitter:data2\" content=\"2 minutes\" \/>\n<script type=\"application\/ld+json\" class=\"yoast-schema-graph\">{\"@context\":\"https:\\\/\\\/schema.org\",\"@graph\":[{\"@type\":\"NewsArticle\",\"@id\":\"https:\\\/\\\/www.apfelpatient.de\\\/news\\\/apple-uebernimmt-intels-modem-geschaeft#article\",\"isPartOf\":{\"@id\":\"https:\\\/\\\/www.apfelpatient.de\\\/news\\\/apple-uebernimmt-intels-modem-geschaeft\"},\"author\":{\"@type\":\"Organization\",\"@id\":\"https:\\\/\\\/www.apfelpatient.de\\\/en\\\/#organization\",\"name\":\"Apfelpatient\",\"url\":\"https:\\\/\\\/www.apfelpatient.de\\\/en\\\/\"},\"headline\":\"Apple \u00fcbernimmt Intels Modem-Gesch\u00e4ft\",\"datePublished\":\"2019-07-25T23:32:33+00:00\",\"dateModified\":\"2022-10-08T19:03:32+00:00\",\"mainEntityOfPage\":{\"@id\":\"https:\\\/\\\/www.apfelpatient.de\\\/news\\\/apple-uebernimmt-intels-modem-geschaeft\"},\"wordCount\":320,\"commentCount\":0,\"publisher\":{\"@type\":\"Organization\",\"@id\":\"https:\\\/\\\/www.apfelpatient.de\\\/en\\\/#organization\",\"name\":\"Apfelpatient\",\"url\":\"https:\\\/\\\/www.apfelpatient.de\\\/en\\\/\"},\"image\":{\"@id\":\"https:\\\/\\\/www.apfelpatient.de\\\/news\\\/apple-uebernimmt-intels-modem-geschaeft#primaryimage\"},\"thumbnailUrl\":\"https:\\\/\\\/www.apfelpatient.de\\\/wp-content\\\/uploads\\\/2018\\\/11\\\/frankie-valentine-654171-unsplash.jpg\",\"keywords\":[\"Intel\",\"iPhone\",\"TechPatient\"],\"articleSection\":\"News\",\"inLanguage\":\"en-US\",\"potentialAction\":[{\"@type\":\"CommentAction\",\"name\":\"Comment\",\"target\":[\"https:\\\/\\\/www.apfelpatient.de\\\/news\\\/apple-uebernimmt-intels-modem-geschaeft#respond\"]}],\"copyrightYear\":\"2019\",\"copyrightHolder\":{\"@id\":\"https:\\\/\\\/www.apfelpatient.de\\\/en\\\/#organization\"}},{\"@type\":\"WebPage\",\"@id\":\"https:\\\/\\\/www.apfelpatient.de\\\/news\\\/apple-uebernimmt-intels-modem-geschaeft\",\"url\":\"https:\\\/\\\/www.apfelpatient.de\\\/news\\\/apple-uebernimmt-intels-modem-geschaeft\",\"name\":\"Apple \u00fcbernimmt Intels Modem-Gesch\u00e4ft Apfelpatient\",\"isPartOf\":{\"@id\":\"https:\\\/\\\/www.apfelpatient.de\\\/#website\"},\"primaryImageOfPage\":{\"@id\":\"https:\\\/\\\/www.apfelpatient.de\\\/news\\\/apple-uebernimmt-intels-modem-geschaeft#primaryimage\"},\"image\":{\"@id\":\"https:\\\/\\\/www.apfelpatient.de\\\/news\\\/apple-uebernimmt-intels-modem-geschaeft#primaryimage\"},\"thumbnailUrl\":\"https:\\\/\\\/www.apfelpatient.de\\\/wp-content\\\/uploads\\\/2018\\\/11\\\/frankie-valentine-654171-unsplash.jpg\",\"datePublished\":\"2019-07-25T23:32:33+00:00\",\"dateModified\":\"2022-10-08T19:03:32+00:00\",\"description\":\"- Apple hat im Zuge einer Pressemitteilung die \u00dcbernahme der Modemsparte von Intel best\u00e4tigt.\",\"breadcrumb\":{\"@id\":\"https:\\\/\\\/www.apfelpatient.de\\\/news\\\/apple-uebernimmt-intels-modem-geschaeft#breadcrumb\"},\"inLanguage\":\"en-US\",\"potentialAction\":[{\"@type\":\"ReadAction\",\"target\":[\"https:\\\/\\\/www.apfelpatient.de\\\/news\\\/apple-uebernimmt-intels-modem-geschaeft\"]}]},{\"@type\":\"ImageObject\",\"inLanguage\":\"en-US\",\"@id\":\"https:\\\/\\\/www.apfelpatient.de\\\/news\\\/apple-uebernimmt-intels-modem-geschaeft#primaryimage\",\"url\":\"https:\\\/\\\/www.apfelpatient.de\\\/wp-content\\\/uploads\\\/2018\\\/11\\\/frankie-valentine-654171-unsplash.jpg\",\"contentUrl\":\"https:\\\/\\\/www.apfelpatient.de\\\/wp-content\\\/uploads\\\/2018\\\/11\\\/frankie-valentine-654171-unsplash.jpg\",\"width\":4096,\"height\":3324,\"caption\":\"Photo by Unsplash\"},{\"@type\":\"BreadcrumbList\",\"@id\":\"https:\\\/\\\/www.apfelpatient.de\\\/news\\\/apple-uebernimmt-intels-modem-geschaeft#breadcrumb\",\"itemListElement\":[{\"@type\":\"ListItem\",\"position\":1,\"name\":\"Startseite\",\"item\":\"https:\\\/\\\/www.apfelpatient.de\\\/\"},{\"@type\":\"ListItem\",\"position\":2,\"name\":\"Apple \u00fcbernimmt Intels Modem-Gesch\u00e4ft\"}]},{\"@type\":\"WebSite\",\"@id\":\"https:\\\/\\\/www.apfelpatient.de\\\/#website\",\"url\":\"https:\\\/\\\/www.apfelpatient.de\\\/\",\"name\":\"Apfelpatient\",\"description\":\"Alles rund um Apple!\",\"publisher\":{\"@type\":\"Organization\",\"@id\":\"https:\\\/\\\/www.apfelpatient.de\\\/en\\\/#organization\",\"name\":\"Apfelpatient\",\"url\":\"https:\\\/\\\/www.apfelpatient.de\\\/en\\\/\"},\"alternateName\":\"Apfelpatient\",\"potentialAction\":[{\"@type\":\"SearchAction\",\"target\":{\"@type\":\"EntryPoint\",\"urlTemplate\":\"https:\\\/\\\/www.apfelpatient.de\\\/?s={search_term_string}\"},\"query-input\":{\"@type\":\"PropertyValueSpecification\",\"valueRequired\":true,\"valueName\":\"search_term_string\"}}],\"inLanguage\":\"en-US\"},{\"@type\":[\"Person\",\"Organization\"],\"@id\":\"https:\\\/\\\/www.apfelpatient.de\\\/#\\\/schema\\\/person\\\/7dc56ad6c8e9824b76d2c08d4c140e13\",\"name\":\"Milan\",\"logo\":{\"@id\":\"https:\\\/\\\/www.apfelpatient.de\\\/#\\\/schema\\\/person\\\/image\\\/\"},\"description\":\"Hallo und herzlich willkommen auf meinem Technik-Blog! Als gro\u00dfer Apple-Fan berichte ich hier \u00fcber alles, was mit Apple zu tun hat: von den neuesten News und spannenden Ger\u00fcchten \u00fcber hilfreiche Tipps und Tricks bis hin zu ausf\u00fchrlichen Produkttests. Wenn du genauso technikbegeistert bist wie ich, bist du hier genau richtig!\",\"sameAs\":[\"https:\\\/\\\/www.facebook.com\\\/apfelpatientOfficial\",\"https:\\\/\\\/www.linkedin.com\\\/in\\\/milan-jovicic-42aa0231b\"],\"url\":\"https:\\\/\\\/www.apfelpatient.de\\\/en\\\/author\\\/apfeladmin\"}]}<\/script>\n<!-- \/ Yoast SEO Premium plugin. -->","yoast_head_json":{"title":"Apple takes over Intel&#039;s modem business Apfelpatient","description":"- Apple confirmed the acquisition of Intel&#039;s modem division in a press release.","robots":{"index":"index","follow":"follow","max-snippet":"max-snippet:-1","max-image-preview":"max-image-preview:large","max-video-preview":"max-video-preview:-1"},"canonical":"https:\/\/www.apfelpatient.de\/en\/news\/apple-takes-over-intels-modem-business","og_locale":"en_US","og_type":"article","og_title":"Apple \u00fcbernimmt Intels Modem-Gesch\u00e4ft","og_description":"- Apple hat im Zuge einer Pressemitteilung die \u00dcbernahme der Modemsparte von Intel best\u00e4tigt.","og_url":"https:\/\/www.apfelpatient.de\/en\/news\/apple-takes-over-intels-modem-business","og_site_name":"Apfelpatient","article_publisher":"https:\/\/www.facebook.com\/apfelpatientOfficial","article_author":"https:\/\/www.facebook.com\/apfelpatientOfficial","article_published_time":"2019-07-25T23:32:33+00:00","article_modified_time":"2022-10-08T19:03:32+00:00","og_image":[{"width":4096,"height":3324,"url":"https:\/\/www.apfelpatient.de\/wp-content\/uploads\/2018\/11\/frankie-valentine-654171-unsplash.jpg","type":"image\/jpeg"}],"author":"Milan","twitter_card":"summary_large_image","twitter_misc":{"Written by":"Milan","Est. reading time":"2 minutes"},"schema":{"@context":"https:\/\/schema.org","@graph":[{"@type":"NewsArticle","@id":"https:\/\/www.apfelpatient.de\/news\/apple-uebernimmt-intels-modem-geschaeft#article","isPartOf":{"@id":"https:\/\/www.apfelpatient.de\/news\/apple-uebernimmt-intels-modem-geschaeft"},"author":{"@type":"Organization","@id":"https:\/\/www.apfelpatient.de\/en\/#organization","name":"Apfelpatient","url":"https:\/\/www.apfelpatient.de\/en\/"},"headline":"Apple \u00fcbernimmt Intels Modem-Gesch\u00e4ft","datePublished":"2019-07-25T23:32:33+00:00","dateModified":"2022-10-08T19:03:32+00:00","mainEntityOfPage":{"@id":"https:\/\/www.apfelpatient.de\/news\/apple-uebernimmt-intels-modem-geschaeft"},"wordCount":320,"commentCount":0,"publisher":{"@type":"Organization","@id":"https:\/\/www.apfelpatient.de\/en\/#organization","name":"Apfelpatient","url":"https:\/\/www.apfelpatient.de\/en\/"},"image":{"@id":"https:\/\/www.apfelpatient.de\/news\/apple-uebernimmt-intels-modem-geschaeft#primaryimage"},"thumbnailUrl":"https:\/\/www.apfelpatient.de\/wp-content\/uploads\/2018\/11\/frankie-valentine-654171-unsplash.jpg","keywords":["Intel","iPhone","TechPatient"],"articleSection":"News","inLanguage":"en-US","potentialAction":[{"@type":"CommentAction","name":"Comment","target":["https:\/\/www.apfelpatient.de\/news\/apple-uebernimmt-intels-modem-geschaeft#respond"]}],"copyrightYear":"2019","copyrightHolder":{"@id":"https:\/\/www.apfelpatient.de\/en\/#organization"}},{"@type":"WebPage","@id":"https:\/\/www.apfelpatient.de\/news\/apple-uebernimmt-intels-modem-geschaeft","url":"https:\/\/www.apfelpatient.de\/news\/apple-uebernimmt-intels-modem-geschaeft","name":"Apple takes over Intel&#039;s modem business Apfelpatient","isPartOf":{"@id":"https:\/\/www.apfelpatient.de\/#website"},"primaryImageOfPage":{"@id":"https:\/\/www.apfelpatient.de\/news\/apple-uebernimmt-intels-modem-geschaeft#primaryimage"},"image":{"@id":"https:\/\/www.apfelpatient.de\/news\/apple-uebernimmt-intels-modem-geschaeft#primaryimage"},"thumbnailUrl":"https:\/\/www.apfelpatient.de\/wp-content\/uploads\/2018\/11\/frankie-valentine-654171-unsplash.jpg","datePublished":"2019-07-25T23:32:33+00:00","dateModified":"2022-10-08T19:03:32+00:00","description":"- Apple confirmed the acquisition of Intel&#039;s modem division in a press release.","breadcrumb":{"@id":"https:\/\/www.apfelpatient.de\/news\/apple-uebernimmt-intels-modem-geschaeft#breadcrumb"},"inLanguage":"en-US","potentialAction":[{"@type":"ReadAction","target":["https:\/\/www.apfelpatient.de\/news\/apple-uebernimmt-intels-modem-geschaeft"]}]},{"@type":"ImageObject","inLanguage":"en-US","@id":"https:\/\/www.apfelpatient.de\/news\/apple-uebernimmt-intels-modem-geschaeft#primaryimage","url":"https:\/\/www.apfelpatient.de\/wp-content\/uploads\/2018\/11\/frankie-valentine-654171-unsplash.jpg","contentUrl":"https:\/\/www.apfelpatient.de\/wp-content\/uploads\/2018\/11\/frankie-valentine-654171-unsplash.jpg","width":4096,"height":3324,"caption":"Photo by Unsplash"},{"@type":"BreadcrumbList","@id":"https:\/\/www.apfelpatient.de\/news\/apple-uebernimmt-intels-modem-geschaeft#breadcrumb","itemListElement":[{"@type":"ListItem","position":1,"name":"Startseite","item":"https:\/\/www.apfelpatient.de\/"},{"@type":"ListItem","position":2,"name":"Apple \u00fcbernimmt Intels Modem-Gesch\u00e4ft"}]},{"@type":"WebSite","@id":"https:\/\/www.apfelpatient.de\/#website","url":"https:\/\/www.apfelpatient.de\/","name":"apple patient","description":"Everything about Apple!","publisher":{"@type":"Organization","@id":"https:\/\/www.apfelpatient.de\/en\/#organization","name":"Apfelpatient","url":"https:\/\/www.apfelpatient.de\/en\/"},"alternateName":"Apfelpatient","potentialAction":[{"@type":"SearchAction","target":{"@type":"EntryPoint","urlTemplate":"https:\/\/www.apfelpatient.de\/?s={search_term_string}"},"query-input":{"@type":"PropertyValueSpecification","valueRequired":true,"valueName":"search_term_string"}}],"inLanguage":"en-US"},{"@type":["Person","Organization"],"@id":"https:\/\/www.apfelpatient.de\/#\/schema\/person\/7dc56ad6c8e9824b76d2c08d4c140e13","name":"Milan","logo":{"@id":"https:\/\/www.apfelpatient.de\/#\/schema\/person\/image\/"},"description":"Hello and welcome to my technology blog! As a big Apple fan, I report on everything to do with Apple: from the latest news and exciting rumors to helpful tips and tricks and detailed product tests. If you are as enthusiastic about technology as I am, you have come to the right place!","sameAs":["https:\/\/www.facebook.com\/apfelpatientOfficial","https:\/\/www.linkedin.com\/in\/milan-jovicic-42aa0231b"],"url":"https:\/\/www.apfelpatient.de\/en\/author\/apfeladmin"}]}},"_links":{"self":[{"href":"https:\/\/www.apfelpatient.de\/en\/wp-json\/wp\/v2\/posts\/5315","targetHints":{"allow":["GET"]}}],"collection":[{"href":"https:\/\/www.apfelpatient.de\/en\/wp-json\/wp\/v2\/posts"}],"about":[{"href":"https:\/\/www.apfelpatient.de\/en\/wp-json\/wp\/v2\/types\/post"}],"author":[{"embeddable":true,"href":"https:\/\/www.apfelpatient.de\/en\/wp-json\/wp\/v2\/users\/2"}],"replies":[{"embeddable":true,"href":"https:\/\/www.apfelpatient.de\/en\/wp-json\/wp\/v2\/comments?post=5315"}],"version-history":[{"count":0,"href":"https:\/\/www.apfelpatient.de\/en\/wp-json\/wp\/v2\/posts\/5315\/revisions"}],"wp:featuredmedia":[{"embeddable":true,"href":"https:\/\/www.apfelpatient.de\/en\/wp-json\/wp\/v2\/media\/2679"}],"wp:attachment":[{"href":"https:\/\/www.apfelpatient.de\/en\/wp-json\/wp\/v2\/media?parent=5315"}],"wp:term":[{"taxonomy":"category","embeddable":true,"href":"https:\/\/www.apfelpatient.de\/en\/wp-json\/wp\/v2\/categories?post=5315"},{"taxonomy":"post_tag","embeddable":true,"href":"https:\/\/www.apfelpatient.de\/en\/wp-json\/wp\/v2\/tags?post=5315"}],"curies":[{"name":"wp","href":"https:\/\/api.w.org\/{rel}","templated":true}]}}