{"id":53133,"date":"2025-03-31T16:49:56","date_gmt":"2025-03-31T14:49:56","guid":{"rendered":"https:\/\/www.apfelpatient.de\/?p=53133"},"modified":"2025-04-11T15:58:46","modified_gmt":"2025-04-11T13:58:46","slug":"apple-vs-spacex-satellite-conflict-becomes-political","status":"publish","type":"post","link":"https:\/\/www.apfelpatient.de\/en\/rumors\/apple-vs-spacex-satellitenkonflikt-wird-politisch","title":{"rendered":"Apple vs. SpaceX: Satellite conflict becomes political"},"content":{"rendered":"<p class=\"has-drop-cap\"><strong>Apple wants to further expand its satellite service for iPhones. But SpaceX, Elon Musk&#039;s space company, is trying to block this expansion, according to a report in the Wall Street Journal. At the heart of the dispute are radio frequencies that Apple needs for its services \u2013 and which SpaceX also claims. The case also raises political questions, as Musk has close ties to the White House and the US regulatory authority, the FCC.<\/strong><\/p>\n\n\n\n<p>Since the launch of the iPhone 14 in 2022, Apple has offered an emergency calling feature via satellite. The feature is intended for users in areas without cellular coverage. The service has since been expanded to include additional features, including roadside assistance and messaging via satellite. These services have proven practical and, in many cases, lifesaving. But to further expand the offering, Apple needs more bandwidth. That&#039;s exactly what SpaceX wants to prevent.<\/p>\n\n\n\n<h4 class=\"wp-block-heading\" id=\"h-apples-satellitendienst-im-uberblick\">Apple&#039;s satellite service at a glance<\/h4>\n\n\n\n<p>With the iPhone 14, Apple introduced SOS Emergency Calling via Satellite in 2022. The service allows text messages to be sent to emergency services when there is no cellular network. Since then, the feature has been standard on new iPhones. In 2023, Apple expanded the service to include satellite roadside assistance for people whose cars are stranded in remote areas. The following year, the ability to send personal messages via satellite was added\u2014for example, in the event of a disaster when the cellular network fails. The technical basis is provided by Globalstar, a company with which Apple works closely. Apple has provided Globalstar with over one billion US dollars for this purpose. The goal is to expand the satellite infrastructure so that more users around the world can benefit from it.<\/p>\n\n\n\n<h4 class=\"wp-block-heading\" id=\"h-frequenzstreit-mit-spacex\">Frequency dispute with SpaceX<\/h4>\n\n\n\n<p>To cope with the growing number of satellite uses, Globalstar has applied to the US Federal Communications Commission (FCC) for permission to use additional radio frequencies. These frequencies are necessary for the service to function reliably \u2013 especially when many iPhones are communicating over them simultaneously. SpaceX has opposed this application. The company uses the same frequency ranges for its own satellite broadband service, Starlink, and sees this as a competitive situation. According to the Wall Street Journal, SpaceX is trying to delay the FCC&#039;s decision or have the application rejected altogether. SpaceX describes the frequencies applied for by Globalstar as an &quot;unused resource&quot; \u2013 even though they are already being used for Apple&#039;s emergency call service. The accusation: Apple is claiming frequencies that could be used more efficiently by Starlink.<\/p>\n\n\n\n<h4 class=\"wp-block-heading\" id=\"h-apple-starlink-und-alternative-optionen\">Apple, Starlink and alternative options<\/h4>\n\n\n\n<p>There have reportedly been discussions about allowing iPhones direct access to Starlink. However, Apple has not yet implemented this option and is sticking with Globalstar. At the same time, Apple allows third-party providers like T-Mobile to offer satellite services via Starlink.<\/p>\n\n\n\n<ul class=\"wp-block-list\">\n<li><a href=\"https:\/\/www.apfelpatient.de\/en\/rumors\/apple-plans-to-make-ai-coach-health-app-more-personal\">Apple plans AI coach: Health app becomes more personal<\/a><\/li>\n<\/ul>\n\n\n\n<h4 class=\"wp-block-heading\" id=\"h-politische-verbindungen-sorgen-fur-kritik\">Political connections cause criticism<\/h4>\n\n\n\n<p>The conflict is not only technical, but also political. Elon Musk has close ties to US President Donald Trump. Musk reportedly even had his own office in the White House. Trump recently appointed Brendan Carr as chairman of the FCC. Carr is considered an ally of Musk and has criticized the agency in the past when it made decisions against SpaceX. This proximity between Musk, Trump, and the FCC makes Apple uncomfortable\u2014especially because it could influence the spectrum approval process. Another point: Globalstar relies on SpaceX to launch its satellites into space. This also gives Musk additional leverage\u2014theoretically, SpaceX could delay or block satellite launches (via WSJ).<\/p>\n\n\n\n<h3 class=\"wp-block-heading\" id=\"h-frequenzkonflikt-und-politische-risiken-fur-apple\">Frequency conflict and political risks for Apple<\/h3>\n\n\n\n<p>Apple wants to further expand satellite communications to reach more people in emergencies \u2013 independent of the cellular network. To do this, the company needs more spectrum rights. SpaceX opposes this because the same frequencies are also important for Starlink. Political tensions are also a factor, as Elon Musk may have influence over the FCC&#039;s decision-making process. While Apple&#039;s partnership with Globalstar is technically sound, it could be further strained by its dependence on SpaceX for rocket launches. How the FCC will decide remains to be seen. Users will have to wait and see whether Apple can expand the service as planned \u2013 or whether the expansion will falter due to technical, economic, and political hurdles. (Photo by Unsplash+ \/ Planet Volumes)<\/p>\n\n\n\n<ul class=\"wp-block-list\">\n<li><a href=\"https:\/\/www.apfelpatient.de\/en\/news\/trade-conflict-eu-plans-tariffs-on-apple-and-meta\">Trade conflict: EU plans tariffs on Apple and Meta<\/a><\/li>\n\n\n\n<li><a href=\"https:\/\/www.apfelpatient.de\/en\/news\/apple-chips-from-the-usa-how-real-is-the-production\">Apple chips from the USA: How real is the production?<\/a><\/li>\n\n\n\n<li><a href=\"https:\/\/www.apfelpatient.de\/en\/rumors\/apple-faces-minimal-eu-fines-because-of-trump\">Apple faces minimal EU fines \u2013 because of Trump?<\/a><\/li>\n<\/ul>\n\n\n\n<h6 class=\"wp-block-heading translation-block\" id=\"h-kennt-ihr-schon-unsere-amazon-storefront-dort-findet-ihr-eine-handverlesene-auswahl-von-diversen-produkten-f-r-euer-iphone-und-co-viel-spa-beim-st-bern\"><em>Have you already visited our Amazon Storefront? There you&#039;ll find a hand-picked selection of various products for your iPhone and other devices \u2013 <span class=\"has-inline-color has-vivid-red-color\"><a href=\"https:\/\/www.amazon.de\/shop\/apfelpatientofficial\" class=\"ek-link\" data-wpel-link=\"exclude\" rel=\"follow noopener\" target=\"_self\"><span style=\"text-decoration: underline\" class=\"ek-underline\">enjoy browsing<\/span><\/a> !<\/span><\/em><\/h6>\n\n\n\n<h6 class=\"wp-block-heading translation-block\" id=\"h-der-beitrag-enthalt-partnerlinks\">This post contains <a data-type=\"URL\" data-id=\"https:\/\/www.apfelpatient.de\/partnerprogramm\" href=\"https:\/\/www.apfelpatient.de\/en\/partner-program\" data-wpel-link=\"internal\" target=\"_self\">affiliate links<\/a>.<\/h6>","protected":false},"excerpt":{"rendered":"<p>Apple wants to expand its satellite service \u2013 but SpaceX is blocking the plans. It&#039;s all about frequencies, power, and political influence.<\/p>","protected":false},"author":2,"featured_media":53132,"comment_status":"closed","ping_status":"closed","sticky":false,"template":"","format":"standard","meta":{"jnews-multi-image_gallery":[],"jnews_single_post":{"format":"standard","override":[{"template":"2","parallax":"1","fullscreen":"1","layout":"right-sidebar","sidebar":"default-sidebar","second_sidebar":"default-sidebar","sticky_sidebar":"1","share_position":"top","share_float_style":"share-monocrhome","show_featured":"1","show_post_meta":"1","show_post_author":"1","show_post_author_image":"1","show_post_date":"1","post_date_format":"default","post_date_format_custom":"Y\/m\/d","show_post_category":"1","show_post_reading_time":"0","post_reading_time_wpm":"300","post_calculate_word_method":"str_word_count","show_zoom_button":"0","zoom_button_out_step":"2","zoom_button_in_step":"3","show_post_tag":"1","show_prev_next_post":"1","show_popup_post":"1","number_popup_post":"1","show_author_box":"0","show_post_related":"0","show_inline_post_related":"0"}],"image_override":[{"single_post_thumbnail_size":"crop-500","single_post_gallery_size":"crop-500"}],"trending_post_position":"meta","trending_post_label":"Trending","sponsored_post_label":"Sponsored by","disable_ad":"0"},"jnews_primary_category":{"id":"25"},"footnotes":""},"categories":[25],"tags":[34,13],"class_list":["post-53133","post","type-post","status-publish","format-standard","has-post-thumbnail","hentry","category-rumors","tag-apple-dienste","tag-techpatient"],"yoast_head":"<!-- This site is optimized with the Yoast SEO Premium plugin v27.5 (Yoast SEO v27.5) - https:\/\/yoast.com\/product\/yoast-seo-premium-wordpress\/ -->\n<title>Apple vs. SpaceX: Satellitenkonflikt wird politisch Apfelpatient<\/title>\n<meta name=\"description\" content=\"Apple will seinen Satellitendienst ausbauen \u2013 doch SpaceX blockiert die Pl\u00e4ne. Es geht um Frequenzen, Macht und politischen Einfluss.\" \/>\n<meta name=\"robots\" content=\"index, follow, max-snippet:-1, max-image-preview:large, max-video-preview:-1\" \/>\n<link rel=\"canonical\" href=\"https:\/\/www.apfelpatient.de\/en\/rumors\/apple-vs-spacex-satellite-conflict-becomes-political\" \/>\n<meta property=\"og:locale\" content=\"en_US\" \/>\n<meta property=\"og:type\" content=\"article\" \/>\n<meta property=\"og:title\" content=\"Apple vs. SpaceX: Satellitenkonflikt wird politisch\" \/>\n<meta property=\"og:description\" content=\"Apple will seinen Satellitendienst ausbauen \u2013 doch SpaceX blockiert die Pl\u00e4ne. Es geht um Frequenzen, Macht und politischen Einfluss.\" \/>\n<meta property=\"og:url\" content=\"https:\/\/www.apfelpatient.de\/en\/rumors\/apple-vs-spacex-satellite-conflict-becomes-political\" \/>\n<meta property=\"og:site_name\" content=\"Apfelpatient\" \/>\n<meta property=\"article:publisher\" content=\"https:\/\/www.facebook.com\/apfelpatientOfficial\" \/>\n<meta property=\"article:author\" content=\"https:\/\/www.facebook.com\/apfelpatientOfficial\" \/>\n<meta property=\"article:published_time\" content=\"2025-03-31T14:49:56+00:00\" \/>\n<meta property=\"article:modified_time\" content=\"2025-04-11T13:58:46+00:00\" \/>\n<meta property=\"og:image\" content=\"https:\/\/www.apfelpatient.de\/wp-content\/uploads\/2025\/03\/planet-volumes-HCK8YihP47Y-unsplash.jpg\" \/>\n\t<meta property=\"og:image:width\" content=\"1600\" \/>\n\t<meta property=\"og:image:height\" content=\"1156\" \/>\n\t<meta property=\"og:image:type\" content=\"image\/jpeg\" \/>\n<meta name=\"author\" content=\"Milan\" \/>\n<meta name=\"twitter:card\" content=\"summary_large_image\" \/>\n<meta name=\"twitter:description\" content=\"Apple will seinen Satellitendienst ausbauen \u2013 doch SpaceX blockiert die Pl\u00e4ne. Es geht um Frequenzen, Macht und politischen Einfluss.\" \/>\n<meta name=\"twitter:label1\" content=\"Written by\" \/>\n\t<meta name=\"twitter:data1\" content=\"Milan\" \/>\n\t<meta name=\"twitter:label2\" content=\"Est. reading time\" \/>\n\t<meta name=\"twitter:data2\" content=\"12 minutes\" \/>\n<script type=\"application\/ld+json\" class=\"yoast-schema-graph\">{\"@context\":\"https:\\\/\\\/schema.org\",\"@graph\":[{\"@type\":\"NewsArticle\",\"@id\":\"https:\\\/\\\/www.apfelpatient.de\\\/rumors\\\/apple-vs-spacex-satellitenkonflikt-wird-politisch#article\",\"isPartOf\":{\"@id\":\"https:\\\/\\\/www.apfelpatient.de\\\/rumors\\\/apple-vs-spacex-satellitenkonflikt-wird-politisch\"},\"author\":{\"@type\":\"Organization\",\"@id\":\"https:\\\/\\\/www.apfelpatient.de\\\/en\\\/#organization\",\"name\":\"Apfelpatient\",\"url\":\"https:\\\/\\\/www.apfelpatient.de\\\/en\\\/\"},\"headline\":\"Apple vs. SpaceX: Satellitenkonflikt wird politisch\",\"datePublished\":\"2025-03-31T14:49:56+00:00\",\"dateModified\":\"2025-04-11T13:58:46+00:00\",\"mainEntityOfPage\":{\"@id\":\"https:\\\/\\\/www.apfelpatient.de\\\/rumors\\\/apple-vs-spacex-satellitenkonflikt-wird-politisch\"},\"wordCount\":725,\"publisher\":{\"@type\":\"Organization\",\"@id\":\"https:\\\/\\\/www.apfelpatient.de\\\/en\\\/#organization\",\"name\":\"Apfelpatient\",\"url\":\"https:\\\/\\\/www.apfelpatient.de\\\/en\\\/\"},\"image\":{\"@id\":\"https:\\\/\\\/www.apfelpatient.de\\\/rumors\\\/apple-vs-spacex-satellitenkonflikt-wird-politisch#primaryimage\"},\"thumbnailUrl\":\"https:\\\/\\\/www.apfelpatient.de\\\/wp-content\\\/uploads\\\/2025\\\/03\\\/planet-volumes-HCK8YihP47Y-unsplash.jpg\",\"keywords\":[\"Apple Dienste\",\"TechPatient\"],\"articleSection\":\"Rumors\",\"inLanguage\":\"en-US\",\"copyrightYear\":\"2025\",\"copyrightHolder\":{\"@id\":\"https:\\\/\\\/www.apfelpatient.de\\\/en\\\/#organization\"}},{\"@type\":\"WebPage\",\"@id\":\"https:\\\/\\\/www.apfelpatient.de\\\/rumors\\\/apple-vs-spacex-satellitenkonflikt-wird-politisch\",\"url\":\"https:\\\/\\\/www.apfelpatient.de\\\/rumors\\\/apple-vs-spacex-satellitenkonflikt-wird-politisch\",\"name\":\"Apple vs. SpaceX: Satellitenkonflikt wird politisch Apfelpatient\",\"isPartOf\":{\"@id\":\"https:\\\/\\\/www.apfelpatient.de\\\/#website\"},\"primaryImageOfPage\":{\"@id\":\"https:\\\/\\\/www.apfelpatient.de\\\/rumors\\\/apple-vs-spacex-satellitenkonflikt-wird-politisch#primaryimage\"},\"image\":{\"@id\":\"https:\\\/\\\/www.apfelpatient.de\\\/rumors\\\/apple-vs-spacex-satellitenkonflikt-wird-politisch#primaryimage\"},\"thumbnailUrl\":\"https:\\\/\\\/www.apfelpatient.de\\\/wp-content\\\/uploads\\\/2025\\\/03\\\/planet-volumes-HCK8YihP47Y-unsplash.jpg\",\"datePublished\":\"2025-03-31T14:49:56+00:00\",\"dateModified\":\"2025-04-11T13:58:46+00:00\",\"description\":\"Apple will seinen Satellitendienst ausbauen \u2013 doch SpaceX blockiert die Pl\u00e4ne. Es geht um Frequenzen, Macht und politischen Einfluss.\",\"breadcrumb\":{\"@id\":\"https:\\\/\\\/www.apfelpatient.de\\\/rumors\\\/apple-vs-spacex-satellitenkonflikt-wird-politisch#breadcrumb\"},\"inLanguage\":\"en-US\",\"potentialAction\":[{\"@type\":\"ReadAction\",\"target\":[\"https:\\\/\\\/www.apfelpatient.de\\\/rumors\\\/apple-vs-spacex-satellitenkonflikt-wird-politisch\"]}]},{\"@type\":\"ImageObject\",\"inLanguage\":\"en-US\",\"@id\":\"https:\\\/\\\/www.apfelpatient.de\\\/rumors\\\/apple-vs-spacex-satellitenkonflikt-wird-politisch#primaryimage\",\"url\":\"https:\\\/\\\/www.apfelpatient.de\\\/wp-content\\\/uploads\\\/2025\\\/03\\\/planet-volumes-HCK8YihP47Y-unsplash.jpg\",\"contentUrl\":\"https:\\\/\\\/www.apfelpatient.de\\\/wp-content\\\/uploads\\\/2025\\\/03\\\/planet-volumes-HCK8YihP47Y-unsplash.jpg\",\"width\":1600,\"height\":1156,\"caption\":\"Photo by Unsplash+ \\\/ Planet Volumes\"},{\"@type\":\"BreadcrumbList\",\"@id\":\"https:\\\/\\\/www.apfelpatient.de\\\/rumors\\\/apple-vs-spacex-satellitenkonflikt-wird-politisch#breadcrumb\",\"itemListElement\":[{\"@type\":\"ListItem\",\"position\":1,\"name\":\"Startseite\",\"item\":\"https:\\\/\\\/www.apfelpatient.de\\\/\"},{\"@type\":\"ListItem\",\"position\":2,\"name\":\"Apple vs. SpaceX: Satellitenkonflikt wird politisch\"}]},{\"@type\":\"WebSite\",\"@id\":\"https:\\\/\\\/www.apfelpatient.de\\\/#website\",\"url\":\"https:\\\/\\\/www.apfelpatient.de\\\/\",\"name\":\"Apfelpatient\",\"description\":\"Alles rund um Apple!\",\"publisher\":{\"@type\":\"Organization\",\"@id\":\"https:\\\/\\\/www.apfelpatient.de\\\/en\\\/#organization\",\"name\":\"Apfelpatient\",\"url\":\"https:\\\/\\\/www.apfelpatient.de\\\/en\\\/\"},\"alternateName\":\"Apfelpatient\",\"potentialAction\":[{\"@type\":\"SearchAction\",\"target\":{\"@type\":\"EntryPoint\",\"urlTemplate\":\"https:\\\/\\\/www.apfelpatient.de\\\/?s={search_term_string}\"},\"query-input\":{\"@type\":\"PropertyValueSpecification\",\"valueRequired\":true,\"valueName\":\"search_term_string\"}}],\"inLanguage\":\"en-US\"},{\"@type\":[\"Person\",\"Organization\"],\"@id\":\"https:\\\/\\\/www.apfelpatient.de\\\/#\\\/schema\\\/person\\\/7dc56ad6c8e9824b76d2c08d4c140e13\",\"name\":\"Milan\",\"logo\":{\"@id\":\"https:\\\/\\\/www.apfelpatient.de\\\/#\\\/schema\\\/person\\\/image\\\/\"},\"description\":\"Hallo und herzlich willkommen auf meinem Technik-Blog! Als gro\u00dfer Apple-Fan berichte ich hier \u00fcber alles, was mit Apple zu tun hat: von den neuesten News und spannenden Ger\u00fcchten \u00fcber hilfreiche Tipps und Tricks bis hin zu ausf\u00fchrlichen Produkttests. Wenn du genauso technikbegeistert bist wie ich, bist du hier genau richtig!\",\"sameAs\":[\"https:\\\/\\\/www.facebook.com\\\/apfelpatientOfficial\",\"https:\\\/\\\/www.linkedin.com\\\/in\\\/milan-jovicic-42aa0231b\"],\"url\":\"https:\\\/\\\/www.apfelpatient.de\\\/en\\\/author\\\/apfeladmin\"}]}<\/script>\n<!-- \/ Yoast SEO Premium plugin. -->","yoast_head_json":{"title":"Apple vs. SpaceX: Satellite conflict becomes political","description":"Apple wants to expand its satellite service \u2013 but SpaceX is blocking the plans. It&#039;s all about frequencies, power, and political influence.","robots":{"index":"index","follow":"follow","max-snippet":"max-snippet:-1","max-image-preview":"max-image-preview:large","max-video-preview":"max-video-preview:-1"},"canonical":"https:\/\/www.apfelpatient.de\/en\/rumors\/apple-vs-spacex-satellite-conflict-becomes-political","og_locale":"en_US","og_type":"article","og_title":"Apple vs. SpaceX: Satellitenkonflikt wird politisch","og_description":"Apple will seinen Satellitendienst ausbauen \u2013 doch SpaceX blockiert die Pl\u00e4ne. Es geht um Frequenzen, Macht und politischen Einfluss.","og_url":"https:\/\/www.apfelpatient.de\/en\/rumors\/apple-vs-spacex-satellite-conflict-becomes-political","og_site_name":"Apfelpatient","article_publisher":"https:\/\/www.facebook.com\/apfelpatientOfficial","article_author":"https:\/\/www.facebook.com\/apfelpatientOfficial","article_published_time":"2025-03-31T14:49:56+00:00","article_modified_time":"2025-04-11T13:58:46+00:00","og_image":[{"width":1600,"height":1156,"url":"https:\/\/www.apfelpatient.de\/wp-content\/uploads\/2025\/03\/planet-volumes-HCK8YihP47Y-unsplash.jpg","type":"image\/jpeg"}],"author":"Milan","twitter_card":"summary_large_image","twitter_description":"Apple will seinen Satellitendienst ausbauen \u2013 doch SpaceX blockiert die Pl\u00e4ne. Es geht um Frequenzen, Macht und politischen Einfluss.","twitter_misc":{"Written by":"Milan","Est. reading time":"12 minutes"},"schema":{"@context":"https:\/\/schema.org","@graph":[{"@type":"NewsArticle","@id":"https:\/\/www.apfelpatient.de\/rumors\/apple-vs-spacex-satellitenkonflikt-wird-politisch#article","isPartOf":{"@id":"https:\/\/www.apfelpatient.de\/rumors\/apple-vs-spacex-satellitenkonflikt-wird-politisch"},"author":{"@type":"Organization","@id":"https:\/\/www.apfelpatient.de\/en\/#organization","name":"Apfelpatient","url":"https:\/\/www.apfelpatient.de\/en\/"},"headline":"Apple vs. SpaceX: Satellitenkonflikt wird politisch","datePublished":"2025-03-31T14:49:56+00:00","dateModified":"2025-04-11T13:58:46+00:00","mainEntityOfPage":{"@id":"https:\/\/www.apfelpatient.de\/rumors\/apple-vs-spacex-satellitenkonflikt-wird-politisch"},"wordCount":725,"publisher":{"@type":"Organization","@id":"https:\/\/www.apfelpatient.de\/en\/#organization","name":"Apfelpatient","url":"https:\/\/www.apfelpatient.de\/en\/"},"image":{"@id":"https:\/\/www.apfelpatient.de\/rumors\/apple-vs-spacex-satellitenkonflikt-wird-politisch#primaryimage"},"thumbnailUrl":"https:\/\/www.apfelpatient.de\/wp-content\/uploads\/2025\/03\/planet-volumes-HCK8YihP47Y-unsplash.jpg","keywords":["Apple Dienste","TechPatient"],"articleSection":"Rumors","inLanguage":"en-US","copyrightYear":"2025","copyrightHolder":{"@id":"https:\/\/www.apfelpatient.de\/en\/#organization"}},{"@type":"WebPage","@id":"https:\/\/www.apfelpatient.de\/rumors\/apple-vs-spacex-satellitenkonflikt-wird-politisch","url":"https:\/\/www.apfelpatient.de\/rumors\/apple-vs-spacex-satellitenkonflikt-wird-politisch","name":"Apple vs. SpaceX: Satellite conflict becomes political","isPartOf":{"@id":"https:\/\/www.apfelpatient.de\/#website"},"primaryImageOfPage":{"@id":"https:\/\/www.apfelpatient.de\/rumors\/apple-vs-spacex-satellitenkonflikt-wird-politisch#primaryimage"},"image":{"@id":"https:\/\/www.apfelpatient.de\/rumors\/apple-vs-spacex-satellitenkonflikt-wird-politisch#primaryimage"},"thumbnailUrl":"https:\/\/www.apfelpatient.de\/wp-content\/uploads\/2025\/03\/planet-volumes-HCK8YihP47Y-unsplash.jpg","datePublished":"2025-03-31T14:49:56+00:00","dateModified":"2025-04-11T13:58:46+00:00","description":"Apple wants to expand its satellite service \u2013 but SpaceX is blocking the plans. It&#039;s all about frequencies, power, and political influence.","breadcrumb":{"@id":"https:\/\/www.apfelpatient.de\/rumors\/apple-vs-spacex-satellitenkonflikt-wird-politisch#breadcrumb"},"inLanguage":"en-US","potentialAction":[{"@type":"ReadAction","target":["https:\/\/www.apfelpatient.de\/rumors\/apple-vs-spacex-satellitenkonflikt-wird-politisch"]}]},{"@type":"ImageObject","inLanguage":"en-US","@id":"https:\/\/www.apfelpatient.de\/rumors\/apple-vs-spacex-satellitenkonflikt-wird-politisch#primaryimage","url":"https:\/\/www.apfelpatient.de\/wp-content\/uploads\/2025\/03\/planet-volumes-HCK8YihP47Y-unsplash.jpg","contentUrl":"https:\/\/www.apfelpatient.de\/wp-content\/uploads\/2025\/03\/planet-volumes-HCK8YihP47Y-unsplash.jpg","width":1600,"height":1156,"caption":"Photo by Unsplash+ \/ Planet Volumes"},{"@type":"BreadcrumbList","@id":"https:\/\/www.apfelpatient.de\/rumors\/apple-vs-spacex-satellitenkonflikt-wird-politisch#breadcrumb","itemListElement":[{"@type":"ListItem","position":1,"name":"Startseite","item":"https:\/\/www.apfelpatient.de\/"},{"@type":"ListItem","position":2,"name":"Apple vs. SpaceX: Satellitenkonflikt wird politisch"}]},{"@type":"WebSite","@id":"https:\/\/www.apfelpatient.de\/#website","url":"https:\/\/www.apfelpatient.de\/","name":"apple patient","description":"Everything about Apple!","publisher":{"@type":"Organization","@id":"https:\/\/www.apfelpatient.de\/en\/#organization","name":"Apfelpatient","url":"https:\/\/www.apfelpatient.de\/en\/"},"alternateName":"Apfelpatient","potentialAction":[{"@type":"SearchAction","target":{"@type":"EntryPoint","urlTemplate":"https:\/\/www.apfelpatient.de\/?s={search_term_string}"},"query-input":{"@type":"PropertyValueSpecification","valueRequired":true,"valueName":"search_term_string"}}],"inLanguage":"en-US"},{"@type":["Person","Organization"],"@id":"https:\/\/www.apfelpatient.de\/#\/schema\/person\/7dc56ad6c8e9824b76d2c08d4c140e13","name":"Milan","logo":{"@id":"https:\/\/www.apfelpatient.de\/#\/schema\/person\/image\/"},"description":"Hello and welcome to my technology blog! As a big Apple fan, I report on everything to do with Apple: from the latest news and exciting rumors to helpful tips and tricks and detailed product tests. If you are as enthusiastic about technology as I am, you have come to the right place!","sameAs":["https:\/\/www.facebook.com\/apfelpatientOfficial","https:\/\/www.linkedin.com\/in\/milan-jovicic-42aa0231b"],"url":"https:\/\/www.apfelpatient.de\/en\/author\/apfeladmin"}]}},"_links":{"self":[{"href":"https:\/\/www.apfelpatient.de\/en\/wp-json\/wp\/v2\/posts\/53133","targetHints":{"allow":["GET"]}}],"collection":[{"href":"https:\/\/www.apfelpatient.de\/en\/wp-json\/wp\/v2\/posts"}],"about":[{"href":"https:\/\/www.apfelpatient.de\/en\/wp-json\/wp\/v2\/types\/post"}],"author":[{"embeddable":true,"href":"https:\/\/www.apfelpatient.de\/en\/wp-json\/wp\/v2\/users\/2"}],"replies":[{"embeddable":true,"href":"https:\/\/www.apfelpatient.de\/en\/wp-json\/wp\/v2\/comments?post=53133"}],"version-history":[{"count":0,"href":"https:\/\/www.apfelpatient.de\/en\/wp-json\/wp\/v2\/posts\/53133\/revisions"}],"wp:featuredmedia":[{"embeddable":true,"href":"https:\/\/www.apfelpatient.de\/en\/wp-json\/wp\/v2\/media\/53132"}],"wp:attachment":[{"href":"https:\/\/www.apfelpatient.de\/en\/wp-json\/wp\/v2\/media?parent=53133"}],"wp:term":[{"taxonomy":"category","embeddable":true,"href":"https:\/\/www.apfelpatient.de\/en\/wp-json\/wp\/v2\/categories?post=53133"},{"taxonomy":"post_tag","embeddable":true,"href":"https:\/\/www.apfelpatient.de\/en\/wp-json\/wp\/v2\/tags?post=53133"}],"curies":[{"name":"wp","href":"https:\/\/api.w.org\/{rel}","templated":true}]}}