{"id":5305,"date":"2019-07-25T12:00:55","date_gmt":"2019-07-25T10:00:55","guid":{"rendered":"https:\/\/www.apfelpatient.de\/?p=5305"},"modified":"2019-07-25T12:00:55","modified_gmt":"2019-07-25T10:00:55","slug":"new-attempt-samsung-galaxy-fold-will-be-released-in-september","status":"publish","type":"post","link":"https:\/\/www.apfelpatient.de\/en\/news\/neuer-versuch-samsung-galaxy-fold-erscheint-im-september","title":{"rendered":"New attempt \u2013 Samsung Galaxy Fold to be released in September"},"content":{"rendered":"<p><strong>The time has now come \u2013 Samsung\u2019s new folding smartphone will be launched in September \u2013 the company confirmed this on its own website.<\/strong><\/p>\n<p>After a truly embarrassing delay, Samsung announced the launch of its first foldable smartphone, the Galaxy Fold, for September this year. The device has undergone a redesign and is now said to be more reliable. The Korean tech giant posted a post saying the sales start would take place in September, but did not give an exact date. The original market launch was supposed to take place in April, but was canceled due to countless display problems. According to Samsung, the revised Galaxy Fold now has a special protective film that is supposed to protect the entire display from the ingress of dirt particles - and this can no longer be removed manually. Special reinforcements were added to the upper and lower hinges as part of the revision and are intended to keep particles out of sensitive areas, while additional metal layers under the Infinity Flex Display help to strengthen the mechanism.<\/p>\n<p><strong>Official launch date to follow<\/strong><\/p>\n<p class=\"p1\"><\/p>\n<p>In addition, the distance between the hinge and the device chassis has also been reduced. The optimizations are intended to help prevent display problems. These caused devastating criticism in the spring, which is why Samsung had to postpone the market launch. The improvements announced by Samsung are in line with earlier rumors about the new design of the Galaxy Fold. An official launch date is to be announced in the coming weeks. Of course, it remains to be seen whether the revision has been successful. <a href=\"https:\/\/www.amazon.de\/gp\/product\/B0792HCFTG\/ref=as_li_tl?ie=UTF8&amp;camp=1638&amp;creative=6742&amp;creativeASIN=B0792HCFTG&amp;linkCode=as2&amp;tag=apfelpatient-21&amp;linkId=9959448a103cab5ce6846b55fd9c0a10\" target=\"_blank\" rel=\"noopener noreferrer\">Amazon Echo Dot (3rd Gen.) for 19.99 euros \u2013 only for a short time<\/a><img decoding=\"async\" style=\"border: none !important; margin: 0px !important;\" src=\"\/\/ir-de.amazon-adsystem.com\/e\/ir?t=apfelpatient-21&amp;l=am2&amp;o=3&amp;a=B0792HCFTG\" alt=\"\" width=\"1\" height=\"1\" border=\"0\" \/> <em>(Image: Samsung)<\/em><\/p>","protected":false},"excerpt":{"rendered":"<p>Es soll nun soweit sein &#8211; Samsungs neues Falt-Smartphone wird im September auf den Markt kommen &#8211; das best\u00e4tigte der Konzern auf seiner eigenen Webpr\u00e4senz. Nach einer wirklich peinlichen Verz\u00f6gerung k\u00fcndigte Samsung den Start seines ersten klappbaren Smartphones, dem Galaxy Fold, f\u00fcr September diesen Jahres an. Das Ger\u00e4t wurde einem Redesign unterzogen und soll nun [&hellip;]<\/p>\n","protected":false},"author":2,"featured_media":0,"comment_status":"open","ping_status":"open","sticky":false,"template":"","format":"standard","meta":{"jnews-multi-image_gallery":[],"jnews_single_post":[],"jnews_primary_category":[],"footnotes":""},"categories":[9],"tags":[42,13],"class_list":["post-5305","post","type-post","status-publish","format-standard","hentry","category-news","tag-samsung","tag-techpatient"],"yoast_head":"<!-- This site is optimized with the Yoast SEO Premium plugin v27.5 (Yoast SEO v27.5) - https:\/\/yoast.com\/product\/yoast-seo-premium-wordpress\/ -->\n<title>Neuer Versuch - Samsung Galaxy Fold erscheint im September Apfelpatient<\/title>\n<meta name=\"description\" content=\"- Es soll nun soweit sein - Samsungs neues Falt-Smartphone wird im September auf den Markt kommen - das best\u00e4tigte der Konzern auf seiner eigenen Webpr\u00e4senz.\" \/>\n<meta name=\"robots\" content=\"index, follow, max-snippet:-1, max-image-preview:large, max-video-preview:-1\" \/>\n<link rel=\"canonical\" href=\"https:\/\/www.apfelpatient.de\/en\/news\/new-attempt-samsung-galaxy-fold-will-be-released-in-september\" \/>\n<meta property=\"og:locale\" content=\"en_US\" \/>\n<meta property=\"og:type\" content=\"article\" \/>\n<meta property=\"og:title\" content=\"Neuer Versuch - Samsung Galaxy Fold erscheint im September\" \/>\n<meta property=\"og:description\" content=\"- Es soll nun soweit sein - Samsungs neues Falt-Smartphone wird im September auf den Markt kommen - das best\u00e4tigte der Konzern auf seiner eigenen Webpr\u00e4senz.\" \/>\n<meta property=\"og:url\" content=\"https:\/\/www.apfelpatient.de\/en\/news\/new-attempt-samsung-galaxy-fold-will-be-released-in-september\" \/>\n<meta property=\"og:site_name\" content=\"Apfelpatient\" \/>\n<meta property=\"article:publisher\" content=\"https:\/\/www.facebook.com\/apfelpatientOfficial\" \/>\n<meta property=\"article:author\" content=\"https:\/\/www.facebook.com\/apfelpatientOfficial\" \/>\n<meta property=\"article:published_time\" content=\"2019-07-25T10:00:55+00:00\" \/>\n<meta property=\"og:image\" content=\"https:\/\/www.apfelpatient.de\/wp-content\/uploads\/2020\/09\/APP_Apfelpatient_RZ.png\" \/>\n\t<meta property=\"og:image:width\" content=\"992\" \/>\n\t<meta property=\"og:image:height\" content=\"992\" \/>\n\t<meta property=\"og:image:type\" content=\"image\/png\" \/>\n<meta name=\"author\" content=\"Milan\" \/>\n<meta name=\"twitter:card\" content=\"summary_large_image\" \/>\n<meta name=\"twitter:label1\" content=\"Written by\" \/>\n\t<meta name=\"twitter:data1\" content=\"Milan\" \/>\n\t<meta name=\"twitter:label2\" content=\"Est. reading time\" \/>\n\t<meta name=\"twitter:data2\" content=\"1 minute\" \/>\n<script type=\"application\/ld+json\" class=\"yoast-schema-graph\">{\"@context\":\"https:\\\/\\\/schema.org\",\"@graph\":[{\"@type\":\"NewsArticle\",\"@id\":\"https:\\\/\\\/www.apfelpatient.de\\\/news\\\/neuer-versuch-samsung-galaxy-fold-erscheint-im-september#article\",\"isPartOf\":{\"@id\":\"https:\\\/\\\/www.apfelpatient.de\\\/news\\\/neuer-versuch-samsung-galaxy-fold-erscheint-im-september\"},\"author\":{\"@type\":\"Organization\",\"@id\":\"https:\\\/\\\/www.apfelpatient.de\\\/en\\\/#organization\",\"name\":\"Apfelpatient\",\"url\":\"https:\\\/\\\/www.apfelpatient.de\\\/en\\\/\"},\"headline\":\"Neuer Versuch &#8211; Samsung Galaxy Fold erscheint im September\",\"datePublished\":\"2019-07-25T10:00:55+00:00\",\"mainEntityOfPage\":{\"@id\":\"https:\\\/\\\/www.apfelpatient.de\\\/news\\\/neuer-versuch-samsung-galaxy-fold-erscheint-im-september\"},\"wordCount\":281,\"commentCount\":0,\"publisher\":{\"@type\":\"Organization\",\"@id\":\"https:\\\/\\\/www.apfelpatient.de\\\/en\\\/#organization\",\"name\":\"Apfelpatient\",\"url\":\"https:\\\/\\\/www.apfelpatient.de\\\/en\\\/\"},\"keywords\":[\"Samsung\",\"TechPatient\"],\"articleSection\":\"News\",\"inLanguage\":\"en-US\",\"potentialAction\":[{\"@type\":\"CommentAction\",\"name\":\"Comment\",\"target\":[\"https:\\\/\\\/www.apfelpatient.de\\\/news\\\/neuer-versuch-samsung-galaxy-fold-erscheint-im-september#respond\"]}],\"copyrightYear\":\"2019\",\"copyrightHolder\":{\"@id\":\"https:\\\/\\\/www.apfelpatient.de\\\/en\\\/#organization\"}},{\"@type\":\"WebPage\",\"@id\":\"https:\\\/\\\/www.apfelpatient.de\\\/news\\\/neuer-versuch-samsung-galaxy-fold-erscheint-im-september\",\"url\":\"https:\\\/\\\/www.apfelpatient.de\\\/news\\\/neuer-versuch-samsung-galaxy-fold-erscheint-im-september\",\"name\":\"Neuer Versuch - Samsung Galaxy Fold erscheint im September Apfelpatient\",\"isPartOf\":{\"@id\":\"https:\\\/\\\/www.apfelpatient.de\\\/#website\"},\"datePublished\":\"2019-07-25T10:00:55+00:00\",\"description\":\"- Es soll nun soweit sein - Samsungs neues Falt-Smartphone wird im September auf den Markt kommen - das best\u00e4tigte der Konzern auf seiner eigenen Webpr\u00e4senz.\",\"breadcrumb\":{\"@id\":\"https:\\\/\\\/www.apfelpatient.de\\\/news\\\/neuer-versuch-samsung-galaxy-fold-erscheint-im-september#breadcrumb\"},\"inLanguage\":\"en-US\",\"potentialAction\":[{\"@type\":\"ReadAction\",\"target\":[\"https:\\\/\\\/www.apfelpatient.de\\\/news\\\/neuer-versuch-samsung-galaxy-fold-erscheint-im-september\"]}]},{\"@type\":\"BreadcrumbList\",\"@id\":\"https:\\\/\\\/www.apfelpatient.de\\\/news\\\/neuer-versuch-samsung-galaxy-fold-erscheint-im-september#breadcrumb\",\"itemListElement\":[{\"@type\":\"ListItem\",\"position\":1,\"name\":\"Startseite\",\"item\":\"https:\\\/\\\/www.apfelpatient.de\\\/\"},{\"@type\":\"ListItem\",\"position\":2,\"name\":\"Neuer Versuch &#8211; Samsung Galaxy Fold erscheint im September\"}]},{\"@type\":\"WebSite\",\"@id\":\"https:\\\/\\\/www.apfelpatient.de\\\/#website\",\"url\":\"https:\\\/\\\/www.apfelpatient.de\\\/\",\"name\":\"Apfelpatient\",\"description\":\"Alles rund um Apple!\",\"publisher\":{\"@type\":\"Organization\",\"@id\":\"https:\\\/\\\/www.apfelpatient.de\\\/en\\\/#organization\",\"name\":\"Apfelpatient\",\"url\":\"https:\\\/\\\/www.apfelpatient.de\\\/en\\\/\"},\"alternateName\":\"Apfelpatient\",\"potentialAction\":[{\"@type\":\"SearchAction\",\"target\":{\"@type\":\"EntryPoint\",\"urlTemplate\":\"https:\\\/\\\/www.apfelpatient.de\\\/?s={search_term_string}\"},\"query-input\":{\"@type\":\"PropertyValueSpecification\",\"valueRequired\":true,\"valueName\":\"search_term_string\"}}],\"inLanguage\":\"en-US\"},{\"@type\":[\"Person\",\"Organization\"],\"@id\":\"https:\\\/\\\/www.apfelpatient.de\\\/#\\\/schema\\\/person\\\/35b3ddba5832f2bfc7fff5206d4f6b7b\",\"name\":\"Milan\",\"logo\":{\"@id\":\"https:\\\/\\\/www.apfelpatient.de\\\/#\\\/schema\\\/person\\\/image\\\/\"},\"description\":\"Hallo und herzlich willkommen auf meinem Technik-Blog! Als gro\u00dfer Apple-Fan berichte ich hier \u00fcber alles, was mit Apple zu tun hat: von den neuesten News und spannenden Ger\u00fcchten \u00fcber hilfreiche Tipps und Tricks bis hin zu ausf\u00fchrlichen Produkttests. Wenn du genauso technikbegeistert bist wie ich, bist du hier genau richtig!\",\"sameAs\":[\"https:\\\/\\\/www.facebook.com\\\/apfelpatientOfficial\",\"https:\\\/\\\/www.linkedin.com\\\/in\\\/milan-jovicic-42aa0231b\"],\"url\":\"https:\\\/\\\/www.apfelpatient.de\\\/en\\\/author\\\/apfeladmin\"}]}<\/script>\n<!-- \/ Yoast SEO Premium plugin. -->","yoast_head_json":{"title":"New attempt - Samsung Galaxy Fold to be released in September Apfelpatient","description":"- The time has now come - Samsung&#039;s new folding smartphone will be launched in September - the company confirmed this on its own website.","robots":{"index":"index","follow":"follow","max-snippet":"max-snippet:-1","max-image-preview":"max-image-preview:large","max-video-preview":"max-video-preview:-1"},"canonical":"https:\/\/www.apfelpatient.de\/en\/news\/new-attempt-samsung-galaxy-fold-will-be-released-in-september","og_locale":"en_US","og_type":"article","og_title":"Neuer Versuch - Samsung Galaxy Fold erscheint im September","og_description":"- Es soll nun soweit sein - Samsungs neues Falt-Smartphone wird im September auf den Markt kommen - das best\u00e4tigte der Konzern auf seiner eigenen Webpr\u00e4senz.","og_url":"https:\/\/www.apfelpatient.de\/en\/news\/new-attempt-samsung-galaxy-fold-will-be-released-in-september","og_site_name":"Apfelpatient","article_publisher":"https:\/\/www.facebook.com\/apfelpatientOfficial","article_author":"https:\/\/www.facebook.com\/apfelpatientOfficial","article_published_time":"2019-07-25T10:00:55+00:00","og_image":[{"width":992,"height":992,"url":"https:\/\/www.apfelpatient.de\/wp-content\/uploads\/2020\/09\/APP_Apfelpatient_RZ.png","type":"image\/png"}],"author":"Milan","twitter_card":"summary_large_image","twitter_misc":{"Written by":"Milan","Est. reading time":"1 minute"},"schema":{"@context":"https:\/\/schema.org","@graph":[{"@type":"NewsArticle","@id":"https:\/\/www.apfelpatient.de\/news\/neuer-versuch-samsung-galaxy-fold-erscheint-im-september#article","isPartOf":{"@id":"https:\/\/www.apfelpatient.de\/news\/neuer-versuch-samsung-galaxy-fold-erscheint-im-september"},"author":{"@type":"Organization","@id":"https:\/\/www.apfelpatient.de\/en\/#organization","name":"Apfelpatient","url":"https:\/\/www.apfelpatient.de\/en\/"},"headline":"Neuer Versuch &#8211; Samsung Galaxy Fold erscheint im September","datePublished":"2019-07-25T10:00:55+00:00","mainEntityOfPage":{"@id":"https:\/\/www.apfelpatient.de\/news\/neuer-versuch-samsung-galaxy-fold-erscheint-im-september"},"wordCount":281,"commentCount":0,"publisher":{"@type":"Organization","@id":"https:\/\/www.apfelpatient.de\/en\/#organization","name":"Apfelpatient","url":"https:\/\/www.apfelpatient.de\/en\/"},"keywords":["Samsung","TechPatient"],"articleSection":"News","inLanguage":"en-US","potentialAction":[{"@type":"CommentAction","name":"Comment","target":["https:\/\/www.apfelpatient.de\/news\/neuer-versuch-samsung-galaxy-fold-erscheint-im-september#respond"]}],"copyrightYear":"2019","copyrightHolder":{"@id":"https:\/\/www.apfelpatient.de\/en\/#organization"}},{"@type":"WebPage","@id":"https:\/\/www.apfelpatient.de\/news\/neuer-versuch-samsung-galaxy-fold-erscheint-im-september","url":"https:\/\/www.apfelpatient.de\/news\/neuer-versuch-samsung-galaxy-fold-erscheint-im-september","name":"New attempt - Samsung Galaxy Fold to be released in September Apfelpatient","isPartOf":{"@id":"https:\/\/www.apfelpatient.de\/#website"},"datePublished":"2019-07-25T10:00:55+00:00","description":"- The time has now come - Samsung&#039;s new folding smartphone will be launched in September - the company confirmed this on its own website.","breadcrumb":{"@id":"https:\/\/www.apfelpatient.de\/news\/neuer-versuch-samsung-galaxy-fold-erscheint-im-september#breadcrumb"},"inLanguage":"en-US","potentialAction":[{"@type":"ReadAction","target":["https:\/\/www.apfelpatient.de\/news\/neuer-versuch-samsung-galaxy-fold-erscheint-im-september"]}]},{"@type":"BreadcrumbList","@id":"https:\/\/www.apfelpatient.de\/news\/neuer-versuch-samsung-galaxy-fold-erscheint-im-september#breadcrumb","itemListElement":[{"@type":"ListItem","position":1,"name":"Startseite","item":"https:\/\/www.apfelpatient.de\/"},{"@type":"ListItem","position":2,"name":"Neuer Versuch &#8211; Samsung Galaxy Fold erscheint im September"}]},{"@type":"WebSite","@id":"https:\/\/www.apfelpatient.de\/#website","url":"https:\/\/www.apfelpatient.de\/","name":"apple patient","description":"Everything about Apple!","publisher":{"@type":"Organization","@id":"https:\/\/www.apfelpatient.de\/en\/#organization","name":"Apfelpatient","url":"https:\/\/www.apfelpatient.de\/en\/"},"alternateName":"Apfelpatient","potentialAction":[{"@type":"SearchAction","target":{"@type":"EntryPoint","urlTemplate":"https:\/\/www.apfelpatient.de\/?s={search_term_string}"},"query-input":{"@type":"PropertyValueSpecification","valueRequired":true,"valueName":"search_term_string"}}],"inLanguage":"en-US"},{"@type":["Person","Organization"],"@id":"https:\/\/www.apfelpatient.de\/#\/schema\/person\/35b3ddba5832f2bfc7fff5206d4f6b7b","name":"Milan","logo":{"@id":"https:\/\/www.apfelpatient.de\/#\/schema\/person\/image\/"},"description":"Hello and welcome to my technology blog! As a big Apple fan, I report on everything to do with Apple: from the latest news and exciting rumors to helpful tips and tricks and detailed product tests. If you are as enthusiastic about technology as I am, you have come to the right place!","sameAs":["https:\/\/www.facebook.com\/apfelpatientOfficial","https:\/\/www.linkedin.com\/in\/milan-jovicic-42aa0231b"],"url":"https:\/\/www.apfelpatient.de\/en\/author\/apfeladmin"}]}},"_links":{"self":[{"href":"https:\/\/www.apfelpatient.de\/en\/wp-json\/wp\/v2\/posts\/5305","targetHints":{"allow":["GET"]}}],"collection":[{"href":"https:\/\/www.apfelpatient.de\/en\/wp-json\/wp\/v2\/posts"}],"about":[{"href":"https:\/\/www.apfelpatient.de\/en\/wp-json\/wp\/v2\/types\/post"}],"author":[{"embeddable":true,"href":"https:\/\/www.apfelpatient.de\/en\/wp-json\/wp\/v2\/users\/2"}],"replies":[{"embeddable":true,"href":"https:\/\/www.apfelpatient.de\/en\/wp-json\/wp\/v2\/comments?post=5305"}],"version-history":[{"count":0,"href":"https:\/\/www.apfelpatient.de\/en\/wp-json\/wp\/v2\/posts\/5305\/revisions"}],"wp:attachment":[{"href":"https:\/\/www.apfelpatient.de\/en\/wp-json\/wp\/v2\/media?parent=5305"}],"wp:term":[{"taxonomy":"category","embeddable":true,"href":"https:\/\/www.apfelpatient.de\/en\/wp-json\/wp\/v2\/categories?post=5305"},{"taxonomy":"post_tag","embeddable":true,"href":"https:\/\/www.apfelpatient.de\/en\/wp-json\/wp\/v2\/tags?post=5305"}],"curies":[{"name":"wp","href":"https:\/\/api.w.org\/{rel}","templated":true}]}}