{"id":52907,"date":"2025-03-20T22:26:51","date_gmt":"2025-03-20T21:26:51","guid":{"rendered":"https:\/\/www.apfelpatient.de\/?p=52907"},"modified":"2025-03-20T22:27:10","modified_gmt":"2025-03-20T21:27:10","slug":"apple-redesigns-siri-vision-pro-ceo-takes-over","status":"publish","type":"post","link":"https:\/\/www.apfelpatient.de\/en\/news\/apple-ueberarbeitet-siri-vision-pro-chef-uebernimmt-die-fuehrung","title":{"rendered":"Apple redesigns Siri \u2013 Vision Pro boss takes the lead"},"content":{"rendered":"<p class=\"has-drop-cap\"><strong>Apple has reshuffled its leadership team and placed the Siri team under new leadership. Mike Rockwell, previously responsible for Vision Pro, is taking over the voice assistant. The reason for this is delays in the introduction of new Apple Intelligence features, which are intended to more closely integrate artificial intelligence into Apple products. Apple CEO Tim Cook has reportedly lost confidence in the previous AI chief, John Giannandrea, at least with regard to implementation. Giannandrea will remain with the company but will lose direct influence over Siri.<\/strong><\/p>\n\n\n\n<p>The decision suggests that Apple is dissatisfied with the development of its voice assistant so far. Siri has repeatedly been criticized for its limited functionality, while competitors like Google and OpenAI have made great strides. The redesign could be an attempt to catch up.<\/p>\n\n\n\n<h3 class=\"wp-block-heading\" id=\"h-neustrukturierung-und-hintergrunde\">Restructuring and background<\/h3>\n\n\n\n<h4 class=\"wp-block-heading\" id=\"h-wechsel-in-der-fuhrung-von-siri\">Change in Siri leadership<\/h4>\n\n\n\n<p>According to a Bloomberg report, Apple has decided to redistribute responsibility for Siri. Mike Rockwell, who previously led the Vision Products Group, will take over the Siri team and report directly to Apple&#039;s software chief, Craig Federighi. John Giannandrea, who previously led Siri, will remain with Apple but lose control of the voice assistant. He will continue to oversee research and development of AI technologies, but will not lead the practical implementation of the Siri product.<\/p>\n\n\n\n<h4 class=\"wp-block-heading\" id=\"h-warum-apple-diesen-schritt-geht\">Why Apple is taking this step<\/h4>\n\n\n\n<p>The decision comes as no surprise. Apple was already struggling with internal issues in the further development of Siri in April 2023. The Vision Pro team reportedly expressed frustration with the voice assistant&#039;s limitations at the time. They even considered developing alternative control methods for the device to bypass Siri. Rockwell&#039;s now taking over responsibility for Siri suggests that Apple is planning a fundamental overhaul. Rockwell is said to have repeatedly criticized Siri in internal discussions and made suggestions for improvements. His experience with Vision Pro could help make the voice assistant more flexible and personalized.<\/p>\n\n\n\n<h4 class=\"wp-block-heading\" id=\"h-weitere-personalanderungen-im-siri-team\">Further personnel changes in the Siri team<\/h4>\n\n\n\n<p>In addition to Rockwell, two executives from his current team are moving to the Siri division. One of them is Aimee Nugent, who was officially transferred to the Siri department in recent days. She has a reputation for tackling difficult projects and is expected to help restructure the organization before Rockwell himself becomes more involved in the team. According to Bloomberg, Rockwell had long been considered as a possible successor to Giannandrea. The decision to finally place the Siri team under his leadership is likely a strategic move to advance the stagnating development of Apple&#039;s AI strategy.<\/p>\n\n\n\n<h4 class=\"wp-block-heading\" id=\"h-auswirkungen-auf-vision-pro\">Impact on Vision Pro<\/h4>\n\n\n\n<p>With Rockwell&#039;s move to Siri, the Vision Pro team also needs new leadership. Paul Meade, who was previously responsible for Vision Pro hardware development, will take over this role. He previously worked under Rockwell and will assume his previous responsibilities. The restructuring demonstrates that Apple wants to pay more attention to Siri without neglecting the continued development of Vision Pro. The question is how Rockwell&#039;s new role will affect the continued development of the mixed reality device and whether his vision for Siri is compatible with Giannandrea&#039;s existing AI research (via <a href=\"https:\/\/www.bloomberg.com\/news\/articles\/2025-03-20\/apple-vision-pro-chief-mike-rockwell-named-siri-head-giannandrea-keeps-ai-role?srnd=undefined\" target=\"_blank\" rel=\"noreferrer noopener\">Bloomberg<\/a>).<\/p>\n\n\n\n<h3 class=\"wp-block-heading\" id=\"h-apple-intelligence-und-siri-ein-neustart-mit-ungewisser-zukunft\">Apple Intelligence and Siri: A reboot with an uncertain future<\/h3>\n\n\n\n<p>With the redesign, Siri could finally receive a major overhaul. Apple is working to integrate AI more deeply into its products, and Siri is expected to play a central role in this. Until now, Apple&#039;s voice assistant has often been limited compared to its competitors. Google Assistant and Alexa offer more flexible responses, while OpenAI has reached a whole new level of AI-powered interaction with ChatGPT. Apple now apparently wants to catch up with a new strategy. It remains to be seen how Rockwell will further develop Siri and whether he will be able to push forward the integration of Apple Intelligence into the entire ecosystem. The coming months will show whether the redesign proves to be the right move or whether Apple will continue to struggle with delays and technical challenges. (Photo by Unsplash \/ Carles Rabada)<\/p>\n\n\n\n<ul class=\"wp-block-list\">\n<li><a href=\"https:\/\/www.apfelpatient.de\/en\/generally\/apple-vs-eu-why-iphone-users-are-now-at-a-disadvantage\">Apple vs. EU: Why iPhone users are now at a disadvantage<\/a><\/li>\n\n\n\n<li><a href=\"https:\/\/www.apfelpatient.de\/en\/generally\/apple-intelligence-and-siri-an-unfinished-promise\">Apple Intelligence and Siri: An unfinished promise<\/a><\/li>\n<\/ul>\n\n\n\n<h6 class=\"wp-block-heading translation-block\" id=\"h-kennt-ihr-schon-unsere-amazon-storefront-dort-findet-ihr-eine-handverlesene-auswahl-von-diversen-produkten-f-r-euer-iphone-und-co-viel-spa-beim-st-bern\"><em>Have you already visited our Amazon Storefront? There you&#039;ll find a hand-picked selection of various products for your iPhone and other devices \u2013 <span class=\"has-inline-color has-vivid-red-color\"><a href=\"https:\/\/www.amazon.de\/shop\/apfelpatientofficial\" class=\"ek-link\" data-wpel-link=\"exclude\" rel=\"follow noopener\" target=\"_self\"><span style=\"text-decoration: underline\" class=\"ek-underline\">enjoy browsing<\/span><\/a> !<\/span><\/em><\/h6>\n\n\n\n<h6 class=\"wp-block-heading translation-block\" id=\"h-der-beitrag-enthalt-partnerlinks\">This post contains <a data-type=\"URL\" data-id=\"https:\/\/www.apfelpatient.de\/partnerprogramm\" href=\"https:\/\/www.apfelpatient.de\/en\/partner-program\" data-wpel-link=\"internal\" target=\"_self\">affiliate links<\/a>.<\/h6>","protected":false},"excerpt":{"rendered":"<p>Apple restructures: Mike Rockwell now leads the Siri team. Delays in Apple Intelligence put the company under pressure.<\/p>","protected":false},"author":2,"featured_media":52906,"comment_status":"closed","ping_status":"closed","sticky":false,"template":"","format":"standard","meta":{"jnews-multi-image_gallery":[],"jnews_single_post":{"format":"standard","override":[{"template":"2","parallax":"1","fullscreen":"1","layout":"right-sidebar","sidebar":"default-sidebar","second_sidebar":"default-sidebar","sticky_sidebar":"1","share_position":"top","share_float_style":"share-monocrhome","show_featured":"1","show_post_meta":"1","show_post_author":"1","show_post_author_image":"1","show_post_date":"1","post_date_format":"default","post_date_format_custom":"Y\/m\/d","show_post_category":"1","show_post_reading_time":"0","post_reading_time_wpm":"300","post_calculate_word_method":"str_word_count","show_zoom_button":"0","zoom_button_out_step":"2","zoom_button_in_step":"3","show_post_tag":"1","show_prev_next_post":"1","show_popup_post":"1","number_popup_post":"1","show_author_box":"0","show_post_related":"0","show_inline_post_related":"0"}],"image_override":[{"single_post_thumbnail_size":"crop-500","single_post_gallery_size":"crop-500"}],"trending_post_position":"meta","trending_post_label":"Trending","sponsored_post_label":"Sponsored by","disable_ad":"0"},"jnews_primary_category":{"id":"9"},"footnotes":""},"categories":[9],"tags":[34,1109,80],"class_list":["post-52907","post","type-post","status-publish","format-standard","has-post-thumbnail","hentry","category-news","tag-apple-dienste","tag-apple-intelligence","tag-siri"],"yoast_head":"<!-- This site is optimized with the Yoast SEO Premium plugin v27.5 (Yoast SEO v27.5) - https:\/\/yoast.com\/product\/yoast-seo-premium-wordpress\/ -->\n<title>Apple \u00fcberarbeitet Siri \u2013 Vision-Pro-Chef \u00fcbernimmt die F\u00fchrung Apfelpatient<\/title>\n<meta name=\"description\" content=\"Apple strukturiert um: Mike Rockwell leitet jetzt das Siri-Team. Verz\u00f6gerungen bei Apple Intelligence setzen das Unternehmen unter Druck.\" \/>\n<meta name=\"robots\" content=\"index, follow, max-snippet:-1, max-image-preview:large, max-video-preview:-1\" \/>\n<link rel=\"canonical\" href=\"https:\/\/www.apfelpatient.de\/en\/news\/apple-redesigns-siri-vision-pro-ceo-takes-over\" \/>\n<meta property=\"og:locale\" content=\"en_US\" \/>\n<meta property=\"og:type\" content=\"article\" \/>\n<meta property=\"og:title\" content=\"Apple \u00fcberarbeitet Siri \u2013 Vision-Pro-Chef \u00fcbernimmt die F\u00fchrung\" \/>\n<meta property=\"og:description\" content=\"Apple strukturiert um: Mike Rockwell leitet jetzt das Siri-Team. Verz\u00f6gerungen bei Apple Intelligence setzen das Unternehmen unter Druck.\" \/>\n<meta property=\"og:url\" content=\"https:\/\/www.apfelpatient.de\/en\/news\/apple-redesigns-siri-vision-pro-ceo-takes-over\" \/>\n<meta property=\"og:site_name\" content=\"Apfelpatient\" \/>\n<meta property=\"article:publisher\" content=\"https:\/\/www.facebook.com\/apfelpatientOfficial\" \/>\n<meta property=\"article:author\" content=\"https:\/\/www.facebook.com\/apfelpatientOfficial\" \/>\n<meta property=\"article:published_time\" content=\"2025-03-20T21:26:51+00:00\" \/>\n<meta property=\"article:modified_time\" content=\"2025-03-20T21:27:10+00:00\" \/>\n<meta property=\"og:image\" content=\"https:\/\/www.apfelpatient.de\/wp-content\/uploads\/2025\/03\/carles-rabada-ktWur2xM1hs-unsplash.jpg\" \/>\n\t<meta property=\"og:image:width\" content=\"1600\" \/>\n\t<meta property=\"og:image:height\" content=\"899\" \/>\n\t<meta property=\"og:image:type\" content=\"image\/jpeg\" \/>\n<meta name=\"author\" content=\"Milan\" \/>\n<meta name=\"twitter:card\" content=\"summary_large_image\" \/>\n<meta name=\"twitter:description\" content=\"Apple strukturiert um: Mike Rockwell leitet jetzt das Siri-Team. Verz\u00f6gerungen bei Apple Intelligence setzen das Unternehmen unter Druck.\" \/>\n<meta name=\"twitter:label1\" content=\"Written by\" \/>\n\t<meta name=\"twitter:data1\" content=\"Milan\" \/>\n\t<meta name=\"twitter:label2\" content=\"Est. reading time\" \/>\n\t<meta name=\"twitter:data2\" content=\"4 minutes\" \/>\n<script type=\"application\/ld+json\" class=\"yoast-schema-graph\">{\"@context\":\"https:\\\/\\\/schema.org\",\"@graph\":[{\"@type\":\"NewsArticle\",\"@id\":\"https:\\\/\\\/www.apfelpatient.de\\\/news\\\/apple-ueberarbeitet-siri-vision-pro-chef-uebernimmt-die-fuehrung#article\",\"isPartOf\":{\"@id\":\"https:\\\/\\\/www.apfelpatient.de\\\/news\\\/apple-ueberarbeitet-siri-vision-pro-chef-uebernimmt-die-fuehrung\"},\"author\":{\"@type\":\"Organization\",\"@id\":\"https:\\\/\\\/www.apfelpatient.de\\\/en\\\/#organization\",\"name\":\"Apfelpatient\",\"url\":\"https:\\\/\\\/www.apfelpatient.de\\\/en\\\/\"},\"headline\":\"Apple \u00fcberarbeitet Siri \u2013 Vision-Pro-Chef \u00fcbernimmt die F\u00fchrung\",\"datePublished\":\"2025-03-20T21:26:51+00:00\",\"dateModified\":\"2025-03-20T21:27:10+00:00\",\"mainEntityOfPage\":{\"@id\":\"https:\\\/\\\/www.apfelpatient.de\\\/news\\\/apple-ueberarbeitet-siri-vision-pro-chef-uebernimmt-die-fuehrung\"},\"wordCount\":706,\"publisher\":{\"@type\":\"Organization\",\"@id\":\"https:\\\/\\\/www.apfelpatient.de\\\/en\\\/#organization\",\"name\":\"Apfelpatient\",\"url\":\"https:\\\/\\\/www.apfelpatient.de\\\/en\\\/\"},\"image\":{\"@id\":\"https:\\\/\\\/www.apfelpatient.de\\\/news\\\/apple-ueberarbeitet-siri-vision-pro-chef-uebernimmt-die-fuehrung#primaryimage\"},\"thumbnailUrl\":\"https:\\\/\\\/www.apfelpatient.de\\\/wp-content\\\/uploads\\\/2025\\\/03\\\/carles-rabada-ktWur2xM1hs-unsplash.jpg\",\"keywords\":[\"Apple Dienste\",\"Apple Intelligence\",\"Siri\"],\"articleSection\":\"News\",\"inLanguage\":\"en-US\",\"copyrightYear\":\"2025\",\"copyrightHolder\":{\"@id\":\"https:\\\/\\\/www.apfelpatient.de\\\/en\\\/#organization\"}},{\"@type\":\"WebPage\",\"@id\":\"https:\\\/\\\/www.apfelpatient.de\\\/news\\\/apple-ueberarbeitet-siri-vision-pro-chef-uebernimmt-die-fuehrung\",\"url\":\"https:\\\/\\\/www.apfelpatient.de\\\/news\\\/apple-ueberarbeitet-siri-vision-pro-chef-uebernimmt-die-fuehrung\",\"name\":\"Apple \u00fcberarbeitet Siri \u2013 Vision-Pro-Chef \u00fcbernimmt die F\u00fchrung Apfelpatient\",\"isPartOf\":{\"@id\":\"https:\\\/\\\/www.apfelpatient.de\\\/#website\"},\"primaryImageOfPage\":{\"@id\":\"https:\\\/\\\/www.apfelpatient.de\\\/news\\\/apple-ueberarbeitet-siri-vision-pro-chef-uebernimmt-die-fuehrung#primaryimage\"},\"image\":{\"@id\":\"https:\\\/\\\/www.apfelpatient.de\\\/news\\\/apple-ueberarbeitet-siri-vision-pro-chef-uebernimmt-die-fuehrung#primaryimage\"},\"thumbnailUrl\":\"https:\\\/\\\/www.apfelpatient.de\\\/wp-content\\\/uploads\\\/2025\\\/03\\\/carles-rabada-ktWur2xM1hs-unsplash.jpg\",\"datePublished\":\"2025-03-20T21:26:51+00:00\",\"dateModified\":\"2025-03-20T21:27:10+00:00\",\"description\":\"Apple strukturiert um: Mike Rockwell leitet jetzt das Siri-Team. Verz\u00f6gerungen bei Apple Intelligence setzen das Unternehmen unter Druck.\",\"breadcrumb\":{\"@id\":\"https:\\\/\\\/www.apfelpatient.de\\\/news\\\/apple-ueberarbeitet-siri-vision-pro-chef-uebernimmt-die-fuehrung#breadcrumb\"},\"inLanguage\":\"en-US\",\"potentialAction\":[{\"@type\":\"ReadAction\",\"target\":[\"https:\\\/\\\/www.apfelpatient.de\\\/news\\\/apple-ueberarbeitet-siri-vision-pro-chef-uebernimmt-die-fuehrung\"]}]},{\"@type\":\"ImageObject\",\"inLanguage\":\"en-US\",\"@id\":\"https:\\\/\\\/www.apfelpatient.de\\\/news\\\/apple-ueberarbeitet-siri-vision-pro-chef-uebernimmt-die-fuehrung#primaryimage\",\"url\":\"https:\\\/\\\/www.apfelpatient.de\\\/wp-content\\\/uploads\\\/2025\\\/03\\\/carles-rabada-ktWur2xM1hs-unsplash.jpg\",\"contentUrl\":\"https:\\\/\\\/www.apfelpatient.de\\\/wp-content\\\/uploads\\\/2025\\\/03\\\/carles-rabada-ktWur2xM1hs-unsplash.jpg\",\"width\":1600,\"height\":899,\"caption\":\"Photo by Unsplash \\\/ Carles Rabada\"},{\"@type\":\"BreadcrumbList\",\"@id\":\"https:\\\/\\\/www.apfelpatient.de\\\/news\\\/apple-ueberarbeitet-siri-vision-pro-chef-uebernimmt-die-fuehrung#breadcrumb\",\"itemListElement\":[{\"@type\":\"ListItem\",\"position\":1,\"name\":\"Startseite\",\"item\":\"https:\\\/\\\/www.apfelpatient.de\\\/\"},{\"@type\":\"ListItem\",\"position\":2,\"name\":\"Apple \u00fcberarbeitet Siri \u2013 Vision-Pro-Chef \u00fcbernimmt die F\u00fchrung\"}]},{\"@type\":\"WebSite\",\"@id\":\"https:\\\/\\\/www.apfelpatient.de\\\/#website\",\"url\":\"https:\\\/\\\/www.apfelpatient.de\\\/\",\"name\":\"Apfelpatient\",\"description\":\"Alles rund um Apple!\",\"publisher\":{\"@type\":\"Organization\",\"@id\":\"https:\\\/\\\/www.apfelpatient.de\\\/en\\\/#organization\",\"name\":\"Apfelpatient\",\"url\":\"https:\\\/\\\/www.apfelpatient.de\\\/en\\\/\"},\"alternateName\":\"Apfelpatient\",\"potentialAction\":[{\"@type\":\"SearchAction\",\"target\":{\"@type\":\"EntryPoint\",\"urlTemplate\":\"https:\\\/\\\/www.apfelpatient.de\\\/?s={search_term_string}\"},\"query-input\":{\"@type\":\"PropertyValueSpecification\",\"valueRequired\":true,\"valueName\":\"search_term_string\"}}],\"inLanguage\":\"en-US\"},{\"@type\":[\"Person\",\"Organization\"],\"@id\":\"https:\\\/\\\/www.apfelpatient.de\\\/#\\\/schema\\\/person\\\/7dc56ad6c8e9824b76d2c08d4c140e13\",\"name\":\"Milan\",\"logo\":{\"@id\":\"https:\\\/\\\/www.apfelpatient.de\\\/#\\\/schema\\\/person\\\/image\\\/\"},\"description\":\"Hallo und herzlich willkommen auf meinem Technik-Blog! Als gro\u00dfer Apple-Fan berichte ich hier \u00fcber alles, was mit Apple zu tun hat: von den neuesten News und spannenden Ger\u00fcchten \u00fcber hilfreiche Tipps und Tricks bis hin zu ausf\u00fchrlichen Produkttests. Wenn du genauso technikbegeistert bist wie ich, bist du hier genau richtig!\",\"sameAs\":[\"https:\\\/\\\/www.facebook.com\\\/apfelpatientOfficial\",\"https:\\\/\\\/www.linkedin.com\\\/in\\\/milan-jovicic-42aa0231b\"],\"url\":\"https:\\\/\\\/www.apfelpatient.de\\\/en\\\/author\\\/apfeladmin\"}]}<\/script>\n<!-- \/ Yoast SEO Premium plugin. -->","yoast_head_json":{"title":"Apple redesigns Siri \u2013 Vision Pro boss takes over leadership Apfelpatient","description":"Apple restructures: Mike Rockwell now leads the Siri team. Delays in Apple Intelligence put the company under pressure.","robots":{"index":"index","follow":"follow","max-snippet":"max-snippet:-1","max-image-preview":"max-image-preview:large","max-video-preview":"max-video-preview:-1"},"canonical":"https:\/\/www.apfelpatient.de\/en\/news\/apple-redesigns-siri-vision-pro-ceo-takes-over","og_locale":"en_US","og_type":"article","og_title":"Apple \u00fcberarbeitet Siri \u2013 Vision-Pro-Chef \u00fcbernimmt die F\u00fchrung","og_description":"Apple strukturiert um: Mike Rockwell leitet jetzt das Siri-Team. Verz\u00f6gerungen bei Apple Intelligence setzen das Unternehmen unter Druck.","og_url":"https:\/\/www.apfelpatient.de\/en\/news\/apple-redesigns-siri-vision-pro-ceo-takes-over","og_site_name":"Apfelpatient","article_publisher":"https:\/\/www.facebook.com\/apfelpatientOfficial","article_author":"https:\/\/www.facebook.com\/apfelpatientOfficial","article_published_time":"2025-03-20T21:26:51+00:00","article_modified_time":"2025-03-20T21:27:10+00:00","og_image":[{"width":1600,"height":899,"url":"https:\/\/www.apfelpatient.de\/wp-content\/uploads\/2025\/03\/carles-rabada-ktWur2xM1hs-unsplash.jpg","type":"image\/jpeg"}],"author":"Milan","twitter_card":"summary_large_image","twitter_description":"Apple strukturiert um: Mike Rockwell leitet jetzt das Siri-Team. Verz\u00f6gerungen bei Apple Intelligence setzen das Unternehmen unter Druck.","twitter_misc":{"Written by":"Milan","Est. reading time":"4 minutes"},"schema":{"@context":"https:\/\/schema.org","@graph":[{"@type":"NewsArticle","@id":"https:\/\/www.apfelpatient.de\/news\/apple-ueberarbeitet-siri-vision-pro-chef-uebernimmt-die-fuehrung#article","isPartOf":{"@id":"https:\/\/www.apfelpatient.de\/news\/apple-ueberarbeitet-siri-vision-pro-chef-uebernimmt-die-fuehrung"},"author":{"@type":"Organization","@id":"https:\/\/www.apfelpatient.de\/en\/#organization","name":"Apfelpatient","url":"https:\/\/www.apfelpatient.de\/en\/"},"headline":"Apple \u00fcberarbeitet Siri \u2013 Vision-Pro-Chef \u00fcbernimmt die F\u00fchrung","datePublished":"2025-03-20T21:26:51+00:00","dateModified":"2025-03-20T21:27:10+00:00","mainEntityOfPage":{"@id":"https:\/\/www.apfelpatient.de\/news\/apple-ueberarbeitet-siri-vision-pro-chef-uebernimmt-die-fuehrung"},"wordCount":706,"publisher":{"@type":"Organization","@id":"https:\/\/www.apfelpatient.de\/en\/#organization","name":"Apfelpatient","url":"https:\/\/www.apfelpatient.de\/en\/"},"image":{"@id":"https:\/\/www.apfelpatient.de\/news\/apple-ueberarbeitet-siri-vision-pro-chef-uebernimmt-die-fuehrung#primaryimage"},"thumbnailUrl":"https:\/\/www.apfelpatient.de\/wp-content\/uploads\/2025\/03\/carles-rabada-ktWur2xM1hs-unsplash.jpg","keywords":["Apple Dienste","Apple Intelligence","Siri"],"articleSection":"News","inLanguage":"en-US","copyrightYear":"2025","copyrightHolder":{"@id":"https:\/\/www.apfelpatient.de\/en\/#organization"}},{"@type":"WebPage","@id":"https:\/\/www.apfelpatient.de\/news\/apple-ueberarbeitet-siri-vision-pro-chef-uebernimmt-die-fuehrung","url":"https:\/\/www.apfelpatient.de\/news\/apple-ueberarbeitet-siri-vision-pro-chef-uebernimmt-die-fuehrung","name":"Apple redesigns Siri \u2013 Vision Pro boss takes over leadership Apfelpatient","isPartOf":{"@id":"https:\/\/www.apfelpatient.de\/#website"},"primaryImageOfPage":{"@id":"https:\/\/www.apfelpatient.de\/news\/apple-ueberarbeitet-siri-vision-pro-chef-uebernimmt-die-fuehrung#primaryimage"},"image":{"@id":"https:\/\/www.apfelpatient.de\/news\/apple-ueberarbeitet-siri-vision-pro-chef-uebernimmt-die-fuehrung#primaryimage"},"thumbnailUrl":"https:\/\/www.apfelpatient.de\/wp-content\/uploads\/2025\/03\/carles-rabada-ktWur2xM1hs-unsplash.jpg","datePublished":"2025-03-20T21:26:51+00:00","dateModified":"2025-03-20T21:27:10+00:00","description":"Apple restructures: Mike Rockwell now leads the Siri team. Delays in Apple Intelligence put the company under pressure.","breadcrumb":{"@id":"https:\/\/www.apfelpatient.de\/news\/apple-ueberarbeitet-siri-vision-pro-chef-uebernimmt-die-fuehrung#breadcrumb"},"inLanguage":"en-US","potentialAction":[{"@type":"ReadAction","target":["https:\/\/www.apfelpatient.de\/news\/apple-ueberarbeitet-siri-vision-pro-chef-uebernimmt-die-fuehrung"]}]},{"@type":"ImageObject","inLanguage":"en-US","@id":"https:\/\/www.apfelpatient.de\/news\/apple-ueberarbeitet-siri-vision-pro-chef-uebernimmt-die-fuehrung#primaryimage","url":"https:\/\/www.apfelpatient.de\/wp-content\/uploads\/2025\/03\/carles-rabada-ktWur2xM1hs-unsplash.jpg","contentUrl":"https:\/\/www.apfelpatient.de\/wp-content\/uploads\/2025\/03\/carles-rabada-ktWur2xM1hs-unsplash.jpg","width":1600,"height":899,"caption":"Photo by Unsplash \/ Carles Rabada"},{"@type":"BreadcrumbList","@id":"https:\/\/www.apfelpatient.de\/news\/apple-ueberarbeitet-siri-vision-pro-chef-uebernimmt-die-fuehrung#breadcrumb","itemListElement":[{"@type":"ListItem","position":1,"name":"Startseite","item":"https:\/\/www.apfelpatient.de\/"},{"@type":"ListItem","position":2,"name":"Apple \u00fcberarbeitet Siri \u2013 Vision-Pro-Chef \u00fcbernimmt die F\u00fchrung"}]},{"@type":"WebSite","@id":"https:\/\/www.apfelpatient.de\/#website","url":"https:\/\/www.apfelpatient.de\/","name":"apple patient","description":"Everything about Apple!","publisher":{"@type":"Organization","@id":"https:\/\/www.apfelpatient.de\/en\/#organization","name":"Apfelpatient","url":"https:\/\/www.apfelpatient.de\/en\/"},"alternateName":"Apfelpatient","potentialAction":[{"@type":"SearchAction","target":{"@type":"EntryPoint","urlTemplate":"https:\/\/www.apfelpatient.de\/?s={search_term_string}"},"query-input":{"@type":"PropertyValueSpecification","valueRequired":true,"valueName":"search_term_string"}}],"inLanguage":"en-US"},{"@type":["Person","Organization"],"@id":"https:\/\/www.apfelpatient.de\/#\/schema\/person\/7dc56ad6c8e9824b76d2c08d4c140e13","name":"Milan","logo":{"@id":"https:\/\/www.apfelpatient.de\/#\/schema\/person\/image\/"},"description":"Hello and welcome to my technology blog! As a big Apple fan, I report on everything to do with Apple: from the latest news and exciting rumors to helpful tips and tricks and detailed product tests. If you are as enthusiastic about technology as I am, you have come to the right place!","sameAs":["https:\/\/www.facebook.com\/apfelpatientOfficial","https:\/\/www.linkedin.com\/in\/milan-jovicic-42aa0231b"],"url":"https:\/\/www.apfelpatient.de\/en\/author\/apfeladmin"}]}},"_links":{"self":[{"href":"https:\/\/www.apfelpatient.de\/en\/wp-json\/wp\/v2\/posts\/52907","targetHints":{"allow":["GET"]}}],"collection":[{"href":"https:\/\/www.apfelpatient.de\/en\/wp-json\/wp\/v2\/posts"}],"about":[{"href":"https:\/\/www.apfelpatient.de\/en\/wp-json\/wp\/v2\/types\/post"}],"author":[{"embeddable":true,"href":"https:\/\/www.apfelpatient.de\/en\/wp-json\/wp\/v2\/users\/2"}],"replies":[{"embeddable":true,"href":"https:\/\/www.apfelpatient.de\/en\/wp-json\/wp\/v2\/comments?post=52907"}],"version-history":[{"count":0,"href":"https:\/\/www.apfelpatient.de\/en\/wp-json\/wp\/v2\/posts\/52907\/revisions"}],"wp:featuredmedia":[{"embeddable":true,"href":"https:\/\/www.apfelpatient.de\/en\/wp-json\/wp\/v2\/media\/52906"}],"wp:attachment":[{"href":"https:\/\/www.apfelpatient.de\/en\/wp-json\/wp\/v2\/media?parent=52907"}],"wp:term":[{"taxonomy":"category","embeddable":true,"href":"https:\/\/www.apfelpatient.de\/en\/wp-json\/wp\/v2\/categories?post=52907"},{"taxonomy":"post_tag","embeddable":true,"href":"https:\/\/www.apfelpatient.de\/en\/wp-json\/wp\/v2\/tags?post=52907"}],"curies":[{"name":"wp","href":"https:\/\/api.w.org\/{rel}","templated":true}]}}