{"id":52868,"date":"2025-03-24T19:10:34","date_gmt":"2025-03-24T18:10:34","guid":{"rendered":"https:\/\/www.apfelpatient.de\/?p=52868"},"modified":"2025-03-24T19:11:04","modified_gmt":"2025-03-24T18:11:04","slug":"apples-foldable-display-mac-or-ipad-whats-coming","status":"publish","type":"post","link":"https:\/\/www.apfelpatient.de\/en\/allgemein\/apples-faltbares-display-mac-oder-ipad-was-kommt","title":{"rendered":"Apple&#039;s foldable display: Mac or iPad \u2013 what&#039;s next?"},"content":{"rendered":"<p class=\"has-drop-cap\"><strong>Apple is working on a foldable device with a large display of approximately 19 inches. Rumors are conflicting: some sources refer to it as an iPad, others as a Mac. The reason for this disagreement lies primarily in the software Apple might use. There&#039;s no definitive information yet, but various analysts and insiders have provided initial clues about what Apple is planning.<\/strong><\/p>\n\n\n\n<p>Foldable displays are no longer a novelty. Samsung, Lenovo, and other manufacturers have already launched foldable smartphones and laptops. Apple, on the other hand, has so far remained reserved and hasn&#039;t released a single foldable device. In addition to speculation about a foldable iPhone, there are now hints of a larger Apple device with a foldable screen. The question is: Will it be an iPad or a Mac? Or could it be an entirely new product category?<\/p>\n\n\n\n<h4 class=\"wp-block-heading\" id=\"h-ist-es-ein-mac\">Is it a Mac?<\/h4>\n\n\n\n<p>Some reports speak of a MacBook with a single foldable display. This would be a significant departure from the current MacBook design, which, while foldable, always consists of two separate parts \u2013 screen and keyboard. According to analyst Ming-Chi Kuo, this device will have a screen size between 18.8 and 20.2 inches. Display expert Ross Young confirms that Apple is working on a notebook with an 18.8-inch display. The Wall Street Journal also reports on a MacBook with a foldable 19-inch screen. Such a device could have two different usage modes. When folded, it could be used like a MacBook with a virtual keyboard. When unfolded, it could serve as a large display for productive work with an external keyboard. This idea is reminiscent of Lenovo&#039;s ThinkPad X1 Fold, which also uses a foldable display.<\/p>\n\n\n\n<h4 class=\"wp-block-heading\" id=\"h-oder-doch-ein-ipad\">Or maybe an iPad?<\/h4>\n\n\n\n<p>Other sources assume it&#039;s an iPad. Mark Gurman of Bloomberg describes it as an iPad with a 20-inch display that folds down to 15.3 inches. Market research firm Omdia even talks about a foldable 20.3-inch iPad Pro, which will be equipped with OLED technology. Ming-Chi Kuo also initially described the device as a MacBook, but later referred to it as an iPad. He claims that Apple will install a carbon fiber kickstand to make the device stable. A foldable iPad would make sense for several reasons. The iPad is already a single-screen device that is operated by touch. A foldable model could offer more display space while still being compact to transport.<\/p>\n\n\n\n<h4 class=\"wp-block-heading\" id=\"h-oder-eine-mischung-aus-beidem\">Or a mixture of both?<\/h4>\n\n\n\n<p>Some insiders believe it&#039;s possible that Apple will develop a combination of iPad and Mac. Analyst Jeff Pu is talking about a hybrid device that will likely run macOS instead of iPadOS. This would be Apple&#039;s first Mac device to market with a touchscreen. macOS doesn&#039;t currently support touch input, but Apple could adapt the operating system accordingly. According to Mark Gurman, the company is working on changes to iOS 19 and macOS 16 to more closely unify the two operating systems. This could be a preparation for foldable devices or Macs with touchscreens. Such a hybrid model would have the advantage of being able to be used as both a large tablet and a laptop. It could combine the strengths of the iPad and Mac, which would be an attractive solution for many users.<\/p>\n\n\n\n<ul class=\"wp-block-list\">\n<li><a href=\"https:\/\/www.apfelpatient.de\/en\/rumors\/foldable-macbook-ipad-hybrid-device-to-be-released-with-macos\">Foldable MacBook-iPad hybrid device to be released with macOS<\/a><\/li>\n<\/ul>\n\n\n\n<h4 class=\"wp-block-heading\" id=\"h-wann-konnte-das-gerat-erscheinen\">When could the device be released?<\/h4>\n\n\n\n<p>Market launch predictions vary. Some analysts predict Apple will unveil the foldable iPad or Mac as early as 2026. Others expect a release between 2027 and 2028. If the device is due to be released next year, more leaks and more precise information should emerge soon. If that doesn&#039;t happen, a later launch is more likely.<\/p>\n\n\n\n<ul class=\"wp-block-list\">\n<li><a href=\"https:\/\/www.apfelpatient.de\/en\/rumors\/apple-plans-to-produce-foldable-iphones-and-ipads-in-2026\">Foldable iPhones and iPads: Apple plans production in 2026<\/a><\/li>\n\n\n\n<li><a href=\"https:\/\/www.apfelpatient.de\/en\/generally\/apples-foldable-iphone-is-taking-concrete-shape\">Apple&#039;s foldable iPhone is taking shape<\/a><\/li>\n<\/ul>\n\n\n\n<h3 class=\"wp-block-heading\" id=\"h-faltbares-apple-gerat-welche-produktlinie-passt-besser\">Foldable Apple device: Which product line is better?<\/h3>\n\n\n\n<p class=\"translation-block\">Whether Apple classifies its foldable, large-screen device as an iPad or a Mac depends primarily on the operating system. If it runs macOS, it will be considered a Mac. If Apple opts for iPadOS, it will be included in the iPad family. The most likely scenario, however, is a hybrid device that combines elements of both product lines. There&#039;s no official information yet, but if Apple is truly planning a foldable device, it could fundamentally change the way iPads and Macs are used. The coming months will reveal how concrete the plans are. The best products for you: Our <a href=\"https:\/\/www.amazon.de\/shop\/apfelpatientofficial\" target=\"_blank\" rel=\"noreferrer noopener follow\" data-wpel-link=\"exclude\">Amazon storefront<\/a> offers a wide selection of accessories, including those for HomeKit. (Photo by Unsplash+ \/ Planet Volumes)<\/p>\n\n\n\n<ul class=\"wp-block-list\">\n<li><a href=\"https:\/\/www.apfelpatient.de\/en\/generally\/iphone-fold-from-apple-this-new-information-changes-everything\">Apple&#039;s iPhone &quot;Fold&quot;: This new information changes everything<\/a><\/li>\n\n\n\n<li><a href=\"https:\/\/www.apfelpatient.de\/en\/rumors\/apple-optimizes-foldable-display-for-greater-efficiency\">Apple optimizes foldable display for greater efficiency<\/a><\/li>\n<\/ul>\n\n\n\n<h6 class=\"wp-block-heading translation-block\" id=\"h-kennt-ihr-schon-unsere-amazon-storefront-dort-findet-ihr-eine-handverlesene-auswahl-von-diversen-produkten-f-r-euer-iphone-und-co-viel-spa-beim-st-bern\"><em>Have you already visited our Amazon Storefront? There you&#039;ll find a hand-picked selection of various products for your iPhone and other devices \u2013 <span class=\"has-inline-color has-vivid-red-color\"><a href=\"https:\/\/www.amazon.de\/shop\/apfelpatientofficial\" class=\"ek-link\" data-wpel-link=\"exclude\" rel=\"follow noopener\" target=\"_self\"><span style=\"text-decoration: underline\" class=\"ek-underline\">enjoy browsing<\/span><\/a> !<\/span><\/em><\/h6>\n\n\n\n<h6 class=\"wp-block-heading translation-block\" id=\"h-der-beitrag-enthalt-partnerlinks\">This post contains <a data-type=\"URL\" data-id=\"https:\/\/www.apfelpatient.de\/partnerprogramm\" href=\"https:\/\/www.apfelpatient.de\/en\/partner-program\" data-wpel-link=\"internal\" target=\"_self\">affiliate links<\/a>.<\/h6>","protected":false},"excerpt":{"rendered":"<p>Apple is planning a foldable, large-screen device. Will it be an iPad, a Mac, or a completely new product? Here&#039;s what insiders are saying.<\/p>","protected":false},"author":2,"featured_media":52867,"comment_status":"closed","ping_status":"closed","sticky":false,"template":"","format":"standard","meta":{"jnews-multi-image_gallery":[],"jnews_single_post":{"format":"standard","override":[{"template":"2","parallax":"1","fullscreen":"1","layout":"right-sidebar","sidebar":"default-sidebar","second_sidebar":"default-sidebar","sticky_sidebar":"1","share_position":"top","share_float_style":"share-monocrhome","show_featured":"1","show_post_meta":"1","show_post_author":"1","show_post_author_image":"1","show_post_date":"1","post_date_format":"default","post_date_format_custom":"Y\/m\/d","show_post_category":"1","show_post_reading_time":"0","post_reading_time_wpm":"300","post_calculate_word_method":"str_word_count","show_zoom_button":"0","zoom_button_out_step":"2","zoom_button_in_step":"3","show_post_tag":"1","show_prev_next_post":"1","show_popup_post":"1","number_popup_post":"1","show_author_box":"0","show_post_related":"0","show_inline_post_related":"0"}],"image_override":[{"single_post_thumbnail_size":"crop-500","single_post_gallery_size":"crop-500"}],"trending_post_position":"meta","trending_post_label":"Trending","sponsored_post_label":"Sponsored by","disable_ad":"0"},"jnews_primary_category":{"id":"2"},"footnotes":""},"categories":[2],"tags":[18,40],"class_list":["post-52868","post","type-post","status-publish","format-standard","has-post-thumbnail","hentry","category-allgemein","tag-ipad","tag-mac"],"yoast_head":"<!-- This site is optimized with the Yoast SEO Premium plugin v27.5 (Yoast SEO v27.5) - https:\/\/yoast.com\/product\/yoast-seo-premium-wordpress\/ -->\n<title>Apple\u2019s faltbares Display: Mac oder iPad \u2013 was kommt? Apfelpatient<\/title>\n<meta name=\"description\" content=\"Apple plant ein faltbares Gro\u00dfbild-Ger\u00e4t. Ist es ein iPad, ein Mac oder ein v\u00f6llig neues Produkt? Hier erf\u00e4hrst du, was Insider sagen.\" \/>\n<meta name=\"robots\" content=\"index, follow, max-snippet:-1, max-image-preview:large, max-video-preview:-1\" \/>\n<link rel=\"canonical\" href=\"https:\/\/www.apfelpatient.de\/en\/generally\/apples-foldable-display-mac-or-ipad-whats-coming\" \/>\n<meta property=\"og:locale\" content=\"en_US\" \/>\n<meta property=\"og:type\" content=\"article\" \/>\n<meta property=\"og:title\" content=\"Apple\u2019s faltbares Display: Mac oder iPad \u2013 was kommt?\" \/>\n<meta property=\"og:description\" content=\"Apple plant ein faltbares Gro\u00dfbild-Ger\u00e4t. Ist es ein iPad, ein Mac oder ein v\u00f6llig neues Produkt? Hier erf\u00e4hrst du, was Insider sagen.\" \/>\n<meta property=\"og:url\" content=\"https:\/\/www.apfelpatient.de\/en\/generally\/apples-foldable-display-mac-or-ipad-whats-coming\" \/>\n<meta property=\"og:site_name\" content=\"Apfelpatient\" \/>\n<meta property=\"article:publisher\" content=\"https:\/\/www.facebook.com\/apfelpatientOfficial\" \/>\n<meta property=\"article:author\" content=\"https:\/\/www.facebook.com\/apfelpatientOfficial\" \/>\n<meta property=\"article:published_time\" content=\"2025-03-24T18:10:34+00:00\" \/>\n<meta property=\"article:modified_time\" content=\"2025-03-24T18:11:04+00:00\" \/>\n<meta property=\"og:image\" content=\"https:\/\/www.apfelpatient.de\/wp-content\/uploads\/2025\/03\/planet-volumes-2ubl5wOhtvY-unsplash.jpg\" \/>\n\t<meta property=\"og:image:width\" content=\"1600\" \/>\n\t<meta property=\"og:image:height\" content=\"921\" \/>\n\t<meta property=\"og:image:type\" content=\"image\/jpeg\" \/>\n<meta name=\"author\" content=\"Milan\" \/>\n<meta name=\"twitter:card\" content=\"summary_large_image\" \/>\n<meta name=\"twitter:description\" content=\"Apple plant ein faltbares Gro\u00dfbild-Ger\u00e4t. Ist es ein iPad, ein Mac oder ein v\u00f6llig neues Produkt? Hier erf\u00e4hrst du, was Insider sagen.\" \/>\n<meta name=\"twitter:label1\" content=\"Written by\" \/>\n\t<meta name=\"twitter:data1\" content=\"Milan\" \/>\n\t<meta name=\"twitter:label2\" content=\"Est. reading time\" \/>\n\t<meta name=\"twitter:data2\" content=\"5 minutes\" \/>\n<script type=\"application\/ld+json\" class=\"yoast-schema-graph\">{\"@context\":\"https:\\\/\\\/schema.org\",\"@graph\":[{\"@type\":\"NewsArticle\",\"@id\":\"https:\\\/\\\/www.apfelpatient.de\\\/allgemein\\\/apples-faltbares-display-mac-oder-ipad-was-kommt#article\",\"isPartOf\":{\"@id\":\"https:\\\/\\\/www.apfelpatient.de\\\/allgemein\\\/apples-faltbares-display-mac-oder-ipad-was-kommt\"},\"author\":{\"@type\":\"Organization\",\"@id\":\"https:\\\/\\\/www.apfelpatient.de\\\/en\\\/#organization\",\"name\":\"Apfelpatient\",\"url\":\"https:\\\/\\\/www.apfelpatient.de\\\/en\\\/\"},\"headline\":\"Apple\u2019s faltbares Display: Mac oder iPad \u2013 was kommt?\",\"datePublished\":\"2025-03-24T18:10:34+00:00\",\"dateModified\":\"2025-03-24T18:11:04+00:00\",\"mainEntityOfPage\":{\"@id\":\"https:\\\/\\\/www.apfelpatient.de\\\/allgemein\\\/apples-faltbares-display-mac-oder-ipad-was-kommt\"},\"wordCount\":806,\"publisher\":{\"@type\":\"Organization\",\"@id\":\"https:\\\/\\\/www.apfelpatient.de\\\/en\\\/#organization\",\"name\":\"Apfelpatient\",\"url\":\"https:\\\/\\\/www.apfelpatient.de\\\/en\\\/\"},\"image\":{\"@id\":\"https:\\\/\\\/www.apfelpatient.de\\\/allgemein\\\/apples-faltbares-display-mac-oder-ipad-was-kommt#primaryimage\"},\"thumbnailUrl\":\"https:\\\/\\\/www.apfelpatient.de\\\/wp-content\\\/uploads\\\/2025\\\/03\\\/planet-volumes-2ubl5wOhtvY-unsplash.jpg\",\"keywords\":[\"iPad\",\"Mac\"],\"articleSection\":\"Allgemein\",\"inLanguage\":\"en-US\",\"copyrightYear\":\"2025\",\"copyrightHolder\":{\"@id\":\"https:\\\/\\\/www.apfelpatient.de\\\/en\\\/#organization\"}},{\"@type\":\"WebPage\",\"@id\":\"https:\\\/\\\/www.apfelpatient.de\\\/allgemein\\\/apples-faltbares-display-mac-oder-ipad-was-kommt\",\"url\":\"https:\\\/\\\/www.apfelpatient.de\\\/allgemein\\\/apples-faltbares-display-mac-oder-ipad-was-kommt\",\"name\":\"Apple\u2019s faltbares Display: Mac oder iPad \u2013 was kommt? Apfelpatient\",\"isPartOf\":{\"@id\":\"https:\\\/\\\/www.apfelpatient.de\\\/#website\"},\"primaryImageOfPage\":{\"@id\":\"https:\\\/\\\/www.apfelpatient.de\\\/allgemein\\\/apples-faltbares-display-mac-oder-ipad-was-kommt#primaryimage\"},\"image\":{\"@id\":\"https:\\\/\\\/www.apfelpatient.de\\\/allgemein\\\/apples-faltbares-display-mac-oder-ipad-was-kommt#primaryimage\"},\"thumbnailUrl\":\"https:\\\/\\\/www.apfelpatient.de\\\/wp-content\\\/uploads\\\/2025\\\/03\\\/planet-volumes-2ubl5wOhtvY-unsplash.jpg\",\"datePublished\":\"2025-03-24T18:10:34+00:00\",\"dateModified\":\"2025-03-24T18:11:04+00:00\",\"description\":\"Apple plant ein faltbares Gro\u00dfbild-Ger\u00e4t. Ist es ein iPad, ein Mac oder ein v\u00f6llig neues Produkt? Hier erf\u00e4hrst du, was Insider sagen.\",\"breadcrumb\":{\"@id\":\"https:\\\/\\\/www.apfelpatient.de\\\/allgemein\\\/apples-faltbares-display-mac-oder-ipad-was-kommt#breadcrumb\"},\"inLanguage\":\"en-US\",\"potentialAction\":[{\"@type\":\"ReadAction\",\"target\":[\"https:\\\/\\\/www.apfelpatient.de\\\/allgemein\\\/apples-faltbares-display-mac-oder-ipad-was-kommt\"]}]},{\"@type\":\"ImageObject\",\"inLanguage\":\"en-US\",\"@id\":\"https:\\\/\\\/www.apfelpatient.de\\\/allgemein\\\/apples-faltbares-display-mac-oder-ipad-was-kommt#primaryimage\",\"url\":\"https:\\\/\\\/www.apfelpatient.de\\\/wp-content\\\/uploads\\\/2025\\\/03\\\/planet-volumes-2ubl5wOhtvY-unsplash.jpg\",\"contentUrl\":\"https:\\\/\\\/www.apfelpatient.de\\\/wp-content\\\/uploads\\\/2025\\\/03\\\/planet-volumes-2ubl5wOhtvY-unsplash.jpg\",\"width\":1600,\"height\":921,\"caption\":\"Photo by Unsplash+ \\\/ Planet Volumes\"},{\"@type\":\"BreadcrumbList\",\"@id\":\"https:\\\/\\\/www.apfelpatient.de\\\/allgemein\\\/apples-faltbares-display-mac-oder-ipad-was-kommt#breadcrumb\",\"itemListElement\":[{\"@type\":\"ListItem\",\"position\":1,\"name\":\"Startseite\",\"item\":\"https:\\\/\\\/www.apfelpatient.de\\\/\"},{\"@type\":\"ListItem\",\"position\":2,\"name\":\"Apple\u2019s faltbares Display: Mac oder iPad \u2013 was kommt?\"}]},{\"@type\":\"WebSite\",\"@id\":\"https:\\\/\\\/www.apfelpatient.de\\\/#website\",\"url\":\"https:\\\/\\\/www.apfelpatient.de\\\/\",\"name\":\"Apfelpatient\",\"description\":\"Alles rund um Apple!\",\"publisher\":{\"@type\":\"Organization\",\"@id\":\"https:\\\/\\\/www.apfelpatient.de\\\/en\\\/#organization\",\"name\":\"Apfelpatient\",\"url\":\"https:\\\/\\\/www.apfelpatient.de\\\/en\\\/\"},\"alternateName\":\"Apfelpatient\",\"potentialAction\":[{\"@type\":\"SearchAction\",\"target\":{\"@type\":\"EntryPoint\",\"urlTemplate\":\"https:\\\/\\\/www.apfelpatient.de\\\/?s={search_term_string}\"},\"query-input\":{\"@type\":\"PropertyValueSpecification\",\"valueRequired\":true,\"valueName\":\"search_term_string\"}}],\"inLanguage\":\"en-US\"},{\"@type\":[\"Person\",\"Organization\"],\"@id\":\"https:\\\/\\\/www.apfelpatient.de\\\/#\\\/schema\\\/person\\\/7dc56ad6c8e9824b76d2c08d4c140e13\",\"name\":\"Milan\",\"logo\":{\"@id\":\"https:\\\/\\\/www.apfelpatient.de\\\/#\\\/schema\\\/person\\\/image\\\/\"},\"description\":\"Hallo und herzlich willkommen auf meinem Technik-Blog! Als gro\u00dfer Apple-Fan berichte ich hier \u00fcber alles, was mit Apple zu tun hat: von den neuesten News und spannenden Ger\u00fcchten \u00fcber hilfreiche Tipps und Tricks bis hin zu ausf\u00fchrlichen Produkttests. Wenn du genauso technikbegeistert bist wie ich, bist du hier genau richtig!\",\"sameAs\":[\"https:\\\/\\\/www.facebook.com\\\/apfelpatientOfficial\",\"https:\\\/\\\/www.linkedin.com\\\/in\\\/milan-jovicic-42aa0231b\"],\"url\":\"https:\\\/\\\/www.apfelpatient.de\\\/en\\\/author\\\/apfeladmin\"}]}<\/script>\n<!-- \/ Yoast SEO Premium plugin. -->","yoast_head_json":{"title":"Apple&#039;s foldable display: Mac or iPad \u2013 what&#039;s next?","description":"Apple is planning a foldable, large-screen device. Will it be an iPad, a Mac, or a completely new product? Here&#039;s what insiders are saying.","robots":{"index":"index","follow":"follow","max-snippet":"max-snippet:-1","max-image-preview":"max-image-preview:large","max-video-preview":"max-video-preview:-1"},"canonical":"https:\/\/www.apfelpatient.de\/en\/generally\/apples-foldable-display-mac-or-ipad-whats-coming","og_locale":"en_US","og_type":"article","og_title":"Apple\u2019s faltbares Display: Mac oder iPad \u2013 was kommt?","og_description":"Apple plant ein faltbares Gro\u00dfbild-Ger\u00e4t. Ist es ein iPad, ein Mac oder ein v\u00f6llig neues Produkt? Hier erf\u00e4hrst du, was Insider sagen.","og_url":"https:\/\/www.apfelpatient.de\/en\/generally\/apples-foldable-display-mac-or-ipad-whats-coming","og_site_name":"Apfelpatient","article_publisher":"https:\/\/www.facebook.com\/apfelpatientOfficial","article_author":"https:\/\/www.facebook.com\/apfelpatientOfficial","article_published_time":"2025-03-24T18:10:34+00:00","article_modified_time":"2025-03-24T18:11:04+00:00","og_image":[{"width":1600,"height":921,"url":"https:\/\/www.apfelpatient.de\/wp-content\/uploads\/2025\/03\/planet-volumes-2ubl5wOhtvY-unsplash.jpg","type":"image\/jpeg"}],"author":"Milan","twitter_card":"summary_large_image","twitter_description":"Apple plant ein faltbares Gro\u00dfbild-Ger\u00e4t. Ist es ein iPad, ein Mac oder ein v\u00f6llig neues Produkt? Hier erf\u00e4hrst du, was Insider sagen.","twitter_misc":{"Written by":"Milan","Est. reading time":"5 minutes"},"schema":{"@context":"https:\/\/schema.org","@graph":[{"@type":"NewsArticle","@id":"https:\/\/www.apfelpatient.de\/allgemein\/apples-faltbares-display-mac-oder-ipad-was-kommt#article","isPartOf":{"@id":"https:\/\/www.apfelpatient.de\/allgemein\/apples-faltbares-display-mac-oder-ipad-was-kommt"},"author":{"@type":"Organization","@id":"https:\/\/www.apfelpatient.de\/en\/#organization","name":"Apfelpatient","url":"https:\/\/www.apfelpatient.de\/en\/"},"headline":"Apple\u2019s faltbares Display: Mac oder iPad \u2013 was kommt?","datePublished":"2025-03-24T18:10:34+00:00","dateModified":"2025-03-24T18:11:04+00:00","mainEntityOfPage":{"@id":"https:\/\/www.apfelpatient.de\/allgemein\/apples-faltbares-display-mac-oder-ipad-was-kommt"},"wordCount":806,"publisher":{"@type":"Organization","@id":"https:\/\/www.apfelpatient.de\/en\/#organization","name":"Apfelpatient","url":"https:\/\/www.apfelpatient.de\/en\/"},"image":{"@id":"https:\/\/www.apfelpatient.de\/allgemein\/apples-faltbares-display-mac-oder-ipad-was-kommt#primaryimage"},"thumbnailUrl":"https:\/\/www.apfelpatient.de\/wp-content\/uploads\/2025\/03\/planet-volumes-2ubl5wOhtvY-unsplash.jpg","keywords":["iPad","Mac"],"articleSection":"Allgemein","inLanguage":"en-US","copyrightYear":"2025","copyrightHolder":{"@id":"https:\/\/www.apfelpatient.de\/en\/#organization"}},{"@type":"WebPage","@id":"https:\/\/www.apfelpatient.de\/allgemein\/apples-faltbares-display-mac-oder-ipad-was-kommt","url":"https:\/\/www.apfelpatient.de\/allgemein\/apples-faltbares-display-mac-oder-ipad-was-kommt","name":"Apple&#039;s foldable display: Mac or iPad \u2013 what&#039;s next?","isPartOf":{"@id":"https:\/\/www.apfelpatient.de\/#website"},"primaryImageOfPage":{"@id":"https:\/\/www.apfelpatient.de\/allgemein\/apples-faltbares-display-mac-oder-ipad-was-kommt#primaryimage"},"image":{"@id":"https:\/\/www.apfelpatient.de\/allgemein\/apples-faltbares-display-mac-oder-ipad-was-kommt#primaryimage"},"thumbnailUrl":"https:\/\/www.apfelpatient.de\/wp-content\/uploads\/2025\/03\/planet-volumes-2ubl5wOhtvY-unsplash.jpg","datePublished":"2025-03-24T18:10:34+00:00","dateModified":"2025-03-24T18:11:04+00:00","description":"Apple is planning a foldable, large-screen device. Will it be an iPad, a Mac, or a completely new product? Here&#039;s what insiders are saying.","breadcrumb":{"@id":"https:\/\/www.apfelpatient.de\/allgemein\/apples-faltbares-display-mac-oder-ipad-was-kommt#breadcrumb"},"inLanguage":"en-US","potentialAction":[{"@type":"ReadAction","target":["https:\/\/www.apfelpatient.de\/allgemein\/apples-faltbares-display-mac-oder-ipad-was-kommt"]}]},{"@type":"ImageObject","inLanguage":"en-US","@id":"https:\/\/www.apfelpatient.de\/allgemein\/apples-faltbares-display-mac-oder-ipad-was-kommt#primaryimage","url":"https:\/\/www.apfelpatient.de\/wp-content\/uploads\/2025\/03\/planet-volumes-2ubl5wOhtvY-unsplash.jpg","contentUrl":"https:\/\/www.apfelpatient.de\/wp-content\/uploads\/2025\/03\/planet-volumes-2ubl5wOhtvY-unsplash.jpg","width":1600,"height":921,"caption":"Photo by Unsplash+ \/ Planet Volumes"},{"@type":"BreadcrumbList","@id":"https:\/\/www.apfelpatient.de\/allgemein\/apples-faltbares-display-mac-oder-ipad-was-kommt#breadcrumb","itemListElement":[{"@type":"ListItem","position":1,"name":"Startseite","item":"https:\/\/www.apfelpatient.de\/"},{"@type":"ListItem","position":2,"name":"Apple\u2019s faltbares Display: Mac oder iPad \u2013 was kommt?"}]},{"@type":"WebSite","@id":"https:\/\/www.apfelpatient.de\/#website","url":"https:\/\/www.apfelpatient.de\/","name":"apple patient","description":"Everything about Apple!","publisher":{"@type":"Organization","@id":"https:\/\/www.apfelpatient.de\/en\/#organization","name":"Apfelpatient","url":"https:\/\/www.apfelpatient.de\/en\/"},"alternateName":"Apfelpatient","potentialAction":[{"@type":"SearchAction","target":{"@type":"EntryPoint","urlTemplate":"https:\/\/www.apfelpatient.de\/?s={search_term_string}"},"query-input":{"@type":"PropertyValueSpecification","valueRequired":true,"valueName":"search_term_string"}}],"inLanguage":"en-US"},{"@type":["Person","Organization"],"@id":"https:\/\/www.apfelpatient.de\/#\/schema\/person\/7dc56ad6c8e9824b76d2c08d4c140e13","name":"Milan","logo":{"@id":"https:\/\/www.apfelpatient.de\/#\/schema\/person\/image\/"},"description":"Hello and welcome to my technology blog! As a big Apple fan, I report on everything to do with Apple: from the latest news and exciting rumors to helpful tips and tricks and detailed product tests. If you are as enthusiastic about technology as I am, you have come to the right place!","sameAs":["https:\/\/www.facebook.com\/apfelpatientOfficial","https:\/\/www.linkedin.com\/in\/milan-jovicic-42aa0231b"],"url":"https:\/\/www.apfelpatient.de\/en\/author\/apfeladmin"}]}},"_links":{"self":[{"href":"https:\/\/www.apfelpatient.de\/en\/wp-json\/wp\/v2\/posts\/52868","targetHints":{"allow":["GET"]}}],"collection":[{"href":"https:\/\/www.apfelpatient.de\/en\/wp-json\/wp\/v2\/posts"}],"about":[{"href":"https:\/\/www.apfelpatient.de\/en\/wp-json\/wp\/v2\/types\/post"}],"author":[{"embeddable":true,"href":"https:\/\/www.apfelpatient.de\/en\/wp-json\/wp\/v2\/users\/2"}],"replies":[{"embeddable":true,"href":"https:\/\/www.apfelpatient.de\/en\/wp-json\/wp\/v2\/comments?post=52868"}],"version-history":[{"count":0,"href":"https:\/\/www.apfelpatient.de\/en\/wp-json\/wp\/v2\/posts\/52868\/revisions"}],"wp:featuredmedia":[{"embeddable":true,"href":"https:\/\/www.apfelpatient.de\/en\/wp-json\/wp\/v2\/media\/52867"}],"wp:attachment":[{"href":"https:\/\/www.apfelpatient.de\/en\/wp-json\/wp\/v2\/media?parent=52868"}],"wp:term":[{"taxonomy":"category","embeddable":true,"href":"https:\/\/www.apfelpatient.de\/en\/wp-json\/wp\/v2\/categories?post=52868"},{"taxonomy":"post_tag","embeddable":true,"href":"https:\/\/www.apfelpatient.de\/en\/wp-json\/wp\/v2\/tags?post=52868"}],"curies":[{"name":"wp","href":"https:\/\/api.w.org\/{rel}","templated":true}]}}