{"id":5286,"date":"2019-07-23T14:23:47","date_gmt":"2019-07-23T12:23:47","guid":{"rendered":"https:\/\/www.apfelpatient.de\/?p=5286"},"modified":"2025-02-06T07:30:16","modified_gmt":"2025-02-06T06:30:16","slug":"homekit-and-airplay-2-support-on-lg-tvs-starts-next-week","status":"publish","type":"post","link":"https:\/\/www.apfelpatient.de\/en\/news\/homekit-und-airplay-2-support-auf-lg-tvs-startet-naechste-woche","title":{"rendered":"HomeKit and AirPlay 2 support on LG TVs starts next week"},"content":{"rendered":"<p><strong>At the beginning of the year it was announced that LG TVs would also be equipped with AirPlay 2 and HomeKit support. Now there is a launch date.<\/strong><\/p>\n<p>Smart TV manufacturer LG has announced details of the release date of the long-awaited update on Twitter. The update will be released next Monday and will officially introduce support for AirPlay 2 and HomeKit. In addition to the in-house update, iPhones and iPads must have iOS 12.4 or higher - according to the TV manufacturer. The supported devices are somewhat controversial. Only LG TVs from 2019 will be taken into account - the TV manufacturer announced this at the beginning of the year. This means that older TVs will not have the new functions.<\/p>\n<p><strong>Hoping for more choice<\/strong><\/p>\n<p class=\"p1\"><\/p>\n<p>With AirPlay 2 and HomeKit support, compatible TVs can be integrated directly into the Home app and connected to devices such as the HomePod. LG was one of the first TV manufacturers to announce support for AirPlay 2. It remains to be seen whether the update will really only appear on 2019 models - some believe that LG will expand the compatible product range to include 2018 devices - like competitor <a href=\"https:\/\/www.apfelpatient.de\/en\">Samsung<\/a>. <em>(Photo by Unsplash)<\/em><\/p>","protected":false},"excerpt":{"rendered":"<p>Anfang des Jahres wurde bekannt, dass auch LG TVs mit AirPlay 2 und HomeKit Support ausgestattet werden. Nun gibt es einen Starttermin. Der Smart TV Hersteller LG hat \u00fcber Twitter Details zum Erscheinungsdatum des langerwarteten Updates bekanntgegeben. Die Aktualisierung erscheint demnach bereits n\u00e4chste Woche Montag und f\u00fchrt offiziell die Unterst\u00fctzung von AirPlay 2 und HomeKit [&hellip;]<\/p>\n","protected":false},"author":2,"featured_media":5287,"comment_status":"open","ping_status":"open","sticky":false,"template":"","format":"standard","meta":{"jnews-multi-image_gallery":[],"jnews_single_post":[],"jnews_primary_category":[],"footnotes":""},"categories":[9],"tags":[207,34,208,209,13],"class_list":["post-5286","post","type-post","status-publish","format-standard","has-post-thumbnail","hentry","category-news","tag-airplay-2","tag-apple-dienste","tag-homekit","tag-smart-tv","tag-techpatient"],"yoast_head":"<!-- This site is optimized with the Yoast SEO Premium plugin v27.5 (Yoast SEO v27.5) - https:\/\/yoast.com\/product\/yoast-seo-premium-wordpress\/ -->\n<title>HomeKit und AirPlay 2 Support auf LG TVs startet n\u00e4chste Woche Apfelpatient<\/title>\n<meta name=\"description\" content=\"- Anfang des Jahres wurde bekannt, dass auch LG TVs mit AirPlay 2 und HomeKit Support ausgestattet werden. Nun gibt es einen Starttermin.\" \/>\n<meta name=\"robots\" content=\"index, follow, max-snippet:-1, max-image-preview:large, max-video-preview:-1\" \/>\n<link rel=\"canonical\" href=\"https:\/\/www.apfelpatient.de\/en\/news\/homekit-and-airplay-2-support-on-lg-tvs-starts-next-week\" \/>\n<meta property=\"og:locale\" content=\"en_US\" \/>\n<meta property=\"og:type\" content=\"article\" \/>\n<meta property=\"og:title\" content=\"HomeKit und AirPlay 2 Support auf LG TVs startet n\u00e4chste Woche\" \/>\n<meta property=\"og:description\" content=\"- Anfang des Jahres wurde bekannt, dass auch LG TVs mit AirPlay 2 und HomeKit Support ausgestattet werden. Nun gibt es einen Starttermin.\" \/>\n<meta property=\"og:url\" content=\"https:\/\/www.apfelpatient.de\/en\/news\/homekit-and-airplay-2-support-on-lg-tvs-starts-next-week\" \/>\n<meta property=\"og:site_name\" content=\"Apfelpatient\" \/>\n<meta property=\"article:publisher\" content=\"https:\/\/www.facebook.com\/apfelpatientOfficial\" \/>\n<meta property=\"article:author\" content=\"https:\/\/www.facebook.com\/apfelpatientOfficial\" \/>\n<meta property=\"article:published_time\" content=\"2019-07-23T12:23:47+00:00\" \/>\n<meta property=\"article:modified_time\" content=\"2025-02-06T06:30:16+00:00\" \/>\n<meta property=\"og:image\" content=\"https:\/\/www.apfelpatient.de\/wp-content\/uploads\/2019\/07\/jens-kreuter-ngMtsE5r9eI-unsplash.jpg\" \/>\n\t<meta property=\"og:image:width\" content=\"2000\" \/>\n\t<meta property=\"og:image:height\" content=\"1124\" \/>\n\t<meta property=\"og:image:type\" content=\"image\/jpeg\" \/>\n<meta name=\"author\" content=\"Milan\" \/>\n<meta name=\"twitter:card\" content=\"summary_large_image\" \/>\n<meta name=\"twitter:label1\" content=\"Written by\" \/>\n\t<meta name=\"twitter:data1\" content=\"Milan\" \/>\n\t<meta name=\"twitter:label2\" content=\"Est. reading time\" \/>\n\t<meta name=\"twitter:data2\" content=\"1 minute\" \/>\n<script type=\"application\/ld+json\" class=\"yoast-schema-graph\">{\"@context\":\"https:\\\/\\\/schema.org\",\"@graph\":[{\"@type\":\"NewsArticle\",\"@id\":\"https:\\\/\\\/www.apfelpatient.de\\\/news\\\/homekit-und-airplay-2-support-auf-lg-tvs-startet-naechste-woche#article\",\"isPartOf\":{\"@id\":\"https:\\\/\\\/www.apfelpatient.de\\\/news\\\/homekit-und-airplay-2-support-auf-lg-tvs-startet-naechste-woche\"},\"author\":{\"@type\":\"Organization\",\"@id\":\"https:\\\/\\\/www.apfelpatient.de\\\/en\\\/#organization\",\"name\":\"Apfelpatient\",\"url\":\"https:\\\/\\\/www.apfelpatient.de\\\/en\\\/\"},\"headline\":\"HomeKit und AirPlay 2 Support auf LG TVs startet n\u00e4chste Woche\",\"datePublished\":\"2019-07-23T12:23:47+00:00\",\"dateModified\":\"2025-02-06T06:30:16+00:00\",\"mainEntityOfPage\":{\"@id\":\"https:\\\/\\\/www.apfelpatient.de\\\/news\\\/homekit-und-airplay-2-support-auf-lg-tvs-startet-naechste-woche\"},\"wordCount\":209,\"commentCount\":0,\"publisher\":{\"@type\":\"Organization\",\"@id\":\"https:\\\/\\\/www.apfelpatient.de\\\/en\\\/#organization\",\"name\":\"Apfelpatient\",\"url\":\"https:\\\/\\\/www.apfelpatient.de\\\/en\\\/\"},\"image\":{\"@id\":\"https:\\\/\\\/www.apfelpatient.de\\\/news\\\/homekit-und-airplay-2-support-auf-lg-tvs-startet-naechste-woche#primaryimage\"},\"thumbnailUrl\":\"https:\\\/\\\/www.apfelpatient.de\\\/wp-content\\\/uploads\\\/2019\\\/07\\\/jens-kreuter-ngMtsE5r9eI-unsplash.jpg\",\"keywords\":[\"AirPlay 2\",\"Apple Dienste\",\"HomeKit\",\"Smart TV\",\"TechPatient\"],\"articleSection\":\"News\",\"inLanguage\":\"en-US\",\"potentialAction\":[{\"@type\":\"CommentAction\",\"name\":\"Comment\",\"target\":[\"https:\\\/\\\/www.apfelpatient.de\\\/news\\\/homekit-und-airplay-2-support-auf-lg-tvs-startet-naechste-woche#respond\"]}],\"copyrightYear\":\"2019\",\"copyrightHolder\":{\"@id\":\"https:\\\/\\\/www.apfelpatient.de\\\/en\\\/#organization\"}},{\"@type\":\"WebPage\",\"@id\":\"https:\\\/\\\/www.apfelpatient.de\\\/news\\\/homekit-und-airplay-2-support-auf-lg-tvs-startet-naechste-woche\",\"url\":\"https:\\\/\\\/www.apfelpatient.de\\\/news\\\/homekit-und-airplay-2-support-auf-lg-tvs-startet-naechste-woche\",\"name\":\"HomeKit und AirPlay 2 Support auf LG TVs startet n\u00e4chste Woche Apfelpatient\",\"isPartOf\":{\"@id\":\"https:\\\/\\\/www.apfelpatient.de\\\/#website\"},\"primaryImageOfPage\":{\"@id\":\"https:\\\/\\\/www.apfelpatient.de\\\/news\\\/homekit-und-airplay-2-support-auf-lg-tvs-startet-naechste-woche#primaryimage\"},\"image\":{\"@id\":\"https:\\\/\\\/www.apfelpatient.de\\\/news\\\/homekit-und-airplay-2-support-auf-lg-tvs-startet-naechste-woche#primaryimage\"},\"thumbnailUrl\":\"https:\\\/\\\/www.apfelpatient.de\\\/wp-content\\\/uploads\\\/2019\\\/07\\\/jens-kreuter-ngMtsE5r9eI-unsplash.jpg\",\"datePublished\":\"2019-07-23T12:23:47+00:00\",\"dateModified\":\"2025-02-06T06:30:16+00:00\",\"description\":\"- Anfang des Jahres wurde bekannt, dass auch LG TVs mit AirPlay 2 und HomeKit Support ausgestattet werden. Nun gibt es einen Starttermin.\",\"breadcrumb\":{\"@id\":\"https:\\\/\\\/www.apfelpatient.de\\\/news\\\/homekit-und-airplay-2-support-auf-lg-tvs-startet-naechste-woche#breadcrumb\"},\"inLanguage\":\"en-US\",\"potentialAction\":[{\"@type\":\"ReadAction\",\"target\":[\"https:\\\/\\\/www.apfelpatient.de\\\/news\\\/homekit-und-airplay-2-support-auf-lg-tvs-startet-naechste-woche\"]}]},{\"@type\":\"ImageObject\",\"inLanguage\":\"en-US\",\"@id\":\"https:\\\/\\\/www.apfelpatient.de\\\/news\\\/homekit-und-airplay-2-support-auf-lg-tvs-startet-naechste-woche#primaryimage\",\"url\":\"https:\\\/\\\/www.apfelpatient.de\\\/wp-content\\\/uploads\\\/2019\\\/07\\\/jens-kreuter-ngMtsE5r9eI-unsplash.jpg\",\"contentUrl\":\"https:\\\/\\\/www.apfelpatient.de\\\/wp-content\\\/uploads\\\/2019\\\/07\\\/jens-kreuter-ngMtsE5r9eI-unsplash.jpg\",\"width\":2000,\"height\":1124,\"caption\":\"Photo by Unsplash\"},{\"@type\":\"BreadcrumbList\",\"@id\":\"https:\\\/\\\/www.apfelpatient.de\\\/news\\\/homekit-und-airplay-2-support-auf-lg-tvs-startet-naechste-woche#breadcrumb\",\"itemListElement\":[{\"@type\":\"ListItem\",\"position\":1,\"name\":\"Startseite\",\"item\":\"https:\\\/\\\/www.apfelpatient.de\\\/\"},{\"@type\":\"ListItem\",\"position\":2,\"name\":\"HomeKit und AirPlay 2 Support auf LG TVs startet n\u00e4chste Woche\"}]},{\"@type\":\"WebSite\",\"@id\":\"https:\\\/\\\/www.apfelpatient.de\\\/#website\",\"url\":\"https:\\\/\\\/www.apfelpatient.de\\\/\",\"name\":\"Apfelpatient\",\"description\":\"Alles rund um Apple!\",\"publisher\":{\"@type\":\"Organization\",\"@id\":\"https:\\\/\\\/www.apfelpatient.de\\\/en\\\/#organization\",\"name\":\"Apfelpatient\",\"url\":\"https:\\\/\\\/www.apfelpatient.de\\\/en\\\/\"},\"alternateName\":\"Apfelpatient\",\"potentialAction\":[{\"@type\":\"SearchAction\",\"target\":{\"@type\":\"EntryPoint\",\"urlTemplate\":\"https:\\\/\\\/www.apfelpatient.de\\\/?s={search_term_string}\"},\"query-input\":{\"@type\":\"PropertyValueSpecification\",\"valueRequired\":true,\"valueName\":\"search_term_string\"}}],\"inLanguage\":\"en-US\"},{\"@type\":[\"Person\",\"Organization\"],\"@id\":\"https:\\\/\\\/www.apfelpatient.de\\\/#\\\/schema\\\/person\\\/35b3ddba5832f2bfc7fff5206d4f6b7b\",\"name\":\"Milan\",\"logo\":{\"@id\":\"https:\\\/\\\/www.apfelpatient.de\\\/#\\\/schema\\\/person\\\/image\\\/\"},\"description\":\"Hallo und herzlich willkommen auf meinem Technik-Blog! Als gro\u00dfer Apple-Fan berichte ich hier \u00fcber alles, was mit Apple zu tun hat: von den neuesten News und spannenden Ger\u00fcchten \u00fcber hilfreiche Tipps und Tricks bis hin zu ausf\u00fchrlichen Produkttests. Wenn du genauso technikbegeistert bist wie ich, bist du hier genau richtig!\",\"sameAs\":[\"https:\\\/\\\/www.facebook.com\\\/apfelpatientOfficial\",\"https:\\\/\\\/www.linkedin.com\\\/in\\\/milan-jovicic-42aa0231b\"],\"url\":\"https:\\\/\\\/www.apfelpatient.de\\\/en\\\/author\\\/apfeladmin\"}]}<\/script>\n<!-- \/ Yoast SEO Premium plugin. -->","yoast_head_json":{"title":"HomeKit and AirPlay 2 support on LG TVs starts next week Apfelpatient","description":"- At the beginning of the year it was announced that LG TVs would also be equipped with AirPlay 2 and HomeKit support. Now there is a launch date.","robots":{"index":"index","follow":"follow","max-snippet":"max-snippet:-1","max-image-preview":"max-image-preview:large","max-video-preview":"max-video-preview:-1"},"canonical":"https:\/\/www.apfelpatient.de\/en\/news\/homekit-and-airplay-2-support-on-lg-tvs-starts-next-week","og_locale":"en_US","og_type":"article","og_title":"HomeKit und AirPlay 2 Support auf LG TVs startet n\u00e4chste Woche","og_description":"- Anfang des Jahres wurde bekannt, dass auch LG TVs mit AirPlay 2 und HomeKit Support ausgestattet werden. Nun gibt es einen Starttermin.","og_url":"https:\/\/www.apfelpatient.de\/en\/news\/homekit-and-airplay-2-support-on-lg-tvs-starts-next-week","og_site_name":"Apfelpatient","article_publisher":"https:\/\/www.facebook.com\/apfelpatientOfficial","article_author":"https:\/\/www.facebook.com\/apfelpatientOfficial","article_published_time":"2019-07-23T12:23:47+00:00","article_modified_time":"2025-02-06T06:30:16+00:00","og_image":[{"width":2000,"height":1124,"url":"https:\/\/www.apfelpatient.de\/wp-content\/uploads\/2019\/07\/jens-kreuter-ngMtsE5r9eI-unsplash.jpg","type":"image\/jpeg"}],"author":"Milan","twitter_card":"summary_large_image","twitter_misc":{"Written by":"Milan","Est. reading time":"1 minute"},"schema":{"@context":"https:\/\/schema.org","@graph":[{"@type":"NewsArticle","@id":"https:\/\/www.apfelpatient.de\/news\/homekit-und-airplay-2-support-auf-lg-tvs-startet-naechste-woche#article","isPartOf":{"@id":"https:\/\/www.apfelpatient.de\/news\/homekit-und-airplay-2-support-auf-lg-tvs-startet-naechste-woche"},"author":{"@type":"Organization","@id":"https:\/\/www.apfelpatient.de\/en\/#organization","name":"Apfelpatient","url":"https:\/\/www.apfelpatient.de\/en\/"},"headline":"HomeKit und AirPlay 2 Support auf LG TVs startet n\u00e4chste Woche","datePublished":"2019-07-23T12:23:47+00:00","dateModified":"2025-02-06T06:30:16+00:00","mainEntityOfPage":{"@id":"https:\/\/www.apfelpatient.de\/news\/homekit-und-airplay-2-support-auf-lg-tvs-startet-naechste-woche"},"wordCount":209,"commentCount":0,"publisher":{"@type":"Organization","@id":"https:\/\/www.apfelpatient.de\/en\/#organization","name":"Apfelpatient","url":"https:\/\/www.apfelpatient.de\/en\/"},"image":{"@id":"https:\/\/www.apfelpatient.de\/news\/homekit-und-airplay-2-support-auf-lg-tvs-startet-naechste-woche#primaryimage"},"thumbnailUrl":"https:\/\/www.apfelpatient.de\/wp-content\/uploads\/2019\/07\/jens-kreuter-ngMtsE5r9eI-unsplash.jpg","keywords":["AirPlay 2","Apple Dienste","HomeKit","Smart TV","TechPatient"],"articleSection":"News","inLanguage":"en-US","potentialAction":[{"@type":"CommentAction","name":"Comment","target":["https:\/\/www.apfelpatient.de\/news\/homekit-und-airplay-2-support-auf-lg-tvs-startet-naechste-woche#respond"]}],"copyrightYear":"2019","copyrightHolder":{"@id":"https:\/\/www.apfelpatient.de\/en\/#organization"}},{"@type":"WebPage","@id":"https:\/\/www.apfelpatient.de\/news\/homekit-und-airplay-2-support-auf-lg-tvs-startet-naechste-woche","url":"https:\/\/www.apfelpatient.de\/news\/homekit-und-airplay-2-support-auf-lg-tvs-startet-naechste-woche","name":"HomeKit and AirPlay 2 support on LG TVs starts next week Apfelpatient","isPartOf":{"@id":"https:\/\/www.apfelpatient.de\/#website"},"primaryImageOfPage":{"@id":"https:\/\/www.apfelpatient.de\/news\/homekit-und-airplay-2-support-auf-lg-tvs-startet-naechste-woche#primaryimage"},"image":{"@id":"https:\/\/www.apfelpatient.de\/news\/homekit-und-airplay-2-support-auf-lg-tvs-startet-naechste-woche#primaryimage"},"thumbnailUrl":"https:\/\/www.apfelpatient.de\/wp-content\/uploads\/2019\/07\/jens-kreuter-ngMtsE5r9eI-unsplash.jpg","datePublished":"2019-07-23T12:23:47+00:00","dateModified":"2025-02-06T06:30:16+00:00","description":"- At the beginning of the year it was announced that LG TVs would also be equipped with AirPlay 2 and HomeKit support. Now there is a launch date.","breadcrumb":{"@id":"https:\/\/www.apfelpatient.de\/news\/homekit-und-airplay-2-support-auf-lg-tvs-startet-naechste-woche#breadcrumb"},"inLanguage":"en-US","potentialAction":[{"@type":"ReadAction","target":["https:\/\/www.apfelpatient.de\/news\/homekit-und-airplay-2-support-auf-lg-tvs-startet-naechste-woche"]}]},{"@type":"ImageObject","inLanguage":"en-US","@id":"https:\/\/www.apfelpatient.de\/news\/homekit-und-airplay-2-support-auf-lg-tvs-startet-naechste-woche#primaryimage","url":"https:\/\/www.apfelpatient.de\/wp-content\/uploads\/2019\/07\/jens-kreuter-ngMtsE5r9eI-unsplash.jpg","contentUrl":"https:\/\/www.apfelpatient.de\/wp-content\/uploads\/2019\/07\/jens-kreuter-ngMtsE5r9eI-unsplash.jpg","width":2000,"height":1124,"caption":"Photo by Unsplash"},{"@type":"BreadcrumbList","@id":"https:\/\/www.apfelpatient.de\/news\/homekit-und-airplay-2-support-auf-lg-tvs-startet-naechste-woche#breadcrumb","itemListElement":[{"@type":"ListItem","position":1,"name":"Startseite","item":"https:\/\/www.apfelpatient.de\/"},{"@type":"ListItem","position":2,"name":"HomeKit und AirPlay 2 Support auf LG TVs startet n\u00e4chste Woche"}]},{"@type":"WebSite","@id":"https:\/\/www.apfelpatient.de\/#website","url":"https:\/\/www.apfelpatient.de\/","name":"apple patient","description":"Everything about Apple!","publisher":{"@type":"Organization","@id":"https:\/\/www.apfelpatient.de\/en\/#organization","name":"Apfelpatient","url":"https:\/\/www.apfelpatient.de\/en\/"},"alternateName":"Apfelpatient","potentialAction":[{"@type":"SearchAction","target":{"@type":"EntryPoint","urlTemplate":"https:\/\/www.apfelpatient.de\/?s={search_term_string}"},"query-input":{"@type":"PropertyValueSpecification","valueRequired":true,"valueName":"search_term_string"}}],"inLanguage":"en-US"},{"@type":["Person","Organization"],"@id":"https:\/\/www.apfelpatient.de\/#\/schema\/person\/35b3ddba5832f2bfc7fff5206d4f6b7b","name":"Milan","logo":{"@id":"https:\/\/www.apfelpatient.de\/#\/schema\/person\/image\/"},"description":"Hello and welcome to my technology blog! As a big Apple fan, I report on everything to do with Apple: from the latest news and exciting rumors to helpful tips and tricks and detailed product tests. If you are as enthusiastic about technology as I am, you have come to the right place!","sameAs":["https:\/\/www.facebook.com\/apfelpatientOfficial","https:\/\/www.linkedin.com\/in\/milan-jovicic-42aa0231b"],"url":"https:\/\/www.apfelpatient.de\/en\/author\/apfeladmin"}]}},"_links":{"self":[{"href":"https:\/\/www.apfelpatient.de\/en\/wp-json\/wp\/v2\/posts\/5286","targetHints":{"allow":["GET"]}}],"collection":[{"href":"https:\/\/www.apfelpatient.de\/en\/wp-json\/wp\/v2\/posts"}],"about":[{"href":"https:\/\/www.apfelpatient.de\/en\/wp-json\/wp\/v2\/types\/post"}],"author":[{"embeddable":true,"href":"https:\/\/www.apfelpatient.de\/en\/wp-json\/wp\/v2\/users\/2"}],"replies":[{"embeddable":true,"href":"https:\/\/www.apfelpatient.de\/en\/wp-json\/wp\/v2\/comments?post=5286"}],"version-history":[{"count":0,"href":"https:\/\/www.apfelpatient.de\/en\/wp-json\/wp\/v2\/posts\/5286\/revisions"}],"wp:featuredmedia":[{"embeddable":true,"href":"https:\/\/www.apfelpatient.de\/en\/wp-json\/wp\/v2\/media\/5287"}],"wp:attachment":[{"href":"https:\/\/www.apfelpatient.de\/en\/wp-json\/wp\/v2\/media?parent=5286"}],"wp:term":[{"taxonomy":"category","embeddable":true,"href":"https:\/\/www.apfelpatient.de\/en\/wp-json\/wp\/v2\/categories?post=5286"},{"taxonomy":"post_tag","embeddable":true,"href":"https:\/\/www.apfelpatient.de\/en\/wp-json\/wp\/v2\/tags?post=5286"}],"curies":[{"name":"wp","href":"https:\/\/api.w.org\/{rel}","templated":true}]}}