{"id":52797,"date":"2025-03-19T00:06:07","date_gmt":"2025-03-18T23:06:07","guid":{"rendered":"https:\/\/www.apfelpatient.de\/?p=52797"},"modified":"2025-10-14T15:59:58","modified_gmt":"2025-10-14T13:59:58","slug":"apple-tv-these-are-the-highlights-in-spring-2025","status":"publish","type":"post","link":"https:\/\/www.apfelpatient.de\/en\/allgemein\/apple-tv-das-sind-die-highlights-im-fruehjahr-2025","title":{"rendered":"Apple TV+: These are the highlights for spring 2025"},"content":{"rendered":"<p class=\"has-drop-cap\"><strong>Apple TV+ has established itself as a serious streaming service in recent years. With high-quality original productions and successful series like Severance, Ted Lasso, and The Morning Show, the platform offers a range that stands out from the competition. Spring 2025 also features some exciting new releases. The streaming service continues to focus on exclusive content across a variety of genres\u2014from comedy and drama to science fiction and documentaries.<\/strong><\/p>\n\n\n\n<p>The program for the coming months is diverse. In addition to new series, there are also sequels to existing productions. Those interested in exciting dramas, satirical comedies, or gripping documentaries should find what they&#039;re looking for here. The list of announced titles is already long, and more may be added.<\/p>\n\n\n\n<h2 class=\"wp-block-heading\" id=\"h-die-neuen-inhalte-auf-apple-tv-im-uberblick\">Overview of the new content on Apple TV+<\/h2>\n\n\n\n<h3 class=\"wp-block-heading\" id=\"h-marz-comedy-gaming-und-sport\">March: Comedy, Gaming and Sports<\/h3>\n\n\n\n<h4 class=\"wp-block-heading\" id=\"h-the-studio-ab-26-marz\">The Studio (from March 26)<\/h4>\n\n\n\n<figure class=\"wp-block-image size-large\"><img decoding=\"async\" width=\"1024\" height=\"552\" src=\"https:\/\/www.apfelpatient.de\/wp-content\/uploads\/2024\/12\/The_Studio_Photo_010801-1024x552.jpg\" alt=\"The Studio\" class=\"wp-image-48631\" srcset=\"https:\/\/www.apfelpatient.de\/wp-content\/uploads\/2024\/12\/The_Studio_Photo_010801-1024x552.jpg 1024w, https:\/\/www.apfelpatient.de\/wp-content\/uploads\/2024\/12\/The_Studio_Photo_010801-300x162.jpg 300w, https:\/\/www.apfelpatient.de\/wp-content\/uploads\/2024\/12\/The_Studio_Photo_010801-768x414.jpg 768w, https:\/\/www.apfelpatient.de\/wp-content\/uploads\/2024\/12\/The_Studio_Photo_010801-1536x828.jpg 1536w, https:\/\/www.apfelpatient.de\/wp-content\/uploads\/2024\/12\/The_Studio_Photo_010801-750x405.jpg 750w, https:\/\/www.apfelpatient.de\/wp-content\/uploads\/2024\/12\/The_Studio_Photo_010801-1140x615.jpg 1140w, https:\/\/www.apfelpatient.de\/wp-content\/uploads\/2024\/12\/The_Studio_Photo_010801.jpg 1600w\" sizes=\"(max-width: 1024px) 100vw, 1024px\" \/><figcaption class=\"wp-element-caption\">Image: Apple<\/figcaption><\/figure>\n\n\n\n<p>This comedy series centers on Matt Remick, played by Seth Rogen, who takes over as the new head of a failing film studio. Along with a team of stressed-out executives, he battles narcissistic artists, overwhelmed producers, and the chaos of the film industry. Between casting decisions, marketing meetings, and award ceremonies, they constantly balance between success and professional ruin.<\/p>\n\n\n\n<h4 class=\"wp-block-heading\" id=\"h-side-quest-ab-26-marz\">Side Quest (from March 26)<\/h4>\n\n\n\n<figure class=\"wp-block-image size-large\"><img decoding=\"async\" width=\"1024\" height=\"428\" src=\"https:\/\/www.apfelpatient.de\/wp-content\/uploads\/2024\/12\/Apple_TV_Side_Quest_key_art-1024x428.jpg\" alt=\"Side Quest\" class=\"wp-image-48632\" srcset=\"https:\/\/www.apfelpatient.de\/wp-content\/uploads\/2024\/12\/Apple_TV_Side_Quest_key_art-1024x428.jpg 1024w, https:\/\/www.apfelpatient.de\/wp-content\/uploads\/2024\/12\/Apple_TV_Side_Quest_key_art-300x125.jpg 300w, https:\/\/www.apfelpatient.de\/wp-content\/uploads\/2024\/12\/Apple_TV_Side_Quest_key_art-768x321.jpg 768w, https:\/\/www.apfelpatient.de\/wp-content\/uploads\/2024\/12\/Apple_TV_Side_Quest_key_art-1536x642.jpg 1536w, https:\/\/www.apfelpatient.de\/wp-content\/uploads\/2024\/12\/Apple_TV_Side_Quest_key_art-750x314.jpg 750w, https:\/\/www.apfelpatient.de\/wp-content\/uploads\/2024\/12\/Apple_TV_Side_Quest_key_art-1140x477.jpg 1140w, https:\/\/www.apfelpatient.de\/wp-content\/uploads\/2024\/12\/Apple_TV_Side_Quest_key_art.jpg 1600w\" sizes=\"(max-width: 1024px) 100vw, 1024px\" \/><figcaption class=\"wp-element-caption\">Image: Apple<\/figcaption><\/figure>\n\n\n\n<p>This anthology spin-off of Mythic Quest tells stories from the gaming world in four episodes. It focuses not only on developers and players, but also on people indirectly influenced by the gaming universe\u2014including comic shop owners, orchestra musicians, and artists.<\/p>\n\n\n\n<h4 class=\"wp-block-heading\" id=\"h-fight-for-glory-2024-world-series-ab-28-marz\">Fight for Glory: 2024 World Series (from March 28)<\/h4>\n\n\n\n<figure class=\"wp-block-image size-large\"><img decoding=\"async\" width=\"1024\" height=\"683\" src=\"https:\/\/www.apfelpatient.de\/wp-content\/uploads\/2025\/03\/Fight_For_Glory_2024_World_Series_Photo_010303-1024x683.jpg\" alt=\"\" class=\"wp-image-52798\" srcset=\"https:\/\/www.apfelpatient.de\/wp-content\/uploads\/2025\/03\/Fight_For_Glory_2024_World_Series_Photo_010303-1024x683.jpg 1024w, https:\/\/www.apfelpatient.de\/wp-content\/uploads\/2025\/03\/Fight_For_Glory_2024_World_Series_Photo_010303-300x200.jpg 300w, https:\/\/www.apfelpatient.de\/wp-content\/uploads\/2025\/03\/Fight_For_Glory_2024_World_Series_Photo_010303-768x512.jpg 768w, https:\/\/www.apfelpatient.de\/wp-content\/uploads\/2025\/03\/Fight_For_Glory_2024_World_Series_Photo_010303-1536x1024.jpg 1536w, https:\/\/www.apfelpatient.de\/wp-content\/uploads\/2025\/03\/Fight_For_Glory_2024_World_Series_Photo_010303-18x12.jpg 18w, https:\/\/www.apfelpatient.de\/wp-content\/uploads\/2025\/03\/Fight_For_Glory_2024_World_Series_Photo_010303-750x500.jpg 750w, https:\/\/www.apfelpatient.de\/wp-content\/uploads\/2025\/03\/Fight_For_Glory_2024_World_Series_Photo_010303-1140x760.jpg 1140w, https:\/\/www.apfelpatient.de\/wp-content\/uploads\/2025\/03\/Fight_For_Glory_2024_World_Series_Photo_010303.jpg 1600w\" sizes=\"(max-width: 1024px) 100vw, 1024px\" \/><figcaption class=\"wp-element-caption\">Image: Apple<\/figcaption><\/figure>\n\n\n\n<p>This sports documentary follows the rivalry between the Yankees and the Dodgers during the past baseball season. In addition to game footage, it features behind-the-scenes footage, interviews with players and their families, and background stories about the intense playoffs.<\/p>\n\n\n\n<h4 class=\"wp-block-heading\" id=\"h-number-one-on-the-call-sheet-ab-28-marz\">Number One on the Call Sheet (from March 28th)<\/h4>\n\n\n\n<figure class=\"wp-block-image size-large\"><img decoding=\"async\" width=\"1024\" height=\"508\" src=\"https:\/\/www.apfelpatient.de\/wp-content\/uploads\/2025\/02\/Number_One_on_The_Call-Sheet_Trailer_Big_Image_01-1024x508.jpg\" alt=\"\" class=\"wp-image-52255\" srcset=\"https:\/\/www.apfelpatient.de\/wp-content\/uploads\/2025\/02\/Number_One_on_The_Call-Sheet_Trailer_Big_Image_01-1024x508.jpg 1024w, https:\/\/www.apfelpatient.de\/wp-content\/uploads\/2025\/02\/Number_One_on_The_Call-Sheet_Trailer_Big_Image_01-300x149.jpg 300w, https:\/\/www.apfelpatient.de\/wp-content\/uploads\/2025\/02\/Number_One_on_The_Call-Sheet_Trailer_Big_Image_01-768x381.jpg 768w, https:\/\/www.apfelpatient.de\/wp-content\/uploads\/2025\/02\/Number_One_on_The_Call-Sheet_Trailer_Big_Image_01-1536x762.jpg 1536w, https:\/\/www.apfelpatient.de\/wp-content\/uploads\/2025\/02\/Number_One_on_The_Call-Sheet_Trailer_Big_Image_01-18x9.jpg 18w, https:\/\/www.apfelpatient.de\/wp-content\/uploads\/2025\/02\/Number_One_on_The_Call-Sheet_Trailer_Big_Image_01-360x180.jpg 360w, https:\/\/www.apfelpatient.de\/wp-content\/uploads\/2025\/02\/Number_One_on_The_Call-Sheet_Trailer_Big_Image_01-750x372.jpg 750w, https:\/\/www.apfelpatient.de\/wp-content\/uploads\/2025\/02\/Number_One_on_The_Call-Sheet_Trailer_Big_Image_01-1140x566.jpg 1140w, https:\/\/www.apfelpatient.de\/wp-content\/uploads\/2025\/02\/Number_One_on_The_Call-Sheet_Trailer_Big_Image_01.jpg 1600w\" sizes=\"(max-width: 1024px) 100vw, 1024px\" \/><figcaption class=\"wp-element-caption\">Image: Apple<\/figcaption><\/figure>\n\n\n\n<p>This documentary explores the challenges faced by Black actors in Hollywood. Interviews with well-known performers, personal stories, and historical flashbacks paint a comprehensive picture of what it means to take on a leading role in the film industry.<\/p>\n\n\n\n<h3 class=\"wp-block-heading\" id=\"h-april-dramen-familienserien-und-franzosische-geschichte\">April: Dramas, family series and French history<\/h3>\n\n\n\n<h4 class=\"wp-block-heading\" id=\"h-your-friends-amp-neighbors-ab-11-april\">Your Friends &amp; Neighbors (from April 11th)<\/h4>\n\n\n\n<figure class=\"wp-block-image size-large\"><img decoding=\"async\" width=\"1024\" height=\"683\" src=\"https:\/\/www.apfelpatient.de\/wp-content\/uploads\/2025\/03\/Your_Friends_Neighbors_Photo_010902-1024x683.jpg\" alt=\"\" class=\"wp-image-52799\" srcset=\"https:\/\/www.apfelpatient.de\/wp-content\/uploads\/2025\/03\/Your_Friends_Neighbors_Photo_010902-1024x683.jpg 1024w, https:\/\/www.apfelpatient.de\/wp-content\/uploads\/2025\/03\/Your_Friends_Neighbors_Photo_010902-300x200.jpg 300w, https:\/\/www.apfelpatient.de\/wp-content\/uploads\/2025\/03\/Your_Friends_Neighbors_Photo_010902-768x512.jpg 768w, https:\/\/www.apfelpatient.de\/wp-content\/uploads\/2025\/03\/Your_Friends_Neighbors_Photo_010902-1536x1024.jpg 1536w, https:\/\/www.apfelpatient.de\/wp-content\/uploads\/2025\/03\/Your_Friends_Neighbors_Photo_010902-18x12.jpg 18w, https:\/\/www.apfelpatient.de\/wp-content\/uploads\/2025\/03\/Your_Friends_Neighbors_Photo_010902-750x500.jpg 750w, https:\/\/www.apfelpatient.de\/wp-content\/uploads\/2025\/03\/Your_Friends_Neighbors_Photo_010902-1140x760.jpg 1140w, https:\/\/www.apfelpatient.de\/wp-content\/uploads\/2025\/03\/Your_Friends_Neighbors_Photo_010902.jpg 1600w\" sizes=\"(max-width: 1024px) 100vw, 1024px\" \/><figcaption class=\"wp-element-caption\">Image: Apple<\/figcaption><\/figure>\n\n\n\n<p>This drama series centers on a hedge fund manager who, after his divorce, begins stealing from his wealthy neighbors. In the process, he uncovers secrets that are more dangerous than he thought.<\/p>\n\n\n\n<h4 class=\"wp-block-heading\" id=\"h-government-cheese-ab-16-april\">Government Cheese (from April 16th)<\/h4>\n\n\n\n<figure class=\"wp-block-image size-large\"><img decoding=\"async\" width=\"1024\" height=\"683\" src=\"https:\/\/www.apfelpatient.de\/wp-content\/uploads\/2024\/12\/Government_Cheese_Photo_011001-1024x683.jpg\" alt=\"Government Cheese\" class=\"wp-image-48634\" srcset=\"https:\/\/www.apfelpatient.de\/wp-content\/uploads\/2024\/12\/Government_Cheese_Photo_011001-1024x683.jpg 1024w, https:\/\/www.apfelpatient.de\/wp-content\/uploads\/2024\/12\/Government_Cheese_Photo_011001-300x200.jpg 300w, https:\/\/www.apfelpatient.de\/wp-content\/uploads\/2024\/12\/Government_Cheese_Photo_011001-768x512.jpg 768w, https:\/\/www.apfelpatient.de\/wp-content\/uploads\/2024\/12\/Government_Cheese_Photo_011001-1536x1024.jpg 1536w, https:\/\/www.apfelpatient.de\/wp-content\/uploads\/2024\/12\/Government_Cheese_Photo_011001-750x500.jpg 750w, https:\/\/www.apfelpatient.de\/wp-content\/uploads\/2024\/12\/Government_Cheese_Photo_011001-1140x760.jpg 1140w, https:\/\/www.apfelpatient.de\/wp-content\/uploads\/2024\/12\/Government_Cheese_Photo_011001.jpg 1600w\" sizes=\"(max-width: 1024px) 100vw, 1024px\" \/><figcaption class=\"wp-element-caption\">Image: Apple<\/figcaption><\/figure>\n\n\n\n<p>Set in the San Fernando Valley in 1969, this comedy series tells the story of an eccentric family pursuing their unrealistic dreams. Main character Hampton Chambers is released from prison and discovers that his family has long since gone their separate ways.<\/p>\n\n\n\n<h4 class=\"wp-block-heading\" id=\"h-jane-staffel-3-ab-18-april\">Jane \u2013 Season 3 (from April 18)<\/h4>\n\n\n\n<figure class=\"wp-block-image size-large\"><img decoding=\"async\" width=\"1024\" height=\"508\" src=\"https:\/\/www.apfelpatient.de\/wp-content\/uploads\/2025\/03\/Jane_Photo_020505-1024x508.jpg\" alt=\"\" class=\"wp-image-52800\" srcset=\"https:\/\/www.apfelpatient.de\/wp-content\/uploads\/2025\/03\/Jane_Photo_020505-1024x508.jpg 1024w, https:\/\/www.apfelpatient.de\/wp-content\/uploads\/2025\/03\/Jane_Photo_020505-300x149.jpg 300w, https:\/\/www.apfelpatient.de\/wp-content\/uploads\/2025\/03\/Jane_Photo_020505-768x381.jpg 768w, https:\/\/www.apfelpatient.de\/wp-content\/uploads\/2025\/03\/Jane_Photo_020505-1536x762.jpg 1536w, https:\/\/www.apfelpatient.de\/wp-content\/uploads\/2025\/03\/Jane_Photo_020505-18x9.jpg 18w, https:\/\/www.apfelpatient.de\/wp-content\/uploads\/2025\/03\/Jane_Photo_020505-360x180.jpg 360w, https:\/\/www.apfelpatient.de\/wp-content\/uploads\/2025\/03\/Jane_Photo_020505-750x372.jpg 750w, https:\/\/www.apfelpatient.de\/wp-content\/uploads\/2025\/03\/Jane_Photo_020505-1140x566.jpg 1140w, https:\/\/www.apfelpatient.de\/wp-content\/uploads\/2025\/03\/Jane_Photo_020505.jpg 1600w\" sizes=\"(max-width: 1024px) 100vw, 1024px\" \/><figcaption class=\"wp-element-caption\">Image: Apple<\/figcaption><\/figure>\n\n\n\n<p>The family series about young environmentalist Jane continues. In the new season, she travels the world with her friends to save endangered animals.<\/p>\n\n\n\n<h4 class=\"wp-block-heading\" id=\"h-careme-ab-30-april\">Car\u00eame (from April 30)<\/h4>\n\n\n\n<figure class=\"wp-block-image size-large\"><img decoding=\"async\" width=\"1024\" height=\"681\" src=\"https:\/\/www.apfelpatient.de\/wp-content\/uploads\/2025\/03\/Careme_Photo_010601-1024x681.jpg\" alt=\"\" class=\"wp-image-52801\" srcset=\"https:\/\/www.apfelpatient.de\/wp-content\/uploads\/2025\/03\/Careme_Photo_010601-1024x681.jpg 1024w, https:\/\/www.apfelpatient.de\/wp-content\/uploads\/2025\/03\/Careme_Photo_010601-300x200.jpg 300w, https:\/\/www.apfelpatient.de\/wp-content\/uploads\/2025\/03\/Careme_Photo_010601-768x511.jpg 768w, https:\/\/www.apfelpatient.de\/wp-content\/uploads\/2025\/03\/Careme_Photo_010601-1536x1021.jpg 1536w, https:\/\/www.apfelpatient.de\/wp-content\/uploads\/2025\/03\/Careme_Photo_010601-18x12.jpg 18w, https:\/\/www.apfelpatient.de\/wp-content\/uploads\/2025\/03\/Careme_Photo_010601-750x499.jpg 750w, https:\/\/www.apfelpatient.de\/wp-content\/uploads\/2025\/03\/Careme_Photo_010601-1140x758.jpg 1140w, https:\/\/www.apfelpatient.de\/wp-content\/uploads\/2025\/03\/Careme_Photo_010601.jpg 1600w\" sizes=\"(max-width: 1024px) 100vw, 1024px\" \/><figcaption class=\"wp-element-caption\">Image: Apple<\/figcaption><\/figure>\n\n\n\n<p>This French drama tells the story of Antonin Car\u00eame, the world&#039;s first celebrity chef. The ambitious chef attracts the attention of powerful politicians and becomes embroiled in political intrigue. In addition to his pursuit of fame, he must decide what is more important to him: success or personal integrity.<\/p>\n\n\n\n<h3 class=\"wp-block-heading\" id=\"h-mai-science-fiction-burgerrechte-und-musiklegenden\">May: Science fiction, civil rights and music legends<\/h3>\n\n\n\n<h4 class=\"wp-block-heading\" id=\"h-murderbot-ab-16-mai\">Murderbot (from May 16)<\/h4>\n\n\n\n<figure class=\"wp-block-image size-large\"><img decoding=\"async\" width=\"1024\" height=\"576\" src=\"https:\/\/www.apfelpatient.de\/wp-content\/uploads\/2025\/02\/Murderbot_010201-1024x576.jpg\" alt=\"Apple TV+ Murderbot\" class=\"wp-image-51956\" srcset=\"https:\/\/www.apfelpatient.de\/wp-content\/uploads\/2025\/02\/Murderbot_010201-1024x576.jpg 1024w, https:\/\/www.apfelpatient.de\/wp-content\/uploads\/2025\/02\/Murderbot_010201-300x169.jpg 300w, https:\/\/www.apfelpatient.de\/wp-content\/uploads\/2025\/02\/Murderbot_010201-768x432.jpg 768w, https:\/\/www.apfelpatient.de\/wp-content\/uploads\/2025\/02\/Murderbot_010201-1536x864.jpg 1536w, https:\/\/www.apfelpatient.de\/wp-content\/uploads\/2025\/02\/Murderbot_010201-18x10.jpg 18w, https:\/\/www.apfelpatient.de\/wp-content\/uploads\/2025\/02\/Murderbot_010201-750x422.jpg 750w, https:\/\/www.apfelpatient.de\/wp-content\/uploads\/2025\/02\/Murderbot_010201-1140x641.jpg 1140w, https:\/\/www.apfelpatient.de\/wp-content\/uploads\/2025\/02\/Murderbot_010201.jpg 1600w\" sizes=\"(max-width: 1024px) 100vw, 1024px\" \/><figcaption class=\"wp-element-caption\">Image: Apple<\/figcaption><\/figure>\n\n\n\n<p>The sci-fi series is based on the award-winning book series by Martha Wells. A self-hacking security construct, which is supposed to show no emotion, develops an unexpected compassion for the people it is supposed to protect. While it must keep its existence secret, it is caught up in a dangerous mission.<\/p>\n\n\n\n<ul class=\"wp-block-list\">\n<li><a href=\"https:\/\/www.apfelpatient.de\/en\/news\/murderbot-apple-tv-announces-launch-date-for-new-sci-fi-series\">Murderbot: Apple TV+ announces launch date for new sci-fi series<\/a><\/li>\n<\/ul>\n\n\n\n<h4 class=\"wp-block-heading\" id=\"h-deaf-president-now-ab-16-mai\">Deaf President Now! (from May 16th)<\/h4>\n\n\n\n<figure class=\"wp-block-image size-large\"><img decoding=\"async\" width=\"1024\" height=\"675\" src=\"https:\/\/www.apfelpatient.de\/wp-content\/uploads\/2025\/03\/Deaf_President_Now_Photo_0101-1024x675.jpg\" alt=\"\" class=\"wp-image-52802\" srcset=\"https:\/\/www.apfelpatient.de\/wp-content\/uploads\/2025\/03\/Deaf_President_Now_Photo_0101-1024x675.jpg 1024w, https:\/\/www.apfelpatient.de\/wp-content\/uploads\/2025\/03\/Deaf_President_Now_Photo_0101-300x198.jpg 300w, https:\/\/www.apfelpatient.de\/wp-content\/uploads\/2025\/03\/Deaf_President_Now_Photo_0101-768x506.jpg 768w, https:\/\/www.apfelpatient.de\/wp-content\/uploads\/2025\/03\/Deaf_President_Now_Photo_0101-1536x1012.jpg 1536w, https:\/\/www.apfelpatient.de\/wp-content\/uploads\/2025\/03\/Deaf_President_Now_Photo_0101-18x12.jpg 18w, https:\/\/www.apfelpatient.de\/wp-content\/uploads\/2025\/03\/Deaf_President_Now_Photo_0101-750x494.jpg 750w, https:\/\/www.apfelpatient.de\/wp-content\/uploads\/2025\/03\/Deaf_President_Now_Photo_0101-1140x751.jpg 1140w, https:\/\/www.apfelpatient.de\/wp-content\/uploads\/2025\/03\/Deaf_President_Now_Photo_0101.jpg 1600w\" sizes=\"(max-width: 1024px) 100vw, 1024px\" \/><figcaption class=\"wp-element-caption\">Image: Apple<\/figcaption><\/figure>\n\n\n\n<p>This documentary explores the protests at Gallaudet University in 1988. Students demonstrated for eight days until the university appointed its first deaf president. The protest was a turning point for the Civil Rights Movement and paved the way for the Americans with Disabilities Act in the United States.<\/p>\n\n\n\n<h4 class=\"wp-block-heading\" id=\"h-bono-stories-of-surrender-ab-30-mai\">Bono: Stories of Surrender (from May 30th)<\/h4>\n\n\n\n<figure class=\"wp-block-image size-large\"><img decoding=\"async\" width=\"1024\" height=\"576\" src=\"https:\/\/www.apfelpatient.de\/wp-content\/uploads\/2025\/02\/022625_Bono_Stories_of_Surrender_Announcement_Post_Big_Image_01-1024x576.jpg\" alt=\"Apple TV+ Bono: Stories of Surrender\" class=\"wp-image-52135\" srcset=\"https:\/\/www.apfelpatient.de\/wp-content\/uploads\/2025\/02\/022625_Bono_Stories_of_Surrender_Announcement_Post_Big_Image_01-1024x576.jpg 1024w, https:\/\/www.apfelpatient.de\/wp-content\/uploads\/2025\/02\/022625_Bono_Stories_of_Surrender_Announcement_Post_Big_Image_01-300x169.jpg 300w, https:\/\/www.apfelpatient.de\/wp-content\/uploads\/2025\/02\/022625_Bono_Stories_of_Surrender_Announcement_Post_Big_Image_01-768x432.jpg 768w, https:\/\/www.apfelpatient.de\/wp-content\/uploads\/2025\/02\/022625_Bono_Stories_of_Surrender_Announcement_Post_Big_Image_01-1536x864.jpg 1536w, https:\/\/www.apfelpatient.de\/wp-content\/uploads\/2025\/02\/022625_Bono_Stories_of_Surrender_Announcement_Post_Big_Image_01-18x10.jpg 18w, https:\/\/www.apfelpatient.de\/wp-content\/uploads\/2025\/02\/022625_Bono_Stories_of_Surrender_Announcement_Post_Big_Image_01-750x422.jpg 750w, https:\/\/www.apfelpatient.de\/wp-content\/uploads\/2025\/02\/022625_Bono_Stories_of_Surrender_Announcement_Post_Big_Image_01-1140x641.jpg 1140w, https:\/\/www.apfelpatient.de\/wp-content\/uploads\/2025\/02\/022625_Bono_Stories_of_Surrender_Announcement_Post_Big_Image_01.jpg 1600w\" sizes=\"(max-width: 1024px) 100vw, 1024px\" \/><figcaption class=\"wp-element-caption\">Image: Apple<\/figcaption><\/figure>\n\n\n\n<p>This documentary offers insights into the life of U2 frontman Bono. The production combines personal narratives with live music and previously unreleased footage from his tour.<\/p>\n\n\n\n<ul class=\"wp-block-list\">\n<li><a href=\"https:\/\/www.apfelpatient.de\/en\/news\/apple-tv-bono-stories-of-surrender-starts-in-may\">Apple TV+: \u201cBono: Stories of Surrender\u201d starts in May<\/a><\/li>\n<\/ul>\n\n\n\n<h3 class=\"wp-block-heading\" id=\"h-juni-golf-und-humor\">June: Golf and Humor<\/h3>\n\n\n\n<h4 class=\"wp-block-heading\" id=\"h-stick-ab-4-juni\">Stick (from June 4)<\/h4>\n\n\n\n<figure class=\"wp-block-image size-large\"><img decoding=\"async\" width=\"1024\" height=\"683\" src=\"https:\/\/www.apfelpatient.de\/wp-content\/uploads\/2025\/03\/Apple_TV_Stick_key_art-1024x683.jpg\" alt=\"\" class=\"wp-image-52803\" srcset=\"https:\/\/www.apfelpatient.de\/wp-content\/uploads\/2025\/03\/Apple_TV_Stick_key_art-1024x683.jpg 1024w, https:\/\/www.apfelpatient.de\/wp-content\/uploads\/2025\/03\/Apple_TV_Stick_key_art-300x200.jpg 300w, https:\/\/www.apfelpatient.de\/wp-content\/uploads\/2025\/03\/Apple_TV_Stick_key_art-768x512.jpg 768w, https:\/\/www.apfelpatient.de\/wp-content\/uploads\/2025\/03\/Apple_TV_Stick_key_art-1536x1024.jpg 1536w, https:\/\/www.apfelpatient.de\/wp-content\/uploads\/2025\/03\/Apple_TV_Stick_key_art-18x12.jpg 18w, https:\/\/www.apfelpatient.de\/wp-content\/uploads\/2025\/03\/Apple_TV_Stick_key_art-750x500.jpg 750w, https:\/\/www.apfelpatient.de\/wp-content\/uploads\/2025\/03\/Apple_TV_Stick_key_art-1140x760.jpg 1140w, https:\/\/www.apfelpatient.de\/wp-content\/uploads\/2025\/03\/Apple_TV_Stick_key_art.jpg 1600w\" sizes=\"(max-width: 1024px) 100vw, 1024px\" \/><figcaption class=\"wp-element-caption\">Image: Apple<\/figcaption><\/figure>\n\n\n\n<p>This golf comedy series starring Owen Wilson tells the story of a failed professional who sees his last chance in a young talent. While trying to bring the teenager to the big stage of golf, he must confront his own past mistakes.<\/p>\n\n\n\n<ul class=\"wp-block-list\">\n<li><a href=\"https:\/\/www.apfelpatient.de\/en\/news\/apple-tv-how-successful-are-the-biggest-hits\">Apple TV+: How successful are the biggest hits?<\/a><\/li>\n<\/ul>\n\n\n\n<h3 class=\"wp-block-heading\" id=\"h-neue-inhalte-starke-geschichten-warum-apple-tv-2025-spannend-bleibt\">New content, strong stories: Why Apple TV+ remains exciting in 2025<\/h3>\n\n\n\n<p class=\"translation-block\">The new lineup demonstrates that Apple TV+ continues to focus on diversity. In addition to big names like Seth Rogen and Owen Wilson, there are also ambitious independent productions, documentaries with social relevance, and sci-fi series for genre fans. The subscription costs \u20ac9.99 per month, but offers regular trial offers. Whether the service is worth it depends on whether you&#039;re looking for exclusive series and films that you can&#039;t find elsewhere. The new content for spring definitely makes Apple TV+ more interesting for anyone who values original stories and high-quality productions. Your accessories, your choice \u2013 you&#039;ll find a wide selection in <a href=\"https:\/\/www.amazon.de\/shop\/apfelpatientofficial\" target=\"_blank\" rel=\"noreferrer noopener follow\" data-wpel-link=\"exclude\">our Amazon Storefront<\/a> , including for HomeKit enthusiasts. (Photo by Burdun \/ Bigstockphoto)<\/p>\n\n\n\n<ul class=\"wp-block-list\">\n<li><a href=\"https:\/\/www.apfelpatient.de\/en\/news\/ted-lasso-season-4-confirms-all-information-about-the-sequel\">Ted Lasso Season 4 confirmed: All information about the sequel<\/a><\/li>\n\n\n\n<li><a href=\"https:\/\/www.apfelpatient.de\/en\/news\/metallica-on-apple-vision-pro-a-concert-like-never-before\">Metallica on Apple Vision Pro \u2013 A concert like never before<\/a><\/li>\n\n\n\n<li><a href=\"https:\/\/www.apfelpatient.de\/en\/news\/severance-breaks-records-most-successful-series-on-apple-tv\">Severance breaks records: Most successful series on Apple TV+<\/a><\/li>\n\n\n\n<li><a href=\"https:\/\/www.apfelpatient.de\/en\/generally\/apple-tv-in-march-2025-all-new-series-films-at-a-glance\">Apple TV+ in March 2025: All new series &amp; films at a glance<\/a><\/li>\n<\/ul>\n\n\n\n<h6 class=\"wp-block-heading translation-block\" id=\"h-kennt-ihr-schon-unsere-amazon-storefront-dort-findet-ihr-eine-handverlesene-auswahl-von-diversen-produkten-f-r-euer-iphone-und-co-viel-spa-beim-st-bern\"><em>Have you already visited our Amazon Storefront? There you&#039;ll find a hand-picked selection of various products for your iPhone and other devices \u2013 <span class=\"has-inline-color has-vivid-red-color\"><a href=\"https:\/\/www.amazon.de\/shop\/apfelpatientofficial\" class=\"ek-link\" data-wpel-link=\"exclude\" rel=\"follow noopener\" target=\"_self\"><span style=\"text-decoration: underline\" class=\"ek-underline\">enjoy browsing<\/span><\/a> !<\/span><\/em><\/h6>\n\n\n\n<h6 class=\"wp-block-heading translation-block\" id=\"h-der-beitrag-enthalt-partnerlinks\">This post contains <a data-type=\"URL\" data-id=\"https:\/\/www.apfelpatient.de\/partnerprogramm\" href=\"https:\/\/www.apfelpatient.de\/en\/partner-program\" data-wpel-link=\"internal\" target=\"_self\">affiliate links<\/a>.<\/h6>","protected":false},"excerpt":{"rendered":"<p>New content on Apple TV+: These series, films, and documentaries await you in spring 2025. Discover all the highlights and dates now!<\/p>","protected":false},"author":2,"featured_media":52796,"comment_status":"closed","ping_status":"closed","sticky":false,"template":"","format":"standard","meta":{"jnews-multi-image_gallery":[],"jnews_single_post":{"format":"standard","override":[{"template":"2","parallax":"1","fullscreen":"1","layout":"right-sidebar","sidebar":"default-sidebar","second_sidebar":"default-sidebar","sticky_sidebar":"1","share_position":"top","share_float_style":"share-monocrhome","show_featured":"1","show_post_meta":"1","show_post_author":"1","show_post_author_image":"1","show_post_date":"1","post_date_format":"default","post_date_format_custom":"Y\/m\/d","show_post_category":"1","show_post_reading_time":"0","post_reading_time_wpm":"300","post_calculate_word_method":"str_word_count","show_zoom_button":"0","zoom_button_out_step":"2","zoom_button_in_step":"3","show_post_tag":"1","show_prev_next_post":"1","show_popup_post":"1","number_popup_post":"1","show_author_box":"0","show_post_related":"0","show_inline_post_related":"0"}],"image_override":[{"single_post_thumbnail_size":"crop-500","single_post_gallery_size":"crop-500"}],"trending_post_position":"meta","trending_post_label":"Trending","sponsored_post_label":"Sponsored by","disable_ad":"0"},"jnews_primary_category":{"id":"2"},"footnotes":""},"categories":[2],"tags":[34,156,248],"class_list":["post-52797","post","type-post","status-publish","format-standard","has-post-thumbnail","hentry","category-allgemein","tag-apple-dienste","tag-apple-tv","tag-apple-tv-plus"],"yoast_head":"<!-- This site is optimized with the Yoast SEO Premium plugin v27.5 (Yoast SEO v27.5) - https:\/\/yoast.com\/product\/yoast-seo-premium-wordpress\/ -->\n<title>Apple TV+: Das sind die Highlights im Fr\u00fchjahr 2025 Apfelpatient<\/title>\n<meta name=\"description\" content=\"Neue Inhalte auf Apple TV+: Diese Serien, Filme und Dokus erwarten dich im Fr\u00fchjahr 2025. Jetzt alle Highlights und Termine entdecken!\" \/>\n<meta name=\"robots\" content=\"index, follow, max-snippet:-1, max-image-preview:large, max-video-preview:-1\" \/>\n<link rel=\"canonical\" href=\"https:\/\/www.apfelpatient.de\/en\/generally\/apple-tv-these-are-the-highlights-in-spring-2025\" \/>\n<meta property=\"og:locale\" content=\"en_US\" \/>\n<meta property=\"og:type\" content=\"article\" \/>\n<meta property=\"og:title\" content=\"Apple TV+: Das sind die Highlights im Fr\u00fchjahr 2025\" \/>\n<meta property=\"og:description\" content=\"Neue Inhalte auf Apple TV+: Diese Serien, Filme und Dokus erwarten dich im Fr\u00fchjahr 2025. Jetzt alle Highlights und Termine entdecken!\" \/>\n<meta property=\"og:url\" content=\"https:\/\/www.apfelpatient.de\/en\/generally\/apple-tv-these-are-the-highlights-in-spring-2025\" \/>\n<meta property=\"og:site_name\" content=\"Apfelpatient\" \/>\n<meta property=\"article:publisher\" content=\"https:\/\/www.facebook.com\/apfelpatientOfficial\" \/>\n<meta property=\"article:author\" content=\"https:\/\/www.facebook.com\/apfelpatientOfficial\" \/>\n<meta property=\"article:published_time\" content=\"2025-03-18T23:06:07+00:00\" \/>\n<meta property=\"article:modified_time\" content=\"2025-10-14T13:59:58+00:00\" \/>\n<meta property=\"og:image\" content=\"https:\/\/www.apfelpatient.de\/wp-content\/uploads\/2025\/03\/bigstock-Tula-Russia-September-388180552.jpg\" \/>\n\t<meta property=\"og:image:width\" content=\"1600\" \/>\n\t<meta property=\"og:image:height\" content=\"1067\" \/>\n\t<meta property=\"og:image:type\" content=\"image\/jpeg\" \/>\n<meta name=\"author\" content=\"Milan\" \/>\n<meta name=\"twitter:card\" content=\"summary_large_image\" \/>\n<meta name=\"twitter:description\" content=\"Neue Inhalte auf Apple TV+: Diese Serien, Filme und Dokus erwarten dich im Fr\u00fchjahr 2025. Jetzt alle Highlights und Termine entdecken!\" \/>\n<meta name=\"twitter:label1\" content=\"Written by\" \/>\n\t<meta name=\"twitter:data1\" content=\"Milan\" \/>\n\t<meta name=\"twitter:label2\" content=\"Est. reading time\" \/>\n\t<meta name=\"twitter:data2\" content=\"23 minutes\" \/>\n<script type=\"application\/ld+json\" class=\"yoast-schema-graph\">{\"@context\":\"https:\\\/\\\/schema.org\",\"@graph\":[{\"@type\":\"NewsArticle\",\"@id\":\"https:\\\/\\\/www.apfelpatient.de\\\/allgemein\\\/apple-tv-das-sind-die-highlights-im-fruehjahr-2025#article\",\"isPartOf\":{\"@id\":\"https:\\\/\\\/www.apfelpatient.de\\\/allgemein\\\/apple-tv-das-sind-die-highlights-im-fruehjahr-2025\"},\"author\":{\"@type\":\"Organization\",\"@id\":\"https:\\\/\\\/www.apfelpatient.de\\\/en\\\/#organization\",\"name\":\"Apfelpatient\",\"url\":\"https:\\\/\\\/www.apfelpatient.de\\\/en\\\/\"},\"headline\":\"Apple TV+: Das sind die Highlights im Fr\u00fchjahr 2025\",\"datePublished\":\"2025-03-18T23:06:07+00:00\",\"dateModified\":\"2025-10-14T13:59:58+00:00\",\"mainEntityOfPage\":{\"@id\":\"https:\\\/\\\/www.apfelpatient.de\\\/allgemein\\\/apple-tv-das-sind-die-highlights-im-fruehjahr-2025\"},\"wordCount\":941,\"publisher\":{\"@type\":\"Organization\",\"@id\":\"https:\\\/\\\/www.apfelpatient.de\\\/en\\\/#organization\",\"name\":\"Apfelpatient\",\"url\":\"https:\\\/\\\/www.apfelpatient.de\\\/en\\\/\"},\"image\":{\"@id\":\"https:\\\/\\\/www.apfelpatient.de\\\/allgemein\\\/apple-tv-das-sind-die-highlights-im-fruehjahr-2025#primaryimage\"},\"thumbnailUrl\":\"https:\\\/\\\/www.apfelpatient.de\\\/wp-content\\\/uploads\\\/2025\\\/03\\\/bigstock-Tula-Russia-September-388180552.jpg\",\"keywords\":[\"Apple Dienste\",\"Apple TV\",\"Apple TV Plus\"],\"articleSection\":\"Allgemein\",\"inLanguage\":\"en-US\",\"copyrightYear\":\"2025\",\"copyrightHolder\":{\"@id\":\"https:\\\/\\\/www.apfelpatient.de\\\/en\\\/#organization\"}},{\"@type\":\"WebPage\",\"@id\":\"https:\\\/\\\/www.apfelpatient.de\\\/allgemein\\\/apple-tv-das-sind-die-highlights-im-fruehjahr-2025\",\"url\":\"https:\\\/\\\/www.apfelpatient.de\\\/allgemein\\\/apple-tv-das-sind-die-highlights-im-fruehjahr-2025\",\"name\":\"Apple TV+: Das sind die Highlights im Fr\u00fchjahr 2025 Apfelpatient\",\"isPartOf\":{\"@id\":\"https:\\\/\\\/www.apfelpatient.de\\\/#website\"},\"primaryImageOfPage\":{\"@id\":\"https:\\\/\\\/www.apfelpatient.de\\\/allgemein\\\/apple-tv-das-sind-die-highlights-im-fruehjahr-2025#primaryimage\"},\"image\":{\"@id\":\"https:\\\/\\\/www.apfelpatient.de\\\/allgemein\\\/apple-tv-das-sind-die-highlights-im-fruehjahr-2025#primaryimage\"},\"thumbnailUrl\":\"https:\\\/\\\/www.apfelpatient.de\\\/wp-content\\\/uploads\\\/2025\\\/03\\\/bigstock-Tula-Russia-September-388180552.jpg\",\"datePublished\":\"2025-03-18T23:06:07+00:00\",\"dateModified\":\"2025-10-14T13:59:58+00:00\",\"description\":\"Neue Inhalte auf Apple TV+: Diese Serien, Filme und Dokus erwarten dich im Fr\u00fchjahr 2025. Jetzt alle Highlights und Termine entdecken!\",\"breadcrumb\":{\"@id\":\"https:\\\/\\\/www.apfelpatient.de\\\/allgemein\\\/apple-tv-das-sind-die-highlights-im-fruehjahr-2025#breadcrumb\"},\"inLanguage\":\"en-US\",\"potentialAction\":[{\"@type\":\"ReadAction\",\"target\":[\"https:\\\/\\\/www.apfelpatient.de\\\/allgemein\\\/apple-tv-das-sind-die-highlights-im-fruehjahr-2025\"]}]},{\"@type\":\"ImageObject\",\"inLanguage\":\"en-US\",\"@id\":\"https:\\\/\\\/www.apfelpatient.de\\\/allgemein\\\/apple-tv-das-sind-die-highlights-im-fruehjahr-2025#primaryimage\",\"url\":\"https:\\\/\\\/www.apfelpatient.de\\\/wp-content\\\/uploads\\\/2025\\\/03\\\/bigstock-Tula-Russia-September-388180552.jpg\",\"contentUrl\":\"https:\\\/\\\/www.apfelpatient.de\\\/wp-content\\\/uploads\\\/2025\\\/03\\\/bigstock-Tula-Russia-September-388180552.jpg\",\"width\":1600,\"height\":1067,\"caption\":\"Photo by Burdun \\\/ Bigstockphoto\"},{\"@type\":\"BreadcrumbList\",\"@id\":\"https:\\\/\\\/www.apfelpatient.de\\\/allgemein\\\/apple-tv-das-sind-die-highlights-im-fruehjahr-2025#breadcrumb\",\"itemListElement\":[{\"@type\":\"ListItem\",\"position\":1,\"name\":\"Startseite\",\"item\":\"https:\\\/\\\/www.apfelpatient.de\\\/\"},{\"@type\":\"ListItem\",\"position\":2,\"name\":\"Apple TV+: Das sind die Highlights im Fr\u00fchjahr 2025\"}]},{\"@type\":\"WebSite\",\"@id\":\"https:\\\/\\\/www.apfelpatient.de\\\/#website\",\"url\":\"https:\\\/\\\/www.apfelpatient.de\\\/\",\"name\":\"Apfelpatient\",\"description\":\"Alles rund um Apple!\",\"publisher\":{\"@type\":\"Organization\",\"@id\":\"https:\\\/\\\/www.apfelpatient.de\\\/en\\\/#organization\",\"name\":\"Apfelpatient\",\"url\":\"https:\\\/\\\/www.apfelpatient.de\\\/en\\\/\"},\"alternateName\":\"Apfelpatient\",\"potentialAction\":[{\"@type\":\"SearchAction\",\"target\":{\"@type\":\"EntryPoint\",\"urlTemplate\":\"https:\\\/\\\/www.apfelpatient.de\\\/?s={search_term_string}\"},\"query-input\":{\"@type\":\"PropertyValueSpecification\",\"valueRequired\":true,\"valueName\":\"search_term_string\"}}],\"inLanguage\":\"en-US\"},{\"@type\":[\"Person\",\"Organization\"],\"@id\":\"https:\\\/\\\/www.apfelpatient.de\\\/#\\\/schema\\\/person\\\/7dc56ad6c8e9824b76d2c08d4c140e13\",\"name\":\"Milan\",\"logo\":{\"@id\":\"https:\\\/\\\/www.apfelpatient.de\\\/#\\\/schema\\\/person\\\/image\\\/\"},\"description\":\"Hallo und herzlich willkommen auf meinem Technik-Blog! Als gro\u00dfer Apple-Fan berichte ich hier \u00fcber alles, was mit Apple zu tun hat: von den neuesten News und spannenden Ger\u00fcchten \u00fcber hilfreiche Tipps und Tricks bis hin zu ausf\u00fchrlichen Produkttests. Wenn du genauso technikbegeistert bist wie ich, bist du hier genau richtig!\",\"sameAs\":[\"https:\\\/\\\/www.facebook.com\\\/apfelpatientOfficial\",\"https:\\\/\\\/www.linkedin.com\\\/in\\\/milan-jovicic-42aa0231b\"],\"url\":\"https:\\\/\\\/www.apfelpatient.de\\\/en\\\/author\\\/apfeladmin\"}]}<\/script>\n<!-- \/ Yoast SEO Premium plugin. -->","yoast_head_json":{"title":"Apple TV+: These are the highlights for spring 2025 Apfelpatient","description":"New content on Apple TV+: These series, films, and documentaries await you in spring 2025. Discover all the highlights and dates now!","robots":{"index":"index","follow":"follow","max-snippet":"max-snippet:-1","max-image-preview":"max-image-preview:large","max-video-preview":"max-video-preview:-1"},"canonical":"https:\/\/www.apfelpatient.de\/en\/generally\/apple-tv-these-are-the-highlights-in-spring-2025","og_locale":"en_US","og_type":"article","og_title":"Apple TV+: Das sind die Highlights im Fr\u00fchjahr 2025","og_description":"Neue Inhalte auf Apple TV+: Diese Serien, Filme und Dokus erwarten dich im Fr\u00fchjahr 2025. Jetzt alle Highlights und Termine entdecken!","og_url":"https:\/\/www.apfelpatient.de\/en\/generally\/apple-tv-these-are-the-highlights-in-spring-2025","og_site_name":"Apfelpatient","article_publisher":"https:\/\/www.facebook.com\/apfelpatientOfficial","article_author":"https:\/\/www.facebook.com\/apfelpatientOfficial","article_published_time":"2025-03-18T23:06:07+00:00","article_modified_time":"2025-10-14T13:59:58+00:00","og_image":[{"width":1600,"height":1067,"url":"https:\/\/www.apfelpatient.de\/wp-content\/uploads\/2025\/03\/bigstock-Tula-Russia-September-388180552.jpg","type":"image\/jpeg"}],"author":"Milan","twitter_card":"summary_large_image","twitter_description":"Neue Inhalte auf Apple TV+: Diese Serien, Filme und Dokus erwarten dich im Fr\u00fchjahr 2025. Jetzt alle Highlights und Termine entdecken!","twitter_misc":{"Written by":"Milan","Est. reading time":"23 minutes"},"schema":{"@context":"https:\/\/schema.org","@graph":[{"@type":"NewsArticle","@id":"https:\/\/www.apfelpatient.de\/allgemein\/apple-tv-das-sind-die-highlights-im-fruehjahr-2025#article","isPartOf":{"@id":"https:\/\/www.apfelpatient.de\/allgemein\/apple-tv-das-sind-die-highlights-im-fruehjahr-2025"},"author":{"@type":"Organization","@id":"https:\/\/www.apfelpatient.de\/en\/#organization","name":"Apfelpatient","url":"https:\/\/www.apfelpatient.de\/en\/"},"headline":"Apple TV+: Das sind die Highlights im Fr\u00fchjahr 2025","datePublished":"2025-03-18T23:06:07+00:00","dateModified":"2025-10-14T13:59:58+00:00","mainEntityOfPage":{"@id":"https:\/\/www.apfelpatient.de\/allgemein\/apple-tv-das-sind-die-highlights-im-fruehjahr-2025"},"wordCount":941,"publisher":{"@type":"Organization","@id":"https:\/\/www.apfelpatient.de\/en\/#organization","name":"Apfelpatient","url":"https:\/\/www.apfelpatient.de\/en\/"},"image":{"@id":"https:\/\/www.apfelpatient.de\/allgemein\/apple-tv-das-sind-die-highlights-im-fruehjahr-2025#primaryimage"},"thumbnailUrl":"https:\/\/www.apfelpatient.de\/wp-content\/uploads\/2025\/03\/bigstock-Tula-Russia-September-388180552.jpg","keywords":["Apple Dienste","Apple TV","Apple TV Plus"],"articleSection":"Allgemein","inLanguage":"en-US","copyrightYear":"2025","copyrightHolder":{"@id":"https:\/\/www.apfelpatient.de\/en\/#organization"}},{"@type":"WebPage","@id":"https:\/\/www.apfelpatient.de\/allgemein\/apple-tv-das-sind-die-highlights-im-fruehjahr-2025","url":"https:\/\/www.apfelpatient.de\/allgemein\/apple-tv-das-sind-die-highlights-im-fruehjahr-2025","name":"Apple TV+: These are the highlights for spring 2025 Apfelpatient","isPartOf":{"@id":"https:\/\/www.apfelpatient.de\/#website"},"primaryImageOfPage":{"@id":"https:\/\/www.apfelpatient.de\/allgemein\/apple-tv-das-sind-die-highlights-im-fruehjahr-2025#primaryimage"},"image":{"@id":"https:\/\/www.apfelpatient.de\/allgemein\/apple-tv-das-sind-die-highlights-im-fruehjahr-2025#primaryimage"},"thumbnailUrl":"https:\/\/www.apfelpatient.de\/wp-content\/uploads\/2025\/03\/bigstock-Tula-Russia-September-388180552.jpg","datePublished":"2025-03-18T23:06:07+00:00","dateModified":"2025-10-14T13:59:58+00:00","description":"New content on Apple TV+: These series, films, and documentaries await you in spring 2025. Discover all the highlights and dates now!","breadcrumb":{"@id":"https:\/\/www.apfelpatient.de\/allgemein\/apple-tv-das-sind-die-highlights-im-fruehjahr-2025#breadcrumb"},"inLanguage":"en-US","potentialAction":[{"@type":"ReadAction","target":["https:\/\/www.apfelpatient.de\/allgemein\/apple-tv-das-sind-die-highlights-im-fruehjahr-2025"]}]},{"@type":"ImageObject","inLanguage":"en-US","@id":"https:\/\/www.apfelpatient.de\/allgemein\/apple-tv-das-sind-die-highlights-im-fruehjahr-2025#primaryimage","url":"https:\/\/www.apfelpatient.de\/wp-content\/uploads\/2025\/03\/bigstock-Tula-Russia-September-388180552.jpg","contentUrl":"https:\/\/www.apfelpatient.de\/wp-content\/uploads\/2025\/03\/bigstock-Tula-Russia-September-388180552.jpg","width":1600,"height":1067,"caption":"Photo by Burdun \/ Bigstockphoto"},{"@type":"BreadcrumbList","@id":"https:\/\/www.apfelpatient.de\/allgemein\/apple-tv-das-sind-die-highlights-im-fruehjahr-2025#breadcrumb","itemListElement":[{"@type":"ListItem","position":1,"name":"Startseite","item":"https:\/\/www.apfelpatient.de\/"},{"@type":"ListItem","position":2,"name":"Apple TV+: Das sind die Highlights im Fr\u00fchjahr 2025"}]},{"@type":"WebSite","@id":"https:\/\/www.apfelpatient.de\/#website","url":"https:\/\/www.apfelpatient.de\/","name":"apple patient","description":"Everything about Apple!","publisher":{"@type":"Organization","@id":"https:\/\/www.apfelpatient.de\/en\/#organization","name":"Apfelpatient","url":"https:\/\/www.apfelpatient.de\/en\/"},"alternateName":"Apfelpatient","potentialAction":[{"@type":"SearchAction","target":{"@type":"EntryPoint","urlTemplate":"https:\/\/www.apfelpatient.de\/?s={search_term_string}"},"query-input":{"@type":"PropertyValueSpecification","valueRequired":true,"valueName":"search_term_string"}}],"inLanguage":"en-US"},{"@type":["Person","Organization"],"@id":"https:\/\/www.apfelpatient.de\/#\/schema\/person\/7dc56ad6c8e9824b76d2c08d4c140e13","name":"Milan","logo":{"@id":"https:\/\/www.apfelpatient.de\/#\/schema\/person\/image\/"},"description":"Hello and welcome to my technology blog! As a big Apple fan, I report on everything to do with Apple: from the latest news and exciting rumors to helpful tips and tricks and detailed product tests. If you are as enthusiastic about technology as I am, you have come to the right place!","sameAs":["https:\/\/www.facebook.com\/apfelpatientOfficial","https:\/\/www.linkedin.com\/in\/milan-jovicic-42aa0231b"],"url":"https:\/\/www.apfelpatient.de\/en\/author\/apfeladmin"}]}},"_links":{"self":[{"href":"https:\/\/www.apfelpatient.de\/en\/wp-json\/wp\/v2\/posts\/52797","targetHints":{"allow":["GET"]}}],"collection":[{"href":"https:\/\/www.apfelpatient.de\/en\/wp-json\/wp\/v2\/posts"}],"about":[{"href":"https:\/\/www.apfelpatient.de\/en\/wp-json\/wp\/v2\/types\/post"}],"author":[{"embeddable":true,"href":"https:\/\/www.apfelpatient.de\/en\/wp-json\/wp\/v2\/users\/2"}],"replies":[{"embeddable":true,"href":"https:\/\/www.apfelpatient.de\/en\/wp-json\/wp\/v2\/comments?post=52797"}],"version-history":[{"count":0,"href":"https:\/\/www.apfelpatient.de\/en\/wp-json\/wp\/v2\/posts\/52797\/revisions"}],"wp:featuredmedia":[{"embeddable":true,"href":"https:\/\/www.apfelpatient.de\/en\/wp-json\/wp\/v2\/media\/52796"}],"wp:attachment":[{"href":"https:\/\/www.apfelpatient.de\/en\/wp-json\/wp\/v2\/media?parent=52797"}],"wp:term":[{"taxonomy":"category","embeddable":true,"href":"https:\/\/www.apfelpatient.de\/en\/wp-json\/wp\/v2\/categories?post=52797"},{"taxonomy":"post_tag","embeddable":true,"href":"https:\/\/www.apfelpatient.de\/en\/wp-json\/wp\/v2\/tags?post=52797"}],"curies":[{"name":"wp","href":"https:\/\/api.w.org\/{rel}","templated":true}]}}