{"id":52766,"date":"2025-03-16T18:26:51","date_gmt":"2025-03-16T17:26:51","guid":{"rendered":"https:\/\/www.apfelpatient.de\/?p=52766"},"modified":"2025-03-16T18:28:13","modified_gmt":"2025-03-16T17:28:13","slug":"iphone-with-face-id-under-the-display-when-will-it-come","status":"publish","type":"post","link":"https:\/\/www.apfelpatient.de\/en\/rumors\/iphone-mit-face-id-unter-dem-display-wann-kommt-es","title":{"rendered":"iPhone with Face ID under the display: When will it be released?"},"content":{"rendered":"<p class=\"has-drop-cap\"><strong>Apple is constantly working on further developing the iPhone. The design, in particular, is set to be slimmer and more modern, with the goal of relocating the front camera and Face ID invisibly beneath the display. Rumors about this have been circulating for years, but a concrete date for this innovation has not yet been set. Recent reports from analysts and journalists such as Ross Young and Mark Gurman suggest that the new technology could arrive as early as 2026 or even as late as 2027. But what does this mean for future iPhone models, and how realistic is a true all-screen iPhone?<\/strong><\/p>\n\n\n\n<p>Apple established facial recognition as a secure alternative to fingerprint recognition with the introduction of Face ID in the iPhone X in 2017. Since then, the technology has evolved, but the notch\u2014the cutout for sensors and cameras\u2014remained an integral part of the design for a long time. With the Dynamic Island on the iPhone 14 Pro, the notch became smaller and more interactive, but the ultimate goal remains a completely edge-to-edge display.<\/p>\n\n\n\n<h4 class=\"wp-block-heading\" id=\"h-wann-kommt-face-id-unter-das-display\">When will Face ID be available under the display?<\/h4>\n\n\n\n<p>Ross Young, a renowned display technology analyst, originally predicted that Apple would launch the first iPhones with under-display Face ID in 2025 with the iPhone 17 Pro models. However, in May 2024, he revised this assessment and postponed the launch to 2026 or later. Mark Gurman also believes that Apple will not be ready to move Face ID under the display until 2026 or 2027 at the earliest. Until then, the Dynamic Island will be further reduced, so that the Pro models will gradually have fewer visible sensors on the front (via <a href=\"https:\/\/www.bloomberg.com\/news\/newsletters\/2025-03-16\/apple-iphone-17-air-foldable-iphone-details-ai-crisis-to-haunt-top-100-event-m8bl3a9c\" target=\"_blank\" rel=\"noreferrer noopener\">Bloomberg<\/a>).<\/p>\n\n\n\n<h4 class=\"wp-block-heading\" id=\"h-wie-wird-sich-das-design-verandern\">How will the design change?<\/h4>\n\n\n\n<p>Face ID under the display doesn&#039;t necessarily mean a completely seamless iPhone. Even if Apple moves facial recognition under the display, the front camera will remain visible for the time being. A similar approach can already be seen on Android devices like the Google Pixel 9 or the Samsung Galaxy S25, which have a small camera bump in the display instead of a notch. In the long term, however, the iPhone is intended to have a true all-screen design. Ross Young is convinced that Apple is working on relocating both Face ID and the front camera invisibly under the display. Jony Ive, Apple&#039;s former design chief, had already described this idea as his ideal iPhone.<\/p>\n\n\n\n<h4 class=\"wp-block-heading\" id=\"h-technische-herausforderungen\">Technical challenges<\/h4>\n\n\n\n<p>The biggest hurdle for Face ID and the under-display camera is quality. Sensors must work flawlessly through the display without compromising facial recognition. Furthermore, camera quality must not suffer, as current under-display cameras often have issues with brightness, sharpness, and color reproduction. Apple will only adopt the technology once it works without compromise. This means that the rollout may take several years, even though Android manufacturers already offer similar solutions\u2014Apple&#039;s quality standards are simply higher.<\/p>\n\n\n\n<ul class=\"wp-block-list\">\n<li><a href=\"https:\/\/www.apfelpatient.de\/en\/tips-tricks\/why-an-iphone-these-advantages-convince-in-the-long-term\">Why an iPhone? These advantages are convincing in the long term<\/a><\/li>\n<\/ul>\n\n\n\n<h3 class=\"wp-block-heading\" id=\"h-warum-apple-sich-mit-face-id-unter-dem-display-zeit-lasst\">Why Apple is taking its time with under-display Face ID<\/h3>\n\n\n\n<p>An iPhone with under-display Face ID is planned, but not yet within reach. This technology could be introduced with the iPhone 18 Pro or iPhone 19 Pro at the earliest\u2014realistically, perhaps not until 2026 or 2027. Until then, Apple will likely continue working on reducing the size of the Dynamic Island. So, anyone waiting for an iPhone without visible sensors will need to be patient. But the direction is clear: Apple&#039;s long-term goal is to develop an iPhone whose entire front design consists solely of the display. (Photo by Unsplash+ \/ Andrej Li\u0161akov)<\/p>\n\n\n\n<ul class=\"wp-block-list\">\n<li><a href=\"https:\/\/www.apfelpatient.de\/en\/rumors\/iphone-17-air-price-display-and-technology-at-a-glance\">iPhone 17 Air: Price, display and technology at a glance<\/a><\/li>\n\n\n\n<li><a href=\"https:\/\/www.apfelpatient.de\/en\/rumors\/apple-is-working-on-new-monitors-all-rumors\">Apple is working on new monitors \u2013 All the rumors<\/a><\/li>\n\n\n\n<li><a href=\"https:\/\/www.apfelpatient.de\/en\/rumors\/iphone-17-dummy-leak-shows-complete-series-and-design-details\">iPhone 17 dummy leak shows complete range and design details<\/a><\/li>\n\n\n\n<li><a href=\"https:\/\/www.apfelpatient.de\/en\/rumors\/ios-19-macos-16-apple-focuses-on-user-friendliness\">iOS 19 &amp; macOS 16: Apple focuses on user-friendliness<\/a><\/li>\n\n\n\n<li><a href=\"https:\/\/www.apfelpatient.de\/en\/rumors\/iphone-17-ultra-replaces-apples-pro-max-model\">iPhone 17 Ultra: Will Apple replace the Pro Max model?<\/a><\/li>\n\n\n\n<li><a href=\"https:\/\/www.apfelpatient.de\/en\/rumors\/ios-19-apple-develops-live-translation-for-airpods\">iOS 19: Apple develops live translation for AirPods<\/a><\/li>\n<\/ul>\n\n\n\n<h6 class=\"wp-block-heading translation-block\" id=\"h-kennt-ihr-schon-unsere-amazon-storefront-dort-findet-ihr-eine-handverlesene-auswahl-von-diversen-produkten-f-r-euer-iphone-und-co-viel-spa-beim-st-bern\"><em>Have you already visited our Amazon Storefront? There you&#039;ll find a hand-picked selection of various products for your iPhone and other devices \u2013 <span class=\"has-inline-color has-vivid-red-color\"><a href=\"https:\/\/www.amazon.de\/shop\/apfelpatientofficial\" class=\"ek-link\" data-wpel-link=\"exclude\" rel=\"follow noopener\" target=\"_self\"><span style=\"text-decoration: underline\" class=\"ek-underline\">enjoy browsing<\/span><\/a> !<\/span><\/em><\/h6>\n\n\n\n<h6 class=\"wp-block-heading translation-block\" id=\"h-der-beitrag-enthalt-partnerlinks\">This post contains <a data-type=\"URL\" data-id=\"https:\/\/www.apfelpatient.de\/partnerprogramm\" href=\"https:\/\/www.apfelpatient.de\/en\/partner-program\" data-wpel-link=\"internal\" target=\"_self\">affiliate links<\/a>.<\/h6>","protected":false},"excerpt":{"rendered":"<p>Under-display Face ID could transform the iPhone. But when will it happen? New information on Apple&#039;s plans for an edge-to-edge design.<\/p>","protected":false},"author":2,"featured_media":52765,"comment_status":"closed","ping_status":"closed","sticky":false,"template":"","format":"standard","meta":{"jnews-multi-image_gallery":[],"jnews_single_post":{"format":"standard","override":[{"template":"2","parallax":"1","fullscreen":"1","layout":"right-sidebar","sidebar":"default-sidebar","second_sidebar":"default-sidebar","sticky_sidebar":"1","share_position":"top","share_float_style":"share-monocrhome","show_featured":"1","show_post_meta":"1","show_post_author":"1","show_post_author_image":"1","show_post_date":"1","post_date_format":"default","post_date_format_custom":"Y\/m\/d","show_post_category":"1","show_post_reading_time":"0","post_reading_time_wpm":"300","post_calculate_word_method":"str_word_count","show_zoom_button":"0","zoom_button_out_step":"2","zoom_button_in_step":"3","show_post_tag":"1","show_prev_next_post":"1","show_popup_post":"1","number_popup_post":"1","show_author_box":"0","show_post_related":"0","show_inline_post_related":"0"}],"image_override":[{"single_post_thumbnail_size":"crop-500","single_post_gallery_size":"crop-500"}],"trending_post_position":"meta","trending_post_label":"Trending","sponsored_post_label":"Sponsored by","disable_ad":"0"},"jnews_primary_category":{"id":"25"},"footnotes":""},"categories":[25],"tags":[8,825,1098,824,897],"class_list":["post-52766","post","type-post","status-publish","format-standard","has-post-thumbnail","hentry","category-rumors","tag-iphone","tag-iphone-18","tag-iphone-19","tag-iphone-2026","tag-iphone-2027"],"yoast_head":"<!-- This site is optimized with the Yoast SEO Premium plugin v27.5 (Yoast SEO v27.5) - https:\/\/yoast.com\/product\/yoast-seo-premium-wordpress\/ -->\n<title>iPhone mit Face ID unter dem Display: Wann kommt es? Apfelpatient<\/title>\n<meta name=\"description\" content=\"Face ID unter dem Display k\u00f6nnte das iPhone ver\u00e4ndern. Doch wann ist es so weit? Neue Infos zu Apples Pl\u00e4nen f\u00fcr ein randloses Design.\" \/>\n<meta name=\"robots\" content=\"index, follow, max-snippet:-1, max-image-preview:large, max-video-preview:-1\" \/>\n<link rel=\"canonical\" href=\"https:\/\/www.apfelpatient.de\/en\/rumors\/iphone-with-face-id-under-the-display-when-will-it-come\" \/>\n<meta property=\"og:locale\" content=\"en_US\" \/>\n<meta property=\"og:type\" content=\"article\" \/>\n<meta property=\"og:title\" content=\"iPhone mit Face ID unter dem Display: Wann kommt es?\" \/>\n<meta property=\"og:description\" content=\"Face ID unter dem Display k\u00f6nnte das iPhone ver\u00e4ndern. Doch wann ist es so weit? Neue Infos zu Apples Pl\u00e4nen f\u00fcr ein randloses Design.\" \/>\n<meta property=\"og:url\" content=\"https:\/\/www.apfelpatient.de\/en\/rumors\/iphone-with-face-id-under-the-display-when-will-it-come\" \/>\n<meta property=\"og:site_name\" content=\"Apfelpatient\" \/>\n<meta property=\"article:publisher\" content=\"https:\/\/www.facebook.com\/apfelpatientOfficial\" \/>\n<meta property=\"article:author\" content=\"https:\/\/www.facebook.com\/apfelpatientOfficial\" \/>\n<meta property=\"article:published_time\" content=\"2025-03-16T17:26:51+00:00\" \/>\n<meta property=\"article:modified_time\" content=\"2025-03-16T17:28:13+00:00\" \/>\n<meta property=\"og:image\" content=\"https:\/\/www.apfelpatient.de\/wp-content\/uploads\/2025\/03\/andrej-lisakov-v7G2cv-txOI-unsplash.jpg\" \/>\n\t<meta property=\"og:image:width\" content=\"1600\" \/>\n\t<meta property=\"og:image:height\" content=\"1067\" \/>\n\t<meta property=\"og:image:type\" content=\"image\/jpeg\" \/>\n<meta name=\"author\" content=\"Milan\" \/>\n<meta name=\"twitter:card\" content=\"summary_large_image\" \/>\n<meta name=\"twitter:description\" content=\"Face ID unter dem Display k\u00f6nnte das iPhone ver\u00e4ndern. Doch wann ist es so weit? Neue Infos zu Apples Pl\u00e4nen f\u00fcr ein randloses Design.\" \/>\n<meta name=\"twitter:label1\" content=\"Written by\" \/>\n\t<meta name=\"twitter:data1\" content=\"Milan\" \/>\n\t<meta name=\"twitter:label2\" content=\"Est. reading time\" \/>\n\t<meta name=\"twitter:data2\" content=\"4 minutes\" \/>\n<script type=\"application\/ld+json\" class=\"yoast-schema-graph\">{\"@context\":\"https:\\\/\\\/schema.org\",\"@graph\":[{\"@type\":\"NewsArticle\",\"@id\":\"https:\\\/\\\/www.apfelpatient.de\\\/rumors\\\/iphone-mit-face-id-unter-dem-display-wann-kommt-es#article\",\"isPartOf\":{\"@id\":\"https:\\\/\\\/www.apfelpatient.de\\\/rumors\\\/iphone-mit-face-id-unter-dem-display-wann-kommt-es\"},\"author\":{\"@type\":\"Organization\",\"@id\":\"https:\\\/\\\/www.apfelpatient.de\\\/en\\\/#organization\",\"name\":\"Apfelpatient\",\"url\":\"https:\\\/\\\/www.apfelpatient.de\\\/en\\\/\"},\"headline\":\"iPhone mit Face ID unter dem Display: Wann kommt es?\",\"datePublished\":\"2025-03-16T17:26:51+00:00\",\"dateModified\":\"2025-03-16T17:28:13+00:00\",\"mainEntityOfPage\":{\"@id\":\"https:\\\/\\\/www.apfelpatient.de\\\/rumors\\\/iphone-mit-face-id-unter-dem-display-wann-kommt-es\"},\"wordCount\":643,\"publisher\":{\"@type\":\"Organization\",\"@id\":\"https:\\\/\\\/www.apfelpatient.de\\\/en\\\/#organization\",\"name\":\"Apfelpatient\",\"url\":\"https:\\\/\\\/www.apfelpatient.de\\\/en\\\/\"},\"image\":{\"@id\":\"https:\\\/\\\/www.apfelpatient.de\\\/rumors\\\/iphone-mit-face-id-unter-dem-display-wann-kommt-es#primaryimage\"},\"thumbnailUrl\":\"https:\\\/\\\/www.apfelpatient.de\\\/wp-content\\\/uploads\\\/2025\\\/03\\\/andrej-lisakov-v7G2cv-txOI-unsplash.jpg\",\"keywords\":[\"iPhone\",\"iPhone 18\",\"iPhone 19\",\"iPhone 2026\",\"iPhone 2027\"],\"articleSection\":\"Rumors\",\"inLanguage\":\"en-US\",\"copyrightYear\":\"2025\",\"copyrightHolder\":{\"@id\":\"https:\\\/\\\/www.apfelpatient.de\\\/en\\\/#organization\"}},{\"@type\":\"WebPage\",\"@id\":\"https:\\\/\\\/www.apfelpatient.de\\\/rumors\\\/iphone-mit-face-id-unter-dem-display-wann-kommt-es\",\"url\":\"https:\\\/\\\/www.apfelpatient.de\\\/rumors\\\/iphone-mit-face-id-unter-dem-display-wann-kommt-es\",\"name\":\"iPhone mit Face ID unter dem Display: Wann kommt es? Apfelpatient\",\"isPartOf\":{\"@id\":\"https:\\\/\\\/www.apfelpatient.de\\\/#website\"},\"primaryImageOfPage\":{\"@id\":\"https:\\\/\\\/www.apfelpatient.de\\\/rumors\\\/iphone-mit-face-id-unter-dem-display-wann-kommt-es#primaryimage\"},\"image\":{\"@id\":\"https:\\\/\\\/www.apfelpatient.de\\\/rumors\\\/iphone-mit-face-id-unter-dem-display-wann-kommt-es#primaryimage\"},\"thumbnailUrl\":\"https:\\\/\\\/www.apfelpatient.de\\\/wp-content\\\/uploads\\\/2025\\\/03\\\/andrej-lisakov-v7G2cv-txOI-unsplash.jpg\",\"datePublished\":\"2025-03-16T17:26:51+00:00\",\"dateModified\":\"2025-03-16T17:28:13+00:00\",\"description\":\"Face ID unter dem Display k\u00f6nnte das iPhone ver\u00e4ndern. Doch wann ist es so weit? Neue Infos zu Apples Pl\u00e4nen f\u00fcr ein randloses Design.\",\"breadcrumb\":{\"@id\":\"https:\\\/\\\/www.apfelpatient.de\\\/rumors\\\/iphone-mit-face-id-unter-dem-display-wann-kommt-es#breadcrumb\"},\"inLanguage\":\"en-US\",\"potentialAction\":[{\"@type\":\"ReadAction\",\"target\":[\"https:\\\/\\\/www.apfelpatient.de\\\/rumors\\\/iphone-mit-face-id-unter-dem-display-wann-kommt-es\"]}]},{\"@type\":\"ImageObject\",\"inLanguage\":\"en-US\",\"@id\":\"https:\\\/\\\/www.apfelpatient.de\\\/rumors\\\/iphone-mit-face-id-unter-dem-display-wann-kommt-es#primaryimage\",\"url\":\"https:\\\/\\\/www.apfelpatient.de\\\/wp-content\\\/uploads\\\/2025\\\/03\\\/andrej-lisakov-v7G2cv-txOI-unsplash.jpg\",\"contentUrl\":\"https:\\\/\\\/www.apfelpatient.de\\\/wp-content\\\/uploads\\\/2025\\\/03\\\/andrej-lisakov-v7G2cv-txOI-unsplash.jpg\",\"width\":1600,\"height\":1067,\"caption\":\"Photo by Unsplash+ \\\/ Andrej Li\u0161akov\"},{\"@type\":\"BreadcrumbList\",\"@id\":\"https:\\\/\\\/www.apfelpatient.de\\\/rumors\\\/iphone-mit-face-id-unter-dem-display-wann-kommt-es#breadcrumb\",\"itemListElement\":[{\"@type\":\"ListItem\",\"position\":1,\"name\":\"Startseite\",\"item\":\"https:\\\/\\\/www.apfelpatient.de\\\/\"},{\"@type\":\"ListItem\",\"position\":2,\"name\":\"iPhone mit Face ID unter dem Display: Wann kommt es?\"}]},{\"@type\":\"WebSite\",\"@id\":\"https:\\\/\\\/www.apfelpatient.de\\\/#website\",\"url\":\"https:\\\/\\\/www.apfelpatient.de\\\/\",\"name\":\"Apfelpatient\",\"description\":\"Alles rund um Apple!\",\"publisher\":{\"@type\":\"Organization\",\"@id\":\"https:\\\/\\\/www.apfelpatient.de\\\/en\\\/#organization\",\"name\":\"Apfelpatient\",\"url\":\"https:\\\/\\\/www.apfelpatient.de\\\/en\\\/\"},\"alternateName\":\"Apfelpatient\",\"potentialAction\":[{\"@type\":\"SearchAction\",\"target\":{\"@type\":\"EntryPoint\",\"urlTemplate\":\"https:\\\/\\\/www.apfelpatient.de\\\/?s={search_term_string}\"},\"query-input\":{\"@type\":\"PropertyValueSpecification\",\"valueRequired\":true,\"valueName\":\"search_term_string\"}}],\"inLanguage\":\"en-US\"},{\"@type\":[\"Person\",\"Organization\"],\"@id\":\"https:\\\/\\\/www.apfelpatient.de\\\/#\\\/schema\\\/person\\\/7dc56ad6c8e9824b76d2c08d4c140e13\",\"name\":\"Milan\",\"logo\":{\"@id\":\"https:\\\/\\\/www.apfelpatient.de\\\/#\\\/schema\\\/person\\\/image\\\/\"},\"description\":\"Hallo und herzlich willkommen auf meinem Technik-Blog! Als gro\u00dfer Apple-Fan berichte ich hier \u00fcber alles, was mit Apple zu tun hat: von den neuesten News und spannenden Ger\u00fcchten \u00fcber hilfreiche Tipps und Tricks bis hin zu ausf\u00fchrlichen Produkttests. Wenn du genauso technikbegeistert bist wie ich, bist du hier genau richtig!\",\"sameAs\":[\"https:\\\/\\\/www.facebook.com\\\/apfelpatientOfficial\",\"https:\\\/\\\/www.linkedin.com\\\/in\\\/milan-jovicic-42aa0231b\"],\"url\":\"https:\\\/\\\/www.apfelpatient.de\\\/en\\\/author\\\/apfeladmin\"}]}<\/script>\n<!-- \/ Yoast SEO Premium plugin. -->","yoast_head_json":{"title":"iPhone with Face ID under the display: When will it be released?","description":"Under-display Face ID could transform the iPhone. But when will it happen? New information on Apple&#039;s plans for an edge-to-edge design.","robots":{"index":"index","follow":"follow","max-snippet":"max-snippet:-1","max-image-preview":"max-image-preview:large","max-video-preview":"max-video-preview:-1"},"canonical":"https:\/\/www.apfelpatient.de\/en\/rumors\/iphone-with-face-id-under-the-display-when-will-it-come","og_locale":"en_US","og_type":"article","og_title":"iPhone mit Face ID unter dem Display: Wann kommt es?","og_description":"Face ID unter dem Display k\u00f6nnte das iPhone ver\u00e4ndern. Doch wann ist es so weit? Neue Infos zu Apples Pl\u00e4nen f\u00fcr ein randloses Design.","og_url":"https:\/\/www.apfelpatient.de\/en\/rumors\/iphone-with-face-id-under-the-display-when-will-it-come","og_site_name":"Apfelpatient","article_publisher":"https:\/\/www.facebook.com\/apfelpatientOfficial","article_author":"https:\/\/www.facebook.com\/apfelpatientOfficial","article_published_time":"2025-03-16T17:26:51+00:00","article_modified_time":"2025-03-16T17:28:13+00:00","og_image":[{"width":1600,"height":1067,"url":"https:\/\/www.apfelpatient.de\/wp-content\/uploads\/2025\/03\/andrej-lisakov-v7G2cv-txOI-unsplash.jpg","type":"image\/jpeg"}],"author":"Milan","twitter_card":"summary_large_image","twitter_description":"Face ID unter dem Display k\u00f6nnte das iPhone ver\u00e4ndern. Doch wann ist es so weit? Neue Infos zu Apples Pl\u00e4nen f\u00fcr ein randloses Design.","twitter_misc":{"Written by":"Milan","Est. reading time":"4 minutes"},"schema":{"@context":"https:\/\/schema.org","@graph":[{"@type":"NewsArticle","@id":"https:\/\/www.apfelpatient.de\/rumors\/iphone-mit-face-id-unter-dem-display-wann-kommt-es#article","isPartOf":{"@id":"https:\/\/www.apfelpatient.de\/rumors\/iphone-mit-face-id-unter-dem-display-wann-kommt-es"},"author":{"@type":"Organization","@id":"https:\/\/www.apfelpatient.de\/en\/#organization","name":"Apfelpatient","url":"https:\/\/www.apfelpatient.de\/en\/"},"headline":"iPhone mit Face ID unter dem Display: Wann kommt es?","datePublished":"2025-03-16T17:26:51+00:00","dateModified":"2025-03-16T17:28:13+00:00","mainEntityOfPage":{"@id":"https:\/\/www.apfelpatient.de\/rumors\/iphone-mit-face-id-unter-dem-display-wann-kommt-es"},"wordCount":643,"publisher":{"@type":"Organization","@id":"https:\/\/www.apfelpatient.de\/en\/#organization","name":"Apfelpatient","url":"https:\/\/www.apfelpatient.de\/en\/"},"image":{"@id":"https:\/\/www.apfelpatient.de\/rumors\/iphone-mit-face-id-unter-dem-display-wann-kommt-es#primaryimage"},"thumbnailUrl":"https:\/\/www.apfelpatient.de\/wp-content\/uploads\/2025\/03\/andrej-lisakov-v7G2cv-txOI-unsplash.jpg","keywords":["iPhone","iPhone 18","iPhone 19","iPhone 2026","iPhone 2027"],"articleSection":"Rumors","inLanguage":"en-US","copyrightYear":"2025","copyrightHolder":{"@id":"https:\/\/www.apfelpatient.de\/en\/#organization"}},{"@type":"WebPage","@id":"https:\/\/www.apfelpatient.de\/rumors\/iphone-mit-face-id-unter-dem-display-wann-kommt-es","url":"https:\/\/www.apfelpatient.de\/rumors\/iphone-mit-face-id-unter-dem-display-wann-kommt-es","name":"iPhone with Face ID under the display: When will it be released?","isPartOf":{"@id":"https:\/\/www.apfelpatient.de\/#website"},"primaryImageOfPage":{"@id":"https:\/\/www.apfelpatient.de\/rumors\/iphone-mit-face-id-unter-dem-display-wann-kommt-es#primaryimage"},"image":{"@id":"https:\/\/www.apfelpatient.de\/rumors\/iphone-mit-face-id-unter-dem-display-wann-kommt-es#primaryimage"},"thumbnailUrl":"https:\/\/www.apfelpatient.de\/wp-content\/uploads\/2025\/03\/andrej-lisakov-v7G2cv-txOI-unsplash.jpg","datePublished":"2025-03-16T17:26:51+00:00","dateModified":"2025-03-16T17:28:13+00:00","description":"Under-display Face ID could transform the iPhone. But when will it happen? New information on Apple&#039;s plans for an edge-to-edge design.","breadcrumb":{"@id":"https:\/\/www.apfelpatient.de\/rumors\/iphone-mit-face-id-unter-dem-display-wann-kommt-es#breadcrumb"},"inLanguage":"en-US","potentialAction":[{"@type":"ReadAction","target":["https:\/\/www.apfelpatient.de\/rumors\/iphone-mit-face-id-unter-dem-display-wann-kommt-es"]}]},{"@type":"ImageObject","inLanguage":"en-US","@id":"https:\/\/www.apfelpatient.de\/rumors\/iphone-mit-face-id-unter-dem-display-wann-kommt-es#primaryimage","url":"https:\/\/www.apfelpatient.de\/wp-content\/uploads\/2025\/03\/andrej-lisakov-v7G2cv-txOI-unsplash.jpg","contentUrl":"https:\/\/www.apfelpatient.de\/wp-content\/uploads\/2025\/03\/andrej-lisakov-v7G2cv-txOI-unsplash.jpg","width":1600,"height":1067,"caption":"Photo by Unsplash+ \/ Andrej Li\u0161akov"},{"@type":"BreadcrumbList","@id":"https:\/\/www.apfelpatient.de\/rumors\/iphone-mit-face-id-unter-dem-display-wann-kommt-es#breadcrumb","itemListElement":[{"@type":"ListItem","position":1,"name":"Startseite","item":"https:\/\/www.apfelpatient.de\/"},{"@type":"ListItem","position":2,"name":"iPhone mit Face ID unter dem Display: Wann kommt es?"}]},{"@type":"WebSite","@id":"https:\/\/www.apfelpatient.de\/#website","url":"https:\/\/www.apfelpatient.de\/","name":"apple patient","description":"Everything about Apple!","publisher":{"@type":"Organization","@id":"https:\/\/www.apfelpatient.de\/en\/#organization","name":"Apfelpatient","url":"https:\/\/www.apfelpatient.de\/en\/"},"alternateName":"Apfelpatient","potentialAction":[{"@type":"SearchAction","target":{"@type":"EntryPoint","urlTemplate":"https:\/\/www.apfelpatient.de\/?s={search_term_string}"},"query-input":{"@type":"PropertyValueSpecification","valueRequired":true,"valueName":"search_term_string"}}],"inLanguage":"en-US"},{"@type":["Person","Organization"],"@id":"https:\/\/www.apfelpatient.de\/#\/schema\/person\/7dc56ad6c8e9824b76d2c08d4c140e13","name":"Milan","logo":{"@id":"https:\/\/www.apfelpatient.de\/#\/schema\/person\/image\/"},"description":"Hello and welcome to my technology blog! As a big Apple fan, I report on everything to do with Apple: from the latest news and exciting rumors to helpful tips and tricks and detailed product tests. If you are as enthusiastic about technology as I am, you have come to the right place!","sameAs":["https:\/\/www.facebook.com\/apfelpatientOfficial","https:\/\/www.linkedin.com\/in\/milan-jovicic-42aa0231b"],"url":"https:\/\/www.apfelpatient.de\/en\/author\/apfeladmin"}]}},"_links":{"self":[{"href":"https:\/\/www.apfelpatient.de\/en\/wp-json\/wp\/v2\/posts\/52766","targetHints":{"allow":["GET"]}}],"collection":[{"href":"https:\/\/www.apfelpatient.de\/en\/wp-json\/wp\/v2\/posts"}],"about":[{"href":"https:\/\/www.apfelpatient.de\/en\/wp-json\/wp\/v2\/types\/post"}],"author":[{"embeddable":true,"href":"https:\/\/www.apfelpatient.de\/en\/wp-json\/wp\/v2\/users\/2"}],"replies":[{"embeddable":true,"href":"https:\/\/www.apfelpatient.de\/en\/wp-json\/wp\/v2\/comments?post=52766"}],"version-history":[{"count":0,"href":"https:\/\/www.apfelpatient.de\/en\/wp-json\/wp\/v2\/posts\/52766\/revisions"}],"wp:featuredmedia":[{"embeddable":true,"href":"https:\/\/www.apfelpatient.de\/en\/wp-json\/wp\/v2\/media\/52765"}],"wp:attachment":[{"href":"https:\/\/www.apfelpatient.de\/en\/wp-json\/wp\/v2\/media?parent=52766"}],"wp:term":[{"taxonomy":"category","embeddable":true,"href":"https:\/\/www.apfelpatient.de\/en\/wp-json\/wp\/v2\/categories?post=52766"},{"taxonomy":"post_tag","embeddable":true,"href":"https:\/\/www.apfelpatient.de\/en\/wp-json\/wp\/v2\/tags?post=52766"}],"curies":[{"name":"wp","href":"https:\/\/api.w.org\/{rel}","templated":true}]}}