{"id":52716,"date":"2025-03-14T15:52:55","date_gmt":"2025-03-14T14:52:55","guid":{"rendered":"https:\/\/www.apfelpatient.de\/?p=52716"},"modified":"2025-03-14T15:52:57","modified_gmt":"2025-03-14T14:52:57","slug":"siri-crisis-tim-cook-should-now-take-a-personal-stand","status":"publish","type":"post","link":"https:\/\/www.apfelpatient.de\/en\/news\/siri-krise-tim-cook-sollte-jetzt-persoenlich-stellung-nehmen","title":{"rendered":"Siri crisis: Tim Cook should now take a personal stand"},"content":{"rendered":"<p class=\"has-drop-cap\"><strong>Apple is under pressure. The delay of the announced Apple Intelligence features for Siri is causing criticism, particularly because of the way the company communicated the news. Renowned Apple analyst Ming-Chi Kuo sees this as a serious mistake and is calling on CEO Tim Cook to speak out personally \u2013 just as Steve Jobs once did in times of crisis. But why is the situation so problematic, and what could Apple have done better?<\/strong><\/p>\n\n\n\n<p>Apple set ambitious goals for itself at WWDC 2024. With Apple Intelligence, Siri was supposed to receive a comprehensive AI upgrade to keep up with competing products like ChatGPT or Google Gemini. But now there are delays. Instead of informing the public directly, Apple announced the news via a press release. For a company of this size, this is not a professional way to handle a crisis, says Kuo. He points to past Apple PR crises and draws parallels to Steve Jobs&#039; crisis management with the iPhone 4 and Tim Cook&#039;s reaction to the Apple Maps debacle in 2012 (via <a href=\"https:\/\/x.com\/mingchikuo\/status\/1900237217890787528\" target=\"_blank\" rel=\"noreferrer noopener\">X<\/a>).<\/p>\n\n\n\n<ul class=\"wp-block-list\">\n<li><a href=\"https:\/\/www.apfelpatient.de\/en\/news\/apple-confirms-siri-2-0-will-not-be-released-until-2026\">Apple confirms: Siri 2.0 will not be released until 2026<\/a><\/li>\n<\/ul>\n\n\n\n<h4 class=\"wp-block-heading\" id=\"h-fehlende-transparenz-sorgt-fur-kritik\">Lack of transparency causes criticism<\/h4>\n\n\n\n<p>Apple put itself under pressure with the early announcement of Apple Intelligence. Kuo believes the board and shareholders pushed for a quick result, even though the development of AI-powered assistance systems naturally takes time. Announcing the delay via a simple press release was a mistake from a PR perspective. Kuo argues that Apple should have addressed the situation more proactively. Above all, Tim Cook, as CEO, should have addressed customers directly to demonstrate transparency and maintain trust. A comparable case in Apple&#039;s history demonstrates why this would be important.<\/p>\n\n\n\n<h4 class=\"wp-block-heading\" id=\"h-lektion-aus-der-antennagate-krise-2010\">Lesson from the 2010 Antennagate crisis<\/h4>\n\n\n\n<p>When Apple launched the iPhone 4 in 2010, complaints about reception problems quickly arose. The issue developed into the so-called &quot;Antennagate&quot; crisis. But Apple proactively addressed the situation. Steve Jobs personally answered customer inquiries via email and eventually answered questions at a press conference. Jobs explained at the time that Apple initially didn&#039;t know whether there was a real problem, but as a leading company, it had to take responsibility. To mitigate the problem, Apple offered free bumpers for affected devices or a refund for dissatisfied customers. This approach helped manage the crisis and maintain user trust.<\/p>\n\n\n\n<h4 class=\"wp-block-heading\" id=\"h-cooks-umgang-mit-der-apple-maps-krise-2012\">Cook&#039;s handling of the 2012 Apple Maps crisis<\/h4>\n\n\n\n<p>Tim Cook has also proven that he can take personal responsibility in crisis situations. When Apple came under fire in 2012 for the flawed Maps app in iOS 6, Cook published an open letter. He apologized for the poor quality of Apple Maps and promised rapid improvements. He also temporarily recommended alternative map apps to users until Apple optimized its own product. Kuo&#039;s criticism of the current situation is: Why is Cook remaining so reserved this time? Wouldn&#039;t it make sense for him to personally address customers, as he did in 2012, and explain what&#039;s wrong with Apple Intelligence?<\/p>\n\n\n\n<ul class=\"wp-block-list\">\n<li><a href=\"https:\/\/www.apfelpatient.de\/en\/news\/apple-intelligence-why-iphone-upgrades-might-not-happen\">Apple Intelligence: Why iPhone upgrades might not happen<\/a><\/li>\n<\/ul>\n\n\n\n<h3 class=\"wp-block-heading\" id=\"h-tim-cook-sollte-die-siri-krise-offensiv-angehen\">Tim Cook should tackle the Siri crisis proactively<\/h3>\n\n\n\n<p>Kuo believes Apple is mishandling the current crisis. Instead of hiding behind a press release, Tim Cook should address users directly, provide a transparent explanation, and perhaps even offer a solution. It&#039;s understandable that developing AI technologies is complex and time-consuming. But that&#039;s precisely why clear communication is crucial. Apple&#039;s customers are accustomed to the company&#039;s reputation for innovation and quality. If Apple wants to maintain this image, it should learn from the past and proactively address problems. The coming weeks will show whether Apple follows Kuo&#039;s advice and changes its strategy, or whether the company will continue to play it safe. But one thing is certain: expectations are high. (Image: Apple)<\/p>\n\n\n\n<ul class=\"wp-block-list\">\n<li><a href=\"https:\/\/www.apfelpatient.de\/en\/news\/apple-criticized-for-delaying-siri-ai-causing-discontent\">Apple under fire: Siri AI delay causes discontent<\/a><\/li>\n\n\n\n<li><a href=\"https:\/\/www.apfelpatient.de\/en\/news\/apple-stock-morgan-stanley-lowers-price-target-to-252\">Apple stock: Morgan Stanley lowers price target to $252<\/a><\/li>\n\n\n\n<li><a href=\"https:\/\/www.apfelpatient.de\/en\/news\/apple-rejects-backdoor-for-icloud-dispute-with-uk-grows\">Apple rejects backdoor for iCloud \u2013 dispute with UK grows<\/a><\/li>\n\n\n\n<li><a href=\"https:\/\/www.apfelpatient.de\/en\/news\/iphone-16e-users-complain-about-bluetooth-problems\">iPhone 16e: Users complain about Bluetooth problems<\/a><\/li>\n<\/ul>\n\n\n\n<h6 class=\"wp-block-heading translation-block\" id=\"h-kennt-ihr-schon-unsere-amazon-storefront-dort-findet-ihr-eine-handverlesene-auswahl-von-diversen-produkten-f-r-euer-iphone-und-co-viel-spa-beim-st-bern\"><em>Have you already visited our Amazon Storefront? There you&#039;ll find a hand-picked selection of various products for your iPhone and other devices \u2013 <span class=\"has-inline-color has-vivid-red-color\"><a href=\"https:\/\/www.amazon.de\/shop\/apfelpatientofficial\" class=\"ek-link\" data-wpel-link=\"exclude\" rel=\"follow noopener\" target=\"_self\"><span style=\"text-decoration: underline\" class=\"ek-underline\">enjoy browsing<\/span><\/a> !<\/span><\/em><\/h6>\n\n\n\n<h6 class=\"wp-block-heading translation-block\" id=\"h-der-beitrag-enthalt-partnerlinks\">This post contains <a data-type=\"URL\" data-id=\"https:\/\/www.apfelpatient.de\/partnerprogramm\" href=\"https:\/\/www.apfelpatient.de\/en\/partner-program\" data-wpel-link=\"internal\" target=\"_self\">affiliate links<\/a>.<\/h6>","protected":false},"excerpt":{"rendered":"<p>The Siri crisis is putting pressure on Apple. Analyst Kuo criticizes the lack of communication and demands a statement from Tim Cook.<\/p>","protected":false},"author":2,"featured_media":52715,"comment_status":"closed","ping_status":"closed","sticky":false,"template":"","format":"standard","meta":{"jnews-multi-image_gallery":[],"jnews_single_post":{"format":"standard","override":[{"template":"2","parallax":"1","fullscreen":"1","layout":"right-sidebar","sidebar":"default-sidebar","second_sidebar":"default-sidebar","sticky_sidebar":"1","share_position":"top","share_float_style":"share-monocrhome","show_featured":"1","show_post_meta":"1","show_post_author":"1","show_post_author_image":"1","show_post_date":"1","post_date_format":"default","post_date_format_custom":"Y\/m\/d","show_post_category":"1","show_post_reading_time":"0","post_reading_time_wpm":"300","post_calculate_word_method":"str_word_count","show_zoom_button":"0","zoom_button_out_step":"2","zoom_button_in_step":"3","show_post_tag":"1","show_prev_next_post":"1","show_popup_post":"1","number_popup_post":"1","show_author_box":"0","show_post_related":"0","show_inline_post_related":"0"}],"image_override":[{"single_post_thumbnail_size":"crop-500","single_post_gallery_size":"crop-500"}],"trending_post_position":"meta","trending_post_label":"Trending","sponsored_post_label":"Sponsored by","disable_ad":"0"},"jnews_primary_category":{"id":"9"},"footnotes":""},"categories":[9],"tags":[34,1109,80],"class_list":["post-52716","post","type-post","status-publish","format-standard","has-post-thumbnail","hentry","category-news","tag-apple-dienste","tag-apple-intelligence","tag-siri"],"yoast_head":"<!-- This site is optimized with the Yoast SEO Premium plugin v27.5 (Yoast SEO v27.5) - https:\/\/yoast.com\/product\/yoast-seo-premium-wordpress\/ -->\n<title>Siri-Krise: Tim Cook sollte jetzt pers\u00f6nlich Stellung nehmen Apfelpatient<\/title>\n<meta name=\"description\" content=\"Die Siri-Krise setzt Apple unter Druck. Analyst Kuo kritisiert die fehlende Kommunikation und fordert eine Stellungnahme von Tim Cook.\" \/>\n<meta name=\"robots\" content=\"index, follow, max-snippet:-1, max-image-preview:large, max-video-preview:-1\" \/>\n<link rel=\"canonical\" href=\"https:\/\/www.apfelpatient.de\/en\/news\/siri-crisis-tim-cook-should-now-take-a-personal-stand\" \/>\n<meta property=\"og:locale\" content=\"en_US\" \/>\n<meta property=\"og:type\" content=\"article\" \/>\n<meta property=\"og:title\" content=\"Siri-Krise: Tim Cook sollte jetzt pers\u00f6nlich Stellung nehmen\" \/>\n<meta property=\"og:description\" content=\"Die Siri-Krise setzt Apple unter Druck. Analyst Kuo kritisiert die fehlende Kommunikation und fordert eine Stellungnahme von Tim Cook.\" \/>\n<meta property=\"og:url\" content=\"https:\/\/www.apfelpatient.de\/en\/news\/siri-crisis-tim-cook-should-now-take-a-personal-stand\" \/>\n<meta property=\"og:site_name\" content=\"Apfelpatient\" \/>\n<meta property=\"article:publisher\" content=\"https:\/\/www.facebook.com\/apfelpatientOfficial\" \/>\n<meta property=\"article:author\" content=\"https:\/\/www.facebook.com\/apfelpatientOfficial\" \/>\n<meta property=\"article:published_time\" content=\"2025-03-14T14:52:55+00:00\" \/>\n<meta property=\"article:modified_time\" content=\"2025-03-14T14:52:57+00:00\" \/>\n<meta property=\"og:image\" content=\"https:\/\/www.apfelpatient.de\/wp-content\/uploads\/2025\/03\/Apple-Siri-1-2-1.jpeg\" \/>\n\t<meta property=\"og:image:width\" content=\"1600\" \/>\n\t<meta property=\"og:image:height\" content=\"1067\" \/>\n\t<meta property=\"og:image:type\" content=\"image\/jpeg\" \/>\n<meta name=\"author\" content=\"Milan\" \/>\n<meta name=\"twitter:card\" content=\"summary_large_image\" \/>\n<meta name=\"twitter:description\" content=\"Die Siri-Krise setzt Apple unter Druck. Analyst Kuo kritisiert die fehlende Kommunikation und fordert eine Stellungnahme von Tim Cook.\" \/>\n<meta name=\"twitter:label1\" content=\"Written by\" \/>\n\t<meta name=\"twitter:data1\" content=\"Milan\" \/>\n\t<meta name=\"twitter:label2\" content=\"Est. reading time\" \/>\n\t<meta name=\"twitter:data2\" content=\"4 minutes\" \/>\n<script type=\"application\/ld+json\" class=\"yoast-schema-graph\">{\"@context\":\"https:\\\/\\\/schema.org\",\"@graph\":[{\"@type\":\"NewsArticle\",\"@id\":\"https:\\\/\\\/www.apfelpatient.de\\\/news\\\/siri-krise-tim-cook-sollte-jetzt-persoenlich-stellung-nehmen#article\",\"isPartOf\":{\"@id\":\"https:\\\/\\\/www.apfelpatient.de\\\/news\\\/siri-krise-tim-cook-sollte-jetzt-persoenlich-stellung-nehmen\"},\"author\":{\"@type\":\"Organization\",\"@id\":\"https:\\\/\\\/www.apfelpatient.de\\\/en\\\/#organization\",\"name\":\"Apfelpatient\",\"url\":\"https:\\\/\\\/www.apfelpatient.de\\\/en\\\/\"},\"headline\":\"Siri-Krise: Tim Cook sollte jetzt pers\u00f6nlich Stellung nehmen\",\"datePublished\":\"2025-03-14T14:52:55+00:00\",\"dateModified\":\"2025-03-14T14:52:57+00:00\",\"mainEntityOfPage\":{\"@id\":\"https:\\\/\\\/www.apfelpatient.de\\\/news\\\/siri-krise-tim-cook-sollte-jetzt-persoenlich-stellung-nehmen\"},\"wordCount\":707,\"publisher\":{\"@type\":\"Organization\",\"@id\":\"https:\\\/\\\/www.apfelpatient.de\\\/en\\\/#organization\",\"name\":\"Apfelpatient\",\"url\":\"https:\\\/\\\/www.apfelpatient.de\\\/en\\\/\"},\"image\":{\"@id\":\"https:\\\/\\\/www.apfelpatient.de\\\/news\\\/siri-krise-tim-cook-sollte-jetzt-persoenlich-stellung-nehmen#primaryimage\"},\"thumbnailUrl\":\"https:\\\/\\\/www.apfelpatient.de\\\/wp-content\\\/uploads\\\/2025\\\/03\\\/Apple-Siri-1-2-1.jpeg\",\"keywords\":[\"Apple Dienste\",\"Apple Intelligence\",\"Siri\"],\"articleSection\":\"News\",\"inLanguage\":\"en-US\",\"copyrightYear\":\"2025\",\"copyrightHolder\":{\"@id\":\"https:\\\/\\\/www.apfelpatient.de\\\/en\\\/#organization\"}},{\"@type\":\"WebPage\",\"@id\":\"https:\\\/\\\/www.apfelpatient.de\\\/news\\\/siri-krise-tim-cook-sollte-jetzt-persoenlich-stellung-nehmen\",\"url\":\"https:\\\/\\\/www.apfelpatient.de\\\/news\\\/siri-krise-tim-cook-sollte-jetzt-persoenlich-stellung-nehmen\",\"name\":\"Siri-Krise: Tim Cook sollte jetzt pers\u00f6nlich Stellung nehmen Apfelpatient\",\"isPartOf\":{\"@id\":\"https:\\\/\\\/www.apfelpatient.de\\\/#website\"},\"primaryImageOfPage\":{\"@id\":\"https:\\\/\\\/www.apfelpatient.de\\\/news\\\/siri-krise-tim-cook-sollte-jetzt-persoenlich-stellung-nehmen#primaryimage\"},\"image\":{\"@id\":\"https:\\\/\\\/www.apfelpatient.de\\\/news\\\/siri-krise-tim-cook-sollte-jetzt-persoenlich-stellung-nehmen#primaryimage\"},\"thumbnailUrl\":\"https:\\\/\\\/www.apfelpatient.de\\\/wp-content\\\/uploads\\\/2025\\\/03\\\/Apple-Siri-1-2-1.jpeg\",\"datePublished\":\"2025-03-14T14:52:55+00:00\",\"dateModified\":\"2025-03-14T14:52:57+00:00\",\"description\":\"Die Siri-Krise setzt Apple unter Druck. Analyst Kuo kritisiert die fehlende Kommunikation und fordert eine Stellungnahme von Tim Cook.\",\"breadcrumb\":{\"@id\":\"https:\\\/\\\/www.apfelpatient.de\\\/news\\\/siri-krise-tim-cook-sollte-jetzt-persoenlich-stellung-nehmen#breadcrumb\"},\"inLanguage\":\"en-US\",\"potentialAction\":[{\"@type\":\"ReadAction\",\"target\":[\"https:\\\/\\\/www.apfelpatient.de\\\/news\\\/siri-krise-tim-cook-sollte-jetzt-persoenlich-stellung-nehmen\"]}]},{\"@type\":\"ImageObject\",\"inLanguage\":\"en-US\",\"@id\":\"https:\\\/\\\/www.apfelpatient.de\\\/news\\\/siri-krise-tim-cook-sollte-jetzt-persoenlich-stellung-nehmen#primaryimage\",\"url\":\"https:\\\/\\\/www.apfelpatient.de\\\/wp-content\\\/uploads\\\/2025\\\/03\\\/Apple-Siri-1-2-1.jpeg\",\"contentUrl\":\"https:\\\/\\\/www.apfelpatient.de\\\/wp-content\\\/uploads\\\/2025\\\/03\\\/Apple-Siri-1-2-1.jpeg\",\"width\":1600,\"height\":1067,\"caption\":\"Bild: Apple\"},{\"@type\":\"BreadcrumbList\",\"@id\":\"https:\\\/\\\/www.apfelpatient.de\\\/news\\\/siri-krise-tim-cook-sollte-jetzt-persoenlich-stellung-nehmen#breadcrumb\",\"itemListElement\":[{\"@type\":\"ListItem\",\"position\":1,\"name\":\"Startseite\",\"item\":\"https:\\\/\\\/www.apfelpatient.de\\\/\"},{\"@type\":\"ListItem\",\"position\":2,\"name\":\"Siri-Krise: Tim Cook sollte jetzt pers\u00f6nlich Stellung nehmen\"}]},{\"@type\":\"WebSite\",\"@id\":\"https:\\\/\\\/www.apfelpatient.de\\\/#website\",\"url\":\"https:\\\/\\\/www.apfelpatient.de\\\/\",\"name\":\"Apfelpatient\",\"description\":\"Alles rund um Apple!\",\"publisher\":{\"@type\":\"Organization\",\"@id\":\"https:\\\/\\\/www.apfelpatient.de\\\/en\\\/#organization\",\"name\":\"Apfelpatient\",\"url\":\"https:\\\/\\\/www.apfelpatient.de\\\/en\\\/\"},\"alternateName\":\"Apfelpatient\",\"potentialAction\":[{\"@type\":\"SearchAction\",\"target\":{\"@type\":\"EntryPoint\",\"urlTemplate\":\"https:\\\/\\\/www.apfelpatient.de\\\/?s={search_term_string}\"},\"query-input\":{\"@type\":\"PropertyValueSpecification\",\"valueRequired\":true,\"valueName\":\"search_term_string\"}}],\"inLanguage\":\"en-US\"},{\"@type\":[\"Person\",\"Organization\"],\"@id\":\"https:\\\/\\\/www.apfelpatient.de\\\/#\\\/schema\\\/person\\\/7dc56ad6c8e9824b76d2c08d4c140e13\",\"name\":\"Milan\",\"logo\":{\"@id\":\"https:\\\/\\\/www.apfelpatient.de\\\/#\\\/schema\\\/person\\\/image\\\/\"},\"description\":\"Hallo und herzlich willkommen auf meinem Technik-Blog! Als gro\u00dfer Apple-Fan berichte ich hier \u00fcber alles, was mit Apple zu tun hat: von den neuesten News und spannenden Ger\u00fcchten \u00fcber hilfreiche Tipps und Tricks bis hin zu ausf\u00fchrlichen Produkttests. Wenn du genauso technikbegeistert bist wie ich, bist du hier genau richtig!\",\"sameAs\":[\"https:\\\/\\\/www.facebook.com\\\/apfelpatientOfficial\",\"https:\\\/\\\/www.linkedin.com\\\/in\\\/milan-jovicic-42aa0231b\"],\"url\":\"https:\\\/\\\/www.apfelpatient.de\\\/en\\\/author\\\/apfeladmin\"}]}<\/script>\n<!-- \/ Yoast SEO Premium plugin. -->","yoast_head_json":{"title":"Siri crisis: Tim Cook should now take a personal stand Apfelpatient","description":"The Siri crisis is putting pressure on Apple. Analyst Kuo criticizes the lack of communication and demands a statement from Tim Cook.","robots":{"index":"index","follow":"follow","max-snippet":"max-snippet:-1","max-image-preview":"max-image-preview:large","max-video-preview":"max-video-preview:-1"},"canonical":"https:\/\/www.apfelpatient.de\/en\/news\/siri-crisis-tim-cook-should-now-take-a-personal-stand","og_locale":"en_US","og_type":"article","og_title":"Siri-Krise: Tim Cook sollte jetzt pers\u00f6nlich Stellung nehmen","og_description":"Die Siri-Krise setzt Apple unter Druck. Analyst Kuo kritisiert die fehlende Kommunikation und fordert eine Stellungnahme von Tim Cook.","og_url":"https:\/\/www.apfelpatient.de\/en\/news\/siri-crisis-tim-cook-should-now-take-a-personal-stand","og_site_name":"Apfelpatient","article_publisher":"https:\/\/www.facebook.com\/apfelpatientOfficial","article_author":"https:\/\/www.facebook.com\/apfelpatientOfficial","article_published_time":"2025-03-14T14:52:55+00:00","article_modified_time":"2025-03-14T14:52:57+00:00","og_image":[{"width":1600,"height":1067,"url":"https:\/\/www.apfelpatient.de\/wp-content\/uploads\/2025\/03\/Apple-Siri-1-2-1.jpeg","type":"image\/jpeg"}],"author":"Milan","twitter_card":"summary_large_image","twitter_description":"Die Siri-Krise setzt Apple unter Druck. Analyst Kuo kritisiert die fehlende Kommunikation und fordert eine Stellungnahme von Tim Cook.","twitter_misc":{"Written by":"Milan","Est. reading time":"4 minutes"},"schema":{"@context":"https:\/\/schema.org","@graph":[{"@type":"NewsArticle","@id":"https:\/\/www.apfelpatient.de\/news\/siri-krise-tim-cook-sollte-jetzt-persoenlich-stellung-nehmen#article","isPartOf":{"@id":"https:\/\/www.apfelpatient.de\/news\/siri-krise-tim-cook-sollte-jetzt-persoenlich-stellung-nehmen"},"author":{"@type":"Organization","@id":"https:\/\/www.apfelpatient.de\/en\/#organization","name":"Apfelpatient","url":"https:\/\/www.apfelpatient.de\/en\/"},"headline":"Siri-Krise: Tim Cook sollte jetzt pers\u00f6nlich Stellung nehmen","datePublished":"2025-03-14T14:52:55+00:00","dateModified":"2025-03-14T14:52:57+00:00","mainEntityOfPage":{"@id":"https:\/\/www.apfelpatient.de\/news\/siri-krise-tim-cook-sollte-jetzt-persoenlich-stellung-nehmen"},"wordCount":707,"publisher":{"@type":"Organization","@id":"https:\/\/www.apfelpatient.de\/en\/#organization","name":"Apfelpatient","url":"https:\/\/www.apfelpatient.de\/en\/"},"image":{"@id":"https:\/\/www.apfelpatient.de\/news\/siri-krise-tim-cook-sollte-jetzt-persoenlich-stellung-nehmen#primaryimage"},"thumbnailUrl":"https:\/\/www.apfelpatient.de\/wp-content\/uploads\/2025\/03\/Apple-Siri-1-2-1.jpeg","keywords":["Apple Dienste","Apple Intelligence","Siri"],"articleSection":"News","inLanguage":"en-US","copyrightYear":"2025","copyrightHolder":{"@id":"https:\/\/www.apfelpatient.de\/en\/#organization"}},{"@type":"WebPage","@id":"https:\/\/www.apfelpatient.de\/news\/siri-krise-tim-cook-sollte-jetzt-persoenlich-stellung-nehmen","url":"https:\/\/www.apfelpatient.de\/news\/siri-krise-tim-cook-sollte-jetzt-persoenlich-stellung-nehmen","name":"Siri crisis: Tim Cook should now take a personal stand Apfelpatient","isPartOf":{"@id":"https:\/\/www.apfelpatient.de\/#website"},"primaryImageOfPage":{"@id":"https:\/\/www.apfelpatient.de\/news\/siri-krise-tim-cook-sollte-jetzt-persoenlich-stellung-nehmen#primaryimage"},"image":{"@id":"https:\/\/www.apfelpatient.de\/news\/siri-krise-tim-cook-sollte-jetzt-persoenlich-stellung-nehmen#primaryimage"},"thumbnailUrl":"https:\/\/www.apfelpatient.de\/wp-content\/uploads\/2025\/03\/Apple-Siri-1-2-1.jpeg","datePublished":"2025-03-14T14:52:55+00:00","dateModified":"2025-03-14T14:52:57+00:00","description":"The Siri crisis is putting pressure on Apple. Analyst Kuo criticizes the lack of communication and demands a statement from Tim Cook.","breadcrumb":{"@id":"https:\/\/www.apfelpatient.de\/news\/siri-krise-tim-cook-sollte-jetzt-persoenlich-stellung-nehmen#breadcrumb"},"inLanguage":"en-US","potentialAction":[{"@type":"ReadAction","target":["https:\/\/www.apfelpatient.de\/news\/siri-krise-tim-cook-sollte-jetzt-persoenlich-stellung-nehmen"]}]},{"@type":"ImageObject","inLanguage":"en-US","@id":"https:\/\/www.apfelpatient.de\/news\/siri-krise-tim-cook-sollte-jetzt-persoenlich-stellung-nehmen#primaryimage","url":"https:\/\/www.apfelpatient.de\/wp-content\/uploads\/2025\/03\/Apple-Siri-1-2-1.jpeg","contentUrl":"https:\/\/www.apfelpatient.de\/wp-content\/uploads\/2025\/03\/Apple-Siri-1-2-1.jpeg","width":1600,"height":1067,"caption":"Bild: Apple"},{"@type":"BreadcrumbList","@id":"https:\/\/www.apfelpatient.de\/news\/siri-krise-tim-cook-sollte-jetzt-persoenlich-stellung-nehmen#breadcrumb","itemListElement":[{"@type":"ListItem","position":1,"name":"Startseite","item":"https:\/\/www.apfelpatient.de\/"},{"@type":"ListItem","position":2,"name":"Siri-Krise: Tim Cook sollte jetzt pers\u00f6nlich Stellung nehmen"}]},{"@type":"WebSite","@id":"https:\/\/www.apfelpatient.de\/#website","url":"https:\/\/www.apfelpatient.de\/","name":"apple patient","description":"Everything about Apple!","publisher":{"@type":"Organization","@id":"https:\/\/www.apfelpatient.de\/en\/#organization","name":"Apfelpatient","url":"https:\/\/www.apfelpatient.de\/en\/"},"alternateName":"Apfelpatient","potentialAction":[{"@type":"SearchAction","target":{"@type":"EntryPoint","urlTemplate":"https:\/\/www.apfelpatient.de\/?s={search_term_string}"},"query-input":{"@type":"PropertyValueSpecification","valueRequired":true,"valueName":"search_term_string"}}],"inLanguage":"en-US"},{"@type":["Person","Organization"],"@id":"https:\/\/www.apfelpatient.de\/#\/schema\/person\/7dc56ad6c8e9824b76d2c08d4c140e13","name":"Milan","logo":{"@id":"https:\/\/www.apfelpatient.de\/#\/schema\/person\/image\/"},"description":"Hello and welcome to my technology blog! As a big Apple fan, I report on everything to do with Apple: from the latest news and exciting rumors to helpful tips and tricks and detailed product tests. If you are as enthusiastic about technology as I am, you have come to the right place!","sameAs":["https:\/\/www.facebook.com\/apfelpatientOfficial","https:\/\/www.linkedin.com\/in\/milan-jovicic-42aa0231b"],"url":"https:\/\/www.apfelpatient.de\/en\/author\/apfeladmin"}]}},"_links":{"self":[{"href":"https:\/\/www.apfelpatient.de\/en\/wp-json\/wp\/v2\/posts\/52716","targetHints":{"allow":["GET"]}}],"collection":[{"href":"https:\/\/www.apfelpatient.de\/en\/wp-json\/wp\/v2\/posts"}],"about":[{"href":"https:\/\/www.apfelpatient.de\/en\/wp-json\/wp\/v2\/types\/post"}],"author":[{"embeddable":true,"href":"https:\/\/www.apfelpatient.de\/en\/wp-json\/wp\/v2\/users\/2"}],"replies":[{"embeddable":true,"href":"https:\/\/www.apfelpatient.de\/en\/wp-json\/wp\/v2\/comments?post=52716"}],"version-history":[{"count":0,"href":"https:\/\/www.apfelpatient.de\/en\/wp-json\/wp\/v2\/posts\/52716\/revisions"}],"wp:featuredmedia":[{"embeddable":true,"href":"https:\/\/www.apfelpatient.de\/en\/wp-json\/wp\/v2\/media\/52715"}],"wp:attachment":[{"href":"https:\/\/www.apfelpatient.de\/en\/wp-json\/wp\/v2\/media?parent=52716"}],"wp:term":[{"taxonomy":"category","embeddable":true,"href":"https:\/\/www.apfelpatient.de\/en\/wp-json\/wp\/v2\/categories?post=52716"},{"taxonomy":"post_tag","embeddable":true,"href":"https:\/\/www.apfelpatient.de\/en\/wp-json\/wp\/v2\/tags?post=52716"}],"curies":[{"name":"wp","href":"https:\/\/api.w.org\/{rel}","templated":true}]}}