{"id":52647,"date":"2025-03-12T02:20:34","date_gmt":"2025-03-12T01:20:34","guid":{"rendered":"https:\/\/www.apfelpatient.de\/?p=52647"},"modified":"2025-10-14T16:00:07","modified_gmt":"2025-10-14T14:00:07","slug":"metallica-on-apple-vision-pro-a-concert-like-never-before","status":"publish","type":"post","link":"https:\/\/www.apfelpatient.de\/en\/news\/metallica-auf-apple-vision-pro-ein-konzert-wie-nie-zuvor","title":{"rendered":"Metallica on Apple Vision Pro \u2013 A concert like never before"},"content":{"rendered":"<p class=\"has-drop-cap\"><strong>Apple is bringing a new immersive concert experience with Metallica to Apple Vision Pro. Starting March 14, users can experience the sold-out finale of the M72 World Tour in Mexico City in ultra-high-definition 180-degree video and spatial audio. The combination of state-of-the-art camera and sound technology enables a completely new way to see a live concert \u2013 from perspectives never before possible.<\/strong><\/p>\n\n\n\n<p>Concerts are an opportunity for fans to experience their favorite bands up close. But not everyone has the chance to be there. Streaming has already revolutionized live recordings, but Apple is taking it even further with its immersive video technology. Metallica fans can now feel like they&#039;re in the middle of the crowd or right on stage. Lars Ulrich himself calls it a &quot;game-changing&quot; experience that Metallica and Apple have created together. Find out what makes the experience so special, the technology behind it, and how you can experience it for yourself here.<\/p>\n\n\n\n<h4 class=\"wp-block-heading\" id=\"h-das-metallica-konzert-fur-apple-vision-pro\">The Metallica Concert for Apple Vision Pro<\/h4>\n\n\n\n<p>The concert was filmed during the final show of the M72 World Tour in Mexico City. Over 65,000 fans were in attendance, and Apple used specially designed cameras to create a visual experience that draws you right into the action. Three songs are included in the immersive format:<\/p>\n\n\n\n<ul class=\"wp-block-list\">\n<li>Whiplash<\/li>\n\n\n\n<li>One<\/li>\n\n\n\n<li>Enter Sandman<\/li>\n<\/ul>\n\n\n\n<p>With Apple Vision Pro, you can experience the concert from different perspectives. One of the most impressive is the famous Snake Pit\u2014an area right next to the stage that&#039;s normally reserved for a few fans. Wide-angle shots also allow you to see the entire stadium in all its energy.<\/p>\n\n\n\n<figure class=\"wp-block-image size-large\"><img decoding=\"async\" width=\"1024\" height=\"576\" src=\"https:\/\/www.apfelpatient.de\/wp-content\/uploads\/2025\/03\/Apple-Vision-Pro-Apple-Immersive-Video-James-Hetfield-and-Lars-Ulrich-1024x576.jpg\" alt=\"Metallica Apple Vision Pro\" class=\"wp-image-52643\" srcset=\"https:\/\/www.apfelpatient.de\/wp-content\/uploads\/2025\/03\/Apple-Vision-Pro-Apple-Immersive-Video-James-Hetfield-and-Lars-Ulrich-1024x576.jpg 1024w, https:\/\/www.apfelpatient.de\/wp-content\/uploads\/2025\/03\/Apple-Vision-Pro-Apple-Immersive-Video-James-Hetfield-and-Lars-Ulrich-300x169.jpg 300w, https:\/\/www.apfelpatient.de\/wp-content\/uploads\/2025\/03\/Apple-Vision-Pro-Apple-Immersive-Video-James-Hetfield-and-Lars-Ulrich-768x432.jpg 768w, https:\/\/www.apfelpatient.de\/wp-content\/uploads\/2025\/03\/Apple-Vision-Pro-Apple-Immersive-Video-James-Hetfield-and-Lars-Ulrich-1536x864.jpg 1536w, https:\/\/www.apfelpatient.de\/wp-content\/uploads\/2025\/03\/Apple-Vision-Pro-Apple-Immersive-Video-James-Hetfield-and-Lars-Ulrich-18x10.jpg 18w, https:\/\/www.apfelpatient.de\/wp-content\/uploads\/2025\/03\/Apple-Vision-Pro-Apple-Immersive-Video-James-Hetfield-and-Lars-Ulrich-750x422.jpg 750w, https:\/\/www.apfelpatient.de\/wp-content\/uploads\/2025\/03\/Apple-Vision-Pro-Apple-Immersive-Video-James-Hetfield-and-Lars-Ulrich-1140x641.jpg 1140w, https:\/\/www.apfelpatient.de\/wp-content\/uploads\/2025\/03\/Apple-Vision-Pro-Apple-Immersive-Video-James-Hetfield-and-Lars-Ulrich.jpg 1600w\" sizes=\"(max-width: 1024px) 100vw, 1024px\" \/><figcaption class=\"wp-element-caption\">Image: Apple<\/figcaption><\/figure>\n\n\n\n<h4 class=\"wp-block-heading\" id=\"h-technologie-hinter-der-produktion\">Technology behind production<\/h4>\n\n\n\n<p>Apple deployed 14 specially designed immersive video cameras for this production. These were positioned to capture close-ups of both the band and the audience in impressive quality. The cameras used:<\/p>\n\n\n\n<ul class=\"wp-block-list\">\n<li>Stabilized cameras for smooth movements<\/li>\n\n\n\n<li>Cable-guided cameras for dynamic perspectives<\/li>\n\n\n\n<li>Remote-controlled dolly systems that move across the stage<\/li>\n<\/ul>\n\n\n\n<p>Additionally, Spatial Audio ensures you hear the concert as if you were actually there. The sound changes depending on your viewing direction, just like in a real stadium.<\/p>\n\n\n\n<figure class=\"wp-block-image size-large\"><img decoding=\"async\" width=\"1024\" height=\"576\" src=\"https:\/\/www.apfelpatient.de\/wp-content\/uploads\/2025\/03\/Apple-Vision-Pro-Apple-Immersive-Video-Lars-Ulrich-1024x576.jpg\" alt=\"Metallica Apple Vision Pro\" class=\"wp-image-52642\" srcset=\"https:\/\/www.apfelpatient.de\/wp-content\/uploads\/2025\/03\/Apple-Vision-Pro-Apple-Immersive-Video-Lars-Ulrich-1024x576.jpg 1024w, https:\/\/www.apfelpatient.de\/wp-content\/uploads\/2025\/03\/Apple-Vision-Pro-Apple-Immersive-Video-Lars-Ulrich-300x169.jpg 300w, https:\/\/www.apfelpatient.de\/wp-content\/uploads\/2025\/03\/Apple-Vision-Pro-Apple-Immersive-Video-Lars-Ulrich-768x432.jpg 768w, https:\/\/www.apfelpatient.de\/wp-content\/uploads\/2025\/03\/Apple-Vision-Pro-Apple-Immersive-Video-Lars-Ulrich-1536x864.jpg 1536w, https:\/\/www.apfelpatient.de\/wp-content\/uploads\/2025\/03\/Apple-Vision-Pro-Apple-Immersive-Video-Lars-Ulrich-18x10.jpg 18w, https:\/\/www.apfelpatient.de\/wp-content\/uploads\/2025\/03\/Apple-Vision-Pro-Apple-Immersive-Video-Lars-Ulrich-750x422.jpg 750w, https:\/\/www.apfelpatient.de\/wp-content\/uploads\/2025\/03\/Apple-Vision-Pro-Apple-Immersive-Video-Lars-Ulrich-1140x641.jpg 1140w, https:\/\/www.apfelpatient.de\/wp-content\/uploads\/2025\/03\/Apple-Vision-Pro-Apple-Immersive-Video-Lars-Ulrich.jpg 1600w\" sizes=\"(max-width: 1024px) 100vw, 1024px\" \/><figcaption class=\"wp-element-caption\">Image: Apple<\/figcaption><\/figure>\n\n\n\n<h4 class=\"wp-block-heading\" id=\"h-so-kannst-du-das-erlebnis-testen\">Here&#039;s how you can test the experience<\/h4>\n\n\n\n<p>The immersive Metallica concert will be available exclusively for Apple Vision Pro. If you don&#039;t already own the device, you can book a demo at an Apple Store. There, you&#039;ll get a preview of the concert and the chance to try out the technology. Additionally, the EP &quot;M72 World Tour: Mexico City&quot; will be released on Apple Music in Spatial Audio on March 14. This allows you to enjoy the live experience even without Vision Pro\u2014at least acoustically.<\/p>\n\n\n\n<h4 class=\"wp-block-heading\" id=\"h-weitere-immersive-erlebnisse-auf-apple-vision-pro\">More immersive experiences on Apple Vision Pro<\/h4>\n\n\n\n<p>In addition to Metallica, there is additional content in the new Apple Immersive Video format. These include:<\/p>\n\n\n\n<ul class=\"wp-block-list\">\n<li>The series \u201cAdventure\u201d, in which climber Kai Lightner, among others, dares a free solo ascent in Spain<\/li>\n<\/ul>\n\n\n\n<figure class=\"wp-block-image size-large\"><img decoding=\"async\" width=\"1024\" height=\"576\" src=\"https:\/\/www.apfelpatient.de\/wp-content\/uploads\/2025\/03\/Apple-Vision-Pro-Apple-Immersive-Video-Adventure-Deep-Water-Solo-1024x576.jpg\" alt=\"\" class=\"wp-image-52645\" srcset=\"https:\/\/www.apfelpatient.de\/wp-content\/uploads\/2025\/03\/Apple-Vision-Pro-Apple-Immersive-Video-Adventure-Deep-Water-Solo-1024x576.jpg 1024w, https:\/\/www.apfelpatient.de\/wp-content\/uploads\/2025\/03\/Apple-Vision-Pro-Apple-Immersive-Video-Adventure-Deep-Water-Solo-300x169.jpg 300w, https:\/\/www.apfelpatient.de\/wp-content\/uploads\/2025\/03\/Apple-Vision-Pro-Apple-Immersive-Video-Adventure-Deep-Water-Solo-768x432.jpg 768w, https:\/\/www.apfelpatient.de\/wp-content\/uploads\/2025\/03\/Apple-Vision-Pro-Apple-Immersive-Video-Adventure-Deep-Water-Solo-1536x864.jpg 1536w, https:\/\/www.apfelpatient.de\/wp-content\/uploads\/2025\/03\/Apple-Vision-Pro-Apple-Immersive-Video-Adventure-Deep-Water-Solo-18x10.jpg 18w, https:\/\/www.apfelpatient.de\/wp-content\/uploads\/2025\/03\/Apple-Vision-Pro-Apple-Immersive-Video-Adventure-Deep-Water-Solo-750x422.jpg 750w, https:\/\/www.apfelpatient.de\/wp-content\/uploads\/2025\/03\/Apple-Vision-Pro-Apple-Immersive-Video-Adventure-Deep-Water-Solo-1140x641.jpg 1140w, https:\/\/www.apfelpatient.de\/wp-content\/uploads\/2025\/03\/Apple-Vision-Pro-Apple-Immersive-Video-Adventure-Deep-Water-Solo.jpg 1600w\" sizes=\"(max-width: 1024px) 100vw, 1024px\" \/><figcaption class=\"wp-element-caption\">Image: Apple<\/figcaption><\/figure>\n\n\n\n<ul class=\"wp-block-list\">\n<li>The series \u201cBoundless\u201d with extreme athletes who venture into icy waters<\/li>\n<\/ul>\n\n\n\n<figure class=\"wp-block-image size-large\"><img decoding=\"async\" width=\"1024\" height=\"576\" src=\"https:\/\/www.apfelpatient.de\/wp-content\/uploads\/2025\/03\/Apple-Vision-Pro-Apple-Immersive-Video-Boundless-Arctic-Surfing-1024x576.jpg\" alt=\"\" class=\"wp-image-52644\" srcset=\"https:\/\/www.apfelpatient.de\/wp-content\/uploads\/2025\/03\/Apple-Vision-Pro-Apple-Immersive-Video-Boundless-Arctic-Surfing-1024x576.jpg 1024w, https:\/\/www.apfelpatient.de\/wp-content\/uploads\/2025\/03\/Apple-Vision-Pro-Apple-Immersive-Video-Boundless-Arctic-Surfing-300x169.jpg 300w, https:\/\/www.apfelpatient.de\/wp-content\/uploads\/2025\/03\/Apple-Vision-Pro-Apple-Immersive-Video-Boundless-Arctic-Surfing-768x432.jpg 768w, https:\/\/www.apfelpatient.de\/wp-content\/uploads\/2025\/03\/Apple-Vision-Pro-Apple-Immersive-Video-Boundless-Arctic-Surfing-1536x864.jpg 1536w, https:\/\/www.apfelpatient.de\/wp-content\/uploads\/2025\/03\/Apple-Vision-Pro-Apple-Immersive-Video-Boundless-Arctic-Surfing-18x10.jpg 18w, https:\/\/www.apfelpatient.de\/wp-content\/uploads\/2025\/03\/Apple-Vision-Pro-Apple-Immersive-Video-Boundless-Arctic-Surfing-750x422.jpg 750w, https:\/\/www.apfelpatient.de\/wp-content\/uploads\/2025\/03\/Apple-Vision-Pro-Apple-Immersive-Video-Boundless-Arctic-Surfing-1140x641.jpg 1140w, https:\/\/www.apfelpatient.de\/wp-content\/uploads\/2025\/03\/Apple-Vision-Pro-Apple-Immersive-Video-Boundless-Arctic-Surfing.jpg 1600w\" sizes=\"(max-width: 1024px) 100vw, 1024px\" \/><figcaption class=\"wp-element-caption\">Image: Apple<\/figcaption><\/figure>\n\n\n\n<ul class=\"wp-block-list\">\n<li>The immersive sports film \u201cVIP: Yankee Stadium,\u201d which provides insights into the atmosphere of a New York Yankees baseball game<\/li>\n<\/ul>\n\n\n\n<figure class=\"wp-block-image size-large\"><img decoding=\"async\" width=\"1024\" height=\"576\" src=\"https:\/\/www.apfelpatient.de\/wp-content\/uploads\/2025\/03\/Apple-Vision-Pro-Apple-Immersive-Video-VIP-Yankee-Stadium-1024x576.jpg\" alt=\"\" class=\"wp-image-52646\" srcset=\"https:\/\/www.apfelpatient.de\/wp-content\/uploads\/2025\/03\/Apple-Vision-Pro-Apple-Immersive-Video-VIP-Yankee-Stadium-1024x576.jpg 1024w, https:\/\/www.apfelpatient.de\/wp-content\/uploads\/2025\/03\/Apple-Vision-Pro-Apple-Immersive-Video-VIP-Yankee-Stadium-300x169.jpg 300w, https:\/\/www.apfelpatient.de\/wp-content\/uploads\/2025\/03\/Apple-Vision-Pro-Apple-Immersive-Video-VIP-Yankee-Stadium-768x432.jpg 768w, https:\/\/www.apfelpatient.de\/wp-content\/uploads\/2025\/03\/Apple-Vision-Pro-Apple-Immersive-Video-VIP-Yankee-Stadium-1536x864.jpg 1536w, https:\/\/www.apfelpatient.de\/wp-content\/uploads\/2025\/03\/Apple-Vision-Pro-Apple-Immersive-Video-VIP-Yankee-Stadium-18x10.jpg 18w, https:\/\/www.apfelpatient.de\/wp-content\/uploads\/2025\/03\/Apple-Vision-Pro-Apple-Immersive-Video-VIP-Yankee-Stadium-750x422.jpg 750w, https:\/\/www.apfelpatient.de\/wp-content\/uploads\/2025\/03\/Apple-Vision-Pro-Apple-Immersive-Video-VIP-Yankee-Stadium-1140x641.jpg 1140w, https:\/\/www.apfelpatient.de\/wp-content\/uploads\/2025\/03\/Apple-Vision-Pro-Apple-Immersive-Video-VIP-Yankee-Stadium.jpg 1600w\" sizes=\"(max-width: 1024px) 100vw, 1024px\" \/><figcaption class=\"wp-element-caption\">Image: Apple<\/figcaption><\/figure>\n\n\n\n<p>Additionally, \u201cBono: Stories of Surrender\u201d will be available from May 30th \u2013 an immersive stage experience that explores the life and career of U2 frontman Bono.<\/p>\n\n\n\n<ul class=\"wp-block-list\">\n<li><a href=\"https:\/\/www.apfelpatient.de\/en\/news\/apple-tv-bono-stories-of-surrender-starts-in-may\">Apple TV+: \u201cBono: Stories of Surrender\u201d starts in May<\/a><\/li>\n<\/ul>\n\n\n\n<h3 class=\"wp-block-heading\" id=\"h-apple-vision-pro-das-ultimative-metallica-erlebnis-fur-zuhause\">Apple Vision Pro: The ultimate Metallica experience at home<\/h3>\n\n\n\n<p>Metallica and Apple are setting new standards for concert recordings with this project. The innovative camera technology and immersive audio format make it possible to experience a concert in a completely new way. Whether you&#039;re a Metallica fan or simply excited about the possibilities of the new technology, this experience could shape the future of concert streaming. The concert will be available on Apple Vision Pro starting March 14. Those who want to get a firsthand look can try a demo at the Apple Store or listen to the new Metallica EP on Apple Music. The best products for you: Our\u00a0<a href=\"https:\/\/www.amazon.de\/shop\/apfelpatientofficial\" target=\"_blank\" rel=\"noreferrer noopener\">Amazon Storefront<\/a>\u00a0offers a wide range of accessories, including for HomeKit. (Image: Apple)<\/p>\n\n\n\n<ul class=\"wp-block-list\">\n<li><a href=\"https:\/\/www.apfelpatient.de\/en\/rumors\/visionos-3-apple-is-working-on-a-major-software-update\">visionOS 3: Apple is working on a major software update<\/a><\/li>\n\n\n\n<li><a href=\"https:\/\/www.apfelpatient.de\/en\/news\/ios-18-4-beta-2-apple-brings-vision-pro-app-to-iphone\">iOS 18.4 Beta 2: Apple brings Vision Pro app to iPhone<\/a><\/li>\n<\/ul>\n\n\n\n<h6 class=\"wp-block-heading translation-block\" id=\"h-kennt-ihr-schon-unsere-amazon-storefront-dort-findet-ihr-eine-handverlesene-auswahl-von-diversen-produkten-f-r-euer-iphone-und-co-viel-spa-beim-st-bern\"><em>Have you already visited our Amazon Storefront? There you&#039;ll find a hand-picked selection of various products for your iPhone and other devices \u2013 <span class=\"has-inline-color has-vivid-red-color\"><a href=\"https:\/\/www.amazon.de\/shop\/apfelpatientofficial\" class=\"ek-link\" data-wpel-link=\"exclude\" rel=\"follow noopener\" target=\"_self\"><span style=\"text-decoration: underline\" class=\"ek-underline\">enjoy browsing<\/span><\/a> !<\/span><\/em><\/h6>\n\n\n\n<h6 class=\"wp-block-heading translation-block\" id=\"h-der-beitrag-enthalt-partnerlinks\">This post contains <a data-type=\"URL\" data-id=\"https:\/\/www.apfelpatient.de\/partnerprogramm\" href=\"https:\/\/www.apfelpatient.de\/en\/partner-program\" data-wpel-link=\"internal\" target=\"_self\">affiliate links<\/a>.<\/h6>","protected":false},"excerpt":{"rendered":"<p>A Metallica concert like never before: Apple Vision Pro takes you right into the heart of the M72 World Tour finale. Experience it exclusively and immersively starting March 14!<\/p>","protected":false},"author":2,"featured_media":52641,"comment_status":"closed","ping_status":"closed","sticky":false,"template":"","format":"standard","meta":{"jnews-multi-image_gallery":[],"jnews_single_post":{"format":"standard","override":[{"template":"2","parallax":"1","fullscreen":"1","layout":"right-sidebar","sidebar":"default-sidebar","second_sidebar":"default-sidebar","sticky_sidebar":"1","share_position":"top","share_float_style":"share-monocrhome","show_featured":"1","show_post_meta":"1","show_post_author":"1","show_post_author_image":"1","show_post_date":"1","post_date_format":"default","post_date_format_custom":"Y\/m\/d","show_post_category":"1","show_post_reading_time":"0","post_reading_time_wpm":"300","post_calculate_word_method":"str_word_count","show_zoom_button":"0","zoom_button_out_step":"2","zoom_button_in_step":"3","show_post_tag":"1","show_prev_next_post":"1","show_popup_post":"1","number_popup_post":"1","show_author_box":"0","show_post_related":"0","show_inline_post_related":"0"}],"image_override":[{"single_post_thumbnail_size":"crop-500","single_post_gallery_size":"crop-500"}],"trending_post_position":"meta","trending_post_label":"Trending","sponsored_post_label":"Sponsored by","disable_ad":"0"},"jnews_primary_category":{"id":"9"},"footnotes":""},"categories":[9],"tags":[34,43,156,248,843,609],"class_list":["post-52647","post","type-post","status-publish","format-standard","has-post-thumbnail","hentry","category-news","tag-apple-dienste","tag-apple-music","tag-apple-tv","tag-apple-tv-plus","tag-apple-vision-pro","tag-apple-vr-ar"],"yoast_head":"<!-- This site is optimized with the Yoast SEO Premium plugin v27.5 (Yoast SEO v27.5) - https:\/\/yoast.com\/product\/yoast-seo-premium-wordpress\/ -->\n<title>Metallica auf Apple Vision Pro \u2013 Ein Konzert wie nie zuvor Apfelpatient<\/title>\n<meta name=\"description\" content=\"Metallica-Konzert wie nie zuvor: Apple Vision Pro bringt dich mitten ins Finale der M72 World Tour. Ab 14. M\u00e4rz exklusiv &amp; immersiv erleben!\" \/>\n<meta name=\"robots\" content=\"index, follow, max-snippet:-1, max-image-preview:large, max-video-preview:-1\" \/>\n<link rel=\"canonical\" href=\"https:\/\/www.apfelpatient.de\/en\/news\/metallica-on-apple-vision-pro-a-concert-like-never-before\" \/>\n<meta property=\"og:locale\" content=\"en_US\" \/>\n<meta property=\"og:type\" content=\"article\" \/>\n<meta property=\"og:title\" content=\"Metallica auf Apple Vision Pro \u2013 Ein Konzert wie nie zuvor\" \/>\n<meta property=\"og:description\" content=\"Metallica-Konzert wie nie zuvor: Apple Vision Pro bringt dich mitten ins Finale der M72 World Tour. Ab 14. M\u00e4rz exklusiv &amp; immersiv erleben!\" \/>\n<meta property=\"og:url\" content=\"https:\/\/www.apfelpatient.de\/en\/news\/metallica-on-apple-vision-pro-a-concert-like-never-before\" \/>\n<meta property=\"og:site_name\" content=\"Apfelpatient\" \/>\n<meta property=\"article:publisher\" content=\"https:\/\/www.facebook.com\/apfelpatientOfficial\" \/>\n<meta property=\"article:author\" content=\"https:\/\/www.facebook.com\/apfelpatientOfficial\" \/>\n<meta property=\"article:published_time\" content=\"2025-03-12T01:20:34+00:00\" \/>\n<meta property=\"article:modified_time\" content=\"2025-10-14T14:00:07+00:00\" \/>\n<meta property=\"og:image\" content=\"https:\/\/www.apfelpatient.de\/wp-content\/uploads\/2025\/03\/Apple-Vision-Pro-Apple-Immersive-Video-Metallica-hero.jpg\" \/>\n\t<meta property=\"og:image:width\" content=\"1600\" \/>\n\t<meta property=\"og:image:height\" content=\"900\" \/>\n\t<meta property=\"og:image:type\" content=\"image\/jpeg\" \/>\n<meta name=\"author\" content=\"Milan\" \/>\n<meta name=\"twitter:card\" content=\"summary_large_image\" \/>\n<meta name=\"twitter:description\" content=\"Metallica-Konzert wie nie zuvor: Apple Vision Pro bringt dich mitten ins Finale der M72 World Tour. Ab 14. M\u00e4rz exklusiv &amp; immersiv erleben!\" \/>\n<meta name=\"twitter:label1\" content=\"Written by\" \/>\n\t<meta name=\"twitter:data1\" content=\"Milan\" \/>\n\t<meta name=\"twitter:label2\" content=\"Est. reading time\" \/>\n\t<meta name=\"twitter:data2\" content=\"5 minutes\" \/>\n<script type=\"application\/ld+json\" class=\"yoast-schema-graph\">{\"@context\":\"https:\\\/\\\/schema.org\",\"@graph\":[{\"@type\":\"NewsArticle\",\"@id\":\"https:\\\/\\\/www.apfelpatient.de\\\/news\\\/metallica-auf-apple-vision-pro-ein-konzert-wie-nie-zuvor#article\",\"isPartOf\":{\"@id\":\"https:\\\/\\\/www.apfelpatient.de\\\/news\\\/metallica-auf-apple-vision-pro-ein-konzert-wie-nie-zuvor\"},\"author\":{\"@type\":\"Organization\",\"@id\":\"https:\\\/\\\/www.apfelpatient.de\\\/en\\\/#organization\",\"name\":\"Apfelpatient\",\"url\":\"https:\\\/\\\/www.apfelpatient.de\\\/en\\\/\"},\"headline\":\"Metallica auf Apple Vision Pro \u2013 Ein Konzert wie nie zuvor\",\"datePublished\":\"2025-03-12T01:20:34+00:00\",\"dateModified\":\"2025-10-14T14:00:07+00:00\",\"mainEntityOfPage\":{\"@id\":\"https:\\\/\\\/www.apfelpatient.de\\\/news\\\/metallica-auf-apple-vision-pro-ein-konzert-wie-nie-zuvor\"},\"wordCount\":707,\"publisher\":{\"@type\":\"Organization\",\"@id\":\"https:\\\/\\\/www.apfelpatient.de\\\/en\\\/#organization\",\"name\":\"Apfelpatient\",\"url\":\"https:\\\/\\\/www.apfelpatient.de\\\/en\\\/\"},\"image\":{\"@id\":\"https:\\\/\\\/www.apfelpatient.de\\\/news\\\/metallica-auf-apple-vision-pro-ein-konzert-wie-nie-zuvor#primaryimage\"},\"thumbnailUrl\":\"https:\\\/\\\/www.apfelpatient.de\\\/wp-content\\\/uploads\\\/2025\\\/03\\\/Apple-Vision-Pro-Apple-Immersive-Video-Metallica-hero.jpg\",\"keywords\":[\"Apple Dienste\",\"Apple Music\",\"Apple TV\",\"Apple TV Plus\",\"Apple Vision Pro\",\"Apple VR\\\/AR\"],\"articleSection\":\"News\",\"inLanguage\":\"en-US\",\"copyrightYear\":\"2025\",\"copyrightHolder\":{\"@id\":\"https:\\\/\\\/www.apfelpatient.de\\\/en\\\/#organization\"}},{\"@type\":\"WebPage\",\"@id\":\"https:\\\/\\\/www.apfelpatient.de\\\/news\\\/metallica-auf-apple-vision-pro-ein-konzert-wie-nie-zuvor\",\"url\":\"https:\\\/\\\/www.apfelpatient.de\\\/news\\\/metallica-auf-apple-vision-pro-ein-konzert-wie-nie-zuvor\",\"name\":\"Metallica auf Apple Vision Pro \u2013 Ein Konzert wie nie zuvor Apfelpatient\",\"isPartOf\":{\"@id\":\"https:\\\/\\\/www.apfelpatient.de\\\/#website\"},\"primaryImageOfPage\":{\"@id\":\"https:\\\/\\\/www.apfelpatient.de\\\/news\\\/metallica-auf-apple-vision-pro-ein-konzert-wie-nie-zuvor#primaryimage\"},\"image\":{\"@id\":\"https:\\\/\\\/www.apfelpatient.de\\\/news\\\/metallica-auf-apple-vision-pro-ein-konzert-wie-nie-zuvor#primaryimage\"},\"thumbnailUrl\":\"https:\\\/\\\/www.apfelpatient.de\\\/wp-content\\\/uploads\\\/2025\\\/03\\\/Apple-Vision-Pro-Apple-Immersive-Video-Metallica-hero.jpg\",\"datePublished\":\"2025-03-12T01:20:34+00:00\",\"dateModified\":\"2025-10-14T14:00:07+00:00\",\"description\":\"Metallica-Konzert wie nie zuvor: Apple Vision Pro bringt dich mitten ins Finale der M72 World Tour. Ab 14. M\u00e4rz exklusiv & immersiv erleben!\",\"breadcrumb\":{\"@id\":\"https:\\\/\\\/www.apfelpatient.de\\\/news\\\/metallica-auf-apple-vision-pro-ein-konzert-wie-nie-zuvor#breadcrumb\"},\"inLanguage\":\"en-US\",\"potentialAction\":[{\"@type\":\"ReadAction\",\"target\":[\"https:\\\/\\\/www.apfelpatient.de\\\/news\\\/metallica-auf-apple-vision-pro-ein-konzert-wie-nie-zuvor\"]}]},{\"@type\":\"ImageObject\",\"inLanguage\":\"en-US\",\"@id\":\"https:\\\/\\\/www.apfelpatient.de\\\/news\\\/metallica-auf-apple-vision-pro-ein-konzert-wie-nie-zuvor#primaryimage\",\"url\":\"https:\\\/\\\/www.apfelpatient.de\\\/wp-content\\\/uploads\\\/2025\\\/03\\\/Apple-Vision-Pro-Apple-Immersive-Video-Metallica-hero.jpg\",\"contentUrl\":\"https:\\\/\\\/www.apfelpatient.de\\\/wp-content\\\/uploads\\\/2025\\\/03\\\/Apple-Vision-Pro-Apple-Immersive-Video-Metallica-hero.jpg\",\"width\":1600,\"height\":900,\"caption\":\"Bild: Apple\"},{\"@type\":\"BreadcrumbList\",\"@id\":\"https:\\\/\\\/www.apfelpatient.de\\\/news\\\/metallica-auf-apple-vision-pro-ein-konzert-wie-nie-zuvor#breadcrumb\",\"itemListElement\":[{\"@type\":\"ListItem\",\"position\":1,\"name\":\"Startseite\",\"item\":\"https:\\\/\\\/www.apfelpatient.de\\\/\"},{\"@type\":\"ListItem\",\"position\":2,\"name\":\"Metallica auf Apple Vision Pro \u2013 Ein Konzert wie nie zuvor\"}]},{\"@type\":\"WebSite\",\"@id\":\"https:\\\/\\\/www.apfelpatient.de\\\/#website\",\"url\":\"https:\\\/\\\/www.apfelpatient.de\\\/\",\"name\":\"Apfelpatient\",\"description\":\"Alles rund um Apple!\",\"publisher\":{\"@type\":\"Organization\",\"@id\":\"https:\\\/\\\/www.apfelpatient.de\\\/en\\\/#organization\",\"name\":\"Apfelpatient\",\"url\":\"https:\\\/\\\/www.apfelpatient.de\\\/en\\\/\"},\"alternateName\":\"Apfelpatient\",\"potentialAction\":[{\"@type\":\"SearchAction\",\"target\":{\"@type\":\"EntryPoint\",\"urlTemplate\":\"https:\\\/\\\/www.apfelpatient.de\\\/?s={search_term_string}\"},\"query-input\":{\"@type\":\"PropertyValueSpecification\",\"valueRequired\":true,\"valueName\":\"search_term_string\"}}],\"inLanguage\":\"en-US\"},{\"@type\":[\"Person\",\"Organization\"],\"@id\":\"https:\\\/\\\/www.apfelpatient.de\\\/#\\\/schema\\\/person\\\/7dc56ad6c8e9824b76d2c08d4c140e13\",\"name\":\"Milan\",\"logo\":{\"@id\":\"https:\\\/\\\/www.apfelpatient.de\\\/#\\\/schema\\\/person\\\/image\\\/\"},\"description\":\"Hallo und herzlich willkommen auf meinem Technik-Blog! Als gro\u00dfer Apple-Fan berichte ich hier \u00fcber alles, was mit Apple zu tun hat: von den neuesten News und spannenden Ger\u00fcchten \u00fcber hilfreiche Tipps und Tricks bis hin zu ausf\u00fchrlichen Produkttests. Wenn du genauso technikbegeistert bist wie ich, bist du hier genau richtig!\",\"sameAs\":[\"https:\\\/\\\/www.facebook.com\\\/apfelpatientOfficial\",\"https:\\\/\\\/www.linkedin.com\\\/in\\\/milan-jovicic-42aa0231b\"],\"url\":\"https:\\\/\\\/www.apfelpatient.de\\\/en\\\/author\\\/apfeladmin\"}]}<\/script>\n<!-- \/ Yoast SEO Premium plugin. -->","yoast_head_json":{"title":"Metallica on Apple Vision Pro \u2013 A concert like never before Apfelpatient","description":"A Metallica concert like never before: Apple Vision Pro takes you right into the heart of the M72 World Tour finale. Experience it exclusively and immersively starting March 14!","robots":{"index":"index","follow":"follow","max-snippet":"max-snippet:-1","max-image-preview":"max-image-preview:large","max-video-preview":"max-video-preview:-1"},"canonical":"https:\/\/www.apfelpatient.de\/en\/news\/metallica-on-apple-vision-pro-a-concert-like-never-before","og_locale":"en_US","og_type":"article","og_title":"Metallica auf Apple Vision Pro \u2013 Ein Konzert wie nie zuvor","og_description":"Metallica-Konzert wie nie zuvor: Apple Vision Pro bringt dich mitten ins Finale der M72 World Tour. Ab 14. M\u00e4rz exklusiv & immersiv erleben!","og_url":"https:\/\/www.apfelpatient.de\/en\/news\/metallica-on-apple-vision-pro-a-concert-like-never-before","og_site_name":"Apfelpatient","article_publisher":"https:\/\/www.facebook.com\/apfelpatientOfficial","article_author":"https:\/\/www.facebook.com\/apfelpatientOfficial","article_published_time":"2025-03-12T01:20:34+00:00","article_modified_time":"2025-10-14T14:00:07+00:00","og_image":[{"width":1600,"height":900,"url":"https:\/\/www.apfelpatient.de\/wp-content\/uploads\/2025\/03\/Apple-Vision-Pro-Apple-Immersive-Video-Metallica-hero.jpg","type":"image\/jpeg"}],"author":"Milan","twitter_card":"summary_large_image","twitter_description":"Metallica-Konzert wie nie zuvor: Apple Vision Pro bringt dich mitten ins Finale der M72 World Tour. Ab 14. M\u00e4rz exklusiv & immersiv erleben!","twitter_misc":{"Written by":"Milan","Est. reading time":"5 minutes"},"schema":{"@context":"https:\/\/schema.org","@graph":[{"@type":"NewsArticle","@id":"https:\/\/www.apfelpatient.de\/news\/metallica-auf-apple-vision-pro-ein-konzert-wie-nie-zuvor#article","isPartOf":{"@id":"https:\/\/www.apfelpatient.de\/news\/metallica-auf-apple-vision-pro-ein-konzert-wie-nie-zuvor"},"author":{"@type":"Organization","@id":"https:\/\/www.apfelpatient.de\/en\/#organization","name":"Apfelpatient","url":"https:\/\/www.apfelpatient.de\/en\/"},"headline":"Metallica auf Apple Vision Pro \u2013 Ein Konzert wie nie zuvor","datePublished":"2025-03-12T01:20:34+00:00","dateModified":"2025-10-14T14:00:07+00:00","mainEntityOfPage":{"@id":"https:\/\/www.apfelpatient.de\/news\/metallica-auf-apple-vision-pro-ein-konzert-wie-nie-zuvor"},"wordCount":707,"publisher":{"@type":"Organization","@id":"https:\/\/www.apfelpatient.de\/en\/#organization","name":"Apfelpatient","url":"https:\/\/www.apfelpatient.de\/en\/"},"image":{"@id":"https:\/\/www.apfelpatient.de\/news\/metallica-auf-apple-vision-pro-ein-konzert-wie-nie-zuvor#primaryimage"},"thumbnailUrl":"https:\/\/www.apfelpatient.de\/wp-content\/uploads\/2025\/03\/Apple-Vision-Pro-Apple-Immersive-Video-Metallica-hero.jpg","keywords":["Apple Dienste","Apple Music","Apple TV","Apple TV Plus","Apple Vision Pro","Apple VR\/AR"],"articleSection":"News","inLanguage":"en-US","copyrightYear":"2025","copyrightHolder":{"@id":"https:\/\/www.apfelpatient.de\/en\/#organization"}},{"@type":"WebPage","@id":"https:\/\/www.apfelpatient.de\/news\/metallica-auf-apple-vision-pro-ein-konzert-wie-nie-zuvor","url":"https:\/\/www.apfelpatient.de\/news\/metallica-auf-apple-vision-pro-ein-konzert-wie-nie-zuvor","name":"Metallica on Apple Vision Pro \u2013 A concert like never before Apfelpatient","isPartOf":{"@id":"https:\/\/www.apfelpatient.de\/#website"},"primaryImageOfPage":{"@id":"https:\/\/www.apfelpatient.de\/news\/metallica-auf-apple-vision-pro-ein-konzert-wie-nie-zuvor#primaryimage"},"image":{"@id":"https:\/\/www.apfelpatient.de\/news\/metallica-auf-apple-vision-pro-ein-konzert-wie-nie-zuvor#primaryimage"},"thumbnailUrl":"https:\/\/www.apfelpatient.de\/wp-content\/uploads\/2025\/03\/Apple-Vision-Pro-Apple-Immersive-Video-Metallica-hero.jpg","datePublished":"2025-03-12T01:20:34+00:00","dateModified":"2025-10-14T14:00:07+00:00","description":"A Metallica concert like never before: Apple Vision Pro takes you right into the heart of the M72 World Tour finale. Experience it exclusively and immersively starting March 14!","breadcrumb":{"@id":"https:\/\/www.apfelpatient.de\/news\/metallica-auf-apple-vision-pro-ein-konzert-wie-nie-zuvor#breadcrumb"},"inLanguage":"en-US","potentialAction":[{"@type":"ReadAction","target":["https:\/\/www.apfelpatient.de\/news\/metallica-auf-apple-vision-pro-ein-konzert-wie-nie-zuvor"]}]},{"@type":"ImageObject","inLanguage":"en-US","@id":"https:\/\/www.apfelpatient.de\/news\/metallica-auf-apple-vision-pro-ein-konzert-wie-nie-zuvor#primaryimage","url":"https:\/\/www.apfelpatient.de\/wp-content\/uploads\/2025\/03\/Apple-Vision-Pro-Apple-Immersive-Video-Metallica-hero.jpg","contentUrl":"https:\/\/www.apfelpatient.de\/wp-content\/uploads\/2025\/03\/Apple-Vision-Pro-Apple-Immersive-Video-Metallica-hero.jpg","width":1600,"height":900,"caption":"Bild: Apple"},{"@type":"BreadcrumbList","@id":"https:\/\/www.apfelpatient.de\/news\/metallica-auf-apple-vision-pro-ein-konzert-wie-nie-zuvor#breadcrumb","itemListElement":[{"@type":"ListItem","position":1,"name":"Startseite","item":"https:\/\/www.apfelpatient.de\/"},{"@type":"ListItem","position":2,"name":"Metallica auf Apple Vision Pro \u2013 Ein Konzert wie nie zuvor"}]},{"@type":"WebSite","@id":"https:\/\/www.apfelpatient.de\/#website","url":"https:\/\/www.apfelpatient.de\/","name":"apple patient","description":"Everything about Apple!","publisher":{"@type":"Organization","@id":"https:\/\/www.apfelpatient.de\/en\/#organization","name":"Apfelpatient","url":"https:\/\/www.apfelpatient.de\/en\/"},"alternateName":"Apfelpatient","potentialAction":[{"@type":"SearchAction","target":{"@type":"EntryPoint","urlTemplate":"https:\/\/www.apfelpatient.de\/?s={search_term_string}"},"query-input":{"@type":"PropertyValueSpecification","valueRequired":true,"valueName":"search_term_string"}}],"inLanguage":"en-US"},{"@type":["Person","Organization"],"@id":"https:\/\/www.apfelpatient.de\/#\/schema\/person\/7dc56ad6c8e9824b76d2c08d4c140e13","name":"Milan","logo":{"@id":"https:\/\/www.apfelpatient.de\/#\/schema\/person\/image\/"},"description":"Hello and welcome to my technology blog! As a big Apple fan, I report on everything to do with Apple: from the latest news and exciting rumors to helpful tips and tricks and detailed product tests. If you are as enthusiastic about technology as I am, you have come to the right place!","sameAs":["https:\/\/www.facebook.com\/apfelpatientOfficial","https:\/\/www.linkedin.com\/in\/milan-jovicic-42aa0231b"],"url":"https:\/\/www.apfelpatient.de\/en\/author\/apfeladmin"}]}},"_links":{"self":[{"href":"https:\/\/www.apfelpatient.de\/en\/wp-json\/wp\/v2\/posts\/52647","targetHints":{"allow":["GET"]}}],"collection":[{"href":"https:\/\/www.apfelpatient.de\/en\/wp-json\/wp\/v2\/posts"}],"about":[{"href":"https:\/\/www.apfelpatient.de\/en\/wp-json\/wp\/v2\/types\/post"}],"author":[{"embeddable":true,"href":"https:\/\/www.apfelpatient.de\/en\/wp-json\/wp\/v2\/users\/2"}],"replies":[{"embeddable":true,"href":"https:\/\/www.apfelpatient.de\/en\/wp-json\/wp\/v2\/comments?post=52647"}],"version-history":[{"count":0,"href":"https:\/\/www.apfelpatient.de\/en\/wp-json\/wp\/v2\/posts\/52647\/revisions"}],"wp:featuredmedia":[{"embeddable":true,"href":"https:\/\/www.apfelpatient.de\/en\/wp-json\/wp\/v2\/media\/52641"}],"wp:attachment":[{"href":"https:\/\/www.apfelpatient.de\/en\/wp-json\/wp\/v2\/media?parent=52647"}],"wp:term":[{"taxonomy":"category","embeddable":true,"href":"https:\/\/www.apfelpatient.de\/en\/wp-json\/wp\/v2\/categories?post=52647"},{"taxonomy":"post_tag","embeddable":true,"href":"https:\/\/www.apfelpatient.de\/en\/wp-json\/wp\/v2\/tags?post=52647"}],"curies":[{"name":"wp","href":"https:\/\/api.w.org\/{rel}","templated":true}]}}