{"id":52403,"date":"2025-03-04T17:02:04","date_gmt":"2025-03-04T16:02:04","guid":{"rendered":"https:\/\/www.apfelpatient.de\/?p=52403"},"modified":"2025-03-04T17:02:06","modified_gmt":"2025-03-04T16:02:06","slug":"apple-spring-collection-2025-new-colors-for-iphone-co","status":"publish","type":"post","link":"https:\/\/www.apfelpatient.de\/en\/news\/apple-fruehjahrskollektion-2025-neue-farben-fuer-iphone-co","title":{"rendered":"Apple Spring Collection 2025: New Colors for iPhone &amp; Co"},"content":{"rendered":"<p class=\"has-drop-cap\"><strong>Apple has unveiled its spring collection for 2025, bringing fresh colors to the market for iPhone cases and Apple Watch bands. At the same time, the iPad Air (M3) and iPad (A16) were announced, offering new options in the mid-range and entry-level segment. The new color variants of the cases and bands are designed to be a perfect fit for the warmer seasons and offer Apple users the opportunity to visually refresh their devices.<\/strong><\/p>\n\n\n\n<p>Like every year, Apple is releasing a new collection of accessories in seasonal colors. iPhone users and Apple Watch owners in particular can look forward to fresh designs. The new colors are based on spring and summer nuances and are intended to offer a modern but timeless look. In addition to the accessories collection, Apple has also announced the new iPad Air with M3 chip and the iPad (A16). The company is thus expanding its tablet range to include powerful models for different target groups.<\/p>\n\n\n\n<h4 class=\"wp-block-heading\" id=\"h-neue-iphone-hullen-mit-magsafe\">New iPhone cases with MagSafe<\/h4>\n\n\n\n<p>There are now four new silicone cases with MagSafe for the iPhone 16, 16 Plus, 16 Pro and 16 Pro Max. These cases cost 59 euros each and, in addition to the well-known protection and pleasant feel, now also offer the following colors:<\/p>\n\n\n\n<ul class=\"wp-block-list\">\n<li>violet<\/li>\n\n\n\n<li>peony<\/li>\n\n\n\n<li>aquamarine<\/li>\n\n\n\n<li>mandarin<\/li>\n<\/ul>\n\n\n\n<p>MagSafe technology continues to allow easy use with magnetic chargers and accessories without removing the case.<\/p>\n\n\n\n<h4 class=\"wp-block-heading\" id=\"h-smart-folio-fur-das-ipad-11\">Smart Folio for the iPad 11<\/h4>\n\n\n\n<p>The new Smart Folio for the iPad (A16) costs 89 euros and is available in four new colors:<\/p>\n\n\n\n<ul class=\"wp-block-list\">\n<li>Heaven<\/li>\n\n\n\n<li>White<\/li>\n\n\n\n<li>watermelon<\/li>\n\n\n\n<li>lemonade<\/li>\n<\/ul>\n\n\n\n<p>The Smart Folio protects the iPad, serves as a stand and allows different angles for comfortable working or media consumption.<\/p>\n\n\n\n<h4 class=\"wp-block-heading\" id=\"h-neue-apple-watch-bander-in-frischen-farben\">New Apple Watch bands in fresh colors<\/h4>\n\n\n\n<p>Apple is expanding its range of Apple Watch bands with several new colors to match the spring collection.<br>The braided Solo Loop costs 99 euros and is available in the colors tangerine and aquamarine. The Solo Loop for 49 euros is available in peony, violet and aurora. The sports bracelet, also for 49 euros, is available in aquamarine, tangerine and violet. These new color variants are intended to make it possible to make the Apple Watch even more individual and to match different outfits or moods.<\/p>\n\n\n\n<h4 class=\"wp-block-heading\" id=\"h-neue-hermes-armbander-fur-die-apple-watch\">New Herm\u00e8s straps for the Apple Watch<\/h4>\n\n\n\n<p>In addition to the standard bands, Apple has also announced new Herm\u00e8s straps for the Apple Watch. These exclusive straps are the result of the long-standing partnership between Apple and the luxury fashion house Herm\u00e8s.<\/p>\n\n\n\n<h3 class=\"wp-block-heading\" id=\"h-neue-farben-neue-moglichkeiten-apple-bringt-frischen-wind\">New colors, new possibilities: Apple brings a breath of fresh air<\/h3>\n\n\n\n<p>With the new <a href=\"https:\/\/www.apple.com\/de\/shop\/accessories\/all\" target=\"_blank\" rel=\"noreferrer noopener\">spring collection<\/a> Apple is once again using fresh colors that are perfect for the warmer season. The new silicone cases for the iPhone, the Smart Folio for the iPad and the expanded color options for Apple Watch straps offer Apple users more options for customizing their devices. In addition, the iPad Air (M3) and the iPad (A16) were introduced, which bring new hardware options for different user groups. Apple is thus staying true to its concept of offering both powerful technology and stylish accessories. (Image: Apple)<\/p>\n\n\n\n<ul class=\"wp-block-list\">\n<li><a href=\"https:\/\/www.apfelpatient.de\/en\/news\/ipad-11th-generation-all-new-features-at-a-glance\">iPad 11th generation: All new features at a glance<\/a><\/li>\n\n\n\n<li><a href=\"https:\/\/www.apfelpatient.de\/en\/news\/ipad-11-without-apple-intelligence-what-you-need-to-know\">iPad 11 without Apple Intelligence: What you need to know<\/a><\/li>\n\n\n\n<li><a href=\"https:\/\/www.apfelpatient.de\/en\/news\/apple-introduces-the-new-ipad-air-with-m3-chip\">Apple introduces the new iPad Air with M3 chip<\/a><\/li>\n<\/ul>\n\n\n\n<h6 class=\"wp-block-heading translation-block\" id=\"h-kennt-ihr-schon-unsere-amazon-storefront-dort-findet-ihr-eine-handverlesene-auswahl-von-diversen-produkten-f-r-euer-iphone-und-co-viel-spa-beim-st-bern\"><em>Have you already visited our Amazon Storefront? There you&#039;ll find a hand-picked selection of various products for your iPhone and other devices \u2013 <span class=\"has-inline-color has-vivid-red-color\"><a href=\"https:\/\/www.amazon.de\/shop\/apfelpatientofficial\" class=\"ek-link\" data-wpel-link=\"exclude\" rel=\"follow noopener\" target=\"_self\"><span style=\"text-decoration: underline\" class=\"ek-underline\">enjoy browsing<\/span><\/a> !<\/span><\/em><\/h6>\n\n\n\n<h6 class=\"wp-block-heading translation-block\" id=\"h-der-beitrag-enthalt-partnerlinks\">This post contains <a data-type=\"URL\" data-id=\"https:\/\/www.apfelpatient.de\/partnerprogramm\" href=\"https:\/\/www.apfelpatient.de\/en\/partner-program\" data-wpel-link=\"internal\" target=\"_self\">affiliate links<\/a>.<\/h6>","protected":false},"excerpt":{"rendered":"<p>Apple is bringing fresh colors to iPhone cases and watch bands! Discover the Spring 2025 collection and the new iPads now.<\/p>","protected":false},"author":2,"featured_media":52402,"comment_status":"closed","ping_status":"closed","sticky":false,"template":"","format":"standard","meta":{"jnews-multi-image_gallery":[],"jnews_single_post":{"format":"standard","override":[{"template":"2","parallax":"1","fullscreen":"1","layout":"right-sidebar","sidebar":"default-sidebar","second_sidebar":"default-sidebar","sticky_sidebar":"1","share_position":"top","share_float_style":"share-monocrhome","show_featured":"1","show_post_meta":"1","show_post_author":"1","show_post_author_image":"1","show_post_date":"1","post_date_format":"default","post_date_format_custom":"Y\/m\/d","show_post_category":"1","show_post_reading_time":"0","post_reading_time_wpm":"300","post_calculate_word_method":"str_word_count","show_zoom_button":"0","zoom_button_out_step":"2","zoom_button_in_step":"3","show_post_tag":"1","show_prev_next_post":"1","show_popup_post":"1","number_popup_post":"1","show_author_box":"0","show_post_related":"0","show_inline_post_related":"0"}],"image_override":[{"single_post_thumbnail_size":"crop-500","single_post_gallery_size":"crop-500"}],"trending_post_position":"meta","trending_post_label":"Trending","sponsored_post_label":"Sponsored by","disable_ad":"0"},"jnews_primary_category":{"id":"9"},"footnotes":""},"categories":[9],"tags":[14,18,8],"class_list":["post-52403","post","type-post","status-publish","format-standard","has-post-thumbnail","hentry","category-news","tag-apple-watch","tag-ipad","tag-iphone"],"yoast_head":"<!-- This site is optimized with the Yoast SEO Premium plugin v27.5 (Yoast SEO v27.5) - https:\/\/yoast.com\/product\/yoast-seo-premium-wordpress\/ -->\n<title>Apple Fr\u00fchjahrskollektion 2025: Neue Farben f\u00fcr iPhone &amp; Co Apfelpatient<\/title>\n<meta name=\"description\" content=\"Apple bringt frische Farben f\u00fcr iPhone-H\u00fcllen &amp; Watch-B\u00e4nder! Entdecke die Fr\u00fchjahrskollektion 2025 und die neuen iPads jetzt.\" \/>\n<meta name=\"robots\" content=\"index, follow, max-snippet:-1, max-image-preview:large, max-video-preview:-1\" \/>\n<link rel=\"canonical\" href=\"https:\/\/www.apfelpatient.de\/en\/news\/apple-spring-collection-2025-new-colors-for-iphone-co\" \/>\n<meta property=\"og:locale\" content=\"en_US\" \/>\n<meta property=\"og:type\" content=\"article\" \/>\n<meta property=\"og:title\" content=\"Apple Fr\u00fchjahrskollektion 2025: Neue Farben f\u00fcr iPhone &amp; Co\" \/>\n<meta property=\"og:description\" content=\"Apple bringt frische Farben f\u00fcr iPhone-H\u00fcllen &amp; Watch-B\u00e4nder! Entdecke die Fr\u00fchjahrskollektion 2025 und die neuen iPads jetzt.\" \/>\n<meta property=\"og:url\" content=\"https:\/\/www.apfelpatient.de\/en\/news\/apple-spring-collection-2025-new-colors-for-iphone-co\" \/>\n<meta property=\"og:site_name\" content=\"Apfelpatient\" \/>\n<meta property=\"article:publisher\" content=\"https:\/\/www.facebook.com\/apfelpatientOfficial\" \/>\n<meta property=\"article:author\" content=\"https:\/\/www.facebook.com\/apfelpatientOfficial\" \/>\n<meta property=\"article:published_time\" content=\"2025-03-04T16:02:04+00:00\" \/>\n<meta property=\"article:modified_time\" content=\"2025-03-04T16:02:06+00:00\" \/>\n<meta property=\"og:image\" content=\"https:\/\/www.apfelpatient.de\/wp-content\/uploads\/2025\/03\/iPhone-Huellen-Fruehjahr-2025.jpeg\" \/>\n\t<meta property=\"og:image:width\" content=\"1600\" \/>\n\t<meta property=\"og:image:height\" content=\"1067\" \/>\n\t<meta property=\"og:image:type\" content=\"image\/jpeg\" \/>\n<meta name=\"author\" content=\"Milan\" \/>\n<meta name=\"twitter:card\" content=\"summary_large_image\" \/>\n<meta name=\"twitter:description\" content=\"Apple bringt frische Farben f\u00fcr iPhone-H\u00fcllen &amp; Watch-B\u00e4nder! Entdecke die Fr\u00fchjahrskollektion 2025 und die neuen iPads jetzt.\" \/>\n<meta name=\"twitter:label1\" content=\"Written by\" \/>\n\t<meta name=\"twitter:data1\" content=\"Milan\" \/>\n\t<meta name=\"twitter:label2\" content=\"Est. reading time\" \/>\n\t<meta name=\"twitter:data2\" content=\"4 minutes\" \/>\n<script type=\"application\/ld+json\" class=\"yoast-schema-graph\">{\"@context\":\"https:\\\/\\\/schema.org\",\"@graph\":[{\"@type\":\"NewsArticle\",\"@id\":\"https:\\\/\\\/www.apfelpatient.de\\\/news\\\/apple-fruehjahrskollektion-2025-neue-farben-fuer-iphone-co#article\",\"isPartOf\":{\"@id\":\"https:\\\/\\\/www.apfelpatient.de\\\/news\\\/apple-fruehjahrskollektion-2025-neue-farben-fuer-iphone-co\"},\"author\":{\"@type\":\"Organization\",\"@id\":\"https:\\\/\\\/www.apfelpatient.de\\\/en\\\/#organization\",\"name\":\"Apfelpatient\",\"url\":\"https:\\\/\\\/www.apfelpatient.de\\\/en\\\/\"},\"headline\":\"Apple Fr\u00fchjahrskollektion 2025: Neue Farben f\u00fcr iPhone &#038; Co\",\"datePublished\":\"2025-03-04T16:02:04+00:00\",\"dateModified\":\"2025-03-04T16:02:06+00:00\",\"mainEntityOfPage\":{\"@id\":\"https:\\\/\\\/www.apfelpatient.de\\\/news\\\/apple-fruehjahrskollektion-2025-neue-farben-fuer-iphone-co\"},\"wordCount\":540,\"publisher\":{\"@type\":\"Organization\",\"@id\":\"https:\\\/\\\/www.apfelpatient.de\\\/en\\\/#organization\",\"name\":\"Apfelpatient\",\"url\":\"https:\\\/\\\/www.apfelpatient.de\\\/en\\\/\"},\"image\":{\"@id\":\"https:\\\/\\\/www.apfelpatient.de\\\/news\\\/apple-fruehjahrskollektion-2025-neue-farben-fuer-iphone-co#primaryimage\"},\"thumbnailUrl\":\"https:\\\/\\\/www.apfelpatient.de\\\/wp-content\\\/uploads\\\/2025\\\/03\\\/iPhone-Huellen-Fruehjahr-2025.jpeg\",\"keywords\":[\"Apple Watch\",\"iPad\",\"iPhone\"],\"articleSection\":\"News\",\"inLanguage\":\"en-US\",\"copyrightYear\":\"2025\",\"copyrightHolder\":{\"@id\":\"https:\\\/\\\/www.apfelpatient.de\\\/en\\\/#organization\"}},{\"@type\":\"WebPage\",\"@id\":\"https:\\\/\\\/www.apfelpatient.de\\\/news\\\/apple-fruehjahrskollektion-2025-neue-farben-fuer-iphone-co\",\"url\":\"https:\\\/\\\/www.apfelpatient.de\\\/news\\\/apple-fruehjahrskollektion-2025-neue-farben-fuer-iphone-co\",\"name\":\"Apple Fr\u00fchjahrskollektion 2025: Neue Farben f\u00fcr iPhone & Co Apfelpatient\",\"isPartOf\":{\"@id\":\"https:\\\/\\\/www.apfelpatient.de\\\/#website\"},\"primaryImageOfPage\":{\"@id\":\"https:\\\/\\\/www.apfelpatient.de\\\/news\\\/apple-fruehjahrskollektion-2025-neue-farben-fuer-iphone-co#primaryimage\"},\"image\":{\"@id\":\"https:\\\/\\\/www.apfelpatient.de\\\/news\\\/apple-fruehjahrskollektion-2025-neue-farben-fuer-iphone-co#primaryimage\"},\"thumbnailUrl\":\"https:\\\/\\\/www.apfelpatient.de\\\/wp-content\\\/uploads\\\/2025\\\/03\\\/iPhone-Huellen-Fruehjahr-2025.jpeg\",\"datePublished\":\"2025-03-04T16:02:04+00:00\",\"dateModified\":\"2025-03-04T16:02:06+00:00\",\"description\":\"Apple bringt frische Farben f\u00fcr iPhone-H\u00fcllen & Watch-B\u00e4nder! Entdecke die Fr\u00fchjahrskollektion 2025 und die neuen iPads jetzt.\",\"breadcrumb\":{\"@id\":\"https:\\\/\\\/www.apfelpatient.de\\\/news\\\/apple-fruehjahrskollektion-2025-neue-farben-fuer-iphone-co#breadcrumb\"},\"inLanguage\":\"en-US\",\"potentialAction\":[{\"@type\":\"ReadAction\",\"target\":[\"https:\\\/\\\/www.apfelpatient.de\\\/news\\\/apple-fruehjahrskollektion-2025-neue-farben-fuer-iphone-co\"]}]},{\"@type\":\"ImageObject\",\"inLanguage\":\"en-US\",\"@id\":\"https:\\\/\\\/www.apfelpatient.de\\\/news\\\/apple-fruehjahrskollektion-2025-neue-farben-fuer-iphone-co#primaryimage\",\"url\":\"https:\\\/\\\/www.apfelpatient.de\\\/wp-content\\\/uploads\\\/2025\\\/03\\\/iPhone-Huellen-Fruehjahr-2025.jpeg\",\"contentUrl\":\"https:\\\/\\\/www.apfelpatient.de\\\/wp-content\\\/uploads\\\/2025\\\/03\\\/iPhone-Huellen-Fruehjahr-2025.jpeg\",\"width\":1600,\"height\":1067,\"caption\":\"Bild: Apple\"},{\"@type\":\"BreadcrumbList\",\"@id\":\"https:\\\/\\\/www.apfelpatient.de\\\/news\\\/apple-fruehjahrskollektion-2025-neue-farben-fuer-iphone-co#breadcrumb\",\"itemListElement\":[{\"@type\":\"ListItem\",\"position\":1,\"name\":\"Startseite\",\"item\":\"https:\\\/\\\/www.apfelpatient.de\\\/\"},{\"@type\":\"ListItem\",\"position\":2,\"name\":\"Apple Fr\u00fchjahrskollektion 2025: Neue Farben f\u00fcr iPhone &#038; Co\"}]},{\"@type\":\"WebSite\",\"@id\":\"https:\\\/\\\/www.apfelpatient.de\\\/#website\",\"url\":\"https:\\\/\\\/www.apfelpatient.de\\\/\",\"name\":\"Apfelpatient\",\"description\":\"Alles rund um Apple!\",\"publisher\":{\"@type\":\"Organization\",\"@id\":\"https:\\\/\\\/www.apfelpatient.de\\\/en\\\/#organization\",\"name\":\"Apfelpatient\",\"url\":\"https:\\\/\\\/www.apfelpatient.de\\\/en\\\/\"},\"alternateName\":\"Apfelpatient\",\"potentialAction\":[{\"@type\":\"SearchAction\",\"target\":{\"@type\":\"EntryPoint\",\"urlTemplate\":\"https:\\\/\\\/www.apfelpatient.de\\\/?s={search_term_string}\"},\"query-input\":{\"@type\":\"PropertyValueSpecification\",\"valueRequired\":true,\"valueName\":\"search_term_string\"}}],\"inLanguage\":\"en-US\"},{\"@type\":[\"Person\",\"Organization\"],\"@id\":\"https:\\\/\\\/www.apfelpatient.de\\\/#\\\/schema\\\/person\\\/7dc56ad6c8e9824b76d2c08d4c140e13\",\"name\":\"Milan\",\"logo\":{\"@id\":\"https:\\\/\\\/www.apfelpatient.de\\\/#\\\/schema\\\/person\\\/image\\\/\"},\"description\":\"Hallo und herzlich willkommen auf meinem Technik-Blog! Als gro\u00dfer Apple-Fan berichte ich hier \u00fcber alles, was mit Apple zu tun hat: von den neuesten News und spannenden Ger\u00fcchten \u00fcber hilfreiche Tipps und Tricks bis hin zu ausf\u00fchrlichen Produkttests. Wenn du genauso technikbegeistert bist wie ich, bist du hier genau richtig!\",\"sameAs\":[\"https:\\\/\\\/www.facebook.com\\\/apfelpatientOfficial\",\"https:\\\/\\\/www.linkedin.com\\\/in\\\/milan-jovicic-42aa0231b\"],\"url\":\"https:\\\/\\\/www.apfelpatient.de\\\/en\\\/author\\\/apfeladmin\"}]}<\/script>\n<!-- \/ Yoast SEO Premium plugin. -->","yoast_head_json":{"title":"Apple Spring Collection 2025: New Colors for iPhone &amp; Co Apfelpatient","description":"Apple brings fresh colors for iPhone cases &amp; watch bands! Discover the spring 2025 collection and the new iPads now.","robots":{"index":"index","follow":"follow","max-snippet":"max-snippet:-1","max-image-preview":"max-image-preview:large","max-video-preview":"max-video-preview:-1"},"canonical":"https:\/\/www.apfelpatient.de\/en\/news\/apple-spring-collection-2025-new-colors-for-iphone-co","og_locale":"en_US","og_type":"article","og_title":"Apple Fr\u00fchjahrskollektion 2025: Neue Farben f\u00fcr iPhone & Co","og_description":"Apple bringt frische Farben f\u00fcr iPhone-H\u00fcllen & Watch-B\u00e4nder! Entdecke die Fr\u00fchjahrskollektion 2025 und die neuen iPads jetzt.","og_url":"https:\/\/www.apfelpatient.de\/en\/news\/apple-spring-collection-2025-new-colors-for-iphone-co","og_site_name":"Apfelpatient","article_publisher":"https:\/\/www.facebook.com\/apfelpatientOfficial","article_author":"https:\/\/www.facebook.com\/apfelpatientOfficial","article_published_time":"2025-03-04T16:02:04+00:00","article_modified_time":"2025-03-04T16:02:06+00:00","og_image":[{"width":1600,"height":1067,"url":"https:\/\/www.apfelpatient.de\/wp-content\/uploads\/2025\/03\/iPhone-Huellen-Fruehjahr-2025.jpeg","type":"image\/jpeg"}],"author":"Milan","twitter_card":"summary_large_image","twitter_description":"Apple bringt frische Farben f\u00fcr iPhone-H\u00fcllen & Watch-B\u00e4nder! Entdecke die Fr\u00fchjahrskollektion 2025 und die neuen iPads jetzt.","twitter_misc":{"Written by":"Milan","Est. reading time":"4 minutes"},"schema":{"@context":"https:\/\/schema.org","@graph":[{"@type":"NewsArticle","@id":"https:\/\/www.apfelpatient.de\/news\/apple-fruehjahrskollektion-2025-neue-farben-fuer-iphone-co#article","isPartOf":{"@id":"https:\/\/www.apfelpatient.de\/news\/apple-fruehjahrskollektion-2025-neue-farben-fuer-iphone-co"},"author":{"@type":"Organization","@id":"https:\/\/www.apfelpatient.de\/en\/#organization","name":"Apfelpatient","url":"https:\/\/www.apfelpatient.de\/en\/"},"headline":"Apple Fr\u00fchjahrskollektion 2025: Neue Farben f\u00fcr iPhone &#038; Co","datePublished":"2025-03-04T16:02:04+00:00","dateModified":"2025-03-04T16:02:06+00:00","mainEntityOfPage":{"@id":"https:\/\/www.apfelpatient.de\/news\/apple-fruehjahrskollektion-2025-neue-farben-fuer-iphone-co"},"wordCount":540,"publisher":{"@type":"Organization","@id":"https:\/\/www.apfelpatient.de\/en\/#organization","name":"Apfelpatient","url":"https:\/\/www.apfelpatient.de\/en\/"},"image":{"@id":"https:\/\/www.apfelpatient.de\/news\/apple-fruehjahrskollektion-2025-neue-farben-fuer-iphone-co#primaryimage"},"thumbnailUrl":"https:\/\/www.apfelpatient.de\/wp-content\/uploads\/2025\/03\/iPhone-Huellen-Fruehjahr-2025.jpeg","keywords":["Apple Watch","iPad","iPhone"],"articleSection":"News","inLanguage":"en-US","copyrightYear":"2025","copyrightHolder":{"@id":"https:\/\/www.apfelpatient.de\/en\/#organization"}},{"@type":"WebPage","@id":"https:\/\/www.apfelpatient.de\/news\/apple-fruehjahrskollektion-2025-neue-farben-fuer-iphone-co","url":"https:\/\/www.apfelpatient.de\/news\/apple-fruehjahrskollektion-2025-neue-farben-fuer-iphone-co","name":"Apple Spring Collection 2025: New Colors for iPhone &amp; Co Apfelpatient","isPartOf":{"@id":"https:\/\/www.apfelpatient.de\/#website"},"primaryImageOfPage":{"@id":"https:\/\/www.apfelpatient.de\/news\/apple-fruehjahrskollektion-2025-neue-farben-fuer-iphone-co#primaryimage"},"image":{"@id":"https:\/\/www.apfelpatient.de\/news\/apple-fruehjahrskollektion-2025-neue-farben-fuer-iphone-co#primaryimage"},"thumbnailUrl":"https:\/\/www.apfelpatient.de\/wp-content\/uploads\/2025\/03\/iPhone-Huellen-Fruehjahr-2025.jpeg","datePublished":"2025-03-04T16:02:04+00:00","dateModified":"2025-03-04T16:02:06+00:00","description":"Apple brings fresh colors for iPhone cases &amp; watch bands! Discover the spring 2025 collection and the new iPads now.","breadcrumb":{"@id":"https:\/\/www.apfelpatient.de\/news\/apple-fruehjahrskollektion-2025-neue-farben-fuer-iphone-co#breadcrumb"},"inLanguage":"en-US","potentialAction":[{"@type":"ReadAction","target":["https:\/\/www.apfelpatient.de\/news\/apple-fruehjahrskollektion-2025-neue-farben-fuer-iphone-co"]}]},{"@type":"ImageObject","inLanguage":"en-US","@id":"https:\/\/www.apfelpatient.de\/news\/apple-fruehjahrskollektion-2025-neue-farben-fuer-iphone-co#primaryimage","url":"https:\/\/www.apfelpatient.de\/wp-content\/uploads\/2025\/03\/iPhone-Huellen-Fruehjahr-2025.jpeg","contentUrl":"https:\/\/www.apfelpatient.de\/wp-content\/uploads\/2025\/03\/iPhone-Huellen-Fruehjahr-2025.jpeg","width":1600,"height":1067,"caption":"Bild: Apple"},{"@type":"BreadcrumbList","@id":"https:\/\/www.apfelpatient.de\/news\/apple-fruehjahrskollektion-2025-neue-farben-fuer-iphone-co#breadcrumb","itemListElement":[{"@type":"ListItem","position":1,"name":"Startseite","item":"https:\/\/www.apfelpatient.de\/"},{"@type":"ListItem","position":2,"name":"Apple Fr\u00fchjahrskollektion 2025: Neue Farben f\u00fcr iPhone &#038; Co"}]},{"@type":"WebSite","@id":"https:\/\/www.apfelpatient.de\/#website","url":"https:\/\/www.apfelpatient.de\/","name":"apple patient","description":"Everything about Apple!","publisher":{"@type":"Organization","@id":"https:\/\/www.apfelpatient.de\/en\/#organization","name":"Apfelpatient","url":"https:\/\/www.apfelpatient.de\/en\/"},"alternateName":"Apfelpatient","potentialAction":[{"@type":"SearchAction","target":{"@type":"EntryPoint","urlTemplate":"https:\/\/www.apfelpatient.de\/?s={search_term_string}"},"query-input":{"@type":"PropertyValueSpecification","valueRequired":true,"valueName":"search_term_string"}}],"inLanguage":"en-US"},{"@type":["Person","Organization"],"@id":"https:\/\/www.apfelpatient.de\/#\/schema\/person\/7dc56ad6c8e9824b76d2c08d4c140e13","name":"Milan","logo":{"@id":"https:\/\/www.apfelpatient.de\/#\/schema\/person\/image\/"},"description":"Hello and welcome to my technology blog! As a big Apple fan, I report on everything to do with Apple: from the latest news and exciting rumors to helpful tips and tricks and detailed product tests. If you are as enthusiastic about technology as I am, you have come to the right place!","sameAs":["https:\/\/www.facebook.com\/apfelpatientOfficial","https:\/\/www.linkedin.com\/in\/milan-jovicic-42aa0231b"],"url":"https:\/\/www.apfelpatient.de\/en\/author\/apfeladmin"}]}},"_links":{"self":[{"href":"https:\/\/www.apfelpatient.de\/en\/wp-json\/wp\/v2\/posts\/52403","targetHints":{"allow":["GET"]}}],"collection":[{"href":"https:\/\/www.apfelpatient.de\/en\/wp-json\/wp\/v2\/posts"}],"about":[{"href":"https:\/\/www.apfelpatient.de\/en\/wp-json\/wp\/v2\/types\/post"}],"author":[{"embeddable":true,"href":"https:\/\/www.apfelpatient.de\/en\/wp-json\/wp\/v2\/users\/2"}],"replies":[{"embeddable":true,"href":"https:\/\/www.apfelpatient.de\/en\/wp-json\/wp\/v2\/comments?post=52403"}],"version-history":[{"count":0,"href":"https:\/\/www.apfelpatient.de\/en\/wp-json\/wp\/v2\/posts\/52403\/revisions"}],"wp:featuredmedia":[{"embeddable":true,"href":"https:\/\/www.apfelpatient.de\/en\/wp-json\/wp\/v2\/media\/52402"}],"wp:attachment":[{"href":"https:\/\/www.apfelpatient.de\/en\/wp-json\/wp\/v2\/media?parent=52403"}],"wp:term":[{"taxonomy":"category","embeddable":true,"href":"https:\/\/www.apfelpatient.de\/en\/wp-json\/wp\/v2\/categories?post=52403"},{"taxonomy":"post_tag","embeddable":true,"href":"https:\/\/www.apfelpatient.de\/en\/wp-json\/wp\/v2\/tags?post=52403"}],"curies":[{"name":"wp","href":"https:\/\/api.w.org\/{rel}","templated":true}]}}