{"id":52354,"date":"2025-03-03T20:39:22","date_gmt":"2025-03-03T19:39:22","guid":{"rendered":"https:\/\/www.apfelpatient.de\/?p=52354"},"modified":"2025-03-03T20:39:25","modified_gmt":"2025-03-03T19:39:25","slug":"visionos-2-4-beta-2-brings-the-spatial-gallery-to-the-vision-pro","status":"publish","type":"post","link":"https:\/\/www.apfelpatient.de\/en\/news\/visionos-2-4-beta-2-bringt-die-spatial-gallery-auf-die-vision-pro","title":{"rendered":"visionOS 2.4 Beta 2 brings the Spatial Gallery to the Vision Pro"},"content":{"rendered":"<p class=\"has-drop-cap\"><strong>With the upcoming update to visionOS 2.4, Apple is expanding the capabilities of the Vision Pro. One of the biggest innovations is the Spatial Gallery, a new app specifically designed for immersive content. It gives users access to spatial photos, videos and panoramas created by renowned artists, filmmakers and photographers. The Spatial Gallery is already available in the Beta 2 version of visionOS 2.4 and enables a completely new type of digital exploration.<\/strong><\/p>\n\n\n\n<p>With the introduction of the Vision Pro, Apple has created a platform that takes spatial experiences to a new level. The latest beta version of visionOS 2.4 shows that Apple is continuing to push this technology forward. The Spatial Gallery is an important step towards a broader use of 3D content and immersive media. Apple plans to provide more content from top artists, creative visionaries and global brands in the future. There is already a wide selection of topics from sports, culture, art, lifestyle, nature, travel and entertainment.<\/p>\n\n\n\n<h4 class=\"wp-block-heading\" id=\"h-die-spatial-gallery-im-detail\">The Spatial Gallery in Detail<\/h4>\n\n\n\n<p>The Spatial Gallery is a standalone app developed exclusively for the Vision Pro. It contains a collection of high-quality spatial photos, videos and panoramas that are specifically optimized for an immersive experience. The content has been produced by professional creatives and photographers to take full advantage of the possibilities of spatial representation. This content is already available:<\/p>\n\n\n\n<ul class=\"wp-block-list\">\n<li>Underwater footage off Southern California shows marine life in impressive 3D quality.<\/li>\n\n\n\n<li>A skydiving video from the Red Bull Air Force provides spectacular perspectives from the air.<\/li>\n\n\n\n<li>Ice climbing footage from Alberta, Canada documents the extreme sport in impressive surroundings.<\/li>\n\n\n\n<li>A behind-the-scenes video of the Apple TV+ series Severance gives exclusive insights into the production.<\/li>\n\n\n\n<li>A collection of spatial images taken with the iPhone that demonstrate Apple&#039;s spatial photography technology.<\/li>\n<\/ul>\n\n\n\n<p>Apple is relying on high-quality, immersive content that has been specially optimized for the Vision Pro. The spatial recordings are intended to underline the depth and realism of the mixed reality technology.<\/p>\n\n\n\n<h4 class=\"wp-block-heading\" id=\"h-voraussetzungen-und-verfugbarkeit\">Requirements and Availability<\/h4>\n\n\n\n<p>To use the Spatial Gallery, the Vision Pro must be updated to the visionOS 2.4 beta version. The app is available immediately after the update and can be used immediately by Vision Pro owners. The full update to visionOS 2.4 is scheduled to be released in April 2025. In addition to the Spatial Gallery, it will also include new features in the area of Apple Intelligence that will further improve the performance of the Vision Pro.<\/p>\n\n\n\n<h3 class=\"wp-block-heading\" id=\"h-spatial-gallery-eine-neue-dimension-fur-die-vision-pro\">Spatial Gallery: A new dimension for the Vision Pro<\/h3>\n\n\n\n<p>With the Spatial Gallery, Apple is expanding the Vision Pro to include an immersive media platform that offers users high-quality spatial content. The combination of 3D photos, videos and panoramas makes using the Vision Pro even more versatile. With the official release of visionOS 2.4 in April, the app will be available to all users. If you want to get a first impression now, you can install the Beta 2 version and try out the new content straight away. The best accessories in one place: Our\u00a0<a href=\"https:\/\/www.amazon.de\/shop\/apfelpatientofficial\" target=\"_blank\" rel=\"noreferrer noopener\">Amazon Storefront<\/a> offers you top products, also for your HomeKit! (Image: Apple)<\/p>\n\n\n\n<ul class=\"wp-block-list\">\n<li><a href=\"https:\/\/www.apfelpatient.de\/en\/news\/ios-18-4-beta-2-apple-brings-vision-pro-app-to-iphone\">iOS 18.4 Beta 2: Apple brings Vision Pro app to iPhone<\/a><\/li>\n\n\n\n<li><a href=\"https:\/\/www.apfelpatient.de\/en\/news\/ios-18-4-brings-visual-intelligence-to-the-iphone-15-pro\">iOS 18.4 brings Visual Intelligence to the iPhone 15 Pro<\/a><\/li>\n<\/ul>\n\n\n\n<h6 class=\"wp-block-heading translation-block\" id=\"h-kennt-ihr-schon-unsere-amazon-storefront-dort-findet-ihr-eine-handverlesene-auswahl-von-diversen-produkten-f-r-euer-iphone-und-co-viel-spa-beim-st-bern\"><em>Have you already visited our Amazon Storefront? There you&#039;ll find a hand-picked selection of various products for your iPhone and other devices \u2013 <span class=\"has-inline-color has-vivid-red-color\"><a href=\"https:\/\/www.amazon.de\/shop\/apfelpatientofficial\" class=\"ek-link\" data-wpel-link=\"exclude\" rel=\"follow noopener\" target=\"_self\"><span style=\"text-decoration: underline\" class=\"ek-underline\">enjoy browsing<\/span><\/a> !<\/span><\/em><\/h6>\n\n\n\n<h6 class=\"wp-block-heading translation-block\" id=\"h-der-beitrag-enthalt-partnerlinks\">This post contains <a data-type=\"URL\" data-id=\"https:\/\/www.apfelpatient.de\/partnerprogramm\" href=\"https:\/\/www.apfelpatient.de\/en\/partner-program\" data-wpel-link=\"internal\" target=\"_self\">affiliate links<\/a>.<\/h6>","protected":false},"excerpt":{"rendered":"<p>visionOS 2.4 brings the Spatial Gallery to the Vision Pro. Experience stunning 3D photos, videos, and panoramas for yourself in Beta 2.<\/p>","protected":false},"author":2,"featured_media":52353,"comment_status":"closed","ping_status":"closed","sticky":false,"template":"","format":"standard","meta":{"jnews-multi-image_gallery":[],"jnews_single_post":{"format":"standard","override":[{"template":"2","parallax":"1","fullscreen":"1","layout":"right-sidebar","sidebar":"default-sidebar","second_sidebar":"default-sidebar","sticky_sidebar":"1","share_position":"top","share_float_style":"share-monocrhome","show_featured":"1","show_post_meta":"1","show_post_author":"1","show_post_author_image":"1","show_post_date":"1","post_date_format":"default","post_date_format_custom":"Y\/m\/d","show_post_category":"1","show_post_reading_time":"0","post_reading_time_wpm":"300","post_calculate_word_method":"str_word_count","show_zoom_button":"0","zoom_button_out_step":"2","zoom_button_in_step":"3","show_post_tag":"1","show_prev_next_post":"1","show_popup_post":"1","number_popup_post":"1","show_author_box":"0","show_post_related":"0","show_inline_post_related":"0"}],"image_override":[{"single_post_thumbnail_size":"crop-500","single_post_gallery_size":"crop-500"}],"trending_post_position":"meta","trending_post_label":"Trending","sponsored_post_label":"Sponsored by","disable_ad":"0"},"jnews_primary_category":{"id":"9"},"footnotes":""},"categories":[9],"tags":[844,1166],"class_list":["post-52354","post","type-post","status-publish","format-standard","has-post-thumbnail","hentry","category-news","tag-visionos","tag-visionos-2-4"],"yoast_head":"<!-- This site is optimized with the Yoast SEO Premium plugin v27.5 (Yoast SEO v27.5) - https:\/\/yoast.com\/product\/yoast-seo-premium-wordpress\/ -->\n<title>visionOS 2.4 Beta 2 bringt die Spatial Gallery auf die Vision Pro Apfelpatient<\/title>\n<meta name=\"description\" content=\"visionOS 2.4 bringt die Spatial Gallery auf die Vision Pro. Erlebe beeindruckende 3D-Fotos, Videos &amp; Panoramen in der Beta 2 jetzt selbst.\" \/>\n<meta name=\"robots\" content=\"index, follow, max-snippet:-1, max-image-preview:large, max-video-preview:-1\" \/>\n<link rel=\"canonical\" href=\"https:\/\/www.apfelpatient.de\/en\/news\/visionos-2-4-beta-2-brings-the-spatial-gallery-to-the-vision-pro\" \/>\n<meta property=\"og:locale\" content=\"en_US\" \/>\n<meta property=\"og:type\" content=\"article\" \/>\n<meta property=\"og:title\" content=\"visionOS 2.4 Beta 2 bringt die Spatial Gallery auf die Vision Pro\" \/>\n<meta property=\"og:description\" content=\"visionOS 2.4 bringt die Spatial Gallery auf die Vision Pro. Erlebe beeindruckende 3D-Fotos, Videos &amp; Panoramen in der Beta 2 jetzt selbst.\" \/>\n<meta property=\"og:url\" content=\"https:\/\/www.apfelpatient.de\/en\/news\/visionos-2-4-beta-2-brings-the-spatial-gallery-to-the-vision-pro\" \/>\n<meta property=\"og:site_name\" content=\"Apfelpatient\" \/>\n<meta property=\"article:publisher\" content=\"https:\/\/www.facebook.com\/apfelpatientOfficial\" \/>\n<meta property=\"article:author\" content=\"https:\/\/www.facebook.com\/apfelpatientOfficial\" \/>\n<meta property=\"article:published_time\" content=\"2025-03-03T19:39:22+00:00\" \/>\n<meta property=\"article:modified_time\" content=\"2025-03-03T19:39:25+00:00\" \/>\n<meta property=\"og:image\" content=\"https:\/\/www.apfelpatient.de\/wp-content\/uploads\/2025\/03\/Apple-Vision-Pro-availability-customer-demo-01.jpg\" \/>\n\t<meta property=\"og:image:width\" content=\"1600\" \/>\n\t<meta property=\"og:image:height\" content=\"1066\" \/>\n\t<meta property=\"og:image:type\" content=\"image\/jpeg\" \/>\n<meta name=\"author\" content=\"Milan\" \/>\n<meta name=\"twitter:card\" content=\"summary_large_image\" \/>\n<meta name=\"twitter:description\" content=\"visionOS 2.4 bringt die Spatial Gallery auf die Vision Pro. Erlebe beeindruckende 3D-Fotos, Videos &amp; Panoramen in der Beta 2 jetzt selbst.\" \/>\n<meta name=\"twitter:label1\" content=\"Written by\" \/>\n\t<meta name=\"twitter:data1\" content=\"Milan\" \/>\n\t<meta name=\"twitter:label2\" content=\"Est. reading time\" \/>\n\t<meta name=\"twitter:data2\" content=\"4 minutes\" \/>\n<script type=\"application\/ld+json\" class=\"yoast-schema-graph\">{\"@context\":\"https:\\\/\\\/schema.org\",\"@graph\":[{\"@type\":\"NewsArticle\",\"@id\":\"https:\\\/\\\/www.apfelpatient.de\\\/news\\\/visionos-2-4-beta-2-bringt-die-spatial-gallery-auf-die-vision-pro#article\",\"isPartOf\":{\"@id\":\"https:\\\/\\\/www.apfelpatient.de\\\/news\\\/visionos-2-4-beta-2-bringt-die-spatial-gallery-auf-die-vision-pro\"},\"author\":{\"@type\":\"Organization\",\"@id\":\"https:\\\/\\\/www.apfelpatient.de\\\/en\\\/#organization\",\"name\":\"Apfelpatient\",\"url\":\"https:\\\/\\\/www.apfelpatient.de\\\/en\\\/\"},\"headline\":\"visionOS 2.4 Beta 2 bringt die Spatial Gallery auf die Vision Pro\",\"datePublished\":\"2025-03-03T19:39:22+00:00\",\"dateModified\":\"2025-03-03T19:39:25+00:00\",\"mainEntityOfPage\":{\"@id\":\"https:\\\/\\\/www.apfelpatient.de\\\/news\\\/visionos-2-4-beta-2-bringt-die-spatial-gallery-auf-die-vision-pro\"},\"wordCount\":530,\"publisher\":{\"@type\":\"Organization\",\"@id\":\"https:\\\/\\\/www.apfelpatient.de\\\/en\\\/#organization\",\"name\":\"Apfelpatient\",\"url\":\"https:\\\/\\\/www.apfelpatient.de\\\/en\\\/\"},\"image\":{\"@id\":\"https:\\\/\\\/www.apfelpatient.de\\\/news\\\/visionos-2-4-beta-2-bringt-die-spatial-gallery-auf-die-vision-pro#primaryimage\"},\"thumbnailUrl\":\"https:\\\/\\\/www.apfelpatient.de\\\/wp-content\\\/uploads\\\/2025\\\/03\\\/Apple-Vision-Pro-availability-customer-demo-01.jpg\",\"keywords\":[\"visionOS\",\"visionOS 2.4\"],\"articleSection\":\"News\",\"inLanguage\":\"en-US\",\"copyrightYear\":\"2025\",\"copyrightHolder\":{\"@id\":\"https:\\\/\\\/www.apfelpatient.de\\\/en\\\/#organization\"}},{\"@type\":\"WebPage\",\"@id\":\"https:\\\/\\\/www.apfelpatient.de\\\/news\\\/visionos-2-4-beta-2-bringt-die-spatial-gallery-auf-die-vision-pro\",\"url\":\"https:\\\/\\\/www.apfelpatient.de\\\/news\\\/visionos-2-4-beta-2-bringt-die-spatial-gallery-auf-die-vision-pro\",\"name\":\"visionOS 2.4 Beta 2 bringt die Spatial Gallery auf die Vision Pro Apfelpatient\",\"isPartOf\":{\"@id\":\"https:\\\/\\\/www.apfelpatient.de\\\/#website\"},\"primaryImageOfPage\":{\"@id\":\"https:\\\/\\\/www.apfelpatient.de\\\/news\\\/visionos-2-4-beta-2-bringt-die-spatial-gallery-auf-die-vision-pro#primaryimage\"},\"image\":{\"@id\":\"https:\\\/\\\/www.apfelpatient.de\\\/news\\\/visionos-2-4-beta-2-bringt-die-spatial-gallery-auf-die-vision-pro#primaryimage\"},\"thumbnailUrl\":\"https:\\\/\\\/www.apfelpatient.de\\\/wp-content\\\/uploads\\\/2025\\\/03\\\/Apple-Vision-Pro-availability-customer-demo-01.jpg\",\"datePublished\":\"2025-03-03T19:39:22+00:00\",\"dateModified\":\"2025-03-03T19:39:25+00:00\",\"description\":\"visionOS 2.4 bringt die Spatial Gallery auf die Vision Pro. Erlebe beeindruckende 3D-Fotos, Videos & Panoramen in der Beta 2 jetzt selbst.\",\"breadcrumb\":{\"@id\":\"https:\\\/\\\/www.apfelpatient.de\\\/news\\\/visionos-2-4-beta-2-bringt-die-spatial-gallery-auf-die-vision-pro#breadcrumb\"},\"inLanguage\":\"en-US\",\"potentialAction\":[{\"@type\":\"ReadAction\",\"target\":[\"https:\\\/\\\/www.apfelpatient.de\\\/news\\\/visionos-2-4-beta-2-bringt-die-spatial-gallery-auf-die-vision-pro\"]}]},{\"@type\":\"ImageObject\",\"inLanguage\":\"en-US\",\"@id\":\"https:\\\/\\\/www.apfelpatient.de\\\/news\\\/visionos-2-4-beta-2-bringt-die-spatial-gallery-auf-die-vision-pro#primaryimage\",\"url\":\"https:\\\/\\\/www.apfelpatient.de\\\/wp-content\\\/uploads\\\/2025\\\/03\\\/Apple-Vision-Pro-availability-customer-demo-01.jpg\",\"contentUrl\":\"https:\\\/\\\/www.apfelpatient.de\\\/wp-content\\\/uploads\\\/2025\\\/03\\\/Apple-Vision-Pro-availability-customer-demo-01.jpg\",\"width\":1600,\"height\":1066,\"caption\":\"Bild: Apple\"},{\"@type\":\"BreadcrumbList\",\"@id\":\"https:\\\/\\\/www.apfelpatient.de\\\/news\\\/visionos-2-4-beta-2-bringt-die-spatial-gallery-auf-die-vision-pro#breadcrumb\",\"itemListElement\":[{\"@type\":\"ListItem\",\"position\":1,\"name\":\"Startseite\",\"item\":\"https:\\\/\\\/www.apfelpatient.de\\\/\"},{\"@type\":\"ListItem\",\"position\":2,\"name\":\"visionOS 2.4 Beta 2 bringt die Spatial Gallery auf die Vision Pro\"}]},{\"@type\":\"WebSite\",\"@id\":\"https:\\\/\\\/www.apfelpatient.de\\\/#website\",\"url\":\"https:\\\/\\\/www.apfelpatient.de\\\/\",\"name\":\"Apfelpatient\",\"description\":\"Alles rund um Apple!\",\"publisher\":{\"@type\":\"Organization\",\"@id\":\"https:\\\/\\\/www.apfelpatient.de\\\/en\\\/#organization\",\"name\":\"Apfelpatient\",\"url\":\"https:\\\/\\\/www.apfelpatient.de\\\/en\\\/\"},\"alternateName\":\"Apfelpatient\",\"potentialAction\":[{\"@type\":\"SearchAction\",\"target\":{\"@type\":\"EntryPoint\",\"urlTemplate\":\"https:\\\/\\\/www.apfelpatient.de\\\/?s={search_term_string}\"},\"query-input\":{\"@type\":\"PropertyValueSpecification\",\"valueRequired\":true,\"valueName\":\"search_term_string\"}}],\"inLanguage\":\"en-US\"},{\"@type\":[\"Person\",\"Organization\"],\"@id\":\"https:\\\/\\\/www.apfelpatient.de\\\/#\\\/schema\\\/person\\\/7dc56ad6c8e9824b76d2c08d4c140e13\",\"name\":\"Milan\",\"logo\":{\"@id\":\"https:\\\/\\\/www.apfelpatient.de\\\/#\\\/schema\\\/person\\\/image\\\/\"},\"description\":\"Hallo und herzlich willkommen auf meinem Technik-Blog! Als gro\u00dfer Apple-Fan berichte ich hier \u00fcber alles, was mit Apple zu tun hat: von den neuesten News und spannenden Ger\u00fcchten \u00fcber hilfreiche Tipps und Tricks bis hin zu ausf\u00fchrlichen Produkttests. Wenn du genauso technikbegeistert bist wie ich, bist du hier genau richtig!\",\"sameAs\":[\"https:\\\/\\\/www.facebook.com\\\/apfelpatientOfficial\",\"https:\\\/\\\/www.linkedin.com\\\/in\\\/milan-jovicic-42aa0231b\"],\"url\":\"https:\\\/\\\/www.apfelpatient.de\\\/en\\\/author\\\/apfeladmin\"}]}<\/script>\n<!-- \/ Yoast SEO Premium plugin. -->","yoast_head_json":{"title":"visionOS 2.4 Beta 2 brings the Spatial Gallery to the Vision Pro Apfelpatient","description":"visionOS 2.4 brings the Spatial Gallery to the Vision Pro. Experience impressive 3D photos, videos &amp; panoramas for yourself in Beta 2.","robots":{"index":"index","follow":"follow","max-snippet":"max-snippet:-1","max-image-preview":"max-image-preview:large","max-video-preview":"max-video-preview:-1"},"canonical":"https:\/\/www.apfelpatient.de\/en\/news\/visionos-2-4-beta-2-brings-the-spatial-gallery-to-the-vision-pro","og_locale":"en_US","og_type":"article","og_title":"visionOS 2.4 Beta 2 bringt die Spatial Gallery auf die Vision Pro","og_description":"visionOS 2.4 bringt die Spatial Gallery auf die Vision Pro. Erlebe beeindruckende 3D-Fotos, Videos & Panoramen in der Beta 2 jetzt selbst.","og_url":"https:\/\/www.apfelpatient.de\/en\/news\/visionos-2-4-beta-2-brings-the-spatial-gallery-to-the-vision-pro","og_site_name":"Apfelpatient","article_publisher":"https:\/\/www.facebook.com\/apfelpatientOfficial","article_author":"https:\/\/www.facebook.com\/apfelpatientOfficial","article_published_time":"2025-03-03T19:39:22+00:00","article_modified_time":"2025-03-03T19:39:25+00:00","og_image":[{"width":1600,"height":1066,"url":"https:\/\/www.apfelpatient.de\/wp-content\/uploads\/2025\/03\/Apple-Vision-Pro-availability-customer-demo-01.jpg","type":"image\/jpeg"}],"author":"Milan","twitter_card":"summary_large_image","twitter_description":"visionOS 2.4 bringt die Spatial Gallery auf die Vision Pro. Erlebe beeindruckende 3D-Fotos, Videos & Panoramen in der Beta 2 jetzt selbst.","twitter_misc":{"Written by":"Milan","Est. reading time":"4 minutes"},"schema":{"@context":"https:\/\/schema.org","@graph":[{"@type":"NewsArticle","@id":"https:\/\/www.apfelpatient.de\/news\/visionos-2-4-beta-2-bringt-die-spatial-gallery-auf-die-vision-pro#article","isPartOf":{"@id":"https:\/\/www.apfelpatient.de\/news\/visionos-2-4-beta-2-bringt-die-spatial-gallery-auf-die-vision-pro"},"author":{"@type":"Organization","@id":"https:\/\/www.apfelpatient.de\/en\/#organization","name":"Apfelpatient","url":"https:\/\/www.apfelpatient.de\/en\/"},"headline":"visionOS 2.4 Beta 2 bringt die Spatial Gallery auf die Vision Pro","datePublished":"2025-03-03T19:39:22+00:00","dateModified":"2025-03-03T19:39:25+00:00","mainEntityOfPage":{"@id":"https:\/\/www.apfelpatient.de\/news\/visionos-2-4-beta-2-bringt-die-spatial-gallery-auf-die-vision-pro"},"wordCount":530,"publisher":{"@type":"Organization","@id":"https:\/\/www.apfelpatient.de\/en\/#organization","name":"Apfelpatient","url":"https:\/\/www.apfelpatient.de\/en\/"},"image":{"@id":"https:\/\/www.apfelpatient.de\/news\/visionos-2-4-beta-2-bringt-die-spatial-gallery-auf-die-vision-pro#primaryimage"},"thumbnailUrl":"https:\/\/www.apfelpatient.de\/wp-content\/uploads\/2025\/03\/Apple-Vision-Pro-availability-customer-demo-01.jpg","keywords":["visionOS","visionOS 2.4"],"articleSection":"News","inLanguage":"en-US","copyrightYear":"2025","copyrightHolder":{"@id":"https:\/\/www.apfelpatient.de\/en\/#organization"}},{"@type":"WebPage","@id":"https:\/\/www.apfelpatient.de\/news\/visionos-2-4-beta-2-bringt-die-spatial-gallery-auf-die-vision-pro","url":"https:\/\/www.apfelpatient.de\/news\/visionos-2-4-beta-2-bringt-die-spatial-gallery-auf-die-vision-pro","name":"visionOS 2.4 Beta 2 brings the Spatial Gallery to the Vision Pro Apfelpatient","isPartOf":{"@id":"https:\/\/www.apfelpatient.de\/#website"},"primaryImageOfPage":{"@id":"https:\/\/www.apfelpatient.de\/news\/visionos-2-4-beta-2-bringt-die-spatial-gallery-auf-die-vision-pro#primaryimage"},"image":{"@id":"https:\/\/www.apfelpatient.de\/news\/visionos-2-4-beta-2-bringt-die-spatial-gallery-auf-die-vision-pro#primaryimage"},"thumbnailUrl":"https:\/\/www.apfelpatient.de\/wp-content\/uploads\/2025\/03\/Apple-Vision-Pro-availability-customer-demo-01.jpg","datePublished":"2025-03-03T19:39:22+00:00","dateModified":"2025-03-03T19:39:25+00:00","description":"visionOS 2.4 brings the Spatial Gallery to the Vision Pro. Experience impressive 3D photos, videos &amp; panoramas for yourself in Beta 2.","breadcrumb":{"@id":"https:\/\/www.apfelpatient.de\/news\/visionos-2-4-beta-2-bringt-die-spatial-gallery-auf-die-vision-pro#breadcrumb"},"inLanguage":"en-US","potentialAction":[{"@type":"ReadAction","target":["https:\/\/www.apfelpatient.de\/news\/visionos-2-4-beta-2-bringt-die-spatial-gallery-auf-die-vision-pro"]}]},{"@type":"ImageObject","inLanguage":"en-US","@id":"https:\/\/www.apfelpatient.de\/news\/visionos-2-4-beta-2-bringt-die-spatial-gallery-auf-die-vision-pro#primaryimage","url":"https:\/\/www.apfelpatient.de\/wp-content\/uploads\/2025\/03\/Apple-Vision-Pro-availability-customer-demo-01.jpg","contentUrl":"https:\/\/www.apfelpatient.de\/wp-content\/uploads\/2025\/03\/Apple-Vision-Pro-availability-customer-demo-01.jpg","width":1600,"height":1066,"caption":"Bild: Apple"},{"@type":"BreadcrumbList","@id":"https:\/\/www.apfelpatient.de\/news\/visionos-2-4-beta-2-bringt-die-spatial-gallery-auf-die-vision-pro#breadcrumb","itemListElement":[{"@type":"ListItem","position":1,"name":"Startseite","item":"https:\/\/www.apfelpatient.de\/"},{"@type":"ListItem","position":2,"name":"visionOS 2.4 Beta 2 bringt die Spatial Gallery auf die Vision Pro"}]},{"@type":"WebSite","@id":"https:\/\/www.apfelpatient.de\/#website","url":"https:\/\/www.apfelpatient.de\/","name":"apple patient","description":"Everything about Apple!","publisher":{"@type":"Organization","@id":"https:\/\/www.apfelpatient.de\/en\/#organization","name":"Apfelpatient","url":"https:\/\/www.apfelpatient.de\/en\/"},"alternateName":"Apfelpatient","potentialAction":[{"@type":"SearchAction","target":{"@type":"EntryPoint","urlTemplate":"https:\/\/www.apfelpatient.de\/?s={search_term_string}"},"query-input":{"@type":"PropertyValueSpecification","valueRequired":true,"valueName":"search_term_string"}}],"inLanguage":"en-US"},{"@type":["Person","Organization"],"@id":"https:\/\/www.apfelpatient.de\/#\/schema\/person\/7dc56ad6c8e9824b76d2c08d4c140e13","name":"Milan","logo":{"@id":"https:\/\/www.apfelpatient.de\/#\/schema\/person\/image\/"},"description":"Hello and welcome to my technology blog! As a big Apple fan, I report on everything to do with Apple: from the latest news and exciting rumors to helpful tips and tricks and detailed product tests. If you are as enthusiastic about technology as I am, you have come to the right place!","sameAs":["https:\/\/www.facebook.com\/apfelpatientOfficial","https:\/\/www.linkedin.com\/in\/milan-jovicic-42aa0231b"],"url":"https:\/\/www.apfelpatient.de\/en\/author\/apfeladmin"}]}},"_links":{"self":[{"href":"https:\/\/www.apfelpatient.de\/en\/wp-json\/wp\/v2\/posts\/52354","targetHints":{"allow":["GET"]}}],"collection":[{"href":"https:\/\/www.apfelpatient.de\/en\/wp-json\/wp\/v2\/posts"}],"about":[{"href":"https:\/\/www.apfelpatient.de\/en\/wp-json\/wp\/v2\/types\/post"}],"author":[{"embeddable":true,"href":"https:\/\/www.apfelpatient.de\/en\/wp-json\/wp\/v2\/users\/2"}],"replies":[{"embeddable":true,"href":"https:\/\/www.apfelpatient.de\/en\/wp-json\/wp\/v2\/comments?post=52354"}],"version-history":[{"count":0,"href":"https:\/\/www.apfelpatient.de\/en\/wp-json\/wp\/v2\/posts\/52354\/revisions"}],"wp:featuredmedia":[{"embeddable":true,"href":"https:\/\/www.apfelpatient.de\/en\/wp-json\/wp\/v2\/media\/52353"}],"wp:attachment":[{"href":"https:\/\/www.apfelpatient.de\/en\/wp-json\/wp\/v2\/media?parent=52354"}],"wp:term":[{"taxonomy":"category","embeddable":true,"href":"https:\/\/www.apfelpatient.de\/en\/wp-json\/wp\/v2\/categories?post=52354"},{"taxonomy":"post_tag","embeddable":true,"href":"https:\/\/www.apfelpatient.de\/en\/wp-json\/wp\/v2\/tags?post=52354"}],"curies":[{"name":"wp","href":"https:\/\/api.w.org\/{rel}","templated":true}]}}