{"id":52335,"date":"2025-03-03T17:18:06","date_gmt":"2025-03-03T16:18:06","guid":{"rendered":"https:\/\/www.apfelpatient.de\/?p=52335"},"modified":"2025-03-03T17:18:09","modified_gmt":"2025-03-03T16:18:09","slug":"tim-cook-fuels-speculation-that-the-new-macbook-air-will-be-released","status":"publish","type":"post","link":"https:\/\/www.apfelpatient.de\/en\/news\/tim-cook-heizt-spekulationen-an-kommt-das-neue-macbook-air","title":{"rendered":"Tim Cook fuels speculation \u2013 is the new MacBook Air coming?"},"content":{"rendered":"<p class=\"has-drop-cap\"><strong>Apple is about to introduce a new MacBook Air. Tim Cook introduced the announcement with a short teaser on social media. The words &quot;There&#039;s something in the Air&quot; leave little doubt that this is a new generation of the MacBook Air. There is already some reliable information about the new features, including the introduction of the M4 chip, more RAM and an improved camera. The official presentation is expected in the coming days.<\/strong><\/p>\n\n\n\n<p>The MacBook Air has been one of Apple&#039;s most popular laptops for years. It offers a slim, lightweight design, long battery life and enough power for everyday use. With the introduction of the M4 chip, Apple will further optimize the device. Until now, the MacBook Air was available with a maximum of 24 GB of RAM. With the new model, Apple could raise this limit to 32 GB. Improvements in processing power, graphics and efficiency are also expected.<\/p>\n\n\n\n<figure class=\"wp-block-embed is-type-rich is-provider-twitter wp-block-embed-twitter\"><div class=\"wp-block-embed__wrapper\">\n <div class=\"brlbs-cmpnt-container brlbs-cmpnt-content-blocker brlbs-cmpnt-with-individual-styles\" data-borlabs-cookie-content-blocker-id=\"x-alias-twitter-content-blocker\" data-borlabs-cookie-content=\"PGJsb2NrcXVvdGUgY2xhc3M9InR3aXR0ZXItdHdlZXQiIGRhdGEtd2lkdGg9IjUwMCIgZGF0YS1kbnQ9InRydWUiPjxwIGxhbmc9ImVuIiBkaXI9Imx0ciI+VGhpcyB3ZWVrLiA8YSBocmVmPSJodHRwczovL3QuY28vdVhxUWFHTmtTayI+cGljLnR3aXR0ZXIuY29tL3VYcVFhR05rU2s8L2E+PC9wPiZtZGFzaDsgVGltIENvb2sgKEB0aW1fY29vaykgPGEgaHJlZj0iaHR0cHM6Ly90d2l0dGVyLmNvbS90aW1fY29vay9zdGF0dXMvMTg5NjU4OTk1NDUxNzcwMTA1Nz9yZWZfc3JjPXR3c3JjJTVFdGZ3Ij5NYXJjaCAzLCAyMDI1PC9hPjwvYmxvY2txdW90ZT48c2NyaXB0IGFzeW5jIHNyYz0iaHR0cHM6Ly9wbGF0Zm9ybS50d2l0dGVyLmNvbS93aWRnZXRzLmpzIiBjaGFyc2V0PSJ1dGYtOCI+PC9zY3JpcHQ+\"><div class=\"brlbs-cmpnt-cb-preset-b brlbs-cmpnt-cb-x\"> <div class=\"brlbs-cmpnt-cb-thumbnail\" style=\"background-image: url('https:\/\/www.apfelpatient.de\/wp-content\/uploads\/borlabs-cookie\/1\/cb-twitter-main.png')\"><\/div> <div class=\"brlbs-cmpnt-cb-main\"> <div class=\"brlbs-cmpnt-cb-content\"> <p class=\"brlbs-cmpnt-cb-description\">You are currently viewing a placeholder content from <strong>X<\/strong>. To access the actual content, click the button below. Please note that doing so will share data with third-party providers.<\/p> <a class=\"brlbs-cmpnt-cb-provider-toggle\" href=\"#\" data-borlabs-cookie-show-provider-information role=\"button\">More Information<\/a> <\/div> <div class=\"brlbs-cmpnt-cb-buttons\"> <a class=\"brlbs-cmpnt-cb-btn\" href=\"#\" data-borlabs-cookie-unblock role=\"button\">Unblock content<\/a> <a class=\"brlbs-cmpnt-cb-btn\" href=\"#\" data-borlabs-cookie-accept-service role=\"button\" style=\"display: inherit\">Accept required service and unblock content<\/a> <\/div> <\/div> <\/div><\/div>\n<\/div><\/figure>\n\n\n\n<h4 class=\"wp-block-heading\" id=\"h-der-m4-chip-bringt-mehr-leistung\">The M4 chip brings more performance<\/h4>\n\n\n\n<p>The biggest innovation in the MacBook Air 2025 will be the M4 chip. Apple continues to rely on its own processors and optimizes them with each new generation. The M4 chip is expected to have two additional CPU cores and offer higher memory bandwidth. This ensures faster processing and better multitasking performance. The increased efficiency should also enable longer battery life. Apple has already delivered solid performance with the M3, but the M4 could be specifically optimized for AI-powered applications and advanced computing tasks.<\/p>\n\n\n\n<h4 class=\"wp-block-heading\" id=\"h-zwei-display-grossen-zur-auswahl\">Two display sizes to choose from<\/h4>\n\n\n\n<p>The MacBook Air will continue to be available in two sizes: 13 inches and 15 inches. The larger version offers more screen space and is aimed at users who frequently work with multiple windows or graphics-intensive applications. It is still unclear whether the design of the case will change. Apple will probably stick with the current design, but may offer new color options.<\/p>\n\n\n\n<h4 class=\"wp-block-heading\" id=\"h-verbesserte-kamera-und-neue-features\">Improved camera and new features<\/h4>\n\n\n\n<p>Another upgrade concerns the camera. The new MacBook Air will have a 12-megapixel camera with Center Stage technology. This means that the user will automatically remain in the picture during video conferences. The display could also receive slight improvements. Apple is continuously working on better brightness values and optimized color calibration.<\/p>\n\n\n\n<h4 class=\"wp-block-heading\" id=\"h-langere-akkulaufzeit-durch-bessere-effizienz\">Longer battery life through better efficiency<\/h4>\n\n\n\n<p>The MacBook Air is known for its long battery life, which is up to 18 hours in the current models. The more efficient M4 chip could ensure that the new model lasts even longer. Apple is also optimizing the power management of macOS. The new software version that will be shipped with the MacBook Air 2025 should bring some further improvements in battery performance.<\/p>\n\n\n\n<h3 class=\"wp-block-heading\" id=\"h-macbook-air-m4-mehr-leistung-bessere-ausstattung-langere-laufzeit\">MacBook Air M4: More performance, better features, longer battery life<\/h3>\n\n\n\n<p>The new MacBook Air is expected to be faster, more efficient and better equipped than its predecessor. With the M4 chip, more RAM, a better camera and optimized battery life, it could be an interesting choice for many users. The official launch will take place in the coming days. Further details on price and availability will also be announced then. Anyone who has been waiting for a more powerful and efficient MacBook Air should keep an eye on the announcement. (Image: Apple)<\/p>\n\n\n\n<ul class=\"wp-block-list\">\n<li><a href=\"https:\/\/www.apfelpatient.de\/en\/generally\/apple-tv-in-march-2025-all-new-series-films-at-a-glance\">Apple TV+ in March 2025: All new series &amp; films at a glance<\/a><\/li>\n\n\n\n<li><a href=\"https:\/\/www.apfelpatient.de\/en\/generally\/ios-18-4-is-coming-in-april-all-new-features-at-a-glance\">iOS 18.4 is coming in April \u2013 All new features at a glance<\/a><\/li>\n\n\n\n<li><a href=\"https:\/\/www.apfelpatient.de\/en\/generally\/wwdc-2025-date-rumors-and-apple-software-updates\">WWDC 2025 \u2013 Date, rumors and Apple software updates<\/a><\/li>\n\n\n\n<li><a href=\"https:\/\/www.apfelpatient.de\/en\/generally\/apple-2025-these-new-products-await-us-in-spring\">Apple 2025: These new products await us in spring<\/a><\/li>\n\n\n\n<li><a href=\"https:\/\/www.apfelpatient.de\/en\/generally\/iphone-17-what-is-behind-the-radical-design-change\">iPhone 17: What&#039;s behind the radical design change?<\/a><\/li>\n<\/ul>\n\n\n\n<h6 class=\"wp-block-heading translation-block\" id=\"h-kennt-ihr-schon-unsere-amazon-storefront-dort-findet-ihr-eine-handverlesene-auswahl-von-diversen-produkten-f-r-euer-iphone-und-co-viel-spa-beim-st-bern\"><em>Have you already visited our Amazon Storefront? There you&#039;ll find a hand-picked selection of various products for your iPhone and other devices \u2013 <span class=\"has-inline-color has-vivid-red-color\"><a href=\"https:\/\/www.amazon.de\/shop\/apfelpatientofficial\" class=\"ek-link\" data-wpel-link=\"exclude\" rel=\"follow noopener\" target=\"_self\"><span style=\"text-decoration: underline\" class=\"ek-underline\">enjoy browsing<\/span><\/a> !<\/span><\/em><\/h6>\n\n\n\n<h6 class=\"wp-block-heading translation-block\" id=\"h-der-beitrag-enthalt-partnerlinks\">This post contains <a data-type=\"URL\" data-id=\"https:\/\/www.apfelpatient.de\/partnerprogramm\" href=\"https:\/\/www.apfelpatient.de\/en\/partner-program\" data-wpel-link=\"internal\" target=\"_self\">affiliate links<\/a>.<\/h6>","protected":false},"excerpt":{"rendered":"<p>Tim Cook announces the new MacBook Air! More power, longer battery life and improved camera. All information at a glance!<\/p>","protected":false},"author":2,"featured_media":52337,"comment_status":"closed","ping_status":"closed","sticky":false,"template":"","format":"standard","meta":{"jnews-multi-image_gallery":[],"jnews_single_post":{"format":"standard","override":[{"template":"2","parallax":"1","fullscreen":"1","layout":"right-sidebar","sidebar":"default-sidebar","second_sidebar":"default-sidebar","sticky_sidebar":"1","share_position":"top","share_float_style":"share-monocrhome","show_featured":"1","show_post_meta":"1","show_post_author":"1","show_post_author_image":"1","show_post_date":"1","post_date_format":"default","post_date_format_custom":"Y\/m\/d","show_post_category":"1","show_post_reading_time":"0","post_reading_time_wpm":"300","post_calculate_word_method":"str_word_count","show_zoom_button":"0","zoom_button_out_step":"2","zoom_button_in_step":"3","show_post_tag":"1","show_prev_next_post":"1","show_popup_post":"1","number_popup_post":"1","show_author_box":"0","show_post_related":"0","show_inline_post_related":"0"}],"image_override":[{"single_post_thumbnail_size":"crop-500","single_post_gallery_size":"crop-500"}],"trending_post_position":"meta","trending_post_label":"Trending","sponsored_post_label":"Sponsored by","disable_ad":"0"},"jnews_primary_category":{"id":"9"},"footnotes":""},"categories":[9],"tags":[40,41],"class_list":["post-52335","post","type-post","status-publish","format-standard","has-post-thumbnail","hentry","category-news","tag-mac","tag-macbook-air"],"yoast_head":"<!-- This site is optimized with the Yoast SEO Premium plugin v27.5 (Yoast SEO v27.5) - https:\/\/yoast.com\/product\/yoast-seo-premium-wordpress\/ -->\n<title>Tim Cook heizt Spekulationen an \u2013 kommt das neue MacBook Air? Apfelpatient<\/title>\n<meta name=\"description\" content=\"Tim Cook k\u00fcndigt das neue MacBook Air an! Mehr Leistung, l\u00e4ngere Akkulaufzeit und verbesserte Kamera. Alle Infos im \u00dcberblick!\" \/>\n<meta name=\"robots\" content=\"index, follow, max-snippet:-1, max-image-preview:large, max-video-preview:-1\" \/>\n<link rel=\"canonical\" href=\"https:\/\/www.apfelpatient.de\/en\/news\/tim-cook-fuels-speculation-that-the-new-macbook-air-will-be-released\" \/>\n<meta property=\"og:locale\" content=\"en_US\" \/>\n<meta property=\"og:type\" content=\"article\" \/>\n<meta property=\"og:title\" content=\"Tim Cook heizt Spekulationen an \u2013 kommt das neue MacBook Air?\" \/>\n<meta property=\"og:description\" content=\"Tim Cook k\u00fcndigt das neue MacBook Air an! Mehr Leistung, l\u00e4ngere Akkulaufzeit und verbesserte Kamera. Alle Infos im \u00dcberblick!\" \/>\n<meta property=\"og:url\" content=\"https:\/\/www.apfelpatient.de\/en\/news\/tim-cook-fuels-speculation-that-the-new-macbook-air-will-be-released\" \/>\n<meta property=\"og:site_name\" content=\"Apfelpatient\" \/>\n<meta property=\"article:publisher\" content=\"https:\/\/www.facebook.com\/apfelpatientOfficial\" \/>\n<meta property=\"article:author\" content=\"https:\/\/www.facebook.com\/apfelpatientOfficial\" \/>\n<meta property=\"article:published_time\" content=\"2025-03-03T16:18:06+00:00\" \/>\n<meta property=\"article:modified_time\" content=\"2025-03-03T16:18:09+00:00\" \/>\n<meta property=\"og:image\" content=\"https:\/\/www.apfelpatient.de\/wp-content\/uploads\/2025\/03\/Apple-Teaser.jpeg\" \/>\n\t<meta property=\"og:image:width\" content=\"1600\" \/>\n\t<meta property=\"og:image:height\" content=\"1067\" \/>\n\t<meta property=\"og:image:type\" content=\"image\/jpeg\" \/>\n<meta name=\"author\" content=\"Milan\" \/>\n<meta name=\"twitter:card\" content=\"summary_large_image\" \/>\n<meta name=\"twitter:description\" content=\"Tim Cook k\u00fcndigt das neue MacBook Air an! Mehr Leistung, l\u00e4ngere Akkulaufzeit und verbesserte Kamera. Alle Infos im \u00dcberblick!\" \/>\n<meta name=\"twitter:label1\" content=\"Written by\" \/>\n\t<meta name=\"twitter:data1\" content=\"Milan\" \/>\n\t<meta name=\"twitter:label2\" content=\"Est. reading time\" \/>\n\t<meta name=\"twitter:data2\" content=\"4 minutes\" \/>\n<script type=\"application\/ld+json\" class=\"yoast-schema-graph\">{\"@context\":\"https:\\\/\\\/schema.org\",\"@graph\":[{\"@type\":\"NewsArticle\",\"@id\":\"https:\\\/\\\/www.apfelpatient.de\\\/news\\\/tim-cook-heizt-spekulationen-an-kommt-das-neue-macbook-air#article\",\"isPartOf\":{\"@id\":\"https:\\\/\\\/www.apfelpatient.de\\\/news\\\/tim-cook-heizt-spekulationen-an-kommt-das-neue-macbook-air\"},\"author\":{\"@type\":\"Organization\",\"@id\":\"https:\\\/\\\/www.apfelpatient.de\\\/en\\\/#organization\",\"name\":\"Apfelpatient\",\"url\":\"https:\\\/\\\/www.apfelpatient.de\\\/en\\\/\"},\"headline\":\"Tim Cook heizt Spekulationen an \u2013 kommt das neue MacBook Air?\",\"datePublished\":\"2025-03-03T16:18:06+00:00\",\"dateModified\":\"2025-03-03T16:18:09+00:00\",\"mainEntityOfPage\":{\"@id\":\"https:\\\/\\\/www.apfelpatient.de\\\/news\\\/tim-cook-heizt-spekulationen-an-kommt-das-neue-macbook-air\"},\"wordCount\":597,\"publisher\":{\"@type\":\"Organization\",\"@id\":\"https:\\\/\\\/www.apfelpatient.de\\\/en\\\/#organization\",\"name\":\"Apfelpatient\",\"url\":\"https:\\\/\\\/www.apfelpatient.de\\\/en\\\/\"},\"image\":{\"@id\":\"https:\\\/\\\/www.apfelpatient.de\\\/news\\\/tim-cook-heizt-spekulationen-an-kommt-das-neue-macbook-air#primaryimage\"},\"thumbnailUrl\":\"https:\\\/\\\/www.apfelpatient.de\\\/wp-content\\\/uploads\\\/2025\\\/03\\\/Apple-Teaser.jpeg\",\"keywords\":[\"Mac\",\"MacBook Air\"],\"articleSection\":\"News\",\"inLanguage\":\"en-US\",\"copyrightYear\":\"2025\",\"copyrightHolder\":{\"@id\":\"https:\\\/\\\/www.apfelpatient.de\\\/en\\\/#organization\"}},{\"@type\":\"WebPage\",\"@id\":\"https:\\\/\\\/www.apfelpatient.de\\\/news\\\/tim-cook-heizt-spekulationen-an-kommt-das-neue-macbook-air\",\"url\":\"https:\\\/\\\/www.apfelpatient.de\\\/news\\\/tim-cook-heizt-spekulationen-an-kommt-das-neue-macbook-air\",\"name\":\"Tim Cook heizt Spekulationen an \u2013 kommt das neue MacBook Air? Apfelpatient\",\"isPartOf\":{\"@id\":\"https:\\\/\\\/www.apfelpatient.de\\\/#website\"},\"primaryImageOfPage\":{\"@id\":\"https:\\\/\\\/www.apfelpatient.de\\\/news\\\/tim-cook-heizt-spekulationen-an-kommt-das-neue-macbook-air#primaryimage\"},\"image\":{\"@id\":\"https:\\\/\\\/www.apfelpatient.de\\\/news\\\/tim-cook-heizt-spekulationen-an-kommt-das-neue-macbook-air#primaryimage\"},\"thumbnailUrl\":\"https:\\\/\\\/www.apfelpatient.de\\\/wp-content\\\/uploads\\\/2025\\\/03\\\/Apple-Teaser.jpeg\",\"datePublished\":\"2025-03-03T16:18:06+00:00\",\"dateModified\":\"2025-03-03T16:18:09+00:00\",\"description\":\"Tim Cook k\u00fcndigt das neue MacBook Air an! Mehr Leistung, l\u00e4ngere Akkulaufzeit und verbesserte Kamera. Alle Infos im \u00dcberblick!\",\"breadcrumb\":{\"@id\":\"https:\\\/\\\/www.apfelpatient.de\\\/news\\\/tim-cook-heizt-spekulationen-an-kommt-das-neue-macbook-air#breadcrumb\"},\"inLanguage\":\"en-US\",\"potentialAction\":[{\"@type\":\"ReadAction\",\"target\":[\"https:\\\/\\\/www.apfelpatient.de\\\/news\\\/tim-cook-heizt-spekulationen-an-kommt-das-neue-macbook-air\"]}]},{\"@type\":\"ImageObject\",\"inLanguage\":\"en-US\",\"@id\":\"https:\\\/\\\/www.apfelpatient.de\\\/news\\\/tim-cook-heizt-spekulationen-an-kommt-das-neue-macbook-air#primaryimage\",\"url\":\"https:\\\/\\\/www.apfelpatient.de\\\/wp-content\\\/uploads\\\/2025\\\/03\\\/Apple-Teaser.jpeg\",\"contentUrl\":\"https:\\\/\\\/www.apfelpatient.de\\\/wp-content\\\/uploads\\\/2025\\\/03\\\/Apple-Teaser.jpeg\",\"width\":1600,\"height\":1067,\"caption\":\"Bild: Apple\"},{\"@type\":\"BreadcrumbList\",\"@id\":\"https:\\\/\\\/www.apfelpatient.de\\\/news\\\/tim-cook-heizt-spekulationen-an-kommt-das-neue-macbook-air#breadcrumb\",\"itemListElement\":[{\"@type\":\"ListItem\",\"position\":1,\"name\":\"Startseite\",\"item\":\"https:\\\/\\\/www.apfelpatient.de\\\/\"},{\"@type\":\"ListItem\",\"position\":2,\"name\":\"Tim Cook heizt Spekulationen an \u2013 kommt das neue MacBook Air?\"}]},{\"@type\":\"WebSite\",\"@id\":\"https:\\\/\\\/www.apfelpatient.de\\\/#website\",\"url\":\"https:\\\/\\\/www.apfelpatient.de\\\/\",\"name\":\"Apfelpatient\",\"description\":\"Alles rund um Apple!\",\"publisher\":{\"@type\":\"Organization\",\"@id\":\"https:\\\/\\\/www.apfelpatient.de\\\/en\\\/#organization\",\"name\":\"Apfelpatient\",\"url\":\"https:\\\/\\\/www.apfelpatient.de\\\/en\\\/\"},\"alternateName\":\"Apfelpatient\",\"potentialAction\":[{\"@type\":\"SearchAction\",\"target\":{\"@type\":\"EntryPoint\",\"urlTemplate\":\"https:\\\/\\\/www.apfelpatient.de\\\/?s={search_term_string}\"},\"query-input\":{\"@type\":\"PropertyValueSpecification\",\"valueRequired\":true,\"valueName\":\"search_term_string\"}}],\"inLanguage\":\"en-US\"},{\"@type\":[\"Person\",\"Organization\"],\"@id\":\"https:\\\/\\\/www.apfelpatient.de\\\/#\\\/schema\\\/person\\\/7dc56ad6c8e9824b76d2c08d4c140e13\",\"name\":\"Milan\",\"logo\":{\"@id\":\"https:\\\/\\\/www.apfelpatient.de\\\/#\\\/schema\\\/person\\\/image\\\/\"},\"description\":\"Hallo und herzlich willkommen auf meinem Technik-Blog! Als gro\u00dfer Apple-Fan berichte ich hier \u00fcber alles, was mit Apple zu tun hat: von den neuesten News und spannenden Ger\u00fcchten \u00fcber hilfreiche Tipps und Tricks bis hin zu ausf\u00fchrlichen Produkttests. Wenn du genauso technikbegeistert bist wie ich, bist du hier genau richtig!\",\"sameAs\":[\"https:\\\/\\\/www.facebook.com\\\/apfelpatientOfficial\",\"https:\\\/\\\/www.linkedin.com\\\/in\\\/milan-jovicic-42aa0231b\"],\"url\":\"https:\\\/\\\/www.apfelpatient.de\\\/en\\\/author\\\/apfeladmin\"}]}<\/script>\n<!-- \/ Yoast SEO Premium plugin. -->","yoast_head_json":{"title":"Tim Cook fuels speculation \u2013 is the new MacBook Air coming? Apfelpatient","description":"Tim Cook announces the new MacBook Air! More power, longer battery life and improved camera. All information at a glance!","robots":{"index":"index","follow":"follow","max-snippet":"max-snippet:-1","max-image-preview":"max-image-preview:large","max-video-preview":"max-video-preview:-1"},"canonical":"https:\/\/www.apfelpatient.de\/en\/news\/tim-cook-fuels-speculation-that-the-new-macbook-air-will-be-released","og_locale":"en_US","og_type":"article","og_title":"Tim Cook heizt Spekulationen an \u2013 kommt das neue MacBook Air?","og_description":"Tim Cook k\u00fcndigt das neue MacBook Air an! Mehr Leistung, l\u00e4ngere Akkulaufzeit und verbesserte Kamera. Alle Infos im \u00dcberblick!","og_url":"https:\/\/www.apfelpatient.de\/en\/news\/tim-cook-fuels-speculation-that-the-new-macbook-air-will-be-released","og_site_name":"Apfelpatient","article_publisher":"https:\/\/www.facebook.com\/apfelpatientOfficial","article_author":"https:\/\/www.facebook.com\/apfelpatientOfficial","article_published_time":"2025-03-03T16:18:06+00:00","article_modified_time":"2025-03-03T16:18:09+00:00","og_image":[{"width":1600,"height":1067,"url":"https:\/\/www.apfelpatient.de\/wp-content\/uploads\/2025\/03\/Apple-Teaser.jpeg","type":"image\/jpeg"}],"author":"Milan","twitter_card":"summary_large_image","twitter_description":"Tim Cook k\u00fcndigt das neue MacBook Air an! Mehr Leistung, l\u00e4ngere Akkulaufzeit und verbesserte Kamera. Alle Infos im \u00dcberblick!","twitter_misc":{"Written by":"Milan","Est. reading time":"4 minutes"},"schema":{"@context":"https:\/\/schema.org","@graph":[{"@type":"NewsArticle","@id":"https:\/\/www.apfelpatient.de\/news\/tim-cook-heizt-spekulationen-an-kommt-das-neue-macbook-air#article","isPartOf":{"@id":"https:\/\/www.apfelpatient.de\/news\/tim-cook-heizt-spekulationen-an-kommt-das-neue-macbook-air"},"author":{"@type":"Organization","@id":"https:\/\/www.apfelpatient.de\/en\/#organization","name":"Apfelpatient","url":"https:\/\/www.apfelpatient.de\/en\/"},"headline":"Tim Cook heizt Spekulationen an \u2013 kommt das neue MacBook Air?","datePublished":"2025-03-03T16:18:06+00:00","dateModified":"2025-03-03T16:18:09+00:00","mainEntityOfPage":{"@id":"https:\/\/www.apfelpatient.de\/news\/tim-cook-heizt-spekulationen-an-kommt-das-neue-macbook-air"},"wordCount":597,"publisher":{"@type":"Organization","@id":"https:\/\/www.apfelpatient.de\/en\/#organization","name":"Apfelpatient","url":"https:\/\/www.apfelpatient.de\/en\/"},"image":{"@id":"https:\/\/www.apfelpatient.de\/news\/tim-cook-heizt-spekulationen-an-kommt-das-neue-macbook-air#primaryimage"},"thumbnailUrl":"https:\/\/www.apfelpatient.de\/wp-content\/uploads\/2025\/03\/Apple-Teaser.jpeg","keywords":["Mac","MacBook Air"],"articleSection":"News","inLanguage":"en-US","copyrightYear":"2025","copyrightHolder":{"@id":"https:\/\/www.apfelpatient.de\/en\/#organization"}},{"@type":"WebPage","@id":"https:\/\/www.apfelpatient.de\/news\/tim-cook-heizt-spekulationen-an-kommt-das-neue-macbook-air","url":"https:\/\/www.apfelpatient.de\/news\/tim-cook-heizt-spekulationen-an-kommt-das-neue-macbook-air","name":"Tim Cook fuels speculation \u2013 is the new MacBook Air coming? Apfelpatient","isPartOf":{"@id":"https:\/\/www.apfelpatient.de\/#website"},"primaryImageOfPage":{"@id":"https:\/\/www.apfelpatient.de\/news\/tim-cook-heizt-spekulationen-an-kommt-das-neue-macbook-air#primaryimage"},"image":{"@id":"https:\/\/www.apfelpatient.de\/news\/tim-cook-heizt-spekulationen-an-kommt-das-neue-macbook-air#primaryimage"},"thumbnailUrl":"https:\/\/www.apfelpatient.de\/wp-content\/uploads\/2025\/03\/Apple-Teaser.jpeg","datePublished":"2025-03-03T16:18:06+00:00","dateModified":"2025-03-03T16:18:09+00:00","description":"Tim Cook announces the new MacBook Air! More power, longer battery life and improved camera. All information at a glance!","breadcrumb":{"@id":"https:\/\/www.apfelpatient.de\/news\/tim-cook-heizt-spekulationen-an-kommt-das-neue-macbook-air#breadcrumb"},"inLanguage":"en-US","potentialAction":[{"@type":"ReadAction","target":["https:\/\/www.apfelpatient.de\/news\/tim-cook-heizt-spekulationen-an-kommt-das-neue-macbook-air"]}]},{"@type":"ImageObject","inLanguage":"en-US","@id":"https:\/\/www.apfelpatient.de\/news\/tim-cook-heizt-spekulationen-an-kommt-das-neue-macbook-air#primaryimage","url":"https:\/\/www.apfelpatient.de\/wp-content\/uploads\/2025\/03\/Apple-Teaser.jpeg","contentUrl":"https:\/\/www.apfelpatient.de\/wp-content\/uploads\/2025\/03\/Apple-Teaser.jpeg","width":1600,"height":1067,"caption":"Bild: Apple"},{"@type":"BreadcrumbList","@id":"https:\/\/www.apfelpatient.de\/news\/tim-cook-heizt-spekulationen-an-kommt-das-neue-macbook-air#breadcrumb","itemListElement":[{"@type":"ListItem","position":1,"name":"Startseite","item":"https:\/\/www.apfelpatient.de\/"},{"@type":"ListItem","position":2,"name":"Tim Cook heizt Spekulationen an \u2013 kommt das neue MacBook Air?"}]},{"@type":"WebSite","@id":"https:\/\/www.apfelpatient.de\/#website","url":"https:\/\/www.apfelpatient.de\/","name":"apple patient","description":"Everything about Apple!","publisher":{"@type":"Organization","@id":"https:\/\/www.apfelpatient.de\/en\/#organization","name":"Apfelpatient","url":"https:\/\/www.apfelpatient.de\/en\/"},"alternateName":"Apfelpatient","potentialAction":[{"@type":"SearchAction","target":{"@type":"EntryPoint","urlTemplate":"https:\/\/www.apfelpatient.de\/?s={search_term_string}"},"query-input":{"@type":"PropertyValueSpecification","valueRequired":true,"valueName":"search_term_string"}}],"inLanguage":"en-US"},{"@type":["Person","Organization"],"@id":"https:\/\/www.apfelpatient.de\/#\/schema\/person\/7dc56ad6c8e9824b76d2c08d4c140e13","name":"Milan","logo":{"@id":"https:\/\/www.apfelpatient.de\/#\/schema\/person\/image\/"},"description":"Hello and welcome to my technology blog! As a big Apple fan, I report on everything to do with Apple: from the latest news and exciting rumors to helpful tips and tricks and detailed product tests. If you are as enthusiastic about technology as I am, you have come to the right place!","sameAs":["https:\/\/www.facebook.com\/apfelpatientOfficial","https:\/\/www.linkedin.com\/in\/milan-jovicic-42aa0231b"],"url":"https:\/\/www.apfelpatient.de\/en\/author\/apfeladmin"}]}},"_links":{"self":[{"href":"https:\/\/www.apfelpatient.de\/en\/wp-json\/wp\/v2\/posts\/52335","targetHints":{"allow":["GET"]}}],"collection":[{"href":"https:\/\/www.apfelpatient.de\/en\/wp-json\/wp\/v2\/posts"}],"about":[{"href":"https:\/\/www.apfelpatient.de\/en\/wp-json\/wp\/v2\/types\/post"}],"author":[{"embeddable":true,"href":"https:\/\/www.apfelpatient.de\/en\/wp-json\/wp\/v2\/users\/2"}],"replies":[{"embeddable":true,"href":"https:\/\/www.apfelpatient.de\/en\/wp-json\/wp\/v2\/comments?post=52335"}],"version-history":[{"count":0,"href":"https:\/\/www.apfelpatient.de\/en\/wp-json\/wp\/v2\/posts\/52335\/revisions"}],"wp:featuredmedia":[{"embeddable":true,"href":"https:\/\/www.apfelpatient.de\/en\/wp-json\/wp\/v2\/media\/52337"}],"wp:attachment":[{"href":"https:\/\/www.apfelpatient.de\/en\/wp-json\/wp\/v2\/media?parent=52335"}],"wp:term":[{"taxonomy":"category","embeddable":true,"href":"https:\/\/www.apfelpatient.de\/en\/wp-json\/wp\/v2\/categories?post=52335"},{"taxonomy":"post_tag","embeddable":true,"href":"https:\/\/www.apfelpatient.de\/en\/wp-json\/wp\/v2\/tags?post=52335"}],"curies":[{"name":"wp","href":"https:\/\/api.w.org\/{rel}","templated":true}]}}