{"id":52082,"date":"2025-02-24T16:47:19","date_gmt":"2025-02-24T15:47:19","guid":{"rendered":"https:\/\/www.apfelpatient.de\/?p=52082"},"modified":"2025-02-24T16:47:56","modified_gmt":"2025-02-24T15:47:56","slug":"apple-airtag-2-when-will-the-new-model-come","status":"publish","type":"post","link":"https:\/\/www.apfelpatient.de\/en\/rumors\/apple-airtag-2-wann-kommt-das-neue-modell","title":{"rendered":"Apple AirTag 2: When will the new model be released?"},"content":{"rendered":"<p class=\"has-drop-cap\"><strong>Apple is working on the second generation of the AirTag, which is expected to be released in May or June 2025. The new version of the popular tracking device is expected to come to market with several improvements, including a longer range, better security features, and closer integration with Apple&#039;s Vision Pro. The current information comes from well-known leaker Kosutami, who has already published reliable details about upcoming Apple products in the past. Bloomberg expert Mark Gurman had also previously predicted a market launch in mid-2025.<\/strong><\/p>\n\n\n\n<p>Since the introduction of the first AirTag in 2021, the compact tracking device has established itself as a popular accessory for quickly finding lost items. With the new generation, Apple wants to further expand the functionality of the AirTag and address security concerns in particular.<\/p>\n\n\n\n<h3 class=\"wp-block-heading\" id=\"h-diese-neuen-funktionen-bringt-der-airtag-2\">The AirTag 2 brings these new features<\/h3>\n\n\n\n<h4 class=\"wp-block-heading\" id=\"h-erweiterte-reichweite-durch-neuen-ultrabreitband-chip\">Extended range thanks to new ultra-wideband chip<\/h4>\n\n\n\n<p>One of the biggest innovations in the AirTag 2 is said to be the use of an improved second-generation ultra-wideband (UWB) chip. This has already been installed in the iPhone 15 and iPhone 16 as well as in the Apple Watch Ultra 2 and enables much more precise location tracking. According to current information, the AirTag 2 with this chip could have a range up to three times greater than the current model. For comparison: the precise person search on the iPhone 15 and iPhone 16 models already works at a distance of up to 60 meters. If Apple integrates this technology into the AirTag 2, tracking over longer distances could be much more reliable and accurate.<\/p>\n\n\n\n<h4 class=\"wp-block-heading\" id=\"h-verbesserte-sicherheitsmassnahmen-gegen-stalking\">Improved security measures against stalking<\/h4>\n\n\n\n<p>Another important point is security. In recent years, there have been repeated reports of AirTags being misused, particularly for the unauthorized tracking of people. To address this problem, Apple is making the AirTag 2&#039;s built-in speaker more difficult to remove or tamper with. This measure is intended to ensure that a foreign AirTag that is unnoticed in your vicinity continues to give a loud audible warning as soon as it is detected. Apple and Google are already working together on measures against unauthorized tracking by Bluetooth trackers - with the new generation of the AirTag, further security features could be added.<\/p>\n\n\n\n<h4 class=\"wp-block-heading\" id=\"h-integration-mit-apple-vision-pro\">Integration with Apple Vision Pro<\/h4>\n\n\n\n<p>Another interesting rumor concerns the improved integration of the AirTag 2 with the Apple Vision Pro. Although no exact details are known yet, this could mean that AirTags will be even better integrated into Apple&#039;s AR ecosystem in the future. A visual representation of the AirTag&#039;s position in the environment via the Vision Pro headset would be conceivable. This would make it possible to find lost objects not only by sound or map, but also to see them directly in the real environment using a virtual overlay.<\/p>\n\n\n\n<h4 class=\"wp-block-heading\" id=\"h-preis-und-markteinfuhrung\">price and market launch<\/h4>\n\n\n\n<p>The original AirTag was introduced in April 2021 and costs 39 euros per unit or 129 euros for a set of four in Germany. It is not yet known whether the price will change with the new generation. The source of the current leaks, the well-known leaker Kosutami, has made both precise and inaccurate predictions in the past. For example, while he correctly predicted the metal-encapsulated battery of the iPhone 16 Pro months in advance, he was wrong about the expected AirPods Pro 3. Nevertheless, his assessment of the release period coincides with the earlier forecasts of Bloomberg insider Mark Gurman.<\/p>\n\n\n\n<h4 class=\"wp-block-heading\" id=\"h-was-bringt-die-zukunft\">What does the future hold?<\/h4>\n\n\n\n<p>In addition to the AirTag 2, there are other rumors about new Apple products. <a href=\"https:\/\/x.com\/Kosutami_Ito\/status\/1893941895761444872\" target=\"_blank\" rel=\"noreferrer noopener\">Kosutami<\/a> recently hinted that a new generation of AirPods Pro and new smart home accessories from Apple are also on the way. In particular, there is speculation that Apple is working on an entirely new smart home hub, a Face ID doorbell and a smart home camera, but these could not be released until 2026 or later.<\/p>\n\n\n\n<ul class=\"wp-block-list\">\n<li><a href=\"https:\/\/www.apfelpatient.de\/en\/news\/apple-strengthens-the-us-market-a-smart-move-against-tariffs\">Apple strengthens the US market \u2013 a smart move against tariffs?<\/a><\/li>\n<\/ul>\n\n\n\n<h3 class=\"wp-block-heading\" id=\"h-warum-sich-geduld-auszahlen-konnte\">Why Patience Could Pay Off<\/h3>\n\n\n\n<p>With the AirTag 2, Apple seems to be significantly improving its tracking accessories. An increased range thanks to the new UWB chip, more security thanks to a speaker that is difficult to manipulate and better integration with the Vision Pro make the new AirTag an interesting upgrade. The exact market launch is expected in May or June 2025, but official confirmation from Apple is still pending. So if you&#039;re thinking about getting an AirTag, it might be worth waiting a few more months for the second generation. (Photo by Unsplash \/ Daniel Romero)<\/p>\n\n\n\n<ul class=\"wp-block-list\">\n<li><a href=\"https:\/\/www.apfelpatient.de\/en\/rumors\/iphone-17-new-cad-drawings-show-design-changes\">iPhone 17: New CAD drawings show design changes<\/a><\/li>\n\n\n\n<li><a href=\"https:\/\/www.apfelpatient.de\/en\/rumors\/apple-plans-to-integrate-its-own-modems-into-the-main-chipset\">Apple plans to integrate its own modems into the main chipset<\/a><\/li>\n\n\n\n<li><a href=\"https:\/\/www.apfelpatient.de\/en\/rumors\/iphone-17-pro-will-replace-professional-cameras\">iPhone 17 Pro: Will it replace professional cameras?<\/a><\/li>\n\n\n\n<li><a href=\"https:\/\/www.apfelpatient.de\/en\/rumors\/this-is-what-the-iphone-17-pro-max-looks-like-according-to-the-latest-information\">This is what the iPhone 17 Pro Max looks like according to the latest information<\/a><\/li>\n<\/ul>\n\n\n\n<h6 class=\"wp-block-heading translation-block\" id=\"h-kennt-ihr-schon-unsere-amazon-storefront-dort-findet-ihr-eine-handverlesene-auswahl-von-diversen-produkten-f-r-euer-iphone-und-co-viel-spa-beim-st-bern\"><em>Have you already visited our Amazon Storefront? There you&#039;ll find a hand-picked selection of various products for your iPhone and other devices \u2013 <span class=\"has-inline-color has-vivid-red-color\"><a href=\"https:\/\/www.amazon.de\/shop\/apfelpatientofficial\" class=\"ek-link\" data-wpel-link=\"exclude\" rel=\"follow noopener\" target=\"_self\"><span style=\"text-decoration: underline\" class=\"ek-underline\">enjoy browsing<\/span><\/a> !<\/span><\/em><\/h6>\n\n\n\n<h6 class=\"wp-block-heading translation-block\" id=\"h-der-beitrag-enthalt-partnerlinks\">This post contains <a data-type=\"URL\" data-id=\"https:\/\/www.apfelpatient.de\/partnerprogramm\" href=\"https:\/\/www.apfelpatient.de\/en\/partner-program\" data-wpel-link=\"internal\" target=\"_self\">affiliate links<\/a>.<\/h6>","protected":false},"excerpt":{"rendered":"<p>AirTag 2: Apple improves tracking and security. Get all the information about the release, price and new features of the popular tracker now!<\/p>","protected":false},"author":2,"featured_media":52081,"comment_status":"closed","ping_status":"closed","sticky":false,"template":"","format":"standard","meta":{"jnews-multi-image_gallery":[],"jnews_single_post":{"format":"standard","override":[{"template":"2","parallax":"1","fullscreen":"1","layout":"right-sidebar","sidebar":"default-sidebar","second_sidebar":"default-sidebar","sticky_sidebar":"1","share_position":"top","share_float_style":"share-monocrhome","show_featured":"1","show_post_meta":"1","show_post_author":"1","show_post_author_image":"1","show_post_date":"1","post_date_format":"default","post_date_format_custom":"Y\/m\/d","show_post_category":"1","show_post_reading_time":"0","post_reading_time_wpm":"300","post_calculate_word_method":"str_word_count","show_zoom_button":"0","zoom_button_out_step":"2","zoom_button_in_step":"3","show_post_tag":"1","show_prev_next_post":"1","show_popup_post":"1","number_popup_post":"1","show_author_box":"0","show_post_related":"0","show_inline_post_related":"0"}],"image_override":[{"single_post_thumbnail_size":"crop-500","single_post_gallery_size":"crop-500"}],"trending_post_position":"meta","trending_post_label":"Trending","sponsored_post_label":"Sponsored by","disable_ad":"0"},"jnews_primary_category":{"id":"25"},"footnotes":""},"categories":[25],"tags":[328],"class_list":["post-52082","post","type-post","status-publish","format-standard","has-post-thumbnail","hentry","category-rumors","tag-airtag"],"yoast_head":"<!-- This site is optimized with the Yoast SEO Premium plugin v27.5 (Yoast SEO v27.5) - https:\/\/yoast.com\/product\/yoast-seo-premium-wordpress\/ -->\n<title>Apple AirTag 2: Wann kommt das neue Modell? Apfelpatient<\/title>\n<meta name=\"description\" content=\"AirTag 2: Apple verbessert Ortung und Sicherheit. Erhalte jetzt alle Infos zu Release, Preis und neuen Funktionen des beliebten Trackers!\" \/>\n<meta name=\"robots\" content=\"index, follow, max-snippet:-1, max-image-preview:large, max-video-preview:-1\" \/>\n<link rel=\"canonical\" href=\"https:\/\/www.apfelpatient.de\/en\/rumors\/apple-airtag-2-when-will-the-new-model-come\" \/>\n<meta property=\"og:locale\" content=\"en_US\" \/>\n<meta property=\"og:type\" content=\"article\" \/>\n<meta property=\"og:title\" content=\"Apple AirTag 2: Wann kommt das neue Modell?\" \/>\n<meta property=\"og:description\" content=\"AirTag 2: Apple verbessert Ortung und Sicherheit. Erhalte jetzt alle Infos zu Release, Preis und neuen Funktionen des beliebten Trackers!\" \/>\n<meta property=\"og:url\" content=\"https:\/\/www.apfelpatient.de\/en\/rumors\/apple-airtag-2-when-will-the-new-model-come\" \/>\n<meta property=\"og:site_name\" content=\"Apfelpatient\" \/>\n<meta property=\"article:publisher\" content=\"https:\/\/www.facebook.com\/apfelpatientOfficial\" \/>\n<meta property=\"article:author\" content=\"https:\/\/www.facebook.com\/apfelpatientOfficial\" \/>\n<meta property=\"article:published_time\" content=\"2025-02-24T15:47:19+00:00\" \/>\n<meta property=\"article:modified_time\" content=\"2025-02-24T15:47:56+00:00\" \/>\n<meta property=\"og:image\" content=\"https:\/\/www.apfelpatient.de\/wp-content\/uploads\/2025\/02\/daniel-romero-7Oxnu9lcVD0-unsplash.jpg\" \/>\n\t<meta property=\"og:image:width\" content=\"1600\" \/>\n\t<meta property=\"og:image:height\" content=\"900\" \/>\n\t<meta property=\"og:image:type\" content=\"image\/jpeg\" \/>\n<meta name=\"author\" content=\"Milan\" \/>\n<meta name=\"twitter:card\" content=\"summary_large_image\" \/>\n<meta name=\"twitter:description\" content=\"AirTag 2: Apple verbessert Ortung und Sicherheit. Erhalte jetzt alle Infos zu Release, Preis und neuen Funktionen des beliebten Trackers!\" \/>\n<meta name=\"twitter:label1\" content=\"Written by\" \/>\n\t<meta name=\"twitter:data1\" content=\"Milan\" \/>\n\t<meta name=\"twitter:label2\" content=\"Est. reading time\" \/>\n\t<meta name=\"twitter:data2\" content=\"13 minutes\" \/>\n<script type=\"application\/ld+json\" class=\"yoast-schema-graph\">{\"@context\":\"https:\\\/\\\/schema.org\",\"@graph\":[{\"@type\":\"NewsArticle\",\"@id\":\"https:\\\/\\\/www.apfelpatient.de\\\/rumors\\\/apple-airtag-2-wann-kommt-das-neue-modell#article\",\"isPartOf\":{\"@id\":\"https:\\\/\\\/www.apfelpatient.de\\\/rumors\\\/apple-airtag-2-wann-kommt-das-neue-modell\"},\"author\":{\"@type\":\"Organization\",\"@id\":\"https:\\\/\\\/www.apfelpatient.de\\\/en\\\/#organization\",\"name\":\"Apfelpatient\",\"url\":\"https:\\\/\\\/www.apfelpatient.de\\\/en\\\/\"},\"headline\":\"Apple AirTag 2: Wann kommt das neue Modell?\",\"datePublished\":\"2025-02-24T15:47:19+00:00\",\"dateModified\":\"2025-02-24T15:47:56+00:00\",\"mainEntityOfPage\":{\"@id\":\"https:\\\/\\\/www.apfelpatient.de\\\/rumors\\\/apple-airtag-2-wann-kommt-das-neue-modell\"},\"wordCount\":751,\"publisher\":{\"@type\":\"Organization\",\"@id\":\"https:\\\/\\\/www.apfelpatient.de\\\/en\\\/#organization\",\"name\":\"Apfelpatient\",\"url\":\"https:\\\/\\\/www.apfelpatient.de\\\/en\\\/\"},\"image\":{\"@id\":\"https:\\\/\\\/www.apfelpatient.de\\\/rumors\\\/apple-airtag-2-wann-kommt-das-neue-modell#primaryimage\"},\"thumbnailUrl\":\"https:\\\/\\\/www.apfelpatient.de\\\/wp-content\\\/uploads\\\/2025\\\/02\\\/daniel-romero-7Oxnu9lcVD0-unsplash.jpg\",\"keywords\":[\"AirTags\"],\"articleSection\":\"Rumors\",\"inLanguage\":\"en-US\",\"copyrightYear\":\"2025\",\"copyrightHolder\":{\"@id\":\"https:\\\/\\\/www.apfelpatient.de\\\/en\\\/#organization\"}},{\"@type\":\"WebPage\",\"@id\":\"https:\\\/\\\/www.apfelpatient.de\\\/rumors\\\/apple-airtag-2-wann-kommt-das-neue-modell\",\"url\":\"https:\\\/\\\/www.apfelpatient.de\\\/rumors\\\/apple-airtag-2-wann-kommt-das-neue-modell\",\"name\":\"Apple AirTag 2: Wann kommt das neue Modell? Apfelpatient\",\"isPartOf\":{\"@id\":\"https:\\\/\\\/www.apfelpatient.de\\\/#website\"},\"primaryImageOfPage\":{\"@id\":\"https:\\\/\\\/www.apfelpatient.de\\\/rumors\\\/apple-airtag-2-wann-kommt-das-neue-modell#primaryimage\"},\"image\":{\"@id\":\"https:\\\/\\\/www.apfelpatient.de\\\/rumors\\\/apple-airtag-2-wann-kommt-das-neue-modell#primaryimage\"},\"thumbnailUrl\":\"https:\\\/\\\/www.apfelpatient.de\\\/wp-content\\\/uploads\\\/2025\\\/02\\\/daniel-romero-7Oxnu9lcVD0-unsplash.jpg\",\"datePublished\":\"2025-02-24T15:47:19+00:00\",\"dateModified\":\"2025-02-24T15:47:56+00:00\",\"description\":\"AirTag 2: Apple verbessert Ortung und Sicherheit. Erhalte jetzt alle Infos zu Release, Preis und neuen Funktionen des beliebten Trackers!\",\"breadcrumb\":{\"@id\":\"https:\\\/\\\/www.apfelpatient.de\\\/rumors\\\/apple-airtag-2-wann-kommt-das-neue-modell#breadcrumb\"},\"inLanguage\":\"en-US\",\"potentialAction\":[{\"@type\":\"ReadAction\",\"target\":[\"https:\\\/\\\/www.apfelpatient.de\\\/rumors\\\/apple-airtag-2-wann-kommt-das-neue-modell\"]}]},{\"@type\":\"ImageObject\",\"inLanguage\":\"en-US\",\"@id\":\"https:\\\/\\\/www.apfelpatient.de\\\/rumors\\\/apple-airtag-2-wann-kommt-das-neue-modell#primaryimage\",\"url\":\"https:\\\/\\\/www.apfelpatient.de\\\/wp-content\\\/uploads\\\/2025\\\/02\\\/daniel-romero-7Oxnu9lcVD0-unsplash.jpg\",\"contentUrl\":\"https:\\\/\\\/www.apfelpatient.de\\\/wp-content\\\/uploads\\\/2025\\\/02\\\/daniel-romero-7Oxnu9lcVD0-unsplash.jpg\",\"width\":1600,\"height\":900,\"caption\":\"Photo by Unsplash \\\/ Daniel Romero\"},{\"@type\":\"BreadcrumbList\",\"@id\":\"https:\\\/\\\/www.apfelpatient.de\\\/rumors\\\/apple-airtag-2-wann-kommt-das-neue-modell#breadcrumb\",\"itemListElement\":[{\"@type\":\"ListItem\",\"position\":1,\"name\":\"Startseite\",\"item\":\"https:\\\/\\\/www.apfelpatient.de\\\/\"},{\"@type\":\"ListItem\",\"position\":2,\"name\":\"Apple AirTag 2: Wann kommt das neue Modell?\"}]},{\"@type\":\"WebSite\",\"@id\":\"https:\\\/\\\/www.apfelpatient.de\\\/#website\",\"url\":\"https:\\\/\\\/www.apfelpatient.de\\\/\",\"name\":\"Apfelpatient\",\"description\":\"Alles rund um Apple!\",\"publisher\":{\"@type\":\"Organization\",\"@id\":\"https:\\\/\\\/www.apfelpatient.de\\\/en\\\/#organization\",\"name\":\"Apfelpatient\",\"url\":\"https:\\\/\\\/www.apfelpatient.de\\\/en\\\/\"},\"alternateName\":\"Apfelpatient\",\"potentialAction\":[{\"@type\":\"SearchAction\",\"target\":{\"@type\":\"EntryPoint\",\"urlTemplate\":\"https:\\\/\\\/www.apfelpatient.de\\\/?s={search_term_string}\"},\"query-input\":{\"@type\":\"PropertyValueSpecification\",\"valueRequired\":true,\"valueName\":\"search_term_string\"}}],\"inLanguage\":\"en-US\"},{\"@type\":[\"Person\",\"Organization\"],\"@id\":\"https:\\\/\\\/www.apfelpatient.de\\\/#\\\/schema\\\/person\\\/7dc56ad6c8e9824b76d2c08d4c140e13\",\"name\":\"Milan\",\"logo\":{\"@id\":\"https:\\\/\\\/www.apfelpatient.de\\\/#\\\/schema\\\/person\\\/image\\\/\"},\"description\":\"Hallo und herzlich willkommen auf meinem Technik-Blog! Als gro\u00dfer Apple-Fan berichte ich hier \u00fcber alles, was mit Apple zu tun hat: von den neuesten News und spannenden Ger\u00fcchten \u00fcber hilfreiche Tipps und Tricks bis hin zu ausf\u00fchrlichen Produkttests. Wenn du genauso technikbegeistert bist wie ich, bist du hier genau richtig!\",\"sameAs\":[\"https:\\\/\\\/www.facebook.com\\\/apfelpatientOfficial\",\"https:\\\/\\\/www.linkedin.com\\\/in\\\/milan-jovicic-42aa0231b\"],\"url\":\"https:\\\/\\\/www.apfelpatient.de\\\/en\\\/author\\\/apfeladmin\"}]}<\/script>\n<!-- \/ Yoast SEO Premium plugin. -->","yoast_head_json":{"title":"Apple AirTag 2: When will the new model be released? Apfelpatient","description":"AirTag 2: Apple improves tracking and security. Get all the information about the release, price and new features of the popular tracker now!","robots":{"index":"index","follow":"follow","max-snippet":"max-snippet:-1","max-image-preview":"max-image-preview:large","max-video-preview":"max-video-preview:-1"},"canonical":"https:\/\/www.apfelpatient.de\/en\/rumors\/apple-airtag-2-when-will-the-new-model-come","og_locale":"en_US","og_type":"article","og_title":"Apple AirTag 2: Wann kommt das neue Modell?","og_description":"AirTag 2: Apple verbessert Ortung und Sicherheit. Erhalte jetzt alle Infos zu Release, Preis und neuen Funktionen des beliebten Trackers!","og_url":"https:\/\/www.apfelpatient.de\/en\/rumors\/apple-airtag-2-when-will-the-new-model-come","og_site_name":"Apfelpatient","article_publisher":"https:\/\/www.facebook.com\/apfelpatientOfficial","article_author":"https:\/\/www.facebook.com\/apfelpatientOfficial","article_published_time":"2025-02-24T15:47:19+00:00","article_modified_time":"2025-02-24T15:47:56+00:00","og_image":[{"width":1600,"height":900,"url":"https:\/\/www.apfelpatient.de\/wp-content\/uploads\/2025\/02\/daniel-romero-7Oxnu9lcVD0-unsplash.jpg","type":"image\/jpeg"}],"author":"Milan","twitter_card":"summary_large_image","twitter_description":"AirTag 2: Apple verbessert Ortung und Sicherheit. Erhalte jetzt alle Infos zu Release, Preis und neuen Funktionen des beliebten Trackers!","twitter_misc":{"Written by":"Milan","Est. reading time":"13 minutes"},"schema":{"@context":"https:\/\/schema.org","@graph":[{"@type":"NewsArticle","@id":"https:\/\/www.apfelpatient.de\/rumors\/apple-airtag-2-wann-kommt-das-neue-modell#article","isPartOf":{"@id":"https:\/\/www.apfelpatient.de\/rumors\/apple-airtag-2-wann-kommt-das-neue-modell"},"author":{"@type":"Organization","@id":"https:\/\/www.apfelpatient.de\/en\/#organization","name":"Apfelpatient","url":"https:\/\/www.apfelpatient.de\/en\/"},"headline":"Apple AirTag 2: Wann kommt das neue Modell?","datePublished":"2025-02-24T15:47:19+00:00","dateModified":"2025-02-24T15:47:56+00:00","mainEntityOfPage":{"@id":"https:\/\/www.apfelpatient.de\/rumors\/apple-airtag-2-wann-kommt-das-neue-modell"},"wordCount":751,"publisher":{"@type":"Organization","@id":"https:\/\/www.apfelpatient.de\/en\/#organization","name":"Apfelpatient","url":"https:\/\/www.apfelpatient.de\/en\/"},"image":{"@id":"https:\/\/www.apfelpatient.de\/rumors\/apple-airtag-2-wann-kommt-das-neue-modell#primaryimage"},"thumbnailUrl":"https:\/\/www.apfelpatient.de\/wp-content\/uploads\/2025\/02\/daniel-romero-7Oxnu9lcVD0-unsplash.jpg","keywords":["AirTags"],"articleSection":"Rumors","inLanguage":"en-US","copyrightYear":"2025","copyrightHolder":{"@id":"https:\/\/www.apfelpatient.de\/en\/#organization"}},{"@type":"WebPage","@id":"https:\/\/www.apfelpatient.de\/rumors\/apple-airtag-2-wann-kommt-das-neue-modell","url":"https:\/\/www.apfelpatient.de\/rumors\/apple-airtag-2-wann-kommt-das-neue-modell","name":"Apple AirTag 2: When will the new model be released? Apfelpatient","isPartOf":{"@id":"https:\/\/www.apfelpatient.de\/#website"},"primaryImageOfPage":{"@id":"https:\/\/www.apfelpatient.de\/rumors\/apple-airtag-2-wann-kommt-das-neue-modell#primaryimage"},"image":{"@id":"https:\/\/www.apfelpatient.de\/rumors\/apple-airtag-2-wann-kommt-das-neue-modell#primaryimage"},"thumbnailUrl":"https:\/\/www.apfelpatient.de\/wp-content\/uploads\/2025\/02\/daniel-romero-7Oxnu9lcVD0-unsplash.jpg","datePublished":"2025-02-24T15:47:19+00:00","dateModified":"2025-02-24T15:47:56+00:00","description":"AirTag 2: Apple improves tracking and security. Get all the information about the release, price and new features of the popular tracker now!","breadcrumb":{"@id":"https:\/\/www.apfelpatient.de\/rumors\/apple-airtag-2-wann-kommt-das-neue-modell#breadcrumb"},"inLanguage":"en-US","potentialAction":[{"@type":"ReadAction","target":["https:\/\/www.apfelpatient.de\/rumors\/apple-airtag-2-wann-kommt-das-neue-modell"]}]},{"@type":"ImageObject","inLanguage":"en-US","@id":"https:\/\/www.apfelpatient.de\/rumors\/apple-airtag-2-wann-kommt-das-neue-modell#primaryimage","url":"https:\/\/www.apfelpatient.de\/wp-content\/uploads\/2025\/02\/daniel-romero-7Oxnu9lcVD0-unsplash.jpg","contentUrl":"https:\/\/www.apfelpatient.de\/wp-content\/uploads\/2025\/02\/daniel-romero-7Oxnu9lcVD0-unsplash.jpg","width":1600,"height":900,"caption":"Photo by Unsplash \/ Daniel Romero"},{"@type":"BreadcrumbList","@id":"https:\/\/www.apfelpatient.de\/rumors\/apple-airtag-2-wann-kommt-das-neue-modell#breadcrumb","itemListElement":[{"@type":"ListItem","position":1,"name":"Startseite","item":"https:\/\/www.apfelpatient.de\/"},{"@type":"ListItem","position":2,"name":"Apple AirTag 2: Wann kommt das neue Modell?"}]},{"@type":"WebSite","@id":"https:\/\/www.apfelpatient.de\/#website","url":"https:\/\/www.apfelpatient.de\/","name":"apple patient","description":"Everything about Apple!","publisher":{"@type":"Organization","@id":"https:\/\/www.apfelpatient.de\/en\/#organization","name":"Apfelpatient","url":"https:\/\/www.apfelpatient.de\/en\/"},"alternateName":"Apfelpatient","potentialAction":[{"@type":"SearchAction","target":{"@type":"EntryPoint","urlTemplate":"https:\/\/www.apfelpatient.de\/?s={search_term_string}"},"query-input":{"@type":"PropertyValueSpecification","valueRequired":true,"valueName":"search_term_string"}}],"inLanguage":"en-US"},{"@type":["Person","Organization"],"@id":"https:\/\/www.apfelpatient.de\/#\/schema\/person\/7dc56ad6c8e9824b76d2c08d4c140e13","name":"Milan","logo":{"@id":"https:\/\/www.apfelpatient.de\/#\/schema\/person\/image\/"},"description":"Hello and welcome to my technology blog! As a big Apple fan, I report on everything to do with Apple: from the latest news and exciting rumors to helpful tips and tricks and detailed product tests. If you are as enthusiastic about technology as I am, you have come to the right place!","sameAs":["https:\/\/www.facebook.com\/apfelpatientOfficial","https:\/\/www.linkedin.com\/in\/milan-jovicic-42aa0231b"],"url":"https:\/\/www.apfelpatient.de\/en\/author\/apfeladmin"}]}},"_links":{"self":[{"href":"https:\/\/www.apfelpatient.de\/en\/wp-json\/wp\/v2\/posts\/52082","targetHints":{"allow":["GET"]}}],"collection":[{"href":"https:\/\/www.apfelpatient.de\/en\/wp-json\/wp\/v2\/posts"}],"about":[{"href":"https:\/\/www.apfelpatient.de\/en\/wp-json\/wp\/v2\/types\/post"}],"author":[{"embeddable":true,"href":"https:\/\/www.apfelpatient.de\/en\/wp-json\/wp\/v2\/users\/2"}],"replies":[{"embeddable":true,"href":"https:\/\/www.apfelpatient.de\/en\/wp-json\/wp\/v2\/comments?post=52082"}],"version-history":[{"count":0,"href":"https:\/\/www.apfelpatient.de\/en\/wp-json\/wp\/v2\/posts\/52082\/revisions"}],"wp:featuredmedia":[{"embeddable":true,"href":"https:\/\/www.apfelpatient.de\/en\/wp-json\/wp\/v2\/media\/52081"}],"wp:attachment":[{"href":"https:\/\/www.apfelpatient.de\/en\/wp-json\/wp\/v2\/media?parent=52082"}],"wp:term":[{"taxonomy":"category","embeddable":true,"href":"https:\/\/www.apfelpatient.de\/en\/wp-json\/wp\/v2\/categories?post=52082"},{"taxonomy":"post_tag","embeddable":true,"href":"https:\/\/www.apfelpatient.de\/en\/wp-json\/wp\/v2\/tags?post=52082"}],"curies":[{"name":"wp","href":"https:\/\/api.w.org\/{rel}","templated":true}]}}