{"id":51943,"date":"2025-02-20T15:47:25","date_gmt":"2025-02-20T14:47:25","guid":{"rendered":"https:\/\/www.apfelpatient.de\/?p=51943"},"modified":"2025-02-20T15:47:27","modified_gmt":"2025-02-20T14:47:27","slug":"apple-confirms-visual-intelligence-for-iphone-15-pro","status":"publish","type":"post","link":"https:\/\/www.apfelpatient.de\/en\/news\/apple-bestaetigt-visual-intelligence-fuer-iphone-15-pro","title":{"rendered":"Apple confirms Visual Intelligence for iPhone 15 Pro"},"content":{"rendered":"<p class=\"has-drop-cap\"><strong>Apple is expanding the capabilities of Apple Intelligence and bringing the Visual Intelligence feature to the iPhone 15 Pro and 15 Pro Max with an upcoming iOS update. This feature was originally intended exclusively for the iPhone 16, but now Apple has confirmed that it will soon be available for the iPhone 15 Pro. This will give users an AI-powered extension of the camera that can recognize and analyze objects, text, and locations. An exact release date has not yet been set, but it is believed that Visual Intelligence will be introduced on the iPhone 15 Pro with iOS 18.4. Apple has also confirmed that the feature can be activated via the action button, similar to the iPhone 16e.<\/strong><\/p>\n\n\n\n<p>Visual Intelligence is part of Apple Intelligence and uses artificial intelligence to provide information about the environment in real time. The function is intended to support users by learning more about objects, text or places using the camera and further processing this information. The core functions include:<\/p>\n\n\n\n<ul class=\"wp-block-list\">\n<li>Recognize objects and places: The camera can provide information about buildings, landmarks or products.<\/li>\n\n\n\n<li>Capture and translate texts: Photographed texts can be recognized and translated into different languages.<\/li>\n\n\n\n<li>Summaries and reading aloud: Content can be summarized or read aloud using AI.<\/li>\n\n\n\n<li>Smart Search Results: The feature can extend search queries with Google or ChatGPT.<\/li>\n<\/ul>\n\n\n\n<p>These possibilities make Visual Intelligence particularly useful for traveling, everyday life or learning.<\/p>\n\n\n\n<h4 class=\"wp-block-heading\" id=\"h-wann-kommt-visual-intelligence-auf-das-iphone-15-pro\">When will Visual Intelligence come to the iPhone 15 Pro?<\/h4>\n\n\n\n<p>Apple has officially <a href=\"https:\/\/daringfireball.net\/2025\/02\/thoughts_and_observations_on_todays_iphone_16e_announcement\" target=\"_blank\" rel=\"noreferrer noopener\">confirmed<\/a>that Visual Intelligence will be added to the iPhone 15 Pro with a future iOS update. This will probably happen with iOS 18.4. The first beta version of the update is expected in the next few days. Until now, Visual Intelligence was only intended for the iPhone 16. Many assumed that the iPhone 15 Pro was not compatible due to the lack of camera control. However, the iPhone 16e has similar hardware to the iPhone 15 Pro, but still supports Visual Intelligence. This has apparently led to Apple releasing the feature for the older model as well.<\/p>\n\n\n\n<h4 class=\"wp-block-heading\" id=\"h-wie-wird-visual-intelligence-aktiviert\">How is Visual Intelligence activated?<\/h4>\n\n\n\n<p>On the iPhone 16, Visual Intelligence is launched by pressing and holding the camera controls. For iPhone 16e users, the action button or a toggle switch in the control center is also available. For the iPhone 15 Pro, Apple will enable the action button as a trigger for Visual Intelligence. It is likely that an option will also be added in the control center.<\/p>\n\n\n\n<h4 class=\"wp-block-heading\" id=\"h-welche-weiteren-neuerungen-bringt-ios-18-4\">What other new features does iOS 18.4 bring?<\/h4>\n\n\n\n<p>In addition to Visual Intelligence, iOS 18.4 will bring other changes. Apple plans to expand support for Apple Intelligence to additional languages, including German! Another expected feature is an improved Siri with Onscreen Awareness, which may, however, be postponed due to technical challenges and added later with iOS 18.5.<\/p>\n\n\n\n<h3 class=\"wp-block-heading\" id=\"h-visual-intelligence-erweitert-die-kamera-des-iphone-15-pro-um-ki-funktionen\">Visual Intelligence adds AI features to the iPhone 15 Pro camera<\/h3>\n\n\n\n<p>With Visual Intelligence, the iPhone 15 Pro gets one of the most exciting new features from Apple Intelligence. Users will soon be able to use their camera not only for photos but also to analyze objects, text or places in their surroundings. It remains to be seen when exactly the feature will be rolled out, but the first indications suggest that it will come with iOS 18.4. Anyone who owns an iPhone 15 Pro should therefore keep an eye out for the next update so that they can use Visual Intelligence soon. (Image: Apple)<\/p>\n\n\n\n<ul class=\"wp-block-list\">\n<li><a href=\"https:\/\/www.apfelpatient.de\/en\/news\/apple-intelligence-from-april-in-german-french-more\">Apple Intelligence: Available in German, French &amp; more from April<\/a><\/li>\n<\/ul>\n\n\n\n<h6 class=\"wp-block-heading translation-block\" id=\"h-kennt-ihr-schon-unsere-amazon-storefront-dort-findet-ihr-eine-handverlesene-auswahl-von-diversen-produkten-f-r-euer-iphone-und-co-viel-spa-beim-st-bern\"><em>Have you already visited our Amazon Storefront? There you&#039;ll find a hand-picked selection of various products for your iPhone and other devices \u2013 <span class=\"has-inline-color has-vivid-red-color\"><a href=\"https:\/\/www.amazon.de\/shop\/apfelpatientofficial\" class=\"ek-link\" data-wpel-link=\"exclude\" rel=\"follow noopener\" target=\"_self\"><span style=\"text-decoration: underline\" class=\"ek-underline\">enjoy browsing<\/span><\/a> !<\/span><\/em><\/h6>\n\n\n\n<h6 class=\"wp-block-heading translation-block\" id=\"h-der-beitrag-enthalt-partnerlinks\">This post contains <a data-type=\"URL\" data-id=\"https:\/\/www.apfelpatient.de\/partnerprogramm\" href=\"https:\/\/www.apfelpatient.de\/en\/partner-program\" data-wpel-link=\"internal\" target=\"_self\">affiliate links<\/a>.<\/h6>","protected":false},"excerpt":{"rendered":"<p>Apple brings Visual Intelligence to the iPhone 15 Pro! From now on, you can recognize objects, places and text using AI. Find out all the details here.<\/p>","protected":false},"author":2,"featured_media":51942,"comment_status":"closed","ping_status":"closed","sticky":false,"template":"","format":"standard","meta":{"jnews-multi-image_gallery":[],"jnews_single_post":{"format":"standard","override":[{"template":"2","parallax":"1","fullscreen":"1","layout":"right-sidebar","sidebar":"default-sidebar","second_sidebar":"default-sidebar","sticky_sidebar":"1","share_position":"top","share_float_style":"share-monocrhome","show_featured":"1","show_post_meta":"1","show_post_author":"1","show_post_author_image":"1","show_post_date":"1","post_date_format":"default","post_date_format_custom":"Y\/m\/d","show_post_category":"1","show_post_reading_time":"0","post_reading_time_wpm":"300","post_calculate_word_method":"str_word_count","show_zoom_button":"0","zoom_button_out_step":"2","zoom_button_in_step":"3","show_post_tag":"1","show_prev_next_post":"1","show_popup_post":"1","number_popup_post":"1","show_author_box":"0","show_post_related":"0","show_inline_post_related":"0"}],"image_override":[{"single_post_thumbnail_size":"crop-500","single_post_gallery_size":"crop-500"}],"trending_post_position":"meta","trending_post_label":"Trending","sponsored_post_label":"Sponsored by","disable_ad":"0"},"jnews_primary_category":{"id":"9"},"footnotes":""},"categories":[9],"tags":[34,1109,8,689],"class_list":["post-51943","post","type-post","status-publish","format-standard","has-post-thumbnail","hentry","category-news","tag-apple-dienste","tag-apple-intelligence","tag-iphone","tag-iphone-15"],"yoast_head":"<!-- This site is optimized with the Yoast SEO Premium plugin v27.5 (Yoast SEO v27.5) - https:\/\/yoast.com\/product\/yoast-seo-premium-wordpress\/ -->\n<title>Apple best\u00e4tigt Visual Intelligence f\u00fcr iPhone 15 Pro Apfelpatient<\/title>\n<meta name=\"description\" content=\"Apple bringt Visual Intelligence auf das iPhone 15 Pro! Fortan kannst du Objekte, Orte und Texte per KI erkennen. Erfahre hier alle Details.\" \/>\n<meta name=\"robots\" content=\"index, follow, max-snippet:-1, max-image-preview:large, max-video-preview:-1\" \/>\n<link rel=\"canonical\" href=\"https:\/\/www.apfelpatient.de\/en\/news\/apple-confirms-visual-intelligence-for-iphone-15-pro\" \/>\n<meta property=\"og:locale\" content=\"en_US\" \/>\n<meta property=\"og:type\" content=\"article\" \/>\n<meta property=\"og:title\" content=\"Apple best\u00e4tigt Visual Intelligence f\u00fcr iPhone 15 Pro\" \/>\n<meta property=\"og:description\" content=\"Apple bringt Visual Intelligence auf das iPhone 15 Pro! Fortan kannst du Objekte, Orte und Texte per KI erkennen. Erfahre hier alle Details.\" \/>\n<meta property=\"og:url\" content=\"https:\/\/www.apfelpatient.de\/en\/news\/apple-confirms-visual-intelligence-for-iphone-15-pro\" \/>\n<meta property=\"og:site_name\" content=\"Apfelpatient\" \/>\n<meta property=\"article:publisher\" content=\"https:\/\/www.facebook.com\/apfelpatientOfficial\" \/>\n<meta property=\"article:author\" content=\"https:\/\/www.facebook.com\/apfelpatientOfficial\" \/>\n<meta property=\"article:published_time\" content=\"2025-02-20T14:47:25+00:00\" \/>\n<meta property=\"article:modified_time\" content=\"2025-02-20T14:47:27+00:00\" \/>\n<meta property=\"og:image\" content=\"https:\/\/www.apfelpatient.de\/wp-content\/uploads\/2025\/02\/Apple-Intelligence-1-1-1-1-1.jpeg\" \/>\n\t<meta property=\"og:image:width\" content=\"1600\" \/>\n\t<meta property=\"og:image:height\" content=\"1067\" \/>\n\t<meta property=\"og:image:type\" content=\"image\/jpeg\" \/>\n<meta name=\"author\" content=\"Milan\" \/>\n<meta name=\"twitter:card\" content=\"summary_large_image\" \/>\n<meta name=\"twitter:description\" content=\"Apple bringt Visual Intelligence auf das iPhone 15 Pro! Fortan kannst du Objekte, Orte und Texte per KI erkennen. Erfahre hier alle Details.\" \/>\n<meta name=\"twitter:label1\" content=\"Written by\" \/>\n\t<meta name=\"twitter:data1\" content=\"Milan\" \/>\n\t<meta name=\"twitter:label2\" content=\"Est. reading time\" \/>\n\t<meta name=\"twitter:data2\" content=\"4 minutes\" \/>\n<script type=\"application\/ld+json\" class=\"yoast-schema-graph\">{\"@context\":\"https:\\\/\\\/schema.org\",\"@graph\":[{\"@type\":\"NewsArticle\",\"@id\":\"https:\\\/\\\/www.apfelpatient.de\\\/news\\\/apple-bestaetigt-visual-intelligence-fuer-iphone-15-pro#article\",\"isPartOf\":{\"@id\":\"https:\\\/\\\/www.apfelpatient.de\\\/news\\\/apple-bestaetigt-visual-intelligence-fuer-iphone-15-pro\"},\"author\":{\"@type\":\"Organization\",\"@id\":\"https:\\\/\\\/www.apfelpatient.de\\\/en\\\/#organization\",\"name\":\"Apfelpatient\",\"url\":\"https:\\\/\\\/www.apfelpatient.de\\\/en\\\/\"},\"headline\":\"Apple best\u00e4tigt Visual Intelligence f\u00fcr iPhone 15 Pro\",\"datePublished\":\"2025-02-20T14:47:25+00:00\",\"dateModified\":\"2025-02-20T14:47:27+00:00\",\"mainEntityOfPage\":{\"@id\":\"https:\\\/\\\/www.apfelpatient.de\\\/news\\\/apple-bestaetigt-visual-intelligence-fuer-iphone-15-pro\"},\"wordCount\":570,\"publisher\":{\"@type\":\"Organization\",\"@id\":\"https:\\\/\\\/www.apfelpatient.de\\\/en\\\/#organization\",\"name\":\"Apfelpatient\",\"url\":\"https:\\\/\\\/www.apfelpatient.de\\\/en\\\/\"},\"image\":{\"@id\":\"https:\\\/\\\/www.apfelpatient.de\\\/news\\\/apple-bestaetigt-visual-intelligence-fuer-iphone-15-pro#primaryimage\"},\"thumbnailUrl\":\"https:\\\/\\\/www.apfelpatient.de\\\/wp-content\\\/uploads\\\/2025\\\/02\\\/Apple-Intelligence-1-1-1-1-1.jpeg\",\"keywords\":[\"Apple Dienste\",\"Apple Intelligence\",\"iPhone\",\"iPhone 15\"],\"articleSection\":\"News\",\"inLanguage\":\"en-US\",\"copyrightYear\":\"2025\",\"copyrightHolder\":{\"@id\":\"https:\\\/\\\/www.apfelpatient.de\\\/en\\\/#organization\"}},{\"@type\":\"WebPage\",\"@id\":\"https:\\\/\\\/www.apfelpatient.de\\\/news\\\/apple-bestaetigt-visual-intelligence-fuer-iphone-15-pro\",\"url\":\"https:\\\/\\\/www.apfelpatient.de\\\/news\\\/apple-bestaetigt-visual-intelligence-fuer-iphone-15-pro\",\"name\":\"Apple best\u00e4tigt Visual Intelligence f\u00fcr iPhone 15 Pro Apfelpatient\",\"isPartOf\":{\"@id\":\"https:\\\/\\\/www.apfelpatient.de\\\/#website\"},\"primaryImageOfPage\":{\"@id\":\"https:\\\/\\\/www.apfelpatient.de\\\/news\\\/apple-bestaetigt-visual-intelligence-fuer-iphone-15-pro#primaryimage\"},\"image\":{\"@id\":\"https:\\\/\\\/www.apfelpatient.de\\\/news\\\/apple-bestaetigt-visual-intelligence-fuer-iphone-15-pro#primaryimage\"},\"thumbnailUrl\":\"https:\\\/\\\/www.apfelpatient.de\\\/wp-content\\\/uploads\\\/2025\\\/02\\\/Apple-Intelligence-1-1-1-1-1.jpeg\",\"datePublished\":\"2025-02-20T14:47:25+00:00\",\"dateModified\":\"2025-02-20T14:47:27+00:00\",\"description\":\"Apple bringt Visual Intelligence auf das iPhone 15 Pro! Fortan kannst du Objekte, Orte und Texte per KI erkennen. Erfahre hier alle Details.\",\"breadcrumb\":{\"@id\":\"https:\\\/\\\/www.apfelpatient.de\\\/news\\\/apple-bestaetigt-visual-intelligence-fuer-iphone-15-pro#breadcrumb\"},\"inLanguage\":\"en-US\",\"potentialAction\":[{\"@type\":\"ReadAction\",\"target\":[\"https:\\\/\\\/www.apfelpatient.de\\\/news\\\/apple-bestaetigt-visual-intelligence-fuer-iphone-15-pro\"]}]},{\"@type\":\"ImageObject\",\"inLanguage\":\"en-US\",\"@id\":\"https:\\\/\\\/www.apfelpatient.de\\\/news\\\/apple-bestaetigt-visual-intelligence-fuer-iphone-15-pro#primaryimage\",\"url\":\"https:\\\/\\\/www.apfelpatient.de\\\/wp-content\\\/uploads\\\/2025\\\/02\\\/Apple-Intelligence-1-1-1-1-1.jpeg\",\"contentUrl\":\"https:\\\/\\\/www.apfelpatient.de\\\/wp-content\\\/uploads\\\/2025\\\/02\\\/Apple-Intelligence-1-1-1-1-1.jpeg\",\"width\":1600,\"height\":1067,\"caption\":\"Bild: Apple\"},{\"@type\":\"BreadcrumbList\",\"@id\":\"https:\\\/\\\/www.apfelpatient.de\\\/news\\\/apple-bestaetigt-visual-intelligence-fuer-iphone-15-pro#breadcrumb\",\"itemListElement\":[{\"@type\":\"ListItem\",\"position\":1,\"name\":\"Startseite\",\"item\":\"https:\\\/\\\/www.apfelpatient.de\\\/\"},{\"@type\":\"ListItem\",\"position\":2,\"name\":\"Apple best\u00e4tigt Visual Intelligence f\u00fcr iPhone 15 Pro\"}]},{\"@type\":\"WebSite\",\"@id\":\"https:\\\/\\\/www.apfelpatient.de\\\/#website\",\"url\":\"https:\\\/\\\/www.apfelpatient.de\\\/\",\"name\":\"Apfelpatient\",\"description\":\"Alles rund um Apple!\",\"publisher\":{\"@type\":\"Organization\",\"@id\":\"https:\\\/\\\/www.apfelpatient.de\\\/en\\\/#organization\",\"name\":\"Apfelpatient\",\"url\":\"https:\\\/\\\/www.apfelpatient.de\\\/en\\\/\"},\"alternateName\":\"Apfelpatient\",\"potentialAction\":[{\"@type\":\"SearchAction\",\"target\":{\"@type\":\"EntryPoint\",\"urlTemplate\":\"https:\\\/\\\/www.apfelpatient.de\\\/?s={search_term_string}\"},\"query-input\":{\"@type\":\"PropertyValueSpecification\",\"valueRequired\":true,\"valueName\":\"search_term_string\"}}],\"inLanguage\":\"en-US\"},{\"@type\":[\"Person\",\"Organization\"],\"@id\":\"https:\\\/\\\/www.apfelpatient.de\\\/#\\\/schema\\\/person\\\/7dc56ad6c8e9824b76d2c08d4c140e13\",\"name\":\"Milan\",\"logo\":{\"@id\":\"https:\\\/\\\/www.apfelpatient.de\\\/#\\\/schema\\\/person\\\/image\\\/\"},\"description\":\"Hallo und herzlich willkommen auf meinem Technik-Blog! Als gro\u00dfer Apple-Fan berichte ich hier \u00fcber alles, was mit Apple zu tun hat: von den neuesten News und spannenden Ger\u00fcchten \u00fcber hilfreiche Tipps und Tricks bis hin zu ausf\u00fchrlichen Produkttests. Wenn du genauso technikbegeistert bist wie ich, bist du hier genau richtig!\",\"sameAs\":[\"https:\\\/\\\/www.facebook.com\\\/apfelpatientOfficial\",\"https:\\\/\\\/www.linkedin.com\\\/in\\\/milan-jovicic-42aa0231b\"],\"url\":\"https:\\\/\\\/www.apfelpatient.de\\\/en\\\/author\\\/apfeladmin\"}]}<\/script>\n<!-- \/ Yoast SEO Premium plugin. -->","yoast_head_json":{"title":"Apple confirms Visual Intelligence for iPhone 15 Pro Apfelpatient","description":"Apple brings Visual Intelligence to the iPhone 15 Pro! From now on, you can recognize objects, places and text using AI. Find out all the details here.","robots":{"index":"index","follow":"follow","max-snippet":"max-snippet:-1","max-image-preview":"max-image-preview:large","max-video-preview":"max-video-preview:-1"},"canonical":"https:\/\/www.apfelpatient.de\/en\/news\/apple-confirms-visual-intelligence-for-iphone-15-pro","og_locale":"en_US","og_type":"article","og_title":"Apple best\u00e4tigt Visual Intelligence f\u00fcr iPhone 15 Pro","og_description":"Apple bringt Visual Intelligence auf das iPhone 15 Pro! Fortan kannst du Objekte, Orte und Texte per KI erkennen. Erfahre hier alle Details.","og_url":"https:\/\/www.apfelpatient.de\/en\/news\/apple-confirms-visual-intelligence-for-iphone-15-pro","og_site_name":"Apfelpatient","article_publisher":"https:\/\/www.facebook.com\/apfelpatientOfficial","article_author":"https:\/\/www.facebook.com\/apfelpatientOfficial","article_published_time":"2025-02-20T14:47:25+00:00","article_modified_time":"2025-02-20T14:47:27+00:00","og_image":[{"width":1600,"height":1067,"url":"https:\/\/www.apfelpatient.de\/wp-content\/uploads\/2025\/02\/Apple-Intelligence-1-1-1-1-1.jpeg","type":"image\/jpeg"}],"author":"Milan","twitter_card":"summary_large_image","twitter_description":"Apple bringt Visual Intelligence auf das iPhone 15 Pro! Fortan kannst du Objekte, Orte und Texte per KI erkennen. Erfahre hier alle Details.","twitter_misc":{"Written by":"Milan","Est. reading time":"4 minutes"},"schema":{"@context":"https:\/\/schema.org","@graph":[{"@type":"NewsArticle","@id":"https:\/\/www.apfelpatient.de\/news\/apple-bestaetigt-visual-intelligence-fuer-iphone-15-pro#article","isPartOf":{"@id":"https:\/\/www.apfelpatient.de\/news\/apple-bestaetigt-visual-intelligence-fuer-iphone-15-pro"},"author":{"@type":"Organization","@id":"https:\/\/www.apfelpatient.de\/en\/#organization","name":"Apfelpatient","url":"https:\/\/www.apfelpatient.de\/en\/"},"headline":"Apple best\u00e4tigt Visual Intelligence f\u00fcr iPhone 15 Pro","datePublished":"2025-02-20T14:47:25+00:00","dateModified":"2025-02-20T14:47:27+00:00","mainEntityOfPage":{"@id":"https:\/\/www.apfelpatient.de\/news\/apple-bestaetigt-visual-intelligence-fuer-iphone-15-pro"},"wordCount":570,"publisher":{"@type":"Organization","@id":"https:\/\/www.apfelpatient.de\/en\/#organization","name":"Apfelpatient","url":"https:\/\/www.apfelpatient.de\/en\/"},"image":{"@id":"https:\/\/www.apfelpatient.de\/news\/apple-bestaetigt-visual-intelligence-fuer-iphone-15-pro#primaryimage"},"thumbnailUrl":"https:\/\/www.apfelpatient.de\/wp-content\/uploads\/2025\/02\/Apple-Intelligence-1-1-1-1-1.jpeg","keywords":["Apple Dienste","Apple Intelligence","iPhone","iPhone 15"],"articleSection":"News","inLanguage":"en-US","copyrightYear":"2025","copyrightHolder":{"@id":"https:\/\/www.apfelpatient.de\/en\/#organization"}},{"@type":"WebPage","@id":"https:\/\/www.apfelpatient.de\/news\/apple-bestaetigt-visual-intelligence-fuer-iphone-15-pro","url":"https:\/\/www.apfelpatient.de\/news\/apple-bestaetigt-visual-intelligence-fuer-iphone-15-pro","name":"Apple confirms Visual Intelligence for iPhone 15 Pro Apfelpatient","isPartOf":{"@id":"https:\/\/www.apfelpatient.de\/#website"},"primaryImageOfPage":{"@id":"https:\/\/www.apfelpatient.de\/news\/apple-bestaetigt-visual-intelligence-fuer-iphone-15-pro#primaryimage"},"image":{"@id":"https:\/\/www.apfelpatient.de\/news\/apple-bestaetigt-visual-intelligence-fuer-iphone-15-pro#primaryimage"},"thumbnailUrl":"https:\/\/www.apfelpatient.de\/wp-content\/uploads\/2025\/02\/Apple-Intelligence-1-1-1-1-1.jpeg","datePublished":"2025-02-20T14:47:25+00:00","dateModified":"2025-02-20T14:47:27+00:00","description":"Apple brings Visual Intelligence to the iPhone 15 Pro! From now on, you can recognize objects, places and text using AI. Find out all the details here.","breadcrumb":{"@id":"https:\/\/www.apfelpatient.de\/news\/apple-bestaetigt-visual-intelligence-fuer-iphone-15-pro#breadcrumb"},"inLanguage":"en-US","potentialAction":[{"@type":"ReadAction","target":["https:\/\/www.apfelpatient.de\/news\/apple-bestaetigt-visual-intelligence-fuer-iphone-15-pro"]}]},{"@type":"ImageObject","inLanguage":"en-US","@id":"https:\/\/www.apfelpatient.de\/news\/apple-bestaetigt-visual-intelligence-fuer-iphone-15-pro#primaryimage","url":"https:\/\/www.apfelpatient.de\/wp-content\/uploads\/2025\/02\/Apple-Intelligence-1-1-1-1-1.jpeg","contentUrl":"https:\/\/www.apfelpatient.de\/wp-content\/uploads\/2025\/02\/Apple-Intelligence-1-1-1-1-1.jpeg","width":1600,"height":1067,"caption":"Bild: Apple"},{"@type":"BreadcrumbList","@id":"https:\/\/www.apfelpatient.de\/news\/apple-bestaetigt-visual-intelligence-fuer-iphone-15-pro#breadcrumb","itemListElement":[{"@type":"ListItem","position":1,"name":"Startseite","item":"https:\/\/www.apfelpatient.de\/"},{"@type":"ListItem","position":2,"name":"Apple best\u00e4tigt Visual Intelligence f\u00fcr iPhone 15 Pro"}]},{"@type":"WebSite","@id":"https:\/\/www.apfelpatient.de\/#website","url":"https:\/\/www.apfelpatient.de\/","name":"apple patient","description":"Everything about Apple!","publisher":{"@type":"Organization","@id":"https:\/\/www.apfelpatient.de\/en\/#organization","name":"Apfelpatient","url":"https:\/\/www.apfelpatient.de\/en\/"},"alternateName":"Apfelpatient","potentialAction":[{"@type":"SearchAction","target":{"@type":"EntryPoint","urlTemplate":"https:\/\/www.apfelpatient.de\/?s={search_term_string}"},"query-input":{"@type":"PropertyValueSpecification","valueRequired":true,"valueName":"search_term_string"}}],"inLanguage":"en-US"},{"@type":["Person","Organization"],"@id":"https:\/\/www.apfelpatient.de\/#\/schema\/person\/7dc56ad6c8e9824b76d2c08d4c140e13","name":"Milan","logo":{"@id":"https:\/\/www.apfelpatient.de\/#\/schema\/person\/image\/"},"description":"Hello and welcome to my technology blog! As a big Apple fan, I report on everything to do with Apple: from the latest news and exciting rumors to helpful tips and tricks and detailed product tests. If you are as enthusiastic about technology as I am, you have come to the right place!","sameAs":["https:\/\/www.facebook.com\/apfelpatientOfficial","https:\/\/www.linkedin.com\/in\/milan-jovicic-42aa0231b"],"url":"https:\/\/www.apfelpatient.de\/en\/author\/apfeladmin"}]}},"_links":{"self":[{"href":"https:\/\/www.apfelpatient.de\/en\/wp-json\/wp\/v2\/posts\/51943","targetHints":{"allow":["GET"]}}],"collection":[{"href":"https:\/\/www.apfelpatient.de\/en\/wp-json\/wp\/v2\/posts"}],"about":[{"href":"https:\/\/www.apfelpatient.de\/en\/wp-json\/wp\/v2\/types\/post"}],"author":[{"embeddable":true,"href":"https:\/\/www.apfelpatient.de\/en\/wp-json\/wp\/v2\/users\/2"}],"replies":[{"embeddable":true,"href":"https:\/\/www.apfelpatient.de\/en\/wp-json\/wp\/v2\/comments?post=51943"}],"version-history":[{"count":0,"href":"https:\/\/www.apfelpatient.de\/en\/wp-json\/wp\/v2\/posts\/51943\/revisions"}],"wp:featuredmedia":[{"embeddable":true,"href":"https:\/\/www.apfelpatient.de\/en\/wp-json\/wp\/v2\/media\/51942"}],"wp:attachment":[{"href":"https:\/\/www.apfelpatient.de\/en\/wp-json\/wp\/v2\/media?parent=51943"}],"wp:term":[{"taxonomy":"category","embeddable":true,"href":"https:\/\/www.apfelpatient.de\/en\/wp-json\/wp\/v2\/categories?post=51943"},{"taxonomy":"post_tag","embeddable":true,"href":"https:\/\/www.apfelpatient.de\/en\/wp-json\/wp\/v2\/tags?post=51943"}],"curies":[{"name":"wp","href":"https:\/\/api.w.org\/{rel}","templated":true}]}}