{"id":51838,"date":"2025-02-17T18:10:26","date_gmt":"2025-02-17T17:10:26","guid":{"rendered":"https:\/\/www.apfelpatient.de\/?p=51838"},"modified":"2025-02-17T18:10:28","modified_gmt":"2025-02-17T17:10:28","slug":"is-a-bigger-imac-rumors-about-a-32-inch-model","status":"publish","type":"post","link":"https:\/\/www.apfelpatient.de\/en\/allgemein\/kommt-ein-groesserer-imac-geruechte-ueber-ein-32-zoll-modell","title":{"rendered":"Is a larger iMac coming? Rumors of a 32-inch model"},"content":{"rendered":"<p class=\"has-drop-cap\"><strong>Since switching to Apple Silicon, Apple has significantly slimmed down its iMac line. The previous 21.5-inch and larger 27-inch iMacs have been replaced by a single 24-inch iMac. Many expected that Apple would eventually release a larger version\u2014perhaps a 30- or 32-inch model, possibly even a new version of the iMac Pro. But that hasn&#039;t happened yet. Nevertheless, rumors of a larger version persist. While Apple has confirmed that there will not be a new 27-inch iMac, a larger model doesn&#039;t seem to be completely out of the question. There are indications that Apple is working on a new version of the iMac that could be aimed at professional users.<\/strong><\/p>\n\n\n\n<p class=\"translation-block\">In November 2023, Apple <a href=\"https:\/\/www.apfelpatient.de\/en\/news\/apple-clarifies-no-apple-silicon-for-the-27-inch-imac\" data-wpel-link=\"internal\" target=\"_self\">introduced<\/a> the new iMac with the M3 chip. Shortly after the presentation, the company made a surprisingly open statement to The Verge magazine about the future of the iMac line. Apple stated that there would no longer be a 27-inch iMac. This statement was unusual, as Apple does not normally comment on future product strategies. But here the company was very clear: the 24-inch version was the optimal solution, as it sits exactly between the existing 21.5- and 27-inch models. Interestingly, however, Apple only spoke of a 27-inch iMac. A larger model was not ruled out, which leaves room for speculation.<\/p>\n\n\n\n<h4 class=\"wp-block-heading\" id=\"h-neue-geruchte-uber-einen-grosseren-imac\">New rumors about a larger iMac<\/h4>\n\n\n\n<p class=\"translation-block\">While Apple has denied a new 27-inch iMac, reports of a larger version continue to emerge. In a newsletter, well-connected journalist Mark Gurman <a href=\"https:\/\/www.apfelpatient.de\/en\/rumors\/apple-develops-new-studio-display-release-by-2026\" data-wpel-link=\"internal\" target=\"_self\">mentioned<\/a> that Apple remains interested in the professional market. An iMac with a larger display is certainly conceivable, although it remains unclear whether it could be released with the next M5 generation or later. As early as August 2024, Gurman reported that Apple was exploring the possibility of a larger iMac. While there is no official information on this, the idea appears to be at least being discussed within the company. Additional evidence comes from Ming-Chi Kuo, an analyst with close ties to Apple&#039;s supply chain. He predicted in late 2023 that a &quot;high-end 32-inch iMac with a mini-LED display&quot; could be released in 2025. However, no new details have emerged since then. This could indicate that Apple has pushed back the schedule, but not necessarily that the project has been canceled.<\/p>\n\n\n\n<h4 class=\"wp-block-heading\" id=\"h-warum-ein-grosserer-imac-sinnvoll-ware\">Why a larger iMac would make sense<\/h4>\n\n\n\n<p>A larger iMac would fill an important gap in Apple&#039;s portfolio. While the 24-inch iMac is sufficient for many users, a more powerful all-in-one option for professional users is lacking. Larger displays are particularly in demand in creative professions, be it for video editing, graphic design or software development. Although Apple offers the Mac Studio in combination with the Studio Display or Pro Display XDR, a powerful iMac would be a convenient alternative for anyone who prefers an integrated system. A larger model could also be equipped with advanced display technology. Mini-LED would be a logical choice, as it is already used in the iPad Pro and MacBook Pro and ensures high brightness, contrast and more precise color representation.<\/p>\n\n\n\n<h4 class=\"wp-block-heading\" id=\"h-mogliche-spezifikationen-und-zeitplan\">Possible specifications and schedule<\/h4>\n\n\n\n<p>If Apple is actually planning a new iMac with a larger display, the technical specifications could look like this:<\/p>\n\n\n\n<ul class=\"wp-block-list\">\n<li>display size between 30 and 32 inches<\/li>\n\n\n\n<li>Mini-LED technology for better brightness and contrast<\/li>\n\n\n\n<li>Apple M5 or a more powerful variant for professional applications<\/li>\n\n\n\n<li>Thinner display bezels and possibly a new case design<\/li>\n\n\n\n<li>Color options are more in the professional range, probably silver or space gray<\/li>\n<\/ul>\n\n\n\n<p>It remains to be seen when such a model might appear. If Ming-Chi Kuo is right, 2025 would be a realistic date. However, there is no clear indication so far that Apple has already advanced development far enough to announce an imminent market launch.<\/p>\n\n\n\n<h3 class=\"wp-block-heading\" id=\"h-imac-zukunft-gibt-es-bald-eine-leistungsstarkere-und-grossere-variante\">iMac future: Will there soon be a more powerful and larger version?<\/h3>\n\n\n\n<p class=\"translation-block\">Apple has made it clear that there will be no new 27-inch iMac. However, there are indications that a larger model could be in the works. Industry experts and analysts such as Mark Gurman and Ming-Chi Kuo believe that Apple could launch a 30- or 32-inch iMac sooner or later. If such a device were to be released, it would likely be aimed at professional users and equipped with modern display technology and powerful Apple Silicon hardware. However, there has been no concrete information or an official announcement. For the time being, it remains to be seen whether Apple will develop its product strategy in this direction or whether the 24-inch iMac will remain the only all-in-one model in the range in the long term. Time for fresh accessories? Visit <a href=\"https:\/\/www.amazon.de\/shop\/apfelpatientofficial\" target=\"_blank\" rel=\"noreferrer noopener follow\" data-wpel-link=\"exclude\">our Amazon Storefront<\/a> and discover a wide selection of products from leading manufacturers, including HomeKit-compatible ones! (Photo by Unsplash+ \/ Alexander Mils)<\/p>\n\n\n\n<ul class=\"wp-block-list\">\n<li><a href=\"https:\/\/www.apfelpatient.de\/en\/generally\/macbook-air-with-oled-important-updates-bad-news\">MacBook Air with OLED? Important updates &amp; bad news<\/a><\/li>\n\n\n\n<li><a href=\"https:\/\/www.apfelpatient.de\/en\/generally\/cheap-apple-vision-headset-release-date-and-details\">Cheap Apple Vision Headset: Release date and details<\/a><\/li>\n\n\n\n<li><a href=\"https:\/\/www.apfelpatient.de\/en\/generally\/when-will-apple-bring-a-foldable-iphone-ipad-macbook\">When will Apple release a foldable iPhone, iPad &amp; MacBook?<\/a><\/li>\n<\/ul>\n\n\n\n<h6 class=\"wp-block-heading translation-block\" id=\"h-kennt-ihr-schon-unsere-amazon-storefront-dort-findet-ihr-eine-handverlesene-auswahl-von-diversen-produkten-f-r-euer-iphone-und-co-viel-spa-beim-st-bern\"><em>Have you already visited our Amazon Storefront? There you&#039;ll find a hand-picked selection of various products for your iPhone and other devices \u2013 <span class=\"has-inline-color has-vivid-red-color\"><a href=\"https:\/\/www.amazon.de\/shop\/apfelpatientofficial\" class=\"ek-link\" data-wpel-link=\"exclude\" rel=\"follow noopener\" target=\"_self\"><span style=\"text-decoration: underline\" class=\"ek-underline\">enjoy browsing<\/span><\/a> !<\/span><\/em><\/h6>\n\n\n\n<h6 class=\"wp-block-heading translation-block\" id=\"h-der-beitrag-enthalt-partnerlinks\">This post contains <a data-type=\"URL\" data-id=\"https:\/\/www.apfelpatient.de\/partnerprogramm\" href=\"https:\/\/www.apfelpatient.de\/en\/partner-program\" data-wpel-link=\"internal\" target=\"_self\">affiliate links<\/a>.<\/h6>","protected":false},"excerpt":{"rendered":"<p>Is a larger iMac coming? Insiders suspect a 30- or 32-inch model. Find out what indications there are of a new iMac generation.<\/p>","protected":false},"author":2,"featured_media":51837,"comment_status":"closed","ping_status":"closed","sticky":false,"template":"","format":"standard","meta":{"jnews-multi-image_gallery":[],"jnews_single_post":{"format":"standard","override":[{"template":"2","parallax":"1","fullscreen":"1","layout":"right-sidebar","sidebar":"default-sidebar","second_sidebar":"default-sidebar","sticky_sidebar":"1","share_position":"top","share_float_style":"share-monocrhome","show_featured":"1","show_post_meta":"1","show_post_author":"1","show_post_author_image":"1","show_post_date":"1","post_date_format":"default","post_date_format_custom":"Y\/m\/d","show_post_category":"1","show_post_reading_time":"0","post_reading_time_wpm":"300","post_calculate_word_method":"str_word_count","show_zoom_button":"0","zoom_button_out_step":"2","zoom_button_in_step":"3","show_post_tag":"1","show_prev_next_post":"1","show_popup_post":"1","number_popup_post":"1","show_author_box":"0","show_post_related":"0","show_inline_post_related":"0"}],"image_override":[{"single_post_thumbnail_size":"crop-500","single_post_gallery_size":"crop-500"}],"trending_post_position":"meta","trending_post_label":"Trending","sponsored_post_label":"Sponsored by","disable_ad":"0"},"jnews_primary_category":{"id":"2"},"footnotes":""},"categories":[2],"tags":[72,40],"class_list":["post-51838","post","type-post","status-publish","format-standard","has-post-thumbnail","hentry","category-allgemein","tag-imac","tag-mac"],"yoast_head":"<!-- This site is optimized with the Yoast SEO Premium plugin v27.5 (Yoast SEO v27.5) - https:\/\/yoast.com\/product\/yoast-seo-premium-wordpress\/ -->\n<title>Kommt ein gr\u00f6\u00dferer iMac? Ger\u00fcchte \u00fcber ein 32-Zoll-Modell Apfelpatient<\/title>\n<meta name=\"description\" content=\"Kommt ein gr\u00f6\u00dferer iMac? Insider vermuten ein 30- oder 32-Zoll-Modell. Erfahre, welche Hinweise es auf eine neue iMac-Generation gibt.\" \/>\n<meta name=\"robots\" content=\"index, follow, max-snippet:-1, max-image-preview:large, max-video-preview:-1\" \/>\n<link rel=\"canonical\" href=\"https:\/\/www.apfelpatient.de\/en\/generally\/is-a-bigger-imac-rumors-about-a-32-inch-model\" \/>\n<meta property=\"og:locale\" content=\"en_US\" \/>\n<meta property=\"og:type\" content=\"article\" \/>\n<meta property=\"og:title\" content=\"Kommt ein gr\u00f6\u00dferer iMac? Ger\u00fcchte \u00fcber ein 32-Zoll-Modell\" \/>\n<meta property=\"og:description\" content=\"Kommt ein gr\u00f6\u00dferer iMac? Insider vermuten ein 30- oder 32-Zoll-Modell. Erfahre, welche Hinweise es auf eine neue iMac-Generation gibt.\" \/>\n<meta property=\"og:url\" content=\"https:\/\/www.apfelpatient.de\/en\/generally\/is-a-bigger-imac-rumors-about-a-32-inch-model\" \/>\n<meta property=\"og:site_name\" content=\"Apfelpatient\" \/>\n<meta property=\"article:publisher\" content=\"https:\/\/www.facebook.com\/apfelpatientOfficial\" \/>\n<meta property=\"article:author\" content=\"https:\/\/www.facebook.com\/apfelpatientOfficial\" \/>\n<meta property=\"article:published_time\" content=\"2025-02-17T17:10:26+00:00\" \/>\n<meta property=\"article:modified_time\" content=\"2025-02-17T17:10:28+00:00\" \/>\n<meta property=\"og:image\" content=\"https:\/\/www.apfelpatient.de\/wp-content\/uploads\/2025\/02\/alexander-mils-KkP3sVoD7Tg-unsplash.jpg\" \/>\n\t<meta property=\"og:image:width\" content=\"1600\" \/>\n\t<meta property=\"og:image:height\" content=\"900\" \/>\n\t<meta property=\"og:image:type\" content=\"image\/jpeg\" \/>\n<meta name=\"author\" content=\"Milan\" \/>\n<meta name=\"twitter:card\" content=\"summary_large_image\" \/>\n<meta name=\"twitter:description\" content=\"Kommt ein gr\u00f6\u00dferer iMac? Insider vermuten ein 30- oder 32-Zoll-Modell. Erfahre, welche Hinweise es auf eine neue iMac-Generation gibt.\" \/>\n<meta name=\"twitter:label1\" content=\"Written by\" \/>\n\t<meta name=\"twitter:data1\" content=\"Milan\" \/>\n\t<meta name=\"twitter:label2\" content=\"Est. reading time\" \/>\n\t<meta name=\"twitter:data2\" content=\"5 minutes\" \/>\n<script type=\"application\/ld+json\" class=\"yoast-schema-graph\">{\"@context\":\"https:\\\/\\\/schema.org\",\"@graph\":[{\"@type\":\"NewsArticle\",\"@id\":\"https:\\\/\\\/www.apfelpatient.de\\\/allgemein\\\/kommt-ein-groesserer-imac-geruechte-ueber-ein-32-zoll-modell#article\",\"isPartOf\":{\"@id\":\"https:\\\/\\\/www.apfelpatient.de\\\/allgemein\\\/kommt-ein-groesserer-imac-geruechte-ueber-ein-32-zoll-modell\"},\"author\":{\"@type\":\"Organization\",\"@id\":\"https:\\\/\\\/www.apfelpatient.de\\\/en\\\/#organization\",\"name\":\"Apfelpatient\",\"url\":\"https:\\\/\\\/www.apfelpatient.de\\\/en\\\/\"},\"headline\":\"Kommt ein gr\u00f6\u00dferer iMac? Ger\u00fcchte \u00fcber ein 32-Zoll-Modell\",\"datePublished\":\"2025-02-17T17:10:26+00:00\",\"dateModified\":\"2025-02-17T17:10:28+00:00\",\"mainEntityOfPage\":{\"@id\":\"https:\\\/\\\/www.apfelpatient.de\\\/allgemein\\\/kommt-ein-groesserer-imac-geruechte-ueber-ein-32-zoll-modell\"},\"wordCount\":829,\"publisher\":{\"@type\":\"Organization\",\"@id\":\"https:\\\/\\\/www.apfelpatient.de\\\/en\\\/#organization\",\"name\":\"Apfelpatient\",\"url\":\"https:\\\/\\\/www.apfelpatient.de\\\/en\\\/\"},\"image\":{\"@id\":\"https:\\\/\\\/www.apfelpatient.de\\\/allgemein\\\/kommt-ein-groesserer-imac-geruechte-ueber-ein-32-zoll-modell#primaryimage\"},\"thumbnailUrl\":\"https:\\\/\\\/www.apfelpatient.de\\\/wp-content\\\/uploads\\\/2025\\\/02\\\/alexander-mils-KkP3sVoD7Tg-unsplash.jpg\",\"keywords\":[\"iMac\",\"Mac\"],\"articleSection\":\"Allgemein\",\"inLanguage\":\"en-US\",\"copyrightYear\":\"2025\",\"copyrightHolder\":{\"@id\":\"https:\\\/\\\/www.apfelpatient.de\\\/en\\\/#organization\"}},{\"@type\":\"WebPage\",\"@id\":\"https:\\\/\\\/www.apfelpatient.de\\\/allgemein\\\/kommt-ein-groesserer-imac-geruechte-ueber-ein-32-zoll-modell\",\"url\":\"https:\\\/\\\/www.apfelpatient.de\\\/allgemein\\\/kommt-ein-groesserer-imac-geruechte-ueber-ein-32-zoll-modell\",\"name\":\"Kommt ein gr\u00f6\u00dferer iMac? Ger\u00fcchte \u00fcber ein 32-Zoll-Modell Apfelpatient\",\"isPartOf\":{\"@id\":\"https:\\\/\\\/www.apfelpatient.de\\\/#website\"},\"primaryImageOfPage\":{\"@id\":\"https:\\\/\\\/www.apfelpatient.de\\\/allgemein\\\/kommt-ein-groesserer-imac-geruechte-ueber-ein-32-zoll-modell#primaryimage\"},\"image\":{\"@id\":\"https:\\\/\\\/www.apfelpatient.de\\\/allgemein\\\/kommt-ein-groesserer-imac-geruechte-ueber-ein-32-zoll-modell#primaryimage\"},\"thumbnailUrl\":\"https:\\\/\\\/www.apfelpatient.de\\\/wp-content\\\/uploads\\\/2025\\\/02\\\/alexander-mils-KkP3sVoD7Tg-unsplash.jpg\",\"datePublished\":\"2025-02-17T17:10:26+00:00\",\"dateModified\":\"2025-02-17T17:10:28+00:00\",\"description\":\"Kommt ein gr\u00f6\u00dferer iMac? Insider vermuten ein 30- oder 32-Zoll-Modell. Erfahre, welche Hinweise es auf eine neue iMac-Generation gibt.\",\"breadcrumb\":{\"@id\":\"https:\\\/\\\/www.apfelpatient.de\\\/allgemein\\\/kommt-ein-groesserer-imac-geruechte-ueber-ein-32-zoll-modell#breadcrumb\"},\"inLanguage\":\"en-US\",\"potentialAction\":[{\"@type\":\"ReadAction\",\"target\":[\"https:\\\/\\\/www.apfelpatient.de\\\/allgemein\\\/kommt-ein-groesserer-imac-geruechte-ueber-ein-32-zoll-modell\"]}]},{\"@type\":\"ImageObject\",\"inLanguage\":\"en-US\",\"@id\":\"https:\\\/\\\/www.apfelpatient.de\\\/allgemein\\\/kommt-ein-groesserer-imac-geruechte-ueber-ein-32-zoll-modell#primaryimage\",\"url\":\"https:\\\/\\\/www.apfelpatient.de\\\/wp-content\\\/uploads\\\/2025\\\/02\\\/alexander-mils-KkP3sVoD7Tg-unsplash.jpg\",\"contentUrl\":\"https:\\\/\\\/www.apfelpatient.de\\\/wp-content\\\/uploads\\\/2025\\\/02\\\/alexander-mils-KkP3sVoD7Tg-unsplash.jpg\",\"width\":1600,\"height\":900,\"caption\":\"Photo by Unsplash+ \\\/ Alexander Mils\"},{\"@type\":\"BreadcrumbList\",\"@id\":\"https:\\\/\\\/www.apfelpatient.de\\\/allgemein\\\/kommt-ein-groesserer-imac-geruechte-ueber-ein-32-zoll-modell#breadcrumb\",\"itemListElement\":[{\"@type\":\"ListItem\",\"position\":1,\"name\":\"Startseite\",\"item\":\"https:\\\/\\\/www.apfelpatient.de\\\/\"},{\"@type\":\"ListItem\",\"position\":2,\"name\":\"Kommt ein gr\u00f6\u00dferer iMac? Ger\u00fcchte \u00fcber ein 32-Zoll-Modell\"}]},{\"@type\":\"WebSite\",\"@id\":\"https:\\\/\\\/www.apfelpatient.de\\\/#website\",\"url\":\"https:\\\/\\\/www.apfelpatient.de\\\/\",\"name\":\"Apfelpatient\",\"description\":\"Alles rund um Apple!\",\"publisher\":{\"@type\":\"Organization\",\"@id\":\"https:\\\/\\\/www.apfelpatient.de\\\/en\\\/#organization\",\"name\":\"Apfelpatient\",\"url\":\"https:\\\/\\\/www.apfelpatient.de\\\/en\\\/\"},\"alternateName\":\"Apfelpatient\",\"potentialAction\":[{\"@type\":\"SearchAction\",\"target\":{\"@type\":\"EntryPoint\",\"urlTemplate\":\"https:\\\/\\\/www.apfelpatient.de\\\/?s={search_term_string}\"},\"query-input\":{\"@type\":\"PropertyValueSpecification\",\"valueRequired\":true,\"valueName\":\"search_term_string\"}}],\"inLanguage\":\"en-US\"},{\"@type\":[\"Person\",\"Organization\"],\"@id\":\"https:\\\/\\\/www.apfelpatient.de\\\/#\\\/schema\\\/person\\\/7dc56ad6c8e9824b76d2c08d4c140e13\",\"name\":\"Milan\",\"logo\":{\"@id\":\"https:\\\/\\\/www.apfelpatient.de\\\/#\\\/schema\\\/person\\\/image\\\/\"},\"description\":\"Hallo und herzlich willkommen auf meinem Technik-Blog! Als gro\u00dfer Apple-Fan berichte ich hier \u00fcber alles, was mit Apple zu tun hat: von den neuesten News und spannenden Ger\u00fcchten \u00fcber hilfreiche Tipps und Tricks bis hin zu ausf\u00fchrlichen Produkttests. Wenn du genauso technikbegeistert bist wie ich, bist du hier genau richtig!\",\"sameAs\":[\"https:\\\/\\\/www.facebook.com\\\/apfelpatientOfficial\",\"https:\\\/\\\/www.linkedin.com\\\/in\\\/milan-jovicic-42aa0231b\"],\"url\":\"https:\\\/\\\/www.apfelpatient.de\\\/en\\\/author\\\/apfeladmin\"}]}<\/script>\n<!-- \/ Yoast SEO Premium plugin. -->","yoast_head_json":{"title":"Is a larger iMac coming? Rumors of a 32-inch model Apfelpatient","description":"Is a larger iMac coming? Insiders suspect a 30- or 32-inch model. Find out what indications there are of a new iMac generation.","robots":{"index":"index","follow":"follow","max-snippet":"max-snippet:-1","max-image-preview":"max-image-preview:large","max-video-preview":"max-video-preview:-1"},"canonical":"https:\/\/www.apfelpatient.de\/en\/generally\/is-a-bigger-imac-rumors-about-a-32-inch-model","og_locale":"en_US","og_type":"article","og_title":"Kommt ein gr\u00f6\u00dferer iMac? Ger\u00fcchte \u00fcber ein 32-Zoll-Modell","og_description":"Kommt ein gr\u00f6\u00dferer iMac? Insider vermuten ein 30- oder 32-Zoll-Modell. Erfahre, welche Hinweise es auf eine neue iMac-Generation gibt.","og_url":"https:\/\/www.apfelpatient.de\/en\/generally\/is-a-bigger-imac-rumors-about-a-32-inch-model","og_site_name":"Apfelpatient","article_publisher":"https:\/\/www.facebook.com\/apfelpatientOfficial","article_author":"https:\/\/www.facebook.com\/apfelpatientOfficial","article_published_time":"2025-02-17T17:10:26+00:00","article_modified_time":"2025-02-17T17:10:28+00:00","og_image":[{"width":1600,"height":900,"url":"https:\/\/www.apfelpatient.de\/wp-content\/uploads\/2025\/02\/alexander-mils-KkP3sVoD7Tg-unsplash.jpg","type":"image\/jpeg"}],"author":"Milan","twitter_card":"summary_large_image","twitter_description":"Kommt ein gr\u00f6\u00dferer iMac? Insider vermuten ein 30- oder 32-Zoll-Modell. Erfahre, welche Hinweise es auf eine neue iMac-Generation gibt.","twitter_misc":{"Written by":"Milan","Est. reading time":"5 minutes"},"schema":{"@context":"https:\/\/schema.org","@graph":[{"@type":"NewsArticle","@id":"https:\/\/www.apfelpatient.de\/allgemein\/kommt-ein-groesserer-imac-geruechte-ueber-ein-32-zoll-modell#article","isPartOf":{"@id":"https:\/\/www.apfelpatient.de\/allgemein\/kommt-ein-groesserer-imac-geruechte-ueber-ein-32-zoll-modell"},"author":{"@type":"Organization","@id":"https:\/\/www.apfelpatient.de\/en\/#organization","name":"Apfelpatient","url":"https:\/\/www.apfelpatient.de\/en\/"},"headline":"Kommt ein gr\u00f6\u00dferer iMac? Ger\u00fcchte \u00fcber ein 32-Zoll-Modell","datePublished":"2025-02-17T17:10:26+00:00","dateModified":"2025-02-17T17:10:28+00:00","mainEntityOfPage":{"@id":"https:\/\/www.apfelpatient.de\/allgemein\/kommt-ein-groesserer-imac-geruechte-ueber-ein-32-zoll-modell"},"wordCount":829,"publisher":{"@type":"Organization","@id":"https:\/\/www.apfelpatient.de\/en\/#organization","name":"Apfelpatient","url":"https:\/\/www.apfelpatient.de\/en\/"},"image":{"@id":"https:\/\/www.apfelpatient.de\/allgemein\/kommt-ein-groesserer-imac-geruechte-ueber-ein-32-zoll-modell#primaryimage"},"thumbnailUrl":"https:\/\/www.apfelpatient.de\/wp-content\/uploads\/2025\/02\/alexander-mils-KkP3sVoD7Tg-unsplash.jpg","keywords":["iMac","Mac"],"articleSection":"Allgemein","inLanguage":"en-US","copyrightYear":"2025","copyrightHolder":{"@id":"https:\/\/www.apfelpatient.de\/en\/#organization"}},{"@type":"WebPage","@id":"https:\/\/www.apfelpatient.de\/allgemein\/kommt-ein-groesserer-imac-geruechte-ueber-ein-32-zoll-modell","url":"https:\/\/www.apfelpatient.de\/allgemein\/kommt-ein-groesserer-imac-geruechte-ueber-ein-32-zoll-modell","name":"Is a larger iMac coming? Rumors of a 32-inch model Apfelpatient","isPartOf":{"@id":"https:\/\/www.apfelpatient.de\/#website"},"primaryImageOfPage":{"@id":"https:\/\/www.apfelpatient.de\/allgemein\/kommt-ein-groesserer-imac-geruechte-ueber-ein-32-zoll-modell#primaryimage"},"image":{"@id":"https:\/\/www.apfelpatient.de\/allgemein\/kommt-ein-groesserer-imac-geruechte-ueber-ein-32-zoll-modell#primaryimage"},"thumbnailUrl":"https:\/\/www.apfelpatient.de\/wp-content\/uploads\/2025\/02\/alexander-mils-KkP3sVoD7Tg-unsplash.jpg","datePublished":"2025-02-17T17:10:26+00:00","dateModified":"2025-02-17T17:10:28+00:00","description":"Is a larger iMac coming? Insiders suspect a 30- or 32-inch model. Find out what indications there are of a new iMac generation.","breadcrumb":{"@id":"https:\/\/www.apfelpatient.de\/allgemein\/kommt-ein-groesserer-imac-geruechte-ueber-ein-32-zoll-modell#breadcrumb"},"inLanguage":"en-US","potentialAction":[{"@type":"ReadAction","target":["https:\/\/www.apfelpatient.de\/allgemein\/kommt-ein-groesserer-imac-geruechte-ueber-ein-32-zoll-modell"]}]},{"@type":"ImageObject","inLanguage":"en-US","@id":"https:\/\/www.apfelpatient.de\/allgemein\/kommt-ein-groesserer-imac-geruechte-ueber-ein-32-zoll-modell#primaryimage","url":"https:\/\/www.apfelpatient.de\/wp-content\/uploads\/2025\/02\/alexander-mils-KkP3sVoD7Tg-unsplash.jpg","contentUrl":"https:\/\/www.apfelpatient.de\/wp-content\/uploads\/2025\/02\/alexander-mils-KkP3sVoD7Tg-unsplash.jpg","width":1600,"height":900,"caption":"Photo by Unsplash+ \/ Alexander Mils"},{"@type":"BreadcrumbList","@id":"https:\/\/www.apfelpatient.de\/allgemein\/kommt-ein-groesserer-imac-geruechte-ueber-ein-32-zoll-modell#breadcrumb","itemListElement":[{"@type":"ListItem","position":1,"name":"Startseite","item":"https:\/\/www.apfelpatient.de\/"},{"@type":"ListItem","position":2,"name":"Kommt ein gr\u00f6\u00dferer iMac? Ger\u00fcchte \u00fcber ein 32-Zoll-Modell"}]},{"@type":"WebSite","@id":"https:\/\/www.apfelpatient.de\/#website","url":"https:\/\/www.apfelpatient.de\/","name":"apple patient","description":"Everything about Apple!","publisher":{"@type":"Organization","@id":"https:\/\/www.apfelpatient.de\/en\/#organization","name":"Apfelpatient","url":"https:\/\/www.apfelpatient.de\/en\/"},"alternateName":"Apfelpatient","potentialAction":[{"@type":"SearchAction","target":{"@type":"EntryPoint","urlTemplate":"https:\/\/www.apfelpatient.de\/?s={search_term_string}"},"query-input":{"@type":"PropertyValueSpecification","valueRequired":true,"valueName":"search_term_string"}}],"inLanguage":"en-US"},{"@type":["Person","Organization"],"@id":"https:\/\/www.apfelpatient.de\/#\/schema\/person\/7dc56ad6c8e9824b76d2c08d4c140e13","name":"Milan","logo":{"@id":"https:\/\/www.apfelpatient.de\/#\/schema\/person\/image\/"},"description":"Hello and welcome to my technology blog! As a big Apple fan, I report on everything to do with Apple: from the latest news and exciting rumors to helpful tips and tricks and detailed product tests. If you are as enthusiastic about technology as I am, you have come to the right place!","sameAs":["https:\/\/www.facebook.com\/apfelpatientOfficial","https:\/\/www.linkedin.com\/in\/milan-jovicic-42aa0231b"],"url":"https:\/\/www.apfelpatient.de\/en\/author\/apfeladmin"}]}},"_links":{"self":[{"href":"https:\/\/www.apfelpatient.de\/en\/wp-json\/wp\/v2\/posts\/51838","targetHints":{"allow":["GET"]}}],"collection":[{"href":"https:\/\/www.apfelpatient.de\/en\/wp-json\/wp\/v2\/posts"}],"about":[{"href":"https:\/\/www.apfelpatient.de\/en\/wp-json\/wp\/v2\/types\/post"}],"author":[{"embeddable":true,"href":"https:\/\/www.apfelpatient.de\/en\/wp-json\/wp\/v2\/users\/2"}],"replies":[{"embeddable":true,"href":"https:\/\/www.apfelpatient.de\/en\/wp-json\/wp\/v2\/comments?post=51838"}],"version-history":[{"count":0,"href":"https:\/\/www.apfelpatient.de\/en\/wp-json\/wp\/v2\/posts\/51838\/revisions"}],"wp:featuredmedia":[{"embeddable":true,"href":"https:\/\/www.apfelpatient.de\/en\/wp-json\/wp\/v2\/media\/51837"}],"wp:attachment":[{"href":"https:\/\/www.apfelpatient.de\/en\/wp-json\/wp\/v2\/media?parent=51838"}],"wp:term":[{"taxonomy":"category","embeddable":true,"href":"https:\/\/www.apfelpatient.de\/en\/wp-json\/wp\/v2\/categories?post=51838"},{"taxonomy":"post_tag","embeddable":true,"href":"https:\/\/www.apfelpatient.de\/en\/wp-json\/wp\/v2\/tags?post=51838"}],"curies":[{"name":"wp","href":"https:\/\/api.w.org\/{rel}","templated":true}]}}