{"id":51765,"date":"2025-02-13T14:36:34","date_gmt":"2025-02-13T13:36:34","guid":{"rendered":"https:\/\/www.apfelpatient.de\/?p=51765"},"modified":"2025-02-13T14:36:36","modified_gmt":"2025-02-13T13:36:36","slug":"iphone-17-pro-max-comes-a-smaller-dynamic-island","status":"publish","type":"post","link":"https:\/\/www.apfelpatient.de\/en\/rumors\/iphone-17-pro-max-kommt-eine-kleinere-dynamic-island","title":{"rendered":"iPhone 17 Pro Max: Is a smaller Dynamic Island coming?"},"content":{"rendered":"<p class=\"has-drop-cap\"><strong>The rumor mill about the upcoming iPhone 17 Pro Max is bubbling. A recent leak suggests that Apple could install a smaller Dynamic Island in this model. This is made possible by a new technology for Face ID, which makes the required components slimmer. However, there are conflicting reports on this. While some insiders confirm the changes, others remain skeptical.<\/strong><\/p>\n\n\n\n<p>Since its introduction with the iPhone 14 Pro, Apple has not changed the Dynamic Island. It is now an integral part of all new iPhone models and is used to display notifications, background activities and other important information in a visually appealing way. Now there are indications that Apple could reduce the size of this element for the first time with the iPhone 17 Pro Max. The new technology could help to use the display even more efficiently. But not all experts agree. While some leakers assume a smaller Dynamic Island, there are conflicting statements from analysts who doubt this. Which variant is more likely?<\/p>\n\n\n\n<h4 class=\"wp-block-heading\" id=\"h-eine-neue-technologie-fur-face-id\">A new technology for Face ID<\/h4>\n\n\n\n<p>The Weibo leaker Digital Chat Station <a href=\"https:\/\/weibo.com\/6048569942\/Pe6wSfDxj\" target=\"_blank\" rel=\"noreferrer noopener\">claimed<\/a>that Apple will use a new Metalens technology for Face ID on the iPhone 17 Pro Max. This technology combines the transmitting and receiving components for facial recognition in a space-saving way. This allows the structural elements of Face ID to be made smaller, which means that the Dynamic Island could also be smaller. The technological difference to previous Face ID elements lies in the type of lens. Conventional lenses use curved glass surfaces to direct the light onto the sensor. A Metalens, on the other hand, consists of a flat, ultra-thin surface with nanostructures that specifically control and focus the light. This could not only reduce the size of the Dynamic Island but also improve the efficiency and accuracy of Face ID. Digital Chat Station assumes that Apple will use this technology not only on the iPhone 17 Pro Max but also on the upcoming iPad Pro and a possible foldable iPad.<\/p>\n\n\n\n<h4 class=\"wp-block-heading\" id=\"h-widerspruchliche-berichte\">Conflicting reports<\/h4>\n\n\n\n<p>Not all sources support this prediction. The well-known Apple analyst Ming-Chi Kuo predicted in January 2025 <a href=\"https:\/\/www.apfelpatient.de\/en\/rumors\/iphone-17-rumors-dynamic-island-will-not-be-reduced-in-size\">explained<\/a>that the iPhone 17 will not have a smaller Dynamic Island. This statement contradicts the prediction of Jeff Pu, who already spoke in 2024 that Apple will use a Metalens for Face ID to enable a narrower Dynamic Island. Jeff Pu has reiterated his assessment several times in recent months and has a good track record with Apple rumors. On the other hand, Ming-Chi Kuo is considered one of the most reliable sources for Apple analysis. Both experts have made both correct and incorrect predictions in the past, which is why it currently remains unclear which variant is correct.<\/p>\n\n\n\n<h4 class=\"wp-block-heading\" id=\"h-die-rolle-der-dynamic-island-in-den-letzten-iphone-generationen\">The role of the Dynamic Island in the last iPhone generations<\/h4>\n\n\n\n<p>The Dynamic Island was first introduced with the iPhone 14 Pro models in 2022. Apple then adopted the feature for the iPhone 15 and iPhone 16, although the size of the Dynamic Island has so far remained unchanged. If the current leaks prove true, the iPhone 17 Pro Max would be the first model to receive an adjustment. Apple traditionally presents the new iPhone generation in September. At the latest then it will become clear whether the Dynamic Island will actually be smaller or whether Ming-Chi Kuo&#039;s prediction that it will remain in its current form will be confirmed.<\/p>\n\n\n\n<h4 class=\"wp-block-heading\" id=\"h-welche-weiteren-neuerungen-sind-fur-das-iphone-17-geplant\">What other innovations are planned for the iPhone 17?<\/h4>\n\n\n\n<p>In addition to the possible change to the Dynamic Island, there is further speculation about the upcoming iPhone models:<\/p>\n\n\n\n<ul class=\"wp-block-list\">\n<li>More powerful A19 chip with better energy efficiency<\/li>\n\n\n\n<li>Improved camera technology<\/li>\n\n\n\n<li>New housing design<\/li>\n\n\n\n<li>Longer battery life thanks to more efficient components<\/li>\n<\/ul>\n\n\n\n<p>These changes show that Apple continues to innovate to advance iPhone design and technology.<\/p>\n\n\n\n<h3 class=\"wp-block-heading\" id=\"h-iphone-17-pro-max-experten-uneinig-uber-die-dynamic-island\">iPhone 17 Pro Max: Experts disagree about the Dynamic Island<\/h3>\n\n\n\n<p>The rumors surrounding the iPhone 17 Pro Max and a smaller Dynamic Island are causing discussion. While Weibo leaker Digital Chat Station and analyst Jeff Pu are convinced that Apple will implement this change using Metalens technology for Face ID, Ming-Chi Kuo sees it differently. Whether the speculations prove true will become clear in September at the latest, when Apple officially presents the new iPhone generation. Until then, it will be exciting to see what other leaks and information about the new devices will emerge. (Image: Apple)<\/p>\n\n\n\n<ul class=\"wp-block-list\">\n<li><a href=\"https:\/\/www.apfelpatient.de\/en\/generally\/iphone-17-series-new-sizes-and-promotion-for-all\">iPhone 17 series: New sizes and ProMotion for all<\/a><\/li>\n\n\n\n<li><a href=\"https:\/\/www.apfelpatient.de\/en\/news\/apple-boss-says-there-is-still-a-lot-of-innovation-in-the-iphone\">Apple CEO: \u201cThere is still a lot of innovation in the iPhone\u201d<\/a><\/li>\n<\/ul>\n\n\n\n<h6 class=\"wp-block-heading translation-block\" id=\"h-kennt-ihr-schon-unsere-amazon-storefront-dort-findet-ihr-eine-handverlesene-auswahl-von-diversen-produkten-f-r-euer-iphone-und-co-viel-spa-beim-st-bern\"><em>Have you already visited our Amazon Storefront? There you&#039;ll find a hand-picked selection of various products for your iPhone and other devices \u2013 <span class=\"has-inline-color has-vivid-red-color\"><a href=\"https:\/\/www.amazon.de\/shop\/apfelpatientofficial\" class=\"ek-link\" data-wpel-link=\"exclude\" rel=\"follow noopener\" target=\"_self\"><span style=\"text-decoration: underline\" class=\"ek-underline\">enjoy browsing<\/span><\/a> !<\/span><\/em><\/h6>\n\n\n\n<h6 class=\"wp-block-heading translation-block\" id=\"h-der-beitrag-enthalt-partnerlinks\">This post contains <a data-type=\"URL\" data-id=\"https:\/\/www.apfelpatient.de\/partnerprogramm\" href=\"https:\/\/www.apfelpatient.de\/en\/partner-program\" data-wpel-link=\"internal\" target=\"_self\">affiliate links<\/a>.<\/h6>","protected":false},"excerpt":{"rendered":"<p>iPhone 17 Pro Max: Is a narrower Dynamic Island coming? New Face ID technology could make it possible. Read all the information now!<\/p>","protected":false},"author":2,"featured_media":51764,"comment_status":"closed","ping_status":"closed","sticky":false,"template":"","format":"standard","meta":{"jnews-multi-image_gallery":[],"jnews_single_post":{"format":"standard","override":[{"template":"2","parallax":"1","fullscreen":"1","layout":"right-sidebar","sidebar":"default-sidebar","second_sidebar":"default-sidebar","sticky_sidebar":"1","share_position":"top","share_float_style":"share-monocrhome","show_featured":"1","show_post_meta":"1","show_post_author":"1","show_post_author_image":"1","show_post_date":"1","post_date_format":"default","post_date_format_custom":"Y\/m\/d","show_post_category":"1","show_post_reading_time":"0","post_reading_time_wpm":"300","post_calculate_word_method":"str_word_count","show_zoom_button":"0","zoom_button_out_step":"2","zoom_button_in_step":"3","show_post_tag":"1","show_prev_next_post":"1","show_popup_post":"1","number_popup_post":"1","show_author_box":"0","show_post_related":"0","show_inline_post_related":"0"}],"image_override":[{"single_post_thumbnail_size":"crop-500","single_post_gallery_size":"crop-500"}],"trending_post_position":"meta","trending_post_label":"Trending","sponsored_post_label":"Sponsored by","disable_ad":"0"},"jnews_primary_category":{"id":"25"},"footnotes":""},"categories":[25],"tags":[8,819,820],"class_list":["post-51765","post","type-post","status-publish","format-standard","has-post-thumbnail","hentry","category-rumors","tag-iphone","tag-iphone-17","tag-iphone-2025"],"yoast_head":"<!-- This site is optimized with the Yoast SEO Premium plugin v27.5 (Yoast SEO v27.5) - https:\/\/yoast.com\/product\/yoast-seo-premium-wordpress\/ -->\n<title>iPhone 17 Pro Max: Kommt eine kleinere Dynamic Island? Apfelpatient<\/title>\n<meta name=\"description\" content=\"iPhone 17 Pro Max: Kommt eine schmalere Dynamic Island? Neue Face ID-Technologie k\u00f6nnte es m\u00f6glich machen. Jetzt alle Infos lesen!\" \/>\n<meta name=\"robots\" content=\"index, follow, max-snippet:-1, max-image-preview:large, max-video-preview:-1\" \/>\n<link rel=\"canonical\" href=\"https:\/\/www.apfelpatient.de\/en\/rumors\/iphone-17-pro-max-comes-a-smaller-dynamic-island\" \/>\n<meta property=\"og:locale\" content=\"en_US\" \/>\n<meta property=\"og:type\" content=\"article\" \/>\n<meta property=\"og:title\" content=\"iPhone 17 Pro Max: Kommt eine kleinere Dynamic Island?\" \/>\n<meta property=\"og:description\" content=\"iPhone 17 Pro Max: Kommt eine schmalere Dynamic Island? Neue Face ID-Technologie k\u00f6nnte es m\u00f6glich machen. Jetzt alle Infos lesen!\" \/>\n<meta property=\"og:url\" content=\"https:\/\/www.apfelpatient.de\/en\/rumors\/iphone-17-pro-max-comes-a-smaller-dynamic-island\" \/>\n<meta property=\"og:site_name\" content=\"Apfelpatient\" \/>\n<meta property=\"article:publisher\" content=\"https:\/\/www.facebook.com\/apfelpatientOfficial\" \/>\n<meta property=\"article:author\" content=\"https:\/\/www.facebook.com\/apfelpatientOfficial\" \/>\n<meta property=\"article:published_time\" content=\"2025-02-13T13:36:34+00:00\" \/>\n<meta property=\"article:modified_time\" content=\"2025-02-13T13:36:36+00:00\" \/>\n<meta property=\"og:image\" content=\"https:\/\/www.apfelpatient.de\/wp-content\/uploads\/2025\/02\/iphone-16-pro-models-1.jpg\" \/>\n\t<meta property=\"og:image:width\" content=\"1600\" \/>\n\t<meta property=\"og:image:height\" content=\"900\" \/>\n\t<meta property=\"og:image:type\" content=\"image\/jpeg\" \/>\n<meta name=\"author\" content=\"Milan\" \/>\n<meta name=\"twitter:card\" content=\"summary_large_image\" \/>\n<meta name=\"twitter:description\" content=\"iPhone 17 Pro Max: Kommt eine schmalere Dynamic Island? Neue Face ID-Technologie k\u00f6nnte es m\u00f6glich machen. Jetzt alle Infos lesen!\" \/>\n<meta name=\"twitter:label1\" content=\"Written by\" \/>\n\t<meta name=\"twitter:data1\" content=\"Milan\" \/>\n\t<meta name=\"twitter:label2\" content=\"Est. reading time\" \/>\n\t<meta name=\"twitter:data2\" content=\"5 minutes\" \/>\n<script type=\"application\/ld+json\" class=\"yoast-schema-graph\">{\"@context\":\"https:\\\/\\\/schema.org\",\"@graph\":[{\"@type\":\"NewsArticle\",\"@id\":\"https:\\\/\\\/www.apfelpatient.de\\\/rumors\\\/iphone-17-pro-max-kommt-eine-kleinere-dynamic-island#article\",\"isPartOf\":{\"@id\":\"https:\\\/\\\/www.apfelpatient.de\\\/rumors\\\/iphone-17-pro-max-kommt-eine-kleinere-dynamic-island\"},\"author\":{\"@type\":\"Organization\",\"@id\":\"https:\\\/\\\/www.apfelpatient.de\\\/en\\\/#organization\",\"name\":\"Apfelpatient\",\"url\":\"https:\\\/\\\/www.apfelpatient.de\\\/en\\\/\"},\"headline\":\"iPhone 17 Pro Max: Kommt eine kleinere Dynamic Island?\",\"datePublished\":\"2025-02-13T13:36:34+00:00\",\"dateModified\":\"2025-02-13T13:36:36+00:00\",\"mainEntityOfPage\":{\"@id\":\"https:\\\/\\\/www.apfelpatient.de\\\/rumors\\\/iphone-17-pro-max-kommt-eine-kleinere-dynamic-island\"},\"wordCount\":743,\"publisher\":{\"@type\":\"Organization\",\"@id\":\"https:\\\/\\\/www.apfelpatient.de\\\/en\\\/#organization\",\"name\":\"Apfelpatient\",\"url\":\"https:\\\/\\\/www.apfelpatient.de\\\/en\\\/\"},\"image\":{\"@id\":\"https:\\\/\\\/www.apfelpatient.de\\\/rumors\\\/iphone-17-pro-max-kommt-eine-kleinere-dynamic-island#primaryimage\"},\"thumbnailUrl\":\"https:\\\/\\\/www.apfelpatient.de\\\/wp-content\\\/uploads\\\/2025\\\/02\\\/iphone-16-pro-models-1.jpg\",\"keywords\":[\"iPhone\",\"iPhone 17\",\"iPhone 2025\"],\"articleSection\":\"Rumors\",\"inLanguage\":\"en-US\",\"copyrightYear\":\"2025\",\"copyrightHolder\":{\"@id\":\"https:\\\/\\\/www.apfelpatient.de\\\/en\\\/#organization\"}},{\"@type\":\"WebPage\",\"@id\":\"https:\\\/\\\/www.apfelpatient.de\\\/rumors\\\/iphone-17-pro-max-kommt-eine-kleinere-dynamic-island\",\"url\":\"https:\\\/\\\/www.apfelpatient.de\\\/rumors\\\/iphone-17-pro-max-kommt-eine-kleinere-dynamic-island\",\"name\":\"iPhone 17 Pro Max: Kommt eine kleinere Dynamic Island? Apfelpatient\",\"isPartOf\":{\"@id\":\"https:\\\/\\\/www.apfelpatient.de\\\/#website\"},\"primaryImageOfPage\":{\"@id\":\"https:\\\/\\\/www.apfelpatient.de\\\/rumors\\\/iphone-17-pro-max-kommt-eine-kleinere-dynamic-island#primaryimage\"},\"image\":{\"@id\":\"https:\\\/\\\/www.apfelpatient.de\\\/rumors\\\/iphone-17-pro-max-kommt-eine-kleinere-dynamic-island#primaryimage\"},\"thumbnailUrl\":\"https:\\\/\\\/www.apfelpatient.de\\\/wp-content\\\/uploads\\\/2025\\\/02\\\/iphone-16-pro-models-1.jpg\",\"datePublished\":\"2025-02-13T13:36:34+00:00\",\"dateModified\":\"2025-02-13T13:36:36+00:00\",\"description\":\"iPhone 17 Pro Max: Kommt eine schmalere Dynamic Island? Neue Face ID-Technologie k\u00f6nnte es m\u00f6glich machen. Jetzt alle Infos lesen!\",\"breadcrumb\":{\"@id\":\"https:\\\/\\\/www.apfelpatient.de\\\/rumors\\\/iphone-17-pro-max-kommt-eine-kleinere-dynamic-island#breadcrumb\"},\"inLanguage\":\"en-US\",\"potentialAction\":[{\"@type\":\"ReadAction\",\"target\":[\"https:\\\/\\\/www.apfelpatient.de\\\/rumors\\\/iphone-17-pro-max-kommt-eine-kleinere-dynamic-island\"]}]},{\"@type\":\"ImageObject\",\"inLanguage\":\"en-US\",\"@id\":\"https:\\\/\\\/www.apfelpatient.de\\\/rumors\\\/iphone-17-pro-max-kommt-eine-kleinere-dynamic-island#primaryimage\",\"url\":\"https:\\\/\\\/www.apfelpatient.de\\\/wp-content\\\/uploads\\\/2025\\\/02\\\/iphone-16-pro-models-1.jpg\",\"contentUrl\":\"https:\\\/\\\/www.apfelpatient.de\\\/wp-content\\\/uploads\\\/2025\\\/02\\\/iphone-16-pro-models-1.jpg\",\"width\":1600,\"height\":900,\"caption\":\"Bild: Apple\"},{\"@type\":\"BreadcrumbList\",\"@id\":\"https:\\\/\\\/www.apfelpatient.de\\\/rumors\\\/iphone-17-pro-max-kommt-eine-kleinere-dynamic-island#breadcrumb\",\"itemListElement\":[{\"@type\":\"ListItem\",\"position\":1,\"name\":\"Startseite\",\"item\":\"https:\\\/\\\/www.apfelpatient.de\\\/\"},{\"@type\":\"ListItem\",\"position\":2,\"name\":\"iPhone 17 Pro Max: Kommt eine kleinere Dynamic Island?\"}]},{\"@type\":\"WebSite\",\"@id\":\"https:\\\/\\\/www.apfelpatient.de\\\/#website\",\"url\":\"https:\\\/\\\/www.apfelpatient.de\\\/\",\"name\":\"Apfelpatient\",\"description\":\"Alles rund um Apple!\",\"publisher\":{\"@type\":\"Organization\",\"@id\":\"https:\\\/\\\/www.apfelpatient.de\\\/en\\\/#organization\",\"name\":\"Apfelpatient\",\"url\":\"https:\\\/\\\/www.apfelpatient.de\\\/en\\\/\"},\"alternateName\":\"Apfelpatient\",\"potentialAction\":[{\"@type\":\"SearchAction\",\"target\":{\"@type\":\"EntryPoint\",\"urlTemplate\":\"https:\\\/\\\/www.apfelpatient.de\\\/?s={search_term_string}\"},\"query-input\":{\"@type\":\"PropertyValueSpecification\",\"valueRequired\":true,\"valueName\":\"search_term_string\"}}],\"inLanguage\":\"en-US\"},{\"@type\":[\"Person\",\"Organization\"],\"@id\":\"https:\\\/\\\/www.apfelpatient.de\\\/#\\\/schema\\\/person\\\/7dc56ad6c8e9824b76d2c08d4c140e13\",\"name\":\"Milan\",\"logo\":{\"@id\":\"https:\\\/\\\/www.apfelpatient.de\\\/#\\\/schema\\\/person\\\/image\\\/\"},\"description\":\"Hallo und herzlich willkommen auf meinem Technik-Blog! Als gro\u00dfer Apple-Fan berichte ich hier \u00fcber alles, was mit Apple zu tun hat: von den neuesten News und spannenden Ger\u00fcchten \u00fcber hilfreiche Tipps und Tricks bis hin zu ausf\u00fchrlichen Produkttests. Wenn du genauso technikbegeistert bist wie ich, bist du hier genau richtig!\",\"sameAs\":[\"https:\\\/\\\/www.facebook.com\\\/apfelpatientOfficial\",\"https:\\\/\\\/www.linkedin.com\\\/in\\\/milan-jovicic-42aa0231b\"],\"url\":\"https:\\\/\\\/www.apfelpatient.de\\\/en\\\/author\\\/apfeladmin\"}]}<\/script>\n<!-- \/ Yoast SEO Premium plugin. -->","yoast_head_json":{"title":"iPhone 17 Pro Max: Is a smaller Dynamic Island coming? Apfelpatient","description":"iPhone 17 Pro Max: Is a narrower Dynamic Island coming? New Face ID technology could make it possible. Read all the information now!","robots":{"index":"index","follow":"follow","max-snippet":"max-snippet:-1","max-image-preview":"max-image-preview:large","max-video-preview":"max-video-preview:-1"},"canonical":"https:\/\/www.apfelpatient.de\/en\/rumors\/iphone-17-pro-max-comes-a-smaller-dynamic-island","og_locale":"en_US","og_type":"article","og_title":"iPhone 17 Pro Max: Kommt eine kleinere Dynamic Island?","og_description":"iPhone 17 Pro Max: Kommt eine schmalere Dynamic Island? Neue Face ID-Technologie k\u00f6nnte es m\u00f6glich machen. Jetzt alle Infos lesen!","og_url":"https:\/\/www.apfelpatient.de\/en\/rumors\/iphone-17-pro-max-comes-a-smaller-dynamic-island","og_site_name":"Apfelpatient","article_publisher":"https:\/\/www.facebook.com\/apfelpatientOfficial","article_author":"https:\/\/www.facebook.com\/apfelpatientOfficial","article_published_time":"2025-02-13T13:36:34+00:00","article_modified_time":"2025-02-13T13:36:36+00:00","og_image":[{"width":1600,"height":900,"url":"https:\/\/www.apfelpatient.de\/wp-content\/uploads\/2025\/02\/iphone-16-pro-models-1.jpg","type":"image\/jpeg"}],"author":"Milan","twitter_card":"summary_large_image","twitter_description":"iPhone 17 Pro Max: Kommt eine schmalere Dynamic Island? Neue Face ID-Technologie k\u00f6nnte es m\u00f6glich machen. Jetzt alle Infos lesen!","twitter_misc":{"Written by":"Milan","Est. reading time":"5 minutes"},"schema":{"@context":"https:\/\/schema.org","@graph":[{"@type":"NewsArticle","@id":"https:\/\/www.apfelpatient.de\/rumors\/iphone-17-pro-max-kommt-eine-kleinere-dynamic-island#article","isPartOf":{"@id":"https:\/\/www.apfelpatient.de\/rumors\/iphone-17-pro-max-kommt-eine-kleinere-dynamic-island"},"author":{"@type":"Organization","@id":"https:\/\/www.apfelpatient.de\/en\/#organization","name":"Apfelpatient","url":"https:\/\/www.apfelpatient.de\/en\/"},"headline":"iPhone 17 Pro Max: Kommt eine kleinere Dynamic Island?","datePublished":"2025-02-13T13:36:34+00:00","dateModified":"2025-02-13T13:36:36+00:00","mainEntityOfPage":{"@id":"https:\/\/www.apfelpatient.de\/rumors\/iphone-17-pro-max-kommt-eine-kleinere-dynamic-island"},"wordCount":743,"publisher":{"@type":"Organization","@id":"https:\/\/www.apfelpatient.de\/en\/#organization","name":"Apfelpatient","url":"https:\/\/www.apfelpatient.de\/en\/"},"image":{"@id":"https:\/\/www.apfelpatient.de\/rumors\/iphone-17-pro-max-kommt-eine-kleinere-dynamic-island#primaryimage"},"thumbnailUrl":"https:\/\/www.apfelpatient.de\/wp-content\/uploads\/2025\/02\/iphone-16-pro-models-1.jpg","keywords":["iPhone","iPhone 17","iPhone 2025"],"articleSection":"Rumors","inLanguage":"en-US","copyrightYear":"2025","copyrightHolder":{"@id":"https:\/\/www.apfelpatient.de\/en\/#organization"}},{"@type":"WebPage","@id":"https:\/\/www.apfelpatient.de\/rumors\/iphone-17-pro-max-kommt-eine-kleinere-dynamic-island","url":"https:\/\/www.apfelpatient.de\/rumors\/iphone-17-pro-max-kommt-eine-kleinere-dynamic-island","name":"iPhone 17 Pro Max: Is a smaller Dynamic Island coming? Apfelpatient","isPartOf":{"@id":"https:\/\/www.apfelpatient.de\/#website"},"primaryImageOfPage":{"@id":"https:\/\/www.apfelpatient.de\/rumors\/iphone-17-pro-max-kommt-eine-kleinere-dynamic-island#primaryimage"},"image":{"@id":"https:\/\/www.apfelpatient.de\/rumors\/iphone-17-pro-max-kommt-eine-kleinere-dynamic-island#primaryimage"},"thumbnailUrl":"https:\/\/www.apfelpatient.de\/wp-content\/uploads\/2025\/02\/iphone-16-pro-models-1.jpg","datePublished":"2025-02-13T13:36:34+00:00","dateModified":"2025-02-13T13:36:36+00:00","description":"iPhone 17 Pro Max: Is a narrower Dynamic Island coming? New Face ID technology could make it possible. Read all the information now!","breadcrumb":{"@id":"https:\/\/www.apfelpatient.de\/rumors\/iphone-17-pro-max-kommt-eine-kleinere-dynamic-island#breadcrumb"},"inLanguage":"en-US","potentialAction":[{"@type":"ReadAction","target":["https:\/\/www.apfelpatient.de\/rumors\/iphone-17-pro-max-kommt-eine-kleinere-dynamic-island"]}]},{"@type":"ImageObject","inLanguage":"en-US","@id":"https:\/\/www.apfelpatient.de\/rumors\/iphone-17-pro-max-kommt-eine-kleinere-dynamic-island#primaryimage","url":"https:\/\/www.apfelpatient.de\/wp-content\/uploads\/2025\/02\/iphone-16-pro-models-1.jpg","contentUrl":"https:\/\/www.apfelpatient.de\/wp-content\/uploads\/2025\/02\/iphone-16-pro-models-1.jpg","width":1600,"height":900,"caption":"Bild: Apple"},{"@type":"BreadcrumbList","@id":"https:\/\/www.apfelpatient.de\/rumors\/iphone-17-pro-max-kommt-eine-kleinere-dynamic-island#breadcrumb","itemListElement":[{"@type":"ListItem","position":1,"name":"Startseite","item":"https:\/\/www.apfelpatient.de\/"},{"@type":"ListItem","position":2,"name":"iPhone 17 Pro Max: Kommt eine kleinere Dynamic Island?"}]},{"@type":"WebSite","@id":"https:\/\/www.apfelpatient.de\/#website","url":"https:\/\/www.apfelpatient.de\/","name":"apple patient","description":"Everything about Apple!","publisher":{"@type":"Organization","@id":"https:\/\/www.apfelpatient.de\/en\/#organization","name":"Apfelpatient","url":"https:\/\/www.apfelpatient.de\/en\/"},"alternateName":"Apfelpatient","potentialAction":[{"@type":"SearchAction","target":{"@type":"EntryPoint","urlTemplate":"https:\/\/www.apfelpatient.de\/?s={search_term_string}"},"query-input":{"@type":"PropertyValueSpecification","valueRequired":true,"valueName":"search_term_string"}}],"inLanguage":"en-US"},{"@type":["Person","Organization"],"@id":"https:\/\/www.apfelpatient.de\/#\/schema\/person\/7dc56ad6c8e9824b76d2c08d4c140e13","name":"Milan","logo":{"@id":"https:\/\/www.apfelpatient.de\/#\/schema\/person\/image\/"},"description":"Hello and welcome to my technology blog! As a big Apple fan, I report on everything to do with Apple: from the latest news and exciting rumors to helpful tips and tricks and detailed product tests. If you are as enthusiastic about technology as I am, you have come to the right place!","sameAs":["https:\/\/www.facebook.com\/apfelpatientOfficial","https:\/\/www.linkedin.com\/in\/milan-jovicic-42aa0231b"],"url":"https:\/\/www.apfelpatient.de\/en\/author\/apfeladmin"}]}},"_links":{"self":[{"href":"https:\/\/www.apfelpatient.de\/en\/wp-json\/wp\/v2\/posts\/51765","targetHints":{"allow":["GET"]}}],"collection":[{"href":"https:\/\/www.apfelpatient.de\/en\/wp-json\/wp\/v2\/posts"}],"about":[{"href":"https:\/\/www.apfelpatient.de\/en\/wp-json\/wp\/v2\/types\/post"}],"author":[{"embeddable":true,"href":"https:\/\/www.apfelpatient.de\/en\/wp-json\/wp\/v2\/users\/2"}],"replies":[{"embeddable":true,"href":"https:\/\/www.apfelpatient.de\/en\/wp-json\/wp\/v2\/comments?post=51765"}],"version-history":[{"count":0,"href":"https:\/\/www.apfelpatient.de\/en\/wp-json\/wp\/v2\/posts\/51765\/revisions"}],"wp:featuredmedia":[{"embeddable":true,"href":"https:\/\/www.apfelpatient.de\/en\/wp-json\/wp\/v2\/media\/51764"}],"wp:attachment":[{"href":"https:\/\/www.apfelpatient.de\/en\/wp-json\/wp\/v2\/media?parent=51765"}],"wp:term":[{"taxonomy":"category","embeddable":true,"href":"https:\/\/www.apfelpatient.de\/en\/wp-json\/wp\/v2\/categories?post=51765"},{"taxonomy":"post_tag","embeddable":true,"href":"https:\/\/www.apfelpatient.de\/en\/wp-json\/wp\/v2\/tags?post=51765"}],"curies":[{"name":"wp","href":"https:\/\/api.w.org\/{rel}","templated":true}]}}