{"id":5160,"date":"2019-07-11T17:03:05","date_gmt":"2019-07-11T15:03:05","guid":{"rendered":"https:\/\/www.apfelpatient.de\/?p=5160"},"modified":"2021-02-27T21:07:24","modified_gmt":"2021-02-27T20:07:24","slug":"apple-reportedly-drops-ar-glasses","status":"publish","type":"post","link":"https:\/\/www.apfelpatient.de\/en\/rumors\/apple-laesst-angeblich-ar-brille-fallen","title":{"rendered":"Apple reportedly drops AR glasses"},"content":{"rendered":"<p><strong>Es wird bereits seit langer Zeit vermutet, dass Apple an einer AR-Brille arbeiten soll. Nun ist ein Bericht aufgetaucht wonach Cupertino die Entwicklung von iGlasses abgebrochen haben soll. Die Vorstellung der Brille war in diesem Jahr geplant &#8211; so die damaligen Ger\u00fcchte.<\/strong><\/p>\n<p>Dass Apple gro\u00dfes Interesse an Augmented-Reality hat ist ein offenes Geheimnis &#8211; sp\u00e4testens als Tim Cook sein pers\u00f6nliches und Apples Interesse \u00f6ffentlich zugegeben hat, befeuerte dies die Ger\u00fcchte rund um eine Augmented-Reality-Brille. Im Verlauf der letzten Jahre haben mehrere Quellen behauptet, dass Apple iGlass noch in diesem Jahr vorstellen will. Apples Forschung an einer solchen Brille wurde von vielen Patenten best\u00e4tigt. Das glaubte unter Anderem der Staranalyst Ming-Chi Kuo &#8211; auch der gut informierte Bloomberg Journalist Gurman war eine der Quellen. Dem heutigen DigiTimes Bericht nach soll das Projekt nun abgebrochen worden sein.<\/p>\n<p><strong>Codename &#8222;T288&#8220;<\/strong><\/p>\n<p class=\"p1\"><\/p>\n<p>Der Grund daf\u00fcr seien unl\u00f6sbare technische Probleme &#8211; konkret konnte die Plattform jedoch keine nennen. DigiTimes hat eine gemischte Erfolgsbilanz &#8211; weshalb das Ger\u00fccht vorerst skeptisch betrachtet wird. Die Brille sollte mit rOS auf iOS basierend betrieben und mit Touchscreen, Siri-Sprachaktivierung und Kopfbewegungen gesteuert werden. Intern war sie unter dem Codenamen &#8222;T288&#8220; bekannt. Wie bereits erw\u00e4hnt, hat Tim Cook sein Interesse an einem solchen Produkt mehrfach bekundet und indirekt iGlasses in Aussicht gestellt. Ob Apple tats\u00e4chlich die Entwicklung abgebrochen hat bleibt nat\u00fcrlich ungewiss &#8211; sollten in Zukunft mehr Quellen die Aussagen unterstreichen, so kann man davon ausgehen, dass das Ger\u00fccht stimmt. <a href=\"https:\/\/www.amazon.de\/gp\/product\/B07PYM8FB8\/ref=as_li_tl?ie=UTF8&amp;camp=1638&amp;creative=6742&amp;creativeASIN=B07PYM8FB8&amp;linkCode=as2&amp;tag=apfelpatient-21&amp;linkId=57f8dca1dc62960d79fe1e1503aa34e4\" target=\"_blank\" rel=\"noopener noreferrer\">AirPods 2 mit kabellosem Ladecase\u00a0auf Amazon im Angebot<\/a><img decoding=\"async\" style=\"border: none !important; margin: 0px !important;\" src=\"\/\/ir-de.amazon-adsystem.com\/e\/ir?t=apfelpatient-21&amp;l=am2&amp;o=3&amp;a=B07PYM8FB8\" alt=\"\" width=\"1\" height=\"1\" border=\"0\" \/> <em>(Photo by Unsplash)<\/em><\/p>\n<p>[poll id=&#8220;9&#8243;]<\/p>\n","protected":false},"excerpt":{"rendered":"<p>Es wird bereits seit langer Zeit vermutet, dass Apple an einer AR-Brille arbeiten soll. Nun ist ein Bericht aufgetaucht wonach Cupertino die Entwicklung von iGlasses abgebrochen haben soll. Die Vorstellung der Brille war in diesem Jahr geplant &#8211; so die damaligen Ger\u00fcchte. Dass Apple gro\u00dfes Interesse an Augmented-Reality hat ist ein offenes Geheimnis &#8211; sp\u00e4testens [&hellip;]<\/p>\n","protected":false},"author":2,"featured_media":5161,"comment_status":"closed","ping_status":"closed","sticky":false,"template":"","format":"standard","meta":{"jnews-multi-image_gallery":[],"jnews_single_post":[],"jnews_primary_category":[],"footnotes":""},"categories":[25],"tags":[609,109,134],"class_list":["post-5160","post","type-post","status-publish","format-standard","has-post-thumbnail","hentry","category-rumors","tag-apple-vr-ar","tag-ar-brille","tag-augmented-reality"],"yoast_head":"<!-- This site is optimized with the Yoast SEO Premium plugin v27.5 (Yoast SEO v27.5) - https:\/\/yoast.com\/product\/yoast-seo-premium-wordpress\/ -->\n<title>Apple l\u00e4sst angeblich AR-Brille fallen Apfelpatient<\/title>\n<meta name=\"description\" content=\"- Es wird bereits seit langer Zeit vermutet, dass Apple an einer AR-Brille arbeiten soll. Nun ist ein Bericht aufgetaucht wonach Cupertino die Entwicklung von iGlasses abgebrochen haben soll. Die Vorstellung der Brille war in diesem Jahr geplant - so die damaligen Ger\u00fcchte.\" \/>\n<meta name=\"robots\" content=\"index, follow, max-snippet:-1, max-image-preview:large, max-video-preview:-1\" \/>\n<link rel=\"canonical\" href=\"https:\/\/www.apfelpatient.de\/en\/rumors\/apple-reportedly-drops-ar-glasses\" \/>\n<meta property=\"og:locale\" content=\"en_US\" \/>\n<meta property=\"og:type\" content=\"article\" \/>\n<meta property=\"og:title\" content=\"Apple l\u00e4sst angeblich AR-Brille fallen\" \/>\n<meta property=\"og:description\" content=\"- Es wird bereits seit langer Zeit vermutet, dass Apple an einer AR-Brille arbeiten soll. Nun ist ein Bericht aufgetaucht wonach Cupertino die Entwicklung von iGlasses abgebrochen haben soll. Die Vorstellung der Brille war in diesem Jahr geplant - so die damaligen Ger\u00fcchte.\" \/>\n<meta property=\"og:url\" content=\"https:\/\/www.apfelpatient.de\/en\/rumors\/apple-reportedly-drops-ar-glasses\" \/>\n<meta property=\"og:site_name\" content=\"Apfelpatient\" \/>\n<meta property=\"article:publisher\" content=\"https:\/\/www.facebook.com\/apfelpatientOfficial\" \/>\n<meta property=\"article:author\" content=\"https:\/\/www.facebook.com\/apfelpatientOfficial\" \/>\n<meta property=\"article:published_time\" content=\"2019-07-11T15:03:05+00:00\" \/>\n<meta property=\"article:modified_time\" content=\"2021-02-27T20:07:24+00:00\" \/>\n<meta property=\"og:image\" content=\"https:\/\/www.apfelpatient.de\/wp-content\/uploads\/2019\/07\/josh-calabrese-qmnpqDwla_E-unsplash.jpg\" \/>\n\t<meta property=\"og:image:width\" content=\"5235\" \/>\n\t<meta property=\"og:image:height\" content=\"3490\" \/>\n\t<meta property=\"og:image:type\" content=\"image\/jpeg\" \/>\n<meta name=\"author\" content=\"Milan\" \/>\n<meta name=\"twitter:card\" content=\"summary_large_image\" \/>\n<meta name=\"twitter:label1\" content=\"Written by\" \/>\n\t<meta name=\"twitter:data1\" content=\"Milan\" \/>\n\t<meta name=\"twitter:label2\" content=\"Est. reading time\" \/>\n\t<meta name=\"twitter:data2\" content=\"1 minute\" \/>\n<script type=\"application\/ld+json\" class=\"yoast-schema-graph\">{\"@context\":\"https:\\\/\\\/schema.org\",\"@graph\":[{\"@type\":\"NewsArticle\",\"@id\":\"https:\\\/\\\/www.apfelpatient.de\\\/rumors\\\/apple-laesst-angeblich-ar-brille-fallen#article\",\"isPartOf\":{\"@id\":\"https:\\\/\\\/www.apfelpatient.de\\\/rumors\\\/apple-laesst-angeblich-ar-brille-fallen\"},\"author\":{\"@type\":\"Organization\",\"@id\":\"https:\\\/\\\/www.apfelpatient.de\\\/en\\\/#organization\",\"name\":\"Apfelpatient\",\"url\":\"https:\\\/\\\/www.apfelpatient.de\\\/en\\\/\"},\"headline\":\"Apple l\u00e4sst angeblich AR-Brille fallen\",\"datePublished\":\"2019-07-11T15:03:05+00:00\",\"dateModified\":\"2021-02-27T20:07:24+00:00\",\"mainEntityOfPage\":{\"@id\":\"https:\\\/\\\/www.apfelpatient.de\\\/rumors\\\/apple-laesst-angeblich-ar-brille-fallen\"},\"wordCount\":272,\"publisher\":{\"@type\":\"Organization\",\"@id\":\"https:\\\/\\\/www.apfelpatient.de\\\/en\\\/#organization\",\"name\":\"Apfelpatient\",\"url\":\"https:\\\/\\\/www.apfelpatient.de\\\/en\\\/\"},\"image\":{\"@id\":\"https:\\\/\\\/www.apfelpatient.de\\\/rumors\\\/apple-laesst-angeblich-ar-brille-fallen#primaryimage\"},\"thumbnailUrl\":\"https:\\\/\\\/www.apfelpatient.de\\\/wp-content\\\/uploads\\\/2019\\\/07\\\/josh-calabrese-qmnpqDwla_E-unsplash.jpg\",\"keywords\":[\"Apple VR\\\/AR\",\"AR-Brille\",\"Augmented Reality\"],\"articleSection\":\"Rumors\",\"inLanguage\":\"en-US\",\"copyrightYear\":\"2019\",\"copyrightHolder\":{\"@id\":\"https:\\\/\\\/www.apfelpatient.de\\\/en\\\/#organization\"}},{\"@type\":\"WebPage\",\"@id\":\"https:\\\/\\\/www.apfelpatient.de\\\/rumors\\\/apple-laesst-angeblich-ar-brille-fallen\",\"url\":\"https:\\\/\\\/www.apfelpatient.de\\\/rumors\\\/apple-laesst-angeblich-ar-brille-fallen\",\"name\":\"Apple l\u00e4sst angeblich AR-Brille fallen Apfelpatient\",\"isPartOf\":{\"@id\":\"https:\\\/\\\/www.apfelpatient.de\\\/#website\"},\"primaryImageOfPage\":{\"@id\":\"https:\\\/\\\/www.apfelpatient.de\\\/rumors\\\/apple-laesst-angeblich-ar-brille-fallen#primaryimage\"},\"image\":{\"@id\":\"https:\\\/\\\/www.apfelpatient.de\\\/rumors\\\/apple-laesst-angeblich-ar-brille-fallen#primaryimage\"},\"thumbnailUrl\":\"https:\\\/\\\/www.apfelpatient.de\\\/wp-content\\\/uploads\\\/2019\\\/07\\\/josh-calabrese-qmnpqDwla_E-unsplash.jpg\",\"datePublished\":\"2019-07-11T15:03:05+00:00\",\"dateModified\":\"2021-02-27T20:07:24+00:00\",\"description\":\"- Es wird bereits seit langer Zeit vermutet, dass Apple an einer AR-Brille arbeiten soll. Nun ist ein Bericht aufgetaucht wonach Cupertino die Entwicklung von iGlasses abgebrochen haben soll. Die Vorstellung der Brille war in diesem Jahr geplant - so die damaligen Ger\u00fcchte.\",\"breadcrumb\":{\"@id\":\"https:\\\/\\\/www.apfelpatient.de\\\/rumors\\\/apple-laesst-angeblich-ar-brille-fallen#breadcrumb\"},\"inLanguage\":\"en-US\",\"potentialAction\":[{\"@type\":\"ReadAction\",\"target\":[\"https:\\\/\\\/www.apfelpatient.de\\\/rumors\\\/apple-laesst-angeblich-ar-brille-fallen\"]}]},{\"@type\":\"ImageObject\",\"inLanguage\":\"en-US\",\"@id\":\"https:\\\/\\\/www.apfelpatient.de\\\/rumors\\\/apple-laesst-angeblich-ar-brille-fallen#primaryimage\",\"url\":\"https:\\\/\\\/www.apfelpatient.de\\\/wp-content\\\/uploads\\\/2019\\\/07\\\/josh-calabrese-qmnpqDwla_E-unsplash.jpg\",\"contentUrl\":\"https:\\\/\\\/www.apfelpatient.de\\\/wp-content\\\/uploads\\\/2019\\\/07\\\/josh-calabrese-qmnpqDwla_E-unsplash.jpg\",\"width\":5235,\"height\":3490,\"caption\":\"Photo by Unsplash\"},{\"@type\":\"BreadcrumbList\",\"@id\":\"https:\\\/\\\/www.apfelpatient.de\\\/rumors\\\/apple-laesst-angeblich-ar-brille-fallen#breadcrumb\",\"itemListElement\":[{\"@type\":\"ListItem\",\"position\":1,\"name\":\"Startseite\",\"item\":\"https:\\\/\\\/www.apfelpatient.de\\\/\"},{\"@type\":\"ListItem\",\"position\":2,\"name\":\"Apple l\u00e4sst angeblich AR-Brille fallen\"}]},{\"@type\":\"WebSite\",\"@id\":\"https:\\\/\\\/www.apfelpatient.de\\\/#website\",\"url\":\"https:\\\/\\\/www.apfelpatient.de\\\/\",\"name\":\"Apfelpatient\",\"description\":\"Alles rund um Apple!\",\"publisher\":{\"@type\":\"Organization\",\"@id\":\"https:\\\/\\\/www.apfelpatient.de\\\/en\\\/#organization\",\"name\":\"Apfelpatient\",\"url\":\"https:\\\/\\\/www.apfelpatient.de\\\/en\\\/\"},\"alternateName\":\"Apfelpatient\",\"potentialAction\":[{\"@type\":\"SearchAction\",\"target\":{\"@type\":\"EntryPoint\",\"urlTemplate\":\"https:\\\/\\\/www.apfelpatient.de\\\/?s={search_term_string}\"},\"query-input\":{\"@type\":\"PropertyValueSpecification\",\"valueRequired\":true,\"valueName\":\"search_term_string\"}}],\"inLanguage\":\"en-US\"},{\"@type\":[\"Person\",\"Organization\"],\"@id\":\"https:\\\/\\\/www.apfelpatient.de\\\/#\\\/schema\\\/person\\\/7dc56ad6c8e9824b76d2c08d4c140e13\",\"name\":\"Milan\",\"logo\":{\"@id\":\"https:\\\/\\\/www.apfelpatient.de\\\/#\\\/schema\\\/person\\\/image\\\/\"},\"description\":\"Hallo und herzlich willkommen auf meinem Technik-Blog! Als gro\u00dfer Apple-Fan berichte ich hier \u00fcber alles, was mit Apple zu tun hat: von den neuesten News und spannenden Ger\u00fcchten \u00fcber hilfreiche Tipps und Tricks bis hin zu ausf\u00fchrlichen Produkttests. Wenn du genauso technikbegeistert bist wie ich, bist du hier genau richtig!\",\"sameAs\":[\"https:\\\/\\\/www.facebook.com\\\/apfelpatientOfficial\",\"https:\\\/\\\/www.linkedin.com\\\/in\\\/milan-jovicic-42aa0231b\"],\"url\":\"https:\\\/\\\/www.apfelpatient.de\\\/en\\\/author\\\/apfeladmin\"}]}<\/script>\n<!-- \/ Yoast SEO Premium plugin. -->","yoast_head_json":{"title":"Apple reportedly drops AR glasses Apfelpatient","description":"- It has long been suspected that Apple is working on AR glasses. Now a report has surfaced that Cupertino has stopped developing iGlasses. The glasses were planned to be presented this year - according to rumors at the time.","robots":{"index":"index","follow":"follow","max-snippet":"max-snippet:-1","max-image-preview":"max-image-preview:large","max-video-preview":"max-video-preview:-1"},"canonical":"https:\/\/www.apfelpatient.de\/en\/rumors\/apple-reportedly-drops-ar-glasses","og_locale":"en_US","og_type":"article","og_title":"Apple l\u00e4sst angeblich AR-Brille fallen","og_description":"- Es wird bereits seit langer Zeit vermutet, dass Apple an einer AR-Brille arbeiten soll. Nun ist ein Bericht aufgetaucht wonach Cupertino die Entwicklung von iGlasses abgebrochen haben soll. Die Vorstellung der Brille war in diesem Jahr geplant - so die damaligen Ger\u00fcchte.","og_url":"https:\/\/www.apfelpatient.de\/en\/rumors\/apple-reportedly-drops-ar-glasses","og_site_name":"Apfelpatient","article_publisher":"https:\/\/www.facebook.com\/apfelpatientOfficial","article_author":"https:\/\/www.facebook.com\/apfelpatientOfficial","article_published_time":"2019-07-11T15:03:05+00:00","article_modified_time":"2021-02-27T20:07:24+00:00","og_image":[{"width":5235,"height":3490,"url":"https:\/\/www.apfelpatient.de\/wp-content\/uploads\/2019\/07\/josh-calabrese-qmnpqDwla_E-unsplash.jpg","type":"image\/jpeg"}],"author":"Milan","twitter_card":"summary_large_image","twitter_misc":{"Written by":"Milan","Est. reading time":"1 minute"},"schema":{"@context":"https:\/\/schema.org","@graph":[{"@type":"NewsArticle","@id":"https:\/\/www.apfelpatient.de\/rumors\/apple-laesst-angeblich-ar-brille-fallen#article","isPartOf":{"@id":"https:\/\/www.apfelpatient.de\/rumors\/apple-laesst-angeblich-ar-brille-fallen"},"author":{"@type":"Organization","@id":"https:\/\/www.apfelpatient.de\/en\/#organization","name":"Apfelpatient","url":"https:\/\/www.apfelpatient.de\/en\/"},"headline":"Apple l\u00e4sst angeblich AR-Brille fallen","datePublished":"2019-07-11T15:03:05+00:00","dateModified":"2021-02-27T20:07:24+00:00","mainEntityOfPage":{"@id":"https:\/\/www.apfelpatient.de\/rumors\/apple-laesst-angeblich-ar-brille-fallen"},"wordCount":272,"publisher":{"@type":"Organization","@id":"https:\/\/www.apfelpatient.de\/en\/#organization","name":"Apfelpatient","url":"https:\/\/www.apfelpatient.de\/en\/"},"image":{"@id":"https:\/\/www.apfelpatient.de\/rumors\/apple-laesst-angeblich-ar-brille-fallen#primaryimage"},"thumbnailUrl":"https:\/\/www.apfelpatient.de\/wp-content\/uploads\/2019\/07\/josh-calabrese-qmnpqDwla_E-unsplash.jpg","keywords":["Apple VR\/AR","AR-Brille","Augmented Reality"],"articleSection":"Rumors","inLanguage":"en-US","copyrightYear":"2019","copyrightHolder":{"@id":"https:\/\/www.apfelpatient.de\/en\/#organization"}},{"@type":"WebPage","@id":"https:\/\/www.apfelpatient.de\/rumors\/apple-laesst-angeblich-ar-brille-fallen","url":"https:\/\/www.apfelpatient.de\/rumors\/apple-laesst-angeblich-ar-brille-fallen","name":"Apple reportedly drops AR glasses Apfelpatient","isPartOf":{"@id":"https:\/\/www.apfelpatient.de\/#website"},"primaryImageOfPage":{"@id":"https:\/\/www.apfelpatient.de\/rumors\/apple-laesst-angeblich-ar-brille-fallen#primaryimage"},"image":{"@id":"https:\/\/www.apfelpatient.de\/rumors\/apple-laesst-angeblich-ar-brille-fallen#primaryimage"},"thumbnailUrl":"https:\/\/www.apfelpatient.de\/wp-content\/uploads\/2019\/07\/josh-calabrese-qmnpqDwla_E-unsplash.jpg","datePublished":"2019-07-11T15:03:05+00:00","dateModified":"2021-02-27T20:07:24+00:00","description":"- It has long been suspected that Apple is working on AR glasses. Now a report has surfaced that Cupertino has stopped developing iGlasses. The glasses were planned to be presented this year - according to rumors at the time.","breadcrumb":{"@id":"https:\/\/www.apfelpatient.de\/rumors\/apple-laesst-angeblich-ar-brille-fallen#breadcrumb"},"inLanguage":"en-US","potentialAction":[{"@type":"ReadAction","target":["https:\/\/www.apfelpatient.de\/rumors\/apple-laesst-angeblich-ar-brille-fallen"]}]},{"@type":"ImageObject","inLanguage":"en-US","@id":"https:\/\/www.apfelpatient.de\/rumors\/apple-laesst-angeblich-ar-brille-fallen#primaryimage","url":"https:\/\/www.apfelpatient.de\/wp-content\/uploads\/2019\/07\/josh-calabrese-qmnpqDwla_E-unsplash.jpg","contentUrl":"https:\/\/www.apfelpatient.de\/wp-content\/uploads\/2019\/07\/josh-calabrese-qmnpqDwla_E-unsplash.jpg","width":5235,"height":3490,"caption":"Photo by Unsplash"},{"@type":"BreadcrumbList","@id":"https:\/\/www.apfelpatient.de\/rumors\/apple-laesst-angeblich-ar-brille-fallen#breadcrumb","itemListElement":[{"@type":"ListItem","position":1,"name":"Startseite","item":"https:\/\/www.apfelpatient.de\/"},{"@type":"ListItem","position":2,"name":"Apple l\u00e4sst angeblich AR-Brille fallen"}]},{"@type":"WebSite","@id":"https:\/\/www.apfelpatient.de\/#website","url":"https:\/\/www.apfelpatient.de\/","name":"apple patient","description":"Everything about Apple!","publisher":{"@type":"Organization","@id":"https:\/\/www.apfelpatient.de\/en\/#organization","name":"Apfelpatient","url":"https:\/\/www.apfelpatient.de\/en\/"},"alternateName":"Apfelpatient","potentialAction":[{"@type":"SearchAction","target":{"@type":"EntryPoint","urlTemplate":"https:\/\/www.apfelpatient.de\/?s={search_term_string}"},"query-input":{"@type":"PropertyValueSpecification","valueRequired":true,"valueName":"search_term_string"}}],"inLanguage":"en-US"},{"@type":["Person","Organization"],"@id":"https:\/\/www.apfelpatient.de\/#\/schema\/person\/7dc56ad6c8e9824b76d2c08d4c140e13","name":"Milan","logo":{"@id":"https:\/\/www.apfelpatient.de\/#\/schema\/person\/image\/"},"description":"Hello and welcome to my technology blog! As a big Apple fan, I report on everything to do with Apple: from the latest news and exciting rumors to helpful tips and tricks and detailed product tests. If you are as enthusiastic about technology as I am, you have come to the right place!","sameAs":["https:\/\/www.facebook.com\/apfelpatientOfficial","https:\/\/www.linkedin.com\/in\/milan-jovicic-42aa0231b"],"url":"https:\/\/www.apfelpatient.de\/en\/author\/apfeladmin"}]}},"_links":{"self":[{"href":"https:\/\/www.apfelpatient.de\/en\/wp-json\/wp\/v2\/posts\/5160","targetHints":{"allow":["GET"]}}],"collection":[{"href":"https:\/\/www.apfelpatient.de\/en\/wp-json\/wp\/v2\/posts"}],"about":[{"href":"https:\/\/www.apfelpatient.de\/en\/wp-json\/wp\/v2\/types\/post"}],"author":[{"embeddable":true,"href":"https:\/\/www.apfelpatient.de\/en\/wp-json\/wp\/v2\/users\/2"}],"replies":[{"embeddable":true,"href":"https:\/\/www.apfelpatient.de\/en\/wp-json\/wp\/v2\/comments?post=5160"}],"version-history":[{"count":0,"href":"https:\/\/www.apfelpatient.de\/en\/wp-json\/wp\/v2\/posts\/5160\/revisions"}],"wp:featuredmedia":[{"embeddable":true,"href":"https:\/\/www.apfelpatient.de\/en\/wp-json\/wp\/v2\/media\/5161"}],"wp:attachment":[{"href":"https:\/\/www.apfelpatient.de\/en\/wp-json\/wp\/v2\/media?parent=5160"}],"wp:term":[{"taxonomy":"category","embeddable":true,"href":"https:\/\/www.apfelpatient.de\/en\/wp-json\/wp\/v2\/categories?post=5160"},{"taxonomy":"post_tag","embeddable":true,"href":"https:\/\/www.apfelpatient.de\/en\/wp-json\/wp\/v2\/tags?post=5160"}],"curies":[{"name":"wp","href":"https:\/\/api.w.org\/{rel}","templated":true}]}}