{"id":5148,"date":"2019-07-11T02:06:57","date_gmt":"2019-07-11T00:06:57","guid":{"rendered":"https:\/\/www.apfelpatient.de\/?p=5148"},"modified":"2025-02-06T07:45:53","modified_gmt":"2025-02-06T06:45:53","slug":"iphone-2020-apple-could-reduce-notch-for-the-first-time","status":"publish","type":"post","link":"https:\/\/www.apfelpatient.de\/en\/rumors\/iphone-2020-apple-koennte-erstmals-notch-verkleinern","title":{"rendered":"iPhone 2020 \u2013 Apple could reduce the notch for the first time"},"content":{"rendered":"<p><strong>According to a new report, Apple is planning to gradually reduce the size of the notch and then eliminate it starting next year. But it won&#039;t stop there.<\/strong><\/p>\n<p>The topic of the iPhone notch has been discussed a lot since its introduction in 2017. While the iPhone notch was initially bad-mouthed, it is now a fashion accessory. Many manufacturers have followed Apple and designed a similar notch. But it is not meant to stay forever. Several analysts believe that Apple will reduce the notch as early as next year - after that, the notch will disappear completely over the next two years.<\/p>\n<p class=\"p1\"><\/p>\n<p>At least that is what the well-known and accurate star analyst Ming-Chi Kuo claims. Analysts from the investment firm Credit Suisse in Asia have also spoken out. However, they go further, as the China Times writes. Apple is said to be introducing a completely new iPhone in 2020. According to their information, this will have a camera under the display and will not have Face ID. Instead, the iPhone will be introduced with a new type of Touch ID under the entire screen. The new fingerprint authentication is based on sound waves - according to the analysts - a corresponding <a href=\"https:\/\/www.apfelpatient.de\/en\">Patent<\/a> was discovered several months ago.<\/p>\n<p><strong>Will Face ID disappear by 2021?<\/strong><\/p>\n<p>They also believe that Apple will present three iPhone models completely without a notch as early as 2021 - these will then make the transition to a notchless iPhone, with a front camera under the display and the new Touch ID technology. According to the report, Apple&#039;s timeline will look like this:<\/p>\n<ul>\n<li>2019: Three new iPhones with Face ID and no changes to the notch<\/li>\n<li>2020: Two new iPhones with facial recognition and slimmer notches, a new notchless iPhone with full-screen fingerprint authentication<\/li>\n<li>2021: Three new notchless iPhones with full-screen fingerprint authentication<\/li>\n<\/ul>\n<p>The interesting thing is that <a href=\"https:\/\/www.apfelpatient.de\/en\">beginning of July<\/a> the Chinese news site caijing.com.cn has made a similar claim. They also claim to have learned that Apple is planning a new iPhone with Touch ID under the display as early as next year. However, the device is only intended for the Chinese market and will be much cheaper. According to the news site, the costs for Touch ID under the display are significantly lower than for Face ID.<\/p>\n<p><strong>Three sources with the same statement<\/strong><\/p>\n<p class=\"p1\"><\/p>\n<p>Analysts at Barclay also reported in May that <a href=\"https:\/\/www.apfelpatient.de\/en\">forecast<\/a> They also claim to have heard similar things from Asian suppliers. Even back then there was talk of an acoustic-based Touch ID technology. For many it sounds unbelievable that Apple allegedly wants to abolish Face ID, but if several sources claim the same thing, then such statements should definitely be taken seriously and still remain skeptical. If more reports of this kind appear in the next few months, we can expect major changes. Everything we already know about the new iPhone models 2019 can be found in our <a href=\"https:\/\/www.apfelpatient.de\/en\">Summary<\/a> \u2013 when the devices are likely to be presented, you can find out in our <a href=\"https:\/\/www.apfelpatient.de\/en\">analysis<\/a> read it. <em>(Photo by Unsplash)<\/em><\/p>","protected":false},"excerpt":{"rendered":"<p>Einem neuen Bericht zufolge soll Apple ab dem n\u00e4chsten Jahr Schritt f\u00fcr Schritt die Verkleinerung und den anschlie\u00dfenden Wegfall der Notch planen. Dabei soll es jedoch nicht bleiben. Das Thema iPhone Notch wurde seit ihrer Vorstellung in 2017 oft diskutiert. W\u00e4hrend die iPhone-Kerbe anfangs schlecht geredet wurde, geh\u00f6rt sie heute zu einem Mode-Accessorie. Viele Hersteller [&hellip;]<\/p>\n","protected":false},"author":2,"featured_media":4119,"comment_status":"open","ping_status":"open","sticky":false,"template":"","format":"standard","meta":{"jnews-multi-image_gallery":[],"jnews_single_post":[],"jnews_primary_category":[],"footnotes":""},"categories":[25],"tags":[37,8,311,254,103],"class_list":["post-5148","post","type-post","status-publish","format-standard","has-post-thumbnail","hentry","category-rumors","tag-face-id","tag-iphone","tag-iphone-2021","tag-iphone-2020","tag-touch-id"],"yoast_head":"<!-- This site is optimized with the Yoast SEO Premium plugin v27.5 (Yoast SEO v27.5) - https:\/\/yoast.com\/product\/yoast-seo-premium-wordpress\/ -->\n<title>iPhone 2020 - Apple k\u00f6nnte erstmals Notch verkleinern Apfelpatient<\/title>\n<meta name=\"description\" content=\"- Einem neuen Bericht zufolge soll Apple ab dem n\u00e4chsten Jahr Schritt f\u00fcr Schritt die Verkleinerung und den anschlie\u00dfenden Wegfall der Notch planen. Dabei soll es jedoch nicht bleiben.\" \/>\n<meta name=\"robots\" content=\"index, follow, max-snippet:-1, max-image-preview:large, max-video-preview:-1\" \/>\n<link rel=\"canonical\" href=\"https:\/\/www.apfelpatient.de\/en\/rumors\/iphone-2020-apple-could-reduce-notch-for-the-first-time\" \/>\n<meta property=\"og:locale\" content=\"en_US\" \/>\n<meta property=\"og:type\" content=\"article\" \/>\n<meta property=\"og:title\" content=\"iPhone 2020 - Apple k\u00f6nnte erstmals Notch verkleinern\" \/>\n<meta property=\"og:description\" content=\"- Einem neuen Bericht zufolge soll Apple ab dem n\u00e4chsten Jahr Schritt f\u00fcr Schritt die Verkleinerung und den anschlie\u00dfenden Wegfall der Notch planen. Dabei soll es jedoch nicht bleiben.\" \/>\n<meta property=\"og:url\" content=\"https:\/\/www.apfelpatient.de\/en\/rumors\/iphone-2020-apple-could-reduce-notch-for-the-first-time\" \/>\n<meta property=\"og:site_name\" content=\"Apfelpatient\" \/>\n<meta property=\"article:publisher\" content=\"https:\/\/www.facebook.com\/apfelpatientOfficial\" \/>\n<meta property=\"article:author\" content=\"https:\/\/www.facebook.com\/apfelpatientOfficial\" \/>\n<meta property=\"article:published_time\" content=\"2019-07-11T00:06:57+00:00\" \/>\n<meta property=\"article:modified_time\" content=\"2025-02-06T06:45:53+00:00\" \/>\n<meta property=\"og:image\" content=\"https:\/\/www.apfelpatient.de\/wp-content\/uploads\/2019\/04\/fabian-albert-570179-unsplash.jpg\" \/>\n\t<meta property=\"og:image:width\" content=\"4928\" \/>\n\t<meta property=\"og:image:height\" content=\"2854\" \/>\n\t<meta property=\"og:image:type\" content=\"image\/jpeg\" \/>\n<meta name=\"author\" content=\"Milan\" \/>\n<meta name=\"twitter:card\" content=\"summary_large_image\" \/>\n<meta name=\"twitter:label1\" content=\"Written by\" \/>\n\t<meta name=\"twitter:data1\" content=\"Milan\" \/>\n\t<meta name=\"twitter:label2\" content=\"Est. reading time\" \/>\n\t<meta name=\"twitter:data2\" content=\"3 minutes\" \/>\n<script type=\"application\/ld+json\" class=\"yoast-schema-graph\">{\"@context\":\"https:\\\/\\\/schema.org\",\"@graph\":[{\"@type\":\"NewsArticle\",\"@id\":\"https:\\\/\\\/www.apfelpatient.de\\\/rumors\\\/iphone-2020-apple-koennte-erstmals-notch-verkleinern#article\",\"isPartOf\":{\"@id\":\"https:\\\/\\\/www.apfelpatient.de\\\/rumors\\\/iphone-2020-apple-koennte-erstmals-notch-verkleinern\"},\"author\":{\"@type\":\"Organization\",\"@id\":\"https:\\\/\\\/www.apfelpatient.de\\\/en\\\/#organization\",\"name\":\"Apfelpatient\",\"url\":\"https:\\\/\\\/www.apfelpatient.de\\\/en\\\/\"},\"headline\":\"iPhone 2020 &#8211; Apple k\u00f6nnte erstmals Notch verkleinern\",\"datePublished\":\"2019-07-11T00:06:57+00:00\",\"dateModified\":\"2025-02-06T06:45:53+00:00\",\"mainEntityOfPage\":{\"@id\":\"https:\\\/\\\/www.apfelpatient.de\\\/rumors\\\/iphone-2020-apple-koennte-erstmals-notch-verkleinern\"},\"wordCount\":508,\"commentCount\":0,\"publisher\":{\"@type\":\"Organization\",\"@id\":\"https:\\\/\\\/www.apfelpatient.de\\\/en\\\/#organization\",\"name\":\"Apfelpatient\",\"url\":\"https:\\\/\\\/www.apfelpatient.de\\\/en\\\/\"},\"image\":{\"@id\":\"https:\\\/\\\/www.apfelpatient.de\\\/rumors\\\/iphone-2020-apple-koennte-erstmals-notch-verkleinern#primaryimage\"},\"thumbnailUrl\":\"https:\\\/\\\/www.apfelpatient.de\\\/wp-content\\\/uploads\\\/2019\\\/04\\\/fabian-albert-570179-unsplash.jpg\",\"keywords\":[\"Face ID\",\"iPhone\",\"iPhone 13\",\"iPhone 2020\",\"Touch ID\"],\"articleSection\":\"Rumors\",\"inLanguage\":\"en-US\",\"potentialAction\":[{\"@type\":\"CommentAction\",\"name\":\"Comment\",\"target\":[\"https:\\\/\\\/www.apfelpatient.de\\\/rumors\\\/iphone-2020-apple-koennte-erstmals-notch-verkleinern#respond\"]}],\"copyrightYear\":\"2019\",\"copyrightHolder\":{\"@id\":\"https:\\\/\\\/www.apfelpatient.de\\\/en\\\/#organization\"}},{\"@type\":\"WebPage\",\"@id\":\"https:\\\/\\\/www.apfelpatient.de\\\/rumors\\\/iphone-2020-apple-koennte-erstmals-notch-verkleinern\",\"url\":\"https:\\\/\\\/www.apfelpatient.de\\\/rumors\\\/iphone-2020-apple-koennte-erstmals-notch-verkleinern\",\"name\":\"iPhone 2020 - Apple k\u00f6nnte erstmals Notch verkleinern Apfelpatient\",\"isPartOf\":{\"@id\":\"https:\\\/\\\/www.apfelpatient.de\\\/#website\"},\"primaryImageOfPage\":{\"@id\":\"https:\\\/\\\/www.apfelpatient.de\\\/rumors\\\/iphone-2020-apple-koennte-erstmals-notch-verkleinern#primaryimage\"},\"image\":{\"@id\":\"https:\\\/\\\/www.apfelpatient.de\\\/rumors\\\/iphone-2020-apple-koennte-erstmals-notch-verkleinern#primaryimage\"},\"thumbnailUrl\":\"https:\\\/\\\/www.apfelpatient.de\\\/wp-content\\\/uploads\\\/2019\\\/04\\\/fabian-albert-570179-unsplash.jpg\",\"datePublished\":\"2019-07-11T00:06:57+00:00\",\"dateModified\":\"2025-02-06T06:45:53+00:00\",\"description\":\"- Einem neuen Bericht zufolge soll Apple ab dem n\u00e4chsten Jahr Schritt f\u00fcr Schritt die Verkleinerung und den anschlie\u00dfenden Wegfall der Notch planen. Dabei soll es jedoch nicht bleiben.\",\"breadcrumb\":{\"@id\":\"https:\\\/\\\/www.apfelpatient.de\\\/rumors\\\/iphone-2020-apple-koennte-erstmals-notch-verkleinern#breadcrumb\"},\"inLanguage\":\"en-US\",\"potentialAction\":[{\"@type\":\"ReadAction\",\"target\":[\"https:\\\/\\\/www.apfelpatient.de\\\/rumors\\\/iphone-2020-apple-koennte-erstmals-notch-verkleinern\"]}]},{\"@type\":\"ImageObject\",\"inLanguage\":\"en-US\",\"@id\":\"https:\\\/\\\/www.apfelpatient.de\\\/rumors\\\/iphone-2020-apple-koennte-erstmals-notch-verkleinern#primaryimage\",\"url\":\"https:\\\/\\\/www.apfelpatient.de\\\/wp-content\\\/uploads\\\/2019\\\/04\\\/fabian-albert-570179-unsplash.jpg\",\"contentUrl\":\"https:\\\/\\\/www.apfelpatient.de\\\/wp-content\\\/uploads\\\/2019\\\/04\\\/fabian-albert-570179-unsplash.jpg\",\"width\":4928,\"height\":2854,\"caption\":\"Photo by Unsplash\"},{\"@type\":\"BreadcrumbList\",\"@id\":\"https:\\\/\\\/www.apfelpatient.de\\\/rumors\\\/iphone-2020-apple-koennte-erstmals-notch-verkleinern#breadcrumb\",\"itemListElement\":[{\"@type\":\"ListItem\",\"position\":1,\"name\":\"Startseite\",\"item\":\"https:\\\/\\\/www.apfelpatient.de\\\/\"},{\"@type\":\"ListItem\",\"position\":2,\"name\":\"iPhone 2020 &#8211; Apple k\u00f6nnte erstmals Notch verkleinern\"}]},{\"@type\":\"WebSite\",\"@id\":\"https:\\\/\\\/www.apfelpatient.de\\\/#website\",\"url\":\"https:\\\/\\\/www.apfelpatient.de\\\/\",\"name\":\"Apfelpatient\",\"description\":\"Alles rund um Apple!\",\"publisher\":{\"@type\":\"Organization\",\"@id\":\"https:\\\/\\\/www.apfelpatient.de\\\/en\\\/#organization\",\"name\":\"Apfelpatient\",\"url\":\"https:\\\/\\\/www.apfelpatient.de\\\/en\\\/\"},\"alternateName\":\"Apfelpatient\",\"potentialAction\":[{\"@type\":\"SearchAction\",\"target\":{\"@type\":\"EntryPoint\",\"urlTemplate\":\"https:\\\/\\\/www.apfelpatient.de\\\/?s={search_term_string}\"},\"query-input\":{\"@type\":\"PropertyValueSpecification\",\"valueRequired\":true,\"valueName\":\"search_term_string\"}}],\"inLanguage\":\"en-US\"},{\"@type\":[\"Person\",\"Organization\"],\"@id\":\"https:\\\/\\\/www.apfelpatient.de\\\/#\\\/schema\\\/person\\\/7dc56ad6c8e9824b76d2c08d4c140e13\",\"name\":\"Milan\",\"logo\":{\"@id\":\"https:\\\/\\\/www.apfelpatient.de\\\/#\\\/schema\\\/person\\\/image\\\/\"},\"description\":\"Hallo und herzlich willkommen auf meinem Technik-Blog! Als gro\u00dfer Apple-Fan berichte ich hier \u00fcber alles, was mit Apple zu tun hat: von den neuesten News und spannenden Ger\u00fcchten \u00fcber hilfreiche Tipps und Tricks bis hin zu ausf\u00fchrlichen Produkttests. Wenn du genauso technikbegeistert bist wie ich, bist du hier genau richtig!\",\"sameAs\":[\"https:\\\/\\\/www.facebook.com\\\/apfelpatientOfficial\",\"https:\\\/\\\/www.linkedin.com\\\/in\\\/milan-jovicic-42aa0231b\"],\"url\":\"https:\\\/\\\/www.apfelpatient.de\\\/en\\\/author\\\/apfeladmin\"}]}<\/script>\n<!-- \/ Yoast SEO Premium plugin. -->","yoast_head_json":{"title":"iPhone 2020 - Apple could reduce the notch for the first time Apfelpatient","description":"- According to a new report, Apple is planning to gradually reduce the size of the notch and then eliminate it starting next year. But it won&#039;t stop there.","robots":{"index":"index","follow":"follow","max-snippet":"max-snippet:-1","max-image-preview":"max-image-preview:large","max-video-preview":"max-video-preview:-1"},"canonical":"https:\/\/www.apfelpatient.de\/en\/rumors\/iphone-2020-apple-could-reduce-notch-for-the-first-time","og_locale":"en_US","og_type":"article","og_title":"iPhone 2020 - Apple k\u00f6nnte erstmals Notch verkleinern","og_description":"- Einem neuen Bericht zufolge soll Apple ab dem n\u00e4chsten Jahr Schritt f\u00fcr Schritt die Verkleinerung und den anschlie\u00dfenden Wegfall der Notch planen. Dabei soll es jedoch nicht bleiben.","og_url":"https:\/\/www.apfelpatient.de\/en\/rumors\/iphone-2020-apple-could-reduce-notch-for-the-first-time","og_site_name":"Apfelpatient","article_publisher":"https:\/\/www.facebook.com\/apfelpatientOfficial","article_author":"https:\/\/www.facebook.com\/apfelpatientOfficial","article_published_time":"2019-07-11T00:06:57+00:00","article_modified_time":"2025-02-06T06:45:53+00:00","og_image":[{"width":4928,"height":2854,"url":"https:\/\/www.apfelpatient.de\/wp-content\/uploads\/2019\/04\/fabian-albert-570179-unsplash.jpg","type":"image\/jpeg"}],"author":"Milan","twitter_card":"summary_large_image","twitter_misc":{"Written by":"Milan","Est. reading time":"3 minutes"},"schema":{"@context":"https:\/\/schema.org","@graph":[{"@type":"NewsArticle","@id":"https:\/\/www.apfelpatient.de\/rumors\/iphone-2020-apple-koennte-erstmals-notch-verkleinern#article","isPartOf":{"@id":"https:\/\/www.apfelpatient.de\/rumors\/iphone-2020-apple-koennte-erstmals-notch-verkleinern"},"author":{"@type":"Organization","@id":"https:\/\/www.apfelpatient.de\/en\/#organization","name":"Apfelpatient","url":"https:\/\/www.apfelpatient.de\/en\/"},"headline":"iPhone 2020 &#8211; Apple k\u00f6nnte erstmals Notch verkleinern","datePublished":"2019-07-11T00:06:57+00:00","dateModified":"2025-02-06T06:45:53+00:00","mainEntityOfPage":{"@id":"https:\/\/www.apfelpatient.de\/rumors\/iphone-2020-apple-koennte-erstmals-notch-verkleinern"},"wordCount":508,"commentCount":0,"publisher":{"@type":"Organization","@id":"https:\/\/www.apfelpatient.de\/en\/#organization","name":"Apfelpatient","url":"https:\/\/www.apfelpatient.de\/en\/"},"image":{"@id":"https:\/\/www.apfelpatient.de\/rumors\/iphone-2020-apple-koennte-erstmals-notch-verkleinern#primaryimage"},"thumbnailUrl":"https:\/\/www.apfelpatient.de\/wp-content\/uploads\/2019\/04\/fabian-albert-570179-unsplash.jpg","keywords":["Face ID","iPhone","iPhone 13","iPhone 2020","Touch ID"],"articleSection":"Rumors","inLanguage":"en-US","potentialAction":[{"@type":"CommentAction","name":"Comment","target":["https:\/\/www.apfelpatient.de\/rumors\/iphone-2020-apple-koennte-erstmals-notch-verkleinern#respond"]}],"copyrightYear":"2019","copyrightHolder":{"@id":"https:\/\/www.apfelpatient.de\/en\/#organization"}},{"@type":"WebPage","@id":"https:\/\/www.apfelpatient.de\/rumors\/iphone-2020-apple-koennte-erstmals-notch-verkleinern","url":"https:\/\/www.apfelpatient.de\/rumors\/iphone-2020-apple-koennte-erstmals-notch-verkleinern","name":"iPhone 2020 - Apple could reduce the notch for the first time Apfelpatient","isPartOf":{"@id":"https:\/\/www.apfelpatient.de\/#website"},"primaryImageOfPage":{"@id":"https:\/\/www.apfelpatient.de\/rumors\/iphone-2020-apple-koennte-erstmals-notch-verkleinern#primaryimage"},"image":{"@id":"https:\/\/www.apfelpatient.de\/rumors\/iphone-2020-apple-koennte-erstmals-notch-verkleinern#primaryimage"},"thumbnailUrl":"https:\/\/www.apfelpatient.de\/wp-content\/uploads\/2019\/04\/fabian-albert-570179-unsplash.jpg","datePublished":"2019-07-11T00:06:57+00:00","dateModified":"2025-02-06T06:45:53+00:00","description":"- According to a new report, Apple is planning to gradually reduce the size of the notch and then eliminate it starting next year. But it won&#039;t stop there.","breadcrumb":{"@id":"https:\/\/www.apfelpatient.de\/rumors\/iphone-2020-apple-koennte-erstmals-notch-verkleinern#breadcrumb"},"inLanguage":"en-US","potentialAction":[{"@type":"ReadAction","target":["https:\/\/www.apfelpatient.de\/rumors\/iphone-2020-apple-koennte-erstmals-notch-verkleinern"]}]},{"@type":"ImageObject","inLanguage":"en-US","@id":"https:\/\/www.apfelpatient.de\/rumors\/iphone-2020-apple-koennte-erstmals-notch-verkleinern#primaryimage","url":"https:\/\/www.apfelpatient.de\/wp-content\/uploads\/2019\/04\/fabian-albert-570179-unsplash.jpg","contentUrl":"https:\/\/www.apfelpatient.de\/wp-content\/uploads\/2019\/04\/fabian-albert-570179-unsplash.jpg","width":4928,"height":2854,"caption":"Photo by Unsplash"},{"@type":"BreadcrumbList","@id":"https:\/\/www.apfelpatient.de\/rumors\/iphone-2020-apple-koennte-erstmals-notch-verkleinern#breadcrumb","itemListElement":[{"@type":"ListItem","position":1,"name":"Startseite","item":"https:\/\/www.apfelpatient.de\/"},{"@type":"ListItem","position":2,"name":"iPhone 2020 &#8211; Apple k\u00f6nnte erstmals Notch verkleinern"}]},{"@type":"WebSite","@id":"https:\/\/www.apfelpatient.de\/#website","url":"https:\/\/www.apfelpatient.de\/","name":"apple patient","description":"Everything about Apple!","publisher":{"@type":"Organization","@id":"https:\/\/www.apfelpatient.de\/en\/#organization","name":"Apfelpatient","url":"https:\/\/www.apfelpatient.de\/en\/"},"alternateName":"Apfelpatient","potentialAction":[{"@type":"SearchAction","target":{"@type":"EntryPoint","urlTemplate":"https:\/\/www.apfelpatient.de\/?s={search_term_string}"},"query-input":{"@type":"PropertyValueSpecification","valueRequired":true,"valueName":"search_term_string"}}],"inLanguage":"en-US"},{"@type":["Person","Organization"],"@id":"https:\/\/www.apfelpatient.de\/#\/schema\/person\/7dc56ad6c8e9824b76d2c08d4c140e13","name":"Milan","logo":{"@id":"https:\/\/www.apfelpatient.de\/#\/schema\/person\/image\/"},"description":"Hello and welcome to my technology blog! As a big Apple fan, I report on everything to do with Apple: from the latest news and exciting rumors to helpful tips and tricks and detailed product tests. If you are as enthusiastic about technology as I am, you have come to the right place!","sameAs":["https:\/\/www.facebook.com\/apfelpatientOfficial","https:\/\/www.linkedin.com\/in\/milan-jovicic-42aa0231b"],"url":"https:\/\/www.apfelpatient.de\/en\/author\/apfeladmin"}]}},"_links":{"self":[{"href":"https:\/\/www.apfelpatient.de\/en\/wp-json\/wp\/v2\/posts\/5148","targetHints":{"allow":["GET"]}}],"collection":[{"href":"https:\/\/www.apfelpatient.de\/en\/wp-json\/wp\/v2\/posts"}],"about":[{"href":"https:\/\/www.apfelpatient.de\/en\/wp-json\/wp\/v2\/types\/post"}],"author":[{"embeddable":true,"href":"https:\/\/www.apfelpatient.de\/en\/wp-json\/wp\/v2\/users\/2"}],"replies":[{"embeddable":true,"href":"https:\/\/www.apfelpatient.de\/en\/wp-json\/wp\/v2\/comments?post=5148"}],"version-history":[{"count":0,"href":"https:\/\/www.apfelpatient.de\/en\/wp-json\/wp\/v2\/posts\/5148\/revisions"}],"wp:featuredmedia":[{"embeddable":true,"href":"https:\/\/www.apfelpatient.de\/en\/wp-json\/wp\/v2\/media\/4119"}],"wp:attachment":[{"href":"https:\/\/www.apfelpatient.de\/en\/wp-json\/wp\/v2\/media?parent=5148"}],"wp:term":[{"taxonomy":"category","embeddable":true,"href":"https:\/\/www.apfelpatient.de\/en\/wp-json\/wp\/v2\/categories?post=5148"},{"taxonomy":"post_tag","embeddable":true,"href":"https:\/\/www.apfelpatient.de\/en\/wp-json\/wp\/v2\/tags?post=5148"}],"curies":[{"name":"wp","href":"https:\/\/api.w.org\/{rel}","templated":true}]}}