{"id":5113,"date":"2019-07-09T01:02:24","date_gmt":"2019-07-08T23:02:24","guid":{"rendered":"https:\/\/www.apfelpatient.de\/?p=5113"},"modified":"2025-02-06T07:45:47","modified_gmt":"2025-02-06T06:45:47","slug":"this-is-how-instagram-wants-to-combat-online-bullying","status":"publish","type":"post","link":"https:\/\/www.apfelpatient.de\/en\/news\/so-will-instagram-gegen-online-mobbing-vorgehen","title":{"rendered":"How Instagram wants to combat online bullying"},"content":{"rendered":"<p><strong>Instagram has announced in a new statement that the company wants to take more action against online bullying and negative comments in the future - and two solutions were also presented.<\/strong><\/p>\n<p>Instagram wants to do more for its users in the future and is declaring war on online bullying and nasty comments. Adam Mosseri published a new post on the topic of online bullying entitled &quot;Our Commitment to Lead the Fight Against Online Bullying&quot;.<\/p>\n\n<blockquote><p>&quot;We can do more to prevent bullying on Instagram, and we can also do more to empower victims of bullying to advocate for themselves. Today, we&#039;re introducing new features in both areas. These tools are based on a deep understanding of how people bully each other and how they respond to bullying on Instagram, and this is just the beginning.&quot;<\/p><\/blockquote>\n<p>The post outlined two ways in which the fight against bullying will continue. A new AI function has already been introduced today that will warn users when they write an offensive comment. A new feature will also be tested that will give users better control over the comment field - among other things, individual users will be able to decide who can comment on their posts.<\/p>\n<blockquote><p>&quot;In the last few days, we&#039;ve started rolling out a new AI-based feature that notifies people when their comment may be considered offensive before it&#039;s published. This intervention gives people the opportunity to reflect and undo their comment, preventing the recipient from receiving the hurtful message. In initial tests of the feature, we found that it encourages some people to undo their comment and write something less hurtful,&quot; said Mosseri.<\/p><\/blockquote>\n<p>If the system detects an obscene comment, the author will see a message asking \u201cAre you sure you want to publish this?\u201d \u2013 the user can then take appropriate action.<\/p>\n<p><strong>How bullying could be prevented<\/strong><\/p>\n<p class=\"p1\"><\/p>\n<p>The second method against online bullying is to restrict the comment section. Many victims of bullying do not dare to take action against their tormentors, mostly out of fear of the possible consequences. This includes blocking the person in question. Instagram now wants to introduce a feature that is similar to an invisible block. This allows the user to restrict a person from their profile.<\/p>\n<blockquote><p>&quot;Once you restrict someone, comments on your posts from that person will only be visible to that person. You can choose to make a restricted person&#039;s comments visible to others by approving their comments. Restricted people cannot see when you are active on Instagram or when you have read direct messages,&quot; explains Mosseri.<\/p><\/blockquote>\n<p>In his blog post, Mosseri promises that it will not just be limited to these two options \u2013 the company will continue to develop the system and fight tyrants.<\/p>\n<p><strong>Notice<\/strong> \u2013 Bullying has far-reaching negative consequences for the health as well as for the professional and private situation of the victim \u2013 there are various ways to do something about bullying. A 24\/7 contact point for all people in psychological distress is the telephone counseling service with the Germany-wide telephone numbers 08001110-111 or -222. <a href=\"https:\/\/www.apfelpatient.de\/en\">Apple products \u2013 Amazon continues to lower prices<\/a> <em>(Photo by Unsplash)<\/em><\/p>","protected":false},"excerpt":{"rendered":"<p>Instagram hat in einer neuen Mitteilung bekanntgegeben, dass das Unternehmen in Zukunft gegen Online-Mobbing und negative Kommentare verst\u00e4rkt vorgehen m\u00f6chte &#8211; dabei wurden auch zwei L\u00f6sungen vorgestellt. Instagram m\u00f6chte in Zukunft mehr f\u00fcr seine Nutzer machen und sagt Online-Mobbing und b\u00f6sen Kommentaren den Kampf an. Mit dem Titel &#8222;Our Commitment to Lead the Fight Against [&hellip;]<\/p>\n","protected":false},"author":2,"featured_media":5114,"comment_status":"open","ping_status":"open","sticky":false,"template":"","format":"standard","meta":{"jnews-multi-image_gallery":[],"jnews_single_post":[],"jnews_primary_category":[],"footnotes":""},"categories":[9],"tags":[143,8],"class_list":["post-5113","post","type-post","status-publish","format-standard","has-post-thumbnail","hentry","category-news","tag-instagram","tag-iphone"],"yoast_head":"<!-- This site is optimized with the Yoast SEO Premium plugin v27.5 (Yoast SEO v27.5) - https:\/\/yoast.com\/product\/yoast-seo-premium-wordpress\/ -->\n<title>So will Instagram gegen Online-Mobbing vorgehen Apfelpatient<\/title>\n<meta name=\"description\" content=\"- Instagram hat in einer neuen Mitteilung bekanntgegeben, dass das Unternehmen in Zukunft gegen Online-Mobbing und negative Kommentare verst\u00e4rkt vorgehen m\u00f6chte - dabei wurden auch zwei L\u00f6sungen vorgestellt.\" \/>\n<meta name=\"robots\" content=\"index, follow, max-snippet:-1, max-image-preview:large, max-video-preview:-1\" \/>\n<link rel=\"canonical\" href=\"https:\/\/www.apfelpatient.de\/en\/news\/this-is-how-instagram-wants-to-combat-online-bullying\" \/>\n<meta property=\"og:locale\" content=\"en_US\" \/>\n<meta property=\"og:type\" content=\"article\" \/>\n<meta property=\"og:title\" content=\"So will Instagram gegen Online-Mobbing vorgehen\" \/>\n<meta property=\"og:description\" content=\"- Instagram hat in einer neuen Mitteilung bekanntgegeben, dass das Unternehmen in Zukunft gegen Online-Mobbing und negative Kommentare verst\u00e4rkt vorgehen m\u00f6chte - dabei wurden auch zwei L\u00f6sungen vorgestellt.\" \/>\n<meta property=\"og:url\" content=\"https:\/\/www.apfelpatient.de\/en\/news\/this-is-how-instagram-wants-to-combat-online-bullying\" \/>\n<meta property=\"og:site_name\" content=\"Apfelpatient\" \/>\n<meta property=\"article:publisher\" content=\"https:\/\/www.facebook.com\/apfelpatientOfficial\" \/>\n<meta property=\"article:author\" content=\"https:\/\/www.facebook.com\/apfelpatientOfficial\" \/>\n<meta property=\"article:published_time\" content=\"2019-07-08T23:02:24+00:00\" \/>\n<meta property=\"article:modified_time\" content=\"2025-02-06T06:45:47+00:00\" \/>\n<meta property=\"og:image\" content=\"https:\/\/www.apfelpatient.de\/wp-content\/uploads\/2019\/07\/noiseporn-JNuKyKXLh8U-unsplash.jpg\" \/>\n\t<meta property=\"og:image:width\" content=\"5143\" \/>\n\t<meta property=\"og:image:height\" content=\"3429\" \/>\n\t<meta property=\"og:image:type\" content=\"image\/jpeg\" \/>\n<meta name=\"author\" content=\"Milan\" \/>\n<meta name=\"twitter:card\" content=\"summary_large_image\" \/>\n<meta name=\"twitter:label1\" content=\"Written by\" \/>\n\t<meta name=\"twitter:data1\" content=\"Milan\" \/>\n\t<meta name=\"twitter:label2\" content=\"Est. reading time\" \/>\n\t<meta name=\"twitter:data2\" content=\"3 minutes\" \/>\n<script type=\"application\/ld+json\" class=\"yoast-schema-graph\">{\"@context\":\"https:\\\/\\\/schema.org\",\"@graph\":[{\"@type\":\"NewsArticle\",\"@id\":\"https:\\\/\\\/www.apfelpatient.de\\\/news\\\/so-will-instagram-gegen-online-mobbing-vorgehen#article\",\"isPartOf\":{\"@id\":\"https:\\\/\\\/www.apfelpatient.de\\\/news\\\/so-will-instagram-gegen-online-mobbing-vorgehen\"},\"author\":{\"@type\":\"Organization\",\"@id\":\"https:\\\/\\\/www.apfelpatient.de\\\/en\\\/#organization\",\"name\":\"Apfelpatient\",\"url\":\"https:\\\/\\\/www.apfelpatient.de\\\/en\\\/\"},\"headline\":\"So will Instagram gegen Online-Mobbing vorgehen\",\"datePublished\":\"2019-07-08T23:02:24+00:00\",\"dateModified\":\"2025-02-06T06:45:47+00:00\",\"mainEntityOfPage\":{\"@id\":\"https:\\\/\\\/www.apfelpatient.de\\\/news\\\/so-will-instagram-gegen-online-mobbing-vorgehen\"},\"wordCount\":577,\"commentCount\":0,\"publisher\":{\"@type\":\"Organization\",\"@id\":\"https:\\\/\\\/www.apfelpatient.de\\\/en\\\/#organization\",\"name\":\"Apfelpatient\",\"url\":\"https:\\\/\\\/www.apfelpatient.de\\\/en\\\/\"},\"image\":{\"@id\":\"https:\\\/\\\/www.apfelpatient.de\\\/news\\\/so-will-instagram-gegen-online-mobbing-vorgehen#primaryimage\"},\"thumbnailUrl\":\"https:\\\/\\\/www.apfelpatient.de\\\/wp-content\\\/uploads\\\/2019\\\/07\\\/noiseporn-JNuKyKXLh8U-unsplash.jpg\",\"keywords\":[\"Instagram\",\"iPhone\"],\"articleSection\":\"News\",\"inLanguage\":\"en-US\",\"potentialAction\":[{\"@type\":\"CommentAction\",\"name\":\"Comment\",\"target\":[\"https:\\\/\\\/www.apfelpatient.de\\\/news\\\/so-will-instagram-gegen-online-mobbing-vorgehen#respond\"]}],\"copyrightYear\":\"2019\",\"copyrightHolder\":{\"@id\":\"https:\\\/\\\/www.apfelpatient.de\\\/en\\\/#organization\"}},{\"@type\":\"WebPage\",\"@id\":\"https:\\\/\\\/www.apfelpatient.de\\\/news\\\/so-will-instagram-gegen-online-mobbing-vorgehen\",\"url\":\"https:\\\/\\\/www.apfelpatient.de\\\/news\\\/so-will-instagram-gegen-online-mobbing-vorgehen\",\"name\":\"So will Instagram gegen Online-Mobbing vorgehen Apfelpatient\",\"isPartOf\":{\"@id\":\"https:\\\/\\\/www.apfelpatient.de\\\/#website\"},\"primaryImageOfPage\":{\"@id\":\"https:\\\/\\\/www.apfelpatient.de\\\/news\\\/so-will-instagram-gegen-online-mobbing-vorgehen#primaryimage\"},\"image\":{\"@id\":\"https:\\\/\\\/www.apfelpatient.de\\\/news\\\/so-will-instagram-gegen-online-mobbing-vorgehen#primaryimage\"},\"thumbnailUrl\":\"https:\\\/\\\/www.apfelpatient.de\\\/wp-content\\\/uploads\\\/2019\\\/07\\\/noiseporn-JNuKyKXLh8U-unsplash.jpg\",\"datePublished\":\"2019-07-08T23:02:24+00:00\",\"dateModified\":\"2025-02-06T06:45:47+00:00\",\"description\":\"- Instagram hat in einer neuen Mitteilung bekanntgegeben, dass das Unternehmen in Zukunft gegen Online-Mobbing und negative Kommentare verst\u00e4rkt vorgehen m\u00f6chte - dabei wurden auch zwei L\u00f6sungen vorgestellt.\",\"breadcrumb\":{\"@id\":\"https:\\\/\\\/www.apfelpatient.de\\\/news\\\/so-will-instagram-gegen-online-mobbing-vorgehen#breadcrumb\"},\"inLanguage\":\"en-US\",\"potentialAction\":[{\"@type\":\"ReadAction\",\"target\":[\"https:\\\/\\\/www.apfelpatient.de\\\/news\\\/so-will-instagram-gegen-online-mobbing-vorgehen\"]}]},{\"@type\":\"ImageObject\",\"inLanguage\":\"en-US\",\"@id\":\"https:\\\/\\\/www.apfelpatient.de\\\/news\\\/so-will-instagram-gegen-online-mobbing-vorgehen#primaryimage\",\"url\":\"https:\\\/\\\/www.apfelpatient.de\\\/wp-content\\\/uploads\\\/2019\\\/07\\\/noiseporn-JNuKyKXLh8U-unsplash.jpg\",\"contentUrl\":\"https:\\\/\\\/www.apfelpatient.de\\\/wp-content\\\/uploads\\\/2019\\\/07\\\/noiseporn-JNuKyKXLh8U-unsplash.jpg\",\"width\":5143,\"height\":3429,\"caption\":\"Photo by Unsplash\"},{\"@type\":\"BreadcrumbList\",\"@id\":\"https:\\\/\\\/www.apfelpatient.de\\\/news\\\/so-will-instagram-gegen-online-mobbing-vorgehen#breadcrumb\",\"itemListElement\":[{\"@type\":\"ListItem\",\"position\":1,\"name\":\"Startseite\",\"item\":\"https:\\\/\\\/www.apfelpatient.de\\\/\"},{\"@type\":\"ListItem\",\"position\":2,\"name\":\"So will Instagram gegen Online-Mobbing vorgehen\"}]},{\"@type\":\"WebSite\",\"@id\":\"https:\\\/\\\/www.apfelpatient.de\\\/#website\",\"url\":\"https:\\\/\\\/www.apfelpatient.de\\\/\",\"name\":\"Apfelpatient\",\"description\":\"Alles rund um Apple!\",\"publisher\":{\"@type\":\"Organization\",\"@id\":\"https:\\\/\\\/www.apfelpatient.de\\\/en\\\/#organization\",\"name\":\"Apfelpatient\",\"url\":\"https:\\\/\\\/www.apfelpatient.de\\\/en\\\/\"},\"alternateName\":\"Apfelpatient\",\"potentialAction\":[{\"@type\":\"SearchAction\",\"target\":{\"@type\":\"EntryPoint\",\"urlTemplate\":\"https:\\\/\\\/www.apfelpatient.de\\\/?s={search_term_string}\"},\"query-input\":{\"@type\":\"PropertyValueSpecification\",\"valueRequired\":true,\"valueName\":\"search_term_string\"}}],\"inLanguage\":\"en-US\"},{\"@type\":[\"Person\",\"Organization\"],\"@id\":\"https:\\\/\\\/www.apfelpatient.de\\\/#\\\/schema\\\/person\\\/35b3ddba5832f2bfc7fff5206d4f6b7b\",\"name\":\"Milan\",\"logo\":{\"@id\":\"https:\\\/\\\/www.apfelpatient.de\\\/#\\\/schema\\\/person\\\/image\\\/\"},\"description\":\"Hallo und herzlich willkommen auf meinem Technik-Blog! Als gro\u00dfer Apple-Fan berichte ich hier \u00fcber alles, was mit Apple zu tun hat: von den neuesten News und spannenden Ger\u00fcchten \u00fcber hilfreiche Tipps und Tricks bis hin zu ausf\u00fchrlichen Produkttests. Wenn du genauso technikbegeistert bist wie ich, bist du hier genau richtig!\",\"sameAs\":[\"https:\\\/\\\/www.facebook.com\\\/apfelpatientOfficial\",\"https:\\\/\\\/www.linkedin.com\\\/in\\\/milan-jovicic-42aa0231b\"],\"url\":\"https:\\\/\\\/www.apfelpatient.de\\\/en\\\/author\\\/apfeladmin\"}]}<\/script>\n<!-- \/ Yoast SEO Premium plugin. -->","yoast_head_json":{"title":"How Instagram wants to combat online bullying Apfelpatient","description":"- Instagram has announced in a new statement that the company wants to take more action against online bullying and negative comments in the future - and two solutions were also presented.","robots":{"index":"index","follow":"follow","max-snippet":"max-snippet:-1","max-image-preview":"max-image-preview:large","max-video-preview":"max-video-preview:-1"},"canonical":"https:\/\/www.apfelpatient.de\/en\/news\/this-is-how-instagram-wants-to-combat-online-bullying","og_locale":"en_US","og_type":"article","og_title":"So will Instagram gegen Online-Mobbing vorgehen","og_description":"- Instagram hat in einer neuen Mitteilung bekanntgegeben, dass das Unternehmen in Zukunft gegen Online-Mobbing und negative Kommentare verst\u00e4rkt vorgehen m\u00f6chte - dabei wurden auch zwei L\u00f6sungen vorgestellt.","og_url":"https:\/\/www.apfelpatient.de\/en\/news\/this-is-how-instagram-wants-to-combat-online-bullying","og_site_name":"Apfelpatient","article_publisher":"https:\/\/www.facebook.com\/apfelpatientOfficial","article_author":"https:\/\/www.facebook.com\/apfelpatientOfficial","article_published_time":"2019-07-08T23:02:24+00:00","article_modified_time":"2025-02-06T06:45:47+00:00","og_image":[{"width":5143,"height":3429,"url":"https:\/\/www.apfelpatient.de\/wp-content\/uploads\/2019\/07\/noiseporn-JNuKyKXLh8U-unsplash.jpg","type":"image\/jpeg"}],"author":"Milan","twitter_card":"summary_large_image","twitter_misc":{"Written by":"Milan","Est. reading time":"3 minutes"},"schema":{"@context":"https:\/\/schema.org","@graph":[{"@type":"NewsArticle","@id":"https:\/\/www.apfelpatient.de\/news\/so-will-instagram-gegen-online-mobbing-vorgehen#article","isPartOf":{"@id":"https:\/\/www.apfelpatient.de\/news\/so-will-instagram-gegen-online-mobbing-vorgehen"},"author":{"@type":"Organization","@id":"https:\/\/www.apfelpatient.de\/en\/#organization","name":"Apfelpatient","url":"https:\/\/www.apfelpatient.de\/en\/"},"headline":"So will Instagram gegen Online-Mobbing vorgehen","datePublished":"2019-07-08T23:02:24+00:00","dateModified":"2025-02-06T06:45:47+00:00","mainEntityOfPage":{"@id":"https:\/\/www.apfelpatient.de\/news\/so-will-instagram-gegen-online-mobbing-vorgehen"},"wordCount":577,"commentCount":0,"publisher":{"@type":"Organization","@id":"https:\/\/www.apfelpatient.de\/en\/#organization","name":"Apfelpatient","url":"https:\/\/www.apfelpatient.de\/en\/"},"image":{"@id":"https:\/\/www.apfelpatient.de\/news\/so-will-instagram-gegen-online-mobbing-vorgehen#primaryimage"},"thumbnailUrl":"https:\/\/www.apfelpatient.de\/wp-content\/uploads\/2019\/07\/noiseporn-JNuKyKXLh8U-unsplash.jpg","keywords":["Instagram","iPhone"],"articleSection":"News","inLanguage":"en-US","potentialAction":[{"@type":"CommentAction","name":"Comment","target":["https:\/\/www.apfelpatient.de\/news\/so-will-instagram-gegen-online-mobbing-vorgehen#respond"]}],"copyrightYear":"2019","copyrightHolder":{"@id":"https:\/\/www.apfelpatient.de\/en\/#organization"}},{"@type":"WebPage","@id":"https:\/\/www.apfelpatient.de\/news\/so-will-instagram-gegen-online-mobbing-vorgehen","url":"https:\/\/www.apfelpatient.de\/news\/so-will-instagram-gegen-online-mobbing-vorgehen","name":"How Instagram wants to combat online bullying Apfelpatient","isPartOf":{"@id":"https:\/\/www.apfelpatient.de\/#website"},"primaryImageOfPage":{"@id":"https:\/\/www.apfelpatient.de\/news\/so-will-instagram-gegen-online-mobbing-vorgehen#primaryimage"},"image":{"@id":"https:\/\/www.apfelpatient.de\/news\/so-will-instagram-gegen-online-mobbing-vorgehen#primaryimage"},"thumbnailUrl":"https:\/\/www.apfelpatient.de\/wp-content\/uploads\/2019\/07\/noiseporn-JNuKyKXLh8U-unsplash.jpg","datePublished":"2019-07-08T23:02:24+00:00","dateModified":"2025-02-06T06:45:47+00:00","description":"- Instagram has announced in a new statement that the company wants to take more action against online bullying and negative comments in the future - and two solutions were also presented.","breadcrumb":{"@id":"https:\/\/www.apfelpatient.de\/news\/so-will-instagram-gegen-online-mobbing-vorgehen#breadcrumb"},"inLanguage":"en-US","potentialAction":[{"@type":"ReadAction","target":["https:\/\/www.apfelpatient.de\/news\/so-will-instagram-gegen-online-mobbing-vorgehen"]}]},{"@type":"ImageObject","inLanguage":"en-US","@id":"https:\/\/www.apfelpatient.de\/news\/so-will-instagram-gegen-online-mobbing-vorgehen#primaryimage","url":"https:\/\/www.apfelpatient.de\/wp-content\/uploads\/2019\/07\/noiseporn-JNuKyKXLh8U-unsplash.jpg","contentUrl":"https:\/\/www.apfelpatient.de\/wp-content\/uploads\/2019\/07\/noiseporn-JNuKyKXLh8U-unsplash.jpg","width":5143,"height":3429,"caption":"Photo by Unsplash"},{"@type":"BreadcrumbList","@id":"https:\/\/www.apfelpatient.de\/news\/so-will-instagram-gegen-online-mobbing-vorgehen#breadcrumb","itemListElement":[{"@type":"ListItem","position":1,"name":"Startseite","item":"https:\/\/www.apfelpatient.de\/"},{"@type":"ListItem","position":2,"name":"So will Instagram gegen Online-Mobbing vorgehen"}]},{"@type":"WebSite","@id":"https:\/\/www.apfelpatient.de\/#website","url":"https:\/\/www.apfelpatient.de\/","name":"apple patient","description":"Everything about Apple!","publisher":{"@type":"Organization","@id":"https:\/\/www.apfelpatient.de\/en\/#organization","name":"Apfelpatient","url":"https:\/\/www.apfelpatient.de\/en\/"},"alternateName":"Apfelpatient","potentialAction":[{"@type":"SearchAction","target":{"@type":"EntryPoint","urlTemplate":"https:\/\/www.apfelpatient.de\/?s={search_term_string}"},"query-input":{"@type":"PropertyValueSpecification","valueRequired":true,"valueName":"search_term_string"}}],"inLanguage":"en-US"},{"@type":["Person","Organization"],"@id":"https:\/\/www.apfelpatient.de\/#\/schema\/person\/35b3ddba5832f2bfc7fff5206d4f6b7b","name":"Milan","logo":{"@id":"https:\/\/www.apfelpatient.de\/#\/schema\/person\/image\/"},"description":"Hello and welcome to my technology blog! As a big Apple fan, I report on everything to do with Apple: from the latest news and exciting rumors to helpful tips and tricks and detailed product tests. If you are as enthusiastic about technology as I am, you have come to the right place!","sameAs":["https:\/\/www.facebook.com\/apfelpatientOfficial","https:\/\/www.linkedin.com\/in\/milan-jovicic-42aa0231b"],"url":"https:\/\/www.apfelpatient.de\/en\/author\/apfeladmin"}]}},"_links":{"self":[{"href":"https:\/\/www.apfelpatient.de\/en\/wp-json\/wp\/v2\/posts\/5113","targetHints":{"allow":["GET"]}}],"collection":[{"href":"https:\/\/www.apfelpatient.de\/en\/wp-json\/wp\/v2\/posts"}],"about":[{"href":"https:\/\/www.apfelpatient.de\/en\/wp-json\/wp\/v2\/types\/post"}],"author":[{"embeddable":true,"href":"https:\/\/www.apfelpatient.de\/en\/wp-json\/wp\/v2\/users\/2"}],"replies":[{"embeddable":true,"href":"https:\/\/www.apfelpatient.de\/en\/wp-json\/wp\/v2\/comments?post=5113"}],"version-history":[{"count":0,"href":"https:\/\/www.apfelpatient.de\/en\/wp-json\/wp\/v2\/posts\/5113\/revisions"}],"wp:featuredmedia":[{"embeddable":true,"href":"https:\/\/www.apfelpatient.de\/en\/wp-json\/wp\/v2\/media\/5114"}],"wp:attachment":[{"href":"https:\/\/www.apfelpatient.de\/en\/wp-json\/wp\/v2\/media?parent=5113"}],"wp:term":[{"taxonomy":"category","embeddable":true,"href":"https:\/\/www.apfelpatient.de\/en\/wp-json\/wp\/v2\/categories?post=5113"},{"taxonomy":"post_tag","embeddable":true,"href":"https:\/\/www.apfelpatient.de\/en\/wp-json\/wp\/v2\/tags?post=5113"}],"curies":[{"name":"wp","href":"https:\/\/api.w.org\/{rel}","templated":true}]}}