{"id":5089,"date":"2019-07-07T21:29:03","date_gmt":"2019-07-07T19:29:03","guid":{"rendered":"https:\/\/www.apfelpatient.de\/?p=5089"},"modified":"2025-02-06T07:32:08","modified_gmt":"2025-02-06T06:32:08","slug":"when-will-apple-announce-and-launch-the-iphone-11-and-iphone-11-max","status":"publish","type":"post","link":"https:\/\/www.apfelpatient.de\/en\/allgemein\/wann-wird-apple-das-iphone-11-und-iphone-11-max-ankuendigen-und-launchen","title":{"rendered":"When will Apple announce and launch the iPhone 11 and iPhone 11 Max?"},"content":{"rendered":"<p><strong>Die Frage, wann Apple die neue iPhone Generation vorstellen und in die Regale legen wird stellen sich viele Fans. Die alteingesessenen Anh\u00e4nger unter euch k\u00f6nnen sich ein ungef\u00e4hres Datum errechnen &#8211; vorausgesetzt Apple bleibt beim alten Schema. Doch nicht jeder verfolgt Jahr f\u00fcr Jahr die gro\u00dfe iPhone-Zeremonie &#8211; darum m\u00f6chten wir nun das Ganze n\u00e4her beleuchten.<\/strong><\/p>\n<p>Nach der WWDC (World Wide Developer Conference) im Juni ist das n\u00e4chste gro\u00dfe Apple-Event die iPhone-Vorstellung. Diese findet seit Jahren im September statt. Bei einer solchen Keynote werden in der Regel neue iPhone sowie Apple Watch Modelle vorgestellt. Neben neuer Hardware wird nat\u00fcrlich auch die dazugeh\u00f6rige Software hervorgehoben. In diesem Jahr werden das iPhone 11, iPhone 11 Max, der Nachfolger des iPhone XR und die Apple Watch 5 erwartet. Doch an welchem Tag k\u00f6nnte die Apple Keynote stattfinden? In den letzten vier Jahren hat Apple die neue iPhone sowie Apple Watch Generation in der zweiten oder dritten Septemberwoche vorgestellt.<\/p>\n<ul>\n<li>iPhone XS und Co.: Mittwoch, 12. September 2018<\/li>\n<li>iPhone X und Co.: Dienstag, 12. September 2017<\/li>\n<li>iPhone 7 und Co.: Mittwoch, 7. September 2016<\/li>\n<li>iPhone 6S und Co.: Mittwoch, 9. September 2015<\/li>\n<\/ul>\n<p>Die Aufstellung verdeutlicht Apples Muster &#8211; die neue iPhone Generation wird in der Regel am zweiten Dienstag oder Mittwoch im September vorgestellt. Folglich sollte das anstehende Event am 10. September oder 11. September stattfinden. Da Apple jedoch den 11. September bekanntlich ausl\u00e4sst, wird die diesj\u00e4hrige Keynote mit hoher Wahrscheinlichkeit am Dienstag, den 10. September ausgetragen.<\/p>\n<p><strong>Wann wird Apple das iPhone 11 und Co. launchen?<\/strong><\/p>\n<p class=\"p1\"><\/p>\n<p>Nachdem wir nun die Pr\u00e4sentation der neuen Ger\u00e4te-Generation analysiert haben, bleibt die Frage offen, wann Apple die neuen Produkte in die Regale stellen wird. Auch hierf\u00fcr gibt es ein Muster &#8211; bis auf zwei Ausnahmen. Allgemein k\u00f6nnen die neuen Produkte noch in der gleichen Woche freitags nach der Veranstaltung vorbestellt werden. Sollte also die Keynote tats\u00e4chlich am 10. September stattfinden, so k\u00f6nnen Fans das iPhone 11 und Co. ab Freitag, den 13. September vorbestellen. Der Launch der neuen Produkte findet eine Woche sp\u00e4ter statt. Nachfolgend eine Auflistung der letzten drei Jahre.<\/p>\n<ul>\n<li>iPhone XS &amp; iPhone XS Max: 21. September 2018<\/li>\n<li>iPhone XR: 26. Oktober 2018<\/li>\n<li>iPhone 8 &amp; iPhone 8 Plus:\u00a0\u00a022. September 2017<\/li>\n<li>iPhone X: 03. November 2017<\/li>\n<li>iPhone 7 &amp; iPhone 7 Plus: 16. September 2016<\/li>\n<\/ul>\n<p>Abgesehen von den Verz\u00f6gerungen beim iPhone X und iPhone XR ist auch hier ein Muster zu erkennen. Somit sollte am 20. September der Marktstart sein &#8211; an diesem Tag werden auch die ersten Vorbestellungen ausgeliefert. Nat\u00fcrlich k\u00f6nnte es in diesem Jahr eine Ausnahme geben &#8211; sollte dies jedoch nicht der Fall sein, werden wir mit gro\u00dfer Wahrscheinlichkeit den oben aufgezeigten Ablauf sehen. Welche Funktionen das neue iPhone 11 und iPhone 11 Max bietet k\u00f6nnt ihr in unserer <a href=\"https:\/\/www.apfelpatient.de\/\">Analyse<\/a> nachlesen. <a href=\"https:\/\/www.amazon.de\/gp\/product\/B07HBCTN8B\/ref=as_li_tl?ie=UTF8&amp;camp=1638&amp;creative=6742&amp;creativeASIN=B07HBCTN8B&amp;linkCode=as2&amp;tag=apfelpatient-21&amp;linkId=84c56db62b89667e32ecd1d15864deb3\" target=\"_blank\" rel=\"noopener noreferrer\">(iPhone XS im Angebot auf Amazon)<\/a><img decoding=\"async\" style=\"border: none !important; margin: 0px !important;\" src=\"\/\/ir-de.amazon-adsystem.com\/e\/ir?t=apfelpatient-21&amp;l=am2&amp;o=3&amp;a=B07HBCTN8B\" alt=\"\" width=\"1\" height=\"1\" border=\"0\" \/><em>(Bild: Apple)<\/em><\/p>\n<p>[poll id=&#8220;5&#8243;]<\/p>\n","protected":false},"excerpt":{"rendered":"<p>Die Frage, wann Apple die neue iPhone Generation vorstellen und in die Regale legen wird stellen sich viele Fans. Die alteingesessenen Anh\u00e4nger unter euch k\u00f6nnen sich ein ungef\u00e4hres Datum errechnen &#8211; vorausgesetzt Apple bleibt beim alten Schema. Doch nicht jeder verfolgt Jahr f\u00fcr Jahr die gro\u00dfe iPhone-Zeremonie &#8211; darum m\u00f6chten wir nun das Ganze n\u00e4her [&hellip;]<\/p>\n","protected":false},"author":2,"featured_media":5090,"comment_status":"open","ping_status":"open","sticky":false,"template":"","format":"standard","meta":{"jnews-multi-image_gallery":[],"jnews_single_post":[],"jnews_primary_category":[],"footnotes":""},"categories":[2],"tags":[112,308,8,204,183],"class_list":["post-5089","post","type-post","status-publish","format-standard","has-post-thumbnail","hentry","category-allgemein","tag-apple-keynote","tag-apple-watch-5","tag-iphone","tag-iphone-11","tag-iphone-2019"],"yoast_head":"<!-- This site is optimized with the Yoast SEO Premium plugin v27.5 (Yoast SEO v27.5) - https:\/\/yoast.com\/product\/yoast-seo-premium-wordpress\/ -->\n<title>Wann wird Apple das iPhone 11 und iPhone 11 Max ank\u00fcndigen und launchen? Apfelpatient<\/title>\n<meta name=\"description\" content=\"- Die Frage, wann Apple die neue iPhone Generation vorstellen und in die Regale legen wird stellen sich viele Fans. Die alteingesessenen Anh\u00e4nger unter euch k\u00f6nnen sich ein ungef\u00e4hres Datum errechnen - vorausgesetzt Apple bleibt beim alten Schema. Doch nicht jeder verfolgt Jahr f\u00fcr Jahr die gro\u00dfe iPhone-Zeremonie - darum m\u00f6chten wir nun das Ganze n\u00e4her beleuchten.\" \/>\n<meta name=\"robots\" content=\"index, follow, max-snippet:-1, max-image-preview:large, max-video-preview:-1\" \/>\n<link rel=\"canonical\" href=\"https:\/\/www.apfelpatient.de\/en\/generally\/when-will-apple-announce-and-launch-the-iphone-11-and-iphone-11-max\" \/>\n<meta property=\"og:locale\" content=\"en_US\" \/>\n<meta property=\"og:type\" content=\"article\" \/>\n<meta property=\"og:title\" content=\"Wann wird Apple das iPhone 11 und iPhone 11 Max ank\u00fcndigen und launchen?\" \/>\n<meta property=\"og:description\" content=\"- Die Frage, wann Apple die neue iPhone Generation vorstellen und in die Regale legen wird stellen sich viele Fans. Die alteingesessenen Anh\u00e4nger unter euch k\u00f6nnen sich ein ungef\u00e4hres Datum errechnen - vorausgesetzt Apple bleibt beim alten Schema. Doch nicht jeder verfolgt Jahr f\u00fcr Jahr die gro\u00dfe iPhone-Zeremonie - darum m\u00f6chten wir nun das Ganze n\u00e4her beleuchten.\" \/>\n<meta property=\"og:url\" content=\"https:\/\/www.apfelpatient.de\/en\/generally\/when-will-apple-announce-and-launch-the-iphone-11-and-iphone-11-max\" \/>\n<meta property=\"og:site_name\" content=\"Apfelpatient\" \/>\n<meta property=\"article:publisher\" content=\"https:\/\/www.facebook.com\/apfelpatientOfficial\" \/>\n<meta property=\"article:author\" content=\"https:\/\/www.facebook.com\/apfelpatientOfficial\" \/>\n<meta property=\"article:published_time\" content=\"2019-07-07T19:29:03+00:00\" \/>\n<meta property=\"article:modified_time\" content=\"2025-02-06T06:32:08+00:00\" \/>\n<meta property=\"og:image\" content=\"https:\/\/www.apfelpatient.de\/wp-content\/uploads\/2019\/07\/Apples-keynote-event_Tim_Cook-03252019_big.jpg.large_.jpg\" \/>\n\t<meta property=\"og:image:width\" content=\"816\" \/>\n\t<meta property=\"og:image:height\" content=\"594\" \/>\n\t<meta property=\"og:image:type\" content=\"image\/jpeg\" \/>\n<meta name=\"author\" content=\"Milan\" \/>\n<meta name=\"twitter:card\" content=\"summary_large_image\" \/>\n<meta name=\"twitter:label1\" content=\"Written by\" \/>\n\t<meta name=\"twitter:data1\" content=\"Milan\" \/>\n\t<meta name=\"twitter:label2\" content=\"Est. reading time\" \/>\n\t<meta name=\"twitter:data2\" content=\"2 minutes\" \/>\n<script type=\"application\/ld+json\" class=\"yoast-schema-graph\">{\"@context\":\"https:\\\/\\\/schema.org\",\"@graph\":[{\"@type\":\"NewsArticle\",\"@id\":\"https:\\\/\\\/www.apfelpatient.de\\\/allgemein\\\/wann-wird-apple-das-iphone-11-und-iphone-11-max-ankuendigen-und-launchen#article\",\"isPartOf\":{\"@id\":\"https:\\\/\\\/www.apfelpatient.de\\\/allgemein\\\/wann-wird-apple-das-iphone-11-und-iphone-11-max-ankuendigen-und-launchen\"},\"author\":{\"@type\":\"Organization\",\"@id\":\"https:\\\/\\\/www.apfelpatient.de\\\/en\\\/#organization\",\"name\":\"Apfelpatient\",\"url\":\"https:\\\/\\\/www.apfelpatient.de\\\/en\\\/\"},\"headline\":\"Wann wird Apple das iPhone 11 und iPhone 11 Max ank\u00fcndigen und launchen?\",\"datePublished\":\"2019-07-07T19:29:03+00:00\",\"dateModified\":\"2025-02-06T06:32:08+00:00\",\"mainEntityOfPage\":{\"@id\":\"https:\\\/\\\/www.apfelpatient.de\\\/allgemein\\\/wann-wird-apple-das-iphone-11-und-iphone-11-max-ankuendigen-und-launchen\"},\"wordCount\":471,\"commentCount\":0,\"publisher\":{\"@type\":\"Organization\",\"@id\":\"https:\\\/\\\/www.apfelpatient.de\\\/en\\\/#organization\",\"name\":\"Apfelpatient\",\"url\":\"https:\\\/\\\/www.apfelpatient.de\\\/en\\\/\"},\"image\":{\"@id\":\"https:\\\/\\\/www.apfelpatient.de\\\/allgemein\\\/wann-wird-apple-das-iphone-11-und-iphone-11-max-ankuendigen-und-launchen#primaryimage\"},\"thumbnailUrl\":\"https:\\\/\\\/www.apfelpatient.de\\\/wp-content\\\/uploads\\\/2019\\\/07\\\/Apples-keynote-event_Tim_Cook-03252019_big.jpg.large_.jpg\",\"keywords\":[\"Apple Keynote\",\"Apple Watch 5\",\"iPhone\",\"iPhone 11\",\"iPhone 2019\"],\"articleSection\":\"Allgemein\",\"inLanguage\":\"en-US\",\"potentialAction\":[{\"@type\":\"CommentAction\",\"name\":\"Comment\",\"target\":[\"https:\\\/\\\/www.apfelpatient.de\\\/allgemein\\\/wann-wird-apple-das-iphone-11-und-iphone-11-max-ankuendigen-und-launchen#respond\"]}],\"copyrightYear\":\"2019\",\"copyrightHolder\":{\"@id\":\"https:\\\/\\\/www.apfelpatient.de\\\/en\\\/#organization\"}},{\"@type\":\"WebPage\",\"@id\":\"https:\\\/\\\/www.apfelpatient.de\\\/allgemein\\\/wann-wird-apple-das-iphone-11-und-iphone-11-max-ankuendigen-und-launchen\",\"url\":\"https:\\\/\\\/www.apfelpatient.de\\\/allgemein\\\/wann-wird-apple-das-iphone-11-und-iphone-11-max-ankuendigen-und-launchen\",\"name\":\"Wann wird Apple das iPhone 11 und iPhone 11 Max ank\u00fcndigen und launchen? Apfelpatient\",\"isPartOf\":{\"@id\":\"https:\\\/\\\/www.apfelpatient.de\\\/#website\"},\"primaryImageOfPage\":{\"@id\":\"https:\\\/\\\/www.apfelpatient.de\\\/allgemein\\\/wann-wird-apple-das-iphone-11-und-iphone-11-max-ankuendigen-und-launchen#primaryimage\"},\"image\":{\"@id\":\"https:\\\/\\\/www.apfelpatient.de\\\/allgemein\\\/wann-wird-apple-das-iphone-11-und-iphone-11-max-ankuendigen-und-launchen#primaryimage\"},\"thumbnailUrl\":\"https:\\\/\\\/www.apfelpatient.de\\\/wp-content\\\/uploads\\\/2019\\\/07\\\/Apples-keynote-event_Tim_Cook-03252019_big.jpg.large_.jpg\",\"datePublished\":\"2019-07-07T19:29:03+00:00\",\"dateModified\":\"2025-02-06T06:32:08+00:00\",\"description\":\"- Die Frage, wann Apple die neue iPhone Generation vorstellen und in die Regale legen wird stellen sich viele Fans. Die alteingesessenen Anh\u00e4nger unter euch k\u00f6nnen sich ein ungef\u00e4hres Datum errechnen - vorausgesetzt Apple bleibt beim alten Schema. Doch nicht jeder verfolgt Jahr f\u00fcr Jahr die gro\u00dfe iPhone-Zeremonie - darum m\u00f6chten wir nun das Ganze n\u00e4her beleuchten.\",\"breadcrumb\":{\"@id\":\"https:\\\/\\\/www.apfelpatient.de\\\/allgemein\\\/wann-wird-apple-das-iphone-11-und-iphone-11-max-ankuendigen-und-launchen#breadcrumb\"},\"inLanguage\":\"en-US\",\"potentialAction\":[{\"@type\":\"ReadAction\",\"target\":[\"https:\\\/\\\/www.apfelpatient.de\\\/allgemein\\\/wann-wird-apple-das-iphone-11-und-iphone-11-max-ankuendigen-und-launchen\"]}]},{\"@type\":\"ImageObject\",\"inLanguage\":\"en-US\",\"@id\":\"https:\\\/\\\/www.apfelpatient.de\\\/allgemein\\\/wann-wird-apple-das-iphone-11-und-iphone-11-max-ankuendigen-und-launchen#primaryimage\",\"url\":\"https:\\\/\\\/www.apfelpatient.de\\\/wp-content\\\/uploads\\\/2019\\\/07\\\/Apples-keynote-event_Tim_Cook-03252019_big.jpg.large_.jpg\",\"contentUrl\":\"https:\\\/\\\/www.apfelpatient.de\\\/wp-content\\\/uploads\\\/2019\\\/07\\\/Apples-keynote-event_Tim_Cook-03252019_big.jpg.large_.jpg\",\"width\":816,\"height\":594,\"caption\":\"Bild: Apple\"},{\"@type\":\"BreadcrumbList\",\"@id\":\"https:\\\/\\\/www.apfelpatient.de\\\/allgemein\\\/wann-wird-apple-das-iphone-11-und-iphone-11-max-ankuendigen-und-launchen#breadcrumb\",\"itemListElement\":[{\"@type\":\"ListItem\",\"position\":1,\"name\":\"Startseite\",\"item\":\"https:\\\/\\\/www.apfelpatient.de\\\/\"},{\"@type\":\"ListItem\",\"position\":2,\"name\":\"Wann wird Apple das iPhone 11 und iPhone 11 Max ank\u00fcndigen und launchen?\"}]},{\"@type\":\"WebSite\",\"@id\":\"https:\\\/\\\/www.apfelpatient.de\\\/#website\",\"url\":\"https:\\\/\\\/www.apfelpatient.de\\\/\",\"name\":\"Apfelpatient\",\"description\":\"Alles rund um Apple!\",\"publisher\":{\"@type\":\"Organization\",\"@id\":\"https:\\\/\\\/www.apfelpatient.de\\\/en\\\/#organization\",\"name\":\"Apfelpatient\",\"url\":\"https:\\\/\\\/www.apfelpatient.de\\\/en\\\/\"},\"alternateName\":\"Apfelpatient\",\"potentialAction\":[{\"@type\":\"SearchAction\",\"target\":{\"@type\":\"EntryPoint\",\"urlTemplate\":\"https:\\\/\\\/www.apfelpatient.de\\\/?s={search_term_string}\"},\"query-input\":{\"@type\":\"PropertyValueSpecification\",\"valueRequired\":true,\"valueName\":\"search_term_string\"}}],\"inLanguage\":\"en-US\"},{\"@type\":[\"Person\",\"Organization\"],\"@id\":\"https:\\\/\\\/www.apfelpatient.de\\\/#\\\/schema\\\/person\\\/7dc56ad6c8e9824b76d2c08d4c140e13\",\"name\":\"Milan\",\"logo\":{\"@id\":\"https:\\\/\\\/www.apfelpatient.de\\\/#\\\/schema\\\/person\\\/image\\\/\"},\"description\":\"Hallo und herzlich willkommen auf meinem Technik-Blog! Als gro\u00dfer Apple-Fan berichte ich hier \u00fcber alles, was mit Apple zu tun hat: von den neuesten News und spannenden Ger\u00fcchten \u00fcber hilfreiche Tipps und Tricks bis hin zu ausf\u00fchrlichen Produkttests. Wenn du genauso technikbegeistert bist wie ich, bist du hier genau richtig!\",\"sameAs\":[\"https:\\\/\\\/www.facebook.com\\\/apfelpatientOfficial\",\"https:\\\/\\\/www.linkedin.com\\\/in\\\/milan-jovicic-42aa0231b\"],\"url\":\"https:\\\/\\\/www.apfelpatient.de\\\/en\\\/author\\\/apfeladmin\"}]}<\/script>\n<!-- \/ Yoast SEO Premium plugin. -->","yoast_head_json":{"title":"When will Apple announce and launch the iPhone 11 and iPhone 11 Max?","description":"- Many fans are asking themselves when Apple will introduce the new iPhone generation and put it on the shelves. The long-standing fans among you can calculate an approximate date - assuming Apple sticks to the old schedule. But not everyone follows the big iPhone ceremony year after year - that&#039;s why we would like to take a closer look at the whole thing.","robots":{"index":"index","follow":"follow","max-snippet":"max-snippet:-1","max-image-preview":"max-image-preview:large","max-video-preview":"max-video-preview:-1"},"canonical":"https:\/\/www.apfelpatient.de\/en\/generally\/when-will-apple-announce-and-launch-the-iphone-11-and-iphone-11-max","og_locale":"en_US","og_type":"article","og_title":"Wann wird Apple das iPhone 11 und iPhone 11 Max ank\u00fcndigen und launchen?","og_description":"- Die Frage, wann Apple die neue iPhone Generation vorstellen und in die Regale legen wird stellen sich viele Fans. Die alteingesessenen Anh\u00e4nger unter euch k\u00f6nnen sich ein ungef\u00e4hres Datum errechnen - vorausgesetzt Apple bleibt beim alten Schema. Doch nicht jeder verfolgt Jahr f\u00fcr Jahr die gro\u00dfe iPhone-Zeremonie - darum m\u00f6chten wir nun das Ganze n\u00e4her beleuchten.","og_url":"https:\/\/www.apfelpatient.de\/en\/generally\/when-will-apple-announce-and-launch-the-iphone-11-and-iphone-11-max","og_site_name":"Apfelpatient","article_publisher":"https:\/\/www.facebook.com\/apfelpatientOfficial","article_author":"https:\/\/www.facebook.com\/apfelpatientOfficial","article_published_time":"2019-07-07T19:29:03+00:00","article_modified_time":"2025-02-06T06:32:08+00:00","og_image":[{"width":816,"height":594,"url":"https:\/\/www.apfelpatient.de\/wp-content\/uploads\/2019\/07\/Apples-keynote-event_Tim_Cook-03252019_big.jpg.large_.jpg","type":"image\/jpeg"}],"author":"Milan","twitter_card":"summary_large_image","twitter_misc":{"Written by":"Milan","Est. reading time":"2 minutes"},"schema":{"@context":"https:\/\/schema.org","@graph":[{"@type":"NewsArticle","@id":"https:\/\/www.apfelpatient.de\/allgemein\/wann-wird-apple-das-iphone-11-und-iphone-11-max-ankuendigen-und-launchen#article","isPartOf":{"@id":"https:\/\/www.apfelpatient.de\/allgemein\/wann-wird-apple-das-iphone-11-und-iphone-11-max-ankuendigen-und-launchen"},"author":{"@type":"Organization","@id":"https:\/\/www.apfelpatient.de\/en\/#organization","name":"Apfelpatient","url":"https:\/\/www.apfelpatient.de\/en\/"},"headline":"Wann wird Apple das iPhone 11 und iPhone 11 Max ank\u00fcndigen und launchen?","datePublished":"2019-07-07T19:29:03+00:00","dateModified":"2025-02-06T06:32:08+00:00","mainEntityOfPage":{"@id":"https:\/\/www.apfelpatient.de\/allgemein\/wann-wird-apple-das-iphone-11-und-iphone-11-max-ankuendigen-und-launchen"},"wordCount":471,"commentCount":0,"publisher":{"@type":"Organization","@id":"https:\/\/www.apfelpatient.de\/en\/#organization","name":"Apfelpatient","url":"https:\/\/www.apfelpatient.de\/en\/"},"image":{"@id":"https:\/\/www.apfelpatient.de\/allgemein\/wann-wird-apple-das-iphone-11-und-iphone-11-max-ankuendigen-und-launchen#primaryimage"},"thumbnailUrl":"https:\/\/www.apfelpatient.de\/wp-content\/uploads\/2019\/07\/Apples-keynote-event_Tim_Cook-03252019_big.jpg.large_.jpg","keywords":["Apple Keynote","Apple Watch 5","iPhone","iPhone 11","iPhone 2019"],"articleSection":"Allgemein","inLanguage":"en-US","potentialAction":[{"@type":"CommentAction","name":"Comment","target":["https:\/\/www.apfelpatient.de\/allgemein\/wann-wird-apple-das-iphone-11-und-iphone-11-max-ankuendigen-und-launchen#respond"]}],"copyrightYear":"2019","copyrightHolder":{"@id":"https:\/\/www.apfelpatient.de\/en\/#organization"}},{"@type":"WebPage","@id":"https:\/\/www.apfelpatient.de\/allgemein\/wann-wird-apple-das-iphone-11-und-iphone-11-max-ankuendigen-und-launchen","url":"https:\/\/www.apfelpatient.de\/allgemein\/wann-wird-apple-das-iphone-11-und-iphone-11-max-ankuendigen-und-launchen","name":"When will Apple announce and launch the iPhone 11 and iPhone 11 Max?","isPartOf":{"@id":"https:\/\/www.apfelpatient.de\/#website"},"primaryImageOfPage":{"@id":"https:\/\/www.apfelpatient.de\/allgemein\/wann-wird-apple-das-iphone-11-und-iphone-11-max-ankuendigen-und-launchen#primaryimage"},"image":{"@id":"https:\/\/www.apfelpatient.de\/allgemein\/wann-wird-apple-das-iphone-11-und-iphone-11-max-ankuendigen-und-launchen#primaryimage"},"thumbnailUrl":"https:\/\/www.apfelpatient.de\/wp-content\/uploads\/2019\/07\/Apples-keynote-event_Tim_Cook-03252019_big.jpg.large_.jpg","datePublished":"2019-07-07T19:29:03+00:00","dateModified":"2025-02-06T06:32:08+00:00","description":"- Many fans are asking themselves when Apple will introduce the new iPhone generation and put it on the shelves. The long-standing fans among you can calculate an approximate date - assuming Apple sticks to the old schedule. But not everyone follows the big iPhone ceremony year after year - that&#039;s why we would like to take a closer look at the whole thing.","breadcrumb":{"@id":"https:\/\/www.apfelpatient.de\/allgemein\/wann-wird-apple-das-iphone-11-und-iphone-11-max-ankuendigen-und-launchen#breadcrumb"},"inLanguage":"en-US","potentialAction":[{"@type":"ReadAction","target":["https:\/\/www.apfelpatient.de\/allgemein\/wann-wird-apple-das-iphone-11-und-iphone-11-max-ankuendigen-und-launchen"]}]},{"@type":"ImageObject","inLanguage":"en-US","@id":"https:\/\/www.apfelpatient.de\/allgemein\/wann-wird-apple-das-iphone-11-und-iphone-11-max-ankuendigen-und-launchen#primaryimage","url":"https:\/\/www.apfelpatient.de\/wp-content\/uploads\/2019\/07\/Apples-keynote-event_Tim_Cook-03252019_big.jpg.large_.jpg","contentUrl":"https:\/\/www.apfelpatient.de\/wp-content\/uploads\/2019\/07\/Apples-keynote-event_Tim_Cook-03252019_big.jpg.large_.jpg","width":816,"height":594,"caption":"Bild: Apple"},{"@type":"BreadcrumbList","@id":"https:\/\/www.apfelpatient.de\/allgemein\/wann-wird-apple-das-iphone-11-und-iphone-11-max-ankuendigen-und-launchen#breadcrumb","itemListElement":[{"@type":"ListItem","position":1,"name":"Startseite","item":"https:\/\/www.apfelpatient.de\/"},{"@type":"ListItem","position":2,"name":"Wann wird Apple das iPhone 11 und iPhone 11 Max ank\u00fcndigen und launchen?"}]},{"@type":"WebSite","@id":"https:\/\/www.apfelpatient.de\/#website","url":"https:\/\/www.apfelpatient.de\/","name":"apple patient","description":"Everything about Apple!","publisher":{"@type":"Organization","@id":"https:\/\/www.apfelpatient.de\/en\/#organization","name":"Apfelpatient","url":"https:\/\/www.apfelpatient.de\/en\/"},"alternateName":"Apfelpatient","potentialAction":[{"@type":"SearchAction","target":{"@type":"EntryPoint","urlTemplate":"https:\/\/www.apfelpatient.de\/?s={search_term_string}"},"query-input":{"@type":"PropertyValueSpecification","valueRequired":true,"valueName":"search_term_string"}}],"inLanguage":"en-US"},{"@type":["Person","Organization"],"@id":"https:\/\/www.apfelpatient.de\/#\/schema\/person\/7dc56ad6c8e9824b76d2c08d4c140e13","name":"Milan","logo":{"@id":"https:\/\/www.apfelpatient.de\/#\/schema\/person\/image\/"},"description":"Hello and welcome to my technology blog! As a big Apple fan, I report on everything to do with Apple: from the latest news and exciting rumors to helpful tips and tricks and detailed product tests. If you are as enthusiastic about technology as I am, you have come to the right place!","sameAs":["https:\/\/www.facebook.com\/apfelpatientOfficial","https:\/\/www.linkedin.com\/in\/milan-jovicic-42aa0231b"],"url":"https:\/\/www.apfelpatient.de\/en\/author\/apfeladmin"}]}},"_links":{"self":[{"href":"https:\/\/www.apfelpatient.de\/en\/wp-json\/wp\/v2\/posts\/5089","targetHints":{"allow":["GET"]}}],"collection":[{"href":"https:\/\/www.apfelpatient.de\/en\/wp-json\/wp\/v2\/posts"}],"about":[{"href":"https:\/\/www.apfelpatient.de\/en\/wp-json\/wp\/v2\/types\/post"}],"author":[{"embeddable":true,"href":"https:\/\/www.apfelpatient.de\/en\/wp-json\/wp\/v2\/users\/2"}],"replies":[{"embeddable":true,"href":"https:\/\/www.apfelpatient.de\/en\/wp-json\/wp\/v2\/comments?post=5089"}],"version-history":[{"count":0,"href":"https:\/\/www.apfelpatient.de\/en\/wp-json\/wp\/v2\/posts\/5089\/revisions"}],"wp:featuredmedia":[{"embeddable":true,"href":"https:\/\/www.apfelpatient.de\/en\/wp-json\/wp\/v2\/media\/5090"}],"wp:attachment":[{"href":"https:\/\/www.apfelpatient.de\/en\/wp-json\/wp\/v2\/media?parent=5089"}],"wp:term":[{"taxonomy":"category","embeddable":true,"href":"https:\/\/www.apfelpatient.de\/en\/wp-json\/wp\/v2\/categories?post=5089"},{"taxonomy":"post_tag","embeddable":true,"href":"https:\/\/www.apfelpatient.de\/en\/wp-json\/wp\/v2\/tags?post=5089"}],"curies":[{"name":"wp","href":"https:\/\/api.w.org\/{rel}","templated":true}]}}