{"id":49617,"date":"2025-02-04T01:09:46","date_gmt":"2025-02-04T00:09:46","guid":{"rendered":"https:\/\/www.apfelpatient.de\/?p=49617"},"modified":"2025-02-04T01:09:49","modified_gmt":"2025-02-04T00:09:49","slug":"apple-vision-pro-one-year-later-what-happens-next","status":"publish","type":"post","link":"https:\/\/www.apfelpatient.de\/en\/allgemein\/apple-vision-pro-ein-jahr-spaeter-wie-geht-es-weiter","title":{"rendered":"Apple Vision Pro: One year later \u2013 what\u2019s next?"},"content":{"rendered":"<p class=\"has-drop-cap\"><strong>Sunday marked the first anniversary of the launch of the Apple Vision Pro. The $3,500 AR\/VR headset has been available to consumers for 365 days. But while Apple presented the device as a revolutionary step into the future, reports show that sales figures are falling short of expectations. Apple CEO Tim Cook described the Vision Pro as an &quot;early adopter product,&quot; i.e. a technology for people who want to experience today what could be standard in the future. But there is currently speculation that Apple has stopped production at the end of 2024 because current supply more than covers demand. At the same time, rumors suggest that a new version is already being worked on. What developments are now imminent? Will there be a Vision Pro 2, a small hardware update, or a cheaper variant?<\/strong><\/p>\n\n\n\n<p>Before the release, Apple didn&#039;t know exactly how the Vision Pro would be received by customers. The technology is innovative but also expensive - and that makes it difficult to open up a large market. In October 2024, &quot;The Information&quot; reported that Apple could stop production of the current Vision Pro by the end of 2024. The reason: demand is manageable and there are enough devices to fulfill the remaining orders. At the same time, it was rumored that Apple was already working on a new model - but what strategy the company is pursuing is still unclear.<\/p>\n\n\n\n<h4 class=\"wp-block-heading\" id=\"h-vision-pro-2-die-zweite-generation-verzogert-sich\">Vision Pro 2: The second generation is delayed<\/h4>\n\n\n\n<p>Initially, there were indications that Apple was working on a direct successor - an Apple Vision Pro 2 with expanded features and improved technology. But now it seems as if Apple has put these plans on hold in order to work on a cheaper version first.<\/p>\n\n\n\n<h4 class=\"wp-block-heading\" id=\"h-ein-kleines-update-als-zwischenlosung\">A small update as an interim solution?<\/h4>\n\n\n\n<p>Although a Vision Pro 2 is unlikely anytime soon, Apple could launch a small hardware update later this year. According to Apple analyst Ming-Chi Kuo and Mark Gurman of Bloomberg, Apple is working on a revised version of the current Vision Pro with the following adjustments:<\/p>\n\n\n\n<ul class=\"wp-block-list\">\n<li>Use of the new M5 chip, which replaces the previous M2 processor.<\/li>\n\n\n\n<li>Support for Apple Intelligence features, which could include an evolved version of Siri.<\/li>\n\n\n\n<li>No new design or major functional changes \u2013 many components are carried over from the first version.<\/li>\n<\/ul>\n\n\n\n<p>Apple may be using this update to utilize leftover inventory to remain economically efficient. It is unclear whether the M5 chip alone will significantly improve the user experience.<\/p>\n\n\n\n<h4 class=\"wp-block-heading\" id=\"h-wird-die-nachste-vision-pro-uber-5g-verfugen\">Will the next Vision Pro have 5G?<\/h4>\n\n\n\n<p>Another rumor concerns the possible introduction of an Apple modem for 5G connectivity in the Vision Pro. This would allow the headset to connect directly to the cellular network without relying on an iPhone or Wi-Fi. However, there are indications that Apple is reserving this technology for a later model rather than a minor update.<\/p>\n\n\n\n<h4 class=\"wp-block-heading\" id=\"h-kommt-ein-gunstigeres-vision-headset\">Is a cheaper Vision headset coming?<\/h4>\n\n\n\n<p>In addition to a revised version of the current Vision Pro, there are reports that Apple is working on a cheaper version of the headset in the long term. This variant should be more comparable in price to a high-end iPhone. But according to Ming-Chi Kuo, such a model will not appear until 2027 at the earliest - and possibly later. Apple still has to find ways to reduce production costs without drastically deteriorating quality. The following savings are conceivable:<\/p>\n\n\n\n<ul class=\"wp-block-list\">\n<li>No EyeSight display, which makes the user&#039;s eyes visible to the outside world.<\/li>\n\n\n\n<li>Use of cheaper materials, such as plastic instead of aluminum and glass.<\/li>\n\n\n\n<li>Lower display resolution, with a move to OLED panels of up to 2.1 inches and 1,700 ppi, instead of the current 1.42 inches at 3,400 ppi.<\/li>\n<\/ul>\n\n\n\n<h4 class=\"wp-block-heading\" id=\"h-was-ist-mit-apples-planen-fur-eine-ar-brille\">What about Apple&#039;s plans for AR glasses?<\/h4>\n\n\n\n<p>Apple had been working for years on lightweight augmented reality glasses that would connect directly to a Mac. But this project was reportedly discontinued in January 2025. The reason: the technology is not yet mature enough to build full-fledged AR glasses that work without an external power source. Nevertheless, Apple is sticking to the long-term vision of compact AR glasses without cables - although it will probably be years before this becomes a reality.<\/p>\n\n\n\n<h3 class=\"wp-block-heading\" id=\"h-wie-sieht-die-zukunft-der-apple-vision-pro-aus\">What does the future of the Apple Vision Pro look like?<\/h3>\n\n\n\n<p>After a year on the market, it is clear: the Apple Vision Pro is a niche product with high costs and limited distribution. While Apple continues to work on the technology, some things are already foreseeable:<\/p>\n\n\n\n<ul class=\"wp-block-list\">\n<li>A small update with the M5 chip could be released at the end of 2025 but will not bring any major innovations.<\/li>\n\n\n\n<li>A cheaper Vision headset is planned but will probably not be ready for market until 2027 or later.<\/li>\n\n\n\n<li>Apple is still pursuing the idea of AR glasses, but the necessary technology is not yet mature.<\/li>\n<\/ul>\n\n\n\n<p class=\"translation-block\">Whether the Vision Pro will become more widely available in the coming years or remain a purely niche product remains to be seen. What is clear, however, is that Apple is continuing to develop the concept \u2013 albeit more slowly than many expected. Looking for helpful tips for your Apple Vision Pro? <a href=\"https:\/\/www.apfelpatient.de\/en\/day\/apple-vision-pro-tips-and-tricks\" data-wpel-link=\"internal\" target=\"_self\">Here you&#039;ll find everything you need to know<\/a> about your new Apple device \u2013 enjoy exploring! Are you looking for new accessories? <a href=\"https:\/\/www.amazon.de\/shop\/apfelpatientofficial\" target=\"_blank\" rel=\"noreferrer noopener follow\" data-wpel-link=\"exclude\">Visit our Amazon Storefront<\/a> \u2013 there you&#039;ll find a variety of products from leading manufacturers, including HomeKit and more! (Image: Apple)<\/p>\n\n\n\n<ul class=\"wp-block-list\">\n<li><a href=\"https:\/\/www.apfelpatient.de\/en\/rumors\/visionos-3-update-apple-plans-psvr2-controller-support\">visionOS 3 Update: Apple plans PSVR2 controller support<\/a><\/li>\n\n\n\n<li><a href=\"https:\/\/www.apfelpatient.de\/en\/news\/apple-vision-pro-why-doctors-prefer-it-in-the-operating-room\">Apple Vision Pro: Why doctors prefer it in the operating room<\/a><\/li>\n\n\n\n<li><a href=\"https:\/\/www.apfelpatient.de\/en\/generally\/apple-vision-pro-why-this-headset-changes-the-market\">Apple Vision Pro: Why this headset is changing the market<\/a><\/li>\n\n\n\n<li><a href=\"https:\/\/www.apfelpatient.de\/en\/news\/apple-vision-pro-the-biggest-innovation-of-2024\">Apple Vision Pro: The biggest innovation of 2024<\/a><\/li>\n\n\n\n<li><a href=\"https:\/\/www.apfelpatient.de\/en\/generally\/apple-vision-pro-m5-a-unique-dilemma-for-apple\">Apple Vision Pro M5: A unique dilemma for Apple<\/a><\/li>\n\n\n\n<li><a href=\"https:\/\/www.apfelpatient.de\/en\/generally\/apple-vision-pro-2-the-right-step-thanks-to-ai-and-m5\">Apple Vision Pro 2: The right step thanks to AI and M5<\/a><\/li>\n<\/ul>\n\n\n\n<h6 class=\"wp-block-heading translation-block\" id=\"h-kennt-ihr-schon-unsere-amazon-storefront-dort-findet-ihr-eine-handverlesene-auswahl-von-diversen-produkten-f-r-euer-iphone-und-co-viel-spa-beim-st-bern\"><em>Have you already visited our Amazon Storefront? There you&#039;ll find a hand-picked selection of various products for your iPhone and other devices \u2013 <span class=\"has-inline-color has-vivid-red-color\"><a href=\"https:\/\/www.amazon.de\/shop\/apfelpatientofficial\" class=\"ek-link\" data-wpel-link=\"exclude\" rel=\"follow noopener\" target=\"_self\"><span style=\"text-decoration: underline\" class=\"ek-underline\">enjoy browsing<\/span><\/a> !<\/span><\/em><\/h6>\n\n\n\n<h6 class=\"wp-block-heading translation-block\" id=\"h-der-beitrag-enthalt-partnerlinks\">This post contains <a data-type=\"URL\" data-id=\"https:\/\/www.apfelpatient.de\/partnerprogramm\" href=\"https:\/\/www.apfelpatient.de\/en\/partner-program\" data-wpel-link=\"internal\" target=\"_self\">affiliate links<\/a>.<\/h6>","protected":false},"excerpt":{"rendered":"<p>Apple Vision Pro: One year later, there are many rumors. Will there be an update with an M5 chip or a cheaper version? Read more here!<\/p>","protected":false},"author":2,"featured_media":49616,"comment_status":"closed","ping_status":"closed","sticky":false,"template":"","format":"standard","meta":{"jnews-multi-image_gallery":[],"jnews_single_post":{"format":"standard","override":[{"template":"2","parallax":"1","fullscreen":"1","layout":"right-sidebar","sidebar":"default-sidebar","second_sidebar":"default-sidebar","sticky_sidebar":"1","share_position":"top","share_float_style":"share-monocrhome","show_featured":"1","show_post_meta":"1","show_post_author":"1","show_post_author_image":"1","show_post_date":"1","post_date_format":"default","post_date_format_custom":"Y\/m\/d","show_post_category":"1","show_post_reading_time":"0","post_reading_time_wpm":"300","post_calculate_word_method":"str_word_count","show_zoom_button":"0","zoom_button_out_step":"2","zoom_button_in_step":"3","show_post_tag":"1","show_prev_next_post":"1","show_popup_post":"1","number_popup_post":"1","show_author_box":"0","show_post_related":"0","show_inline_post_related":"0"}],"image_override":[{"single_post_thumbnail_size":"crop-500","single_post_gallery_size":"crop-500"}],"trending_post_position":"meta","trending_post_label":"Trending","sponsored_post_label":"Sponsored by","disable_ad":"0"},"jnews_primary_category":{"id":"2"},"footnotes":""},"categories":[2],"tags":[843,609],"class_list":["post-49617","post","type-post","status-publish","format-standard","has-post-thumbnail","hentry","category-allgemein","tag-apple-vision-pro","tag-apple-vr-ar"],"yoast_head":"<!-- This site is optimized with the Yoast SEO Premium plugin v27.5 (Yoast SEO v27.5) - https:\/\/yoast.com\/product\/yoast-seo-premium-wordpress\/ -->\n<title>Apple Vision Pro: Ein Jahr sp\u00e4ter \u2013 Wie geht es weiter? Apfelpatient<\/title>\n<meta name=\"description\" content=\"Apple Vision Pro: Ein Jahr sp\u00e4ter gibt es viele Ger\u00fcchte. Kommt ein Update mit M5-Chip oder eine g\u00fcnstigere Version? Mehr dazu hier!\" \/>\n<meta name=\"robots\" content=\"index, follow, max-snippet:-1, max-image-preview:large, max-video-preview:-1\" \/>\n<link rel=\"canonical\" href=\"https:\/\/www.apfelpatient.de\/en\/generally\/apple-vision-pro-one-year-later-what-happens-next\" \/>\n<meta property=\"og:locale\" content=\"en_US\" \/>\n<meta property=\"og:type\" content=\"article\" \/>\n<meta property=\"og:title\" content=\"Apple Vision Pro: Ein Jahr sp\u00e4ter \u2013 Wie geht es weiter?\" \/>\n<meta property=\"og:description\" content=\"Apple Vision Pro: Ein Jahr sp\u00e4ter gibt es viele Ger\u00fcchte. Kommt ein Update mit M5-Chip oder eine g\u00fcnstigere Version? Mehr dazu hier!\" \/>\n<meta property=\"og:url\" content=\"https:\/\/www.apfelpatient.de\/en\/generally\/apple-vision-pro-one-year-later-what-happens-next\" \/>\n<meta property=\"og:site_name\" content=\"Apfelpatient\" \/>\n<meta property=\"article:publisher\" content=\"https:\/\/www.facebook.com\/apfelpatientOfficial\" \/>\n<meta property=\"article:author\" content=\"https:\/\/www.facebook.com\/apfelpatientOfficial\" \/>\n<meta property=\"article:published_time\" content=\"2025-02-04T00:09:46+00:00\" \/>\n<meta property=\"article:modified_time\" content=\"2025-02-04T00:09:49+00:00\" \/>\n<meta property=\"og:image\" content=\"https:\/\/www.apfelpatient.de\/wp-content\/uploads\/2025\/02\/Apple-WWDC23-Tim-Cook-with-Apple-Vision-Pro.jpg\" \/>\n\t<meta property=\"og:image:width\" content=\"1600\" \/>\n\t<meta property=\"og:image:height\" content=\"1143\" \/>\n\t<meta property=\"og:image:type\" content=\"image\/jpeg\" \/>\n<meta name=\"author\" content=\"Milan\" \/>\n<meta name=\"twitter:card\" content=\"summary_large_image\" \/>\n<meta name=\"twitter:description\" content=\"Apple Vision Pro: Ein Jahr sp\u00e4ter gibt es viele Ger\u00fcchte. Kommt ein Update mit M5-Chip oder eine g\u00fcnstigere Version? Mehr dazu hier!\" \/>\n<meta name=\"twitter:label1\" content=\"Written by\" \/>\n\t<meta name=\"twitter:data1\" content=\"Milan\" \/>\n\t<meta name=\"twitter:label2\" content=\"Est. reading time\" \/>\n\t<meta name=\"twitter:data2\" content=\"6 minutes\" \/>\n<script type=\"application\/ld+json\" class=\"yoast-schema-graph\">{\"@context\":\"https:\\\/\\\/schema.org\",\"@graph\":[{\"@type\":\"NewsArticle\",\"@id\":\"https:\\\/\\\/www.apfelpatient.de\\\/allgemein\\\/apple-vision-pro-ein-jahr-spaeter-wie-geht-es-weiter#article\",\"isPartOf\":{\"@id\":\"https:\\\/\\\/www.apfelpatient.de\\\/allgemein\\\/apple-vision-pro-ein-jahr-spaeter-wie-geht-es-weiter\"},\"author\":{\"@type\":\"Organization\",\"@id\":\"https:\\\/\\\/www.apfelpatient.de\\\/en\\\/#organization\",\"name\":\"Apfelpatient\",\"url\":\"https:\\\/\\\/www.apfelpatient.de\\\/en\\\/\"},\"headline\":\"Apple Vision Pro: Ein Jahr sp\u00e4ter \u2013 Wie geht es weiter?\",\"datePublished\":\"2025-02-04T00:09:46+00:00\",\"dateModified\":\"2025-02-04T00:09:49+00:00\",\"mainEntityOfPage\":{\"@id\":\"https:\\\/\\\/www.apfelpatient.de\\\/allgemein\\\/apple-vision-pro-ein-jahr-spaeter-wie-geht-es-weiter\"},\"wordCount\":936,\"publisher\":{\"@type\":\"Organization\",\"@id\":\"https:\\\/\\\/www.apfelpatient.de\\\/en\\\/#organization\",\"name\":\"Apfelpatient\",\"url\":\"https:\\\/\\\/www.apfelpatient.de\\\/en\\\/\"},\"image\":{\"@id\":\"https:\\\/\\\/www.apfelpatient.de\\\/allgemein\\\/apple-vision-pro-ein-jahr-spaeter-wie-geht-es-weiter#primaryimage\"},\"thumbnailUrl\":\"https:\\\/\\\/www.apfelpatient.de\\\/wp-content\\\/uploads\\\/2025\\\/02\\\/Apple-WWDC23-Tim-Cook-with-Apple-Vision-Pro.jpg\",\"keywords\":[\"Apple Vision Pro\",\"Apple VR\\\/AR\"],\"articleSection\":\"Allgemein\",\"inLanguage\":\"en-US\",\"copyrightYear\":\"2025\",\"copyrightHolder\":{\"@id\":\"https:\\\/\\\/www.apfelpatient.de\\\/en\\\/#organization\"}},{\"@type\":\"WebPage\",\"@id\":\"https:\\\/\\\/www.apfelpatient.de\\\/allgemein\\\/apple-vision-pro-ein-jahr-spaeter-wie-geht-es-weiter\",\"url\":\"https:\\\/\\\/www.apfelpatient.de\\\/allgemein\\\/apple-vision-pro-ein-jahr-spaeter-wie-geht-es-weiter\",\"name\":\"Apple Vision Pro: Ein Jahr sp\u00e4ter \u2013 Wie geht es weiter? Apfelpatient\",\"isPartOf\":{\"@id\":\"https:\\\/\\\/www.apfelpatient.de\\\/#website\"},\"primaryImageOfPage\":{\"@id\":\"https:\\\/\\\/www.apfelpatient.de\\\/allgemein\\\/apple-vision-pro-ein-jahr-spaeter-wie-geht-es-weiter#primaryimage\"},\"image\":{\"@id\":\"https:\\\/\\\/www.apfelpatient.de\\\/allgemein\\\/apple-vision-pro-ein-jahr-spaeter-wie-geht-es-weiter#primaryimage\"},\"thumbnailUrl\":\"https:\\\/\\\/www.apfelpatient.de\\\/wp-content\\\/uploads\\\/2025\\\/02\\\/Apple-WWDC23-Tim-Cook-with-Apple-Vision-Pro.jpg\",\"datePublished\":\"2025-02-04T00:09:46+00:00\",\"dateModified\":\"2025-02-04T00:09:49+00:00\",\"description\":\"Apple Vision Pro: Ein Jahr sp\u00e4ter gibt es viele Ger\u00fcchte. Kommt ein Update mit M5-Chip oder eine g\u00fcnstigere Version? Mehr dazu hier!\",\"breadcrumb\":{\"@id\":\"https:\\\/\\\/www.apfelpatient.de\\\/allgemein\\\/apple-vision-pro-ein-jahr-spaeter-wie-geht-es-weiter#breadcrumb\"},\"inLanguage\":\"en-US\",\"potentialAction\":[{\"@type\":\"ReadAction\",\"target\":[\"https:\\\/\\\/www.apfelpatient.de\\\/allgemein\\\/apple-vision-pro-ein-jahr-spaeter-wie-geht-es-weiter\"]}]},{\"@type\":\"ImageObject\",\"inLanguage\":\"en-US\",\"@id\":\"https:\\\/\\\/www.apfelpatient.de\\\/allgemein\\\/apple-vision-pro-ein-jahr-spaeter-wie-geht-es-weiter#primaryimage\",\"url\":\"https:\\\/\\\/www.apfelpatient.de\\\/wp-content\\\/uploads\\\/2025\\\/02\\\/Apple-WWDC23-Tim-Cook-with-Apple-Vision-Pro.jpg\",\"contentUrl\":\"https:\\\/\\\/www.apfelpatient.de\\\/wp-content\\\/uploads\\\/2025\\\/02\\\/Apple-WWDC23-Tim-Cook-with-Apple-Vision-Pro.jpg\",\"width\":1600,\"height\":1143,\"caption\":\"Bild: Apple\"},{\"@type\":\"BreadcrumbList\",\"@id\":\"https:\\\/\\\/www.apfelpatient.de\\\/allgemein\\\/apple-vision-pro-ein-jahr-spaeter-wie-geht-es-weiter#breadcrumb\",\"itemListElement\":[{\"@type\":\"ListItem\",\"position\":1,\"name\":\"Startseite\",\"item\":\"https:\\\/\\\/www.apfelpatient.de\\\/\"},{\"@type\":\"ListItem\",\"position\":2,\"name\":\"Apple Vision Pro: Ein Jahr sp\u00e4ter \u2013 Wie geht es weiter?\"}]},{\"@type\":\"WebSite\",\"@id\":\"https:\\\/\\\/www.apfelpatient.de\\\/#website\",\"url\":\"https:\\\/\\\/www.apfelpatient.de\\\/\",\"name\":\"Apfelpatient\",\"description\":\"Alles rund um Apple!\",\"publisher\":{\"@type\":\"Organization\",\"@id\":\"https:\\\/\\\/www.apfelpatient.de\\\/en\\\/#organization\",\"name\":\"Apfelpatient\",\"url\":\"https:\\\/\\\/www.apfelpatient.de\\\/en\\\/\"},\"alternateName\":\"Apfelpatient\",\"potentialAction\":[{\"@type\":\"SearchAction\",\"target\":{\"@type\":\"EntryPoint\",\"urlTemplate\":\"https:\\\/\\\/www.apfelpatient.de\\\/?s={search_term_string}\"},\"query-input\":{\"@type\":\"PropertyValueSpecification\",\"valueRequired\":true,\"valueName\":\"search_term_string\"}}],\"inLanguage\":\"en-US\"},{\"@type\":[\"Person\",\"Organization\"],\"@id\":\"https:\\\/\\\/www.apfelpatient.de\\\/#\\\/schema\\\/person\\\/7dc56ad6c8e9824b76d2c08d4c140e13\",\"name\":\"Milan\",\"logo\":{\"@id\":\"https:\\\/\\\/www.apfelpatient.de\\\/#\\\/schema\\\/person\\\/image\\\/\"},\"description\":\"Hallo und herzlich willkommen auf meinem Technik-Blog! Als gro\u00dfer Apple-Fan berichte ich hier \u00fcber alles, was mit Apple zu tun hat: von den neuesten News und spannenden Ger\u00fcchten \u00fcber hilfreiche Tipps und Tricks bis hin zu ausf\u00fchrlichen Produkttests. Wenn du genauso technikbegeistert bist wie ich, bist du hier genau richtig!\",\"sameAs\":[\"https:\\\/\\\/www.facebook.com\\\/apfelpatientOfficial\",\"https:\\\/\\\/www.linkedin.com\\\/in\\\/milan-jovicic-42aa0231b\"],\"url\":\"https:\\\/\\\/www.apfelpatient.de\\\/en\\\/author\\\/apfeladmin\"}]}<\/script>\n<!-- \/ Yoast SEO Premium plugin. -->","yoast_head_json":{"title":"Apple Vision Pro: One year later \u2013 what&#039;s next? Apfelpatient","description":"Apple Vision Pro: One year later, there are many rumors. Will there be an update with an M5 chip or a cheaper version? Read more here!","robots":{"index":"index","follow":"follow","max-snippet":"max-snippet:-1","max-image-preview":"max-image-preview:large","max-video-preview":"max-video-preview:-1"},"canonical":"https:\/\/www.apfelpatient.de\/en\/generally\/apple-vision-pro-one-year-later-what-happens-next","og_locale":"en_US","og_type":"article","og_title":"Apple Vision Pro: Ein Jahr sp\u00e4ter \u2013 Wie geht es weiter?","og_description":"Apple Vision Pro: Ein Jahr sp\u00e4ter gibt es viele Ger\u00fcchte. Kommt ein Update mit M5-Chip oder eine g\u00fcnstigere Version? Mehr dazu hier!","og_url":"https:\/\/www.apfelpatient.de\/en\/generally\/apple-vision-pro-one-year-later-what-happens-next","og_site_name":"Apfelpatient","article_publisher":"https:\/\/www.facebook.com\/apfelpatientOfficial","article_author":"https:\/\/www.facebook.com\/apfelpatientOfficial","article_published_time":"2025-02-04T00:09:46+00:00","article_modified_time":"2025-02-04T00:09:49+00:00","og_image":[{"width":1600,"height":1143,"url":"https:\/\/www.apfelpatient.de\/wp-content\/uploads\/2025\/02\/Apple-WWDC23-Tim-Cook-with-Apple-Vision-Pro.jpg","type":"image\/jpeg"}],"author":"Milan","twitter_card":"summary_large_image","twitter_description":"Apple Vision Pro: Ein Jahr sp\u00e4ter gibt es viele Ger\u00fcchte. Kommt ein Update mit M5-Chip oder eine g\u00fcnstigere Version? Mehr dazu hier!","twitter_misc":{"Written by":"Milan","Est. reading time":"6 minutes"},"schema":{"@context":"https:\/\/schema.org","@graph":[{"@type":"NewsArticle","@id":"https:\/\/www.apfelpatient.de\/allgemein\/apple-vision-pro-ein-jahr-spaeter-wie-geht-es-weiter#article","isPartOf":{"@id":"https:\/\/www.apfelpatient.de\/allgemein\/apple-vision-pro-ein-jahr-spaeter-wie-geht-es-weiter"},"author":{"@type":"Organization","@id":"https:\/\/www.apfelpatient.de\/en\/#organization","name":"Apfelpatient","url":"https:\/\/www.apfelpatient.de\/en\/"},"headline":"Apple Vision Pro: Ein Jahr sp\u00e4ter \u2013 Wie geht es weiter?","datePublished":"2025-02-04T00:09:46+00:00","dateModified":"2025-02-04T00:09:49+00:00","mainEntityOfPage":{"@id":"https:\/\/www.apfelpatient.de\/allgemein\/apple-vision-pro-ein-jahr-spaeter-wie-geht-es-weiter"},"wordCount":936,"publisher":{"@type":"Organization","@id":"https:\/\/www.apfelpatient.de\/en\/#organization","name":"Apfelpatient","url":"https:\/\/www.apfelpatient.de\/en\/"},"image":{"@id":"https:\/\/www.apfelpatient.de\/allgemein\/apple-vision-pro-ein-jahr-spaeter-wie-geht-es-weiter#primaryimage"},"thumbnailUrl":"https:\/\/www.apfelpatient.de\/wp-content\/uploads\/2025\/02\/Apple-WWDC23-Tim-Cook-with-Apple-Vision-Pro.jpg","keywords":["Apple Vision Pro","Apple VR\/AR"],"articleSection":"Allgemein","inLanguage":"en-US","copyrightYear":"2025","copyrightHolder":{"@id":"https:\/\/www.apfelpatient.de\/en\/#organization"}},{"@type":"WebPage","@id":"https:\/\/www.apfelpatient.de\/allgemein\/apple-vision-pro-ein-jahr-spaeter-wie-geht-es-weiter","url":"https:\/\/www.apfelpatient.de\/allgemein\/apple-vision-pro-ein-jahr-spaeter-wie-geht-es-weiter","name":"Apple Vision Pro: One year later \u2013 what&#039;s next? Apfelpatient","isPartOf":{"@id":"https:\/\/www.apfelpatient.de\/#website"},"primaryImageOfPage":{"@id":"https:\/\/www.apfelpatient.de\/allgemein\/apple-vision-pro-ein-jahr-spaeter-wie-geht-es-weiter#primaryimage"},"image":{"@id":"https:\/\/www.apfelpatient.de\/allgemein\/apple-vision-pro-ein-jahr-spaeter-wie-geht-es-weiter#primaryimage"},"thumbnailUrl":"https:\/\/www.apfelpatient.de\/wp-content\/uploads\/2025\/02\/Apple-WWDC23-Tim-Cook-with-Apple-Vision-Pro.jpg","datePublished":"2025-02-04T00:09:46+00:00","dateModified":"2025-02-04T00:09:49+00:00","description":"Apple Vision Pro: One year later, there are many rumors. Will there be an update with an M5 chip or a cheaper version? Read more here!","breadcrumb":{"@id":"https:\/\/www.apfelpatient.de\/allgemein\/apple-vision-pro-ein-jahr-spaeter-wie-geht-es-weiter#breadcrumb"},"inLanguage":"en-US","potentialAction":[{"@type":"ReadAction","target":["https:\/\/www.apfelpatient.de\/allgemein\/apple-vision-pro-ein-jahr-spaeter-wie-geht-es-weiter"]}]},{"@type":"ImageObject","inLanguage":"en-US","@id":"https:\/\/www.apfelpatient.de\/allgemein\/apple-vision-pro-ein-jahr-spaeter-wie-geht-es-weiter#primaryimage","url":"https:\/\/www.apfelpatient.de\/wp-content\/uploads\/2025\/02\/Apple-WWDC23-Tim-Cook-with-Apple-Vision-Pro.jpg","contentUrl":"https:\/\/www.apfelpatient.de\/wp-content\/uploads\/2025\/02\/Apple-WWDC23-Tim-Cook-with-Apple-Vision-Pro.jpg","width":1600,"height":1143,"caption":"Bild: Apple"},{"@type":"BreadcrumbList","@id":"https:\/\/www.apfelpatient.de\/allgemein\/apple-vision-pro-ein-jahr-spaeter-wie-geht-es-weiter#breadcrumb","itemListElement":[{"@type":"ListItem","position":1,"name":"Startseite","item":"https:\/\/www.apfelpatient.de\/"},{"@type":"ListItem","position":2,"name":"Apple Vision Pro: Ein Jahr sp\u00e4ter \u2013 Wie geht es weiter?"}]},{"@type":"WebSite","@id":"https:\/\/www.apfelpatient.de\/#website","url":"https:\/\/www.apfelpatient.de\/","name":"apple patient","description":"Everything about Apple!","publisher":{"@type":"Organization","@id":"https:\/\/www.apfelpatient.de\/en\/#organization","name":"Apfelpatient","url":"https:\/\/www.apfelpatient.de\/en\/"},"alternateName":"Apfelpatient","potentialAction":[{"@type":"SearchAction","target":{"@type":"EntryPoint","urlTemplate":"https:\/\/www.apfelpatient.de\/?s={search_term_string}"},"query-input":{"@type":"PropertyValueSpecification","valueRequired":true,"valueName":"search_term_string"}}],"inLanguage":"en-US"},{"@type":["Person","Organization"],"@id":"https:\/\/www.apfelpatient.de\/#\/schema\/person\/7dc56ad6c8e9824b76d2c08d4c140e13","name":"Milan","logo":{"@id":"https:\/\/www.apfelpatient.de\/#\/schema\/person\/image\/"},"description":"Hello and welcome to my technology blog! As a big Apple fan, I report on everything to do with Apple: from the latest news and exciting rumors to helpful tips and tricks and detailed product tests. If you are as enthusiastic about technology as I am, you have come to the right place!","sameAs":["https:\/\/www.facebook.com\/apfelpatientOfficial","https:\/\/www.linkedin.com\/in\/milan-jovicic-42aa0231b"],"url":"https:\/\/www.apfelpatient.de\/en\/author\/apfeladmin"}]}},"_links":{"self":[{"href":"https:\/\/www.apfelpatient.de\/en\/wp-json\/wp\/v2\/posts\/49617","targetHints":{"allow":["GET"]}}],"collection":[{"href":"https:\/\/www.apfelpatient.de\/en\/wp-json\/wp\/v2\/posts"}],"about":[{"href":"https:\/\/www.apfelpatient.de\/en\/wp-json\/wp\/v2\/types\/post"}],"author":[{"embeddable":true,"href":"https:\/\/www.apfelpatient.de\/en\/wp-json\/wp\/v2\/users\/2"}],"replies":[{"embeddable":true,"href":"https:\/\/www.apfelpatient.de\/en\/wp-json\/wp\/v2\/comments?post=49617"}],"version-history":[{"count":0,"href":"https:\/\/www.apfelpatient.de\/en\/wp-json\/wp\/v2\/posts\/49617\/revisions"}],"wp:featuredmedia":[{"embeddable":true,"href":"https:\/\/www.apfelpatient.de\/en\/wp-json\/wp\/v2\/media\/49616"}],"wp:attachment":[{"href":"https:\/\/www.apfelpatient.de\/en\/wp-json\/wp\/v2\/media?parent=49617"}],"wp:term":[{"taxonomy":"category","embeddable":true,"href":"https:\/\/www.apfelpatient.de\/en\/wp-json\/wp\/v2\/categories?post=49617"},{"taxonomy":"post_tag","embeddable":true,"href":"https:\/\/www.apfelpatient.de\/en\/wp-json\/wp\/v2\/tags?post=49617"}],"curies":[{"name":"wp","href":"https:\/\/api.w.org\/{rel}","templated":true}]}}