{"id":49591,"date":"2025-02-02T18:44:31","date_gmt":"2025-02-02T17:44:31","guid":{"rendered":"https:\/\/www.apfelpatient.de\/?p=49591"},"modified":"2025-02-02T18:44:33","modified_gmt":"2025-02-02T17:44:33","slug":"report-apple-abolishes-multi-year-plans-for-applecare","status":"publish","type":"post","link":"https:\/\/www.apfelpatient.de\/en\/rumors\/bericht-apple-schafft-mehrjahresplaene-fuer-applecare-ab","title":{"rendered":"Report: Apple eliminates multi-year plans for AppleCare+"},"content":{"rendered":"<p class=\"has-drop-cap\"><strong>Apple is changing its strategy for AppleCare+. According to a report by Bloomberg journalist Mark Gurman, the option to buy AppleCare+ for two or three years in advance will be abolished. This change primarily affects users who buy their devices in Apple Stores. In the future, AppleCare+ will only be offered as a monthly or annual subscription. Retroactive activation on a device will also no longer be possible.<\/strong><\/p>\n\n\n\n<p>AppleCare+ offers extended protection for Apple devices. In addition to an extended warranty, it also includes coverage against accidental damage. Until now, customers could choose whether to pay for AppleCare+ for several years in advance or opt for a monthly subscription. According to the report, the option of securing longer-term coverage with a one-off payment will no longer be available. This change has not only financial but also practical implications. Users who like to buy their devices in the Apple Store or activate AppleCare+ later will have to adapt to new conditions.<\/p>\n\n\n\n<h4 class=\"wp-block-heading\" id=\"h-applecare-nur-noch-als-abo\">AppleCare+ only available as a subscription<\/h4>\n\n\n\n<p><a href=\"https:\/\/x.com\/markgurman\/status\/1886083012967948722?mx=2\" target=\"_blank\" rel=\"noreferrer noopener\">Mark Gurman<\/a> According to reports, Apple will be removing the option to purchase a two- or three-year AppleCare+ plan in Apple Stores and directly on the device. This change will take place as early as next week. This means that customers who buy a new Apple device will only be able to choose between a monthly or annual subscription. A one-time payment for several years will no longer be possible - at least not in Apple Stores or directly on the device.<\/p>\n\n\n\n<h4 class=\"wp-block-heading\" id=\"h-kein-nachtraglicher-kauf-mehr-auf-dem-gerat\">No more subsequent purchases on the device<\/h4>\n\n\n\n<p>Previously, Apple users could activate AppleCare+ directly on the device itself after purchasing it. This option is now also no longer available. If you do not add AppleCare+ immediately when purchasing, you will not be able to do so later. This could be problematic for many customers, especially those who decide to take out insurance later or who want to use their device without additional protection at first.<\/p>\n\n\n\n<h4 class=\"wp-block-heading\" id=\"h-mehrjahresplane-nur-noch-online-verfugbar\">Multi-year plans only available online<\/h4>\n\n\n\n<p>As things stand, there is only one exception: customers who buy their device through the Apple Online Store will continue to have the option of paying for AppleCare+ for two or three years in advance. This means that users who insist on a one-time payment should only purchase their devices online. It is unclear whether this option will remain in place in the long term. The changes suggest that Apple could convert all AppleCare+ plans to a subscription model in the medium term.<\/p>\n\n\n\n<h4 class=\"wp-block-heading\" id=\"h-warum-nimmt-apple-diese-anderung-vor\">Why is Apple making this change?<\/h4>\n\n\n\n<p>There are several reasons why Apple might switch to a subscription model.<\/p>\n\n\n\n<ul class=\"wp-block-list\">\n<li>Steady income \u2013 Monthly and annual payments generate continuous income while a lump sum payment only brings money once.<\/li>\n\n\n\n<li>Better customer retention \u2013 A subscription leads to customers keeping AppleCare+ longer because they don\u2019t have to actively renew or repurchase it.<\/li>\n\n\n\n<li>Unified business strategy \u2013 Apple has converted many of its services to subscriptions in recent years, including Apple Music, Apple TV+, iCloud+, and Apple Arcade. A complete transition of AppleCare+ to a subscription model fits into this concept.<\/li>\n<\/ul>\n\n\n\n<h3 class=\"wp-block-heading\" id=\"h-applecare-langfristig-nur-noch-im-abo\">AppleCare+ only available as a subscription in the long term?<\/h3>\n\n\n\n<p>Anyone who wants to use AppleCare+ will have to get a subscription in the future. Customers who buy their devices in the Apple Store will no longer have the option of choosing a multi-year plan. Instead, they will have to choose between monthly or annual payments. Anyone who still wants a multi-year plan will have to buy their device in the Apple Online Store and add AppleCare+ directly there. In the long term, Apple could switch the entire AppleCare+ system to subscriptions. So anyone who still wants to benefit from the current option should find out in good time and act accordingly. (Image: Apple)<\/p>\n\n\n\n<ul class=\"wp-block-list\">\n<li><a href=\"https:\/\/www.apfelpatient.de\/en\/rumors\/visionos-3-update-apple-plans-psvr2-controller-support\">visionOS 3 Update: Apple plans PSVR2 controller support<\/a><\/li>\n\n\n\n<li><a href=\"https:\/\/www.apfelpatient.de\/en\/rumors\/powerbeats-pro-2-apple-plans-to-unveil-on-february-11th\">Powerbeats Pro 2: Apple plans unveiling on February 11th<\/a><\/li>\n\n\n\n<li><a href=\"https:\/\/www.apfelpatient.de\/en\/news\/powerbeats-pro-2-new-information-from-official-databases\">Powerbeats Pro 2: New information from official databases<\/a><\/li>\n\n\n\n<li><a href=\"https:\/\/www.apfelpatient.de\/en\/rumors\/confetti-apple-plans-new-icloud-feature-for-invitations\">\u201cConfetti\u201d: Apple plans new iCloud feature for invitations<\/a><\/li>\n\n\n\n<li><a href=\"https:\/\/www.apfelpatient.de\/en\/rumors\/apple-cancels-ar-glasses-with-mac-connection-but-not-all-plans\">Apple cancels AR glasses with Mac connection \u2013 but not all plans<\/a><\/li>\n\n\n\n<li><a href=\"https:\/\/www.apfelpatient.de\/en\/rumors\/iphone-apple-checks-potential-suppliers-for-foldable-display\">iPhone: Apple is checking potential suppliers for foldable display<\/a><\/li>\n<\/ul>\n\n\n\n<h6 class=\"wp-block-heading translation-block\" id=\"h-kennt-ihr-schon-unsere-amazon-storefront-dort-findet-ihr-eine-handverlesene-auswahl-von-diversen-produkten-f-r-euer-iphone-und-co-viel-spa-beim-st-bern\"><em>Have you already visited our Amazon Storefront? There you&#039;ll find a hand-picked selection of various products for your iPhone and other devices \u2013 <span class=\"has-inline-color has-vivid-red-color\"><a href=\"https:\/\/www.amazon.de\/shop\/apfelpatientofficial\" class=\"ek-link\" data-wpel-link=\"exclude\" rel=\"follow noopener\" target=\"_self\"><span style=\"text-decoration: underline\" class=\"ek-underline\">enjoy browsing<\/span><\/a> !<\/span><\/em><\/h6>\n\n\n\n<h6 class=\"wp-block-heading translation-block\" id=\"h-der-beitrag-enthalt-partnerlinks\">This post contains <a data-type=\"URL\" data-id=\"https:\/\/www.apfelpatient.de\/partnerprogramm\" href=\"https:\/\/www.apfelpatient.de\/en\/partner-program\" data-wpel-link=\"internal\" target=\"_self\">affiliate links<\/a>.<\/h6>","protected":false},"excerpt":{"rendered":"<p>AppleCare+ only available as a subscription? Apple is doing away with the one-time payment. Find out why this is happening and what alternatives you have.<\/p>","protected":false},"author":2,"featured_media":49590,"comment_status":"closed","ping_status":"closed","sticky":false,"template":"","format":"standard","meta":{"jnews-multi-image_gallery":[],"jnews_single_post":{"format":"standard","override":[{"template":"2","parallax":"1","fullscreen":"1","layout":"right-sidebar","sidebar":"default-sidebar","second_sidebar":"default-sidebar","sticky_sidebar":"1","share_position":"top","share_float_style":"share-monocrhome","show_featured":"1","show_post_meta":"1","show_post_author":"1","show_post_author_image":"1","show_post_date":"1","post_date_format":"default","post_date_format_custom":"Y\/m\/d","show_post_category":"1","show_post_reading_time":"0","post_reading_time_wpm":"300","post_calculate_word_method":"str_word_count","show_zoom_button":"0","zoom_button_out_step":"2","zoom_button_in_step":"3","show_post_tag":"1","show_prev_next_post":"1","show_popup_post":"1","number_popup_post":"1","show_author_box":"0","show_post_related":"0","show_inline_post_related":"0"}],"image_override":[{"single_post_thumbnail_size":"crop-500","single_post_gallery_size":"crop-500"}],"trending_post_position":"meta","trending_post_label":"Trending","sponsored_post_label":"Sponsored by","disable_ad":"0"},"jnews_primary_category":{"id":"25"},"footnotes":""},"categories":[25],"tags":[34,152],"class_list":["post-49591","post","type-post","status-publish","format-standard","has-post-thumbnail","hentry","category-rumors","tag-apple-dienste","tag-applecare"],"yoast_head":"<!-- This site is optimized with the Yoast SEO Premium plugin v27.5 (Yoast SEO v27.5) - https:\/\/yoast.com\/product\/yoast-seo-premium-wordpress\/ -->\n<title>Bericht: Apple schafft Mehrjahrespl\u00e4ne f\u00fcr AppleCare+ ab Apfelpatient<\/title>\n<meta name=\"description\" content=\"AppleCare+ nur noch im Abo? Apple schafft die Einmalzahlung ab. Erfahre, warum das passiert und welche Alternativen du hast.\" \/>\n<meta name=\"robots\" content=\"index, follow, max-snippet:-1, max-image-preview:large, max-video-preview:-1\" \/>\n<link rel=\"canonical\" href=\"https:\/\/www.apfelpatient.de\/en\/rumors\/report-apple-abolishes-multi-year-plans-for-applecare\" \/>\n<meta property=\"og:locale\" content=\"en_US\" \/>\n<meta property=\"og:type\" content=\"article\" \/>\n<meta property=\"og:title\" content=\"Bericht: Apple schafft Mehrjahrespl\u00e4ne f\u00fcr AppleCare+ ab\" \/>\n<meta property=\"og:description\" content=\"AppleCare+ nur noch im Abo? Apple schafft die Einmalzahlung ab. Erfahre, warum das passiert und welche Alternativen du hast.\" \/>\n<meta property=\"og:url\" content=\"https:\/\/www.apfelpatient.de\/en\/rumors\/report-apple-abolishes-multi-year-plans-for-applecare\" \/>\n<meta property=\"og:site_name\" content=\"Apfelpatient\" \/>\n<meta property=\"article:publisher\" content=\"https:\/\/www.facebook.com\/apfelpatientOfficial\" \/>\n<meta property=\"article:author\" content=\"https:\/\/www.facebook.com\/apfelpatientOfficial\" \/>\n<meta property=\"article:published_time\" content=\"2025-02-02T17:44:31+00:00\" \/>\n<meta property=\"article:modified_time\" content=\"2025-02-02T17:44:33+00:00\" \/>\n<meta property=\"og:image\" content=\"https:\/\/www.apfelpatient.de\/wp-content\/uploads\/2025\/02\/AppleCare.jpeg\" \/>\n\t<meta property=\"og:image:width\" content=\"1600\" \/>\n\t<meta property=\"og:image:height\" content=\"1067\" \/>\n\t<meta property=\"og:image:type\" content=\"image\/jpeg\" \/>\n<meta name=\"author\" content=\"Milan\" \/>\n<meta name=\"twitter:card\" content=\"summary_large_image\" \/>\n<meta name=\"twitter:description\" content=\"AppleCare+ nur noch im Abo? Apple schafft die Einmalzahlung ab. Erfahre, warum das passiert und welche Alternativen du hast.\" \/>\n<meta name=\"twitter:label1\" content=\"Written by\" \/>\n\t<meta name=\"twitter:data1\" content=\"Milan\" \/>\n\t<meta name=\"twitter:label2\" content=\"Est. reading time\" \/>\n\t<meta name=\"twitter:data2\" content=\"4 minutes\" \/>\n<script type=\"application\/ld+json\" class=\"yoast-schema-graph\">{\"@context\":\"https:\\\/\\\/schema.org\",\"@graph\":[{\"@type\":\"NewsArticle\",\"@id\":\"https:\\\/\\\/www.apfelpatient.de\\\/rumors\\\/bericht-apple-schafft-mehrjahresplaene-fuer-applecare-ab#article\",\"isPartOf\":{\"@id\":\"https:\\\/\\\/www.apfelpatient.de\\\/rumors\\\/bericht-apple-schafft-mehrjahresplaene-fuer-applecare-ab\"},\"author\":{\"@type\":\"Organization\",\"@id\":\"https:\\\/\\\/www.apfelpatient.de\\\/en\\\/#organization\",\"name\":\"Apfelpatient\",\"url\":\"https:\\\/\\\/www.apfelpatient.de\\\/en\\\/\"},\"headline\":\"Bericht: Apple schafft Mehrjahrespl\u00e4ne f\u00fcr AppleCare+ ab\",\"datePublished\":\"2025-02-02T17:44:31+00:00\",\"dateModified\":\"2025-02-02T17:44:33+00:00\",\"mainEntityOfPage\":{\"@id\":\"https:\\\/\\\/www.apfelpatient.de\\\/rumors\\\/bericht-apple-schafft-mehrjahresplaene-fuer-applecare-ab\"},\"wordCount\":685,\"publisher\":{\"@type\":\"Organization\",\"@id\":\"https:\\\/\\\/www.apfelpatient.de\\\/en\\\/#organization\",\"name\":\"Apfelpatient\",\"url\":\"https:\\\/\\\/www.apfelpatient.de\\\/en\\\/\"},\"image\":{\"@id\":\"https:\\\/\\\/www.apfelpatient.de\\\/rumors\\\/bericht-apple-schafft-mehrjahresplaene-fuer-applecare-ab#primaryimage\"},\"thumbnailUrl\":\"https:\\\/\\\/www.apfelpatient.de\\\/wp-content\\\/uploads\\\/2025\\\/02\\\/AppleCare.jpeg\",\"keywords\":[\"Apple Dienste\",\"AppleCare\"],\"articleSection\":\"Rumors\",\"inLanguage\":\"en-US\",\"copyrightYear\":\"2025\",\"copyrightHolder\":{\"@id\":\"https:\\\/\\\/www.apfelpatient.de\\\/en\\\/#organization\"}},{\"@type\":\"WebPage\",\"@id\":\"https:\\\/\\\/www.apfelpatient.de\\\/rumors\\\/bericht-apple-schafft-mehrjahresplaene-fuer-applecare-ab\",\"url\":\"https:\\\/\\\/www.apfelpatient.de\\\/rumors\\\/bericht-apple-schafft-mehrjahresplaene-fuer-applecare-ab\",\"name\":\"Bericht: Apple schafft Mehrjahrespl\u00e4ne f\u00fcr AppleCare+ ab Apfelpatient\",\"isPartOf\":{\"@id\":\"https:\\\/\\\/www.apfelpatient.de\\\/#website\"},\"primaryImageOfPage\":{\"@id\":\"https:\\\/\\\/www.apfelpatient.de\\\/rumors\\\/bericht-apple-schafft-mehrjahresplaene-fuer-applecare-ab#primaryimage\"},\"image\":{\"@id\":\"https:\\\/\\\/www.apfelpatient.de\\\/rumors\\\/bericht-apple-schafft-mehrjahresplaene-fuer-applecare-ab#primaryimage\"},\"thumbnailUrl\":\"https:\\\/\\\/www.apfelpatient.de\\\/wp-content\\\/uploads\\\/2025\\\/02\\\/AppleCare.jpeg\",\"datePublished\":\"2025-02-02T17:44:31+00:00\",\"dateModified\":\"2025-02-02T17:44:33+00:00\",\"description\":\"AppleCare+ nur noch im Abo? Apple schafft die Einmalzahlung ab. Erfahre, warum das passiert und welche Alternativen du hast.\",\"breadcrumb\":{\"@id\":\"https:\\\/\\\/www.apfelpatient.de\\\/rumors\\\/bericht-apple-schafft-mehrjahresplaene-fuer-applecare-ab#breadcrumb\"},\"inLanguage\":\"en-US\",\"potentialAction\":[{\"@type\":\"ReadAction\",\"target\":[\"https:\\\/\\\/www.apfelpatient.de\\\/rumors\\\/bericht-apple-schafft-mehrjahresplaene-fuer-applecare-ab\"]}]},{\"@type\":\"ImageObject\",\"inLanguage\":\"en-US\",\"@id\":\"https:\\\/\\\/www.apfelpatient.de\\\/rumors\\\/bericht-apple-schafft-mehrjahresplaene-fuer-applecare-ab#primaryimage\",\"url\":\"https:\\\/\\\/www.apfelpatient.de\\\/wp-content\\\/uploads\\\/2025\\\/02\\\/AppleCare.jpeg\",\"contentUrl\":\"https:\\\/\\\/www.apfelpatient.de\\\/wp-content\\\/uploads\\\/2025\\\/02\\\/AppleCare.jpeg\",\"width\":1600,\"height\":1067,\"caption\":\"Bild: Apple\"},{\"@type\":\"BreadcrumbList\",\"@id\":\"https:\\\/\\\/www.apfelpatient.de\\\/rumors\\\/bericht-apple-schafft-mehrjahresplaene-fuer-applecare-ab#breadcrumb\",\"itemListElement\":[{\"@type\":\"ListItem\",\"position\":1,\"name\":\"Startseite\",\"item\":\"https:\\\/\\\/www.apfelpatient.de\\\/\"},{\"@type\":\"ListItem\",\"position\":2,\"name\":\"Bericht: Apple schafft Mehrjahrespl\u00e4ne f\u00fcr AppleCare+ ab\"}]},{\"@type\":\"WebSite\",\"@id\":\"https:\\\/\\\/www.apfelpatient.de\\\/#website\",\"url\":\"https:\\\/\\\/www.apfelpatient.de\\\/\",\"name\":\"Apfelpatient\",\"description\":\"Alles rund um Apple!\",\"publisher\":{\"@type\":\"Organization\",\"@id\":\"https:\\\/\\\/www.apfelpatient.de\\\/en\\\/#organization\",\"name\":\"Apfelpatient\",\"url\":\"https:\\\/\\\/www.apfelpatient.de\\\/en\\\/\"},\"alternateName\":\"Apfelpatient\",\"potentialAction\":[{\"@type\":\"SearchAction\",\"target\":{\"@type\":\"EntryPoint\",\"urlTemplate\":\"https:\\\/\\\/www.apfelpatient.de\\\/?s={search_term_string}\"},\"query-input\":{\"@type\":\"PropertyValueSpecification\",\"valueRequired\":true,\"valueName\":\"search_term_string\"}}],\"inLanguage\":\"en-US\"},{\"@type\":[\"Person\",\"Organization\"],\"@id\":\"https:\\\/\\\/www.apfelpatient.de\\\/#\\\/schema\\\/person\\\/7dc56ad6c8e9824b76d2c08d4c140e13\",\"name\":\"Milan\",\"logo\":{\"@id\":\"https:\\\/\\\/www.apfelpatient.de\\\/#\\\/schema\\\/person\\\/image\\\/\"},\"description\":\"Hallo und herzlich willkommen auf meinem Technik-Blog! Als gro\u00dfer Apple-Fan berichte ich hier \u00fcber alles, was mit Apple zu tun hat: von den neuesten News und spannenden Ger\u00fcchten \u00fcber hilfreiche Tipps und Tricks bis hin zu ausf\u00fchrlichen Produkttests. Wenn du genauso technikbegeistert bist wie ich, bist du hier genau richtig!\",\"sameAs\":[\"https:\\\/\\\/www.facebook.com\\\/apfelpatientOfficial\",\"https:\\\/\\\/www.linkedin.com\\\/in\\\/milan-jovicic-42aa0231b\"],\"url\":\"https:\\\/\\\/www.apfelpatient.de\\\/en\\\/author\\\/apfeladmin\"}]}<\/script>\n<!-- \/ Yoast SEO Premium plugin. -->","yoast_head_json":{"title":"Report: Apple to eliminate multi-year plans for AppleCare+ starting in Apfelpatient","description":"AppleCare+ only available as a subscription? Apple is doing away with the one-time payment. Find out why this is happening and what alternatives you have.","robots":{"index":"index","follow":"follow","max-snippet":"max-snippet:-1","max-image-preview":"max-image-preview:large","max-video-preview":"max-video-preview:-1"},"canonical":"https:\/\/www.apfelpatient.de\/en\/rumors\/report-apple-abolishes-multi-year-plans-for-applecare","og_locale":"en_US","og_type":"article","og_title":"Bericht: Apple schafft Mehrjahrespl\u00e4ne f\u00fcr AppleCare+ ab","og_description":"AppleCare+ nur noch im Abo? Apple schafft die Einmalzahlung ab. Erfahre, warum das passiert und welche Alternativen du hast.","og_url":"https:\/\/www.apfelpatient.de\/en\/rumors\/report-apple-abolishes-multi-year-plans-for-applecare","og_site_name":"Apfelpatient","article_publisher":"https:\/\/www.facebook.com\/apfelpatientOfficial","article_author":"https:\/\/www.facebook.com\/apfelpatientOfficial","article_published_time":"2025-02-02T17:44:31+00:00","article_modified_time":"2025-02-02T17:44:33+00:00","og_image":[{"width":1600,"height":1067,"url":"https:\/\/www.apfelpatient.de\/wp-content\/uploads\/2025\/02\/AppleCare.jpeg","type":"image\/jpeg"}],"author":"Milan","twitter_card":"summary_large_image","twitter_description":"AppleCare+ nur noch im Abo? Apple schafft die Einmalzahlung ab. Erfahre, warum das passiert und welche Alternativen du hast.","twitter_misc":{"Written by":"Milan","Est. reading time":"4 minutes"},"schema":{"@context":"https:\/\/schema.org","@graph":[{"@type":"NewsArticle","@id":"https:\/\/www.apfelpatient.de\/rumors\/bericht-apple-schafft-mehrjahresplaene-fuer-applecare-ab#article","isPartOf":{"@id":"https:\/\/www.apfelpatient.de\/rumors\/bericht-apple-schafft-mehrjahresplaene-fuer-applecare-ab"},"author":{"@type":"Organization","@id":"https:\/\/www.apfelpatient.de\/en\/#organization","name":"Apfelpatient","url":"https:\/\/www.apfelpatient.de\/en\/"},"headline":"Bericht: Apple schafft Mehrjahrespl\u00e4ne f\u00fcr AppleCare+ ab","datePublished":"2025-02-02T17:44:31+00:00","dateModified":"2025-02-02T17:44:33+00:00","mainEntityOfPage":{"@id":"https:\/\/www.apfelpatient.de\/rumors\/bericht-apple-schafft-mehrjahresplaene-fuer-applecare-ab"},"wordCount":685,"publisher":{"@type":"Organization","@id":"https:\/\/www.apfelpatient.de\/en\/#organization","name":"Apfelpatient","url":"https:\/\/www.apfelpatient.de\/en\/"},"image":{"@id":"https:\/\/www.apfelpatient.de\/rumors\/bericht-apple-schafft-mehrjahresplaene-fuer-applecare-ab#primaryimage"},"thumbnailUrl":"https:\/\/www.apfelpatient.de\/wp-content\/uploads\/2025\/02\/AppleCare.jpeg","keywords":["Apple Dienste","AppleCare"],"articleSection":"Rumors","inLanguage":"en-US","copyrightYear":"2025","copyrightHolder":{"@id":"https:\/\/www.apfelpatient.de\/en\/#organization"}},{"@type":"WebPage","@id":"https:\/\/www.apfelpatient.de\/rumors\/bericht-apple-schafft-mehrjahresplaene-fuer-applecare-ab","url":"https:\/\/www.apfelpatient.de\/rumors\/bericht-apple-schafft-mehrjahresplaene-fuer-applecare-ab","name":"Report: Apple to eliminate multi-year plans for AppleCare+ starting in Apfelpatient","isPartOf":{"@id":"https:\/\/www.apfelpatient.de\/#website"},"primaryImageOfPage":{"@id":"https:\/\/www.apfelpatient.de\/rumors\/bericht-apple-schafft-mehrjahresplaene-fuer-applecare-ab#primaryimage"},"image":{"@id":"https:\/\/www.apfelpatient.de\/rumors\/bericht-apple-schafft-mehrjahresplaene-fuer-applecare-ab#primaryimage"},"thumbnailUrl":"https:\/\/www.apfelpatient.de\/wp-content\/uploads\/2025\/02\/AppleCare.jpeg","datePublished":"2025-02-02T17:44:31+00:00","dateModified":"2025-02-02T17:44:33+00:00","description":"AppleCare+ only available as a subscription? Apple is doing away with the one-time payment. Find out why this is happening and what alternatives you have.","breadcrumb":{"@id":"https:\/\/www.apfelpatient.de\/rumors\/bericht-apple-schafft-mehrjahresplaene-fuer-applecare-ab#breadcrumb"},"inLanguage":"en-US","potentialAction":[{"@type":"ReadAction","target":["https:\/\/www.apfelpatient.de\/rumors\/bericht-apple-schafft-mehrjahresplaene-fuer-applecare-ab"]}]},{"@type":"ImageObject","inLanguage":"en-US","@id":"https:\/\/www.apfelpatient.de\/rumors\/bericht-apple-schafft-mehrjahresplaene-fuer-applecare-ab#primaryimage","url":"https:\/\/www.apfelpatient.de\/wp-content\/uploads\/2025\/02\/AppleCare.jpeg","contentUrl":"https:\/\/www.apfelpatient.de\/wp-content\/uploads\/2025\/02\/AppleCare.jpeg","width":1600,"height":1067,"caption":"Bild: Apple"},{"@type":"BreadcrumbList","@id":"https:\/\/www.apfelpatient.de\/rumors\/bericht-apple-schafft-mehrjahresplaene-fuer-applecare-ab#breadcrumb","itemListElement":[{"@type":"ListItem","position":1,"name":"Startseite","item":"https:\/\/www.apfelpatient.de\/"},{"@type":"ListItem","position":2,"name":"Bericht: Apple schafft Mehrjahrespl\u00e4ne f\u00fcr AppleCare+ ab"}]},{"@type":"WebSite","@id":"https:\/\/www.apfelpatient.de\/#website","url":"https:\/\/www.apfelpatient.de\/","name":"apple patient","description":"Everything about Apple!","publisher":{"@type":"Organization","@id":"https:\/\/www.apfelpatient.de\/en\/#organization","name":"Apfelpatient","url":"https:\/\/www.apfelpatient.de\/en\/"},"alternateName":"Apfelpatient","potentialAction":[{"@type":"SearchAction","target":{"@type":"EntryPoint","urlTemplate":"https:\/\/www.apfelpatient.de\/?s={search_term_string}"},"query-input":{"@type":"PropertyValueSpecification","valueRequired":true,"valueName":"search_term_string"}}],"inLanguage":"en-US"},{"@type":["Person","Organization"],"@id":"https:\/\/www.apfelpatient.de\/#\/schema\/person\/7dc56ad6c8e9824b76d2c08d4c140e13","name":"Milan","logo":{"@id":"https:\/\/www.apfelpatient.de\/#\/schema\/person\/image\/"},"description":"Hello and welcome to my technology blog! As a big Apple fan, I report on everything to do with Apple: from the latest news and exciting rumors to helpful tips and tricks and detailed product tests. If you are as enthusiastic about technology as I am, you have come to the right place!","sameAs":["https:\/\/www.facebook.com\/apfelpatientOfficial","https:\/\/www.linkedin.com\/in\/milan-jovicic-42aa0231b"],"url":"https:\/\/www.apfelpatient.de\/en\/author\/apfeladmin"}]}},"_links":{"self":[{"href":"https:\/\/www.apfelpatient.de\/en\/wp-json\/wp\/v2\/posts\/49591","targetHints":{"allow":["GET"]}}],"collection":[{"href":"https:\/\/www.apfelpatient.de\/en\/wp-json\/wp\/v2\/posts"}],"about":[{"href":"https:\/\/www.apfelpatient.de\/en\/wp-json\/wp\/v2\/types\/post"}],"author":[{"embeddable":true,"href":"https:\/\/www.apfelpatient.de\/en\/wp-json\/wp\/v2\/users\/2"}],"replies":[{"embeddable":true,"href":"https:\/\/www.apfelpatient.de\/en\/wp-json\/wp\/v2\/comments?post=49591"}],"version-history":[{"count":0,"href":"https:\/\/www.apfelpatient.de\/en\/wp-json\/wp\/v2\/posts\/49591\/revisions"}],"wp:featuredmedia":[{"embeddable":true,"href":"https:\/\/www.apfelpatient.de\/en\/wp-json\/wp\/v2\/media\/49590"}],"wp:attachment":[{"href":"https:\/\/www.apfelpatient.de\/en\/wp-json\/wp\/v2\/media?parent=49591"}],"wp:term":[{"taxonomy":"category","embeddable":true,"href":"https:\/\/www.apfelpatient.de\/en\/wp-json\/wp\/v2\/categories?post=49591"},{"taxonomy":"post_tag","embeddable":true,"href":"https:\/\/www.apfelpatient.de\/en\/wp-json\/wp\/v2\/tags?post=49591"}],"curies":[{"name":"wp","href":"https:\/\/api.w.org\/{rel}","templated":true}]}}