{"id":49582,"date":"2025-02-02T18:00:58","date_gmt":"2025-02-02T17:00:58","guid":{"rendered":"https:\/\/www.apfelpatient.de\/?p=49582"},"modified":"2025-02-02T18:01:00","modified_gmt":"2025-02-02T17:01:00","slug":"powerbeats-pro-2-apple-plans-to-unveil-on-february-11th","status":"publish","type":"post","link":"https:\/\/www.apfelpatient.de\/en\/rumors\/powerbeats-pro-2-apple-plant-enthuellung-am-11-februar","title":{"rendered":"Powerbeats Pro 2: Apple plans unveiling on February 11th"},"content":{"rendered":"<p class=\"has-drop-cap\"><strong>Apple will officially announce the Powerbeats Pro 2 on February 11, 2025. The wireless in-ear headphones are a further development of the popular Powerbeats Pro from 2019 and are aimed specifically at athletes and fitness enthusiasts. Numerous improvements have already been confirmed, including a revised design, improved noise cancellation, heart rate measurement and a longer battery life. In addition, new color variants are planned and the charging case will be switched to USB-C. Here are all the known details about the new Powerbeats Pro 2.<\/strong><\/p>\n\n\n\n<p>The first generation of the Powerbeats Pro was particularly known for its stable fit thanks to the adjustable ear hooks. They were considered a sportier alternative to the AirPods Pro because they were designed for more intensive workouts. Despite their success, there were some weaknesses, such as the bulky charging case and the lack of modern features such as active noise cancellation. With the second generation, Apple wants to improve these points and introduce new functions that are particularly interesting for fitness users.<\/p>\n\n\n\n<h4 class=\"wp-block-heading\" id=\"h-erscheinungsdatum-und-preis\">release date and price<\/h4>\n\n\n\n<p>According to renowned journalist Mark Gurman of <a href=\"https:\/\/www.bloomberg.com\/news\/newsletters\/2025-02-02\/apple-aapl-ai-and-ar-struggles-show-it-has-lost-some-of-its-product-edge\" target=\"_blank\" rel=\"noreferrer noopener\">Bloomberg<\/a> Apple will officially unveil the Powerbeats Pro 2 on Tuesday, February 11, 2025. The retail price in the US is $250. A price of around 250 euros is expected for Europe.<\/p>\n\n\n\n<h4 class=\"wp-block-heading\" id=\"h-uberarbeitetes-design\">Revised design<\/h4>\n\n\n\n<p>Apple has slightly changed the design of the new Powerbeats Pro 2. Compared to the first generation, the earphones are slimmer and more vertically aligned. This was already seen in a teaser video in which baseball star Shohei Ohtani is wearing the headphones. The revised ear hooks are intended to ensure an even better fit, especially during intensive training sessions.<\/p>\n\n\n\n<h4 class=\"wp-block-heading\" id=\"h-bessere-gerauschunterdruckung-durch-den-h2-chip\">Better noise cancellation thanks to the H2 chip<\/h4>\n\n\n\n<p>A major upgrade is the new H2 chip, which is also used in the AirPods Pro 2. This significantly improves active noise cancellation (ANC). The transparency mode, which allows ambient noise to pass through, has also been optimized. Compared to the original Powerbeats Pro, which had no ANC function at all, this is a big improvement.<\/p>\n\n\n\n<h4 class=\"wp-block-heading\" id=\"h-herzfrequenzmessung-und-fitness-integration\">heart rate measurement and fitness integration<\/h4>\n\n\n\n<p>A completely new feature of the Powerbeats Pro 2 is the integrated heart rate measurement. According to code found in iOS 18, the headphones will be able to monitor heart rate during training. They can also be paired with fitness equipment such as treadmills to record the values directly. The collected data is stored in the Health app and other compatible fitness apps on the iPhone. This is an exciting innovation for athletes who want to analyze their performance precisely. It could even be an alternative to conventional chest straps or smartwatches if the measurement is precise enough.<\/p>\n\n\n\n<h4 class=\"wp-block-heading\" id=\"h-neue-farboptionen\">New color options<\/h4>\n\n\n\n<p>Apple is launching the Powerbeats Pro 2 in several new colors. One of the most striking variants is Electric Orange, a bright color that has already been discovered in code analysis. In addition to classic colors such as black and white, there are likely to be other sporty shades as well.<\/p>\n\n\n\n<h4 class=\"wp-block-heading\" id=\"h-verbesserte-klangqualitat-und-akkulaufzeit\">Improved sound quality and battery life<\/h4>\n\n\n\n<p>The first generation of Powerbeats Pro already had a powerful sound with strong bass, but Apple will further optimize the audio quality in the second generation. The H2 chip could make the sound even clearer and more balanced. The battery life is also said to have been improved. The original Powerbeats Pro lasted up to 9 hours per charge, and even over 24 hours with the charging case. It is possible that Apple will get even more battery life out of these, which would be particularly beneficial for long training sessions.<\/p>\n\n\n\n<h4 class=\"wp-block-heading\" id=\"h-usb-c-anschluss-und-bessere-android-kompatibilitat\">USB-C port and better Android compatibility<\/h4>\n\n\n\n<p>As is already the case with the latest Apple devices, the Powerbeats Pro 2 will be equipped with a USB-C charging port. This means that the previous Lightning cable is no longer needed. In addition, compatibility with Android devices is said to have been improved. In addition to an optimized Bluetooth connection, Android users could benefit from new functions such as &quot;Find My Device&quot;. This makes it easier to locate the headphones if they are lost - a function that was previously only fully integrated in the Apple ecosystem.<\/p>\n\n\n\n<h3 class=\"wp-block-heading\" id=\"h-powerbeats-pro-2-lohnt-sich-der-kauf\">Powerbeats Pro 2: Is it worth buying?<\/h3>\n\n\n\n<p>The Powerbeats Pro 2 are a major upgrade over the first generation. With better noise cancellation, heart rate monitoring, optimized design, longer battery life and USB-C, Apple offers an all-round improved product for sports and music lovers. Fitness fans in particular who value a stable fit and extended training functions should benefit from the new features. The price remains in the premium segment at around 250 euros, but the investment could be worthwhile for the technology and range of functions offered. Anyone looking for high-quality sports headphones should keep an eye on the announcement on February 11, 2025. (Image: Apple)<\/p>\n\n\n\n<ul class=\"wp-block-list\">\n<li><a href=\"https:\/\/www.apfelpatient.de\/en\/news\/powerbeats-pro-2-new-information-from-official-databases\">Powerbeats Pro 2: New information from official databases<\/a><\/li>\n\n\n\n<li><a href=\"https:\/\/www.apfelpatient.de\/en\/rumors\/confetti-apple-plans-new-icloud-feature-for-invitations\">\u201cConfetti\u201d: Apple plans new iCloud feature for invitations<\/a><\/li>\n\n\n\n<li><a href=\"https:\/\/www.apfelpatient.de\/en\/rumors\/apple-cancels-ar-glasses-with-mac-connection-but-not-all-plans\">Apple cancels AR glasses with Mac connection \u2013 but not all plans<\/a><\/li>\n\n\n\n<li><a href=\"https:\/\/www.apfelpatient.de\/en\/rumors\/iphone-apple-checks-potential-suppliers-for-foldable-display\">iPhone: Apple is checking potential suppliers for foldable display<\/a><\/li>\n<\/ul>\n\n\n\n<h6 class=\"wp-block-heading translation-block\" id=\"h-kennt-ihr-schon-unsere-amazon-storefront-dort-findet-ihr-eine-handverlesene-auswahl-von-diversen-produkten-f-r-euer-iphone-und-co-viel-spa-beim-st-bern\"><em>Have you already visited our Amazon Storefront? There you&#039;ll find a hand-picked selection of various products for your iPhone and other devices \u2013 <span class=\"has-inline-color has-vivid-red-color\"><a href=\"https:\/\/www.amazon.de\/shop\/apfelpatientofficial\" class=\"ek-link\" data-wpel-link=\"exclude\" rel=\"follow noopener\" target=\"_self\"><span style=\"text-decoration: underline\" class=\"ek-underline\">enjoy browsing<\/span><\/a> !<\/span><\/em><\/h6>\n\n\n\n<h6 class=\"wp-block-heading translation-block\" id=\"h-der-beitrag-enthalt-partnerlinks\">This post contains <a data-type=\"URL\" data-id=\"https:\/\/www.apfelpatient.de\/partnerprogramm\" href=\"https:\/\/www.apfelpatient.de\/en\/partner-program\" data-wpel-link=\"internal\" target=\"_self\">affiliate links<\/a>.<\/h6>","protected":false},"excerpt":{"rendered":"<p>Apple will soon introduce the Powerbeats Pro 2! Improved noise cancellation, heart rate monitoring and USB-C \u2013 all the details here.<\/p>","protected":false},"author":2,"featured_media":48650,"comment_status":"closed","ping_status":"closed","sticky":false,"template":"","format":"standard","meta":{"jnews-multi-image_gallery":[],"jnews_single_post":{"format":"standard","override":[{"template":"2","parallax":"1","fullscreen":"1","layout":"right-sidebar","sidebar":"default-sidebar","second_sidebar":"default-sidebar","sticky_sidebar":"1","share_position":"top","share_float_style":"share-monocrhome","show_featured":"1","show_post_meta":"1","show_post_author":"1","show_post_author_image":"1","show_post_date":"1","post_date_format":"default","post_date_format_custom":"Y\/m\/d","show_post_category":"1","show_post_reading_time":"0","post_reading_time_wpm":"300","post_calculate_word_method":"str_word_count","show_zoom_button":"0","zoom_button_out_step":"2","zoom_button_in_step":"3","show_post_tag":"1","show_prev_next_post":"1","show_popup_post":"1","number_popup_post":"1","show_author_box":"0","show_post_related":"0","show_inline_post_related":"0"}],"image_override":[{"single_post_thumbnail_size":"crop-500","single_post_gallery_size":"crop-500"}],"trending_post_position":"meta","trending_post_label":"Trending","sponsored_post_label":"Sponsored by","disable_ad":"0"},"jnews_primary_category":{"id":"25"},"footnotes":""},"categories":[25],"tags":[223,400,13],"class_list":["post-49582","post","type-post","status-publish","format-standard","has-post-thumbnail","hentry","category-rumors","tag-beats","tag-powerbeats-pro-2","tag-techpatient"],"yoast_head":"<!-- This site is optimized with the Yoast SEO Premium plugin v27.5 (Yoast SEO v27.5) - https:\/\/yoast.com\/product\/yoast-seo-premium-wordpress\/ -->\n<title>Powerbeats Pro 2: Apple plant Enth\u00fcllung am 11. Februar Apfelpatient<\/title>\n<meta name=\"description\" content=\"Apple stellt die Powerbeats Pro 2 bald vor! Verbesserte Ger\u00e4uschunterdr\u00fcckung, Herzfrequenzmessung und USB-C \u2013 Alle Details hier.\" \/>\n<meta name=\"robots\" content=\"index, follow, max-snippet:-1, max-image-preview:large, max-video-preview:-1\" \/>\n<link rel=\"canonical\" href=\"https:\/\/www.apfelpatient.de\/en\/rumors\/powerbeats-pro-2-apple-plans-to-unveil-on-february-11th\" \/>\n<meta property=\"og:locale\" content=\"en_US\" \/>\n<meta property=\"og:type\" content=\"article\" \/>\n<meta property=\"og:title\" content=\"Powerbeats Pro 2: Apple plant Enth\u00fcllung am 11. Februar\" \/>\n<meta property=\"og:description\" content=\"Apple stellt die Powerbeats Pro 2 bald vor! Verbesserte Ger\u00e4uschunterdr\u00fcckung, Herzfrequenzmessung und USB-C \u2013 Alle Details hier.\" \/>\n<meta property=\"og:url\" content=\"https:\/\/www.apfelpatient.de\/en\/rumors\/powerbeats-pro-2-apple-plans-to-unveil-on-february-11th\" \/>\n<meta property=\"og:site_name\" content=\"Apfelpatient\" \/>\n<meta property=\"article:publisher\" content=\"https:\/\/www.facebook.com\/apfelpatientOfficial\" \/>\n<meta property=\"article:author\" content=\"https:\/\/www.facebook.com\/apfelpatientOfficial\" \/>\n<meta property=\"article:published_time\" content=\"2025-02-02T17:00:58+00:00\" \/>\n<meta property=\"article:modified_time\" content=\"2025-02-02T17:01:00+00:00\" \/>\n<meta property=\"og:image\" content=\"https:\/\/www.apfelpatient.de\/wp-content\/uploads\/2024\/12\/Ivory-PowerBeats-Pro-RGB-Angle04_v10.jpg\" \/>\n\t<meta property=\"og:image:width\" content=\"1600\" \/>\n\t<meta property=\"og:image:height\" content=\"907\" \/>\n\t<meta property=\"og:image:type\" content=\"image\/jpeg\" \/>\n<meta name=\"author\" content=\"Milan\" \/>\n<meta name=\"twitter:card\" content=\"summary_large_image\" \/>\n<meta name=\"twitter:description\" content=\"Apple stellt die Powerbeats Pro 2 bald vor! Verbesserte Ger\u00e4uschunterdr\u00fcckung, Herzfrequenzmessung und USB-C \u2013 Alle Details hier.\" \/>\n<meta name=\"twitter:label1\" content=\"Written by\" \/>\n\t<meta name=\"twitter:data1\" content=\"Milan\" \/>\n\t<meta name=\"twitter:label2\" content=\"Est. reading time\" \/>\n\t<meta name=\"twitter:data2\" content=\"5 minutes\" \/>\n<script type=\"application\/ld+json\" class=\"yoast-schema-graph\">{\"@context\":\"https:\\\/\\\/schema.org\",\"@graph\":[{\"@type\":\"NewsArticle\",\"@id\":\"https:\\\/\\\/www.apfelpatient.de\\\/rumors\\\/powerbeats-pro-2-apple-plant-enthuellung-am-11-februar#article\",\"isPartOf\":{\"@id\":\"https:\\\/\\\/www.apfelpatient.de\\\/rumors\\\/powerbeats-pro-2-apple-plant-enthuellung-am-11-februar\"},\"author\":{\"@type\":\"Organization\",\"@id\":\"https:\\\/\\\/www.apfelpatient.de\\\/en\\\/#organization\",\"name\":\"Apfelpatient\",\"url\":\"https:\\\/\\\/www.apfelpatient.de\\\/en\\\/\"},\"headline\":\"Powerbeats Pro 2: Apple plant Enth\u00fcllung am 11. Februar\",\"datePublished\":\"2025-02-02T17:00:58+00:00\",\"dateModified\":\"2025-02-02T17:01:00+00:00\",\"mainEntityOfPage\":{\"@id\":\"https:\\\/\\\/www.apfelpatient.de\\\/rumors\\\/powerbeats-pro-2-apple-plant-enthuellung-am-11-februar\"},\"wordCount\":789,\"publisher\":{\"@type\":\"Organization\",\"@id\":\"https:\\\/\\\/www.apfelpatient.de\\\/en\\\/#organization\",\"name\":\"Apfelpatient\",\"url\":\"https:\\\/\\\/www.apfelpatient.de\\\/en\\\/\"},\"image\":{\"@id\":\"https:\\\/\\\/www.apfelpatient.de\\\/rumors\\\/powerbeats-pro-2-apple-plant-enthuellung-am-11-februar#primaryimage\"},\"thumbnailUrl\":\"https:\\\/\\\/www.apfelpatient.de\\\/wp-content\\\/uploads\\\/2024\\\/12\\\/Ivory-PowerBeats-Pro-RGB-Angle04_v10.jpg\",\"keywords\":[\"Beats\",\"Powerbeats Pro 2\",\"TechPatient\"],\"articleSection\":\"Rumors\",\"inLanguage\":\"en-US\",\"copyrightYear\":\"2025\",\"copyrightHolder\":{\"@id\":\"https:\\\/\\\/www.apfelpatient.de\\\/en\\\/#organization\"}},{\"@type\":\"WebPage\",\"@id\":\"https:\\\/\\\/www.apfelpatient.de\\\/rumors\\\/powerbeats-pro-2-apple-plant-enthuellung-am-11-februar\",\"url\":\"https:\\\/\\\/www.apfelpatient.de\\\/rumors\\\/powerbeats-pro-2-apple-plant-enthuellung-am-11-februar\",\"name\":\"Powerbeats Pro 2: Apple plant Enth\u00fcllung am 11. Februar Apfelpatient\",\"isPartOf\":{\"@id\":\"https:\\\/\\\/www.apfelpatient.de\\\/#website\"},\"primaryImageOfPage\":{\"@id\":\"https:\\\/\\\/www.apfelpatient.de\\\/rumors\\\/powerbeats-pro-2-apple-plant-enthuellung-am-11-februar#primaryimage\"},\"image\":{\"@id\":\"https:\\\/\\\/www.apfelpatient.de\\\/rumors\\\/powerbeats-pro-2-apple-plant-enthuellung-am-11-februar#primaryimage\"},\"thumbnailUrl\":\"https:\\\/\\\/www.apfelpatient.de\\\/wp-content\\\/uploads\\\/2024\\\/12\\\/Ivory-PowerBeats-Pro-RGB-Angle04_v10.jpg\",\"datePublished\":\"2025-02-02T17:00:58+00:00\",\"dateModified\":\"2025-02-02T17:01:00+00:00\",\"description\":\"Apple stellt die Powerbeats Pro 2 bald vor! Verbesserte Ger\u00e4uschunterdr\u00fcckung, Herzfrequenzmessung und USB-C \u2013 Alle Details hier.\",\"breadcrumb\":{\"@id\":\"https:\\\/\\\/www.apfelpatient.de\\\/rumors\\\/powerbeats-pro-2-apple-plant-enthuellung-am-11-februar#breadcrumb\"},\"inLanguage\":\"en-US\",\"potentialAction\":[{\"@type\":\"ReadAction\",\"target\":[\"https:\\\/\\\/www.apfelpatient.de\\\/rumors\\\/powerbeats-pro-2-apple-plant-enthuellung-am-11-februar\"]}]},{\"@type\":\"ImageObject\",\"inLanguage\":\"en-US\",\"@id\":\"https:\\\/\\\/www.apfelpatient.de\\\/rumors\\\/powerbeats-pro-2-apple-plant-enthuellung-am-11-februar#primaryimage\",\"url\":\"https:\\\/\\\/www.apfelpatient.de\\\/wp-content\\\/uploads\\\/2024\\\/12\\\/Ivory-PowerBeats-Pro-RGB-Angle04_v10.jpg\",\"contentUrl\":\"https:\\\/\\\/www.apfelpatient.de\\\/wp-content\\\/uploads\\\/2024\\\/12\\\/Ivory-PowerBeats-Pro-RGB-Angle04_v10.jpg\",\"width\":1600,\"height\":907,\"caption\":\"Bild: Apple\"},{\"@type\":\"BreadcrumbList\",\"@id\":\"https:\\\/\\\/www.apfelpatient.de\\\/rumors\\\/powerbeats-pro-2-apple-plant-enthuellung-am-11-februar#breadcrumb\",\"itemListElement\":[{\"@type\":\"ListItem\",\"position\":1,\"name\":\"Startseite\",\"item\":\"https:\\\/\\\/www.apfelpatient.de\\\/\"},{\"@type\":\"ListItem\",\"position\":2,\"name\":\"Powerbeats Pro 2: Apple plant Enth\u00fcllung am 11. Februar\"}]},{\"@type\":\"WebSite\",\"@id\":\"https:\\\/\\\/www.apfelpatient.de\\\/#website\",\"url\":\"https:\\\/\\\/www.apfelpatient.de\\\/\",\"name\":\"Apfelpatient\",\"description\":\"Alles rund um Apple!\",\"publisher\":{\"@type\":\"Organization\",\"@id\":\"https:\\\/\\\/www.apfelpatient.de\\\/en\\\/#organization\",\"name\":\"Apfelpatient\",\"url\":\"https:\\\/\\\/www.apfelpatient.de\\\/en\\\/\"},\"alternateName\":\"Apfelpatient\",\"potentialAction\":[{\"@type\":\"SearchAction\",\"target\":{\"@type\":\"EntryPoint\",\"urlTemplate\":\"https:\\\/\\\/www.apfelpatient.de\\\/?s={search_term_string}\"},\"query-input\":{\"@type\":\"PropertyValueSpecification\",\"valueRequired\":true,\"valueName\":\"search_term_string\"}}],\"inLanguage\":\"en-US\"},{\"@type\":[\"Person\",\"Organization\"],\"@id\":\"https:\\\/\\\/www.apfelpatient.de\\\/#\\\/schema\\\/person\\\/7dc56ad6c8e9824b76d2c08d4c140e13\",\"name\":\"Milan\",\"logo\":{\"@id\":\"https:\\\/\\\/www.apfelpatient.de\\\/#\\\/schema\\\/person\\\/image\\\/\"},\"description\":\"Hallo und herzlich willkommen auf meinem Technik-Blog! Als gro\u00dfer Apple-Fan berichte ich hier \u00fcber alles, was mit Apple zu tun hat: von den neuesten News und spannenden Ger\u00fcchten \u00fcber hilfreiche Tipps und Tricks bis hin zu ausf\u00fchrlichen Produkttests. Wenn du genauso technikbegeistert bist wie ich, bist du hier genau richtig!\",\"sameAs\":[\"https:\\\/\\\/www.facebook.com\\\/apfelpatientOfficial\",\"https:\\\/\\\/www.linkedin.com\\\/in\\\/milan-jovicic-42aa0231b\"],\"url\":\"https:\\\/\\\/www.apfelpatient.de\\\/en\\\/author\\\/apfeladmin\"}]}<\/script>\n<!-- \/ Yoast SEO Premium plugin. -->","yoast_head_json":{"title":"Powerbeats Pro 2: Apple plans unveiling on February 11th Apfelpatient","description":"Apple will soon introduce the Powerbeats Pro 2! Improved noise cancellation, heart rate monitoring and USB-C \u2013 all the details here.","robots":{"index":"index","follow":"follow","max-snippet":"max-snippet:-1","max-image-preview":"max-image-preview:large","max-video-preview":"max-video-preview:-1"},"canonical":"https:\/\/www.apfelpatient.de\/en\/rumors\/powerbeats-pro-2-apple-plans-to-unveil-on-february-11th","og_locale":"en_US","og_type":"article","og_title":"Powerbeats Pro 2: Apple plant Enth\u00fcllung am 11. Februar","og_description":"Apple stellt die Powerbeats Pro 2 bald vor! Verbesserte Ger\u00e4uschunterdr\u00fcckung, Herzfrequenzmessung und USB-C \u2013 Alle Details hier.","og_url":"https:\/\/www.apfelpatient.de\/en\/rumors\/powerbeats-pro-2-apple-plans-to-unveil-on-february-11th","og_site_name":"Apfelpatient","article_publisher":"https:\/\/www.facebook.com\/apfelpatientOfficial","article_author":"https:\/\/www.facebook.com\/apfelpatientOfficial","article_published_time":"2025-02-02T17:00:58+00:00","article_modified_time":"2025-02-02T17:01:00+00:00","og_image":[{"width":1600,"height":907,"url":"https:\/\/www.apfelpatient.de\/wp-content\/uploads\/2024\/12\/Ivory-PowerBeats-Pro-RGB-Angle04_v10.jpg","type":"image\/jpeg"}],"author":"Milan","twitter_card":"summary_large_image","twitter_description":"Apple stellt die Powerbeats Pro 2 bald vor! Verbesserte Ger\u00e4uschunterdr\u00fcckung, Herzfrequenzmessung und USB-C \u2013 Alle Details hier.","twitter_misc":{"Written by":"Milan","Est. reading time":"5 minutes"},"schema":{"@context":"https:\/\/schema.org","@graph":[{"@type":"NewsArticle","@id":"https:\/\/www.apfelpatient.de\/rumors\/powerbeats-pro-2-apple-plant-enthuellung-am-11-februar#article","isPartOf":{"@id":"https:\/\/www.apfelpatient.de\/rumors\/powerbeats-pro-2-apple-plant-enthuellung-am-11-februar"},"author":{"@type":"Organization","@id":"https:\/\/www.apfelpatient.de\/en\/#organization","name":"Apfelpatient","url":"https:\/\/www.apfelpatient.de\/en\/"},"headline":"Powerbeats Pro 2: Apple plant Enth\u00fcllung am 11. Februar","datePublished":"2025-02-02T17:00:58+00:00","dateModified":"2025-02-02T17:01:00+00:00","mainEntityOfPage":{"@id":"https:\/\/www.apfelpatient.de\/rumors\/powerbeats-pro-2-apple-plant-enthuellung-am-11-februar"},"wordCount":789,"publisher":{"@type":"Organization","@id":"https:\/\/www.apfelpatient.de\/en\/#organization","name":"Apfelpatient","url":"https:\/\/www.apfelpatient.de\/en\/"},"image":{"@id":"https:\/\/www.apfelpatient.de\/rumors\/powerbeats-pro-2-apple-plant-enthuellung-am-11-februar#primaryimage"},"thumbnailUrl":"https:\/\/www.apfelpatient.de\/wp-content\/uploads\/2024\/12\/Ivory-PowerBeats-Pro-RGB-Angle04_v10.jpg","keywords":["Beats","Powerbeats Pro 2","TechPatient"],"articleSection":"Rumors","inLanguage":"en-US","copyrightYear":"2025","copyrightHolder":{"@id":"https:\/\/www.apfelpatient.de\/en\/#organization"}},{"@type":"WebPage","@id":"https:\/\/www.apfelpatient.de\/rumors\/powerbeats-pro-2-apple-plant-enthuellung-am-11-februar","url":"https:\/\/www.apfelpatient.de\/rumors\/powerbeats-pro-2-apple-plant-enthuellung-am-11-februar","name":"Powerbeats Pro 2: Apple plans unveiling on February 11th Apfelpatient","isPartOf":{"@id":"https:\/\/www.apfelpatient.de\/#website"},"primaryImageOfPage":{"@id":"https:\/\/www.apfelpatient.de\/rumors\/powerbeats-pro-2-apple-plant-enthuellung-am-11-februar#primaryimage"},"image":{"@id":"https:\/\/www.apfelpatient.de\/rumors\/powerbeats-pro-2-apple-plant-enthuellung-am-11-februar#primaryimage"},"thumbnailUrl":"https:\/\/www.apfelpatient.de\/wp-content\/uploads\/2024\/12\/Ivory-PowerBeats-Pro-RGB-Angle04_v10.jpg","datePublished":"2025-02-02T17:00:58+00:00","dateModified":"2025-02-02T17:01:00+00:00","description":"Apple will soon introduce the Powerbeats Pro 2! Improved noise cancellation, heart rate monitoring and USB-C \u2013 all the details here.","breadcrumb":{"@id":"https:\/\/www.apfelpatient.de\/rumors\/powerbeats-pro-2-apple-plant-enthuellung-am-11-februar#breadcrumb"},"inLanguage":"en-US","potentialAction":[{"@type":"ReadAction","target":["https:\/\/www.apfelpatient.de\/rumors\/powerbeats-pro-2-apple-plant-enthuellung-am-11-februar"]}]},{"@type":"ImageObject","inLanguage":"en-US","@id":"https:\/\/www.apfelpatient.de\/rumors\/powerbeats-pro-2-apple-plant-enthuellung-am-11-februar#primaryimage","url":"https:\/\/www.apfelpatient.de\/wp-content\/uploads\/2024\/12\/Ivory-PowerBeats-Pro-RGB-Angle04_v10.jpg","contentUrl":"https:\/\/www.apfelpatient.de\/wp-content\/uploads\/2024\/12\/Ivory-PowerBeats-Pro-RGB-Angle04_v10.jpg","width":1600,"height":907,"caption":"Bild: Apple"},{"@type":"BreadcrumbList","@id":"https:\/\/www.apfelpatient.de\/rumors\/powerbeats-pro-2-apple-plant-enthuellung-am-11-februar#breadcrumb","itemListElement":[{"@type":"ListItem","position":1,"name":"Startseite","item":"https:\/\/www.apfelpatient.de\/"},{"@type":"ListItem","position":2,"name":"Powerbeats Pro 2: Apple plant Enth\u00fcllung am 11. Februar"}]},{"@type":"WebSite","@id":"https:\/\/www.apfelpatient.de\/#website","url":"https:\/\/www.apfelpatient.de\/","name":"apple patient","description":"Everything about Apple!","publisher":{"@type":"Organization","@id":"https:\/\/www.apfelpatient.de\/en\/#organization","name":"Apfelpatient","url":"https:\/\/www.apfelpatient.de\/en\/"},"alternateName":"Apfelpatient","potentialAction":[{"@type":"SearchAction","target":{"@type":"EntryPoint","urlTemplate":"https:\/\/www.apfelpatient.de\/?s={search_term_string}"},"query-input":{"@type":"PropertyValueSpecification","valueRequired":true,"valueName":"search_term_string"}}],"inLanguage":"en-US"},{"@type":["Person","Organization"],"@id":"https:\/\/www.apfelpatient.de\/#\/schema\/person\/7dc56ad6c8e9824b76d2c08d4c140e13","name":"Milan","logo":{"@id":"https:\/\/www.apfelpatient.de\/#\/schema\/person\/image\/"},"description":"Hello and welcome to my technology blog! As a big Apple fan, I report on everything to do with Apple: from the latest news and exciting rumors to helpful tips and tricks and detailed product tests. If you are as enthusiastic about technology as I am, you have come to the right place!","sameAs":["https:\/\/www.facebook.com\/apfelpatientOfficial","https:\/\/www.linkedin.com\/in\/milan-jovicic-42aa0231b"],"url":"https:\/\/www.apfelpatient.de\/en\/author\/apfeladmin"}]}},"_links":{"self":[{"href":"https:\/\/www.apfelpatient.de\/en\/wp-json\/wp\/v2\/posts\/49582","targetHints":{"allow":["GET"]}}],"collection":[{"href":"https:\/\/www.apfelpatient.de\/en\/wp-json\/wp\/v2\/posts"}],"about":[{"href":"https:\/\/www.apfelpatient.de\/en\/wp-json\/wp\/v2\/types\/post"}],"author":[{"embeddable":true,"href":"https:\/\/www.apfelpatient.de\/en\/wp-json\/wp\/v2\/users\/2"}],"replies":[{"embeddable":true,"href":"https:\/\/www.apfelpatient.de\/en\/wp-json\/wp\/v2\/comments?post=49582"}],"version-history":[{"count":0,"href":"https:\/\/www.apfelpatient.de\/en\/wp-json\/wp\/v2\/posts\/49582\/revisions"}],"wp:featuredmedia":[{"embeddable":true,"href":"https:\/\/www.apfelpatient.de\/en\/wp-json\/wp\/v2\/media\/48650"}],"wp:attachment":[{"href":"https:\/\/www.apfelpatient.de\/en\/wp-json\/wp\/v2\/media?parent=49582"}],"wp:term":[{"taxonomy":"category","embeddable":true,"href":"https:\/\/www.apfelpatient.de\/en\/wp-json\/wp\/v2\/categories?post=49582"},{"taxonomy":"post_tag","embeddable":true,"href":"https:\/\/www.apfelpatient.de\/en\/wp-json\/wp\/v2\/tags?post=49582"}],"curies":[{"name":"wp","href":"https:\/\/api.w.org\/{rel}","templated":true}]}}