{"id":49563,"date":"2025-01-31T21:06:32","date_gmt":"2025-01-31T20:06:32","guid":{"rendered":"https:\/\/www.apfelpatient.de\/?p=49563"},"modified":"2025-01-31T21:06:34","modified_gmt":"2025-01-31T20:06:34","slug":"apple-cancels-ar-glasses-with-mac-connection-but-not-all-plans","status":"publish","type":"post","link":"https:\/\/www.apfelpatient.de\/en\/rumors\/apple-streicht-ar-brille-mit-mac-anbindung-aber-nicht-alle-plaene","title":{"rendered":"Apple cancels AR glasses with Mac connection \u2013 but not all plans"},"content":{"rendered":"<p class=\"has-drop-cap\"><strong>Apple has unexpectedly stopped an ambitious project to develop augmented reality glasses. The planned device was supposed to function as smart glasses with an integrated display but be connected to a Mac. This approach turned out to be problematic, which is why the company has now stopped development.<\/strong><\/p>\n\n\n\n<p>There has been speculation about Apple glasses for years. While Meta already has AR and VR products on the market with the Quest and Microsoft with the HoloLens, Apple held back for a long time with its own solutions. Instead, the company focused on the Vision Pro, a high-end VR headset that was launched in 2024. But there was another project running alongside it - simple augmented reality headsets that would connect to other Apple devices. This concept has now been discarded.<\/p>\n\n\n\n<h4 class=\"wp-block-heading\" id=\"h-apple-bricht-die-entwicklung-der-ar-brille-ab\">Apple cancels development of AR glasses<\/h4>\n\n\n\n<p>According to a <a href=\"https:\/\/www.bloomberg.com\/news\/articles\/2025-01-31\/apple-scraps-work-on-mac-connected-augmented-reality-glasses?embedded-checkout=true\" target=\"_blank\" rel=\"noreferrer noopener\">report<\/a> According to Mark Gurman at Bloomberg, Apple has finally given up on developing smart glasses with a Mac connection. Several insiders familiar with the project confirmed that the device would have had a normal glasses shape, but would have been equipped with an integrated screen. However, the processing of the AR content would not have taken place in the glasses themselves, but via a connected Mac. This dependency made the product impractical for everyday use. Most users expect augmented reality glasses to be mobile and flexible. A wired solution contradicts this claim. Apple had originally planned to connect the glasses to the iPhone, but this concept could not be implemented either.<\/p>\n\n\n\n<h4 class=\"wp-block-heading\" id=\"h-hochmoderne-features-doch-das-konzept-funktionierte-nicht\">State-of-the-art features, but the concept didn\u2019t work<\/h4>\n\n\n\n<p>Another problem was the technological implementation. Apple was working on several innovative features, including special MicroLED screens and advanced projectors that would project content directly into the user&#039;s field of vision. The glasses were also supposed to have self-tinting lenses that would adjust depending on the usage situation. This would signal, for example, whether a person is open for conversation or engrossed in a digital task. In the end, however, too many compromises meant that the device did not meet the desired standards. Apple therefore decided to abandon the project.<\/p>\n\n\n\n<h4 class=\"wp-block-heading\" id=\"h-welche-technologien-konnten-erhalten-bleiben\">Which technologies could be retained?<\/h4>\n\n\n\n<p>Although the glasses will not appear in their planned form, that does not mean that all the technology developed is lost. Apple continues to invest in augmented reality and could use some of the innovations for future products. Technologies that could continue to play a role include:<\/p>\n\n\n\n<ul class=\"wp-block-list\">\n<li>MicroLED displays for better and lighter AR glasses<\/li>\n\n\n\n<li>Advanced AR projectors for a more realistic display of digital content<\/li>\n\n\n\n<li>Self-tinting lenses for improved user interaction<\/li>\n<\/ul>\n\n\n\n<p>Apple will likely focus on finding a more everyday solution \u2013 possibly standalone AR glasses without a cable connection.<\/p>\n\n\n\n<h3 class=\"wp-block-heading\" id=\"h-apple-stoppt-ar-brillenprojekt-halt-aber-an-der-vision-fest\">Apple stops AR glasses project but sticks to the vision<\/h3>\n\n\n\n<p>Apple has finally ended the project of wired AR glasses because they did not meet the requirements for modern, flexible use. However, the idea of integrating augmented reality into slim glasses remains the company&#039;s focus. Instead, Apple will probably develop other AR products that could play a larger role in the future. The Vision Pro is already a first step in this direction. It remains to be seen whether and when real Apple Glasses will appear. (Photo by Unsplash+ \/ Aakash Dhage)<\/p>\n\n\n\n<ul class=\"wp-block-list\">\n<li><a href=\"https:\/\/www.apfelpatient.de\/en\/news\/apple-vision-pro-why-doctors-prefer-it-in-the-operating-room\">Apple Vision Pro: Why doctors prefer it in the operating room<\/a><\/li>\n\n\n\n<li><a href=\"https:\/\/www.apfelpatient.de\/en\/rumors\/smart-glasses-from-apple-a-look-into-the-future\">Smart Glasses from Apple: A Look into the Future<\/a><\/li>\n<\/ul>\n\n\n\n<h6 class=\"wp-block-heading translation-block\" id=\"h-kennt-ihr-schon-unsere-amazon-storefront-dort-findet-ihr-eine-handverlesene-auswahl-von-diversen-produkten-f-r-euer-iphone-und-co-viel-spa-beim-st-bern\"><em>Have you already visited our Amazon Storefront? There you&#039;ll find a hand-picked selection of various products for your iPhone and other devices \u2013 <span class=\"has-inline-color has-vivid-red-color\"><a href=\"https:\/\/www.amazon.de\/shop\/apfelpatientofficial\" class=\"ek-link\" data-wpel-link=\"exclude\" rel=\"follow noopener\" target=\"_self\"><span style=\"text-decoration: underline\" class=\"ek-underline\">enjoy browsing<\/span><\/a> !<\/span><\/em><\/h6>\n\n\n\n<h6 class=\"wp-block-heading translation-block\" id=\"h-der-beitrag-enthalt-partnerlinks\">This post contains <a data-type=\"URL\" data-id=\"https:\/\/www.apfelpatient.de\/partnerprogramm\" href=\"https:\/\/www.apfelpatient.de\/en\/partner-program\" data-wpel-link=\"internal\" target=\"_self\">affiliate links<\/a>.<\/h6>","protected":false},"excerpt":{"rendered":"<p>Apple is ending an AR project with Mac connectivity. But what&#039;s next? Here are all the details about Apple&#039;s plans for augmented reality.<\/p>","protected":false},"author":2,"featured_media":49562,"comment_status":"closed","ping_status":"closed","sticky":false,"template":"","format":"standard","meta":{"jnews-multi-image_gallery":[],"jnews_single_post":{"format":"standard","override":[{"template":"2","parallax":"1","fullscreen":"1","layout":"right-sidebar","sidebar":"default-sidebar","second_sidebar":"default-sidebar","sticky_sidebar":"1","share_position":"top","share_float_style":"share-monocrhome","show_featured":"1","show_post_meta":"1","show_post_author":"1","show_post_author_image":"1","show_post_date":"1","post_date_format":"default","post_date_format_custom":"Y\/m\/d","show_post_category":"1","show_post_reading_time":"0","post_reading_time_wpm":"300","post_calculate_word_method":"str_word_count","show_zoom_button":"0","zoom_button_out_step":"2","zoom_button_in_step":"3","show_post_tag":"1","show_prev_next_post":"1","show_popup_post":"1","number_popup_post":"1","show_author_box":"0","show_post_related":"0","show_inline_post_related":"0"}],"image_override":[{"single_post_thumbnail_size":"crop-500","single_post_gallery_size":"crop-500"}],"trending_post_position":"meta","trending_post_label":"Trending","sponsored_post_label":"Sponsored by","disable_ad":"0"},"jnews_primary_category":{"id":"25"},"footnotes":""},"categories":[25],"tags":[609],"class_list":["post-49563","post","type-post","status-publish","format-standard","has-post-thumbnail","hentry","category-rumors","tag-apple-vr-ar"],"yoast_head":"<!-- This site is optimized with the Yoast SEO Premium plugin v27.5 (Yoast SEO v27.5) - https:\/\/yoast.com\/product\/yoast-seo-premium-wordpress\/ -->\n<title>Apple streicht AR-Brille mit Mac-Anbindung \u2013 Aber nicht alle Pl\u00e4ne Apfelpatient<\/title>\n<meta name=\"description\" content=\"Apple beendet ein AR-Projekt mit Mac-Anbindung. Doch was kommt als N\u00e4chstes? Hier alle Details zu Apples Pl\u00e4nen f\u00fcr Augmented Reality.\" \/>\n<meta name=\"robots\" content=\"index, follow, max-snippet:-1, max-image-preview:large, max-video-preview:-1\" \/>\n<link rel=\"canonical\" href=\"https:\/\/www.apfelpatient.de\/en\/rumors\/apple-cancels-ar-glasses-with-mac-connection-but-not-all-plans\" \/>\n<meta property=\"og:locale\" content=\"en_US\" \/>\n<meta property=\"og:type\" content=\"article\" \/>\n<meta property=\"og:title\" content=\"Apple streicht AR-Brille mit Mac-Anbindung \u2013 Aber nicht alle Pl\u00e4ne\" \/>\n<meta property=\"og:description\" content=\"Apple beendet ein AR-Projekt mit Mac-Anbindung. Doch was kommt als N\u00e4chstes? Hier alle Details zu Apples Pl\u00e4nen f\u00fcr Augmented Reality.\" \/>\n<meta property=\"og:url\" content=\"https:\/\/www.apfelpatient.de\/en\/rumors\/apple-cancels-ar-glasses-with-mac-connection-but-not-all-plans\" \/>\n<meta property=\"og:site_name\" content=\"Apfelpatient\" \/>\n<meta property=\"article:publisher\" content=\"https:\/\/www.facebook.com\/apfelpatientOfficial\" \/>\n<meta property=\"article:author\" content=\"https:\/\/www.facebook.com\/apfelpatientOfficial\" \/>\n<meta property=\"article:published_time\" content=\"2025-01-31T20:06:32+00:00\" \/>\n<meta property=\"article:modified_time\" content=\"2025-01-31T20:06:34+00:00\" \/>\n<meta property=\"og:image\" content=\"https:\/\/www.apfelpatient.de\/wp-content\/uploads\/2025\/01\/aakash-dhage-5Y3OeRqpjhY-unsplash.jpg\" \/>\n\t<meta property=\"og:image:width\" content=\"1600\" \/>\n\t<meta property=\"og:image:height\" content=\"880\" \/>\n\t<meta property=\"og:image:type\" content=\"image\/jpeg\" \/>\n<meta name=\"author\" content=\"Milan\" \/>\n<meta name=\"twitter:card\" content=\"summary_large_image\" \/>\n<meta name=\"twitter:description\" content=\"Apple beendet ein AR-Projekt mit Mac-Anbindung. Doch was kommt als N\u00e4chstes? Hier alle Details zu Apples Pl\u00e4nen f\u00fcr Augmented Reality.\" \/>\n<meta name=\"twitter:label1\" content=\"Written by\" \/>\n\t<meta name=\"twitter:data1\" content=\"Milan\" \/>\n\t<meta name=\"twitter:label2\" content=\"Est. reading time\" \/>\n\t<meta name=\"twitter:data2\" content=\"4 minutes\" \/>\n<script type=\"application\/ld+json\" class=\"yoast-schema-graph\">{\"@context\":\"https:\\\/\\\/schema.org\",\"@graph\":[{\"@type\":\"NewsArticle\",\"@id\":\"https:\\\/\\\/www.apfelpatient.de\\\/rumors\\\/apple-streicht-ar-brille-mit-mac-anbindung-aber-nicht-alle-plaene#article\",\"isPartOf\":{\"@id\":\"https:\\\/\\\/www.apfelpatient.de\\\/rumors\\\/apple-streicht-ar-brille-mit-mac-anbindung-aber-nicht-alle-plaene\"},\"author\":{\"@type\":\"Organization\",\"@id\":\"https:\\\/\\\/www.apfelpatient.de\\\/en\\\/#organization\",\"name\":\"Apfelpatient\",\"url\":\"https:\\\/\\\/www.apfelpatient.de\\\/en\\\/\"},\"headline\":\"Apple streicht AR-Brille mit Mac-Anbindung \u2013 Aber nicht alle Pl\u00e4ne\",\"datePublished\":\"2025-01-31T20:06:32+00:00\",\"dateModified\":\"2025-01-31T20:06:34+00:00\",\"mainEntityOfPage\":{\"@id\":\"https:\\\/\\\/www.apfelpatient.de\\\/rumors\\\/apple-streicht-ar-brille-mit-mac-anbindung-aber-nicht-alle-plaene\"},\"wordCount\":562,\"publisher\":{\"@type\":\"Organization\",\"@id\":\"https:\\\/\\\/www.apfelpatient.de\\\/en\\\/#organization\",\"name\":\"Apfelpatient\",\"url\":\"https:\\\/\\\/www.apfelpatient.de\\\/en\\\/\"},\"image\":{\"@id\":\"https:\\\/\\\/www.apfelpatient.de\\\/rumors\\\/apple-streicht-ar-brille-mit-mac-anbindung-aber-nicht-alle-plaene#primaryimage\"},\"thumbnailUrl\":\"https:\\\/\\\/www.apfelpatient.de\\\/wp-content\\\/uploads\\\/2025\\\/01\\\/aakash-dhage-5Y3OeRqpjhY-unsplash.jpg\",\"keywords\":[\"Apple VR\\\/AR\"],\"articleSection\":\"Rumors\",\"inLanguage\":\"en-US\",\"copyrightYear\":\"2025\",\"copyrightHolder\":{\"@id\":\"https:\\\/\\\/www.apfelpatient.de\\\/en\\\/#organization\"}},{\"@type\":\"WebPage\",\"@id\":\"https:\\\/\\\/www.apfelpatient.de\\\/rumors\\\/apple-streicht-ar-brille-mit-mac-anbindung-aber-nicht-alle-plaene\",\"url\":\"https:\\\/\\\/www.apfelpatient.de\\\/rumors\\\/apple-streicht-ar-brille-mit-mac-anbindung-aber-nicht-alle-plaene\",\"name\":\"Apple streicht AR-Brille mit Mac-Anbindung \u2013 Aber nicht alle Pl\u00e4ne Apfelpatient\",\"isPartOf\":{\"@id\":\"https:\\\/\\\/www.apfelpatient.de\\\/#website\"},\"primaryImageOfPage\":{\"@id\":\"https:\\\/\\\/www.apfelpatient.de\\\/rumors\\\/apple-streicht-ar-brille-mit-mac-anbindung-aber-nicht-alle-plaene#primaryimage\"},\"image\":{\"@id\":\"https:\\\/\\\/www.apfelpatient.de\\\/rumors\\\/apple-streicht-ar-brille-mit-mac-anbindung-aber-nicht-alle-plaene#primaryimage\"},\"thumbnailUrl\":\"https:\\\/\\\/www.apfelpatient.de\\\/wp-content\\\/uploads\\\/2025\\\/01\\\/aakash-dhage-5Y3OeRqpjhY-unsplash.jpg\",\"datePublished\":\"2025-01-31T20:06:32+00:00\",\"dateModified\":\"2025-01-31T20:06:34+00:00\",\"description\":\"Apple beendet ein AR-Projekt mit Mac-Anbindung. Doch was kommt als N\u00e4chstes? Hier alle Details zu Apples Pl\u00e4nen f\u00fcr Augmented Reality.\",\"breadcrumb\":{\"@id\":\"https:\\\/\\\/www.apfelpatient.de\\\/rumors\\\/apple-streicht-ar-brille-mit-mac-anbindung-aber-nicht-alle-plaene#breadcrumb\"},\"inLanguage\":\"en-US\",\"potentialAction\":[{\"@type\":\"ReadAction\",\"target\":[\"https:\\\/\\\/www.apfelpatient.de\\\/rumors\\\/apple-streicht-ar-brille-mit-mac-anbindung-aber-nicht-alle-plaene\"]}]},{\"@type\":\"ImageObject\",\"inLanguage\":\"en-US\",\"@id\":\"https:\\\/\\\/www.apfelpatient.de\\\/rumors\\\/apple-streicht-ar-brille-mit-mac-anbindung-aber-nicht-alle-plaene#primaryimage\",\"url\":\"https:\\\/\\\/www.apfelpatient.de\\\/wp-content\\\/uploads\\\/2025\\\/01\\\/aakash-dhage-5Y3OeRqpjhY-unsplash.jpg\",\"contentUrl\":\"https:\\\/\\\/www.apfelpatient.de\\\/wp-content\\\/uploads\\\/2025\\\/01\\\/aakash-dhage-5Y3OeRqpjhY-unsplash.jpg\",\"width\":1600,\"height\":880,\"caption\":\"Photo by Unsplash+ \\\/ Aakash Dhage\"},{\"@type\":\"BreadcrumbList\",\"@id\":\"https:\\\/\\\/www.apfelpatient.de\\\/rumors\\\/apple-streicht-ar-brille-mit-mac-anbindung-aber-nicht-alle-plaene#breadcrumb\",\"itemListElement\":[{\"@type\":\"ListItem\",\"position\":1,\"name\":\"Startseite\",\"item\":\"https:\\\/\\\/www.apfelpatient.de\\\/\"},{\"@type\":\"ListItem\",\"position\":2,\"name\":\"Apple streicht AR-Brille mit Mac-Anbindung \u2013 Aber nicht alle Pl\u00e4ne\"}]},{\"@type\":\"WebSite\",\"@id\":\"https:\\\/\\\/www.apfelpatient.de\\\/#website\",\"url\":\"https:\\\/\\\/www.apfelpatient.de\\\/\",\"name\":\"Apfelpatient\",\"description\":\"Alles rund um Apple!\",\"publisher\":{\"@type\":\"Organization\",\"@id\":\"https:\\\/\\\/www.apfelpatient.de\\\/en\\\/#organization\",\"name\":\"Apfelpatient\",\"url\":\"https:\\\/\\\/www.apfelpatient.de\\\/en\\\/\"},\"alternateName\":\"Apfelpatient\",\"potentialAction\":[{\"@type\":\"SearchAction\",\"target\":{\"@type\":\"EntryPoint\",\"urlTemplate\":\"https:\\\/\\\/www.apfelpatient.de\\\/?s={search_term_string}\"},\"query-input\":{\"@type\":\"PropertyValueSpecification\",\"valueRequired\":true,\"valueName\":\"search_term_string\"}}],\"inLanguage\":\"en-US\"},{\"@type\":[\"Person\",\"Organization\"],\"@id\":\"https:\\\/\\\/www.apfelpatient.de\\\/#\\\/schema\\\/person\\\/7dc56ad6c8e9824b76d2c08d4c140e13\",\"name\":\"Milan\",\"logo\":{\"@id\":\"https:\\\/\\\/www.apfelpatient.de\\\/#\\\/schema\\\/person\\\/image\\\/\"},\"description\":\"Hallo und herzlich willkommen auf meinem Technik-Blog! Als gro\u00dfer Apple-Fan berichte ich hier \u00fcber alles, was mit Apple zu tun hat: von den neuesten News und spannenden Ger\u00fcchten \u00fcber hilfreiche Tipps und Tricks bis hin zu ausf\u00fchrlichen Produkttests. Wenn du genauso technikbegeistert bist wie ich, bist du hier genau richtig!\",\"sameAs\":[\"https:\\\/\\\/www.facebook.com\\\/apfelpatientOfficial\",\"https:\\\/\\\/www.linkedin.com\\\/in\\\/milan-jovicic-42aa0231b\"],\"url\":\"https:\\\/\\\/www.apfelpatient.de\\\/en\\\/author\\\/apfeladmin\"}]}<\/script>\n<!-- \/ Yoast SEO Premium plugin. -->","yoast_head_json":{"title":"Apple cancels AR glasses with Mac connection \u2013 but not all plans Apfelpatient","description":"Apple is ending an AR project with Mac connectivity. But what&#039;s next? Here are all the details about Apple&#039;s plans for augmented reality.","robots":{"index":"index","follow":"follow","max-snippet":"max-snippet:-1","max-image-preview":"max-image-preview:large","max-video-preview":"max-video-preview:-1"},"canonical":"https:\/\/www.apfelpatient.de\/en\/rumors\/apple-cancels-ar-glasses-with-mac-connection-but-not-all-plans","og_locale":"en_US","og_type":"article","og_title":"Apple streicht AR-Brille mit Mac-Anbindung \u2013 Aber nicht alle Pl\u00e4ne","og_description":"Apple beendet ein AR-Projekt mit Mac-Anbindung. Doch was kommt als N\u00e4chstes? Hier alle Details zu Apples Pl\u00e4nen f\u00fcr Augmented Reality.","og_url":"https:\/\/www.apfelpatient.de\/en\/rumors\/apple-cancels-ar-glasses-with-mac-connection-but-not-all-plans","og_site_name":"Apfelpatient","article_publisher":"https:\/\/www.facebook.com\/apfelpatientOfficial","article_author":"https:\/\/www.facebook.com\/apfelpatientOfficial","article_published_time":"2025-01-31T20:06:32+00:00","article_modified_time":"2025-01-31T20:06:34+00:00","og_image":[{"width":1600,"height":880,"url":"https:\/\/www.apfelpatient.de\/wp-content\/uploads\/2025\/01\/aakash-dhage-5Y3OeRqpjhY-unsplash.jpg","type":"image\/jpeg"}],"author":"Milan","twitter_card":"summary_large_image","twitter_description":"Apple beendet ein AR-Projekt mit Mac-Anbindung. Doch was kommt als N\u00e4chstes? Hier alle Details zu Apples Pl\u00e4nen f\u00fcr Augmented Reality.","twitter_misc":{"Written by":"Milan","Est. reading time":"4 minutes"},"schema":{"@context":"https:\/\/schema.org","@graph":[{"@type":"NewsArticle","@id":"https:\/\/www.apfelpatient.de\/rumors\/apple-streicht-ar-brille-mit-mac-anbindung-aber-nicht-alle-plaene#article","isPartOf":{"@id":"https:\/\/www.apfelpatient.de\/rumors\/apple-streicht-ar-brille-mit-mac-anbindung-aber-nicht-alle-plaene"},"author":{"@type":"Organization","@id":"https:\/\/www.apfelpatient.de\/en\/#organization","name":"Apfelpatient","url":"https:\/\/www.apfelpatient.de\/en\/"},"headline":"Apple streicht AR-Brille mit Mac-Anbindung \u2013 Aber nicht alle Pl\u00e4ne","datePublished":"2025-01-31T20:06:32+00:00","dateModified":"2025-01-31T20:06:34+00:00","mainEntityOfPage":{"@id":"https:\/\/www.apfelpatient.de\/rumors\/apple-streicht-ar-brille-mit-mac-anbindung-aber-nicht-alle-plaene"},"wordCount":562,"publisher":{"@type":"Organization","@id":"https:\/\/www.apfelpatient.de\/en\/#organization","name":"Apfelpatient","url":"https:\/\/www.apfelpatient.de\/en\/"},"image":{"@id":"https:\/\/www.apfelpatient.de\/rumors\/apple-streicht-ar-brille-mit-mac-anbindung-aber-nicht-alle-plaene#primaryimage"},"thumbnailUrl":"https:\/\/www.apfelpatient.de\/wp-content\/uploads\/2025\/01\/aakash-dhage-5Y3OeRqpjhY-unsplash.jpg","keywords":["Apple VR\/AR"],"articleSection":"Rumors","inLanguage":"en-US","copyrightYear":"2025","copyrightHolder":{"@id":"https:\/\/www.apfelpatient.de\/en\/#organization"}},{"@type":"WebPage","@id":"https:\/\/www.apfelpatient.de\/rumors\/apple-streicht-ar-brille-mit-mac-anbindung-aber-nicht-alle-plaene","url":"https:\/\/www.apfelpatient.de\/rumors\/apple-streicht-ar-brille-mit-mac-anbindung-aber-nicht-alle-plaene","name":"Apple cancels AR glasses with Mac connection \u2013 but not all plans Apfelpatient","isPartOf":{"@id":"https:\/\/www.apfelpatient.de\/#website"},"primaryImageOfPage":{"@id":"https:\/\/www.apfelpatient.de\/rumors\/apple-streicht-ar-brille-mit-mac-anbindung-aber-nicht-alle-plaene#primaryimage"},"image":{"@id":"https:\/\/www.apfelpatient.de\/rumors\/apple-streicht-ar-brille-mit-mac-anbindung-aber-nicht-alle-plaene#primaryimage"},"thumbnailUrl":"https:\/\/www.apfelpatient.de\/wp-content\/uploads\/2025\/01\/aakash-dhage-5Y3OeRqpjhY-unsplash.jpg","datePublished":"2025-01-31T20:06:32+00:00","dateModified":"2025-01-31T20:06:34+00:00","description":"Apple is ending an AR project with Mac connectivity. But what&#039;s next? Here are all the details about Apple&#039;s plans for augmented reality.","breadcrumb":{"@id":"https:\/\/www.apfelpatient.de\/rumors\/apple-streicht-ar-brille-mit-mac-anbindung-aber-nicht-alle-plaene#breadcrumb"},"inLanguage":"en-US","potentialAction":[{"@type":"ReadAction","target":["https:\/\/www.apfelpatient.de\/rumors\/apple-streicht-ar-brille-mit-mac-anbindung-aber-nicht-alle-plaene"]}]},{"@type":"ImageObject","inLanguage":"en-US","@id":"https:\/\/www.apfelpatient.de\/rumors\/apple-streicht-ar-brille-mit-mac-anbindung-aber-nicht-alle-plaene#primaryimage","url":"https:\/\/www.apfelpatient.de\/wp-content\/uploads\/2025\/01\/aakash-dhage-5Y3OeRqpjhY-unsplash.jpg","contentUrl":"https:\/\/www.apfelpatient.de\/wp-content\/uploads\/2025\/01\/aakash-dhage-5Y3OeRqpjhY-unsplash.jpg","width":1600,"height":880,"caption":"Photo by Unsplash+ \/ Aakash Dhage"},{"@type":"BreadcrumbList","@id":"https:\/\/www.apfelpatient.de\/rumors\/apple-streicht-ar-brille-mit-mac-anbindung-aber-nicht-alle-plaene#breadcrumb","itemListElement":[{"@type":"ListItem","position":1,"name":"Startseite","item":"https:\/\/www.apfelpatient.de\/"},{"@type":"ListItem","position":2,"name":"Apple streicht AR-Brille mit Mac-Anbindung \u2013 Aber nicht alle Pl\u00e4ne"}]},{"@type":"WebSite","@id":"https:\/\/www.apfelpatient.de\/#website","url":"https:\/\/www.apfelpatient.de\/","name":"apple patient","description":"Everything about Apple!","publisher":{"@type":"Organization","@id":"https:\/\/www.apfelpatient.de\/en\/#organization","name":"Apfelpatient","url":"https:\/\/www.apfelpatient.de\/en\/"},"alternateName":"Apfelpatient","potentialAction":[{"@type":"SearchAction","target":{"@type":"EntryPoint","urlTemplate":"https:\/\/www.apfelpatient.de\/?s={search_term_string}"},"query-input":{"@type":"PropertyValueSpecification","valueRequired":true,"valueName":"search_term_string"}}],"inLanguage":"en-US"},{"@type":["Person","Organization"],"@id":"https:\/\/www.apfelpatient.de\/#\/schema\/person\/7dc56ad6c8e9824b76d2c08d4c140e13","name":"Milan","logo":{"@id":"https:\/\/www.apfelpatient.de\/#\/schema\/person\/image\/"},"description":"Hello and welcome to my technology blog! As a big Apple fan, I report on everything to do with Apple: from the latest news and exciting rumors to helpful tips and tricks and detailed product tests. If you are as enthusiastic about technology as I am, you have come to the right place!","sameAs":["https:\/\/www.facebook.com\/apfelpatientOfficial","https:\/\/www.linkedin.com\/in\/milan-jovicic-42aa0231b"],"url":"https:\/\/www.apfelpatient.de\/en\/author\/apfeladmin"}]}},"_links":{"self":[{"href":"https:\/\/www.apfelpatient.de\/en\/wp-json\/wp\/v2\/posts\/49563","targetHints":{"allow":["GET"]}}],"collection":[{"href":"https:\/\/www.apfelpatient.de\/en\/wp-json\/wp\/v2\/posts"}],"about":[{"href":"https:\/\/www.apfelpatient.de\/en\/wp-json\/wp\/v2\/types\/post"}],"author":[{"embeddable":true,"href":"https:\/\/www.apfelpatient.de\/en\/wp-json\/wp\/v2\/users\/2"}],"replies":[{"embeddable":true,"href":"https:\/\/www.apfelpatient.de\/en\/wp-json\/wp\/v2\/comments?post=49563"}],"version-history":[{"count":0,"href":"https:\/\/www.apfelpatient.de\/en\/wp-json\/wp\/v2\/posts\/49563\/revisions"}],"wp:featuredmedia":[{"embeddable":true,"href":"https:\/\/www.apfelpatient.de\/en\/wp-json\/wp\/v2\/media\/49562"}],"wp:attachment":[{"href":"https:\/\/www.apfelpatient.de\/en\/wp-json\/wp\/v2\/media?parent=49563"}],"wp:term":[{"taxonomy":"category","embeddable":true,"href":"https:\/\/www.apfelpatient.de\/en\/wp-json\/wp\/v2\/categories?post=49563"},{"taxonomy":"post_tag","embeddable":true,"href":"https:\/\/www.apfelpatient.de\/en\/wp-json\/wp\/v2\/tags?post=49563"}],"curies":[{"name":"wp","href":"https:\/\/api.w.org\/{rel}","templated":true}]}}