{"id":49403,"date":"2025-01-25T21:54:41","date_gmt":"2025-01-25T20:54:41","guid":{"rendered":"https:\/\/www.apfelpatient.de\/?p=49403"},"modified":"2025-10-14T16:00:35","modified_gmt":"2025-10-14T14:00:35","slug":"apple-tv-more-french-language-series-and-films-planned","status":"publish","type":"post","link":"https:\/\/www.apfelpatient.de\/en\/news\/apple-tv-mehr-franzoesischsprachige-serien-filme-geplant","title":{"rendered":"Apple TV+: More French-language series &amp; films planned"},"content":{"rendered":"<p class=\"has-drop-cap\"><strong>Apple TV+ has become increasingly important in the streaming market in recent years. Now the service is taking another important step to expand its presence in Europe. A new agreement with the French government will ensure that more French-language content is produced - not only for France but also for the rest of the European Union.<\/strong><\/p>\n\n\n\n<p>Streaming services have a duty to adapt to local conditions and regulations. This is particularly important in Europe, as cultural diversity is a key concern for many countries. France has positioned itself as a pioneer here and requires international providers such as Apple TV+, Netflix and Amazon Prime Video to invest in local productions. With the new agreement, Apple TV+ is sending a clear signal and showing that the service not only wants to operate globally but also promote regional content.<\/p>\n\n\n\n<h4 class=\"wp-block-heading\" id=\"h-apple-tv-investiert-20-prozent-des-nettoumsatzes-in-frankreich\">Apple TV+ invests 20 percent of net revenue in France<\/h4>\n\n\n\n<p>The core of the new <a href=\"https:\/\/deadline.com\/2025\/01\/apple-tv-agreement-investment-obligations-with-french-tv-sector-1236266281\/\" target=\"_blank\" rel=\"noreferrer noopener\">agreement<\/a> provides for Apple TV+ to invest 20 percent of its net revenue in France each year in the production of audiovisual content. This revenue comes mainly from the sale of subscriptions, but could also include income from other business areas such as the partnership with Canal+. These investments will go towards the development and production of content that can be distributed both in France and the rest of Europe, with 70 percent of the funds reserved for independent productions to support smaller, creative studios and filmmakers.<\/p>\n\n\n\n<h4 class=\"wp-block-heading\" id=\"h-starkung-der-kulturellen-vielfalt-in-europa\">Strengthening Cultural Diversity in Europe<\/h4>\n\n\n\n<p>The agreement is in line with a 2021 French government decree that requires foreign streaming services to use part of their domestic revenues to promote French and European original content. The aim is to preserve cultural diversity and strengthen the European creative industry. France has clearly expressed its support for native language content. This means that many of the planned productions will be produced in French or at least in bilingual format. This content can also be distributed in other French-speaking countries such as Belgium, Canada, Switzerland or parts of Africa.<\/p>\n\n\n\n<h4 class=\"wp-block-heading\" id=\"h-franzosische-produktionsfirmen-begrussen-die-initiative\">French production companies welcome the initiative<\/h4>\n\n\n\n<p>Apple TV+&#039;s initiative has been welcomed by various French production and distribution groups. Organizations such as AnimFrance, SATEV, SEDPA, SPI, USPA and SACD praised the agreement, stressing that it underlines Apple TV+&#039;s desire to become more integrated into the French regulatory system. In a joint statement, the groups stressed that the agreement not only supports the diversity and renewal of French audiovisual creation, but also helps to strengthen its influence internationally.<\/p>\n\n\n\n<h4 class=\"wp-block-heading\" id=\"h-eu-weite-auswirkungen-und-die-rolle-anderer-streaming-dienste\">EU-wide impact and the role of other streaming services<\/h4>\n\n\n\n<p>Apple TV+ is not the only streaming service to have entered into similar agreements in France. Netflix and Amazon have already signed corresponding agreements. The French regulator Arcom sees these agreements as an important means of meeting the EU&#039;s 2018 requirements, which stipulate that 30 percent of a streaming service&#039;s content must be produced in the EU. The partnership between Apple TV+ and France could serve as a model for other EU countries that also aim to promote non-English content more. If this is the case, this could lead to a much more diverse offering on the various platforms in the long term.<\/p>\n\n\n\n<h4 class=\"wp-block-heading\" id=\"h-erste-franzosischsprachige-produktionen-von-apple-tv\">First French-language productions from Apple TV+<\/h4>\n\n\n\n<p>Apple TV+ has already launched its first French original productions in recent years. These include the fashion drama series \u201cLa Maison\u201d, the thriller \u201cLiaison\u201d, which is set in London, and the six-part miniseries \u201cA L&#039;ombre Des For\u00eats\u201d (In the Shadow of the Forest).<\/p>\n\n\n\n<figure class=\"wp-block-image size-large\"><img decoding=\"async\" width=\"1024\" height=\"682\" src=\"https:\/\/www.apfelpatient.de\/wp-content\/uploads\/2025\/01\/La_Maison_Photo_010905-1024x682.jpg\" alt=\"\" class=\"wp-image-49402\" srcset=\"https:\/\/www.apfelpatient.de\/wp-content\/uploads\/2025\/01\/La_Maison_Photo_010905-1024x682.jpg 1024w, https:\/\/www.apfelpatient.de\/wp-content\/uploads\/2025\/01\/La_Maison_Photo_010905-300x200.jpg 300w, https:\/\/www.apfelpatient.de\/wp-content\/uploads\/2025\/01\/La_Maison_Photo_010905-768x511.jpg 768w, https:\/\/www.apfelpatient.de\/wp-content\/uploads\/2025\/01\/La_Maison_Photo_010905-1536x1022.jpg 1536w, https:\/\/www.apfelpatient.de\/wp-content\/uploads\/2025\/01\/La_Maison_Photo_010905-18x12.jpg 18w, https:\/\/www.apfelpatient.de\/wp-content\/uploads\/2025\/01\/La_Maison_Photo_010905-750x499.jpg 750w, https:\/\/www.apfelpatient.de\/wp-content\/uploads\/2025\/01\/La_Maison_Photo_010905-1140x759.jpg 1140w, https:\/\/www.apfelpatient.de\/wp-content\/uploads\/2025\/01\/La_Maison_Photo_010905.jpg 1600w\" sizes=\"(max-width: 1024px) 100vw, 1024px\" \/><figcaption class=\"wp-element-caption\">Image: Apple \u2013 La Maison, Apple TV+<\/figcaption><\/figure>\n\n\n\n<p>In addition, Apple TV+ has also invested in European productions not filmed in French, such as the bilingual series \u201cNow and Then\u201d. The new agreement will allow Apple TV+ to intensify this strategy and reach a wider audience with locally produced content.<\/p>\n\n\n\n<h3 class=\"wp-block-heading\" id=\"h-apple-tv-ein-schritt-in-die-richtige-richtung\">Apple TV+: A step in the right direction<\/h3>\n\n\n\n<p>The collaboration between Apple TV+ and France shows how streaming services can respond to local requirements while expanding their reach. For viewers, this means more high-quality content that not only entertains but also brings cultural peculiarities and stories from Europe closer to them. With this agreement, Apple TV+ is proving that it is ready to take on responsibility and face the challenges of the European market. The coming years will show how these investments affect Apple TV+&#039;s offering and whether other countries will make similar agreements. For you as a viewer, it remains exciting to see which new productions will appear on Apple TV+ and what stories they will tell. One thing is clear: the diversity on the platform will continue to grow and you can look forward to lots of exciting content. (Image: Apple)<\/p>\n\n\n\n<ul class=\"wp-block-list\">\n<li><a href=\"https:\/\/www.apfelpatient.de\/en\/news\/apple-tv-how-successful-are-the-biggest-hits\">Apple TV+: How successful are the biggest hits?<\/a><\/li>\n\n\n\n<li><a href=\"https:\/\/www.apfelpatient.de\/en\/news\/apple-tv-backgrounds-to-the-cancellation-of-dick-turpin\">Apple TV+: Background to the cancellation of &quot;Dick Turpin&quot;<\/a><\/li>\n\n\n\n<li><a href=\"https:\/\/www.apfelpatient.de\/en\/generally\/apple-tv-highlights-2025-your-watchlist-for-the-new-year\">Apple TV+ Highlights 2025: Your Watchlist for the New Year<\/a><\/li>\n<\/ul>\n\n\n\n<h6 class=\"wp-block-heading translation-block\" id=\"h-kennt-ihr-schon-unsere-amazon-storefront-dort-findet-ihr-eine-handverlesene-auswahl-von-diversen-produkten-f-r-euer-iphone-und-co-viel-spa-beim-st-bern\"><em>Have you already visited our Amazon Storefront? There you&#039;ll find a hand-picked selection of various products for your iPhone and other devices \u2013 <span class=\"has-inline-color has-vivid-red-color\"><a href=\"https:\/\/www.amazon.de\/shop\/apfelpatientofficial\" class=\"ek-link\" data-wpel-link=\"exclude\" rel=\"follow noopener\" target=\"_self\"><span style=\"text-decoration: underline\" class=\"ek-underline\">enjoy browsing<\/span><\/a> !<\/span><\/em><\/h6>\n\n\n\n<h6 class=\"wp-block-heading translation-block\" id=\"h-der-beitrag-enthalt-partnerlinks\">This post contains <a data-type=\"URL\" data-id=\"https:\/\/www.apfelpatient.de\/partnerprogramm\" href=\"https:\/\/www.apfelpatient.de\/en\/partner-program\" data-wpel-link=\"internal\" target=\"_self\">affiliate links<\/a>.<\/h6>","protected":false},"excerpt":{"rendered":"<p>More French-language content on Apple TV+: Apple is focusing on cultural diversity and local productions for the European market.<\/p>","protected":false},"author":2,"featured_media":49401,"comment_status":"closed","ping_status":"closed","sticky":false,"template":"","format":"standard","meta":{"jnews-multi-image_gallery":[],"jnews_single_post":{"format":"standard","override":[{"template":"2","parallax":"1","fullscreen":"1","layout":"right-sidebar","sidebar":"default-sidebar","second_sidebar":"default-sidebar","sticky_sidebar":"1","share_position":"top","share_float_style":"share-monocrhome","show_featured":"1","show_post_meta":"1","show_post_author":"1","show_post_author_image":"1","show_post_date":"1","post_date_format":"default","post_date_format_custom":"Y\/m\/d","show_post_category":"1","show_post_reading_time":"0","post_reading_time_wpm":"300","post_calculate_word_method":"str_word_count","show_zoom_button":"0","zoom_button_out_step":"2","zoom_button_in_step":"3","show_post_tag":"1","show_prev_next_post":"1","show_popup_post":"1","number_popup_post":"1","show_author_box":"0","show_post_related":"0","show_inline_post_related":"0"}],"image_override":[{"single_post_thumbnail_size":"crop-500","single_post_gallery_size":"crop-500"}],"trending_post_position":"meta","trending_post_label":"Trending","sponsored_post_label":"Sponsored by","disable_ad":"0"},"jnews_primary_category":{"id":"9"},"footnotes":""},"categories":[9],"tags":[34,156,248],"class_list":["post-49403","post","type-post","status-publish","format-standard","has-post-thumbnail","hentry","category-news","tag-apple-dienste","tag-apple-tv","tag-apple-tv-plus"],"yoast_head":"<!-- This site is optimized with the Yoast SEO Premium plugin v27.5 (Yoast SEO v27.5) - https:\/\/yoast.com\/product\/yoast-seo-premium-wordpress\/ -->\n<title>Apple TV+: Mehr franz\u00f6sischsprachige Serien &amp; Filme geplant Apfelpatient<\/title>\n<meta name=\"description\" content=\"Mehr franz\u00f6sischsprachige Inhalte auf Apple TV+: Apple setzt auf kulturelle Vielfalt und lokale Produktionen f\u00fcr den europ\u00e4ischen Markt.\" \/>\n<meta name=\"robots\" content=\"index, follow, max-snippet:-1, max-image-preview:large, max-video-preview:-1\" \/>\n<link rel=\"canonical\" href=\"https:\/\/www.apfelpatient.de\/en\/news\/apple-tv-more-french-language-series-and-films-planned\" \/>\n<meta property=\"og:locale\" content=\"en_US\" \/>\n<meta property=\"og:type\" content=\"article\" \/>\n<meta property=\"og:title\" content=\"Apple TV+: Mehr franz\u00f6sischsprachige Serien &amp; Filme geplant\" \/>\n<meta property=\"og:description\" content=\"Mehr franz\u00f6sischsprachige Inhalte auf Apple TV+: Apple setzt auf kulturelle Vielfalt und lokale Produktionen f\u00fcr den europ\u00e4ischen Markt.\" \/>\n<meta property=\"og:url\" content=\"https:\/\/www.apfelpatient.de\/en\/news\/apple-tv-more-french-language-series-and-films-planned\" \/>\n<meta property=\"og:site_name\" content=\"Apfelpatient\" \/>\n<meta property=\"article:publisher\" content=\"https:\/\/www.facebook.com\/apfelpatientOfficial\" \/>\n<meta property=\"article:author\" content=\"https:\/\/www.facebook.com\/apfelpatientOfficial\" \/>\n<meta property=\"article:published_time\" content=\"2025-01-25T20:54:41+00:00\" \/>\n<meta property=\"article:modified_time\" content=\"2025-10-14T14:00:35+00:00\" \/>\n<meta property=\"og:image\" content=\"https:\/\/www.apfelpatient.de\/wp-content\/uploads\/2025\/01\/La_Maison_Photo_011003.jpg\" \/>\n\t<meta property=\"og:image:width\" content=\"1600\" \/>\n\t<meta property=\"og:image:height\" content=\"1067\" \/>\n\t<meta property=\"og:image:type\" content=\"image\/jpeg\" \/>\n<meta name=\"author\" content=\"Milan\" \/>\n<meta name=\"twitter:card\" content=\"summary_large_image\" \/>\n<meta name=\"twitter:description\" content=\"Mehr franz\u00f6sischsprachige Inhalte auf Apple TV+: Apple setzt auf kulturelle Vielfalt und lokale Produktionen f\u00fcr den europ\u00e4ischen Markt.\" \/>\n<meta name=\"twitter:label1\" content=\"Written by\" \/>\n\t<meta name=\"twitter:data1\" content=\"Milan\" \/>\n\t<meta name=\"twitter:label2\" content=\"Est. reading time\" \/>\n\t<meta name=\"twitter:data2\" content=\"5 minutes\" \/>\n<script type=\"application\/ld+json\" class=\"yoast-schema-graph\">{\"@context\":\"https:\\\/\\\/schema.org\",\"@graph\":[{\"@type\":\"NewsArticle\",\"@id\":\"https:\\\/\\\/www.apfelpatient.de\\\/news\\\/apple-tv-mehr-franzoesischsprachige-serien-filme-geplant#article\",\"isPartOf\":{\"@id\":\"https:\\\/\\\/www.apfelpatient.de\\\/news\\\/apple-tv-mehr-franzoesischsprachige-serien-filme-geplant\"},\"author\":{\"@type\":\"Organization\",\"@id\":\"https:\\\/\\\/www.apfelpatient.de\\\/en\\\/#organization\",\"name\":\"Apfelpatient\",\"url\":\"https:\\\/\\\/www.apfelpatient.de\\\/en\\\/\"},\"headline\":\"Apple TV+: Mehr franz\u00f6sischsprachige Serien &#038; Filme geplant\",\"datePublished\":\"2025-01-25T20:54:41+00:00\",\"dateModified\":\"2025-10-14T14:00:35+00:00\",\"mainEntityOfPage\":{\"@id\":\"https:\\\/\\\/www.apfelpatient.de\\\/news\\\/apple-tv-mehr-franzoesischsprachige-serien-filme-geplant\"},\"wordCount\":853,\"publisher\":{\"@type\":\"Organization\",\"@id\":\"https:\\\/\\\/www.apfelpatient.de\\\/en\\\/#organization\",\"name\":\"Apfelpatient\",\"url\":\"https:\\\/\\\/www.apfelpatient.de\\\/en\\\/\"},\"image\":{\"@id\":\"https:\\\/\\\/www.apfelpatient.de\\\/news\\\/apple-tv-mehr-franzoesischsprachige-serien-filme-geplant#primaryimage\"},\"thumbnailUrl\":\"https:\\\/\\\/www.apfelpatient.de\\\/wp-content\\\/uploads\\\/2025\\\/01\\\/La_Maison_Photo_011003.jpg\",\"keywords\":[\"Apple Dienste\",\"Apple TV\",\"Apple TV Plus\"],\"articleSection\":\"News\",\"inLanguage\":\"en-US\",\"copyrightYear\":\"2025\",\"copyrightHolder\":{\"@id\":\"https:\\\/\\\/www.apfelpatient.de\\\/en\\\/#organization\"}},{\"@type\":\"WebPage\",\"@id\":\"https:\\\/\\\/www.apfelpatient.de\\\/news\\\/apple-tv-mehr-franzoesischsprachige-serien-filme-geplant\",\"url\":\"https:\\\/\\\/www.apfelpatient.de\\\/news\\\/apple-tv-mehr-franzoesischsprachige-serien-filme-geplant\",\"name\":\"Apple TV+: Mehr franz\u00f6sischsprachige Serien & Filme geplant Apfelpatient\",\"isPartOf\":{\"@id\":\"https:\\\/\\\/www.apfelpatient.de\\\/#website\"},\"primaryImageOfPage\":{\"@id\":\"https:\\\/\\\/www.apfelpatient.de\\\/news\\\/apple-tv-mehr-franzoesischsprachige-serien-filme-geplant#primaryimage\"},\"image\":{\"@id\":\"https:\\\/\\\/www.apfelpatient.de\\\/news\\\/apple-tv-mehr-franzoesischsprachige-serien-filme-geplant#primaryimage\"},\"thumbnailUrl\":\"https:\\\/\\\/www.apfelpatient.de\\\/wp-content\\\/uploads\\\/2025\\\/01\\\/La_Maison_Photo_011003.jpg\",\"datePublished\":\"2025-01-25T20:54:41+00:00\",\"dateModified\":\"2025-10-14T14:00:35+00:00\",\"description\":\"Mehr franz\u00f6sischsprachige Inhalte auf Apple TV+: Apple setzt auf kulturelle Vielfalt und lokale Produktionen f\u00fcr den europ\u00e4ischen Markt.\",\"breadcrumb\":{\"@id\":\"https:\\\/\\\/www.apfelpatient.de\\\/news\\\/apple-tv-mehr-franzoesischsprachige-serien-filme-geplant#breadcrumb\"},\"inLanguage\":\"en-US\",\"potentialAction\":[{\"@type\":\"ReadAction\",\"target\":[\"https:\\\/\\\/www.apfelpatient.de\\\/news\\\/apple-tv-mehr-franzoesischsprachige-serien-filme-geplant\"]}]},{\"@type\":\"ImageObject\",\"inLanguage\":\"en-US\",\"@id\":\"https:\\\/\\\/www.apfelpatient.de\\\/news\\\/apple-tv-mehr-franzoesischsprachige-serien-filme-geplant#primaryimage\",\"url\":\"https:\\\/\\\/www.apfelpatient.de\\\/wp-content\\\/uploads\\\/2025\\\/01\\\/La_Maison_Photo_011003.jpg\",\"contentUrl\":\"https:\\\/\\\/www.apfelpatient.de\\\/wp-content\\\/uploads\\\/2025\\\/01\\\/La_Maison_Photo_011003.jpg\",\"width\":1600,\"height\":1067,\"caption\":\"Bild: Apple - La Maison, Apple TV+\"},{\"@type\":\"BreadcrumbList\",\"@id\":\"https:\\\/\\\/www.apfelpatient.de\\\/news\\\/apple-tv-mehr-franzoesischsprachige-serien-filme-geplant#breadcrumb\",\"itemListElement\":[{\"@type\":\"ListItem\",\"position\":1,\"name\":\"Startseite\",\"item\":\"https:\\\/\\\/www.apfelpatient.de\\\/\"},{\"@type\":\"ListItem\",\"position\":2,\"name\":\"Apple TV+: Mehr franz\u00f6sischsprachige Serien &#038; Filme geplant\"}]},{\"@type\":\"WebSite\",\"@id\":\"https:\\\/\\\/www.apfelpatient.de\\\/#website\",\"url\":\"https:\\\/\\\/www.apfelpatient.de\\\/\",\"name\":\"Apfelpatient\",\"description\":\"Alles rund um Apple!\",\"publisher\":{\"@type\":\"Organization\",\"@id\":\"https:\\\/\\\/www.apfelpatient.de\\\/en\\\/#organization\",\"name\":\"Apfelpatient\",\"url\":\"https:\\\/\\\/www.apfelpatient.de\\\/en\\\/\"},\"alternateName\":\"Apfelpatient\",\"potentialAction\":[{\"@type\":\"SearchAction\",\"target\":{\"@type\":\"EntryPoint\",\"urlTemplate\":\"https:\\\/\\\/www.apfelpatient.de\\\/?s={search_term_string}\"},\"query-input\":{\"@type\":\"PropertyValueSpecification\",\"valueRequired\":true,\"valueName\":\"search_term_string\"}}],\"inLanguage\":\"en-US\"},{\"@type\":[\"Person\",\"Organization\"],\"@id\":\"https:\\\/\\\/www.apfelpatient.de\\\/#\\\/schema\\\/person\\\/7dc56ad6c8e9824b76d2c08d4c140e13\",\"name\":\"Milan\",\"logo\":{\"@id\":\"https:\\\/\\\/www.apfelpatient.de\\\/#\\\/schema\\\/person\\\/image\\\/\"},\"description\":\"Hallo und herzlich willkommen auf meinem Technik-Blog! Als gro\u00dfer Apple-Fan berichte ich hier \u00fcber alles, was mit Apple zu tun hat: von den neuesten News und spannenden Ger\u00fcchten \u00fcber hilfreiche Tipps und Tricks bis hin zu ausf\u00fchrlichen Produkttests. Wenn du genauso technikbegeistert bist wie ich, bist du hier genau richtig!\",\"sameAs\":[\"https:\\\/\\\/www.facebook.com\\\/apfelpatientOfficial\",\"https:\\\/\\\/www.linkedin.com\\\/in\\\/milan-jovicic-42aa0231b\"],\"url\":\"https:\\\/\\\/www.apfelpatient.de\\\/en\\\/author\\\/apfeladmin\"}]}<\/script>\n<!-- \/ Yoast SEO Premium plugin. -->","yoast_head_json":{"title":"Apple TV+: More French-language series &amp; films planned Apfelpatient","description":"More French-language content on Apple TV+: Apple is focusing on cultural diversity and local productions for the European market.","robots":{"index":"index","follow":"follow","max-snippet":"max-snippet:-1","max-image-preview":"max-image-preview:large","max-video-preview":"max-video-preview:-1"},"canonical":"https:\/\/www.apfelpatient.de\/en\/news\/apple-tv-more-french-language-series-and-films-planned","og_locale":"en_US","og_type":"article","og_title":"Apple TV+: Mehr franz\u00f6sischsprachige Serien & Filme geplant","og_description":"Mehr franz\u00f6sischsprachige Inhalte auf Apple TV+: Apple setzt auf kulturelle Vielfalt und lokale Produktionen f\u00fcr den europ\u00e4ischen Markt.","og_url":"https:\/\/www.apfelpatient.de\/en\/news\/apple-tv-more-french-language-series-and-films-planned","og_site_name":"Apfelpatient","article_publisher":"https:\/\/www.facebook.com\/apfelpatientOfficial","article_author":"https:\/\/www.facebook.com\/apfelpatientOfficial","article_published_time":"2025-01-25T20:54:41+00:00","article_modified_time":"2025-10-14T14:00:35+00:00","og_image":[{"width":1600,"height":1067,"url":"https:\/\/www.apfelpatient.de\/wp-content\/uploads\/2025\/01\/La_Maison_Photo_011003.jpg","type":"image\/jpeg"}],"author":"Milan","twitter_card":"summary_large_image","twitter_description":"Mehr franz\u00f6sischsprachige Inhalte auf Apple TV+: Apple setzt auf kulturelle Vielfalt und lokale Produktionen f\u00fcr den europ\u00e4ischen Markt.","twitter_misc":{"Written by":"Milan","Est. reading time":"5 minutes"},"schema":{"@context":"https:\/\/schema.org","@graph":[{"@type":"NewsArticle","@id":"https:\/\/www.apfelpatient.de\/news\/apple-tv-mehr-franzoesischsprachige-serien-filme-geplant#article","isPartOf":{"@id":"https:\/\/www.apfelpatient.de\/news\/apple-tv-mehr-franzoesischsprachige-serien-filme-geplant"},"author":{"@type":"Organization","@id":"https:\/\/www.apfelpatient.de\/en\/#organization","name":"Apfelpatient","url":"https:\/\/www.apfelpatient.de\/en\/"},"headline":"Apple TV+: Mehr franz\u00f6sischsprachige Serien &#038; Filme geplant","datePublished":"2025-01-25T20:54:41+00:00","dateModified":"2025-10-14T14:00:35+00:00","mainEntityOfPage":{"@id":"https:\/\/www.apfelpatient.de\/news\/apple-tv-mehr-franzoesischsprachige-serien-filme-geplant"},"wordCount":853,"publisher":{"@type":"Organization","@id":"https:\/\/www.apfelpatient.de\/en\/#organization","name":"Apfelpatient","url":"https:\/\/www.apfelpatient.de\/en\/"},"image":{"@id":"https:\/\/www.apfelpatient.de\/news\/apple-tv-mehr-franzoesischsprachige-serien-filme-geplant#primaryimage"},"thumbnailUrl":"https:\/\/www.apfelpatient.de\/wp-content\/uploads\/2025\/01\/La_Maison_Photo_011003.jpg","keywords":["Apple Dienste","Apple TV","Apple TV Plus"],"articleSection":"News","inLanguage":"en-US","copyrightYear":"2025","copyrightHolder":{"@id":"https:\/\/www.apfelpatient.de\/en\/#organization"}},{"@type":"WebPage","@id":"https:\/\/www.apfelpatient.de\/news\/apple-tv-mehr-franzoesischsprachige-serien-filme-geplant","url":"https:\/\/www.apfelpatient.de\/news\/apple-tv-mehr-franzoesischsprachige-serien-filme-geplant","name":"Apple TV+: More French-language series &amp; films planned Apfelpatient","isPartOf":{"@id":"https:\/\/www.apfelpatient.de\/#website"},"primaryImageOfPage":{"@id":"https:\/\/www.apfelpatient.de\/news\/apple-tv-mehr-franzoesischsprachige-serien-filme-geplant#primaryimage"},"image":{"@id":"https:\/\/www.apfelpatient.de\/news\/apple-tv-mehr-franzoesischsprachige-serien-filme-geplant#primaryimage"},"thumbnailUrl":"https:\/\/www.apfelpatient.de\/wp-content\/uploads\/2025\/01\/La_Maison_Photo_011003.jpg","datePublished":"2025-01-25T20:54:41+00:00","dateModified":"2025-10-14T14:00:35+00:00","description":"More French-language content on Apple TV+: Apple is focusing on cultural diversity and local productions for the European market.","breadcrumb":{"@id":"https:\/\/www.apfelpatient.de\/news\/apple-tv-mehr-franzoesischsprachige-serien-filme-geplant#breadcrumb"},"inLanguage":"en-US","potentialAction":[{"@type":"ReadAction","target":["https:\/\/www.apfelpatient.de\/news\/apple-tv-mehr-franzoesischsprachige-serien-filme-geplant"]}]},{"@type":"ImageObject","inLanguage":"en-US","@id":"https:\/\/www.apfelpatient.de\/news\/apple-tv-mehr-franzoesischsprachige-serien-filme-geplant#primaryimage","url":"https:\/\/www.apfelpatient.de\/wp-content\/uploads\/2025\/01\/La_Maison_Photo_011003.jpg","contentUrl":"https:\/\/www.apfelpatient.de\/wp-content\/uploads\/2025\/01\/La_Maison_Photo_011003.jpg","width":1600,"height":1067,"caption":"Bild: Apple - La Maison, Apple TV+"},{"@type":"BreadcrumbList","@id":"https:\/\/www.apfelpatient.de\/news\/apple-tv-mehr-franzoesischsprachige-serien-filme-geplant#breadcrumb","itemListElement":[{"@type":"ListItem","position":1,"name":"Startseite","item":"https:\/\/www.apfelpatient.de\/"},{"@type":"ListItem","position":2,"name":"Apple TV+: Mehr franz\u00f6sischsprachige Serien &#038; Filme geplant"}]},{"@type":"WebSite","@id":"https:\/\/www.apfelpatient.de\/#website","url":"https:\/\/www.apfelpatient.de\/","name":"apple patient","description":"Everything about Apple!","publisher":{"@type":"Organization","@id":"https:\/\/www.apfelpatient.de\/en\/#organization","name":"Apfelpatient","url":"https:\/\/www.apfelpatient.de\/en\/"},"alternateName":"Apfelpatient","potentialAction":[{"@type":"SearchAction","target":{"@type":"EntryPoint","urlTemplate":"https:\/\/www.apfelpatient.de\/?s={search_term_string}"},"query-input":{"@type":"PropertyValueSpecification","valueRequired":true,"valueName":"search_term_string"}}],"inLanguage":"en-US"},{"@type":["Person","Organization"],"@id":"https:\/\/www.apfelpatient.de\/#\/schema\/person\/7dc56ad6c8e9824b76d2c08d4c140e13","name":"Milan","logo":{"@id":"https:\/\/www.apfelpatient.de\/#\/schema\/person\/image\/"},"description":"Hello and welcome to my technology blog! As a big Apple fan, I report on everything to do with Apple: from the latest news and exciting rumors to helpful tips and tricks and detailed product tests. If you are as enthusiastic about technology as I am, you have come to the right place!","sameAs":["https:\/\/www.facebook.com\/apfelpatientOfficial","https:\/\/www.linkedin.com\/in\/milan-jovicic-42aa0231b"],"url":"https:\/\/www.apfelpatient.de\/en\/author\/apfeladmin"}]}},"_links":{"self":[{"href":"https:\/\/www.apfelpatient.de\/en\/wp-json\/wp\/v2\/posts\/49403","targetHints":{"allow":["GET"]}}],"collection":[{"href":"https:\/\/www.apfelpatient.de\/en\/wp-json\/wp\/v2\/posts"}],"about":[{"href":"https:\/\/www.apfelpatient.de\/en\/wp-json\/wp\/v2\/types\/post"}],"author":[{"embeddable":true,"href":"https:\/\/www.apfelpatient.de\/en\/wp-json\/wp\/v2\/users\/2"}],"replies":[{"embeddable":true,"href":"https:\/\/www.apfelpatient.de\/en\/wp-json\/wp\/v2\/comments?post=49403"}],"version-history":[{"count":0,"href":"https:\/\/www.apfelpatient.de\/en\/wp-json\/wp\/v2\/posts\/49403\/revisions"}],"wp:featuredmedia":[{"embeddable":true,"href":"https:\/\/www.apfelpatient.de\/en\/wp-json\/wp\/v2\/media\/49401"}],"wp:attachment":[{"href":"https:\/\/www.apfelpatient.de\/en\/wp-json\/wp\/v2\/media?parent=49403"}],"wp:term":[{"taxonomy":"category","embeddable":true,"href":"https:\/\/www.apfelpatient.de\/en\/wp-json\/wp\/v2\/categories?post=49403"},{"taxonomy":"post_tag","embeddable":true,"href":"https:\/\/www.apfelpatient.de\/en\/wp-json\/wp\/v2\/tags?post=49403"}],"curies":[{"name":"wp","href":"https:\/\/api.w.org\/{rel}","templated":true}]}}