{"id":49132,"date":"2025-01-16T23:22:48","date_gmt":"2025-01-16T22:22:48","guid":{"rendered":"https:\/\/www.apfelpatient.de\/?p=49132"},"modified":"2025-10-14T16:00:41","modified_gmt":"2025-10-14T14:00:41","slug":"apple-tv-backgrounds-to-the-cancellation-of-dick-turpin","status":"publish","type":"post","link":"https:\/\/www.apfelpatient.de\/en\/news\/apple-tv-hintergruende-zur-absetzung-von-dick-turpin","title":{"rendered":"Apple TV+: Background to the cancellation of &quot;Dick Turpin&quot;"},"content":{"rendered":"<p class=\"has-drop-cap\"><strong>Apple TV+ regularly stands for high-quality content and innovative series, but not every production manages to survive in the long term. The cancellation of the comedy series &quot;The Completely Made-Up Adventures of Dick Turpin&quot; is currently causing a stir. What is particularly controversial is that the decision is apparently directly related to the exit of the lead actor Noel Fielding due to illness.<\/strong><\/p>\n\n\n\n<p>Streaming platforms like Apple TV+ rely on consistently delivering exciting and successful content. Series like &quot;Ted Lasso,&quot; &quot;Severance,&quot; and &quot;Silo&quot; have proven that Apple meets this requirement in many cases. But not every project goes as planned. The cancellation of &quot;Dick Turpin&quot; shows how quickly unexpected events can stop a production - even if the first season initially seemed promising.<\/p>\n\n\n\n<h4 class=\"wp-block-heading\" id=\"h-die-serie-dick-turpin-und-ihr-start-auf-apple-tv\">The series \u201cDick Turpin\u201d and its launch on Apple TV+<\/h4>\n\n\n\n<p>&quot;The Completely Made-Up Adventures of Dick Turpin&quot; premiered on Apple TV+ in early 2024. The series told the fictional adventures of the legendary highwayman Dick Turpin and combined historical elements with a humorous, completely fictional approach. Noel Fielding, known from formats such as &quot;The Great British Bake Off&quot; and &quot;Never Mind the Buzzcocks&quot;, took on the lead role and shaped the series with his typical offbeat humor. The reviews for the first season were largely positive, even if the viewing figures fell somewhat short of expectations. Despite the muted response, Apple TV+ decided to renew the series for a second season - a sign that the format had long-term potential.<\/p>\n\n\n\n<figure class=\"wp-block-image size-large\"><img decoding=\"async\" width=\"1024\" height=\"683\" src=\"https:\/\/www.apfelpatient.de\/wp-content\/uploads\/2025\/01\/Adventures_of_Dick_Turpin_Photo_010506-1024x683.jpg\" alt=\"Apple TV+ Dick Turpin\" class=\"wp-image-49131\" srcset=\"https:\/\/www.apfelpatient.de\/wp-content\/uploads\/2025\/01\/Adventures_of_Dick_Turpin_Photo_010506-1024x683.jpg 1024w, https:\/\/www.apfelpatient.de\/wp-content\/uploads\/2025\/01\/Adventures_of_Dick_Turpin_Photo_010506-300x200.jpg 300w, https:\/\/www.apfelpatient.de\/wp-content\/uploads\/2025\/01\/Adventures_of_Dick_Turpin_Photo_010506-768x512.jpg 768w, https:\/\/www.apfelpatient.de\/wp-content\/uploads\/2025\/01\/Adventures_of_Dick_Turpin_Photo_010506-1536x1024.jpg 1536w, https:\/\/www.apfelpatient.de\/wp-content\/uploads\/2025\/01\/Adventures_of_Dick_Turpin_Photo_010506-18x12.jpg 18w, https:\/\/www.apfelpatient.de\/wp-content\/uploads\/2025\/01\/Adventures_of_Dick_Turpin_Photo_010506-750x500.jpg 750w, https:\/\/www.apfelpatient.de\/wp-content\/uploads\/2025\/01\/Adventures_of_Dick_Turpin_Photo_010506-1140x760.jpg 1140w, https:\/\/www.apfelpatient.de\/wp-content\/uploads\/2025\/01\/Adventures_of_Dick_Turpin_Photo_010506.jpg 1600w\" sizes=\"(max-width: 1024px) 100vw, 1024px\" \/><figcaption class=\"wp-element-caption\">Image: Apple<\/figcaption><\/figure>\n\n\n\n<h4 class=\"wp-block-heading\" id=\"h-der-unerwartete-produktionsstopp\">The unexpected production stop<\/h4>\n\n\n\n<p>However, during the production of the second season, there was a sudden halt. According to a <a href=\"https:\/\/www.thesun.co.uk\/tv\/32817761\/noel-fieldings-comedy-axed\/\" target=\"_blank\" rel=\"noreferrer noopener\">report<\/a> According to The Sun, lead actor Noel Fielding was no longer able to continue his role. The phrase &quot;failed to show up for work&quot; made headlines in the reporting, but on closer inspection it turned out that Fielding had left the series due to illness. Without their lead actor, the series could not continue. The crew and cast were informed at short notice that production was being halted. This came as a surprise, as no alternatives - such as a postponement of the shooting schedule or a recast - were apparently considered.<\/p>\n\n\n\n<h4 class=\"wp-block-heading\" id=\"h-offene-fragen-zur-absetzung\">Open questions about the dismissal<\/h4>\n\n\n\n<p>The decision to cancel Dick Turpin entirely raises a number of questions. Why wasn&#039;t production paused until Fielding recovered? Was the possibility of recasting the lead role seriously considered? Or was the decision based on the fact that the series was already receiving only moderate ratings?<\/p>\n\n\n\n<h4 class=\"wp-block-heading\" id=\"h-die-auswirkungen-auf-apple-tv\">The impact on Apple TV+<\/h4>\n\n\n\n<p>The cancellation of &quot;Dick Turpin&quot; is a rare setback for Apple TV+. The platform has a reputation for carefully selecting projects and supporting them over the long term. However, the cancellation of production shows that Apple TV+ also faces challenges when it comes to unforeseen problems. It remains to be seen whether and how the decision will be perceived by fans and creatives. The sudden cancellation will be particularly disappointing for viewers of the first season - there will definitely not be a second season.<\/p>\n\n\n\n<h3 class=\"wp-block-heading\" id=\"h-eine-unerwartete-wendung-fur-apple-tv-dick-turpin-eingestellt\">An unexpected twist for Apple TV+: \u201cDick Turpin\u201d canceled<\/h3>\n\n\n\n<p>The story of &quot;The Completely Made-Up Adventures of Dick Turpin&quot; is an example of how fragile series productions can be. Despite positive reviews and an extension on Apple TV+, the project ended abruptly after the lead actor left for health reasons. The cancellation of the series leaves open questions and shows how important stability is in the production process. Apple TV+ remains a platform that has proven through other projects such as &quot;Severance&quot; or &quot;Silo&quot; that it can deliver innovative content. But for fans of &quot;Dick Turpin&quot; the sudden stop is a bitter moment that will be remembered for a long time. (Image: Apple)<\/p>\n\n\n\n<ul class=\"wp-block-list\">\n<li><a href=\"https:\/\/www.apfelpatient.de\/en\/news\/wildfires-in-la-impact-on-apple-tv-productions\">LA wildfires: Impact on Apple TV+ productions<\/a><\/li>\n\n\n\n<li><a href=\"https:\/\/www.apfelpatient.de\/en\/generally\/apple-tv-highlights-2025-your-watchlist-for-the-new-year\">Apple TV+ Highlights 2025: Your Watchlist for the New Year<\/a><\/li>\n\n\n\n<li><a href=\"https:\/\/www.apfelpatient.de\/en\/news\/severance-season-2-exclusive-preview-now-available\">Severance Season 2: Exclusive Preview Now Available<\/a><\/li>\n<\/ul>\n\n\n\n<h6 class=\"wp-block-heading translation-block\" id=\"h-kennt-ihr-schon-unsere-amazon-storefront-dort-findet-ihr-eine-handverlesene-auswahl-von-diversen-produkten-f-r-euer-iphone-und-co-viel-spa-beim-st-bern\"><em>Have you already visited our Amazon Storefront? There you&#039;ll find a hand-picked selection of various products for your iPhone and other devices \u2013 <span class=\"has-inline-color has-vivid-red-color\"><a href=\"https:\/\/www.amazon.de\/shop\/apfelpatientofficial\" class=\"ek-link\" data-wpel-link=\"exclude\" rel=\"follow noopener\" target=\"_self\"><span style=\"text-decoration: underline\" class=\"ek-underline\">enjoy browsing<\/span><\/a> !<\/span><\/em><\/h6>\n\n\n\n<h6 class=\"wp-block-heading translation-block\" id=\"h-der-beitrag-enthalt-partnerlinks\">This post contains <a data-type=\"URL\" data-id=\"https:\/\/www.apfelpatient.de\/partnerprogramm\" href=\"https:\/\/www.apfelpatient.de\/en\/partner-program\" data-wpel-link=\"internal\" target=\"_self\">affiliate links<\/a>.<\/h6>","protected":false},"excerpt":{"rendered":"<p>Apple TV+ is canceling \u201cDick Turpin.\u201d Read here what is behind the sudden end of the comedy series and what effects it has.<\/p>","protected":false},"author":2,"featured_media":49130,"comment_status":"closed","ping_status":"closed","sticky":false,"template":"","format":"standard","meta":{"jnews-multi-image_gallery":[],"jnews_single_post":{"format":"standard","override":[{"template":"2","parallax":"1","fullscreen":"1","layout":"right-sidebar","sidebar":"default-sidebar","second_sidebar":"default-sidebar","sticky_sidebar":"1","share_position":"top","share_float_style":"share-monocrhome","show_featured":"1","show_post_meta":"1","show_post_author":"1","show_post_author_image":"1","show_post_date":"1","post_date_format":"default","post_date_format_custom":"Y\/m\/d","show_post_category":"1","show_post_reading_time":"0","post_reading_time_wpm":"300","post_calculate_word_method":"str_word_count","show_zoom_button":"0","zoom_button_out_step":"2","zoom_button_in_step":"3","show_post_tag":"1","show_prev_next_post":"1","show_popup_post":"1","number_popup_post":"1","show_author_box":"0","show_post_related":"0","show_inline_post_related":"0"}],"image_override":[{"single_post_thumbnail_size":"crop-500","single_post_gallery_size":"crop-500"}],"trending_post_position":"meta","trending_post_label":"Trending","sponsored_post_label":"Sponsored by","disable_ad":"0"},"jnews_primary_category":{"id":"9"},"footnotes":""},"categories":[9],"tags":[34,156,248],"class_list":["post-49132","post","type-post","status-publish","format-standard","has-post-thumbnail","hentry","category-news","tag-apple-dienste","tag-apple-tv","tag-apple-tv-plus"],"yoast_head":"<!-- This site is optimized with the Yoast SEO Premium plugin v27.5 (Yoast SEO v27.5) - https:\/\/yoast.com\/product\/yoast-seo-premium-wordpress\/ -->\n<title>Apple TV+: Hintergr\u00fcnde zur Absetzung von \u201eDick Turpin\u201c Apfelpatient<\/title>\n<meta name=\"description\" content=\"Apple TV+ stellt \u201eDick Turpin\u201c ein. Was hinter dem pl\u00f6tzlichen Ende der Comedy-Serie steckt und welche Auswirkungen dies hat, liest du hier.\" \/>\n<meta name=\"robots\" content=\"index, follow, max-snippet:-1, max-image-preview:large, max-video-preview:-1\" \/>\n<link rel=\"canonical\" href=\"https:\/\/www.apfelpatient.de\/en\/news\/apple-tv-backgrounds-to-the-cancellation-of-dick-turpin\" \/>\n<meta property=\"og:locale\" content=\"en_US\" \/>\n<meta property=\"og:type\" content=\"article\" \/>\n<meta property=\"og:title\" content=\"Apple TV+: Hintergr\u00fcnde zur Absetzung von \u201eDick Turpin\u201c\" \/>\n<meta property=\"og:description\" content=\"Apple TV+ stellt \u201eDick Turpin\u201c ein. Was hinter dem pl\u00f6tzlichen Ende der Comedy-Serie steckt und welche Auswirkungen dies hat, liest du hier.\" \/>\n<meta property=\"og:url\" content=\"https:\/\/www.apfelpatient.de\/en\/news\/apple-tv-backgrounds-to-the-cancellation-of-dick-turpin\" \/>\n<meta property=\"og:site_name\" content=\"Apfelpatient\" \/>\n<meta property=\"article:publisher\" content=\"https:\/\/www.facebook.com\/apfelpatientOfficial\" \/>\n<meta property=\"article:author\" content=\"https:\/\/www.facebook.com\/apfelpatientOfficial\" \/>\n<meta property=\"article:published_time\" content=\"2025-01-16T22:22:48+00:00\" \/>\n<meta property=\"article:modified_time\" content=\"2025-10-14T14:00:41+00:00\" \/>\n<meta property=\"og:image\" content=\"https:\/\/www.apfelpatient.de\/wp-content\/uploads\/2025\/01\/Apple_TV_Adventures_of_Dick_Turpin_16_9-1024x576.png\" \/>\n\t<meta property=\"og:image:width\" content=\"1024\" \/>\n\t<meta property=\"og:image:height\" content=\"576\" \/>\n\t<meta property=\"og:image:type\" content=\"image\/png\" \/>\n<meta name=\"author\" content=\"Milan\" \/>\n<meta name=\"twitter:card\" content=\"summary_large_image\" \/>\n<meta name=\"twitter:description\" content=\"Apple TV+ stellt \u201eDick Turpin\u201c ein. Was hinter dem pl\u00f6tzlichen Ende der Comedy-Serie steckt und welche Auswirkungen dies hat, liest du hier.\" \/>\n<meta name=\"twitter:label1\" content=\"Written by\" \/>\n\t<meta name=\"twitter:data1\" content=\"Milan\" \/>\n\t<meta name=\"twitter:label2\" content=\"Est. reading time\" \/>\n\t<meta name=\"twitter:data2\" content=\"4 minutes\" \/>\n<script type=\"application\/ld+json\" class=\"yoast-schema-graph\">{\"@context\":\"https:\\\/\\\/schema.org\",\"@graph\":[{\"@type\":\"NewsArticle\",\"@id\":\"https:\\\/\\\/www.apfelpatient.de\\\/news\\\/apple-tv-hintergruende-zur-absetzung-von-dick-turpin#article\",\"isPartOf\":{\"@id\":\"https:\\\/\\\/www.apfelpatient.de\\\/news\\\/apple-tv-hintergruende-zur-absetzung-von-dick-turpin\"},\"author\":{\"@type\":\"Organization\",\"@id\":\"https:\\\/\\\/www.apfelpatient.de\\\/en\\\/#organization\",\"name\":\"Apfelpatient\",\"url\":\"https:\\\/\\\/www.apfelpatient.de\\\/en\\\/\"},\"headline\":\"Apple TV+: Hintergr\u00fcnde zur Absetzung von \u201eDick Turpin\u201c\",\"datePublished\":\"2025-01-16T22:22:48+00:00\",\"dateModified\":\"2025-10-14T14:00:41+00:00\",\"mainEntityOfPage\":{\"@id\":\"https:\\\/\\\/www.apfelpatient.de\\\/news\\\/apple-tv-hintergruende-zur-absetzung-von-dick-turpin\"},\"wordCount\":653,\"publisher\":{\"@type\":\"Organization\",\"@id\":\"https:\\\/\\\/www.apfelpatient.de\\\/en\\\/#organization\",\"name\":\"Apfelpatient\",\"url\":\"https:\\\/\\\/www.apfelpatient.de\\\/en\\\/\"},\"image\":{\"@id\":\"https:\\\/\\\/www.apfelpatient.de\\\/news\\\/apple-tv-hintergruende-zur-absetzung-von-dick-turpin#primaryimage\"},\"thumbnailUrl\":\"https:\\\/\\\/www.apfelpatient.de\\\/wp-content\\\/uploads\\\/2025\\\/01\\\/Apple_TV_Adventures_of_Dick_Turpin_16_9.png\",\"keywords\":[\"Apple Dienste\",\"Apple TV\",\"Apple TV Plus\"],\"articleSection\":\"News\",\"inLanguage\":\"en-US\",\"copyrightYear\":\"2025\",\"copyrightHolder\":{\"@id\":\"https:\\\/\\\/www.apfelpatient.de\\\/en\\\/#organization\"}},{\"@type\":\"WebPage\",\"@id\":\"https:\\\/\\\/www.apfelpatient.de\\\/news\\\/apple-tv-hintergruende-zur-absetzung-von-dick-turpin\",\"url\":\"https:\\\/\\\/www.apfelpatient.de\\\/news\\\/apple-tv-hintergruende-zur-absetzung-von-dick-turpin\",\"name\":\"Apple TV+: Hintergr\u00fcnde zur Absetzung von \u201eDick Turpin\u201c Apfelpatient\",\"isPartOf\":{\"@id\":\"https:\\\/\\\/www.apfelpatient.de\\\/#website\"},\"primaryImageOfPage\":{\"@id\":\"https:\\\/\\\/www.apfelpatient.de\\\/news\\\/apple-tv-hintergruende-zur-absetzung-von-dick-turpin#primaryimage\"},\"image\":{\"@id\":\"https:\\\/\\\/www.apfelpatient.de\\\/news\\\/apple-tv-hintergruende-zur-absetzung-von-dick-turpin#primaryimage\"},\"thumbnailUrl\":\"https:\\\/\\\/www.apfelpatient.de\\\/wp-content\\\/uploads\\\/2025\\\/01\\\/Apple_TV_Adventures_of_Dick_Turpin_16_9.png\",\"datePublished\":\"2025-01-16T22:22:48+00:00\",\"dateModified\":\"2025-10-14T14:00:41+00:00\",\"description\":\"Apple TV+ stellt \u201eDick Turpin\u201c ein. Was hinter dem pl\u00f6tzlichen Ende der Comedy-Serie steckt und welche Auswirkungen dies hat, liest du hier.\",\"breadcrumb\":{\"@id\":\"https:\\\/\\\/www.apfelpatient.de\\\/news\\\/apple-tv-hintergruende-zur-absetzung-von-dick-turpin#breadcrumb\"},\"inLanguage\":\"en-US\",\"potentialAction\":[{\"@type\":\"ReadAction\",\"target\":[\"https:\\\/\\\/www.apfelpatient.de\\\/news\\\/apple-tv-hintergruende-zur-absetzung-von-dick-turpin\"]}]},{\"@type\":\"ImageObject\",\"inLanguage\":\"en-US\",\"@id\":\"https:\\\/\\\/www.apfelpatient.de\\\/news\\\/apple-tv-hintergruende-zur-absetzung-von-dick-turpin#primaryimage\",\"url\":\"https:\\\/\\\/www.apfelpatient.de\\\/wp-content\\\/uploads\\\/2025\\\/01\\\/Apple_TV_Adventures_of_Dick_Turpin_16_9.png\",\"contentUrl\":\"https:\\\/\\\/www.apfelpatient.de\\\/wp-content\\\/uploads\\\/2025\\\/01\\\/Apple_TV_Adventures_of_Dick_Turpin_16_9.png\",\"width\":1600,\"height\":900,\"caption\":\"Bild: Apple\"},{\"@type\":\"BreadcrumbList\",\"@id\":\"https:\\\/\\\/www.apfelpatient.de\\\/news\\\/apple-tv-hintergruende-zur-absetzung-von-dick-turpin#breadcrumb\",\"itemListElement\":[{\"@type\":\"ListItem\",\"position\":1,\"name\":\"Startseite\",\"item\":\"https:\\\/\\\/www.apfelpatient.de\\\/\"},{\"@type\":\"ListItem\",\"position\":2,\"name\":\"Apple TV+: Hintergr\u00fcnde zur Absetzung von \u201eDick Turpin\u201c\"}]},{\"@type\":\"WebSite\",\"@id\":\"https:\\\/\\\/www.apfelpatient.de\\\/#website\",\"url\":\"https:\\\/\\\/www.apfelpatient.de\\\/\",\"name\":\"Apfelpatient\",\"description\":\"Alles rund um Apple!\",\"publisher\":{\"@type\":\"Organization\",\"@id\":\"https:\\\/\\\/www.apfelpatient.de\\\/en\\\/#organization\",\"name\":\"Apfelpatient\",\"url\":\"https:\\\/\\\/www.apfelpatient.de\\\/en\\\/\"},\"alternateName\":\"Apfelpatient\",\"potentialAction\":[{\"@type\":\"SearchAction\",\"target\":{\"@type\":\"EntryPoint\",\"urlTemplate\":\"https:\\\/\\\/www.apfelpatient.de\\\/?s={search_term_string}\"},\"query-input\":{\"@type\":\"PropertyValueSpecification\",\"valueRequired\":true,\"valueName\":\"search_term_string\"}}],\"inLanguage\":\"en-US\"},{\"@type\":[\"Person\",\"Organization\"],\"@id\":\"https:\\\/\\\/www.apfelpatient.de\\\/#\\\/schema\\\/person\\\/7dc56ad6c8e9824b76d2c08d4c140e13\",\"name\":\"Milan\",\"logo\":{\"@id\":\"https:\\\/\\\/www.apfelpatient.de\\\/#\\\/schema\\\/person\\\/image\\\/\"},\"description\":\"Hallo und herzlich willkommen auf meinem Technik-Blog! Als gro\u00dfer Apple-Fan berichte ich hier \u00fcber alles, was mit Apple zu tun hat: von den neuesten News und spannenden Ger\u00fcchten \u00fcber hilfreiche Tipps und Tricks bis hin zu ausf\u00fchrlichen Produkttests. Wenn du genauso technikbegeistert bist wie ich, bist du hier genau richtig!\",\"sameAs\":[\"https:\\\/\\\/www.facebook.com\\\/apfelpatientOfficial\",\"https:\\\/\\\/www.linkedin.com\\\/in\\\/milan-jovicic-42aa0231b\"],\"url\":\"https:\\\/\\\/www.apfelpatient.de\\\/en\\\/author\\\/apfeladmin\"}]}<\/script>\n<!-- \/ Yoast SEO Premium plugin. -->","yoast_head_json":{"title":"Apple TV+: Background to the cancellation of \u201cDick Turpin\u201d Apfelpatient","description":"Apple TV+ is canceling \u201cDick Turpin.\u201d Read here what is behind the sudden end of the comedy series and what effects it has.","robots":{"index":"index","follow":"follow","max-snippet":"max-snippet:-1","max-image-preview":"max-image-preview:large","max-video-preview":"max-video-preview:-1"},"canonical":"https:\/\/www.apfelpatient.de\/en\/news\/apple-tv-backgrounds-to-the-cancellation-of-dick-turpin","og_locale":"en_US","og_type":"article","og_title":"Apple TV+: Hintergr\u00fcnde zur Absetzung von \u201eDick Turpin\u201c","og_description":"Apple TV+ stellt \u201eDick Turpin\u201c ein. Was hinter dem pl\u00f6tzlichen Ende der Comedy-Serie steckt und welche Auswirkungen dies hat, liest du hier.","og_url":"https:\/\/www.apfelpatient.de\/en\/news\/apple-tv-backgrounds-to-the-cancellation-of-dick-turpin","og_site_name":"Apfelpatient","article_publisher":"https:\/\/www.facebook.com\/apfelpatientOfficial","article_author":"https:\/\/www.facebook.com\/apfelpatientOfficial","article_published_time":"2025-01-16T22:22:48+00:00","article_modified_time":"2025-10-14T14:00:41+00:00","og_image":[{"width":1024,"height":576,"url":"https:\/\/www.apfelpatient.de\/wp-content\/uploads\/2025\/01\/Apple_TV_Adventures_of_Dick_Turpin_16_9-1024x576.png","type":"image\/png"}],"author":"Milan","twitter_card":"summary_large_image","twitter_description":"Apple TV+ stellt \u201eDick Turpin\u201c ein. Was hinter dem pl\u00f6tzlichen Ende der Comedy-Serie steckt und welche Auswirkungen dies hat, liest du hier.","twitter_misc":{"Written by":"Milan","Est. reading time":"4 minutes"},"schema":{"@context":"https:\/\/schema.org","@graph":[{"@type":"NewsArticle","@id":"https:\/\/www.apfelpatient.de\/news\/apple-tv-hintergruende-zur-absetzung-von-dick-turpin#article","isPartOf":{"@id":"https:\/\/www.apfelpatient.de\/news\/apple-tv-hintergruende-zur-absetzung-von-dick-turpin"},"author":{"@type":"Organization","@id":"https:\/\/www.apfelpatient.de\/en\/#organization","name":"Apfelpatient","url":"https:\/\/www.apfelpatient.de\/en\/"},"headline":"Apple TV+: Hintergr\u00fcnde zur Absetzung von \u201eDick Turpin\u201c","datePublished":"2025-01-16T22:22:48+00:00","dateModified":"2025-10-14T14:00:41+00:00","mainEntityOfPage":{"@id":"https:\/\/www.apfelpatient.de\/news\/apple-tv-hintergruende-zur-absetzung-von-dick-turpin"},"wordCount":653,"publisher":{"@type":"Organization","@id":"https:\/\/www.apfelpatient.de\/en\/#organization","name":"Apfelpatient","url":"https:\/\/www.apfelpatient.de\/en\/"},"image":{"@id":"https:\/\/www.apfelpatient.de\/news\/apple-tv-hintergruende-zur-absetzung-von-dick-turpin#primaryimage"},"thumbnailUrl":"https:\/\/www.apfelpatient.de\/wp-content\/uploads\/2025\/01\/Apple_TV_Adventures_of_Dick_Turpin_16_9.png","keywords":["Apple Dienste","Apple TV","Apple TV Plus"],"articleSection":"News","inLanguage":"en-US","copyrightYear":"2025","copyrightHolder":{"@id":"https:\/\/www.apfelpatient.de\/en\/#organization"}},{"@type":"WebPage","@id":"https:\/\/www.apfelpatient.de\/news\/apple-tv-hintergruende-zur-absetzung-von-dick-turpin","url":"https:\/\/www.apfelpatient.de\/news\/apple-tv-hintergruende-zur-absetzung-von-dick-turpin","name":"Apple TV+: Background to the cancellation of \u201cDick Turpin\u201d Apfelpatient","isPartOf":{"@id":"https:\/\/www.apfelpatient.de\/#website"},"primaryImageOfPage":{"@id":"https:\/\/www.apfelpatient.de\/news\/apple-tv-hintergruende-zur-absetzung-von-dick-turpin#primaryimage"},"image":{"@id":"https:\/\/www.apfelpatient.de\/news\/apple-tv-hintergruende-zur-absetzung-von-dick-turpin#primaryimage"},"thumbnailUrl":"https:\/\/www.apfelpatient.de\/wp-content\/uploads\/2025\/01\/Apple_TV_Adventures_of_Dick_Turpin_16_9.png","datePublished":"2025-01-16T22:22:48+00:00","dateModified":"2025-10-14T14:00:41+00:00","description":"Apple TV+ is canceling \u201cDick Turpin.\u201d Read here what is behind the sudden end of the comedy series and what effects it has.","breadcrumb":{"@id":"https:\/\/www.apfelpatient.de\/news\/apple-tv-hintergruende-zur-absetzung-von-dick-turpin#breadcrumb"},"inLanguage":"en-US","potentialAction":[{"@type":"ReadAction","target":["https:\/\/www.apfelpatient.de\/news\/apple-tv-hintergruende-zur-absetzung-von-dick-turpin"]}]},{"@type":"ImageObject","inLanguage":"en-US","@id":"https:\/\/www.apfelpatient.de\/news\/apple-tv-hintergruende-zur-absetzung-von-dick-turpin#primaryimage","url":"https:\/\/www.apfelpatient.de\/wp-content\/uploads\/2025\/01\/Apple_TV_Adventures_of_Dick_Turpin_16_9.png","contentUrl":"https:\/\/www.apfelpatient.de\/wp-content\/uploads\/2025\/01\/Apple_TV_Adventures_of_Dick_Turpin_16_9.png","width":1600,"height":900,"caption":"Bild: Apple"},{"@type":"BreadcrumbList","@id":"https:\/\/www.apfelpatient.de\/news\/apple-tv-hintergruende-zur-absetzung-von-dick-turpin#breadcrumb","itemListElement":[{"@type":"ListItem","position":1,"name":"Startseite","item":"https:\/\/www.apfelpatient.de\/"},{"@type":"ListItem","position":2,"name":"Apple TV+: Hintergr\u00fcnde zur Absetzung von \u201eDick Turpin\u201c"}]},{"@type":"WebSite","@id":"https:\/\/www.apfelpatient.de\/#website","url":"https:\/\/www.apfelpatient.de\/","name":"apple patient","description":"Everything about Apple!","publisher":{"@type":"Organization","@id":"https:\/\/www.apfelpatient.de\/en\/#organization","name":"Apfelpatient","url":"https:\/\/www.apfelpatient.de\/en\/"},"alternateName":"Apfelpatient","potentialAction":[{"@type":"SearchAction","target":{"@type":"EntryPoint","urlTemplate":"https:\/\/www.apfelpatient.de\/?s={search_term_string}"},"query-input":{"@type":"PropertyValueSpecification","valueRequired":true,"valueName":"search_term_string"}}],"inLanguage":"en-US"},{"@type":["Person","Organization"],"@id":"https:\/\/www.apfelpatient.de\/#\/schema\/person\/7dc56ad6c8e9824b76d2c08d4c140e13","name":"Milan","logo":{"@id":"https:\/\/www.apfelpatient.de\/#\/schema\/person\/image\/"},"description":"Hello and welcome to my technology blog! As a big Apple fan, I report on everything to do with Apple: from the latest news and exciting rumors to helpful tips and tricks and detailed product tests. If you are as enthusiastic about technology as I am, you have come to the right place!","sameAs":["https:\/\/www.facebook.com\/apfelpatientOfficial","https:\/\/www.linkedin.com\/in\/milan-jovicic-42aa0231b"],"url":"https:\/\/www.apfelpatient.de\/en\/author\/apfeladmin"}]}},"_links":{"self":[{"href":"https:\/\/www.apfelpatient.de\/en\/wp-json\/wp\/v2\/posts\/49132","targetHints":{"allow":["GET"]}}],"collection":[{"href":"https:\/\/www.apfelpatient.de\/en\/wp-json\/wp\/v2\/posts"}],"about":[{"href":"https:\/\/www.apfelpatient.de\/en\/wp-json\/wp\/v2\/types\/post"}],"author":[{"embeddable":true,"href":"https:\/\/www.apfelpatient.de\/en\/wp-json\/wp\/v2\/users\/2"}],"replies":[{"embeddable":true,"href":"https:\/\/www.apfelpatient.de\/en\/wp-json\/wp\/v2\/comments?post=49132"}],"version-history":[{"count":0,"href":"https:\/\/www.apfelpatient.de\/en\/wp-json\/wp\/v2\/posts\/49132\/revisions"}],"wp:featuredmedia":[{"embeddable":true,"href":"https:\/\/www.apfelpatient.de\/en\/wp-json\/wp\/v2\/media\/49130"}],"wp:attachment":[{"href":"https:\/\/www.apfelpatient.de\/en\/wp-json\/wp\/v2\/media?parent=49132"}],"wp:term":[{"taxonomy":"category","embeddable":true,"href":"https:\/\/www.apfelpatient.de\/en\/wp-json\/wp\/v2\/categories?post=49132"},{"taxonomy":"post_tag","embeddable":true,"href":"https:\/\/www.apfelpatient.de\/en\/wp-json\/wp\/v2\/tags?post=49132"}],"curies":[{"name":"wp","href":"https:\/\/api.w.org\/{rel}","templated":true}]}}