{"id":49080,"date":"2025-01-15T17:01:37","date_gmt":"2025-01-15T16:01:37","guid":{"rendered":"https:\/\/www.apfelpatient.de\/?p=49080"},"modified":"2025-01-15T17:01:39","modified_gmt":"2025-01-15T16:01:39","slug":"tim-cook-in-an-interview-personal-insights-from-the-apple-chef","status":"publish","type":"post","link":"https:\/\/www.apfelpatient.de\/en\/news\/tim-cook-im-interview-persoenliche-einblicke-des-apple-chefs","title":{"rendered":"Tim Cook in an interview: Personal insights from the Apple CEO"},"content":{"rendered":"<p class=\"has-drop-cap\"><strong>Tim Cook, CEO of Apple, is not only one of the most influential figures in the technology industry but also a person with fascinating habits, opinions and views on life. In a detailed podcast interview, he talked about his everyday life, his unusual retirement plan and many other personal details. Here you can find out what the Apple boss does behind the scenes.<\/strong><\/p>\n\n\n\n<p>Shortly before Christmas, Tim Cook travelled to Great Britain, where he met King Charles III, among others. During his visit, he also took <a href=\"https:\/\/podcasts.apple.com\/us\/podcast\/tim-cook\/id1305228910?i=1000684028214\" target=\"_blank\" rel=\"noreferrer noopener\">in a conversation<\/a> in the &quot;Table Manners&quot; podcast by Jessie and Lennie Ware. For over an hour, Cook spoke openly about topics such as his morning routine, the challenges of his job, his childhood and even his culinary preferences. These insights give an exciting picture of a man who is much more than the head of one of the largest companies in the world.<\/p>\n\n\n\n<h4 class=\"wp-block-heading\" id=\"h-tim-cooks-ruhestandsplane\">Tim Cook&#039;s retirement plans<\/h4>\n\n\n\n<p>When asked if he would ever retire, Cook replied that he could not imagine it in the traditional way. He explained:<\/p>\n\n\n\n<blockquote class=\"wp-block-quote is-layout-flow wp-block-quote-is-layout-flow\">\n<p>I can&#039;t imagine sitting at home and doing nothing.<\/p>\n<\/blockquote>\n\n\n\n<p>For him, it is important to remain intellectually stimulated and to continue working on improvements for the future. Even as a child, he was always looking for challenges and was already working at the age of 11 or 12. This attitude still influences him today.<\/p>\n\n\n\n<h4 class=\"wp-block-heading\" id=\"h-seine-morgenroutine\">His morning routine<\/h4>\n\n\n\n<p>Tim Cook starts his day at 5 a.m. - sometimes even earlier. For him, this is the calmest and most controlled time of the day. After a coffee and a bowl of cereal, he devotes himself to his emails, which often demand a lot of his attention. In total, he receives 500 to 600 emails a day, sometimes even more if extraordinary events occur. Despite this flood of messages, Cook manages to concentrate on the essentials.<\/p>\n\n\n\n<h4 class=\"wp-block-heading\" id=\"h-kindheit-und-erste-jobs\">Childhood and first jobs<\/h4>\n\n\n\n<p>In the interview, Cook also talked about his childhood in Alabama. He grew up in humble circumstances and started working at an early age. His first job was delivering newspapers, and later he fried burgers in a fast-food restaurant called Tasty Freeze. At the time, he earned $1.10 an hour - a salary that was even below the minimum wage at the time but was legal. These experiences shaped him and made him the disciplined person he is today.<\/p>\n\n\n\n<h4 class=\"wp-block-heading\" id=\"h-kulinarische-vorlieben\">culinary preferences<\/h4>\n\n\n\n<p>Although his last name is &quot;Cook,&quot; Tim Cook rarely cooks himself. Instead, he raves about Caff\u00e8 Macs, Apple&#039;s own canteen. He often eats lunch there and also takes his dinner home during the week, usually fish. One of his favorite dishes is roast chicken, which reminds him of his childhood. He also loves dark chocolate. As for wine, he prefers a Kistler Chardonnay.<\/p>\n\n\n\n<h4 class=\"wp-block-heading\" id=\"h-details-aus-dem-apple-park\">Details from Apple Park<\/h4>\n\n\n\n<p>Cook mentioned in the interview that there are fruit trees in Apple Park that are used to make jam. These small details show how much importance Apple places on sustainability and quality.<\/p>\n\n\n\n<h4 class=\"wp-block-heading\" id=\"h-uberraschendes-aus-dem-interview\">Surprising things from the interview<\/h4>\n\n\n\n<p>Cook shared an amusing anecdote about his &quot;Genmoji,&quot; explaining how he recently worked on creating an emoji with a Christmas scene from London that reflects his love of Christmas and the British capital.<\/p>\n\n\n\n<h3 class=\"wp-block-heading\" id=\"h-tim-cook-ganz-personlich-was-ihn-antreibt-und-inspiriert\">Tim Cook personally: What drives and inspires him<\/h3>\n\n\n\n<p>Tim Cook is not only the CEO of Apple but also a person with clear principles and a passion for challenges. Whether it is his unconventional retirement plans, his structured morning routine or his love of good food - the interview provides rare insights into the life of one of the most important leaders of our time. If you want to find out more about Cook, you should listen to the entire podcast episode, which is available on Apple Podcasts <a href=\"https:\/\/podcasts.apple.com\/us\/podcast\/tim-cook\/id1305228910?i=1000684028214\" target=\"_blank\" rel=\"noreferrer noopener\">available<\/a> is. (Image: Apple)<\/p>\n\n\n\n<ul class=\"wp-block-list\">\n<li><a href=\"https:\/\/www.apfelpatient.de\/en\/news\/everything-under-control-with-chatgpt-the-new-tasks-function-explained\">Everything under control with ChatGPT: The new task function explained<\/a><\/li>\n\n\n\n<li><a href=\"https:\/\/www.apfelpatient.de\/en\/generally\/apple-2025-eight-new-products-that-remain-affordable\">Apple 2025: Eight new products that remain affordable<\/a><\/li>\n\n\n\n<li><a href=\"https:\/\/www.apfelpatient.de\/en\/generally\/apple-and-dei-how-diversity-promotes-innovation-and-profit\">Apple and DEI: How Diversity Drives Innovation and Profit<\/a><\/li>\n<\/ul>\n\n\n\n<h6 class=\"wp-block-heading translation-block\" id=\"h-kennt-ihr-schon-unsere-amazon-storefront-dort-findet-ihr-eine-handverlesene-auswahl-von-diversen-produkten-f-r-euer-iphone-und-co-viel-spa-beim-st-bern\"><em>Have you already visited our Amazon Storefront? There you&#039;ll find a hand-picked selection of various products for your iPhone and other devices \u2013 <span class=\"has-inline-color has-vivid-red-color\"><a href=\"https:\/\/www.amazon.de\/shop\/apfelpatientofficial\" class=\"ek-link\" data-wpel-link=\"exclude\" rel=\"follow noopener\" target=\"_self\"><span style=\"text-decoration: underline\" class=\"ek-underline\">enjoy browsing<\/span><\/a> !<\/span><\/em><\/h6>\n\n\n\n<h6 class=\"wp-block-heading translation-block\" id=\"h-der-beitrag-enthalt-partnerlinks\">This post contains <a data-type=\"URL\" data-id=\"https:\/\/www.apfelpatient.de\/partnerprogramm\" href=\"https:\/\/www.apfelpatient.de\/en\/partner-program\" data-wpel-link=\"internal\" target=\"_self\">affiliate links<\/a>.<\/h6>","protected":false},"excerpt":{"rendered":"<p>Tim Cook, CEO of Apple, gives personal insights into his life in the podcast. Find out more about his everyday life, plans and his childhood.<\/p>","protected":false},"author":2,"featured_media":49078,"comment_status":"closed","ping_status":"closed","sticky":false,"template":"","format":"standard","meta":{"jnews-multi-image_gallery":[],"jnews_single_post":{"format":"standard","override":[{"template":"2","parallax":"1","fullscreen":"1","layout":"right-sidebar","sidebar":"default-sidebar","second_sidebar":"default-sidebar","sticky_sidebar":"1","share_position":"top","share_float_style":"share-monocrhome","show_featured":"1","show_post_meta":"1","show_post_author":"1","show_post_author_image":"1","show_post_date":"1","post_date_format":"default","post_date_format_custom":"Y\/m\/d","show_post_category":"1","show_post_reading_time":"0","post_reading_time_wpm":"300","post_calculate_word_method":"str_word_count","show_zoom_button":"0","zoom_button_out_step":"2","zoom_button_in_step":"3","show_post_tag":"1","show_prev_next_post":"1","show_popup_post":"1","number_popup_post":"1","show_author_box":"0","show_post_related":"0","show_inline_post_related":"0"}],"image_override":[{"single_post_thumbnail_size":"crop-500","single_post_gallery_size":"crop-500"}],"trending_post_position":"meta","trending_post_label":"Trending","sponsored_post_label":"Sponsored by","disable_ad":"0"},"jnews_primary_category":{"id":"9"},"footnotes":""},"categories":[9],"tags":[13],"class_list":["post-49080","post","type-post","status-publish","format-standard","has-post-thumbnail","hentry","category-news","tag-techpatient"],"yoast_head":"<!-- This site is optimized with the Yoast SEO Premium plugin v27.5 (Yoast SEO v27.5) - https:\/\/yoast.com\/product\/yoast-seo-premium-wordpress\/ -->\n<title>Tim Cook im Interview: Pers\u00f6nliche Einblicke des Apple-Chefs Apfelpatient<\/title>\n<meta name=\"description\" content=\"Tim Cook, CEO von Apple, gibt im Podcast pers\u00f6nliche Einblicke in sein Leben. Erfahre mehr \u00fcber seinen Alltag, Pl\u00e4ne und seine Kindheit.\" \/>\n<meta name=\"robots\" content=\"index, follow, max-snippet:-1, max-image-preview:large, max-video-preview:-1\" \/>\n<link rel=\"canonical\" href=\"https:\/\/www.apfelpatient.de\/en\/news\/tim-cook-in-an-interview-personal-insights-from-the-apple-chef\" \/>\n<meta property=\"og:locale\" content=\"en_US\" \/>\n<meta property=\"og:type\" content=\"article\" \/>\n<meta property=\"og:title\" content=\"Tim Cook im Interview: Pers\u00f6nliche Einblicke des Apple-Chefs\" \/>\n<meta property=\"og:description\" content=\"Tim Cook, CEO von Apple, gibt im Podcast pers\u00f6nliche Einblicke in sein Leben. Erfahre mehr \u00fcber seinen Alltag, Pl\u00e4ne und seine Kindheit.\" \/>\n<meta property=\"og:url\" content=\"https:\/\/www.apfelpatient.de\/en\/news\/tim-cook-in-an-interview-personal-insights-from-the-apple-chef\" \/>\n<meta property=\"og:site_name\" content=\"Apfelpatient\" \/>\n<meta property=\"article:publisher\" content=\"https:\/\/www.facebook.com\/apfelpatientOfficial\" \/>\n<meta property=\"article:author\" content=\"https:\/\/www.facebook.com\/apfelpatientOfficial\" \/>\n<meta property=\"article:published_time\" content=\"2025-01-15T16:01:37+00:00\" \/>\n<meta property=\"article:modified_time\" content=\"2025-01-15T16:01:39+00:00\" \/>\n<meta property=\"og:image\" content=\"https:\/\/www.apfelpatient.de\/wp-content\/uploads\/2025\/01\/AP_keynote_2017_wrap-up_tim-cook.jpg\" \/>\n\t<meta property=\"og:image:width\" content=\"1142\" \/>\n\t<meta property=\"og:image:height\" content=\"885\" \/>\n\t<meta property=\"og:image:type\" content=\"image\/jpeg\" \/>\n<meta name=\"author\" content=\"Milan\" \/>\n<meta name=\"twitter:card\" content=\"summary_large_image\" \/>\n<meta name=\"twitter:description\" content=\"Tim Cook, CEO von Apple, gibt im Podcast pers\u00f6nliche Einblicke in sein Leben. Erfahre mehr \u00fcber seinen Alltag, Pl\u00e4ne und seine Kindheit.\" \/>\n<meta name=\"twitter:label1\" content=\"Written by\" \/>\n\t<meta name=\"twitter:data1\" content=\"Milan\" \/>\n\t<meta name=\"twitter:label2\" content=\"Est. reading time\" \/>\n\t<meta name=\"twitter:data2\" content=\"4 minutes\" \/>\n<script type=\"application\/ld+json\" class=\"yoast-schema-graph\">{\"@context\":\"https:\\\/\\\/schema.org\",\"@graph\":[{\"@type\":\"NewsArticle\",\"@id\":\"https:\\\/\\\/www.apfelpatient.de\\\/news\\\/tim-cook-im-interview-persoenliche-einblicke-des-apple-chefs#article\",\"isPartOf\":{\"@id\":\"https:\\\/\\\/www.apfelpatient.de\\\/news\\\/tim-cook-im-interview-persoenliche-einblicke-des-apple-chefs\"},\"author\":{\"@type\":\"Organization\",\"@id\":\"https:\\\/\\\/www.apfelpatient.de\\\/en\\\/#organization\",\"name\":\"Apfelpatient\",\"url\":\"https:\\\/\\\/www.apfelpatient.de\\\/en\\\/\"},\"headline\":\"Tim Cook im Interview: Pers\u00f6nliche Einblicke des Apple-Chefs\",\"datePublished\":\"2025-01-15T16:01:37+00:00\",\"dateModified\":\"2025-01-15T16:01:39+00:00\",\"mainEntityOfPage\":{\"@id\":\"https:\\\/\\\/www.apfelpatient.de\\\/news\\\/tim-cook-im-interview-persoenliche-einblicke-des-apple-chefs\"},\"wordCount\":661,\"publisher\":{\"@type\":\"Organization\",\"@id\":\"https:\\\/\\\/www.apfelpatient.de\\\/en\\\/#organization\",\"name\":\"Apfelpatient\",\"url\":\"https:\\\/\\\/www.apfelpatient.de\\\/en\\\/\"},\"image\":{\"@id\":\"https:\\\/\\\/www.apfelpatient.de\\\/news\\\/tim-cook-im-interview-persoenliche-einblicke-des-apple-chefs#primaryimage\"},\"thumbnailUrl\":\"https:\\\/\\\/www.apfelpatient.de\\\/wp-content\\\/uploads\\\/2025\\\/01\\\/AP_keynote_2017_wrap-up_tim-cook.jpg\",\"keywords\":[\"TechPatient\"],\"articleSection\":\"News\",\"inLanguage\":\"en-US\",\"copyrightYear\":\"2025\",\"copyrightHolder\":{\"@id\":\"https:\\\/\\\/www.apfelpatient.de\\\/en\\\/#organization\"}},{\"@type\":\"WebPage\",\"@id\":\"https:\\\/\\\/www.apfelpatient.de\\\/news\\\/tim-cook-im-interview-persoenliche-einblicke-des-apple-chefs\",\"url\":\"https:\\\/\\\/www.apfelpatient.de\\\/news\\\/tim-cook-im-interview-persoenliche-einblicke-des-apple-chefs\",\"name\":\"Tim Cook im Interview: Pers\u00f6nliche Einblicke des Apple-Chefs Apfelpatient\",\"isPartOf\":{\"@id\":\"https:\\\/\\\/www.apfelpatient.de\\\/#website\"},\"primaryImageOfPage\":{\"@id\":\"https:\\\/\\\/www.apfelpatient.de\\\/news\\\/tim-cook-im-interview-persoenliche-einblicke-des-apple-chefs#primaryimage\"},\"image\":{\"@id\":\"https:\\\/\\\/www.apfelpatient.de\\\/news\\\/tim-cook-im-interview-persoenliche-einblicke-des-apple-chefs#primaryimage\"},\"thumbnailUrl\":\"https:\\\/\\\/www.apfelpatient.de\\\/wp-content\\\/uploads\\\/2025\\\/01\\\/AP_keynote_2017_wrap-up_tim-cook.jpg\",\"datePublished\":\"2025-01-15T16:01:37+00:00\",\"dateModified\":\"2025-01-15T16:01:39+00:00\",\"description\":\"Tim Cook, CEO von Apple, gibt im Podcast pers\u00f6nliche Einblicke in sein Leben. Erfahre mehr \u00fcber seinen Alltag, Pl\u00e4ne und seine Kindheit.\",\"breadcrumb\":{\"@id\":\"https:\\\/\\\/www.apfelpatient.de\\\/news\\\/tim-cook-im-interview-persoenliche-einblicke-des-apple-chefs#breadcrumb\"},\"inLanguage\":\"en-US\",\"potentialAction\":[{\"@type\":\"ReadAction\",\"target\":[\"https:\\\/\\\/www.apfelpatient.de\\\/news\\\/tim-cook-im-interview-persoenliche-einblicke-des-apple-chefs\"]}]},{\"@type\":\"ImageObject\",\"inLanguage\":\"en-US\",\"@id\":\"https:\\\/\\\/www.apfelpatient.de\\\/news\\\/tim-cook-im-interview-persoenliche-einblicke-des-apple-chefs#primaryimage\",\"url\":\"https:\\\/\\\/www.apfelpatient.de\\\/wp-content\\\/uploads\\\/2025\\\/01\\\/AP_keynote_2017_wrap-up_tim-cook.jpg\",\"contentUrl\":\"https:\\\/\\\/www.apfelpatient.de\\\/wp-content\\\/uploads\\\/2025\\\/01\\\/AP_keynote_2017_wrap-up_tim-cook.jpg\",\"width\":1142,\"height\":885,\"caption\":\"Bild: Apple\"},{\"@type\":\"BreadcrumbList\",\"@id\":\"https:\\\/\\\/www.apfelpatient.de\\\/news\\\/tim-cook-im-interview-persoenliche-einblicke-des-apple-chefs#breadcrumb\",\"itemListElement\":[{\"@type\":\"ListItem\",\"position\":1,\"name\":\"Startseite\",\"item\":\"https:\\\/\\\/www.apfelpatient.de\\\/\"},{\"@type\":\"ListItem\",\"position\":2,\"name\":\"Tim Cook im Interview: Pers\u00f6nliche Einblicke des Apple-Chefs\"}]},{\"@type\":\"WebSite\",\"@id\":\"https:\\\/\\\/www.apfelpatient.de\\\/#website\",\"url\":\"https:\\\/\\\/www.apfelpatient.de\\\/\",\"name\":\"Apfelpatient\",\"description\":\"Alles rund um Apple!\",\"publisher\":{\"@type\":\"Organization\",\"@id\":\"https:\\\/\\\/www.apfelpatient.de\\\/en\\\/#organization\",\"name\":\"Apfelpatient\",\"url\":\"https:\\\/\\\/www.apfelpatient.de\\\/en\\\/\"},\"alternateName\":\"Apfelpatient\",\"potentialAction\":[{\"@type\":\"SearchAction\",\"target\":{\"@type\":\"EntryPoint\",\"urlTemplate\":\"https:\\\/\\\/www.apfelpatient.de\\\/?s={search_term_string}\"},\"query-input\":{\"@type\":\"PropertyValueSpecification\",\"valueRequired\":true,\"valueName\":\"search_term_string\"}}],\"inLanguage\":\"en-US\"},{\"@type\":[\"Person\",\"Organization\"],\"@id\":\"https:\\\/\\\/www.apfelpatient.de\\\/#\\\/schema\\\/person\\\/7dc56ad6c8e9824b76d2c08d4c140e13\",\"name\":\"Milan\",\"logo\":{\"@id\":\"https:\\\/\\\/www.apfelpatient.de\\\/#\\\/schema\\\/person\\\/image\\\/\"},\"description\":\"Hallo und herzlich willkommen auf meinem Technik-Blog! Als gro\u00dfer Apple-Fan berichte ich hier \u00fcber alles, was mit Apple zu tun hat: von den neuesten News und spannenden Ger\u00fcchten \u00fcber hilfreiche Tipps und Tricks bis hin zu ausf\u00fchrlichen Produkttests. Wenn du genauso technikbegeistert bist wie ich, bist du hier genau richtig!\",\"sameAs\":[\"https:\\\/\\\/www.facebook.com\\\/apfelpatientOfficial\",\"https:\\\/\\\/www.linkedin.com\\\/in\\\/milan-jovicic-42aa0231b\"],\"url\":\"https:\\\/\\\/www.apfelpatient.de\\\/en\\\/author\\\/apfeladmin\"}]}<\/script>\n<!-- \/ Yoast SEO Premium plugin. -->","yoast_head_json":{"title":"Tim Cook in an interview: Personal insights from the Apple CEO Apfelpatient","description":"Tim Cook, CEO of Apple, gives personal insights into his life in the podcast. Find out more about his everyday life, plans and his childhood.","robots":{"index":"index","follow":"follow","max-snippet":"max-snippet:-1","max-image-preview":"max-image-preview:large","max-video-preview":"max-video-preview:-1"},"canonical":"https:\/\/www.apfelpatient.de\/en\/news\/tim-cook-in-an-interview-personal-insights-from-the-apple-chef","og_locale":"en_US","og_type":"article","og_title":"Tim Cook im Interview: Pers\u00f6nliche Einblicke des Apple-Chefs","og_description":"Tim Cook, CEO von Apple, gibt im Podcast pers\u00f6nliche Einblicke in sein Leben. Erfahre mehr \u00fcber seinen Alltag, Pl\u00e4ne und seine Kindheit.","og_url":"https:\/\/www.apfelpatient.de\/en\/news\/tim-cook-in-an-interview-personal-insights-from-the-apple-chef","og_site_name":"Apfelpatient","article_publisher":"https:\/\/www.facebook.com\/apfelpatientOfficial","article_author":"https:\/\/www.facebook.com\/apfelpatientOfficial","article_published_time":"2025-01-15T16:01:37+00:00","article_modified_time":"2025-01-15T16:01:39+00:00","og_image":[{"width":1142,"height":885,"url":"https:\/\/www.apfelpatient.de\/wp-content\/uploads\/2025\/01\/AP_keynote_2017_wrap-up_tim-cook.jpg","type":"image\/jpeg"}],"author":"Milan","twitter_card":"summary_large_image","twitter_description":"Tim Cook, CEO von Apple, gibt im Podcast pers\u00f6nliche Einblicke in sein Leben. Erfahre mehr \u00fcber seinen Alltag, Pl\u00e4ne und seine Kindheit.","twitter_misc":{"Written by":"Milan","Est. reading time":"4 minutes"},"schema":{"@context":"https:\/\/schema.org","@graph":[{"@type":"NewsArticle","@id":"https:\/\/www.apfelpatient.de\/news\/tim-cook-im-interview-persoenliche-einblicke-des-apple-chefs#article","isPartOf":{"@id":"https:\/\/www.apfelpatient.de\/news\/tim-cook-im-interview-persoenliche-einblicke-des-apple-chefs"},"author":{"@type":"Organization","@id":"https:\/\/www.apfelpatient.de\/en\/#organization","name":"Apfelpatient","url":"https:\/\/www.apfelpatient.de\/en\/"},"headline":"Tim Cook im Interview: Pers\u00f6nliche Einblicke des Apple-Chefs","datePublished":"2025-01-15T16:01:37+00:00","dateModified":"2025-01-15T16:01:39+00:00","mainEntityOfPage":{"@id":"https:\/\/www.apfelpatient.de\/news\/tim-cook-im-interview-persoenliche-einblicke-des-apple-chefs"},"wordCount":661,"publisher":{"@type":"Organization","@id":"https:\/\/www.apfelpatient.de\/en\/#organization","name":"Apfelpatient","url":"https:\/\/www.apfelpatient.de\/en\/"},"image":{"@id":"https:\/\/www.apfelpatient.de\/news\/tim-cook-im-interview-persoenliche-einblicke-des-apple-chefs#primaryimage"},"thumbnailUrl":"https:\/\/www.apfelpatient.de\/wp-content\/uploads\/2025\/01\/AP_keynote_2017_wrap-up_tim-cook.jpg","keywords":["TechPatient"],"articleSection":"News","inLanguage":"en-US","copyrightYear":"2025","copyrightHolder":{"@id":"https:\/\/www.apfelpatient.de\/en\/#organization"}},{"@type":"WebPage","@id":"https:\/\/www.apfelpatient.de\/news\/tim-cook-im-interview-persoenliche-einblicke-des-apple-chefs","url":"https:\/\/www.apfelpatient.de\/news\/tim-cook-im-interview-persoenliche-einblicke-des-apple-chefs","name":"Tim Cook in an interview: Personal insights from the Apple CEO Apfelpatient","isPartOf":{"@id":"https:\/\/www.apfelpatient.de\/#website"},"primaryImageOfPage":{"@id":"https:\/\/www.apfelpatient.de\/news\/tim-cook-im-interview-persoenliche-einblicke-des-apple-chefs#primaryimage"},"image":{"@id":"https:\/\/www.apfelpatient.de\/news\/tim-cook-im-interview-persoenliche-einblicke-des-apple-chefs#primaryimage"},"thumbnailUrl":"https:\/\/www.apfelpatient.de\/wp-content\/uploads\/2025\/01\/AP_keynote_2017_wrap-up_tim-cook.jpg","datePublished":"2025-01-15T16:01:37+00:00","dateModified":"2025-01-15T16:01:39+00:00","description":"Tim Cook, CEO of Apple, gives personal insights into his life in the podcast. Find out more about his everyday life, plans and his childhood.","breadcrumb":{"@id":"https:\/\/www.apfelpatient.de\/news\/tim-cook-im-interview-persoenliche-einblicke-des-apple-chefs#breadcrumb"},"inLanguage":"en-US","potentialAction":[{"@type":"ReadAction","target":["https:\/\/www.apfelpatient.de\/news\/tim-cook-im-interview-persoenliche-einblicke-des-apple-chefs"]}]},{"@type":"ImageObject","inLanguage":"en-US","@id":"https:\/\/www.apfelpatient.de\/news\/tim-cook-im-interview-persoenliche-einblicke-des-apple-chefs#primaryimage","url":"https:\/\/www.apfelpatient.de\/wp-content\/uploads\/2025\/01\/AP_keynote_2017_wrap-up_tim-cook.jpg","contentUrl":"https:\/\/www.apfelpatient.de\/wp-content\/uploads\/2025\/01\/AP_keynote_2017_wrap-up_tim-cook.jpg","width":1142,"height":885,"caption":"Bild: Apple"},{"@type":"BreadcrumbList","@id":"https:\/\/www.apfelpatient.de\/news\/tim-cook-im-interview-persoenliche-einblicke-des-apple-chefs#breadcrumb","itemListElement":[{"@type":"ListItem","position":1,"name":"Startseite","item":"https:\/\/www.apfelpatient.de\/"},{"@type":"ListItem","position":2,"name":"Tim Cook im Interview: Pers\u00f6nliche Einblicke des Apple-Chefs"}]},{"@type":"WebSite","@id":"https:\/\/www.apfelpatient.de\/#website","url":"https:\/\/www.apfelpatient.de\/","name":"apple patient","description":"Everything about Apple!","publisher":{"@type":"Organization","@id":"https:\/\/www.apfelpatient.de\/en\/#organization","name":"Apfelpatient","url":"https:\/\/www.apfelpatient.de\/en\/"},"alternateName":"Apfelpatient","potentialAction":[{"@type":"SearchAction","target":{"@type":"EntryPoint","urlTemplate":"https:\/\/www.apfelpatient.de\/?s={search_term_string}"},"query-input":{"@type":"PropertyValueSpecification","valueRequired":true,"valueName":"search_term_string"}}],"inLanguage":"en-US"},{"@type":["Person","Organization"],"@id":"https:\/\/www.apfelpatient.de\/#\/schema\/person\/7dc56ad6c8e9824b76d2c08d4c140e13","name":"Milan","logo":{"@id":"https:\/\/www.apfelpatient.de\/#\/schema\/person\/image\/"},"description":"Hello and welcome to my technology blog! As a big Apple fan, I report on everything to do with Apple: from the latest news and exciting rumors to helpful tips and tricks and detailed product tests. If you are as enthusiastic about technology as I am, you have come to the right place!","sameAs":["https:\/\/www.facebook.com\/apfelpatientOfficial","https:\/\/www.linkedin.com\/in\/milan-jovicic-42aa0231b"],"url":"https:\/\/www.apfelpatient.de\/en\/author\/apfeladmin"}]}},"_links":{"self":[{"href":"https:\/\/www.apfelpatient.de\/en\/wp-json\/wp\/v2\/posts\/49080","targetHints":{"allow":["GET"]}}],"collection":[{"href":"https:\/\/www.apfelpatient.de\/en\/wp-json\/wp\/v2\/posts"}],"about":[{"href":"https:\/\/www.apfelpatient.de\/en\/wp-json\/wp\/v2\/types\/post"}],"author":[{"embeddable":true,"href":"https:\/\/www.apfelpatient.de\/en\/wp-json\/wp\/v2\/users\/2"}],"replies":[{"embeddable":true,"href":"https:\/\/www.apfelpatient.de\/en\/wp-json\/wp\/v2\/comments?post=49080"}],"version-history":[{"count":0,"href":"https:\/\/www.apfelpatient.de\/en\/wp-json\/wp\/v2\/posts\/49080\/revisions"}],"wp:featuredmedia":[{"embeddable":true,"href":"https:\/\/www.apfelpatient.de\/en\/wp-json\/wp\/v2\/media\/49078"}],"wp:attachment":[{"href":"https:\/\/www.apfelpatient.de\/en\/wp-json\/wp\/v2\/media?parent=49080"}],"wp:term":[{"taxonomy":"category","embeddable":true,"href":"https:\/\/www.apfelpatient.de\/en\/wp-json\/wp\/v2\/categories?post=49080"},{"taxonomy":"post_tag","embeddable":true,"href":"https:\/\/www.apfelpatient.de\/en\/wp-json\/wp\/v2\/tags?post=49080"}],"curies":[{"name":"wp","href":"https:\/\/api.w.org\/{rel}","templated":true}]}}