{"id":4906,"date":"2019-06-25T14:59:29","date_gmt":"2019-06-25T12:59:29","guid":{"rendered":"https:\/\/www.apfelpatient.de\/?p=4906"},"modified":"2019-06-25T14:59:29","modified_gmt":"2019-06-25T12:59:29","slug":"in-focus-amazon-prime-day-2019-officially-announced","status":"publish","type":"post","link":"https:\/\/www.apfelpatient.de\/en\/news\/im-fokus-amazon-prime-day-2019-offiziell-angekuendigt","title":{"rendered":"In Focus \u2013 Amazon Prime Day 2019 officially announced"},"content":{"rendered":"<p class=\"p1\"><strong>Bargain hunters, watch out \u2013 Amazon is once again hosting its famous Prime Day this year \u2013 but this time the event will last a full 48 hours.<\/strong><\/p>\n<p class=\"p1\">Amazon has officially announced Prime Day 2019 and promises a nearly constant number of deals - including exclusive Prime offers and other promotions. This year&#039;s event begins on Monday, July 15th and runs through Tuesday, July 16th. Prime Day begins at midnight and lasts a total of 48 hours - there will be deals in all categories. Amazon Prime Day 2019 is being held for the fifth time in a row and is set to trump everything else before with a full two days. The mega offers are only available to Prime members. Amazon is once again promising full warehouses and great bargains. Until the official start of the event, there are already <a href=\"https:\/\/www.amazon.de\/l\/10157707031?pf_rd_p=8dd56886-1f52-4855-a022-a067751cab9f&amp;pf_rd_r=A0DK5Y3AVDMHD3ZW5WKM&amp;_encoding=UTF8&amp;tag=apfelpatient-21&amp;linkCode=ur2&amp;linkId=a973a1ee8cf80e13cc92f04bcb4c8d48&amp;camp=1638&amp;creative=6742\" target=\"_blank\" rel=\"noopener noreferrer\">exclusive offers in various categories <\/a>to find.<\/p>\n<p>Amazon was founded in Seattle in 1994. The company is considered the market leader in online retail and boasts the largest selection in the world. In addition to the online department store, it also develops its own devices and produces content such as TV series. Become an Amazon Prime member and benefit from the biggest online shopping event of the year. <em>(Image: Amazon)<\/em><\/p>\n<div class=\"brlbs-cmpnt-container brlbs-cmpnt-content-blocker brlbs-cmpnt-with-individual-styles\" data-borlabs-cookie-content-blocker-id=\"default\" data-borlabs-cookie-content=\"PGlmcmFtZSBzdHlsZT0iYm9yZGVyOiBub25lOyIgc3JjPSJodHRwczovL3JjbS1ldS5hbWF6b24tYWRzeXN0ZW0uY29tL2UvY20\/bz0zJmFtcDtwPTEyJmFtcDtsPXVyMSZhbXA7Y2F0ZWdvcnk9cHJpbWUmYW1wO2Jhbm5lcj0xUU5YRzk4V1JGWEIzUVJQS1RSMiZhbXA7Zj1pZnImYW1wO2xpbmtJRD1kN2NlMDg2MGNkYzg3MjkxZjExNzE0YjMwZDgwOGVhMSZhbXA7dD1hcGZlbHBhdGllbnQtMjEmYW1wO3RyYWNraW5nX2lkPWFwZmVscGF0aWVudC0yMSIgd2lkdGg9IjMwMCIgaGVpZ2h0PSIyNTAiIGZyYW1lYm9yZGVyPSIwIiBtYXJnaW53aWR0aD0iMCIgc2Nyb2xsaW5nPSJubyI+PC9pZnJhbWU+\">\n<div class=\"brlbs-cmpnt-cb-preset-a\">\n<p class=\"brlbs-cmpnt-cb-description\">You are currently seeing a placeholder content of <strong>Standard<\/strong>. To access the actual content, click on the button below. Please note that data will be passed on to third-party providers.<\/p>\n<div class=\"brlbs-cmpnt-cb-buttons\"> <a class=\"brlbs-cmpnt-cb-btn\" href=\"#\" data-borlabs-cookie-unblock role=\"button\">Unlock content<\/a> <a class=\"brlbs-cmpnt-cb-btn\" href=\"#\" data-borlabs-cookie-accept-service role=\"button\" style=\"display: none\">Accept required service and unblock content<\/a> <\/div>\n<p> <a class=\"brlbs-cmpnt-cb-provider-toggle\" href=\"#\" data-borlabs-cookie-show-provider-information role=\"button\">Further information<\/a> <\/div>\n<\/div>\n<h6><a href=\"https:\/\/t.me\/apfelpatient_official\"><em><strong>Don&#039;t want to miss any more news? Then subscribe to our Telegram channel here<\/strong><\/em><\/a><\/h6>","protected":false},"excerpt":{"rendered":"<p>Schn\u00e4ppchenj\u00e4ger aufgepasst &#8211; auch dieses Jahr veranstaltet Amazon den bekannten Prime Day &#8211; doch dieses Mal geht das Event satte 48 Stunden lang. Amazon hat offiziell seine Ank\u00fcndigung zum Prime Day 2019 gemacht und verspricht eine nahezu konstante Anzahl von Deals &#8211; darunter exklusive Prime-Angebote und andere Werbeaktionen. Die diesj\u00e4hrige Veranstaltung beginnt am Montag, den [&hellip;]<\/p>\n","protected":false},"author":2,"featured_media":4096,"comment_status":"open","ping_status":"open","sticky":false,"template":"","format":"standard","meta":{"jnews-multi-image_gallery":[],"jnews_single_post":[],"jnews_primary_category":[],"footnotes":""},"categories":[9],"tags":[146,264,299,13],"class_list":["post-4906","post","type-post","status-publish","format-standard","has-post-thumbnail","hentry","category-news","tag-amazon","tag-amazon-prime","tag-amazon-prime-day","tag-techpatient"],"yoast_head":"<!-- This site is optimized with the Yoast SEO Premium plugin v27.5 (Yoast SEO v27.5) - https:\/\/yoast.com\/product\/yoast-seo-premium-wordpress\/ -->\n<title>Im Fokus - Amazon Prime Day 2019 offiziell angek\u00fcndigt Apfelpatient<\/title>\n<meta name=\"description\" content=\"- Schn\u00e4ppchenj\u00e4ger aufgepasst - auch dieses Jahr veranstaltet Amazon den bekannten Prime Day - doch dieses Mal geht das Event satte 48 Stunden lang.\" \/>\n<meta name=\"robots\" content=\"index, follow, max-snippet:-1, max-image-preview:large, max-video-preview:-1\" \/>\n<link rel=\"canonical\" href=\"https:\/\/www.apfelpatient.de\/en\/news\/in-focus-amazon-prime-day-2019-officially-announced\" \/>\n<meta property=\"og:locale\" content=\"en_US\" \/>\n<meta property=\"og:type\" content=\"article\" \/>\n<meta property=\"og:title\" content=\"Im Fokus - Amazon Prime Day 2019 offiziell angek\u00fcndigt\" \/>\n<meta property=\"og:description\" content=\"- Schn\u00e4ppchenj\u00e4ger aufgepasst - auch dieses Jahr veranstaltet Amazon den bekannten Prime Day - doch dieses Mal geht das Event satte 48 Stunden lang.\" \/>\n<meta property=\"og:url\" content=\"https:\/\/www.apfelpatient.de\/en\/news\/in-focus-amazon-prime-day-2019-officially-announced\" \/>\n<meta property=\"og:site_name\" content=\"Apfelpatient\" \/>\n<meta property=\"article:publisher\" content=\"https:\/\/www.facebook.com\/apfelpatientOfficial\" \/>\n<meta property=\"article:author\" content=\"https:\/\/www.facebook.com\/apfelpatientOfficial\" \/>\n<meta property=\"article:published_time\" content=\"2019-06-25T12:59:29+00:00\" \/>\n<meta property=\"og:image\" content=\"https:\/\/www.apfelpatient.de\/wp-content\/uploads\/2019\/04\/Echo-Dot-Charcoal-Side-Table.jpg\" \/>\n\t<meta property=\"og:image:width\" content=\"2000\" \/>\n\t<meta property=\"og:image:height\" content=\"1499\" \/>\n\t<meta property=\"og:image:type\" content=\"image\/jpeg\" \/>\n<meta name=\"author\" content=\"Milan\" \/>\n<meta name=\"twitter:card\" content=\"summary_large_image\" \/>\n<meta name=\"twitter:label1\" content=\"Written by\" \/>\n\t<meta name=\"twitter:data1\" content=\"Milan\" \/>\n\t<meta name=\"twitter:label2\" content=\"Est. reading time\" \/>\n\t<meta name=\"twitter:data2\" content=\"1 minute\" \/>\n<script type=\"application\/ld+json\" class=\"yoast-schema-graph\">{\"@context\":\"https:\\\/\\\/schema.org\",\"@graph\":[{\"@type\":\"NewsArticle\",\"@id\":\"https:\\\/\\\/www.apfelpatient.de\\\/news\\\/im-fokus-amazon-prime-day-2019-offiziell-angekuendigt#article\",\"isPartOf\":{\"@id\":\"https:\\\/\\\/www.apfelpatient.de\\\/news\\\/im-fokus-amazon-prime-day-2019-offiziell-angekuendigt\"},\"author\":{\"@type\":\"Organization\",\"@id\":\"https:\\\/\\\/www.apfelpatient.de\\\/en\\\/#organization\",\"name\":\"Apfelpatient\",\"url\":\"https:\\\/\\\/www.apfelpatient.de\\\/en\\\/\"},\"headline\":\"Im Fokus &#8211; Amazon Prime Day 2019 offiziell angek\u00fcndigt\",\"datePublished\":\"2019-06-25T12:59:29+00:00\",\"mainEntityOfPage\":{\"@id\":\"https:\\\/\\\/www.apfelpatient.de\\\/news\\\/im-fokus-amazon-prime-day-2019-offiziell-angekuendigt\"},\"wordCount\":213,\"commentCount\":0,\"publisher\":{\"@type\":\"Organization\",\"@id\":\"https:\\\/\\\/www.apfelpatient.de\\\/en\\\/#organization\",\"name\":\"Apfelpatient\",\"url\":\"https:\\\/\\\/www.apfelpatient.de\\\/en\\\/\"},\"image\":{\"@id\":\"https:\\\/\\\/www.apfelpatient.de\\\/news\\\/im-fokus-amazon-prime-day-2019-offiziell-angekuendigt#primaryimage\"},\"thumbnailUrl\":\"https:\\\/\\\/www.apfelpatient.de\\\/wp-content\\\/uploads\\\/2019\\\/04\\\/Echo-Dot-Charcoal-Side-Table.jpg\",\"keywords\":[\"Amazon\",\"Amazon Prime\",\"Amazon Prime Day\",\"TechPatient\"],\"articleSection\":\"News\",\"inLanguage\":\"en-US\",\"potentialAction\":[{\"@type\":\"CommentAction\",\"name\":\"Comment\",\"target\":[\"https:\\\/\\\/www.apfelpatient.de\\\/news\\\/im-fokus-amazon-prime-day-2019-offiziell-angekuendigt#respond\"]}],\"copyrightYear\":\"2019\",\"copyrightHolder\":{\"@id\":\"https:\\\/\\\/www.apfelpatient.de\\\/en\\\/#organization\"}},{\"@type\":\"WebPage\",\"@id\":\"https:\\\/\\\/www.apfelpatient.de\\\/news\\\/im-fokus-amazon-prime-day-2019-offiziell-angekuendigt\",\"url\":\"https:\\\/\\\/www.apfelpatient.de\\\/news\\\/im-fokus-amazon-prime-day-2019-offiziell-angekuendigt\",\"name\":\"Im Fokus - Amazon Prime Day 2019 offiziell angek\u00fcndigt Apfelpatient\",\"isPartOf\":{\"@id\":\"https:\\\/\\\/www.apfelpatient.de\\\/#website\"},\"primaryImageOfPage\":{\"@id\":\"https:\\\/\\\/www.apfelpatient.de\\\/news\\\/im-fokus-amazon-prime-day-2019-offiziell-angekuendigt#primaryimage\"},\"image\":{\"@id\":\"https:\\\/\\\/www.apfelpatient.de\\\/news\\\/im-fokus-amazon-prime-day-2019-offiziell-angekuendigt#primaryimage\"},\"thumbnailUrl\":\"https:\\\/\\\/www.apfelpatient.de\\\/wp-content\\\/uploads\\\/2019\\\/04\\\/Echo-Dot-Charcoal-Side-Table.jpg\",\"datePublished\":\"2019-06-25T12:59:29+00:00\",\"description\":\"- Schn\u00e4ppchenj\u00e4ger aufgepasst - auch dieses Jahr veranstaltet Amazon den bekannten Prime Day - doch dieses Mal geht das Event satte 48 Stunden lang.\",\"breadcrumb\":{\"@id\":\"https:\\\/\\\/www.apfelpatient.de\\\/news\\\/im-fokus-amazon-prime-day-2019-offiziell-angekuendigt#breadcrumb\"},\"inLanguage\":\"en-US\",\"potentialAction\":[{\"@type\":\"ReadAction\",\"target\":[\"https:\\\/\\\/www.apfelpatient.de\\\/news\\\/im-fokus-amazon-prime-day-2019-offiziell-angekuendigt\"]}]},{\"@type\":\"ImageObject\",\"inLanguage\":\"en-US\",\"@id\":\"https:\\\/\\\/www.apfelpatient.de\\\/news\\\/im-fokus-amazon-prime-day-2019-offiziell-angekuendigt#primaryimage\",\"url\":\"https:\\\/\\\/www.apfelpatient.de\\\/wp-content\\\/uploads\\\/2019\\\/04\\\/Echo-Dot-Charcoal-Side-Table.jpg\",\"contentUrl\":\"https:\\\/\\\/www.apfelpatient.de\\\/wp-content\\\/uploads\\\/2019\\\/04\\\/Echo-Dot-Charcoal-Side-Table.jpg\",\"width\":2000,\"height\":1499,\"caption\":\"Bild: Amazon\"},{\"@type\":\"BreadcrumbList\",\"@id\":\"https:\\\/\\\/www.apfelpatient.de\\\/news\\\/im-fokus-amazon-prime-day-2019-offiziell-angekuendigt#breadcrumb\",\"itemListElement\":[{\"@type\":\"ListItem\",\"position\":1,\"name\":\"Startseite\",\"item\":\"https:\\\/\\\/www.apfelpatient.de\\\/\"},{\"@type\":\"ListItem\",\"position\":2,\"name\":\"Im Fokus &#8211; Amazon Prime Day 2019 offiziell angek\u00fcndigt\"}]},{\"@type\":\"WebSite\",\"@id\":\"https:\\\/\\\/www.apfelpatient.de\\\/#website\",\"url\":\"https:\\\/\\\/www.apfelpatient.de\\\/\",\"name\":\"Apfelpatient\",\"description\":\"Alles rund um Apple!\",\"publisher\":{\"@type\":\"Organization\",\"@id\":\"https:\\\/\\\/www.apfelpatient.de\\\/en\\\/#organization\",\"name\":\"Apfelpatient\",\"url\":\"https:\\\/\\\/www.apfelpatient.de\\\/en\\\/\"},\"alternateName\":\"Apfelpatient\",\"potentialAction\":[{\"@type\":\"SearchAction\",\"target\":{\"@type\":\"EntryPoint\",\"urlTemplate\":\"https:\\\/\\\/www.apfelpatient.de\\\/?s={search_term_string}\"},\"query-input\":{\"@type\":\"PropertyValueSpecification\",\"valueRequired\":true,\"valueName\":\"search_term_string\"}}],\"inLanguage\":\"en-US\"},{\"@type\":[\"Person\",\"Organization\"],\"@id\":\"https:\\\/\\\/www.apfelpatient.de\\\/#\\\/schema\\\/person\\\/7dc56ad6c8e9824b76d2c08d4c140e13\",\"name\":\"Milan\",\"logo\":{\"@id\":\"https:\\\/\\\/www.apfelpatient.de\\\/#\\\/schema\\\/person\\\/image\\\/\"},\"description\":\"Hallo und herzlich willkommen auf meinem Technik-Blog! Als gro\u00dfer Apple-Fan berichte ich hier \u00fcber alles, was mit Apple zu tun hat: von den neuesten News und spannenden Ger\u00fcchten \u00fcber hilfreiche Tipps und Tricks bis hin zu ausf\u00fchrlichen Produkttests. Wenn du genauso technikbegeistert bist wie ich, bist du hier genau richtig!\",\"sameAs\":[\"https:\\\/\\\/www.facebook.com\\\/apfelpatientOfficial\",\"https:\\\/\\\/www.linkedin.com\\\/in\\\/milan-jovicic-42aa0231b\"],\"url\":\"https:\\\/\\\/www.apfelpatient.de\\\/en\\\/author\\\/apfeladmin\"}]}<\/script>\n<!-- \/ Yoast SEO Premium plugin. -->","yoast_head_json":{"title":"In Focus - Amazon Prime Day 2019 officially announced Apfelpatient","description":"- Bargain hunters take note - Amazon is once again hosting its well-known Prime Day this year - but this time the event will last a full 48 hours.","robots":{"index":"index","follow":"follow","max-snippet":"max-snippet:-1","max-image-preview":"max-image-preview:large","max-video-preview":"max-video-preview:-1"},"canonical":"https:\/\/www.apfelpatient.de\/en\/news\/in-focus-amazon-prime-day-2019-officially-announced","og_locale":"en_US","og_type":"article","og_title":"Im Fokus - Amazon Prime Day 2019 offiziell angek\u00fcndigt","og_description":"- Schn\u00e4ppchenj\u00e4ger aufgepasst - auch dieses Jahr veranstaltet Amazon den bekannten Prime Day - doch dieses Mal geht das Event satte 48 Stunden lang.","og_url":"https:\/\/www.apfelpatient.de\/en\/news\/in-focus-amazon-prime-day-2019-officially-announced","og_site_name":"Apfelpatient","article_publisher":"https:\/\/www.facebook.com\/apfelpatientOfficial","article_author":"https:\/\/www.facebook.com\/apfelpatientOfficial","article_published_time":"2019-06-25T12:59:29+00:00","og_image":[{"width":2000,"height":1499,"url":"https:\/\/www.apfelpatient.de\/wp-content\/uploads\/2019\/04\/Echo-Dot-Charcoal-Side-Table.jpg","type":"image\/jpeg"}],"author":"Milan","twitter_card":"summary_large_image","twitter_misc":{"Written by":"Milan","Est. reading time":"1 minute"},"schema":{"@context":"https:\/\/schema.org","@graph":[{"@type":"NewsArticle","@id":"https:\/\/www.apfelpatient.de\/news\/im-fokus-amazon-prime-day-2019-offiziell-angekuendigt#article","isPartOf":{"@id":"https:\/\/www.apfelpatient.de\/news\/im-fokus-amazon-prime-day-2019-offiziell-angekuendigt"},"author":{"@type":"Organization","@id":"https:\/\/www.apfelpatient.de\/en\/#organization","name":"Apfelpatient","url":"https:\/\/www.apfelpatient.de\/en\/"},"headline":"Im Fokus &#8211; Amazon Prime Day 2019 offiziell angek\u00fcndigt","datePublished":"2019-06-25T12:59:29+00:00","mainEntityOfPage":{"@id":"https:\/\/www.apfelpatient.de\/news\/im-fokus-amazon-prime-day-2019-offiziell-angekuendigt"},"wordCount":213,"commentCount":0,"publisher":{"@type":"Organization","@id":"https:\/\/www.apfelpatient.de\/en\/#organization","name":"Apfelpatient","url":"https:\/\/www.apfelpatient.de\/en\/"},"image":{"@id":"https:\/\/www.apfelpatient.de\/news\/im-fokus-amazon-prime-day-2019-offiziell-angekuendigt#primaryimage"},"thumbnailUrl":"https:\/\/www.apfelpatient.de\/wp-content\/uploads\/2019\/04\/Echo-Dot-Charcoal-Side-Table.jpg","keywords":["Amazon","Amazon Prime","Amazon Prime Day","TechPatient"],"articleSection":"News","inLanguage":"en-US","potentialAction":[{"@type":"CommentAction","name":"Comment","target":["https:\/\/www.apfelpatient.de\/news\/im-fokus-amazon-prime-day-2019-offiziell-angekuendigt#respond"]}],"copyrightYear":"2019","copyrightHolder":{"@id":"https:\/\/www.apfelpatient.de\/en\/#organization"}},{"@type":"WebPage","@id":"https:\/\/www.apfelpatient.de\/news\/im-fokus-amazon-prime-day-2019-offiziell-angekuendigt","url":"https:\/\/www.apfelpatient.de\/news\/im-fokus-amazon-prime-day-2019-offiziell-angekuendigt","name":"In Focus - Amazon Prime Day 2019 officially announced Apfelpatient","isPartOf":{"@id":"https:\/\/www.apfelpatient.de\/#website"},"primaryImageOfPage":{"@id":"https:\/\/www.apfelpatient.de\/news\/im-fokus-amazon-prime-day-2019-offiziell-angekuendigt#primaryimage"},"image":{"@id":"https:\/\/www.apfelpatient.de\/news\/im-fokus-amazon-prime-day-2019-offiziell-angekuendigt#primaryimage"},"thumbnailUrl":"https:\/\/www.apfelpatient.de\/wp-content\/uploads\/2019\/04\/Echo-Dot-Charcoal-Side-Table.jpg","datePublished":"2019-06-25T12:59:29+00:00","description":"- Bargain hunters take note - Amazon is once again hosting its well-known Prime Day this year - but this time the event will last a full 48 hours.","breadcrumb":{"@id":"https:\/\/www.apfelpatient.de\/news\/im-fokus-amazon-prime-day-2019-offiziell-angekuendigt#breadcrumb"},"inLanguage":"en-US","potentialAction":[{"@type":"ReadAction","target":["https:\/\/www.apfelpatient.de\/news\/im-fokus-amazon-prime-day-2019-offiziell-angekuendigt"]}]},{"@type":"ImageObject","inLanguage":"en-US","@id":"https:\/\/www.apfelpatient.de\/news\/im-fokus-amazon-prime-day-2019-offiziell-angekuendigt#primaryimage","url":"https:\/\/www.apfelpatient.de\/wp-content\/uploads\/2019\/04\/Echo-Dot-Charcoal-Side-Table.jpg","contentUrl":"https:\/\/www.apfelpatient.de\/wp-content\/uploads\/2019\/04\/Echo-Dot-Charcoal-Side-Table.jpg","width":2000,"height":1499,"caption":"Bild: Amazon"},{"@type":"BreadcrumbList","@id":"https:\/\/www.apfelpatient.de\/news\/im-fokus-amazon-prime-day-2019-offiziell-angekuendigt#breadcrumb","itemListElement":[{"@type":"ListItem","position":1,"name":"Startseite","item":"https:\/\/www.apfelpatient.de\/"},{"@type":"ListItem","position":2,"name":"Im Fokus &#8211; Amazon Prime Day 2019 offiziell angek\u00fcndigt"}]},{"@type":"WebSite","@id":"https:\/\/www.apfelpatient.de\/#website","url":"https:\/\/www.apfelpatient.de\/","name":"apple patient","description":"Everything about Apple!","publisher":{"@type":"Organization","@id":"https:\/\/www.apfelpatient.de\/en\/#organization","name":"Apfelpatient","url":"https:\/\/www.apfelpatient.de\/en\/"},"alternateName":"Apfelpatient","potentialAction":[{"@type":"SearchAction","target":{"@type":"EntryPoint","urlTemplate":"https:\/\/www.apfelpatient.de\/?s={search_term_string}"},"query-input":{"@type":"PropertyValueSpecification","valueRequired":true,"valueName":"search_term_string"}}],"inLanguage":"en-US"},{"@type":["Person","Organization"],"@id":"https:\/\/www.apfelpatient.de\/#\/schema\/person\/7dc56ad6c8e9824b76d2c08d4c140e13","name":"Milan","logo":{"@id":"https:\/\/www.apfelpatient.de\/#\/schema\/person\/image\/"},"description":"Hello and welcome to my technology blog! As a big Apple fan, I report on everything to do with Apple: from the latest news and exciting rumors to helpful tips and tricks and detailed product tests. If you are as enthusiastic about technology as I am, you have come to the right place!","sameAs":["https:\/\/www.facebook.com\/apfelpatientOfficial","https:\/\/www.linkedin.com\/in\/milan-jovicic-42aa0231b"],"url":"https:\/\/www.apfelpatient.de\/en\/author\/apfeladmin"}]}},"_links":{"self":[{"href":"https:\/\/www.apfelpatient.de\/en\/wp-json\/wp\/v2\/posts\/4906","targetHints":{"allow":["GET"]}}],"collection":[{"href":"https:\/\/www.apfelpatient.de\/en\/wp-json\/wp\/v2\/posts"}],"about":[{"href":"https:\/\/www.apfelpatient.de\/en\/wp-json\/wp\/v2\/types\/post"}],"author":[{"embeddable":true,"href":"https:\/\/www.apfelpatient.de\/en\/wp-json\/wp\/v2\/users\/2"}],"replies":[{"embeddable":true,"href":"https:\/\/www.apfelpatient.de\/en\/wp-json\/wp\/v2\/comments?post=4906"}],"version-history":[{"count":0,"href":"https:\/\/www.apfelpatient.de\/en\/wp-json\/wp\/v2\/posts\/4906\/revisions"}],"wp:featuredmedia":[{"embeddable":true,"href":"https:\/\/www.apfelpatient.de\/en\/wp-json\/wp\/v2\/media\/4096"}],"wp:attachment":[{"href":"https:\/\/www.apfelpatient.de\/en\/wp-json\/wp\/v2\/media?parent=4906"}],"wp:term":[{"taxonomy":"category","embeddable":true,"href":"https:\/\/www.apfelpatient.de\/en\/wp-json\/wp\/v2\/categories?post=4906"},{"taxonomy":"post_tag","embeddable":true,"href":"https:\/\/www.apfelpatient.de\/en\/wp-json\/wp\/v2\/tags?post=4906"}],"curies":[{"name":"wp","href":"https:\/\/api.w.org\/{rel}","templated":true}]}}