{"id":49024,"date":"2025-01-13T17:18:22","date_gmt":"2025-01-13T16:18:22","guid":{"rendered":"https:\/\/www.apfelpatient.de\/?p=49024"},"modified":"2025-01-13T17:18:24","modified_gmt":"2025-01-13T16:18:24","slug":"apple-tv-homepod-mini-2-timeframe-for-launch-narrowed-down","status":"publish","type":"post","link":"https:\/\/www.apfelpatient.de\/en\/rumors\/apple-tv-homepod-mini-2-zeitrahmen-fuer-start-eingegrenzt","title":{"rendered":"Apple TV &amp; HomePod mini 2: Time frame for launch narrowed down"},"content":{"rendered":"<p class=\"has-drop-cap\"><strong>Apple plans to further expand its smart home division and the latest reports suggest that new models of the HomePod mini and Apple TV will be launched later this year. Bloomberg&#039;s Mark Gurman has narrowed down the timeframe for the market launch to late 2025 and revealed some exciting details about the technical innovations.<\/strong><\/p>\n\n\n\n<p>Apple is known for offering innovative technologies in a stylish design. The HomePod mini and Apple TV have established themselves as central products in Apple&#039;s smart home strategy. With new versions that are supposed to be more powerful and versatile, Apple apparently wants to attract even more users to its ecosystem. Whether for entertainment or as a smart assistant in everyday life - these devices could soon play an even more important role in your home.<\/p>\n\n\n\n<h4 class=\"wp-block-heading\" id=\"h-der-zeitrahmen-fur-die-markteinfuhrung\">The timeframe for market launch<\/h4>\n\n\n\n<p>According to Gurman <a href=\"https:\/\/www.bloomberg.com\/news\/newsletters\/2025-01-12\/apple-2025-plans-iphone-17-smart-home-hub-ios-19-ai-apple-watch-ipads-m5\" target=\"_blank\" rel=\"noreferrer noopener\">plant<\/a> Apple plans to release the new models of the HomePod mini and Apple TV &quot;towards the end of the year&quot; 2025. This means the period is probably between September and November. Earlier dates, such as March or the WWDC developer conference in June, have been ruled out. With a release in the fall, Apple could bring the devices to market in time for the Christmas season - a proven time to maximize demand.<\/p>\n\n\n\n<h4 class=\"wp-block-heading\" id=\"h-das-neue-apple-tv\">The new Apple TV<\/h4>\n\n\n\n<p>The next generation of Apple TV is expected to bring some crucial improvements. These include:<\/p>\n\n\n\n<ul class=\"wp-block-list\">\n<li>New A-series chip: A more powerful processor than the current A15 Bionic chip will ensure faster performance. This means a smoother streaming experience and more power for demanding tasks such as gaming.<\/li>\n\n\n\n<li>WiFi 6E support: A new combined WiFi and Bluetooth chip that supports WiFi 6E is designed to enable higher speeds and lower latency. A compatible router is required.<\/li>\n\n\n\n<li>FaceTime integration: With an integrated camera for video calls, the new Apple TV offers a completely new way of using it. Conversations can be made directly via the TV, which is particularly practical for family and friends.<\/li>\n\n\n\n<li>Attractive price: The entry-level price of just $99 makes the new Apple TV interesting for a wider target group.<\/li>\n<\/ul>\n\n\n\n<h4 class=\"wp-block-heading\" id=\"h-der-uberarbeitete-homepod-mini\">The revised HomePod mini<\/h4>\n\n\n\n<p>The HomePod mini is also being revised and equipped with new features:<\/p>\n\n\n\n<ul class=\"wp-block-list\">\n<li>New S-series chip: The powerful successor to the current S5 chip will ensure faster responses and improved sound quality.<\/li>\n\n\n\n<li>New colors: In addition to the existing options, new color variants could be introduced that fit better into different living styles.<\/li>\n\n\n\n<li>Better integration: The HomePod mini will work even better with Apple&#039;s smart home system, especially in combination with the planned Home Hub.<\/li>\n<\/ul>\n\n\n\n<p>Apple&#039;s smart home strategy<\/p>\n\n\n\n<p>These two devices are part of a larger strategy to expand Apple&#039;s smart home offering. An all-new Home Hub could be released later this year to make controlling your connected home easier. There are even more products planned for next year, such as a Face ID doorbell and an advanced security camera. Apple seems to be aiming to improve not only the convenience but also the security of your home.<\/p>\n\n\n\n<h4 class=\"wp-block-heading\" id=\"h-bedeutung-der-neuen-gerate\">significance of the new devices<\/h4>\n\n\n\n<p>With these updates, Apple is focusing on improved performance, new features and more attractive prices. In particular, the integration of WiFi 6E and the ability to make FaceTime calls via the Apple TV could be a real added value for many users. The HomePod mini, on the other hand, will score points with better sound quality and new color options. Both devices aim to further strengthen Apple&#039;s position in the smart home sector and set new standards.<\/p>\n\n\n\n<h3 class=\"wp-block-heading\" id=\"h-apple-tv-und-homepod-mini-mehr-komfort-und-sicherheit-im-fokus\">Apple TV and HomePod mini: Focus on more comfort and security<\/h3>\n\n\n\n<p>The new versions of the Apple TV and HomePod mini could significantly enhance Apple&#039;s smart home portfolio. With a planned release in fall 2025, exciting technical upgrades and a long-term strategy aimed at greater security and convenience, Apple is focusing on the future of the connected home. For technology enthusiasts and Apple fans, it is worth keeping an eye on the launch of these devices. (Photo by Unsplash \/ Maximilian Waidhas)<\/p>\n\n\n\n<ul class=\"wp-block-list\">\n<li><a href=\"https:\/\/www.apfelpatient.de\/en\/generally\/new-generation-apple-tv-homepod-mini-share-a-feature\">New generation: Apple TV &amp; HomePod mini share a feature<\/a><\/li>\n<\/ul>\n\n\n\n<h6 class=\"wp-block-heading translation-block\" id=\"h-kennt-ihr-schon-unsere-amazon-storefront-dort-findet-ihr-eine-handverlesene-auswahl-von-diversen-produkten-f-r-euer-iphone-und-co-viel-spa-beim-st-bern\"><em>Have you already visited our Amazon Storefront? There you&#039;ll find a hand-picked selection of various products for your iPhone and other devices \u2013 <span class=\"has-inline-color has-vivid-red-color\"><a href=\"https:\/\/www.amazon.de\/shop\/apfelpatientofficial\" class=\"ek-link\" data-wpel-link=\"exclude\" rel=\"follow noopener\" target=\"_self\"><span style=\"text-decoration: underline\" class=\"ek-underline\">enjoy browsing<\/span><\/a> !<\/span><\/em><\/h6>\n\n\n\n<h6 class=\"wp-block-heading translation-block\" id=\"h-der-beitrag-enthalt-partnerlinks\">This post contains <a data-type=\"URL\" data-id=\"https:\/\/www.apfelpatient.de\/partnerprogramm\" href=\"https:\/\/www.apfelpatient.de\/en\/partner-program\" data-wpel-link=\"internal\" target=\"_self\">affiliate links<\/a>.<\/h6>","protected":false},"excerpt":{"rendered":"<p>Apple TV and HomePod mini: Timeframe for market launch announced. Find out what innovations Apple is planning for its smart home.<\/p>","protected":false},"author":2,"featured_media":49023,"comment_status":"closed","ping_status":"closed","sticky":false,"template":"","format":"standard","meta":{"jnews-multi-image_gallery":[],"jnews_single_post":{"format":"standard","override":[{"template":"2","parallax":"1","fullscreen":"1","layout":"right-sidebar","sidebar":"default-sidebar","second_sidebar":"default-sidebar","sticky_sidebar":"1","share_position":"top","share_float_style":"share-monocrhome","show_featured":"1","show_post_meta":"1","show_post_author":"1","show_post_author_image":"1","show_post_date":"1","post_date_format":"default","post_date_format_custom":"Y\/m\/d","show_post_category":"1","show_post_reading_time":"0","post_reading_time_wpm":"300","post_calculate_word_method":"str_word_count","show_zoom_button":"0","zoom_button_out_step":"2","zoom_button_in_step":"3","show_post_tag":"1","show_prev_next_post":"1","show_popup_post":"1","number_popup_post":"1","show_author_box":"0","show_post_related":"0","show_inline_post_related":"0"}],"image_override":[{"single_post_thumbnail_size":"crop-500","single_post_gallery_size":"crop-500"}],"trending_post_position":"meta","trending_post_label":"Trending","sponsored_post_label":"Sponsored by","disable_ad":"0"},"jnews_primary_category":{"id":"25"},"footnotes":""},"categories":[25],"tags":[156,85,535],"class_list":["post-49024","post","type-post","status-publish","format-standard","has-post-thumbnail","hentry","category-rumors","tag-apple-tv","tag-homepod","tag-homepod-mini"],"yoast_head":"<!-- This site is optimized with the Yoast SEO Premium plugin v27.5 (Yoast SEO v27.5) - https:\/\/yoast.com\/product\/yoast-seo-premium-wordpress\/ -->\n<title>Apple TV &amp; HomePod mini 2: Zeitrahmen f\u00fcr Start eingegrenzt Apfelpatient<\/title>\n<meta name=\"description\" content=\"Apple TV und HomePod mini: Zeitrahmen f\u00fcr Markteinf\u00fchrung bekannt. Erfahre, welche Neuerungen Apple f\u00fcr sein Smart-Home plant.\" \/>\n<meta name=\"robots\" content=\"index, follow, max-snippet:-1, max-image-preview:large, max-video-preview:-1\" \/>\n<link rel=\"canonical\" href=\"https:\/\/www.apfelpatient.de\/en\/rumors\/apple-tv-homepod-mini-2-timeframe-for-launch-narrowed-down\" \/>\n<meta property=\"og:locale\" content=\"en_US\" \/>\n<meta property=\"og:type\" content=\"article\" \/>\n<meta property=\"og:title\" content=\"Apple TV &amp; HomePod mini 2: Zeitrahmen f\u00fcr Start eingegrenzt\" \/>\n<meta property=\"og:description\" content=\"Apple TV und HomePod mini: Zeitrahmen f\u00fcr Markteinf\u00fchrung bekannt. Erfahre, welche Neuerungen Apple f\u00fcr sein Smart-Home plant.\" \/>\n<meta property=\"og:url\" content=\"https:\/\/www.apfelpatient.de\/en\/rumors\/apple-tv-homepod-mini-2-timeframe-for-launch-narrowed-down\" \/>\n<meta property=\"og:site_name\" content=\"Apfelpatient\" \/>\n<meta property=\"article:publisher\" content=\"https:\/\/www.facebook.com\/apfelpatientOfficial\" \/>\n<meta property=\"article:author\" content=\"https:\/\/www.facebook.com\/apfelpatientOfficial\" \/>\n<meta property=\"article:published_time\" content=\"2025-01-13T16:18:22+00:00\" \/>\n<meta property=\"article:modified_time\" content=\"2025-01-13T16:18:24+00:00\" \/>\n<meta property=\"og:image\" content=\"https:\/\/www.apfelpatient.de\/wp-content\/uploads\/2025\/01\/maximilian-waidhas-D81tDDIeMec-unsplash.jpg\" \/>\n\t<meta property=\"og:image:width\" content=\"1600\" \/>\n\t<meta property=\"og:image:height\" content=\"1067\" \/>\n\t<meta property=\"og:image:type\" content=\"image\/jpeg\" \/>\n<meta name=\"author\" content=\"Milan\" \/>\n<meta name=\"twitter:card\" content=\"summary_large_image\" \/>\n<meta name=\"twitter:description\" content=\"Apple TV und HomePod mini: Zeitrahmen f\u00fcr Markteinf\u00fchrung bekannt. Erfahre, welche Neuerungen Apple f\u00fcr sein Smart-Home plant.\" \/>\n<meta name=\"twitter:label1\" content=\"Written by\" \/>\n\t<meta name=\"twitter:data1\" content=\"Milan\" \/>\n\t<meta name=\"twitter:label2\" content=\"Est. reading time\" \/>\n\t<meta name=\"twitter:data2\" content=\"4 minutes\" \/>\n<script type=\"application\/ld+json\" class=\"yoast-schema-graph\">{\"@context\":\"https:\\\/\\\/schema.org\",\"@graph\":[{\"@type\":\"NewsArticle\",\"@id\":\"https:\\\/\\\/www.apfelpatient.de\\\/rumors\\\/apple-tv-homepod-mini-2-zeitrahmen-fuer-start-eingegrenzt#article\",\"isPartOf\":{\"@id\":\"https:\\\/\\\/www.apfelpatient.de\\\/rumors\\\/apple-tv-homepod-mini-2-zeitrahmen-fuer-start-eingegrenzt\"},\"author\":{\"@type\":\"Organization\",\"@id\":\"https:\\\/\\\/www.apfelpatient.de\\\/en\\\/#organization\",\"name\":\"Apfelpatient\",\"url\":\"https:\\\/\\\/www.apfelpatient.de\\\/en\\\/\"},\"headline\":\"Apple TV &#038; HomePod mini 2: Zeitrahmen f\u00fcr Start eingegrenzt\",\"datePublished\":\"2025-01-13T16:18:22+00:00\",\"dateModified\":\"2025-01-13T16:18:24+00:00\",\"mainEntityOfPage\":{\"@id\":\"https:\\\/\\\/www.apfelpatient.de\\\/rumors\\\/apple-tv-homepod-mini-2-zeitrahmen-fuer-start-eingegrenzt\"},\"wordCount\":679,\"publisher\":{\"@type\":\"Organization\",\"@id\":\"https:\\\/\\\/www.apfelpatient.de\\\/en\\\/#organization\",\"name\":\"Apfelpatient\",\"url\":\"https:\\\/\\\/www.apfelpatient.de\\\/en\\\/\"},\"image\":{\"@id\":\"https:\\\/\\\/www.apfelpatient.de\\\/rumors\\\/apple-tv-homepod-mini-2-zeitrahmen-fuer-start-eingegrenzt#primaryimage\"},\"thumbnailUrl\":\"https:\\\/\\\/www.apfelpatient.de\\\/wp-content\\\/uploads\\\/2025\\\/01\\\/maximilian-waidhas-D81tDDIeMec-unsplash.jpg\",\"keywords\":[\"Apple TV\",\"HomePod\",\"HomePod Mini\"],\"articleSection\":\"Rumors\",\"inLanguage\":\"en-US\",\"copyrightYear\":\"2025\",\"copyrightHolder\":{\"@id\":\"https:\\\/\\\/www.apfelpatient.de\\\/en\\\/#organization\"}},{\"@type\":\"WebPage\",\"@id\":\"https:\\\/\\\/www.apfelpatient.de\\\/rumors\\\/apple-tv-homepod-mini-2-zeitrahmen-fuer-start-eingegrenzt\",\"url\":\"https:\\\/\\\/www.apfelpatient.de\\\/rumors\\\/apple-tv-homepod-mini-2-zeitrahmen-fuer-start-eingegrenzt\",\"name\":\"Apple TV & HomePod mini 2: Zeitrahmen f\u00fcr Start eingegrenzt Apfelpatient\",\"isPartOf\":{\"@id\":\"https:\\\/\\\/www.apfelpatient.de\\\/#website\"},\"primaryImageOfPage\":{\"@id\":\"https:\\\/\\\/www.apfelpatient.de\\\/rumors\\\/apple-tv-homepod-mini-2-zeitrahmen-fuer-start-eingegrenzt#primaryimage\"},\"image\":{\"@id\":\"https:\\\/\\\/www.apfelpatient.de\\\/rumors\\\/apple-tv-homepod-mini-2-zeitrahmen-fuer-start-eingegrenzt#primaryimage\"},\"thumbnailUrl\":\"https:\\\/\\\/www.apfelpatient.de\\\/wp-content\\\/uploads\\\/2025\\\/01\\\/maximilian-waidhas-D81tDDIeMec-unsplash.jpg\",\"datePublished\":\"2025-01-13T16:18:22+00:00\",\"dateModified\":\"2025-01-13T16:18:24+00:00\",\"description\":\"Apple TV und HomePod mini: Zeitrahmen f\u00fcr Markteinf\u00fchrung bekannt. Erfahre, welche Neuerungen Apple f\u00fcr sein Smart-Home plant.\",\"breadcrumb\":{\"@id\":\"https:\\\/\\\/www.apfelpatient.de\\\/rumors\\\/apple-tv-homepod-mini-2-zeitrahmen-fuer-start-eingegrenzt#breadcrumb\"},\"inLanguage\":\"en-US\",\"potentialAction\":[{\"@type\":\"ReadAction\",\"target\":[\"https:\\\/\\\/www.apfelpatient.de\\\/rumors\\\/apple-tv-homepod-mini-2-zeitrahmen-fuer-start-eingegrenzt\"]}]},{\"@type\":\"ImageObject\",\"inLanguage\":\"en-US\",\"@id\":\"https:\\\/\\\/www.apfelpatient.de\\\/rumors\\\/apple-tv-homepod-mini-2-zeitrahmen-fuer-start-eingegrenzt#primaryimage\",\"url\":\"https:\\\/\\\/www.apfelpatient.de\\\/wp-content\\\/uploads\\\/2025\\\/01\\\/maximilian-waidhas-D81tDDIeMec-unsplash.jpg\",\"contentUrl\":\"https:\\\/\\\/www.apfelpatient.de\\\/wp-content\\\/uploads\\\/2025\\\/01\\\/maximilian-waidhas-D81tDDIeMec-unsplash.jpg\",\"width\":1600,\"height\":1067,\"caption\":\"Photo by Unsplash \\\/ Maximilian Waidhas\"},{\"@type\":\"BreadcrumbList\",\"@id\":\"https:\\\/\\\/www.apfelpatient.de\\\/rumors\\\/apple-tv-homepod-mini-2-zeitrahmen-fuer-start-eingegrenzt#breadcrumb\",\"itemListElement\":[{\"@type\":\"ListItem\",\"position\":1,\"name\":\"Startseite\",\"item\":\"https:\\\/\\\/www.apfelpatient.de\\\/\"},{\"@type\":\"ListItem\",\"position\":2,\"name\":\"Apple TV &#038; HomePod mini 2: Zeitrahmen f\u00fcr Start eingegrenzt\"}]},{\"@type\":\"WebSite\",\"@id\":\"https:\\\/\\\/www.apfelpatient.de\\\/#website\",\"url\":\"https:\\\/\\\/www.apfelpatient.de\\\/\",\"name\":\"Apfelpatient\",\"description\":\"Alles rund um Apple!\",\"publisher\":{\"@type\":\"Organization\",\"@id\":\"https:\\\/\\\/www.apfelpatient.de\\\/en\\\/#organization\",\"name\":\"Apfelpatient\",\"url\":\"https:\\\/\\\/www.apfelpatient.de\\\/en\\\/\"},\"alternateName\":\"Apfelpatient\",\"potentialAction\":[{\"@type\":\"SearchAction\",\"target\":{\"@type\":\"EntryPoint\",\"urlTemplate\":\"https:\\\/\\\/www.apfelpatient.de\\\/?s={search_term_string}\"},\"query-input\":{\"@type\":\"PropertyValueSpecification\",\"valueRequired\":true,\"valueName\":\"search_term_string\"}}],\"inLanguage\":\"en-US\"},{\"@type\":[\"Person\",\"Organization\"],\"@id\":\"https:\\\/\\\/www.apfelpatient.de\\\/#\\\/schema\\\/person\\\/7dc56ad6c8e9824b76d2c08d4c140e13\",\"name\":\"Milan\",\"logo\":{\"@id\":\"https:\\\/\\\/www.apfelpatient.de\\\/#\\\/schema\\\/person\\\/image\\\/\"},\"description\":\"Hallo und herzlich willkommen auf meinem Technik-Blog! Als gro\u00dfer Apple-Fan berichte ich hier \u00fcber alles, was mit Apple zu tun hat: von den neuesten News und spannenden Ger\u00fcchten \u00fcber hilfreiche Tipps und Tricks bis hin zu ausf\u00fchrlichen Produkttests. Wenn du genauso technikbegeistert bist wie ich, bist du hier genau richtig!\",\"sameAs\":[\"https:\\\/\\\/www.facebook.com\\\/apfelpatientOfficial\",\"https:\\\/\\\/www.linkedin.com\\\/in\\\/milan-jovicic-42aa0231b\"],\"url\":\"https:\\\/\\\/www.apfelpatient.de\\\/en\\\/author\\\/apfeladmin\"}]}<\/script>\n<!-- \/ Yoast SEO Premium plugin. -->","yoast_head_json":{"title":"Apple TV &amp; HomePod mini 2: Time frame for launch narrowed down Apfelpatient","description":"Apple TV and HomePod mini: Timeframe for market launch announced. Find out what innovations Apple is planning for its smart home.","robots":{"index":"index","follow":"follow","max-snippet":"max-snippet:-1","max-image-preview":"max-image-preview:large","max-video-preview":"max-video-preview:-1"},"canonical":"https:\/\/www.apfelpatient.de\/en\/rumors\/apple-tv-homepod-mini-2-timeframe-for-launch-narrowed-down","og_locale":"en_US","og_type":"article","og_title":"Apple TV & HomePod mini 2: Zeitrahmen f\u00fcr Start eingegrenzt","og_description":"Apple TV und HomePod mini: Zeitrahmen f\u00fcr Markteinf\u00fchrung bekannt. Erfahre, welche Neuerungen Apple f\u00fcr sein Smart-Home plant.","og_url":"https:\/\/www.apfelpatient.de\/en\/rumors\/apple-tv-homepod-mini-2-timeframe-for-launch-narrowed-down","og_site_name":"Apfelpatient","article_publisher":"https:\/\/www.facebook.com\/apfelpatientOfficial","article_author":"https:\/\/www.facebook.com\/apfelpatientOfficial","article_published_time":"2025-01-13T16:18:22+00:00","article_modified_time":"2025-01-13T16:18:24+00:00","og_image":[{"width":1600,"height":1067,"url":"https:\/\/www.apfelpatient.de\/wp-content\/uploads\/2025\/01\/maximilian-waidhas-D81tDDIeMec-unsplash.jpg","type":"image\/jpeg"}],"author":"Milan","twitter_card":"summary_large_image","twitter_description":"Apple TV und HomePod mini: Zeitrahmen f\u00fcr Markteinf\u00fchrung bekannt. Erfahre, welche Neuerungen Apple f\u00fcr sein Smart-Home plant.","twitter_misc":{"Written by":"Milan","Est. reading time":"4 minutes"},"schema":{"@context":"https:\/\/schema.org","@graph":[{"@type":"NewsArticle","@id":"https:\/\/www.apfelpatient.de\/rumors\/apple-tv-homepod-mini-2-zeitrahmen-fuer-start-eingegrenzt#article","isPartOf":{"@id":"https:\/\/www.apfelpatient.de\/rumors\/apple-tv-homepod-mini-2-zeitrahmen-fuer-start-eingegrenzt"},"author":{"@type":"Organization","@id":"https:\/\/www.apfelpatient.de\/en\/#organization","name":"Apfelpatient","url":"https:\/\/www.apfelpatient.de\/en\/"},"headline":"Apple TV &#038; HomePod mini 2: Zeitrahmen f\u00fcr Start eingegrenzt","datePublished":"2025-01-13T16:18:22+00:00","dateModified":"2025-01-13T16:18:24+00:00","mainEntityOfPage":{"@id":"https:\/\/www.apfelpatient.de\/rumors\/apple-tv-homepod-mini-2-zeitrahmen-fuer-start-eingegrenzt"},"wordCount":679,"publisher":{"@type":"Organization","@id":"https:\/\/www.apfelpatient.de\/en\/#organization","name":"Apfelpatient","url":"https:\/\/www.apfelpatient.de\/en\/"},"image":{"@id":"https:\/\/www.apfelpatient.de\/rumors\/apple-tv-homepod-mini-2-zeitrahmen-fuer-start-eingegrenzt#primaryimage"},"thumbnailUrl":"https:\/\/www.apfelpatient.de\/wp-content\/uploads\/2025\/01\/maximilian-waidhas-D81tDDIeMec-unsplash.jpg","keywords":["Apple TV","HomePod","HomePod Mini"],"articleSection":"Rumors","inLanguage":"en-US","copyrightYear":"2025","copyrightHolder":{"@id":"https:\/\/www.apfelpatient.de\/en\/#organization"}},{"@type":"WebPage","@id":"https:\/\/www.apfelpatient.de\/rumors\/apple-tv-homepod-mini-2-zeitrahmen-fuer-start-eingegrenzt","url":"https:\/\/www.apfelpatient.de\/rumors\/apple-tv-homepod-mini-2-zeitrahmen-fuer-start-eingegrenzt","name":"Apple TV &amp; HomePod mini 2: Time frame for launch narrowed down Apfelpatient","isPartOf":{"@id":"https:\/\/www.apfelpatient.de\/#website"},"primaryImageOfPage":{"@id":"https:\/\/www.apfelpatient.de\/rumors\/apple-tv-homepod-mini-2-zeitrahmen-fuer-start-eingegrenzt#primaryimage"},"image":{"@id":"https:\/\/www.apfelpatient.de\/rumors\/apple-tv-homepod-mini-2-zeitrahmen-fuer-start-eingegrenzt#primaryimage"},"thumbnailUrl":"https:\/\/www.apfelpatient.de\/wp-content\/uploads\/2025\/01\/maximilian-waidhas-D81tDDIeMec-unsplash.jpg","datePublished":"2025-01-13T16:18:22+00:00","dateModified":"2025-01-13T16:18:24+00:00","description":"Apple TV and HomePod mini: Timeframe for market launch announced. Find out what innovations Apple is planning for its smart home.","breadcrumb":{"@id":"https:\/\/www.apfelpatient.de\/rumors\/apple-tv-homepod-mini-2-zeitrahmen-fuer-start-eingegrenzt#breadcrumb"},"inLanguage":"en-US","potentialAction":[{"@type":"ReadAction","target":["https:\/\/www.apfelpatient.de\/rumors\/apple-tv-homepod-mini-2-zeitrahmen-fuer-start-eingegrenzt"]}]},{"@type":"ImageObject","inLanguage":"en-US","@id":"https:\/\/www.apfelpatient.de\/rumors\/apple-tv-homepod-mini-2-zeitrahmen-fuer-start-eingegrenzt#primaryimage","url":"https:\/\/www.apfelpatient.de\/wp-content\/uploads\/2025\/01\/maximilian-waidhas-D81tDDIeMec-unsplash.jpg","contentUrl":"https:\/\/www.apfelpatient.de\/wp-content\/uploads\/2025\/01\/maximilian-waidhas-D81tDDIeMec-unsplash.jpg","width":1600,"height":1067,"caption":"Photo by Unsplash \/ Maximilian Waidhas"},{"@type":"BreadcrumbList","@id":"https:\/\/www.apfelpatient.de\/rumors\/apple-tv-homepod-mini-2-zeitrahmen-fuer-start-eingegrenzt#breadcrumb","itemListElement":[{"@type":"ListItem","position":1,"name":"Startseite","item":"https:\/\/www.apfelpatient.de\/"},{"@type":"ListItem","position":2,"name":"Apple TV &#038; HomePod mini 2: Zeitrahmen f\u00fcr Start eingegrenzt"}]},{"@type":"WebSite","@id":"https:\/\/www.apfelpatient.de\/#website","url":"https:\/\/www.apfelpatient.de\/","name":"apple patient","description":"Everything about Apple!","publisher":{"@type":"Organization","@id":"https:\/\/www.apfelpatient.de\/en\/#organization","name":"Apfelpatient","url":"https:\/\/www.apfelpatient.de\/en\/"},"alternateName":"Apfelpatient","potentialAction":[{"@type":"SearchAction","target":{"@type":"EntryPoint","urlTemplate":"https:\/\/www.apfelpatient.de\/?s={search_term_string}"},"query-input":{"@type":"PropertyValueSpecification","valueRequired":true,"valueName":"search_term_string"}}],"inLanguage":"en-US"},{"@type":["Person","Organization"],"@id":"https:\/\/www.apfelpatient.de\/#\/schema\/person\/7dc56ad6c8e9824b76d2c08d4c140e13","name":"Milan","logo":{"@id":"https:\/\/www.apfelpatient.de\/#\/schema\/person\/image\/"},"description":"Hello and welcome to my technology blog! As a big Apple fan, I report on everything to do with Apple: from the latest news and exciting rumors to helpful tips and tricks and detailed product tests. If you are as enthusiastic about technology as I am, you have come to the right place!","sameAs":["https:\/\/www.facebook.com\/apfelpatientOfficial","https:\/\/www.linkedin.com\/in\/milan-jovicic-42aa0231b"],"url":"https:\/\/www.apfelpatient.de\/en\/author\/apfeladmin"}]}},"_links":{"self":[{"href":"https:\/\/www.apfelpatient.de\/en\/wp-json\/wp\/v2\/posts\/49024","targetHints":{"allow":["GET"]}}],"collection":[{"href":"https:\/\/www.apfelpatient.de\/en\/wp-json\/wp\/v2\/posts"}],"about":[{"href":"https:\/\/www.apfelpatient.de\/en\/wp-json\/wp\/v2\/types\/post"}],"author":[{"embeddable":true,"href":"https:\/\/www.apfelpatient.de\/en\/wp-json\/wp\/v2\/users\/2"}],"replies":[{"embeddable":true,"href":"https:\/\/www.apfelpatient.de\/en\/wp-json\/wp\/v2\/comments?post=49024"}],"version-history":[{"count":0,"href":"https:\/\/www.apfelpatient.de\/en\/wp-json\/wp\/v2\/posts\/49024\/revisions"}],"wp:featuredmedia":[{"embeddable":true,"href":"https:\/\/www.apfelpatient.de\/en\/wp-json\/wp\/v2\/media\/49023"}],"wp:attachment":[{"href":"https:\/\/www.apfelpatient.de\/en\/wp-json\/wp\/v2\/media?parent=49024"}],"wp:term":[{"taxonomy":"category","embeddable":true,"href":"https:\/\/www.apfelpatient.de\/en\/wp-json\/wp\/v2\/categories?post=49024"},{"taxonomy":"post_tag","embeddable":true,"href":"https:\/\/www.apfelpatient.de\/en\/wp-json\/wp\/v2\/tags?post=49024"}],"curies":[{"name":"wp","href":"https:\/\/api.w.org\/{rel}","templated":true}]}}