{"id":49005,"date":"2025-01-12T18:33:15","date_gmt":"2025-01-12T17:33:15","guid":{"rendered":"https:\/\/www.apfelpatient.de\/?p=49005"},"modified":"2025-01-12T18:33:17","modified_gmt":"2025-01-12T17:33:17","slug":"vision-pro-2-apple-is-working-on-new-ar-and-vr-projects","status":"publish","type":"post","link":"https:\/\/www.apfelpatient.de\/en\/rumors\/vision-pro-2-apple-arbeitet-an-neuen-ar-und-vr-projekten","title":{"rendered":"Vision Pro 2: Apple is working on new AR and VR projects"},"content":{"rendered":"<p class=\"has-drop-cap\"><strong>Apple always causes a stir with innovative products that not only set trends but often redefine entire markets. With the Vision Pro, the company has made a big statement in the field of augmented reality (AR) and virtual reality (VR). But what does the future of this technology look like? New reports from industry insiders provide insight into what Apple is planning - including no Vision Pro 2 soon, but a more affordable headset.<\/strong><\/p>\n\n\n\n<p>When Apple launches a product, many expect not just a technical device but a new way of experiencing technology. The Vision Pro was a milestone in this respect, but at a price that most people cannot afford. Now new developments are on the horizon that show where things are headed: a cheaper headset is intended to make the technology accessible to a wider audience. At the same time, Apple is working on other futuristic projects that could shape the technology experience in the coming years.<\/p>\n\n\n\n<h4 class=\"wp-block-heading\" id=\"h-keine-apple-vision-pro-2-vor-2026\">No Apple Vision Pro 2 before 2026<\/h4>\n\n\n\n<p>According to Mark Gurman, there will be no new version of the Vision Pro in the foreseeable future. In his newsletter \u201cPower On\u201d <a href=\"https:\/\/www.bloomberg.com\/news\/newsletters\/2025-01-12\/apple-2025-plans-iphone-17-smart-home-hub-ios-19-ai-apple-watch-ipads-m5?cmpid=BBD011225_POWERON&amp;utm_medium=email&amp;utm_source=newsletter&amp;utm_term=250112&amp;utm_campaign=poweron\" target=\"_blank\" rel=\"noreferrer noopener\">explained<\/a> he said that Apple could theoretically present an update as early as 2025, but in practice a new hardware generation is not expected until 2026. Other analysts such as Ming Chi-Kuo have made similar predictions. According to him, production of the Vision Pro 2 will begin in the second half of 2025 at the earliest. Possible innovations include a powerful M5 chip and advanced functions through Apple Intelligence, but little is known about other hardware details so far.<\/p>\n\n\n\n<h4 class=\"wp-block-heading\" id=\"h-fokus-auf-ein-gunstigeres-headset\">Focus on a cheaper headset<\/h4>\n\n\n\n<p>While the Vision Pro 2 is still waiting, Apple has set its sights on another goal: an affordable AR\/VR headset that will be accessible to more people. This product, known internally as the N107, is a high priority according to Gurman and is currently being developed at full speed. The goal is to create an alternative to the expensive Vision Pro without making too many compromises in terms of technology. Ming Chi-Kuo, on the other hand, is more skeptical about the launch of a cheaper headset. He suspects that production of such a device could drag on until 2027 at the earliest. Gurman emphasizes, however, that Apple sees this project as urgent and wants to make faster progress. There is no concrete release date yet.<\/p>\n\n\n\n<figure class=\"wp-block-image size-large\"><img decoding=\"async\" width=\"1024\" height=\"576\" src=\"https:\/\/www.apfelpatient.de\/wp-content\/uploads\/2024\/06\/Apple-Vision-Pro-availability-Persona-creation-1024x576.jpg\" alt=\"Setting up Apple Vision Pro Persona\" class=\"wp-image-45066\" srcset=\"https:\/\/www.apfelpatient.de\/wp-content\/uploads\/2024\/06\/Apple-Vision-Pro-availability-Persona-creation-1024x576.jpg 1024w, https:\/\/www.apfelpatient.de\/wp-content\/uploads\/2024\/06\/Apple-Vision-Pro-availability-Persona-creation-300x169.jpg 300w, https:\/\/www.apfelpatient.de\/wp-content\/uploads\/2024\/06\/Apple-Vision-Pro-availability-Persona-creation-768x432.jpg 768w, https:\/\/www.apfelpatient.de\/wp-content\/uploads\/2024\/06\/Apple-Vision-Pro-availability-Persona-creation-1536x864.jpg 1536w, https:\/\/www.apfelpatient.de\/wp-content\/uploads\/2024\/06\/Apple-Vision-Pro-availability-Persona-creation-750x422.jpg 750w, https:\/\/www.apfelpatient.de\/wp-content\/uploads\/2024\/06\/Apple-Vision-Pro-availability-Persona-creation-1140x641.jpg 1140w, https:\/\/www.apfelpatient.de\/wp-content\/uploads\/2024\/06\/Apple-Vision-Pro-availability-Persona-creation.jpg 1600w\" sizes=\"(max-width: 1024px) 100vw, 1024px\" \/><figcaption class=\"wp-element-caption\">Image: Apple<\/figcaption><\/figure>\n\n\n\n<h4 class=\"wp-block-heading\" id=\"h-weitere-projekte-in-der-pipeline\">Further projects in the pipeline<\/h4>\n\n\n\n<p>But Apple isn&#039;t just working on headsets. The company has other exciting projects in development that show what the future of wearable technology could look like. These include:<\/p>\n\n\n\n<ul class=\"wp-block-list\">\n<li>A smart glasses alternative to the Meta Ray-Ban glasses: These glasses could integrate augmented reality into everyday life and complement Apple&#039;s ecosystem.<\/li>\n\n\n\n<li>AirPods with cameras: An idea that sounds downright futuristic. These AirPods are supposed to be equipped with cameras to create new application possibilities. How exactly this works, however, remains unclear.<\/li>\n<\/ul>\n\n\n\n<p>These projects are long-term and will not be available for a few years, but they underscore Apple&#039;s commitment to remaining a leader in this space.<\/p>\n\n\n\n<h4 class=\"wp-block-heading\" id=\"h-was-bedeutet-das-fur-die-nutzer\">What does this mean for users?<\/h4>\n\n\n\n<p>These developments could be significant for you as a user, especially if you are interested in AR and VR technology. The cheaper headset could make it much easier to get started with this technology. At the same time, Apple is showing with its projects such as the Smart Glasses and the camera AirPods that the company is committed to long-term innovation. It will be exciting to see how these ideas develop in the coming years.<\/p>\n\n\n\n<h3 class=\"wp-block-heading\" id=\"h-apple-s-vision-fur-die-zukunft-von-ar-und-vr\">Apple&#039;s vision for the future of AR and VR<\/h3>\n\n\n\n<p>The coming years could be groundbreaking for Apple in the AR and VR sector. While the Vision Pro 2 is still a long way off, the company is focusing on developing a more affordable headset to appeal to more users. Apple is also working on visionary projects such as smart glasses and camera AirPods that could shape the technology of the future. For anyone interested in innovative technology, it is worth following Apple&#039;s developments closely. The coming years will show whether the company can once again have a decisive influence on the market. (Image: Apple)<\/p>\n\n\n\n<ul class=\"wp-block-list\">\n<li><a href=\"https:\/\/www.apfelpatient.de\/en\/news\/experience-gaming-in-a-new-way-with-geforce-now-on-the-apple-vision-pro\">Rediscover gaming: GeForce NOW on the Apple Vision Pro<\/a><\/li>\n<\/ul>\n\n\n\n<h6 class=\"wp-block-heading translation-block\" id=\"h-kennt-ihr-schon-unsere-amazon-storefront-dort-findet-ihr-eine-handverlesene-auswahl-von-diversen-produkten-f-r-euer-iphone-und-co-viel-spa-beim-st-bern\"><em>Have you already visited our Amazon Storefront? There you&#039;ll find a hand-picked selection of various products for your iPhone and other devices \u2013 <span class=\"has-inline-color has-vivid-red-color\"><a href=\"https:\/\/www.amazon.de\/shop\/apfelpatientofficial\" class=\"ek-link\" data-wpel-link=\"exclude\" rel=\"follow noopener\" target=\"_self\"><span style=\"text-decoration: underline\" class=\"ek-underline\">enjoy browsing<\/span><\/a> !<\/span><\/em><\/h6>\n\n\n\n<h6 class=\"wp-block-heading translation-block\" id=\"h-der-beitrag-enthalt-partnerlinks\">This post contains <a data-type=\"URL\" data-id=\"https:\/\/www.apfelpatient.de\/partnerprogramm\" href=\"https:\/\/www.apfelpatient.de\/en\/partner-program\" data-wpel-link=\"internal\" target=\"_self\">affiliate links<\/a>.<\/h6>","protected":false},"excerpt":{"rendered":"<p>Vision Pro 2 will be released in 2026 at the earliest! Apple is working hard on an affordable headset and other exciting projects.<\/p>","protected":false},"author":2,"featured_media":49004,"comment_status":"closed","ping_status":"closed","sticky":false,"template":"","format":"standard","meta":{"jnews-multi-image_gallery":[],"jnews_single_post":{"format":"standard","override":[{"template":"2","parallax":"1","fullscreen":"1","layout":"right-sidebar","sidebar":"default-sidebar","second_sidebar":"default-sidebar","sticky_sidebar":"1","share_position":"top","share_float_style":"share-monocrhome","show_featured":"1","show_post_meta":"1","show_post_author":"1","show_post_author_image":"1","show_post_date":"1","post_date_format":"default","post_date_format_custom":"Y\/m\/d","show_post_category":"1","show_post_reading_time":"0","post_reading_time_wpm":"300","post_calculate_word_method":"str_word_count","show_zoom_button":"0","zoom_button_out_step":"2","zoom_button_in_step":"3","show_post_tag":"1","show_prev_next_post":"1","show_popup_post":"1","number_popup_post":"1","show_author_box":"0","show_post_related":"0","show_inline_post_related":"0"}],"image_override":[{"single_post_thumbnail_size":"crop-500","single_post_gallery_size":"crop-500"}],"trending_post_position":"meta","trending_post_label":"Trending","sponsored_post_label":"Sponsored by","disable_ad":"0"},"jnews_primary_category":{"id":"25"},"footnotes":""},"categories":[25],"tags":[843,609],"class_list":["post-49005","post","type-post","status-publish","format-standard","has-post-thumbnail","hentry","category-rumors","tag-apple-vision-pro","tag-apple-vr-ar"],"yoast_head":"<!-- This site is optimized with the Yoast SEO Premium plugin v27.5 (Yoast SEO v27.5) - https:\/\/yoast.com\/product\/yoast-seo-premium-wordpress\/ -->\n<title>Vision Pro 2: Apple arbeitet an neuen AR- und VR-Projekten Apfelpatient<\/title>\n<meta name=\"description\" content=\"Vision Pro 2 kommt fr\u00fchestens 2026! Apple arbeitet mit Hochdruck an einem erschwinglichen Headset und weiteren spannenden Projekten.\" \/>\n<meta name=\"robots\" content=\"index, follow, max-snippet:-1, max-image-preview:large, max-video-preview:-1\" \/>\n<link rel=\"canonical\" href=\"https:\/\/www.apfelpatient.de\/en\/rumors\/vision-pro-2-apple-is-working-on-new-ar-and-vr-projects\" \/>\n<meta property=\"og:locale\" content=\"en_US\" \/>\n<meta property=\"og:type\" content=\"article\" \/>\n<meta property=\"og:title\" content=\"Vision Pro 2: Apple arbeitet an neuen AR- und VR-Projekten\" \/>\n<meta property=\"og:description\" content=\"Vision Pro 2 kommt fr\u00fchestens 2026! Apple arbeitet mit Hochdruck an einem erschwinglichen Headset und weiteren spannenden Projekten.\" \/>\n<meta property=\"og:url\" content=\"https:\/\/www.apfelpatient.de\/en\/rumors\/vision-pro-2-apple-is-working-on-new-ar-and-vr-projects\" \/>\n<meta property=\"og:site_name\" content=\"Apfelpatient\" \/>\n<meta property=\"article:publisher\" content=\"https:\/\/www.facebook.com\/apfelpatientOfficial\" \/>\n<meta property=\"article:author\" content=\"https:\/\/www.facebook.com\/apfelpatientOfficial\" \/>\n<meta property=\"article:published_time\" content=\"2025-01-12T17:33:15+00:00\" \/>\n<meta property=\"article:modified_time\" content=\"2025-01-12T17:33:17+00:00\" \/>\n<meta property=\"og:image\" content=\"https:\/\/www.apfelpatient.de\/wp-content\/uploads\/2025\/01\/Apple-WWDC23-event-photos-Apple-Vision-Pro-2.jpg\" \/>\n\t<meta property=\"og:image:width\" content=\"1600\" \/>\n\t<meta property=\"og:image:height\" content=\"1066\" \/>\n\t<meta property=\"og:image:type\" content=\"image\/jpeg\" \/>\n<meta name=\"author\" content=\"Milan\" \/>\n<meta name=\"twitter:card\" content=\"summary_large_image\" \/>\n<meta name=\"twitter:description\" content=\"Vision Pro 2 kommt fr\u00fchestens 2026! Apple arbeitet mit Hochdruck an einem erschwinglichen Headset und weiteren spannenden Projekten.\" \/>\n<meta name=\"twitter:label1\" content=\"Written by\" \/>\n\t<meta name=\"twitter:data1\" content=\"Milan\" \/>\n\t<meta name=\"twitter:label2\" content=\"Est. reading time\" \/>\n\t<meta name=\"twitter:data2\" content=\"5 minutes\" \/>\n<script type=\"application\/ld+json\" class=\"yoast-schema-graph\">{\"@context\":\"https:\\\/\\\/schema.org\",\"@graph\":[{\"@type\":\"NewsArticle\",\"@id\":\"https:\\\/\\\/www.apfelpatient.de\\\/rumors\\\/vision-pro-2-apple-arbeitet-an-neuen-ar-und-vr-projekten#article\",\"isPartOf\":{\"@id\":\"https:\\\/\\\/www.apfelpatient.de\\\/rumors\\\/vision-pro-2-apple-arbeitet-an-neuen-ar-und-vr-projekten\"},\"author\":{\"@type\":\"Organization\",\"@id\":\"https:\\\/\\\/www.apfelpatient.de\\\/en\\\/#organization\",\"name\":\"Apfelpatient\",\"url\":\"https:\\\/\\\/www.apfelpatient.de\\\/en\\\/\"},\"headline\":\"Vision Pro 2: Apple arbeitet an neuen AR- und VR-Projekten\",\"datePublished\":\"2025-01-12T17:33:15+00:00\",\"dateModified\":\"2025-01-12T17:33:17+00:00\",\"mainEntityOfPage\":{\"@id\":\"https:\\\/\\\/www.apfelpatient.de\\\/rumors\\\/vision-pro-2-apple-arbeitet-an-neuen-ar-und-vr-projekten\"},\"wordCount\":701,\"publisher\":{\"@type\":\"Organization\",\"@id\":\"https:\\\/\\\/www.apfelpatient.de\\\/en\\\/#organization\",\"name\":\"Apfelpatient\",\"url\":\"https:\\\/\\\/www.apfelpatient.de\\\/en\\\/\"},\"image\":{\"@id\":\"https:\\\/\\\/www.apfelpatient.de\\\/rumors\\\/vision-pro-2-apple-arbeitet-an-neuen-ar-und-vr-projekten#primaryimage\"},\"thumbnailUrl\":\"https:\\\/\\\/www.apfelpatient.de\\\/wp-content\\\/uploads\\\/2025\\\/01\\\/Apple-WWDC23-event-photos-Apple-Vision-Pro-2.jpg\",\"keywords\":[\"Apple Vision Pro\",\"Apple VR\\\/AR\"],\"articleSection\":\"Rumors\",\"inLanguage\":\"en-US\",\"copyrightYear\":\"2025\",\"copyrightHolder\":{\"@id\":\"https:\\\/\\\/www.apfelpatient.de\\\/en\\\/#organization\"}},{\"@type\":\"WebPage\",\"@id\":\"https:\\\/\\\/www.apfelpatient.de\\\/rumors\\\/vision-pro-2-apple-arbeitet-an-neuen-ar-und-vr-projekten\",\"url\":\"https:\\\/\\\/www.apfelpatient.de\\\/rumors\\\/vision-pro-2-apple-arbeitet-an-neuen-ar-und-vr-projekten\",\"name\":\"Vision Pro 2: Apple arbeitet an neuen AR- und VR-Projekten Apfelpatient\",\"isPartOf\":{\"@id\":\"https:\\\/\\\/www.apfelpatient.de\\\/#website\"},\"primaryImageOfPage\":{\"@id\":\"https:\\\/\\\/www.apfelpatient.de\\\/rumors\\\/vision-pro-2-apple-arbeitet-an-neuen-ar-und-vr-projekten#primaryimage\"},\"image\":{\"@id\":\"https:\\\/\\\/www.apfelpatient.de\\\/rumors\\\/vision-pro-2-apple-arbeitet-an-neuen-ar-und-vr-projekten#primaryimage\"},\"thumbnailUrl\":\"https:\\\/\\\/www.apfelpatient.de\\\/wp-content\\\/uploads\\\/2025\\\/01\\\/Apple-WWDC23-event-photos-Apple-Vision-Pro-2.jpg\",\"datePublished\":\"2025-01-12T17:33:15+00:00\",\"dateModified\":\"2025-01-12T17:33:17+00:00\",\"description\":\"Vision Pro 2 kommt fr\u00fchestens 2026! Apple arbeitet mit Hochdruck an einem erschwinglichen Headset und weiteren spannenden Projekten.\",\"breadcrumb\":{\"@id\":\"https:\\\/\\\/www.apfelpatient.de\\\/rumors\\\/vision-pro-2-apple-arbeitet-an-neuen-ar-und-vr-projekten#breadcrumb\"},\"inLanguage\":\"en-US\",\"potentialAction\":[{\"@type\":\"ReadAction\",\"target\":[\"https:\\\/\\\/www.apfelpatient.de\\\/rumors\\\/vision-pro-2-apple-arbeitet-an-neuen-ar-und-vr-projekten\"]}]},{\"@type\":\"ImageObject\",\"inLanguage\":\"en-US\",\"@id\":\"https:\\\/\\\/www.apfelpatient.de\\\/rumors\\\/vision-pro-2-apple-arbeitet-an-neuen-ar-und-vr-projekten#primaryimage\",\"url\":\"https:\\\/\\\/www.apfelpatient.de\\\/wp-content\\\/uploads\\\/2025\\\/01\\\/Apple-WWDC23-event-photos-Apple-Vision-Pro-2.jpg\",\"contentUrl\":\"https:\\\/\\\/www.apfelpatient.de\\\/wp-content\\\/uploads\\\/2025\\\/01\\\/Apple-WWDC23-event-photos-Apple-Vision-Pro-2.jpg\",\"width\":1600,\"height\":1066,\"caption\":\"Bild: Apple\"},{\"@type\":\"BreadcrumbList\",\"@id\":\"https:\\\/\\\/www.apfelpatient.de\\\/rumors\\\/vision-pro-2-apple-arbeitet-an-neuen-ar-und-vr-projekten#breadcrumb\",\"itemListElement\":[{\"@type\":\"ListItem\",\"position\":1,\"name\":\"Startseite\",\"item\":\"https:\\\/\\\/www.apfelpatient.de\\\/\"},{\"@type\":\"ListItem\",\"position\":2,\"name\":\"Vision Pro 2: Apple arbeitet an neuen AR- und VR-Projekten\"}]},{\"@type\":\"WebSite\",\"@id\":\"https:\\\/\\\/www.apfelpatient.de\\\/#website\",\"url\":\"https:\\\/\\\/www.apfelpatient.de\\\/\",\"name\":\"Apfelpatient\",\"description\":\"Alles rund um Apple!\",\"publisher\":{\"@type\":\"Organization\",\"@id\":\"https:\\\/\\\/www.apfelpatient.de\\\/en\\\/#organization\",\"name\":\"Apfelpatient\",\"url\":\"https:\\\/\\\/www.apfelpatient.de\\\/en\\\/\"},\"alternateName\":\"Apfelpatient\",\"potentialAction\":[{\"@type\":\"SearchAction\",\"target\":{\"@type\":\"EntryPoint\",\"urlTemplate\":\"https:\\\/\\\/www.apfelpatient.de\\\/?s={search_term_string}\"},\"query-input\":{\"@type\":\"PropertyValueSpecification\",\"valueRequired\":true,\"valueName\":\"search_term_string\"}}],\"inLanguage\":\"en-US\"},{\"@type\":[\"Person\",\"Organization\"],\"@id\":\"https:\\\/\\\/www.apfelpatient.de\\\/#\\\/schema\\\/person\\\/35b3ddba5832f2bfc7fff5206d4f6b7b\",\"name\":\"Milan\",\"logo\":{\"@id\":\"https:\\\/\\\/www.apfelpatient.de\\\/#\\\/schema\\\/person\\\/image\\\/\"},\"description\":\"Hallo und herzlich willkommen auf meinem Technik-Blog! Als gro\u00dfer Apple-Fan berichte ich hier \u00fcber alles, was mit Apple zu tun hat: von den neuesten News und spannenden Ger\u00fcchten \u00fcber hilfreiche Tipps und Tricks bis hin zu ausf\u00fchrlichen Produkttests. Wenn du genauso technikbegeistert bist wie ich, bist du hier genau richtig!\",\"sameAs\":[\"https:\\\/\\\/www.facebook.com\\\/apfelpatientOfficial\",\"https:\\\/\\\/www.linkedin.com\\\/in\\\/milan-jovicic-42aa0231b\"],\"url\":\"https:\\\/\\\/www.apfelpatient.de\\\/en\\\/author\\\/apfeladmin\"}]}<\/script>\n<!-- \/ Yoast SEO Premium plugin. -->","yoast_head_json":{"title":"Vision Pro 2: Apple is working on new AR and VR projects Apfelpatient","description":"Vision Pro 2 will be released in 2026 at the earliest! Apple is working hard on an affordable headset and other exciting projects.","robots":{"index":"index","follow":"follow","max-snippet":"max-snippet:-1","max-image-preview":"max-image-preview:large","max-video-preview":"max-video-preview:-1"},"canonical":"https:\/\/www.apfelpatient.de\/en\/rumors\/vision-pro-2-apple-is-working-on-new-ar-and-vr-projects","og_locale":"en_US","og_type":"article","og_title":"Vision Pro 2: Apple arbeitet an neuen AR- und VR-Projekten","og_description":"Vision Pro 2 kommt fr\u00fchestens 2026! Apple arbeitet mit Hochdruck an einem erschwinglichen Headset und weiteren spannenden Projekten.","og_url":"https:\/\/www.apfelpatient.de\/en\/rumors\/vision-pro-2-apple-is-working-on-new-ar-and-vr-projects","og_site_name":"Apfelpatient","article_publisher":"https:\/\/www.facebook.com\/apfelpatientOfficial","article_author":"https:\/\/www.facebook.com\/apfelpatientOfficial","article_published_time":"2025-01-12T17:33:15+00:00","article_modified_time":"2025-01-12T17:33:17+00:00","og_image":[{"width":1600,"height":1066,"url":"https:\/\/www.apfelpatient.de\/wp-content\/uploads\/2025\/01\/Apple-WWDC23-event-photos-Apple-Vision-Pro-2.jpg","type":"image\/jpeg"}],"author":"Milan","twitter_card":"summary_large_image","twitter_description":"Vision Pro 2 kommt fr\u00fchestens 2026! Apple arbeitet mit Hochdruck an einem erschwinglichen Headset und weiteren spannenden Projekten.","twitter_misc":{"Written by":"Milan","Est. reading time":"5 minutes"},"schema":{"@context":"https:\/\/schema.org","@graph":[{"@type":"NewsArticle","@id":"https:\/\/www.apfelpatient.de\/rumors\/vision-pro-2-apple-arbeitet-an-neuen-ar-und-vr-projekten#article","isPartOf":{"@id":"https:\/\/www.apfelpatient.de\/rumors\/vision-pro-2-apple-arbeitet-an-neuen-ar-und-vr-projekten"},"author":{"@type":"Organization","@id":"https:\/\/www.apfelpatient.de\/en\/#organization","name":"Apfelpatient","url":"https:\/\/www.apfelpatient.de\/en\/"},"headline":"Vision Pro 2: Apple arbeitet an neuen AR- und VR-Projekten","datePublished":"2025-01-12T17:33:15+00:00","dateModified":"2025-01-12T17:33:17+00:00","mainEntityOfPage":{"@id":"https:\/\/www.apfelpatient.de\/rumors\/vision-pro-2-apple-arbeitet-an-neuen-ar-und-vr-projekten"},"wordCount":701,"publisher":{"@type":"Organization","@id":"https:\/\/www.apfelpatient.de\/en\/#organization","name":"Apfelpatient","url":"https:\/\/www.apfelpatient.de\/en\/"},"image":{"@id":"https:\/\/www.apfelpatient.de\/rumors\/vision-pro-2-apple-arbeitet-an-neuen-ar-und-vr-projekten#primaryimage"},"thumbnailUrl":"https:\/\/www.apfelpatient.de\/wp-content\/uploads\/2025\/01\/Apple-WWDC23-event-photos-Apple-Vision-Pro-2.jpg","keywords":["Apple Vision Pro","Apple VR\/AR"],"articleSection":"Rumors","inLanguage":"en-US","copyrightYear":"2025","copyrightHolder":{"@id":"https:\/\/www.apfelpatient.de\/en\/#organization"}},{"@type":"WebPage","@id":"https:\/\/www.apfelpatient.de\/rumors\/vision-pro-2-apple-arbeitet-an-neuen-ar-und-vr-projekten","url":"https:\/\/www.apfelpatient.de\/rumors\/vision-pro-2-apple-arbeitet-an-neuen-ar-und-vr-projekten","name":"Vision Pro 2: Apple is working on new AR and VR projects Apfelpatient","isPartOf":{"@id":"https:\/\/www.apfelpatient.de\/#website"},"primaryImageOfPage":{"@id":"https:\/\/www.apfelpatient.de\/rumors\/vision-pro-2-apple-arbeitet-an-neuen-ar-und-vr-projekten#primaryimage"},"image":{"@id":"https:\/\/www.apfelpatient.de\/rumors\/vision-pro-2-apple-arbeitet-an-neuen-ar-und-vr-projekten#primaryimage"},"thumbnailUrl":"https:\/\/www.apfelpatient.de\/wp-content\/uploads\/2025\/01\/Apple-WWDC23-event-photos-Apple-Vision-Pro-2.jpg","datePublished":"2025-01-12T17:33:15+00:00","dateModified":"2025-01-12T17:33:17+00:00","description":"Vision Pro 2 will be released in 2026 at the earliest! Apple is working hard on an affordable headset and other exciting projects.","breadcrumb":{"@id":"https:\/\/www.apfelpatient.de\/rumors\/vision-pro-2-apple-arbeitet-an-neuen-ar-und-vr-projekten#breadcrumb"},"inLanguage":"en-US","potentialAction":[{"@type":"ReadAction","target":["https:\/\/www.apfelpatient.de\/rumors\/vision-pro-2-apple-arbeitet-an-neuen-ar-und-vr-projekten"]}]},{"@type":"ImageObject","inLanguage":"en-US","@id":"https:\/\/www.apfelpatient.de\/rumors\/vision-pro-2-apple-arbeitet-an-neuen-ar-und-vr-projekten#primaryimage","url":"https:\/\/www.apfelpatient.de\/wp-content\/uploads\/2025\/01\/Apple-WWDC23-event-photos-Apple-Vision-Pro-2.jpg","contentUrl":"https:\/\/www.apfelpatient.de\/wp-content\/uploads\/2025\/01\/Apple-WWDC23-event-photos-Apple-Vision-Pro-2.jpg","width":1600,"height":1066,"caption":"Bild: Apple"},{"@type":"BreadcrumbList","@id":"https:\/\/www.apfelpatient.de\/rumors\/vision-pro-2-apple-arbeitet-an-neuen-ar-und-vr-projekten#breadcrumb","itemListElement":[{"@type":"ListItem","position":1,"name":"Startseite","item":"https:\/\/www.apfelpatient.de\/"},{"@type":"ListItem","position":2,"name":"Vision Pro 2: Apple arbeitet an neuen AR- und VR-Projekten"}]},{"@type":"WebSite","@id":"https:\/\/www.apfelpatient.de\/#website","url":"https:\/\/www.apfelpatient.de\/","name":"apple patient","description":"Everything about Apple!","publisher":{"@type":"Organization","@id":"https:\/\/www.apfelpatient.de\/en\/#organization","name":"Apfelpatient","url":"https:\/\/www.apfelpatient.de\/en\/"},"alternateName":"Apfelpatient","potentialAction":[{"@type":"SearchAction","target":{"@type":"EntryPoint","urlTemplate":"https:\/\/www.apfelpatient.de\/?s={search_term_string}"},"query-input":{"@type":"PropertyValueSpecification","valueRequired":true,"valueName":"search_term_string"}}],"inLanguage":"en-US"},{"@type":["Person","Organization"],"@id":"https:\/\/www.apfelpatient.de\/#\/schema\/person\/35b3ddba5832f2bfc7fff5206d4f6b7b","name":"Milan","logo":{"@id":"https:\/\/www.apfelpatient.de\/#\/schema\/person\/image\/"},"description":"Hello and welcome to my technology blog! As a big Apple fan, I report on everything to do with Apple: from the latest news and exciting rumors to helpful tips and tricks and detailed product tests. If you are as enthusiastic about technology as I am, you have come to the right place!","sameAs":["https:\/\/www.facebook.com\/apfelpatientOfficial","https:\/\/www.linkedin.com\/in\/milan-jovicic-42aa0231b"],"url":"https:\/\/www.apfelpatient.de\/en\/author\/apfeladmin"}]}},"_links":{"self":[{"href":"https:\/\/www.apfelpatient.de\/en\/wp-json\/wp\/v2\/posts\/49005","targetHints":{"allow":["GET"]}}],"collection":[{"href":"https:\/\/www.apfelpatient.de\/en\/wp-json\/wp\/v2\/posts"}],"about":[{"href":"https:\/\/www.apfelpatient.de\/en\/wp-json\/wp\/v2\/types\/post"}],"author":[{"embeddable":true,"href":"https:\/\/www.apfelpatient.de\/en\/wp-json\/wp\/v2\/users\/2"}],"replies":[{"embeddable":true,"href":"https:\/\/www.apfelpatient.de\/en\/wp-json\/wp\/v2\/comments?post=49005"}],"version-history":[{"count":0,"href":"https:\/\/www.apfelpatient.de\/en\/wp-json\/wp\/v2\/posts\/49005\/revisions"}],"wp:featuredmedia":[{"embeddable":true,"href":"https:\/\/www.apfelpatient.de\/en\/wp-json\/wp\/v2\/media\/49004"}],"wp:attachment":[{"href":"https:\/\/www.apfelpatient.de\/en\/wp-json\/wp\/v2\/media?parent=49005"}],"wp:term":[{"taxonomy":"category","embeddable":true,"href":"https:\/\/www.apfelpatient.de\/en\/wp-json\/wp\/v2\/categories?post=49005"},{"taxonomy":"post_tag","embeddable":true,"href":"https:\/\/www.apfelpatient.de\/en\/wp-json\/wp\/v2\/tags?post=49005"}],"curies":[{"name":"wp","href":"https:\/\/api.w.org\/{rel}","templated":true}]}}