{"id":48997,"date":"2025-01-11T17:55:35","date_gmt":"2025-01-11T16:55:35","guid":{"rendered":"https:\/\/www.apfelpatient.de\/?p=48997"},"modified":"2025-01-11T17:56:13","modified_gmt":"2025-01-11T16:56:13","slug":"meta-ceo-criticizes-apple-a-dispute-over-innovation-and-data","status":"publish","type":"post","link":"https:\/\/www.apfelpatient.de\/en\/news\/meta-ceo-kritisiert-apple-ein-streit-um-innovation-und-daten","title":{"rendered":"Meta-CEO criticizes Apple: A dispute over innovation and data"},"content":{"rendered":"<p class=\"has-drop-cap\"><strong>The tech world is characterized by constant innovation, competition and occasional tensions between the big players. One of the most well-known rivalries is between Meta, formerly Facebook, and Apple. Recently, Meta CEO Mark Zuckerberg made headlines when he claimed in an interview with Joe Rogan that Apple had hardly produced any innovations since the launch of the iPhone. But how justified is this criticism? And what deeper conflicts between the two companies are revealed by Zuckerberg&#039;s statements?<\/strong><\/p>\n\n\n\n<p>Mark Zuckerberg and Apple have been in a rivalry for years that revolves around two main issues: innovation and data protection. In recent years, Apple has taken measures to improve the protection of user data, which makes Meta&#039;s business model significantly more difficult. Meta, on the other hand, relies on the monetization of user data and tries to continue to dominate its platforms such as Facebook, Instagram and WhatsApp. Zuckerberg&#039;s recent statements are not only an expression of his opinion of Apple&#039;s innovative power but also a reflection of the ongoing tensions between the two companies. The interview with Joe Rogan gave him a platform to express both his criticism and his views on the tech industry - and provided plenty of material for discussion.<\/p>\n\n\n\n<h4 class=\"wp-block-heading\" id=\"h-zuckerbergs-kritik-an-apples-innovationskraft\">Zuckerberg&#039;s criticism of Apple&#039;s innovative power<\/h4>\n\n\n\n<p>Mark Zuckerberg criticized <a href=\"https:\/\/www.youtube.com\/watch?v=7k1ehaE0bdU&amp;t=8423s\" target=\"_blank\" rel=\"noreferrer noopener\">in conversation<\/a> with Joe Rogan, he said that Apple has not made any groundbreaking innovations since the launch of the iPhone in 2007. The iPhone is a great product, he admitted, but he felt that Apple was resting on its laurels. At the same time, he tried to portray Meta as the more innovative company that was breaking new ground - a claim that must be viewed critically.<\/p>\n\n\n\n<h4 class=\"wp-block-heading\" id=\"h-streitpunkt-die-apple-tax\">Point of contention: The &quot;Apple Tax&quot;<\/h4>\n\n\n\n<p>The so-called &quot;Apple Tax&quot; plays a central role in the criticism. Apple charges developers in the App Store a commission of up to 30 percent for sales generated via the platform. Zuckerberg sees this as a hindrance for companies like Meta that rely on app-based services. He argued that Meta could double its profits without these fees. This point has been a point of contention between the two companies for years and Meta has tried to circumvent these regulations in the past, for example by using external links for payments outside the App Store.<\/p>\n\n\n\n<h4 class=\"wp-block-heading\" id=\"h-vergleich-vision-pro-und-meta-quest\">Comparison: Vision Pro and Meta Quest<\/h4>\n\n\n\n<p>Another aspect of Zuckerberg&#039;s criticism revolved around hardware innovations, comparing Apple&#039;s Vision Pro, a high-end headset, to Meta&#039;s own products such as the Quest series. Zuckerberg called the Vision Pro overpriced and less suitable for interactions and gaming, but praised its high-resolution screen for movies. However, he ignored the fact that Apple&#039;s Vision Pro is aimed at productivity and work applications - an area where Meta&#039;s headsets are less competitive.<\/p>\n\n\n\n<figure class=\"wp-block-image size-large\"><img decoding=\"async\" width=\"1024\" height=\"732\" src=\"https:\/\/www.apfelpatient.de\/wp-content\/uploads\/2023\/06\/Apple-WWDC23-Tim-Cook-with-Apple-Vision-Pro-1024x732.jpg\" alt=\"Apple Vision Pro\" class=\"wp-image-39051\" srcset=\"https:\/\/www.apfelpatient.de\/wp-content\/uploads\/2023\/06\/Apple-WWDC23-Tim-Cook-with-Apple-Vision-Pro-1024x732.jpg 1024w, https:\/\/www.apfelpatient.de\/wp-content\/uploads\/2023\/06\/Apple-WWDC23-Tim-Cook-with-Apple-Vision-Pro-300x214.jpg 300w, https:\/\/www.apfelpatient.de\/wp-content\/uploads\/2023\/06\/Apple-WWDC23-Tim-Cook-with-Apple-Vision-Pro-768x549.jpg 768w, https:\/\/www.apfelpatient.de\/wp-content\/uploads\/2023\/06\/Apple-WWDC23-Tim-Cook-with-Apple-Vision-Pro-1536x1097.jpg 1536w, https:\/\/www.apfelpatient.de\/wp-content\/uploads\/2023\/06\/Apple-WWDC23-Tim-Cook-with-Apple-Vision-Pro-120x86.jpg 120w, https:\/\/www.apfelpatient.de\/wp-content\/uploads\/2023\/06\/Apple-WWDC23-Tim-Cook-with-Apple-Vision-Pro-350x250.jpg 350w, https:\/\/www.apfelpatient.de\/wp-content\/uploads\/2023\/06\/Apple-WWDC23-Tim-Cook-with-Apple-Vision-Pro-750x536.jpg 750w, https:\/\/www.apfelpatient.de\/wp-content\/uploads\/2023\/06\/Apple-WWDC23-Tim-Cook-with-Apple-Vision-Pro-1140x814.jpg 1140w, https:\/\/www.apfelpatient.de\/wp-content\/uploads\/2023\/06\/Apple-WWDC23-Tim-Cook-with-Apple-Vision-Pro.jpg 1600w\" sizes=\"(max-width: 1024px) 100vw, 1024px\" \/><figcaption class=\"wp-element-caption\">Image: Apple<\/figcaption><\/figure>\n\n\n\n<h4 class=\"wp-block-heading\" id=\"h-datenschutz-als-zentraler-konflikt\">Data protection as a central conflict<\/h4>\n\n\n\n<p>A particularly sensitive point between Meta and Apple is data protection. In recent years, Apple has introduced measures that give users more control over their data. These include, for example, the ability to block tracking by apps and new data protection guidelines in iOS updates. For Meta, whose business model is based on the use and monetization of user data, these changes are a massive obstacle. Zuckerberg sees this as a targeted measure to hinder Meta&#039;s business, while Apple presents it as progress in the interests of users.<\/p>\n\n\n\n<h4 class=\"wp-block-heading\" id=\"h-widerspruche-in-zuckerbergs-kritik\">Contradictions in Zuckerberg&#039;s criticism<\/h4>\n\n\n\n<p>While Zuckerberg accuses Apple of a lack of innovation, Meta itself is often criticized for copying successful ideas from other platforms. Examples include Instagram Stories, a clear adaptation of Snapchat, and Instagram Reels, which integrate TikTok-like features. Threads, Meta&#039;s answer to Twitter (now X), also shows that the company often jumps on existing trends instead of setting new standards itself.<\/p>\n\n\n\n<h4 class=\"wp-block-heading\" id=\"h-politische-dimensionen-des-konflikts\">Political Dimensions of the Conflict<\/h4>\n\n\n\n<p>The interview with Joe Rogan also revealed a political dimension to Meta&#039;s recent decisions. Zuckerberg explained that Meta has abandoned its fact-checking and now allows hate speech on its platforms in order to give more space to free expression. These decisions have been met with fierce criticism as they are interpreted as a concession to conservative circles and in particular to former US President Donald Trump. Apple has also made political decisions in the past, but with less controversial measures.<\/p>\n\n\n\n<h3 class=\"wp-block-heading\" id=\"h-datenschutz-versus-datenmonetarisierung-die-zentrale-kluft-zwischen-meta-und-apple\">Data privacy versus data monetization: The central divide between Meta and Apple<\/h3>\n\n\n\n<p>The tensions between Meta and Apple are an expression of fundamentally different business models and corporate values. While Apple relies on data protection and exclusive technologies, Meta pursues a strategy based on maximum user loyalty and data monetization. Mark Zuckerberg&#039;s criticism of Apple may be justified in some respects, but it also distracts from Meta&#039;s own problems - in particular the accusations of a lack of innovation and the deliberate copying of successful ideas from other companies. The rivalry between the two companies will probably continue to shape the tech world in the future. For users, the question remains which business model they prefer in the long term: a more protected and controlled ecosystem like Apple&#039;s or an open, data-driven platform like Meta&#039;s. The conflict clearly shows that the future of technology depends not only on innovation but also on ethical and strategic decisions. (Photo by Mehaniq \/ Bigstockphoto)<\/p>\n\n\n\n<ul class=\"wp-block-list\">\n<li><a href=\"https:\/\/www.apfelpatient.de\/en\/news\/apples-annual-general-meeting-tim-cook-dei-more-in-focus\">Apple&#039;s Annual General Meeting: Tim Cook, DEI &amp; more in focus<\/a><\/li>\n\n\n\n<li><a href=\"https:\/\/www.apfelpatient.de\/en\/news\/siri-and-data-protection-how-apple-protects-your-privacy\">Siri and data protection: How Apple protects your privacy<\/a><\/li>\n<\/ul>\n\n\n\n<h6 class=\"wp-block-heading translation-block\" id=\"h-kennt-ihr-schon-unsere-amazon-storefront-dort-findet-ihr-eine-handverlesene-auswahl-von-diversen-produkten-f-r-euer-iphone-und-co-viel-spa-beim-st-bern\"><em>Have you already visited our Amazon Storefront? There you&#039;ll find a hand-picked selection of various products for your iPhone and other devices \u2013 <span class=\"has-inline-color has-vivid-red-color\"><a href=\"https:\/\/www.amazon.de\/shop\/apfelpatientofficial\" class=\"ek-link\" data-wpel-link=\"exclude\" rel=\"follow noopener\" target=\"_self\"><span style=\"text-decoration: underline\" class=\"ek-underline\">enjoy browsing<\/span><\/a> !<\/span><\/em><\/h6>\n\n\n\n<h6 class=\"wp-block-heading translation-block\" id=\"h-der-beitrag-enthalt-partnerlinks\">This post contains <a data-type=\"URL\" data-id=\"https:\/\/www.apfelpatient.de\/partnerprogramm\" href=\"https:\/\/www.apfelpatient.de\/en\/partner-program\" data-wpel-link=\"internal\" target=\"_self\">affiliate links<\/a>.<\/h6>","protected":false},"excerpt":{"rendered":"<p>Data protection or data monetization? The conflict between Meta and Apple shows two opposing paths in the technology industry.<\/p>","protected":false},"author":2,"featured_media":48996,"comment_status":"closed","ping_status":"closed","sticky":false,"template":"","format":"standard","meta":{"jnews-multi-image_gallery":[],"jnews_single_post":{"format":"standard","override":[{"template":"2","parallax":"1","fullscreen":"1","layout":"right-sidebar","sidebar":"default-sidebar","second_sidebar":"default-sidebar","sticky_sidebar":"1","share_position":"top","share_float_style":"share-monocrhome","show_featured":"1","show_post_meta":"1","show_post_author":"1","show_post_author_image":"1","show_post_date":"1","post_date_format":"default","post_date_format_custom":"Y\/m\/d","show_post_category":"1","show_post_reading_time":"0","post_reading_time_wpm":"300","post_calculate_word_method":"str_word_count","show_zoom_button":"0","zoom_button_out_step":"2","zoom_button_in_step":"3","show_post_tag":"1","show_prev_next_post":"1","show_popup_post":"1","number_popup_post":"1","show_author_box":"0","show_post_related":"0","show_inline_post_related":"0"}],"image_override":[{"single_post_thumbnail_size":"crop-500","single_post_gallery_size":"crop-500"}],"trending_post_position":"meta","trending_post_label":"Trending","sponsored_post_label":"Sponsored by","disable_ad":"0"},"jnews_primary_category":{"id":"9"},"footnotes":""},"categories":[9],"tags":[905,13],"class_list":["post-48997","post","type-post","status-publish","format-standard","has-post-thumbnail","hentry","category-news","tag-meta","tag-techpatient"],"yoast_head":"<!-- This site is optimized with the Yoast SEO Premium plugin v27.5 (Yoast SEO v27.5) - https:\/\/yoast.com\/product\/yoast-seo-premium-wordpress\/ -->\n<title>Meta-CEO kritisiert Apple: Ein Streit um Innovation und Daten Apfelpatient<\/title>\n<meta name=\"description\" content=\"Datenschutz oder Datenmonetarisierung? Der Konflikt zwischen Meta und Apple zeigt zwei gegens\u00e4tzliche Wege in der Technologiebranche auf.\" \/>\n<meta name=\"robots\" content=\"index, follow, max-snippet:-1, max-image-preview:large, max-video-preview:-1\" \/>\n<link rel=\"canonical\" href=\"https:\/\/www.apfelpatient.de\/en\/news\/meta-ceo-criticizes-apple-a-dispute-over-innovation-and-data\" \/>\n<meta property=\"og:locale\" content=\"en_US\" \/>\n<meta property=\"og:type\" content=\"article\" \/>\n<meta property=\"og:title\" content=\"Meta-CEO kritisiert Apple: Ein Streit um Innovation und Daten\" \/>\n<meta property=\"og:description\" content=\"Datenschutz oder Datenmonetarisierung? Der Konflikt zwischen Meta und Apple zeigt zwei gegens\u00e4tzliche Wege in der Technologiebranche auf.\" \/>\n<meta property=\"og:url\" content=\"https:\/\/www.apfelpatient.de\/en\/news\/meta-ceo-criticizes-apple-a-dispute-over-innovation-and-data\" \/>\n<meta property=\"og:site_name\" content=\"Apfelpatient\" \/>\n<meta property=\"article:publisher\" content=\"https:\/\/www.facebook.com\/apfelpatientOfficial\" \/>\n<meta property=\"article:author\" content=\"https:\/\/www.facebook.com\/apfelpatientOfficial\" \/>\n<meta property=\"article:published_time\" content=\"2025-01-11T16:55:35+00:00\" \/>\n<meta property=\"article:modified_time\" content=\"2025-01-11T16:56:13+00:00\" \/>\n<meta property=\"og:image\" content=\"https:\/\/www.apfelpatient.de\/wp-content\/uploads\/2025\/01\/bigstock-Kharkov-Ukraine-October-437876924.jpg\" \/>\n\t<meta property=\"og:image:width\" content=\"1600\" \/>\n\t<meta property=\"og:image:height\" content=\"1067\" \/>\n\t<meta property=\"og:image:type\" content=\"image\/jpeg\" \/>\n<meta name=\"author\" content=\"Milan\" \/>\n<meta name=\"twitter:card\" content=\"summary_large_image\" \/>\n<meta name=\"twitter:description\" content=\"Datenschutz oder Datenmonetarisierung? Der Konflikt zwischen Meta und Apple zeigt zwei gegens\u00e4tzliche Wege in der Technologiebranche auf.\" \/>\n<meta name=\"twitter:label1\" content=\"Written by\" \/>\n\t<meta name=\"twitter:data1\" content=\"Milan\" \/>\n\t<meta name=\"twitter:label2\" content=\"Est. reading time\" \/>\n\t<meta name=\"twitter:data2\" content=\"6 minutes\" \/>\n<script type=\"application\/ld+json\" class=\"yoast-schema-graph\">{\"@context\":\"https:\\\/\\\/schema.org\",\"@graph\":[{\"@type\":\"NewsArticle\",\"@id\":\"https:\\\/\\\/www.apfelpatient.de\\\/news\\\/meta-ceo-kritisiert-apple-ein-streit-um-innovation-und-daten#article\",\"isPartOf\":{\"@id\":\"https:\\\/\\\/www.apfelpatient.de\\\/news\\\/meta-ceo-kritisiert-apple-ein-streit-um-innovation-und-daten\"},\"author\":{\"@type\":\"Organization\",\"@id\":\"https:\\\/\\\/www.apfelpatient.de\\\/en\\\/#organization\",\"name\":\"Apfelpatient\",\"url\":\"https:\\\/\\\/www.apfelpatient.de\\\/en\\\/\"},\"headline\":\"Meta-CEO kritisiert Apple: Ein Streit um Innovation und Daten\",\"datePublished\":\"2025-01-11T16:55:35+00:00\",\"dateModified\":\"2025-01-11T16:56:13+00:00\",\"mainEntityOfPage\":{\"@id\":\"https:\\\/\\\/www.apfelpatient.de\\\/news\\\/meta-ceo-kritisiert-apple-ein-streit-um-innovation-und-daten\"},\"wordCount\":886,\"publisher\":{\"@type\":\"Organization\",\"@id\":\"https:\\\/\\\/www.apfelpatient.de\\\/en\\\/#organization\",\"name\":\"Apfelpatient\",\"url\":\"https:\\\/\\\/www.apfelpatient.de\\\/en\\\/\"},\"image\":{\"@id\":\"https:\\\/\\\/www.apfelpatient.de\\\/news\\\/meta-ceo-kritisiert-apple-ein-streit-um-innovation-und-daten#primaryimage\"},\"thumbnailUrl\":\"https:\\\/\\\/www.apfelpatient.de\\\/wp-content\\\/uploads\\\/2025\\\/01\\\/bigstock-Kharkov-Ukraine-October-437876924.jpg\",\"keywords\":[\"Meta\",\"TechPatient\"],\"articleSection\":\"News\",\"inLanguage\":\"en-US\",\"copyrightYear\":\"2025\",\"copyrightHolder\":{\"@id\":\"https:\\\/\\\/www.apfelpatient.de\\\/en\\\/#organization\"}},{\"@type\":\"WebPage\",\"@id\":\"https:\\\/\\\/www.apfelpatient.de\\\/news\\\/meta-ceo-kritisiert-apple-ein-streit-um-innovation-und-daten\",\"url\":\"https:\\\/\\\/www.apfelpatient.de\\\/news\\\/meta-ceo-kritisiert-apple-ein-streit-um-innovation-und-daten\",\"name\":\"Meta-CEO kritisiert Apple: Ein Streit um Innovation und Daten Apfelpatient\",\"isPartOf\":{\"@id\":\"https:\\\/\\\/www.apfelpatient.de\\\/#website\"},\"primaryImageOfPage\":{\"@id\":\"https:\\\/\\\/www.apfelpatient.de\\\/news\\\/meta-ceo-kritisiert-apple-ein-streit-um-innovation-und-daten#primaryimage\"},\"image\":{\"@id\":\"https:\\\/\\\/www.apfelpatient.de\\\/news\\\/meta-ceo-kritisiert-apple-ein-streit-um-innovation-und-daten#primaryimage\"},\"thumbnailUrl\":\"https:\\\/\\\/www.apfelpatient.de\\\/wp-content\\\/uploads\\\/2025\\\/01\\\/bigstock-Kharkov-Ukraine-October-437876924.jpg\",\"datePublished\":\"2025-01-11T16:55:35+00:00\",\"dateModified\":\"2025-01-11T16:56:13+00:00\",\"description\":\"Datenschutz oder Datenmonetarisierung? Der Konflikt zwischen Meta und Apple zeigt zwei gegens\u00e4tzliche Wege in der Technologiebranche auf.\",\"breadcrumb\":{\"@id\":\"https:\\\/\\\/www.apfelpatient.de\\\/news\\\/meta-ceo-kritisiert-apple-ein-streit-um-innovation-und-daten#breadcrumb\"},\"inLanguage\":\"en-US\",\"potentialAction\":[{\"@type\":\"ReadAction\",\"target\":[\"https:\\\/\\\/www.apfelpatient.de\\\/news\\\/meta-ceo-kritisiert-apple-ein-streit-um-innovation-und-daten\"]}]},{\"@type\":\"ImageObject\",\"inLanguage\":\"en-US\",\"@id\":\"https:\\\/\\\/www.apfelpatient.de\\\/news\\\/meta-ceo-kritisiert-apple-ein-streit-um-innovation-und-daten#primaryimage\",\"url\":\"https:\\\/\\\/www.apfelpatient.de\\\/wp-content\\\/uploads\\\/2025\\\/01\\\/bigstock-Kharkov-Ukraine-October-437876924.jpg\",\"contentUrl\":\"https:\\\/\\\/www.apfelpatient.de\\\/wp-content\\\/uploads\\\/2025\\\/01\\\/bigstock-Kharkov-Ukraine-October-437876924.jpg\",\"width\":1600,\"height\":1067,\"caption\":\"Photo by Mehaniq \\\/ Bigstockphoto\"},{\"@type\":\"BreadcrumbList\",\"@id\":\"https:\\\/\\\/www.apfelpatient.de\\\/news\\\/meta-ceo-kritisiert-apple-ein-streit-um-innovation-und-daten#breadcrumb\",\"itemListElement\":[{\"@type\":\"ListItem\",\"position\":1,\"name\":\"Startseite\",\"item\":\"https:\\\/\\\/www.apfelpatient.de\\\/\"},{\"@type\":\"ListItem\",\"position\":2,\"name\":\"Meta-CEO kritisiert Apple: Ein Streit um Innovation und Daten\"}]},{\"@type\":\"WebSite\",\"@id\":\"https:\\\/\\\/www.apfelpatient.de\\\/#website\",\"url\":\"https:\\\/\\\/www.apfelpatient.de\\\/\",\"name\":\"Apfelpatient\",\"description\":\"Alles rund um Apple!\",\"publisher\":{\"@type\":\"Organization\",\"@id\":\"https:\\\/\\\/www.apfelpatient.de\\\/en\\\/#organization\",\"name\":\"Apfelpatient\",\"url\":\"https:\\\/\\\/www.apfelpatient.de\\\/en\\\/\"},\"alternateName\":\"Apfelpatient\",\"potentialAction\":[{\"@type\":\"SearchAction\",\"target\":{\"@type\":\"EntryPoint\",\"urlTemplate\":\"https:\\\/\\\/www.apfelpatient.de\\\/?s={search_term_string}\"},\"query-input\":{\"@type\":\"PropertyValueSpecification\",\"valueRequired\":true,\"valueName\":\"search_term_string\"}}],\"inLanguage\":\"en-US\"},{\"@type\":[\"Person\",\"Organization\"],\"@id\":\"https:\\\/\\\/www.apfelpatient.de\\\/#\\\/schema\\\/person\\\/7dc56ad6c8e9824b76d2c08d4c140e13\",\"name\":\"Milan\",\"logo\":{\"@id\":\"https:\\\/\\\/www.apfelpatient.de\\\/#\\\/schema\\\/person\\\/image\\\/\"},\"description\":\"Hallo und herzlich willkommen auf meinem Technik-Blog! Als gro\u00dfer Apple-Fan berichte ich hier \u00fcber alles, was mit Apple zu tun hat: von den neuesten News und spannenden Ger\u00fcchten \u00fcber hilfreiche Tipps und Tricks bis hin zu ausf\u00fchrlichen Produkttests. Wenn du genauso technikbegeistert bist wie ich, bist du hier genau richtig!\",\"sameAs\":[\"https:\\\/\\\/www.facebook.com\\\/apfelpatientOfficial\",\"https:\\\/\\\/www.linkedin.com\\\/in\\\/milan-jovicic-42aa0231b\"],\"url\":\"https:\\\/\\\/www.apfelpatient.de\\\/en\\\/author\\\/apfeladmin\"}]}<\/script>\n<!-- \/ Yoast SEO Premium plugin. -->","yoast_head_json":{"title":"Meta-CEO criticizes Apple: A dispute over innovation and data Apfelpatient","description":"Data protection or data monetization? The conflict between Meta and Apple shows two opposing paths in the technology industry.","robots":{"index":"index","follow":"follow","max-snippet":"max-snippet:-1","max-image-preview":"max-image-preview:large","max-video-preview":"max-video-preview:-1"},"canonical":"https:\/\/www.apfelpatient.de\/en\/news\/meta-ceo-criticizes-apple-a-dispute-over-innovation-and-data","og_locale":"en_US","og_type":"article","og_title":"Meta-CEO kritisiert Apple: Ein Streit um Innovation und Daten","og_description":"Datenschutz oder Datenmonetarisierung? Der Konflikt zwischen Meta und Apple zeigt zwei gegens\u00e4tzliche Wege in der Technologiebranche auf.","og_url":"https:\/\/www.apfelpatient.de\/en\/news\/meta-ceo-criticizes-apple-a-dispute-over-innovation-and-data","og_site_name":"Apfelpatient","article_publisher":"https:\/\/www.facebook.com\/apfelpatientOfficial","article_author":"https:\/\/www.facebook.com\/apfelpatientOfficial","article_published_time":"2025-01-11T16:55:35+00:00","article_modified_time":"2025-01-11T16:56:13+00:00","og_image":[{"width":1600,"height":1067,"url":"https:\/\/www.apfelpatient.de\/wp-content\/uploads\/2025\/01\/bigstock-Kharkov-Ukraine-October-437876924.jpg","type":"image\/jpeg"}],"author":"Milan","twitter_card":"summary_large_image","twitter_description":"Datenschutz oder Datenmonetarisierung? Der Konflikt zwischen Meta und Apple zeigt zwei gegens\u00e4tzliche Wege in der Technologiebranche auf.","twitter_misc":{"Written by":"Milan","Est. reading time":"6 minutes"},"schema":{"@context":"https:\/\/schema.org","@graph":[{"@type":"NewsArticle","@id":"https:\/\/www.apfelpatient.de\/news\/meta-ceo-kritisiert-apple-ein-streit-um-innovation-und-daten#article","isPartOf":{"@id":"https:\/\/www.apfelpatient.de\/news\/meta-ceo-kritisiert-apple-ein-streit-um-innovation-und-daten"},"author":{"@type":"Organization","@id":"https:\/\/www.apfelpatient.de\/en\/#organization","name":"Apfelpatient","url":"https:\/\/www.apfelpatient.de\/en\/"},"headline":"Meta-CEO kritisiert Apple: Ein Streit um Innovation und Daten","datePublished":"2025-01-11T16:55:35+00:00","dateModified":"2025-01-11T16:56:13+00:00","mainEntityOfPage":{"@id":"https:\/\/www.apfelpatient.de\/news\/meta-ceo-kritisiert-apple-ein-streit-um-innovation-und-daten"},"wordCount":886,"publisher":{"@type":"Organization","@id":"https:\/\/www.apfelpatient.de\/en\/#organization","name":"Apfelpatient","url":"https:\/\/www.apfelpatient.de\/en\/"},"image":{"@id":"https:\/\/www.apfelpatient.de\/news\/meta-ceo-kritisiert-apple-ein-streit-um-innovation-und-daten#primaryimage"},"thumbnailUrl":"https:\/\/www.apfelpatient.de\/wp-content\/uploads\/2025\/01\/bigstock-Kharkov-Ukraine-October-437876924.jpg","keywords":["Meta","TechPatient"],"articleSection":"News","inLanguage":"en-US","copyrightYear":"2025","copyrightHolder":{"@id":"https:\/\/www.apfelpatient.de\/en\/#organization"}},{"@type":"WebPage","@id":"https:\/\/www.apfelpatient.de\/news\/meta-ceo-kritisiert-apple-ein-streit-um-innovation-und-daten","url":"https:\/\/www.apfelpatient.de\/news\/meta-ceo-kritisiert-apple-ein-streit-um-innovation-und-daten","name":"Meta-CEO criticizes Apple: A dispute over innovation and data Apfelpatient","isPartOf":{"@id":"https:\/\/www.apfelpatient.de\/#website"},"primaryImageOfPage":{"@id":"https:\/\/www.apfelpatient.de\/news\/meta-ceo-kritisiert-apple-ein-streit-um-innovation-und-daten#primaryimage"},"image":{"@id":"https:\/\/www.apfelpatient.de\/news\/meta-ceo-kritisiert-apple-ein-streit-um-innovation-und-daten#primaryimage"},"thumbnailUrl":"https:\/\/www.apfelpatient.de\/wp-content\/uploads\/2025\/01\/bigstock-Kharkov-Ukraine-October-437876924.jpg","datePublished":"2025-01-11T16:55:35+00:00","dateModified":"2025-01-11T16:56:13+00:00","description":"Data protection or data monetization? The conflict between Meta and Apple shows two opposing paths in the technology industry.","breadcrumb":{"@id":"https:\/\/www.apfelpatient.de\/news\/meta-ceo-kritisiert-apple-ein-streit-um-innovation-und-daten#breadcrumb"},"inLanguage":"en-US","potentialAction":[{"@type":"ReadAction","target":["https:\/\/www.apfelpatient.de\/news\/meta-ceo-kritisiert-apple-ein-streit-um-innovation-und-daten"]}]},{"@type":"ImageObject","inLanguage":"en-US","@id":"https:\/\/www.apfelpatient.de\/news\/meta-ceo-kritisiert-apple-ein-streit-um-innovation-und-daten#primaryimage","url":"https:\/\/www.apfelpatient.de\/wp-content\/uploads\/2025\/01\/bigstock-Kharkov-Ukraine-October-437876924.jpg","contentUrl":"https:\/\/www.apfelpatient.de\/wp-content\/uploads\/2025\/01\/bigstock-Kharkov-Ukraine-October-437876924.jpg","width":1600,"height":1067,"caption":"Photo by Mehaniq \/ Bigstockphoto"},{"@type":"BreadcrumbList","@id":"https:\/\/www.apfelpatient.de\/news\/meta-ceo-kritisiert-apple-ein-streit-um-innovation-und-daten#breadcrumb","itemListElement":[{"@type":"ListItem","position":1,"name":"Startseite","item":"https:\/\/www.apfelpatient.de\/"},{"@type":"ListItem","position":2,"name":"Meta-CEO kritisiert Apple: Ein Streit um Innovation und Daten"}]},{"@type":"WebSite","@id":"https:\/\/www.apfelpatient.de\/#website","url":"https:\/\/www.apfelpatient.de\/","name":"apple patient","description":"Everything about Apple!","publisher":{"@type":"Organization","@id":"https:\/\/www.apfelpatient.de\/en\/#organization","name":"Apfelpatient","url":"https:\/\/www.apfelpatient.de\/en\/"},"alternateName":"Apfelpatient","potentialAction":[{"@type":"SearchAction","target":{"@type":"EntryPoint","urlTemplate":"https:\/\/www.apfelpatient.de\/?s={search_term_string}"},"query-input":{"@type":"PropertyValueSpecification","valueRequired":true,"valueName":"search_term_string"}}],"inLanguage":"en-US"},{"@type":["Person","Organization"],"@id":"https:\/\/www.apfelpatient.de\/#\/schema\/person\/7dc56ad6c8e9824b76d2c08d4c140e13","name":"Milan","logo":{"@id":"https:\/\/www.apfelpatient.de\/#\/schema\/person\/image\/"},"description":"Hello and welcome to my technology blog! As a big Apple fan, I report on everything to do with Apple: from the latest news and exciting rumors to helpful tips and tricks and detailed product tests. If you are as enthusiastic about technology as I am, you have come to the right place!","sameAs":["https:\/\/www.facebook.com\/apfelpatientOfficial","https:\/\/www.linkedin.com\/in\/milan-jovicic-42aa0231b"],"url":"https:\/\/www.apfelpatient.de\/en\/author\/apfeladmin"}]}},"_links":{"self":[{"href":"https:\/\/www.apfelpatient.de\/en\/wp-json\/wp\/v2\/posts\/48997","targetHints":{"allow":["GET"]}}],"collection":[{"href":"https:\/\/www.apfelpatient.de\/en\/wp-json\/wp\/v2\/posts"}],"about":[{"href":"https:\/\/www.apfelpatient.de\/en\/wp-json\/wp\/v2\/types\/post"}],"author":[{"embeddable":true,"href":"https:\/\/www.apfelpatient.de\/en\/wp-json\/wp\/v2\/users\/2"}],"replies":[{"embeddable":true,"href":"https:\/\/www.apfelpatient.de\/en\/wp-json\/wp\/v2\/comments?post=48997"}],"version-history":[{"count":0,"href":"https:\/\/www.apfelpatient.de\/en\/wp-json\/wp\/v2\/posts\/48997\/revisions"}],"wp:featuredmedia":[{"embeddable":true,"href":"https:\/\/www.apfelpatient.de\/en\/wp-json\/wp\/v2\/media\/48996"}],"wp:attachment":[{"href":"https:\/\/www.apfelpatient.de\/en\/wp-json\/wp\/v2\/media?parent=48997"}],"wp:term":[{"taxonomy":"category","embeddable":true,"href":"https:\/\/www.apfelpatient.de\/en\/wp-json\/wp\/v2\/categories?post=48997"},{"taxonomy":"post_tag","embeddable":true,"href":"https:\/\/www.apfelpatient.de\/en\/wp-json\/wp\/v2\/tags?post=48997"}],"curies":[{"name":"wp","href":"https:\/\/api.w.org\/{rel}","templated":true}]}}