{"id":48990,"date":"2025-01-10T21:09:18","date_gmt":"2025-01-10T20:09:18","guid":{"rendered":"https:\/\/www.apfelpatient.de\/?p=48990"},"modified":"2025-10-14T16:00:48","modified_gmt":"2025-10-14T14:00:48","slug":"wildfires-in-la-impact-on-apple-tv-productions","status":"publish","type":"post","link":"https:\/\/www.apfelpatient.de\/en\/news\/waldbraende-in-la-auswirkungen-auf-apple-tv-produktionen","title":{"rendered":"LA wildfires: Impact on Apple TV+ productions"},"content":{"rendered":"<p class=\"has-drop-cap\"><strong>The wildfires in Los Angeles are having a devastating impact on the entire region. In addition to destroying homes and disrupting everyday life, the fires are also having an impact on the media landscape. The streaming service Apple TV+ is particularly affected, struggling with production delays and canceled events due to the fires. You can find out exactly how the fires are affecting Apple TV+ and how the company is responding to them here.<\/strong><\/p>\n\n\n\n<p>Apple TV+ is one of the leading streaming services and is known for high-quality in-house productions. But like all companies that rely on productions in the Los Angeles region, Apple TV+ is also feeling the massive impact of the fires. In the middle of an already busy awards season, the fires are leading to unexpected challenges. At the same time, Apple is showing how companies can take responsibility in times of crisis (via <a href=\"https:\/\/appleinsider.com\/articles\/25\/01\/10\/la-fires-affect-apple-tv-with-production-delays-event-cancellations\" target=\"_blank\" rel=\"noreferrer noopener\">AppleInsider<\/a>).<\/p>\n\n\n\n<h3 class=\"wp-block-heading\" id=\"h-produktionsprobleme-durch-die-brande\">production problems caused by the fires<\/h3>\n\n\n\n<p>The wildfires are having a significant impact on the production of series and films planned for Apple TV+. Various factors are leading to delays and difficulties.<\/p>\n\n\n\n<h4 class=\"wp-block-heading\" id=\"h-gefahrdete-drehorte-und-schlechte-luftqualitat\">Vulnerable filming locations and poor air quality<\/h4>\n\n\n\n<p>Although most filming locations are not directly in the areas affected by the fires, the smoke makes filming extremely difficult. A smoky skyline and poor air quality are particularly detrimental to outdoor productions. The health risks for crew and actors make it impossible to work safely in many cases.<\/p>\n\n\n\n<h4 class=\"wp-block-heading\" id=\"h-einschrankungen-bei-drehgenehmigungen\">restrictions on filming permits<\/h4>\n\n\n\n<p>The LA County Fire Department has suspended filming permits in areas such as Altadena, Pasadena and La Crescenta. FilmLA, the filming permit authority, also warns that fewer resources will be available to support film productions during the state of emergency, including transportation services and fire crews that would normally be on site.<\/p>\n\n\n\n<h4 class=\"wp-block-heading\" id=\"h-personalmangel-und-logistische-probleme\">staff shortages and logistical problems<\/h4>\n\n\n\n<p>Many crew members are either affected by the fires themselves or are needed for relief efforts. This leads to staff shortages, which further delays production. Transport problems and power outages caused by the fires are also hindering production.<\/p>\n\n\n\n<h4 class=\"wp-block-heading\" id=\"h-betroffene-produktionen\">Affected productions<\/h4>\n\n\n\n<p>One of the most impacted productions is the Maya Rudolph comedy Loot, which is filming on the NBCUniversal Lower Lot at Universal Studios. But other Los Angeles productions, including NCIS, Grey&#039;s Anatomy, All American and Fallout, have also had to pause filming.<\/p>\n\n\n\n<h4 class=\"wp-block-heading\" id=\"h-auswirkungen-auf-events-und-premieren\">Impact on events and premieres<\/h4>\n\n\n\n<p>Not only ongoing productions but also completed series and films are affected by the fires. In particular, planned premieres and award ceremonies had to be cancelled or postponed.<\/p>\n\n\n\n<h4 class=\"wp-block-heading\" id=\"h-absage-der-premiere-von-severance\">Cancellation of the premiere of Severance<\/h4>\n\n\n\n<p>Apple TV+ had planned a big premiere of the series Severance for January 13th. However, due to the fires, the event was canceled. Instead, Apple announced that it would focus on supporting the fire victims.<\/p>\n\n\n\n<h4 class=\"wp-block-heading\" id=\"h-verschiebungen-in-der-preisverleihungssaison\">Postponements in the awards season<\/h4>\n\n\n\n<p>The fires come at the height of awards season, which has led to a number of postponements. Events affected include the BAFTA Tea Party, the Critics Choice Awards and the AARP Movies for Grownups Awards. Nominations for major awards such as the Writers Guild of America Awards and the Academy Awards have also been postponed.<\/p>\n\n\n\n<h4 class=\"wp-block-heading\" id=\"h-apples-reaktion-auf-die-krise\">Apple&#039;s response to the crisis<\/h4>\n\n\n\n<p>Apple is showing solidarity with those affected during this difficult time. CEO Tim Cook announced donations to support the victims of the fires and to help with reconstruction.<\/p>\n\n\n\n<h4 class=\"wp-block-heading\" id=\"h-unterstutzung-fur-apple-card-nutzer\">Support for Apple Card users<\/h4>\n\n\n\n<p>Additionally, Apple has taken measures for Apple Card users in the affected areas. Customers living in areas designated by FEMA as disaster areas can pause payments without interest charges. Affected customers simply need to contact Apple Card Support to take advantage of this option.<\/p>\n\n\n\n<h3 class=\"wp-block-heading\" id=\"h-apple-tv-zwischen-produktionsstopps-und-hilfe-apple-s-balanceakt\">Apple TV+: Between production stops and help \u2013 Apple&#039;s balancing act<\/h3>\n\n\n\n<p>The forest fires in Los Angeles are posing significant challenges for Apple TV+. Production stops, canceled premieres and postponed events are just some of the consequences. At the same time, Apple is showing how a company can take responsibility in times of crisis - through financial aid and pragmatic support for those affected. It will be a difficult task for Apple TV+ to overcome the production delays and organizational problems. But the company&#039;s reaction shows that it is not only focused on economic success but also wants to be a reliable partner in times of crisis. (Image: Apple)<\/p>\n\n\n\n<ul class=\"wp-block-list\">\n<li><a href=\"https:\/\/www.apfelpatient.de\/en\/generally\/apple-tv-highlights-2025-your-watchlist-for-the-new-year\">Apple TV+ Highlights 2025: Your Watchlist for the New Year<\/a><\/li>\n\n\n\n<li><a href=\"https:\/\/www.apfelpatient.de\/en\/news\/severance-season-2-exclusive-preview-now-available\">Severance Season 2: Exclusive Preview Now Available<\/a><\/li>\n<\/ul>\n\n\n\n<h6 class=\"wp-block-heading translation-block\" id=\"h-kennt-ihr-schon-unsere-amazon-storefront-dort-findet-ihr-eine-handverlesene-auswahl-von-diversen-produkten-f-r-euer-iphone-und-co-viel-spa-beim-st-bern\"><em>Have you already visited our Amazon Storefront? There you&#039;ll find a hand-picked selection of various products for your iPhone and other devices \u2013 <span class=\"has-inline-color has-vivid-red-color\"><a href=\"https:\/\/www.amazon.de\/shop\/apfelpatientofficial\" class=\"ek-link\" data-wpel-link=\"exclude\" rel=\"follow noopener\" target=\"_self\"><span style=\"text-decoration: underline\" class=\"ek-underline\">enjoy browsing<\/span><\/a> !<\/span><\/em><\/h6>\n\n\n\n<h6 class=\"wp-block-heading translation-block\" id=\"h-der-beitrag-enthalt-partnerlinks\">This post contains <a data-type=\"URL\" data-id=\"https:\/\/www.apfelpatient.de\/partnerprogramm\" href=\"https:\/\/www.apfelpatient.de\/en\/partner-program\" data-wpel-link=\"internal\" target=\"_self\">affiliate links<\/a>.<\/h6>","protected":false},"excerpt":{"rendered":"<p>How the Los Angeles wildfires are stopping Apple TV+ productions and preventing events \u2013 all the details on the effects of the crisis.<\/p>","protected":false},"author":2,"featured_media":48989,"comment_status":"closed","ping_status":"closed","sticky":false,"template":"","format":"standard","meta":{"jnews-multi-image_gallery":[],"jnews_single_post":{"format":"standard","override":[{"template":"2","parallax":"1","fullscreen":"1","layout":"right-sidebar","sidebar":"default-sidebar","second_sidebar":"default-sidebar","sticky_sidebar":"1","share_position":"top","share_float_style":"share-monocrhome","show_featured":"1","show_post_meta":"1","show_post_author":"1","show_post_author_image":"1","show_post_date":"1","post_date_format":"default","post_date_format_custom":"Y\/m\/d","show_post_category":"1","show_post_reading_time":"0","post_reading_time_wpm":"300","post_calculate_word_method":"str_word_count","show_zoom_button":"0","zoom_button_out_step":"2","zoom_button_in_step":"3","show_post_tag":"1","show_prev_next_post":"1","show_popup_post":"1","number_popup_post":"1","show_author_box":"0","show_post_related":"0","show_inline_post_related":"0"}],"image_override":[{"single_post_thumbnail_size":"crop-500","single_post_gallery_size":"crop-500"}],"trending_post_position":"meta","trending_post_label":"Trending","sponsored_post_label":"Sponsored by","disable_ad":"0"},"jnews_primary_category":{"id":"9"},"footnotes":""},"categories":[9],"tags":[34,156,248],"class_list":["post-48990","post","type-post","status-publish","format-standard","has-post-thumbnail","hentry","category-news","tag-apple-dienste","tag-apple-tv","tag-apple-tv-plus"],"yoast_head":"<!-- This site is optimized with the Yoast SEO Premium plugin v27.5 (Yoast SEO v27.5) - https:\/\/yoast.com\/product\/yoast-seo-premium-wordpress\/ -->\n<title>Waldbr\u00e4nde in LA: Auswirkungen auf Apple TV+ Produktionen Apfelpatient<\/title>\n<meta name=\"description\" content=\"Wie die Waldbr\u00e4nde in Los Angeles Apple TV+ Produktionen stoppen und Events verhindern \u2013 alle Details zu den Auswirkungen der Krise.\" \/>\n<meta name=\"robots\" content=\"index, follow, max-snippet:-1, max-image-preview:large, max-video-preview:-1\" \/>\n<link rel=\"canonical\" href=\"https:\/\/www.apfelpatient.de\/en\/news\/wildfires-in-la-impact-on-apple-tv-productions\" \/>\n<meta property=\"og:locale\" content=\"en_US\" \/>\n<meta property=\"og:type\" content=\"article\" \/>\n<meta property=\"og:title\" content=\"Waldbr\u00e4nde in LA: Auswirkungen auf Apple TV+ Produktionen\" \/>\n<meta property=\"og:description\" content=\"Wie die Waldbr\u00e4nde in Los Angeles Apple TV+ Produktionen stoppen und Events verhindern \u2013 alle Details zu den Auswirkungen der Krise.\" \/>\n<meta property=\"og:url\" content=\"https:\/\/www.apfelpatient.de\/en\/news\/wildfires-in-la-impact-on-apple-tv-productions\" \/>\n<meta property=\"og:site_name\" content=\"Apfelpatient\" \/>\n<meta property=\"article:publisher\" content=\"https:\/\/www.facebook.com\/apfelpatientOfficial\" \/>\n<meta property=\"article:author\" content=\"https:\/\/www.facebook.com\/apfelpatientOfficial\" \/>\n<meta property=\"article:published_time\" content=\"2025-01-10T20:09:18+00:00\" \/>\n<meta property=\"article:modified_time\" content=\"2025-10-14T14:00:48+00:00\" \/>\n<meta property=\"og:image\" content=\"https:\/\/www.apfelpatient.de\/wp-content\/uploads\/2025\/01\/Apple-introduces-apple-tv-plus-03252019.jpg\" \/>\n\t<meta property=\"og:image:width\" content=\"1632\" \/>\n\t<meta property=\"og:image:height\" content=\"918\" \/>\n\t<meta property=\"og:image:type\" content=\"image\/jpeg\" \/>\n<meta name=\"author\" content=\"Milan\" \/>\n<meta name=\"twitter:card\" content=\"summary_large_image\" \/>\n<meta name=\"twitter:description\" content=\"Wie die Waldbr\u00e4nde in Los Angeles Apple TV+ Produktionen stoppen und Events verhindern \u2013 alle Details zu den Auswirkungen der Krise.\" \/>\n<meta name=\"twitter:label1\" content=\"Written by\" \/>\n\t<meta name=\"twitter:data1\" content=\"Milan\" \/>\n\t<meta name=\"twitter:label2\" content=\"Est. reading time\" \/>\n\t<meta name=\"twitter:data2\" content=\"5 minutes\" \/>\n<script type=\"application\/ld+json\" class=\"yoast-schema-graph\">{\"@context\":\"https:\\\/\\\/schema.org\",\"@graph\":[{\"@type\":\"NewsArticle\",\"@id\":\"https:\\\/\\\/www.apfelpatient.de\\\/news\\\/waldbraende-in-la-auswirkungen-auf-apple-tv-produktionen#article\",\"isPartOf\":{\"@id\":\"https:\\\/\\\/www.apfelpatient.de\\\/news\\\/waldbraende-in-la-auswirkungen-auf-apple-tv-produktionen\"},\"author\":{\"@type\":\"Organization\",\"@id\":\"https:\\\/\\\/www.apfelpatient.de\\\/en\\\/#organization\",\"name\":\"Apfelpatient\",\"url\":\"https:\\\/\\\/www.apfelpatient.de\\\/en\\\/\"},\"headline\":\"Waldbr\u00e4nde in LA: Auswirkungen auf Apple TV+ Produktionen\",\"datePublished\":\"2025-01-10T20:09:18+00:00\",\"dateModified\":\"2025-10-14T14:00:48+00:00\",\"mainEntityOfPage\":{\"@id\":\"https:\\\/\\\/www.apfelpatient.de\\\/news\\\/waldbraende-in-la-auswirkungen-auf-apple-tv-produktionen\"},\"wordCount\":748,\"publisher\":{\"@type\":\"Organization\",\"@id\":\"https:\\\/\\\/www.apfelpatient.de\\\/en\\\/#organization\",\"name\":\"Apfelpatient\",\"url\":\"https:\\\/\\\/www.apfelpatient.de\\\/en\\\/\"},\"image\":{\"@id\":\"https:\\\/\\\/www.apfelpatient.de\\\/news\\\/waldbraende-in-la-auswirkungen-auf-apple-tv-produktionen#primaryimage\"},\"thumbnailUrl\":\"https:\\\/\\\/www.apfelpatient.de\\\/wp-content\\\/uploads\\\/2025\\\/01\\\/Apple-introduces-apple-tv-plus-03252019.jpg\",\"keywords\":[\"Apple Dienste\",\"Apple TV\",\"Apple TV Plus\"],\"articleSection\":\"News\",\"inLanguage\":\"en-US\",\"copyrightYear\":\"2025\",\"copyrightHolder\":{\"@id\":\"https:\\\/\\\/www.apfelpatient.de\\\/en\\\/#organization\"}},{\"@type\":\"WebPage\",\"@id\":\"https:\\\/\\\/www.apfelpatient.de\\\/news\\\/waldbraende-in-la-auswirkungen-auf-apple-tv-produktionen\",\"url\":\"https:\\\/\\\/www.apfelpatient.de\\\/news\\\/waldbraende-in-la-auswirkungen-auf-apple-tv-produktionen\",\"name\":\"Waldbr\u00e4nde in LA: Auswirkungen auf Apple TV+ Produktionen Apfelpatient\",\"isPartOf\":{\"@id\":\"https:\\\/\\\/www.apfelpatient.de\\\/#website\"},\"primaryImageOfPage\":{\"@id\":\"https:\\\/\\\/www.apfelpatient.de\\\/news\\\/waldbraende-in-la-auswirkungen-auf-apple-tv-produktionen#primaryimage\"},\"image\":{\"@id\":\"https:\\\/\\\/www.apfelpatient.de\\\/news\\\/waldbraende-in-la-auswirkungen-auf-apple-tv-produktionen#primaryimage\"},\"thumbnailUrl\":\"https:\\\/\\\/www.apfelpatient.de\\\/wp-content\\\/uploads\\\/2025\\\/01\\\/Apple-introduces-apple-tv-plus-03252019.jpg\",\"datePublished\":\"2025-01-10T20:09:18+00:00\",\"dateModified\":\"2025-10-14T14:00:48+00:00\",\"description\":\"Wie die Waldbr\u00e4nde in Los Angeles Apple TV+ Produktionen stoppen und Events verhindern \u2013 alle Details zu den Auswirkungen der Krise.\",\"breadcrumb\":{\"@id\":\"https:\\\/\\\/www.apfelpatient.de\\\/news\\\/waldbraende-in-la-auswirkungen-auf-apple-tv-produktionen#breadcrumb\"},\"inLanguage\":\"en-US\",\"potentialAction\":[{\"@type\":\"ReadAction\",\"target\":[\"https:\\\/\\\/www.apfelpatient.de\\\/news\\\/waldbraende-in-la-auswirkungen-auf-apple-tv-produktionen\"]}]},{\"@type\":\"ImageObject\",\"inLanguage\":\"en-US\",\"@id\":\"https:\\\/\\\/www.apfelpatient.de\\\/news\\\/waldbraende-in-la-auswirkungen-auf-apple-tv-produktionen#primaryimage\",\"url\":\"https:\\\/\\\/www.apfelpatient.de\\\/wp-content\\\/uploads\\\/2025\\\/01\\\/Apple-introduces-apple-tv-plus-03252019.jpg\",\"contentUrl\":\"https:\\\/\\\/www.apfelpatient.de\\\/wp-content\\\/uploads\\\/2025\\\/01\\\/Apple-introduces-apple-tv-plus-03252019.jpg\",\"width\":1632,\"height\":918,\"caption\":\"Bild: Apple\"},{\"@type\":\"BreadcrumbList\",\"@id\":\"https:\\\/\\\/www.apfelpatient.de\\\/news\\\/waldbraende-in-la-auswirkungen-auf-apple-tv-produktionen#breadcrumb\",\"itemListElement\":[{\"@type\":\"ListItem\",\"position\":1,\"name\":\"Startseite\",\"item\":\"https:\\\/\\\/www.apfelpatient.de\\\/\"},{\"@type\":\"ListItem\",\"position\":2,\"name\":\"Waldbr\u00e4nde in LA: Auswirkungen auf Apple TV+ Produktionen\"}]},{\"@type\":\"WebSite\",\"@id\":\"https:\\\/\\\/www.apfelpatient.de\\\/#website\",\"url\":\"https:\\\/\\\/www.apfelpatient.de\\\/\",\"name\":\"Apfelpatient\",\"description\":\"Alles rund um Apple!\",\"publisher\":{\"@type\":\"Organization\",\"@id\":\"https:\\\/\\\/www.apfelpatient.de\\\/en\\\/#organization\",\"name\":\"Apfelpatient\",\"url\":\"https:\\\/\\\/www.apfelpatient.de\\\/en\\\/\"},\"alternateName\":\"Apfelpatient\",\"potentialAction\":[{\"@type\":\"SearchAction\",\"target\":{\"@type\":\"EntryPoint\",\"urlTemplate\":\"https:\\\/\\\/www.apfelpatient.de\\\/?s={search_term_string}\"},\"query-input\":{\"@type\":\"PropertyValueSpecification\",\"valueRequired\":true,\"valueName\":\"search_term_string\"}}],\"inLanguage\":\"en-US\"},{\"@type\":[\"Person\",\"Organization\"],\"@id\":\"https:\\\/\\\/www.apfelpatient.de\\\/#\\\/schema\\\/person\\\/7dc56ad6c8e9824b76d2c08d4c140e13\",\"name\":\"Milan\",\"logo\":{\"@id\":\"https:\\\/\\\/www.apfelpatient.de\\\/#\\\/schema\\\/person\\\/image\\\/\"},\"description\":\"Hallo und herzlich willkommen auf meinem Technik-Blog! Als gro\u00dfer Apple-Fan berichte ich hier \u00fcber alles, was mit Apple zu tun hat: von den neuesten News und spannenden Ger\u00fcchten \u00fcber hilfreiche Tipps und Tricks bis hin zu ausf\u00fchrlichen Produkttests. Wenn du genauso technikbegeistert bist wie ich, bist du hier genau richtig!\",\"sameAs\":[\"https:\\\/\\\/www.facebook.com\\\/apfelpatientOfficial\",\"https:\\\/\\\/www.linkedin.com\\\/in\\\/milan-jovicic-42aa0231b\"],\"url\":\"https:\\\/\\\/www.apfelpatient.de\\\/en\\\/author\\\/apfeladmin\"}]}<\/script>\n<!-- \/ Yoast SEO Premium plugin. -->","yoast_head_json":{"title":"LA wildfires: Impact on Apple TV+ productions Apfelpatient","description":"How the Los Angeles wildfires are stopping Apple TV+ productions and preventing events \u2013 all the details on the effects of the crisis.","robots":{"index":"index","follow":"follow","max-snippet":"max-snippet:-1","max-image-preview":"max-image-preview:large","max-video-preview":"max-video-preview:-1"},"canonical":"https:\/\/www.apfelpatient.de\/en\/news\/wildfires-in-la-impact-on-apple-tv-productions","og_locale":"en_US","og_type":"article","og_title":"Waldbr\u00e4nde in LA: Auswirkungen auf Apple TV+ Produktionen","og_description":"Wie die Waldbr\u00e4nde in Los Angeles Apple TV+ Produktionen stoppen und Events verhindern \u2013 alle Details zu den Auswirkungen der Krise.","og_url":"https:\/\/www.apfelpatient.de\/en\/news\/wildfires-in-la-impact-on-apple-tv-productions","og_site_name":"Apfelpatient","article_publisher":"https:\/\/www.facebook.com\/apfelpatientOfficial","article_author":"https:\/\/www.facebook.com\/apfelpatientOfficial","article_published_time":"2025-01-10T20:09:18+00:00","article_modified_time":"2025-10-14T14:00:48+00:00","og_image":[{"width":1632,"height":918,"url":"https:\/\/www.apfelpatient.de\/wp-content\/uploads\/2025\/01\/Apple-introduces-apple-tv-plus-03252019.jpg","type":"image\/jpeg"}],"author":"Milan","twitter_card":"summary_large_image","twitter_description":"Wie die Waldbr\u00e4nde in Los Angeles Apple TV+ Produktionen stoppen und Events verhindern \u2013 alle Details zu den Auswirkungen der Krise.","twitter_misc":{"Written by":"Milan","Est. reading time":"5 minutes"},"schema":{"@context":"https:\/\/schema.org","@graph":[{"@type":"NewsArticle","@id":"https:\/\/www.apfelpatient.de\/news\/waldbraende-in-la-auswirkungen-auf-apple-tv-produktionen#article","isPartOf":{"@id":"https:\/\/www.apfelpatient.de\/news\/waldbraende-in-la-auswirkungen-auf-apple-tv-produktionen"},"author":{"@type":"Organization","@id":"https:\/\/www.apfelpatient.de\/en\/#organization","name":"Apfelpatient","url":"https:\/\/www.apfelpatient.de\/en\/"},"headline":"Waldbr\u00e4nde in LA: Auswirkungen auf Apple TV+ Produktionen","datePublished":"2025-01-10T20:09:18+00:00","dateModified":"2025-10-14T14:00:48+00:00","mainEntityOfPage":{"@id":"https:\/\/www.apfelpatient.de\/news\/waldbraende-in-la-auswirkungen-auf-apple-tv-produktionen"},"wordCount":748,"publisher":{"@type":"Organization","@id":"https:\/\/www.apfelpatient.de\/en\/#organization","name":"Apfelpatient","url":"https:\/\/www.apfelpatient.de\/en\/"},"image":{"@id":"https:\/\/www.apfelpatient.de\/news\/waldbraende-in-la-auswirkungen-auf-apple-tv-produktionen#primaryimage"},"thumbnailUrl":"https:\/\/www.apfelpatient.de\/wp-content\/uploads\/2025\/01\/Apple-introduces-apple-tv-plus-03252019.jpg","keywords":["Apple Dienste","Apple TV","Apple TV Plus"],"articleSection":"News","inLanguage":"en-US","copyrightYear":"2025","copyrightHolder":{"@id":"https:\/\/www.apfelpatient.de\/en\/#organization"}},{"@type":"WebPage","@id":"https:\/\/www.apfelpatient.de\/news\/waldbraende-in-la-auswirkungen-auf-apple-tv-produktionen","url":"https:\/\/www.apfelpatient.de\/news\/waldbraende-in-la-auswirkungen-auf-apple-tv-produktionen","name":"LA wildfires: Impact on Apple TV+ productions Apfelpatient","isPartOf":{"@id":"https:\/\/www.apfelpatient.de\/#website"},"primaryImageOfPage":{"@id":"https:\/\/www.apfelpatient.de\/news\/waldbraende-in-la-auswirkungen-auf-apple-tv-produktionen#primaryimage"},"image":{"@id":"https:\/\/www.apfelpatient.de\/news\/waldbraende-in-la-auswirkungen-auf-apple-tv-produktionen#primaryimage"},"thumbnailUrl":"https:\/\/www.apfelpatient.de\/wp-content\/uploads\/2025\/01\/Apple-introduces-apple-tv-plus-03252019.jpg","datePublished":"2025-01-10T20:09:18+00:00","dateModified":"2025-10-14T14:00:48+00:00","description":"How the Los Angeles wildfires are stopping Apple TV+ productions and preventing events \u2013 all the details on the effects of the crisis.","breadcrumb":{"@id":"https:\/\/www.apfelpatient.de\/news\/waldbraende-in-la-auswirkungen-auf-apple-tv-produktionen#breadcrumb"},"inLanguage":"en-US","potentialAction":[{"@type":"ReadAction","target":["https:\/\/www.apfelpatient.de\/news\/waldbraende-in-la-auswirkungen-auf-apple-tv-produktionen"]}]},{"@type":"ImageObject","inLanguage":"en-US","@id":"https:\/\/www.apfelpatient.de\/news\/waldbraende-in-la-auswirkungen-auf-apple-tv-produktionen#primaryimage","url":"https:\/\/www.apfelpatient.de\/wp-content\/uploads\/2025\/01\/Apple-introduces-apple-tv-plus-03252019.jpg","contentUrl":"https:\/\/www.apfelpatient.de\/wp-content\/uploads\/2025\/01\/Apple-introduces-apple-tv-plus-03252019.jpg","width":1632,"height":918,"caption":"Bild: Apple"},{"@type":"BreadcrumbList","@id":"https:\/\/www.apfelpatient.de\/news\/waldbraende-in-la-auswirkungen-auf-apple-tv-produktionen#breadcrumb","itemListElement":[{"@type":"ListItem","position":1,"name":"Startseite","item":"https:\/\/www.apfelpatient.de\/"},{"@type":"ListItem","position":2,"name":"Waldbr\u00e4nde in LA: Auswirkungen auf Apple TV+ Produktionen"}]},{"@type":"WebSite","@id":"https:\/\/www.apfelpatient.de\/#website","url":"https:\/\/www.apfelpatient.de\/","name":"apple patient","description":"Everything about Apple!","publisher":{"@type":"Organization","@id":"https:\/\/www.apfelpatient.de\/en\/#organization","name":"Apfelpatient","url":"https:\/\/www.apfelpatient.de\/en\/"},"alternateName":"Apfelpatient","potentialAction":[{"@type":"SearchAction","target":{"@type":"EntryPoint","urlTemplate":"https:\/\/www.apfelpatient.de\/?s={search_term_string}"},"query-input":{"@type":"PropertyValueSpecification","valueRequired":true,"valueName":"search_term_string"}}],"inLanguage":"en-US"},{"@type":["Person","Organization"],"@id":"https:\/\/www.apfelpatient.de\/#\/schema\/person\/7dc56ad6c8e9824b76d2c08d4c140e13","name":"Milan","logo":{"@id":"https:\/\/www.apfelpatient.de\/#\/schema\/person\/image\/"},"description":"Hello and welcome to my technology blog! As a big Apple fan, I report on everything to do with Apple: from the latest news and exciting rumors to helpful tips and tricks and detailed product tests. If you are as enthusiastic about technology as I am, you have come to the right place!","sameAs":["https:\/\/www.facebook.com\/apfelpatientOfficial","https:\/\/www.linkedin.com\/in\/milan-jovicic-42aa0231b"],"url":"https:\/\/www.apfelpatient.de\/en\/author\/apfeladmin"}]}},"_links":{"self":[{"href":"https:\/\/www.apfelpatient.de\/en\/wp-json\/wp\/v2\/posts\/48990","targetHints":{"allow":["GET"]}}],"collection":[{"href":"https:\/\/www.apfelpatient.de\/en\/wp-json\/wp\/v2\/posts"}],"about":[{"href":"https:\/\/www.apfelpatient.de\/en\/wp-json\/wp\/v2\/types\/post"}],"author":[{"embeddable":true,"href":"https:\/\/www.apfelpatient.de\/en\/wp-json\/wp\/v2\/users\/2"}],"replies":[{"embeddable":true,"href":"https:\/\/www.apfelpatient.de\/en\/wp-json\/wp\/v2\/comments?post=48990"}],"version-history":[{"count":0,"href":"https:\/\/www.apfelpatient.de\/en\/wp-json\/wp\/v2\/posts\/48990\/revisions"}],"wp:featuredmedia":[{"embeddable":true,"href":"https:\/\/www.apfelpatient.de\/en\/wp-json\/wp\/v2\/media\/48989"}],"wp:attachment":[{"href":"https:\/\/www.apfelpatient.de\/en\/wp-json\/wp\/v2\/media?parent=48990"}],"wp:term":[{"taxonomy":"category","embeddable":true,"href":"https:\/\/www.apfelpatient.de\/en\/wp-json\/wp\/v2\/categories?post=48990"},{"taxonomy":"post_tag","embeddable":true,"href":"https:\/\/www.apfelpatient.de\/en\/wp-json\/wp\/v2\/tags?post=48990"}],"curies":[{"name":"wp","href":"https:\/\/api.w.org\/{rel}","templated":true}]}}